{"id":28331,"date":"2019-04-10T11:53:40","date_gmt":"2019-04-10T09:53:40","guid":{"rendered":"https:\/\/guineediversite.com\/?p=28331"},"modified":"2019-04-11T10:57:36","modified_gmt":"2019-04-11T08:57:36","slug":"discriminations-au-sein-de-larmee-francaise-le-rapport-parlementaire-qui-fache","status":"publish","type":"post","link":"https:\/\/guineediversite.com\/index.php\/2019\/04\/10\/discriminations-au-sein-de-larmee-francaise-le-rapport-parlementaire-qui-fache\/","title":{"rendered":"Discriminations au sein de l\u2019arm\u00e9e fran\u00e7aise: le rapport parlementaire qui f\u00e2che"},"content":{"rendered":"<p>Sexisme, racisme, homophobie\u2026 Chaque ann\u00e9e, un nombre important de discriminations est encore signal\u00e9 au sein des arm\u00e9es fran\u00e7aises. Des parlementaires r\u00e9clament un meilleur suivi de ces sujets afin de mieux les combattre.<\/p>\n<p>\u00c0 la Commission de la d\u00e9fense nationale et des forces arm\u00e9es de l\u2019Assembl\u00e9e nationale, le ton est mont\u00e9 comme rarement, le 27 mars dernier. Alors que les discussions y sont habituellement calmes, si ce n\u2019est consensuelles, elles ont alors pris une tournure particuli\u00e8rement tendue, comme le montrent\u00a0les images disponibles sur le site de l\u2019Assembl\u00e9e nationale.<\/p>\n<p>\u00ab\u00a0<em>J\u2019h\u00e9site \u00e0 m\u2019exprimer, car certains propos m\u2019ont profond\u00e9ment r\u00e9volt\u00e9e<\/em>\u00a0\u00bb, a expliqu\u00e9 Aude Bono-Vandorme (LaREM). \u00ab\u00a0<em>C\u2019est la premi\u00e8re fois au cours de mes huit ann\u00e9es \u00e0 l\u2019Assembl\u00e9e nationale que je me sens mal \u00e0 l\u2019aise. Je refuse de m\u2019exprimer sur le sujet<\/em>\u00a0\u00bb, a rench\u00e9ri\u00a0Laurent Furst (LR).<\/p>\n<p>\u25ba \u00c0 lire aussi\u00a0:\u00a0D\u00e9fense: la f\u00e9minisation des arm\u00e9es bouscule les coutumes des marines<\/p>\n<p>La cause de cette tension\u00a0:\u00a0un rapport d\u2019information sur \u00ab\u00a0<em>les dispositifs de lutte contre les discriminations au sein des forces arm\u00e9es<\/em>\u00a0\u00bb. Les auteurs, Bastien Lachaud (FI) et Christophe Lejeune (LaREM) y d\u00e9crivent les difficult\u00e9s de l\u2019institution militaire \u00e0 faire face et r\u00e9clament des mesures qui suscitent la pol\u00e9mique\u00a0: f\u00e9minisation des grades, strict respect de la la\u00efcit\u00e9 en interdisant \u00e0 la hi\u00e9rarchie d\u2019utiliser les mails professionnels pour inviter les troupes \u00e0 des messes traditionnelles ou encore la mise en place de rations de combat v\u00e9g\u00e9tariennes, pour ne donner que quelques exemples.<\/p>\n<p>Des discriminations habituelles\u2026<\/p>\n<p>La probl\u00e9matique majeure \u00e9voqu\u00e9e dans ce rapport reste celle des discriminations visant les femmes. Entre 2014 et 2017, elles subissent la grande majorit\u00e9 des cas graves signal\u00e9s de harc\u00e8lements moraux, sexuels, ainsi que de violences sexuelles. Malgr\u00e9 les efforts engag\u00e9s en 2014 par le minist\u00e8re de la D\u00e9fense, le suivi reste partiel.<\/p>\n<p><strong>RFI<\/strong><\/p>\n","protected":false},"excerpt":{"rendered":"<p>Sexisme, racisme, homophobie\u2026 Chaque ann\u00e9e, un nombre important de discriminations est encore signal\u00e9 au sein des arm\u00e9es fran\u00e7aises. Des parlementaires r\u00e9clament un meilleur suivi de ces sujets afin de mieux les combattre. \u00c0 la Commission de la d\u00e9fense nationale et des forces arm\u00e9es de l\u2019Assembl\u00e9e nationale, le ton est mont\u00e9 comme rarement, le 27 mars [&hellip;]<\/p>\n","protected":false},"author":12,"featured_media":28332,"comment_status":"closed","ping_status":"closed","sticky":false,"template":"","format":"standard","meta":{"_exactmetrics_skip_tracking":false,"_exactmetrics_sitenote_active":false,"_exactmetrics_sitenote_note":"","_exactmetrics_sitenote_category":0,"tdm_status":"","tdm_grid_status":"","footnotes":""},"categories":[21],"tags":[],"class_list":{"0":"post-28331","1":"post","2":"type-post","3":"status-publish","4":"format-standard","5":"has-post-thumbnail","7":"category-international"},"yoast_head":"<!-- This site is optimized with the Yoast SEO plugin v24.2 - https:\/\/yoast.com\/wordpress\/plugins\/seo\/ -->\n<title>Discriminations au sein de l\u2019arm\u00e9e fran\u00e7aise: le rapport parlementaire qui f\u00e2che | Guin\u00e9e Diversit\u00e9<\/title>\n<meta name=\"robots\" content=\"index, follow, max-snippet:-1, max-image-preview:large, max-video-preview:-1\" \/>\n<link rel=\"canonical\" href=\"https:\/\/guineediversite.com\/index.php\/2019\/04\/10\/discriminations-au-sein-de-larmee-francaise-le-rapport-parlementaire-qui-fache\/\" \/>\n<meta property=\"og:locale\" content=\"fr_FR\" \/>\n<meta property=\"og:type\" content=\"article\" \/>\n<meta property=\"og:title\" content=\"Discriminations au sein de l\u2019arm\u00e9e fran\u00e7aise: le rapport parlementaire qui f\u00e2che | Guin\u00e9e Diversit\u00e9\" \/>\n<meta property=\"og:description\" content=\"Sexisme, racisme, homophobie\u2026 Chaque ann\u00e9e, un nombre important de discriminations est encore signal\u00e9 au sein des arm\u00e9es fran\u00e7aises. Des parlementaires r\u00e9clament un meilleur suivi de ces sujets afin de mieux les combattre. \u00c0 la Commission de la d\u00e9fense nationale et des forces arm\u00e9es de l\u2019Assembl\u00e9e nationale, le ton est mont\u00e9 comme rarement, le 27 mars [&hellip;]\" \/>\n<meta property=\"og:url\" content=\"https:\/\/guineediversite.com\/index.php\/2019\/04\/10\/discriminations-au-sein-de-larmee-francaise-le-rapport-parlementaire-qui-fache\/\" \/>\n<meta property=\"og:site_name\" content=\"Guin\u00e9e Diversit\u00e9\" \/>\n<meta property=\"article:publisher\" content=\"https:\/\/www.facebook.com\/guineediversite\/\" \/>\n<meta property=\"article:published_time\" content=\"2019-04-10T09:53:40+00:00\" \/>\n<meta property=\"article:modified_time\" content=\"2019-04-11T08:57:36+00:00\" \/>\n<meta property=\"og:image\" content=\"https:\/\/guineediversite.com\/wp-content\/uploads\/2019\/04\/ARMEE-FRANCAISE-870x522.jpg\" \/>\n\t<meta property=\"og:image:width\" content=\"1707\" \/>\n\t<meta property=\"og:image:height\" content=\"1024\" \/>\n\t<meta property=\"og:image:type\" content=\"image\/jpeg\" \/>\n<meta name=\"author\" content=\"Guin\u00e9e Diversit\u00e9\" \/>\n<meta name=\"twitter:card\" content=\"summary_large_image\" \/>\n<meta name=\"twitter:creator\" content=\"@GuineeDiversite\" \/>\n<meta name=\"twitter:site\" content=\"@GuineeDiversite\" \/>\n<meta name=\"twitter:label1\" content=\"\u00c9crit par\" \/>\n\t<meta name=\"twitter:data1\" content=\"Guin\u00e9e Diversit\u00e9\" \/>\n\t<meta name=\"twitter:label2\" content=\"Dur\u00e9e de lecture estim\u00e9e\" \/>\n\t<meta name=\"twitter:data2\" content=\"2 minutes\" \/>\n<script type=\"application\/ld+json\" class=\"yoast-schema-graph\">{\"@context\":\"https:\/\/schema.org\",\"@graph\":[{\"@type\":\"Article\",\"@id\":\"https:\/\/guineediversite.com\/index.php\/2019\/04\/10\/discriminations-au-sein-de-larmee-francaise-le-rapport-parlementaire-qui-fache\/#article\",\"isPartOf\":{\"@id\":\"https:\/\/guineediversite.com\/index.php\/2019\/04\/10\/discriminations-au-sein-de-larmee-francaise-le-rapport-parlementaire-qui-fache\/\"},\"author\":{\"name\":\"Guin\u00e9e Diversit\u00e9\",\"@id\":\"https:\/\/guineediversite.com\/#\/schema\/person\/afa08fb34e7fc6e1feafc892612bc836\"},\"headline\":\"Discriminations au sein de l\u2019arm\u00e9e fran\u00e7aise: le rapport parlementaire qui f\u00e2che\",\"datePublished\":\"2019-04-10T09:53:40+00:00\",\"dateModified\":\"2019-04-11T08:57:36+00:00\",\"mainEntityOfPage\":{\"@id\":\"https:\/\/guineediversite.com\/index.php\/2019\/04\/10\/discriminations-au-sein-de-larmee-francaise-le-rapport-parlementaire-qui-fache\/\"},\"wordCount\":346,\"publisher\":{\"@id\":\"https:\/\/guineediversite.com\/#organization\"},\"image\":{\"@id\":\"https:\/\/guineediversite.com\/index.php\/2019\/04\/10\/discriminations-au-sein-de-larmee-francaise-le-rapport-parlementaire-qui-fache\/#primaryimage\"},\"thumbnailUrl\":\"https:\/\/guineediversite.com\/wp-content\/uploads\/2019\/04\/ARMEE-FRANCAISE-870x522.jpg\",\"articleSection\":[\"International\"],\"inLanguage\":\"fr-FR\"},{\"@type\":\"WebPage\",\"@id\":\"https:\/\/guineediversite.com\/index.php\/2019\/04\/10\/discriminations-au-sein-de-larmee-francaise-le-rapport-parlementaire-qui-fache\/\",\"url\":\"https:\/\/guineediversite.com\/index.php\/2019\/04\/10\/discriminations-au-sein-de-larmee-francaise-le-rapport-parlementaire-qui-fache\/\",\"name\":\"Discriminations au sein de l\u2019arm\u00e9e fran\u00e7aise: le rapport parlementaire qui f\u00e2che | Guin\u00e9e Diversit\u00e9\",\"isPartOf\":{\"@id\":\"https:\/\/guineediversite.com\/#website\"},\"primaryImageOfPage\":{\"@id\":\"https:\/\/guineediversite.com\/index.php\/2019\/04\/10\/discriminations-au-sein-de-larmee-francaise-le-rapport-parlementaire-qui-fache\/#primaryimage\"},\"image\":{\"@id\":\"https:\/\/guineediversite.com\/index.php\/2019\/04\/10\/discriminations-au-sein-de-larmee-francaise-le-rapport-parlementaire-qui-fache\/#primaryimage\"},\"thumbnailUrl\":\"https:\/\/guineediversite.com\/wp-content\/uploads\/2019\/04\/ARMEE-FRANCAISE-870x522.jpg\",\"datePublished\":\"2019-04-10T09:53:40+00:00\",\"dateModified\":\"2019-04-11T08:57:36+00:00\",\"breadcrumb\":{\"@id\":\"https:\/\/guineediversite.com\/index.php\/2019\/04\/10\/discriminations-au-sein-de-larmee-francaise-le-rapport-parlementaire-qui-fache\/#breadcrumb\"},\"inLanguage\":\"fr-FR\",\"potentialAction\":[{\"@type\":\"ReadAction\",\"target\":[\"https:\/\/guineediversite.com\/index.php\/2019\/04\/10\/discriminations-au-sein-de-larmee-francaise-le-rapport-parlementaire-qui-fache\/\"]}]},{\"@type\":\"ImageObject\",\"inLanguage\":\"fr-FR\",\"@id\":\"https:\/\/guineediversite.com\/index.php\/2019\/04\/10\/discriminations-au-sein-de-larmee-francaise-le-rapport-parlementaire-qui-fache\/#primaryimage\",\"url\":\"https:\/\/guineediversite.com\/wp-content\/uploads\/2019\/04\/ARMEE-FRANCAISE-870x522.jpg\",\"contentUrl\":\"https:\/\/guineediversite.com\/wp-content\/uploads\/2019\/04\/ARMEE-FRANCAISE-870x522.jpg\",\"width\":1707,\"height\":1024},{\"@type\":\"BreadcrumbList\",\"@id\":\"https:\/\/guineediversite.com\/index.php\/2019\/04\/10\/discriminations-au-sein-de-larmee-francaise-le-rapport-parlementaire-qui-fache\/#breadcrumb\",\"itemListElement\":[{\"@type\":\"ListItem\",\"position\":1,\"name\":\"Accueil\",\"item\":\"https:\/\/guineediversite.com\/\"},{\"@type\":\"ListItem\",\"position\":2,\"name\":\"Discriminations au sein de l\u2019arm\u00e9e fran\u00e7aise: le rapport parlementaire qui f\u00e2che\"}]},{\"@type\":\"WebSite\",\"@id\":\"https:\/\/guineediversite.com\/#website\",\"url\":\"https:\/\/guineediversite.com\/\",\"name\":\"Guin\u00e9e Diversit\u00e9\",\"description\":\"L&#039;Info dans toute sa diversit\u00e9\",\"publisher\":{\"@id\":\"https:\/\/guineediversite.com\/#organization\"},\"potentialAction\":[{\"@type\":\"SearchAction\",\"target\":{\"@type\":\"EntryPoint\",\"urlTemplate\":\"https:\/\/guineediversite.com\/?s={search_term_string}\"},\"query-input\":{\"@type\":\"PropertyValueSpecification\",\"valueRequired\":true,\"valueName\":\"search_term_string\"}}],\"inLanguage\":\"fr-FR\"},{\"@type\":\"Organization\",\"@id\":\"https:\/\/guineediversite.com\/#organization\",\"name\":\"Guin\u00e9e Diversit\u00e9\",\"url\":\"https:\/\/guineediversite.com\/\",\"logo\":{\"@type\":\"ImageObject\",\"inLanguage\":\"fr-FR\",\"@id\":\"https:\/\/guineediversite.com\/#\/schema\/logo\/image\/\",\"url\":\"https:\/\/guineediversite.com\/wp-content\/uploads\/2017\/04\/cropped-1jojlxEOMkX9Wyqfhe43D6kjPOGqBBKmx3EwWJqZ0cMrFF54yM49.png\",\"contentUrl\":\"https:\/\/guineediversite.com\/wp-content\/uploads\/2017\/04\/cropped-1jojlxEOMkX9Wyqfhe43D6kjPOGqBBKmx3EwWJqZ0cMrFF54yM49.png\",\"width\":186,\"height\":112,\"caption\":\"Guin\u00e9e Diversit\u00e9\"},\"image\":{\"@id\":\"https:\/\/guineediversite.com\/#\/schema\/logo\/image\/\"},\"sameAs\":[\"https:\/\/www.facebook.com\/guineediversite\/\",\"https:\/\/x.com\/GuineeDiversite\",\"https:\/\/www.youtube.com\/channel\/UC8sUY16qelG5ge6_D5SB83g\"]},{\"@type\":\"Person\",\"@id\":\"https:\/\/guineediversite.com\/#\/schema\/person\/afa08fb34e7fc6e1feafc892612bc836\",\"name\":\"Guin\u00e9e Diversit\u00e9\",\"image\":{\"@type\":\"ImageObject\",\"inLanguage\":\"fr-FR\",\"@id\":\"https:\/\/guineediversite.com\/#\/schema\/person\/image\/\",\"url\":\"https:\/\/secure.gravatar.com\/avatar\/50d5eb5b390f8b65ac30ac6f898eb83a?s=96&d=mm&r=g\",\"contentUrl\":\"https:\/\/secure.gravatar.com\/avatar\/50d5eb5b390f8b65ac30ac6f898eb83a?s=96&d=mm&r=g\",\"caption\":\"Guin\u00e9e Diversit\u00e9\"},\"url\":\"https:\/\/guineediversite.com\/index.php\/author\/guineediversite\/\"}]}<\/script>\n<!-- \/ Yoast SEO plugin. -->","yoast_head_json":{"title":"Discriminations au sein de l\u2019arm\u00e9e fran\u00e7aise: le rapport parlementaire qui f\u00e2che | Guin\u00e9e Diversit\u00e9","robots":{"index":"index","follow":"follow","max-snippet":"max-snippet:-1","max-image-preview":"max-image-preview:large","max-video-preview":"max-video-preview:-1"},"canonical":"https:\/\/guineediversite.com\/index.php\/2019\/04\/10\/discriminations-au-sein-de-larmee-francaise-le-rapport-parlementaire-qui-fache\/","og_locale":"fr_FR","og_type":"article","og_title":"Discriminations au sein de l\u2019arm\u00e9e fran\u00e7aise: le rapport parlementaire qui f\u00e2che | Guin\u00e9e Diversit\u00e9","og_description":"Sexisme, racisme, homophobie\u2026 Chaque ann\u00e9e, un nombre important de discriminations est encore signal\u00e9 au sein des arm\u00e9es fran\u00e7aises. Des parlementaires r\u00e9clament un meilleur suivi de ces sujets afin de mieux les combattre. \u00c0 la Commission de la d\u00e9fense nationale et des forces arm\u00e9es de l\u2019Assembl\u00e9e nationale, le ton est mont\u00e9 comme rarement, le 27 mars [&hellip;]","og_url":"https:\/\/guineediversite.com\/index.php\/2019\/04\/10\/discriminations-au-sein-de-larmee-francaise-le-rapport-parlementaire-qui-fache\/","og_site_name":"Guin\u00e9e Diversit\u00e9","article_publisher":"https:\/\/www.facebook.com\/guineediversite\/","article_published_time":"2019-04-10T09:53:40+00:00","article_modified_time":"2019-04-11T08:57:36+00:00","og_image":[{"width":1707,"height":1024,"url":"https:\/\/guineediversite.com\/wp-content\/uploads\/2019\/04\/ARMEE-FRANCAISE-870x522.jpg","type":"image\/jpeg"}],"author":"Guin\u00e9e Diversit\u00e9","twitter_card":"summary_large_image","twitter_creator":"@GuineeDiversite","twitter_site":"@GuineeDiversite","twitter_misc":{"\u00c9crit par":"Guin\u00e9e Diversit\u00e9","Dur\u00e9e de lecture estim\u00e9e":"2 minutes"},"schema":{"@context":"https:\/\/schema.org","@graph":[{"@type":"Article","@id":"https:\/\/guineediversite.com\/index.php\/2019\/04\/10\/discriminations-au-sein-de-larmee-francaise-le-rapport-parlementaire-qui-fache\/#article","isPartOf":{"@id":"https:\/\/guineediversite.com\/index.php\/2019\/04\/10\/discriminations-au-sein-de-larmee-francaise-le-rapport-parlementaire-qui-fache\/"},"author":{"name":"Guin\u00e9e Diversit\u00e9","@id":"https:\/\/guineediversite.com\/#\/schema\/person\/afa08fb34e7fc6e1feafc892612bc836"},"headline":"Discriminations au sein de l\u2019arm\u00e9e fran\u00e7aise: le rapport parlementaire qui f\u00e2che","datePublished":"2019-04-10T09:53:40+00:00","dateModified":"2019-04-11T08:57:36+00:00","mainEntityOfPage":{"@id":"https:\/\/guineediversite.com\/index.php\/2019\/04\/10\/discriminations-au-sein-de-larmee-francaise-le-rapport-parlementaire-qui-fache\/"},"wordCount":346,"publisher":{"@id":"https:\/\/guineediversite.com\/#organization"},"image":{"@id":"https:\/\/guineediversite.com\/index.php\/2019\/04\/10\/discriminations-au-sein-de-larmee-francaise-le-rapport-parlementaire-qui-fache\/#primaryimage"},"thumbnailUrl":"https:\/\/guineediversite.com\/wp-content\/uploads\/2019\/04\/ARMEE-FRANCAISE-870x522.jpg","articleSection":["International"],"inLanguage":"fr-FR"},{"@type":"WebPage","@id":"https:\/\/guineediversite.com\/index.php\/2019\/04\/10\/discriminations-au-sein-de-larmee-francaise-le-rapport-parlementaire-qui-fache\/","url":"https:\/\/guineediversite.com\/index.php\/2019\/04\/10\/discriminations-au-sein-de-larmee-francaise-le-rapport-parlementaire-qui-fache\/","name":"Discriminations au sein de l\u2019arm\u00e9e fran\u00e7aise: le rapport parlementaire qui f\u00e2che | Guin\u00e9e Diversit\u00e9","isPartOf":{"@id":"https:\/\/guineediversite.com\/#website"},"primaryImageOfPage":{"@id":"https:\/\/guineediversite.com\/index.php\/2019\/04\/10\/discriminations-au-sein-de-larmee-francaise-le-rapport-parlementaire-qui-fache\/#primaryimage"},"image":{"@id":"https:\/\/guineediversite.com\/index.php\/2019\/04\/10\/discriminations-au-sein-de-larmee-francaise-le-rapport-parlementaire-qui-fache\/#primaryimage"},"thumbnailUrl":"https:\/\/guineediversite.com\/wp-content\/uploads\/2019\/04\/ARMEE-FRANCAISE-870x522.jpg","datePublished":"2019-04-10T09:53:40+00:00","dateModified":"2019-04-11T08:57:36+00:00","breadcrumb":{"@id":"https:\/\/guineediversite.com\/index.php\/2019\/04\/10\/discriminations-au-sein-de-larmee-francaise-le-rapport-parlementaire-qui-fache\/#breadcrumb"},"inLanguage":"fr-FR","potentialAction":[{"@type":"ReadAction","target":["https:\/\/guineediversite.com\/index.php\/2019\/04\/10\/discriminations-au-sein-de-larmee-francaise-le-rapport-parlementaire-qui-fache\/"]}]},{"@type":"ImageObject","inLanguage":"fr-FR","@id":"https:\/\/guineediversite.com\/index.php\/2019\/04\/10\/discriminations-au-sein-de-larmee-francaise-le-rapport-parlementaire-qui-fache\/#primaryimage","url":"https:\/\/guineediversite.com\/wp-content\/uploads\/2019\/04\/ARMEE-FRANCAISE-870x522.jpg","contentUrl":"https:\/\/guineediversite.com\/wp-content\/uploads\/2019\/04\/ARMEE-FRANCAISE-870x522.jpg","width":1707,"height":1024},{"@type":"BreadcrumbList","@id":"https:\/\/guineediversite.com\/index.php\/2019\/04\/10\/discriminations-au-sein-de-larmee-francaise-le-rapport-parlementaire-qui-fache\/#breadcrumb","itemListElement":[{"@type":"ListItem","position":1,"name":"Accueil","item":"https:\/\/guineediversite.com\/"},{"@type":"ListItem","position":2,"name":"Discriminations au sein de l\u2019arm\u00e9e fran\u00e7aise: le rapport parlementaire qui f\u00e2che"}]},{"@type":"WebSite","@id":"https:\/\/guineediversite.com\/#website","url":"https:\/\/guineediversite.com\/","name":"Guin\u00e9e Diversit\u00e9","description":"L&#039;Info dans toute sa diversit\u00e9","publisher":{"@id":"https:\/\/guineediversite.com\/#organization"},"potentialAction":[{"@type":"SearchAction","target":{"@type":"EntryPoint","urlTemplate":"https:\/\/guineediversite.com\/?s={search_term_string}"},"query-input":{"@type":"PropertyValueSpecification","valueRequired":true,"valueName":"search_term_string"}}],"inLanguage":"fr-FR"},{"@type":"Organization","@id":"https:\/\/guineediversite.com\/#organization","name":"Guin\u00e9e Diversit\u00e9","url":"https:\/\/guineediversite.com\/","logo":{"@type":"ImageObject","inLanguage":"fr-FR","@id":"https:\/\/guineediversite.com\/#\/schema\/logo\/image\/","url":"https:\/\/guineediversite.com\/wp-content\/uploads\/2017\/04\/cropped-1jojlxEOMkX9Wyqfhe43D6kjPOGqBBKmx3EwWJqZ0cMrFF54yM49.png","contentUrl":"https:\/\/guineediversite.com\/wp-content\/uploads\/2017\/04\/cropped-1jojlxEOMkX9Wyqfhe43D6kjPOGqBBKmx3EwWJqZ0cMrFF54yM49.png","width":186,"height":112,"caption":"Guin\u00e9e Diversit\u00e9"},"image":{"@id":"https:\/\/guineediversite.com\/#\/schema\/logo\/image\/"},"sameAs":["https:\/\/www.facebook.com\/guineediversite\/","https:\/\/x.com\/GuineeDiversite","https:\/\/www.youtube.com\/channel\/UC8sUY16qelG5ge6_D5SB83g"]},{"@type":"Person","@id":"https:\/\/guineediversite.com\/#\/schema\/person\/afa08fb34e7fc6e1feafc892612bc836","name":"Guin\u00e9e Diversit\u00e9","image":{"@type":"ImageObject","inLanguage":"fr-FR","@id":"https:\/\/guineediversite.com\/#\/schema\/person\/image\/","url":"https:\/\/secure.gravatar.com\/avatar\/50d5eb5b390f8b65ac30ac6f898eb83a?s=96&d=mm&r=g","contentUrl":"https:\/\/secure.gravatar.com\/avatar\/50d5eb5b390f8b65ac30ac6f898eb83a?s=96&d=mm&r=g","caption":"Guin\u00e9e Diversit\u00e9"},"url":"https:\/\/guineediversite.com\/index.php\/author\/guineediversite\/"}]}},"_links":{"self":[{"href":"https:\/\/guineediversite.com\/index.php\/wp-json\/wp\/v2\/posts\/28331"}],"collection":[{"href":"https:\/\/guineediversite.com\/index.php\/wp-json\/wp\/v2\/posts"}],"about":[{"href":"https:\/\/guineediversite.com\/index.php\/wp-json\/wp\/v2\/types\/post"}],"author":[{"embeddable":true,"href":"https:\/\/guineediversite.com\/index.php\/wp-json\/wp\/v2\/users\/12"}],"replies":[{"embeddable":true,"href":"https:\/\/guineediversite.com\/index.php\/wp-json\/wp\/v2\/comments?post=28331"}],"version-history":[{"count":0,"href":"https:\/\/guineediversite.com\/index.php\/wp-json\/wp\/v2\/posts\/28331\/revisions"}],"wp:featuredmedia":[{"embeddable":true,"href":"https:\/\/guineediversite.com\/index.php\/wp-json\/wp\/v2\/media\/28332"}],"wp:attachment":[{"href":"https:\/\/guineediversite.com\/index.php\/wp-json\/wp\/v2\/media?parent=28331"}],"wp:term":[{"taxonomy":"category","embeddable":true,"href":"https:\/\/guineediversite.com\/index.php\/wp-json\/wp\/v2\/categories?post=28331"},{"taxonomy":"post_tag","embeddable":true,"href":"https:\/\/guineediversite.com\/index.php\/wp-json\/wp\/v2\/tags?post=28331"}],"curies":[{"name":"wp","href":"https:\/\/api.w.org\/{rel}","templated":true}]}}