{"id":28321,"date":"2019-04-09T12:05:27","date_gmt":"2019-04-09T10:05:27","guid":{"rendered":"https:\/\/guineediversite.com\/?p=28321"},"modified":"2019-04-09T12:05:27","modified_gmt":"2019-04-09T10:05:27","slug":"soudan-les-manifestants-appellent-a-des-negociations-avec-larmee","status":"publish","type":"post","link":"https:\/\/guineediversite.com\/index.php\/2019\/04\/09\/soudan-les-manifestants-appellent-a-des-negociations-avec-larmee\/","title":{"rendered":"Soudan: les manifestants appellent \u00e0 des n\u00e9gociations avec l\u2019arm\u00e9e"},"content":{"rendered":"<p><strong>Au Soudan, les manifestants maintiennent la pression. Rassembl\u00e9s depuis trois jours devant le QG de l&rsquo;arm\u00e9e, lundi 8 avril, ils demandent aux militaires des n\u00e9gociations directes en vue de la formation d&rsquo;un gouvernement de transition, pour remplacer le pr\u00e9sident Omar el-B\u00e9chir. La position r\u00e9cente de l&rsquo;arm\u00e9e semble les encourager.<\/strong><\/p>\n<p>Dans un communiqu\u00e9 lu devant plus de 40\u00a0000 personnes rassembl\u00e9es, depuis samedi, sur une place devant le quartier g\u00e9n\u00e9ral de l&rsquo;arm\u00e9e, au centre de Khartoum, une d\u00e9l\u00e9gation de l&rsquo;opposition a r\u00e9it\u00e9r\u00e9 son appel au d\u00e9part du pr\u00e9sident el-B\u00e9chir et de son r\u00e9gime. Fait nouveau lundi\u00a0: le communiqu\u00e9 demande la cr\u00e9ation d&rsquo;un Haut Conseil incluant des repr\u00e9sentants de l&rsquo;arm\u00e9e et des manifestants afin de discuter les formalit\u00e9s de d\u00e9part du chef de l&rsquo;\u00c9tat ainsi que l&rsquo;installation d&rsquo;un gouvernement de transition qui serait charg\u00e9 de faire l&rsquo;int\u00e9rim.<\/p>\n<p>Joint par RFI, le journaliste Chawgui Abdel Azim, pr\u00e9sent sur cette place de Khartoum lundi 8 avril, assure que la situation est tr\u00e8s\u00a0<a href=\"http:\/\/www.rfi.fr\/afrique\/20190408-soudan-accrochage-entre-forces-securite-armee\"><strong>tendue au sein de l&rsquo;arm\u00e9e<\/strong><\/a>\u00a0et que plusieurs unit\u00e9s se sont rebell\u00e9es contre les ordres du ministre. Il t\u00e9moigne de ce rapprochement de certains militaires avec les manifestants.<\/p>\n<p>\u00ab\u00a0<em>Les v\u00e9hicules de l&rsquo;arm\u00e9e bloquent actuellement tous les acc\u00e8s vers le lieu du rassemblement. Les manifestants sont maintenant prot\u00e9g\u00e9s par l&rsquo;arm\u00e9e. Les forces de s\u00e9curit\u00e9 et la milice de soutien rapide ne peuvent plus les frapper ou les disperser. L\u2019arm\u00e9e soudanaise manifeste son soutien aux protestataires en \u00e9changaent, avec eux, les signes de la victoire. Les manifestants portent les officiers sur leurs \u00e9paules et font le tour de la place devant le quartier g\u00e9n\u00e9ral de l\u2019arm\u00e9e, tout en r\u00e9p\u00e9tant les appels au d\u00e9part du r\u00e9gime et du pr\u00e9sident el-B\u00e9chir&#8230; Ils ont install\u00e9 des tentes et des points m\u00e9dicaux sur la place. Le nombre important de manifestants remplit plusieurs avenues menant \u00e0 cette place, au centre de Khartoum. Comme place Tahrir au Caire, les plus jeunes chantent et dansent en r\u00e9p\u00e9tant : \u00ab\u00a0Nous ne rentrerons pas jusqu&rsquo;au d\u00e9part du chef de l&rsquo;\u00c9tat<\/em>\u00a0\u00bb\u00a0\u00bb, a-t-il rapport\u00e9.<\/p>\n<p>Un incident a par ailleurs eu lieu \u00e0 l&rsquo;aube, lundi matin, sur la place du rassemblement. Il a oppos\u00e9 l&rsquo;arm\u00e9e, qui essayait de prot\u00e9ger les manifestants, aux forces de s\u00e9curit\u00e9, qui tentaient de les disperser. Un officier a \u00e9t\u00e9 tu\u00e9.<\/p>\n<p>Dans la soir\u00e9e, le ministre de la D\u00e9fense a indiqu\u00e9 que \u00ab\u00a0<em>les forces arm\u00e9es soudanaises comprennent les motifs des manifestations et ne sont pas contre les demandes et les aspirations des citoyens, mais elles ne laisseront pas le pays sombrer dans le chaos<\/em>\u00a0\u00bb.<\/p>\n<p>Quant au chef d&rsquo;\u00e9tat-major de l&rsquo;arm\u00e9e, il\u00a0 a affirm\u00e9 que celle-ci \u00ab\u00a0<em>continuait d&rsquo;ob\u00e9ir \u00e0 sa responsabilit\u00e9 de prot\u00e9ger les citoyens<\/em>\u00a0\u00bb.<\/p>\n<p><strong>RFI<\/strong><\/p>\n","protected":false},"excerpt":{"rendered":"<p>Au Soudan, les manifestants maintiennent la pression. Rassembl\u00e9s depuis trois jours devant le QG de l&rsquo;arm\u00e9e, lundi 8 avril, ils demandent aux militaires des n\u00e9gociations directes en vue de la formation d&rsquo;un gouvernement de transition, pour remplacer le pr\u00e9sident Omar el-B\u00e9chir. La position r\u00e9cente de l&rsquo;arm\u00e9e semble les encourager. Dans un communiqu\u00e9 lu devant plus [&hellip;]<\/p>\n","protected":false},"author":12,"featured_media":28322,"comment_status":"closed","ping_status":"closed","sticky":false,"template":"","format":"standard","meta":{"_exactmetrics_skip_tracking":false,"_exactmetrics_sitenote_active":false,"_exactmetrics_sitenote_note":"","_exactmetrics_sitenote_category":0,"tdm_status":"","tdm_grid_status":"","footnotes":""},"categories":[21],"tags":[],"class_list":{"0":"post-28321","1":"post","2":"type-post","3":"status-publish","4":"format-standard","5":"has-post-thumbnail","7":"category-international"},"yoast_head":"<!-- This site is optimized with the Yoast SEO plugin v24.2 - https:\/\/yoast.com\/wordpress\/plugins\/seo\/ -->\n<title>Soudan: les manifestants appellent \u00e0 des n\u00e9gociations avec l\u2019arm\u00e9e | Guin\u00e9e Diversit\u00e9<\/title>\n<meta name=\"robots\" content=\"index, follow, max-snippet:-1, max-image-preview:large, max-video-preview:-1\" \/>\n<link rel=\"canonical\" href=\"https:\/\/guineediversite.com\/index.php\/2019\/04\/09\/soudan-les-manifestants-appellent-a-des-negociations-avec-larmee\/\" \/>\n<meta property=\"og:locale\" content=\"fr_FR\" \/>\n<meta property=\"og:type\" content=\"article\" \/>\n<meta property=\"og:title\" content=\"Soudan: les manifestants appellent \u00e0 des n\u00e9gociations avec l\u2019arm\u00e9e | Guin\u00e9e Diversit\u00e9\" \/>\n<meta property=\"og:description\" content=\"Au Soudan, les manifestants maintiennent la pression. Rassembl\u00e9s depuis trois jours devant le QG de l&rsquo;arm\u00e9e, lundi 8 avril, ils demandent aux militaires des n\u00e9gociations directes en vue de la formation d&rsquo;un gouvernement de transition, pour remplacer le pr\u00e9sident Omar el-B\u00e9chir. La position r\u00e9cente de l&rsquo;arm\u00e9e semble les encourager. Dans un communiqu\u00e9 lu devant plus [&hellip;]\" \/>\n<meta property=\"og:url\" content=\"https:\/\/guineediversite.com\/index.php\/2019\/04\/09\/soudan-les-manifestants-appellent-a-des-negociations-avec-larmee\/\" \/>\n<meta property=\"og:site_name\" content=\"Guin\u00e9e Diversit\u00e9\" \/>\n<meta property=\"article:publisher\" content=\"https:\/\/www.facebook.com\/guineediversite\/\" \/>\n<meta property=\"article:published_time\" content=\"2019-04-09T10:05:27+00:00\" \/>\n<meta property=\"og:image\" content=\"https:\/\/guineediversite.com\/wp-content\/uploads\/2019\/04\/2019-04-06t175439z_1234223004_rc18b54b0100_rtrmadp_3_sudan-protests_0.jpg\" \/>\n\t<meta property=\"og:image:width\" content=\"1024\" \/>\n\t<meta property=\"og:image:height\" content=\"578\" \/>\n\t<meta property=\"og:image:type\" content=\"image\/jpeg\" \/>\n<meta name=\"author\" content=\"Guin\u00e9e Diversit\u00e9\" \/>\n<meta name=\"twitter:card\" content=\"summary_large_image\" \/>\n<meta name=\"twitter:creator\" content=\"@GuineeDiversite\" \/>\n<meta name=\"twitter:site\" content=\"@GuineeDiversite\" \/>\n<meta name=\"twitter:label1\" content=\"\u00c9crit par\" \/>\n\t<meta name=\"twitter:data1\" content=\"Guin\u00e9e Diversit\u00e9\" \/>\n\t<meta name=\"twitter:label2\" content=\"Dur\u00e9e de lecture estim\u00e9e\" \/>\n\t<meta name=\"twitter:data2\" content=\"2 minutes\" \/>\n<script type=\"application\/ld+json\" class=\"yoast-schema-graph\">{\"@context\":\"https:\/\/schema.org\",\"@graph\":[{\"@type\":\"Article\",\"@id\":\"https:\/\/guineediversite.com\/index.php\/2019\/04\/09\/soudan-les-manifestants-appellent-a-des-negociations-avec-larmee\/#article\",\"isPartOf\":{\"@id\":\"https:\/\/guineediversite.com\/index.php\/2019\/04\/09\/soudan-les-manifestants-appellent-a-des-negociations-avec-larmee\/\"},\"author\":{\"name\":\"Guin\u00e9e Diversit\u00e9\",\"@id\":\"https:\/\/guineediversite.com\/#\/schema\/person\/afa08fb34e7fc6e1feafc892612bc836\"},\"headline\":\"Soudan: les manifestants appellent \u00e0 des n\u00e9gociations avec l\u2019arm\u00e9e\",\"datePublished\":\"2019-04-09T10:05:27+00:00\",\"dateModified\":\"2019-04-09T10:05:27+00:00\",\"mainEntityOfPage\":{\"@id\":\"https:\/\/guineediversite.com\/index.php\/2019\/04\/09\/soudan-les-manifestants-appellent-a-des-negociations-avec-larmee\/\"},\"wordCount\":520,\"publisher\":{\"@id\":\"https:\/\/guineediversite.com\/#organization\"},\"image\":{\"@id\":\"https:\/\/guineediversite.com\/index.php\/2019\/04\/09\/soudan-les-manifestants-appellent-a-des-negociations-avec-larmee\/#primaryimage\"},\"thumbnailUrl\":\"https:\/\/guineediversite.com\/wp-content\/uploads\/2019\/04\/2019-04-06t175439z_1234223004_rc18b54b0100_rtrmadp_3_sudan-protests_0.jpg\",\"articleSection\":[\"International\"],\"inLanguage\":\"fr-FR\"},{\"@type\":\"WebPage\",\"@id\":\"https:\/\/guineediversite.com\/index.php\/2019\/04\/09\/soudan-les-manifestants-appellent-a-des-negociations-avec-larmee\/\",\"url\":\"https:\/\/guineediversite.com\/index.php\/2019\/04\/09\/soudan-les-manifestants-appellent-a-des-negociations-avec-larmee\/\",\"name\":\"Soudan: les manifestants appellent \u00e0 des n\u00e9gociations avec l\u2019arm\u00e9e | Guin\u00e9e Diversit\u00e9\",\"isPartOf\":{\"@id\":\"https:\/\/guineediversite.com\/#website\"},\"primaryImageOfPage\":{\"@id\":\"https:\/\/guineediversite.com\/index.php\/2019\/04\/09\/soudan-les-manifestants-appellent-a-des-negociations-avec-larmee\/#primaryimage\"},\"image\":{\"@id\":\"https:\/\/guineediversite.com\/index.php\/2019\/04\/09\/soudan-les-manifestants-appellent-a-des-negociations-avec-larmee\/#primaryimage\"},\"thumbnailUrl\":\"https:\/\/guineediversite.com\/wp-content\/uploads\/2019\/04\/2019-04-06t175439z_1234223004_rc18b54b0100_rtrmadp_3_sudan-protests_0.jpg\",\"datePublished\":\"2019-04-09T10:05:27+00:00\",\"dateModified\":\"2019-04-09T10:05:27+00:00\",\"breadcrumb\":{\"@id\":\"https:\/\/guineediversite.com\/index.php\/2019\/04\/09\/soudan-les-manifestants-appellent-a-des-negociations-avec-larmee\/#breadcrumb\"},\"inLanguage\":\"fr-FR\",\"potentialAction\":[{\"@type\":\"ReadAction\",\"target\":[\"https:\/\/guineediversite.com\/index.php\/2019\/04\/09\/soudan-les-manifestants-appellent-a-des-negociations-avec-larmee\/\"]}]},{\"@type\":\"ImageObject\",\"inLanguage\":\"fr-FR\",\"@id\":\"https:\/\/guineediversite.com\/index.php\/2019\/04\/09\/soudan-les-manifestants-appellent-a-des-negociations-avec-larmee\/#primaryimage\",\"url\":\"https:\/\/guineediversite.com\/wp-content\/uploads\/2019\/04\/2019-04-06t175439z_1234223004_rc18b54b0100_rtrmadp_3_sudan-protests_0.jpg\",\"contentUrl\":\"https:\/\/guineediversite.com\/wp-content\/uploads\/2019\/04\/2019-04-06t175439z_1234223004_rc18b54b0100_rtrmadp_3_sudan-protests_0.jpg\",\"width\":1024,\"height\":578},{\"@type\":\"BreadcrumbList\",\"@id\":\"https:\/\/guineediversite.com\/index.php\/2019\/04\/09\/soudan-les-manifestants-appellent-a-des-negociations-avec-larmee\/#breadcrumb\",\"itemListElement\":[{\"@type\":\"ListItem\",\"position\":1,\"name\":\"Accueil\",\"item\":\"https:\/\/guineediversite.com\/\"},{\"@type\":\"ListItem\",\"position\":2,\"name\":\"Soudan: les manifestants appellent \u00e0 des n\u00e9gociations avec l\u2019arm\u00e9e\"}]},{\"@type\":\"WebSite\",\"@id\":\"https:\/\/guineediversite.com\/#website\",\"url\":\"https:\/\/guineediversite.com\/\",\"name\":\"Guin\u00e9e Diversit\u00e9\",\"description\":\"L&#039;Info dans toute sa diversit\u00e9\",\"publisher\":{\"@id\":\"https:\/\/guineediversite.com\/#organization\"},\"potentialAction\":[{\"@type\":\"SearchAction\",\"target\":{\"@type\":\"EntryPoint\",\"urlTemplate\":\"https:\/\/guineediversite.com\/?s={search_term_string}\"},\"query-input\":{\"@type\":\"PropertyValueSpecification\",\"valueRequired\":true,\"valueName\":\"search_term_string\"}}],\"inLanguage\":\"fr-FR\"},{\"@type\":\"Organization\",\"@id\":\"https:\/\/guineediversite.com\/#organization\",\"name\":\"Guin\u00e9e Diversit\u00e9\",\"url\":\"https:\/\/guineediversite.com\/\",\"logo\":{\"@type\":\"ImageObject\",\"inLanguage\":\"fr-FR\",\"@id\":\"https:\/\/guineediversite.com\/#\/schema\/logo\/image\/\",\"url\":\"https:\/\/guineediversite.com\/wp-content\/uploads\/2017\/04\/cropped-1jojlxEOMkX9Wyqfhe43D6kjPOGqBBKmx3EwWJqZ0cMrFF54yM49.png\",\"contentUrl\":\"https:\/\/guineediversite.com\/wp-content\/uploads\/2017\/04\/cropped-1jojlxEOMkX9Wyqfhe43D6kjPOGqBBKmx3EwWJqZ0cMrFF54yM49.png\",\"width\":186,\"height\":112,\"caption\":\"Guin\u00e9e Diversit\u00e9\"},\"image\":{\"@id\":\"https:\/\/guineediversite.com\/#\/schema\/logo\/image\/\"},\"sameAs\":[\"https:\/\/www.facebook.com\/guineediversite\/\",\"https:\/\/x.com\/GuineeDiversite\",\"https:\/\/www.youtube.com\/channel\/UC8sUY16qelG5ge6_D5SB83g\"]},{\"@type\":\"Person\",\"@id\":\"https:\/\/guineediversite.com\/#\/schema\/person\/afa08fb34e7fc6e1feafc892612bc836\",\"name\":\"Guin\u00e9e Diversit\u00e9\",\"image\":{\"@type\":\"ImageObject\",\"inLanguage\":\"fr-FR\",\"@id\":\"https:\/\/guineediversite.com\/#\/schema\/person\/image\/\",\"url\":\"https:\/\/secure.gravatar.com\/avatar\/50d5eb5b390f8b65ac30ac6f898eb83a?s=96&d=mm&r=g\",\"contentUrl\":\"https:\/\/secure.gravatar.com\/avatar\/50d5eb5b390f8b65ac30ac6f898eb83a?s=96&d=mm&r=g\",\"caption\":\"Guin\u00e9e Diversit\u00e9\"},\"url\":\"https:\/\/guineediversite.com\/index.php\/author\/guineediversite\/\"}]}<\/script>\n<!-- \/ Yoast SEO plugin. -->","yoast_head_json":{"title":"Soudan: les manifestants appellent \u00e0 des n\u00e9gociations avec l\u2019arm\u00e9e | Guin\u00e9e Diversit\u00e9","robots":{"index":"index","follow":"follow","max-snippet":"max-snippet:-1","max-image-preview":"max-image-preview:large","max-video-preview":"max-video-preview:-1"},"canonical":"https:\/\/guineediversite.com\/index.php\/2019\/04\/09\/soudan-les-manifestants-appellent-a-des-negociations-avec-larmee\/","og_locale":"fr_FR","og_type":"article","og_title":"Soudan: les manifestants appellent \u00e0 des n\u00e9gociations avec l\u2019arm\u00e9e | Guin\u00e9e Diversit\u00e9","og_description":"Au Soudan, les manifestants maintiennent la pression. Rassembl\u00e9s depuis trois jours devant le QG de l&rsquo;arm\u00e9e, lundi 8 avril, ils demandent aux militaires des n\u00e9gociations directes en vue de la formation d&rsquo;un gouvernement de transition, pour remplacer le pr\u00e9sident Omar el-B\u00e9chir. La position r\u00e9cente de l&rsquo;arm\u00e9e semble les encourager. Dans un communiqu\u00e9 lu devant plus [&hellip;]","og_url":"https:\/\/guineediversite.com\/index.php\/2019\/04\/09\/soudan-les-manifestants-appellent-a-des-negociations-avec-larmee\/","og_site_name":"Guin\u00e9e Diversit\u00e9","article_publisher":"https:\/\/www.facebook.com\/guineediversite\/","article_published_time":"2019-04-09T10:05:27+00:00","og_image":[{"width":1024,"height":578,"url":"https:\/\/guineediversite.com\/wp-content\/uploads\/2019\/04\/2019-04-06t175439z_1234223004_rc18b54b0100_rtrmadp_3_sudan-protests_0.jpg","type":"image\/jpeg"}],"author":"Guin\u00e9e Diversit\u00e9","twitter_card":"summary_large_image","twitter_creator":"@GuineeDiversite","twitter_site":"@GuineeDiversite","twitter_misc":{"\u00c9crit par":"Guin\u00e9e Diversit\u00e9","Dur\u00e9e de lecture estim\u00e9e":"2 minutes"},"schema":{"@context":"https:\/\/schema.org","@graph":[{"@type":"Article","@id":"https:\/\/guineediversite.com\/index.php\/2019\/04\/09\/soudan-les-manifestants-appellent-a-des-negociations-avec-larmee\/#article","isPartOf":{"@id":"https:\/\/guineediversite.com\/index.php\/2019\/04\/09\/soudan-les-manifestants-appellent-a-des-negociations-avec-larmee\/"},"author":{"name":"Guin\u00e9e Diversit\u00e9","@id":"https:\/\/guineediversite.com\/#\/schema\/person\/afa08fb34e7fc6e1feafc892612bc836"},"headline":"Soudan: les manifestants appellent \u00e0 des n\u00e9gociations avec l\u2019arm\u00e9e","datePublished":"2019-04-09T10:05:27+00:00","dateModified":"2019-04-09T10:05:27+00:00","mainEntityOfPage":{"@id":"https:\/\/guineediversite.com\/index.php\/2019\/04\/09\/soudan-les-manifestants-appellent-a-des-negociations-avec-larmee\/"},"wordCount":520,"publisher":{"@id":"https:\/\/guineediversite.com\/#organization"},"image":{"@id":"https:\/\/guineediversite.com\/index.php\/2019\/04\/09\/soudan-les-manifestants-appellent-a-des-negociations-avec-larmee\/#primaryimage"},"thumbnailUrl":"https:\/\/guineediversite.com\/wp-content\/uploads\/2019\/04\/2019-04-06t175439z_1234223004_rc18b54b0100_rtrmadp_3_sudan-protests_0.jpg","articleSection":["International"],"inLanguage":"fr-FR"},{"@type":"WebPage","@id":"https:\/\/guineediversite.com\/index.php\/2019\/04\/09\/soudan-les-manifestants-appellent-a-des-negociations-avec-larmee\/","url":"https:\/\/guineediversite.com\/index.php\/2019\/04\/09\/soudan-les-manifestants-appellent-a-des-negociations-avec-larmee\/","name":"Soudan: les manifestants appellent \u00e0 des n\u00e9gociations avec l\u2019arm\u00e9e | Guin\u00e9e Diversit\u00e9","isPartOf":{"@id":"https:\/\/guineediversite.com\/#website"},"primaryImageOfPage":{"@id":"https:\/\/guineediversite.com\/index.php\/2019\/04\/09\/soudan-les-manifestants-appellent-a-des-negociations-avec-larmee\/#primaryimage"},"image":{"@id":"https:\/\/guineediversite.com\/index.php\/2019\/04\/09\/soudan-les-manifestants-appellent-a-des-negociations-avec-larmee\/#primaryimage"},"thumbnailUrl":"https:\/\/guineediversite.com\/wp-content\/uploads\/2019\/04\/2019-04-06t175439z_1234223004_rc18b54b0100_rtrmadp_3_sudan-protests_0.jpg","datePublished":"2019-04-09T10:05:27+00:00","dateModified":"2019-04-09T10:05:27+00:00","breadcrumb":{"@id":"https:\/\/guineediversite.com\/index.php\/2019\/04\/09\/soudan-les-manifestants-appellent-a-des-negociations-avec-larmee\/#breadcrumb"},"inLanguage":"fr-FR","potentialAction":[{"@type":"ReadAction","target":["https:\/\/guineediversite.com\/index.php\/2019\/04\/09\/soudan-les-manifestants-appellent-a-des-negociations-avec-larmee\/"]}]},{"@type":"ImageObject","inLanguage":"fr-FR","@id":"https:\/\/guineediversite.com\/index.php\/2019\/04\/09\/soudan-les-manifestants-appellent-a-des-negociations-avec-larmee\/#primaryimage","url":"https:\/\/guineediversite.com\/wp-content\/uploads\/2019\/04\/2019-04-06t175439z_1234223004_rc18b54b0100_rtrmadp_3_sudan-protests_0.jpg","contentUrl":"https:\/\/guineediversite.com\/wp-content\/uploads\/2019\/04\/2019-04-06t175439z_1234223004_rc18b54b0100_rtrmadp_3_sudan-protests_0.jpg","width":1024,"height":578},{"@type":"BreadcrumbList","@id":"https:\/\/guineediversite.com\/index.php\/2019\/04\/09\/soudan-les-manifestants-appellent-a-des-negociations-avec-larmee\/#breadcrumb","itemListElement":[{"@type":"ListItem","position":1,"name":"Accueil","item":"https:\/\/guineediversite.com\/"},{"@type":"ListItem","position":2,"name":"Soudan: les manifestants appellent \u00e0 des n\u00e9gociations avec l\u2019arm\u00e9e"}]},{"@type":"WebSite","@id":"https:\/\/guineediversite.com\/#website","url":"https:\/\/guineediversite.com\/","name":"Guin\u00e9e Diversit\u00e9","description":"L&#039;Info dans toute sa diversit\u00e9","publisher":{"@id":"https:\/\/guineediversite.com\/#organization"},"potentialAction":[{"@type":"SearchAction","target":{"@type":"EntryPoint","urlTemplate":"https:\/\/guineediversite.com\/?s={search_term_string}"},"query-input":{"@type":"PropertyValueSpecification","valueRequired":true,"valueName":"search_term_string"}}],"inLanguage":"fr-FR"},{"@type":"Organization","@id":"https:\/\/guineediversite.com\/#organization","name":"Guin\u00e9e Diversit\u00e9","url":"https:\/\/guineediversite.com\/","logo":{"@type":"ImageObject","inLanguage":"fr-FR","@id":"https:\/\/guineediversite.com\/#\/schema\/logo\/image\/","url":"https:\/\/guineediversite.com\/wp-content\/uploads\/2017\/04\/cropped-1jojlxEOMkX9Wyqfhe43D6kjPOGqBBKmx3EwWJqZ0cMrFF54yM49.png","contentUrl":"https:\/\/guineediversite.com\/wp-content\/uploads\/2017\/04\/cropped-1jojlxEOMkX9Wyqfhe43D6kjPOGqBBKmx3EwWJqZ0cMrFF54yM49.png","width":186,"height":112,"caption":"Guin\u00e9e Diversit\u00e9"},"image":{"@id":"https:\/\/guineediversite.com\/#\/schema\/logo\/image\/"},"sameAs":["https:\/\/www.facebook.com\/guineediversite\/","https:\/\/x.com\/GuineeDiversite","https:\/\/www.youtube.com\/channel\/UC8sUY16qelG5ge6_D5SB83g"]},{"@type":"Person","@id":"https:\/\/guineediversite.com\/#\/schema\/person\/afa08fb34e7fc6e1feafc892612bc836","name":"Guin\u00e9e Diversit\u00e9","image":{"@type":"ImageObject","inLanguage":"fr-FR","@id":"https:\/\/guineediversite.com\/#\/schema\/person\/image\/","url":"https:\/\/secure.gravatar.com\/avatar\/50d5eb5b390f8b65ac30ac6f898eb83a?s=96&d=mm&r=g","contentUrl":"https:\/\/secure.gravatar.com\/avatar\/50d5eb5b390f8b65ac30ac6f898eb83a?s=96&d=mm&r=g","caption":"Guin\u00e9e Diversit\u00e9"},"url":"https:\/\/guineediversite.com\/index.php\/author\/guineediversite\/"}]}},"_links":{"self":[{"href":"https:\/\/guineediversite.com\/index.php\/wp-json\/wp\/v2\/posts\/28321"}],"collection":[{"href":"https:\/\/guineediversite.com\/index.php\/wp-json\/wp\/v2\/posts"}],"about":[{"href":"https:\/\/guineediversite.com\/index.php\/wp-json\/wp\/v2\/types\/post"}],"author":[{"embeddable":true,"href":"https:\/\/guineediversite.com\/index.php\/wp-json\/wp\/v2\/users\/12"}],"replies":[{"embeddable":true,"href":"https:\/\/guineediversite.com\/index.php\/wp-json\/wp\/v2\/comments?post=28321"}],"version-history":[{"count":0,"href":"https:\/\/guineediversite.com\/index.php\/wp-json\/wp\/v2\/posts\/28321\/revisions"}],"wp:featuredmedia":[{"embeddable":true,"href":"https:\/\/guineediversite.com\/index.php\/wp-json\/wp\/v2\/media\/28322"}],"wp:attachment":[{"href":"https:\/\/guineediversite.com\/index.php\/wp-json\/wp\/v2\/media?parent=28321"}],"wp:term":[{"taxonomy":"category","embeddable":true,"href":"https:\/\/guineediversite.com\/index.php\/wp-json\/wp\/v2\/categories?post=28321"},{"taxonomy":"post_tag","embeddable":true,"href":"https:\/\/guineediversite.com\/index.php\/wp-json\/wp\/v2\/tags?post=28321"}],"curies":[{"name":"wp","href":"https:\/\/api.w.org\/{rel}","templated":true}]}}