{"id":28318,"date":"2019-04-08T22:38:32","date_gmt":"2019-04-08T20:38:32","guid":{"rendered":"https:\/\/guineediversite.com\/?p=28318"},"modified":"2019-04-08T22:38:32","modified_gmt":"2019-04-08T20:38:32","slug":"soudan-accrochage-entre-les-forces-de-securite-et-larmee","status":"publish","type":"post","link":"https:\/\/guineediversite.com\/index.php\/2019\/04\/08\/soudan-accrochage-entre-les-forces-de-securite-et-larmee\/","title":{"rendered":"Soudan: accrochage entre les forces de s\u00e9curit\u00e9 et l&rsquo;arm\u00e9e"},"content":{"rendered":"<p><strong>Au Soudan, l&rsquo;arm\u00e9e n&rsquo;\u00e9tait pas intervenue depuis le d\u00e9but de la contestation, le 19 d\u00e9cembre dernier. Une mobilisation qui a pris de l&rsquo;ampleur ce week-end. En effet, cela fait trois jours que des manifestants occupent une place \u00e0 Khartoum pour r\u00e9clamer le d\u00e9part du pr\u00e9sident Omar el-B\u00e9chir, et ce, malgr\u00e9 l\u2019\u00e9tat d\u2019urgence. Ce lundi matin, pour la premi\u00e8re fois, un accrochage a eu lieu entre les forces de s\u00e9curit\u00e9, qui cherchaient \u00e0 disperser les manifestants, et l&rsquo;arm\u00e9e soudanaise. Depuis samedi 6 avril, sept manifestants sont morts, six dans l&rsquo;Etat de Khartoum et un dans le centre du Darfour, selon le ministre de l&rsquo;Int\u00e9rieur, Bushara Juma qui a par ailleurs annonc\u00e9 l&rsquo;arrestation, samedi, de pr\u00e8s de 2 500 manifestants.<\/strong><\/p>\n<p>Selon plusieurs t\u00e9moins, l&rsquo;incident a eu lieu \u00e0 l&rsquo;aube ce lundi 8 avril. Il a oppos\u00e9 des militaires soudanais qui essayaient de prot\u00e9ger des manifestants \u00e0 des \u00e9l\u00e9ments des forces de s\u00e9curit\u00e9 qui tentaient de disperser les contestataires rassembl\u00e9s\u00a0<strong><a href=\"http:\/\/www.rfi.fr\/afrique\/20190407-soudan-manifestation-siege-armee-khartoum-faisel-saleh-laurent-marchal\">devant le quartier g\u00e9n\u00e9ral de l&rsquo;arm\u00e9e.\u00a0<\/a><\/strong>Ce lieu, non loin du palais pr\u00e9sidentiel, est occup\u00e9 depuis samedi par les manifestants, qui y ont plant\u00e9 des tentes. Depuis dimanche, l\u2019arm\u00e9e s&rsquo;est d\u00e9ploy\u00e9e autour de ce complexe militaire.<\/p>\n<p>La question est de savoir, d\u00e9sormais, si elle a clairement d\u00e9cid\u00e9 de prendre position pour les manifestants. C&rsquo;est ce que semblent rapporter plusieurs t\u00e9moignages et c&rsquo;est d\u2019ailleurs ce que demandent les contestataires depuis le d\u00e9but de leur mouvement. Difficile n\u00e9anmoins de savoir ce qui se joue actuellement, mais on sait que le pr\u00e9sident Omar el-B\u00e9chir a proc\u00e9d\u00e9, il y a quelques jours, \u00e0 de nombreux changements \u00e0 la t\u00eate de l&rsquo;arm\u00e9e pour y nommer ses fid\u00e8les.<\/p>\n<p><strong>\u00ab<\/strong>\u00a0<strong><em>\u00c9couter les r\u00e9clamations des manifestants<\/em><\/strong>\u00a0<strong>\u00bb<\/strong><\/p>\n<p>L&rsquo;incident de ce matin refl\u00e8te peut-\u00eatre des d\u00e9saccords entre l&rsquo;arm\u00e9e et les forces de s\u00e9curit\u00e9. Il fait en tous les cas suite \u00e0 un positionnement clair et nouveau du Conseil militaire et s\u00e9curitaire national. Suite \u00e0 sa r\u00e9union avec\u00a0<a href=\"http:\/\/www.rfi.fr\/afrique\/20190401-soudan-pleine-crise-parti-pouvoir-reporte-congres-national\"><strong>Omar el-B\u00e9chir<\/strong><\/a>, cette instance a insist\u00e9 hier sur la n\u00e9cessit\u00e9 \u00ab\u00a0<em>d&rsquo;\u00e9couter les r\u00e9clamations des manifestants<\/em>\u00a0\u00bb.<\/p>\n<p>Ce matin, sur le terrain, les tirs \u00e0 balles r\u00e9elles ont fait deux morts, dont un militaire, un officier. Selon le comit\u00e9 central des m\u00e9decins soudanais, cinq personnes ont \u00e9t\u00e9 tu\u00e9es depuis samedi. L&rsquo;h\u00f4pital Grand Royal a lanc\u00e9 un appel au renfort de m\u00e9decins.<\/p>\n<p>Sur la situation \u00e0 Khartoum, peu d&rsquo;informations filtrent. L&rsquo;\u00e9lectricit\u00e9 est totalement coup\u00e9e et il n\u2019y a pas d&rsquo;internet. La ville est ferm\u00e9e. Les forces de s\u00e9curit\u00e9 multiplient les barrages pour emp\u00eacher d&rsquo;autres protestataires d&rsquo;atteindre le lieu de rassemblement.<\/p>\n<p>A la mi-journ\u00e9e, les forces de l&rsquo;opposition signataires de l&rsquo;annonce dite de \u00ab\u00a0La libert\u00e9 et du changement\u00a0\u00bb ont d\u00e9clar\u00e9 le gouvernement ill\u00e9gal. Ce gouvernement a \u00e9t\u00e9 nomm\u00e9 en mars 2019 pour r\u00e9soudre la crise \u00e9conomique et la crise politique. Il est dirig\u00e9 par Mohamed Taher Ayala. Les forces de l&rsquo;opposition ont demand\u00e9 une nouvelle fois au pr\u00e9sident et \u00e0 son r\u00e9gime de partir. Enfin, ils ont appel\u00e9 au peuple soudanais \u00e0 des rassemblements devant toutes les bases militaires partout dans le pays.<\/p>\n<p><strong>RFI<\/strong><\/p>\n","protected":false},"excerpt":{"rendered":"<p>Au Soudan, l&rsquo;arm\u00e9e n&rsquo;\u00e9tait pas intervenue depuis le d\u00e9but de la contestation, le 19 d\u00e9cembre dernier. Une mobilisation qui a pris de l&rsquo;ampleur ce week-end. En effet, cela fait trois jours que des manifestants occupent une place \u00e0 Khartoum pour r\u00e9clamer le d\u00e9part du pr\u00e9sident Omar el-B\u00e9chir, et ce, malgr\u00e9 l\u2019\u00e9tat d\u2019urgence. Ce lundi matin, [&hellip;]<\/p>\n","protected":false},"author":12,"featured_media":28319,"comment_status":"closed","ping_status":"closed","sticky":false,"template":"","format":"standard","meta":{"_exactmetrics_skip_tracking":false,"_exactmetrics_sitenote_active":false,"_exactmetrics_sitenote_note":"","_exactmetrics_sitenote_category":0,"tdm_status":"","tdm_grid_status":"","footnotes":""},"categories":[21],"tags":[],"class_list":{"0":"post-28318","1":"post","2":"type-post","3":"status-publish","4":"format-standard","5":"has-post-thumbnail","7":"category-international"},"yoast_head":"<!-- This site is optimized with the Yoast SEO plugin v24.2 - https:\/\/yoast.com\/wordpress\/plugins\/seo\/ -->\n<title>Soudan: accrochage entre les forces de s\u00e9curit\u00e9 et l&#039;arm\u00e9e | Guin\u00e9e Diversit\u00e9<\/title>\n<meta name=\"robots\" content=\"index, follow, max-snippet:-1, max-image-preview:large, max-video-preview:-1\" \/>\n<link rel=\"canonical\" href=\"https:\/\/guineediversite.com\/index.php\/2019\/04\/08\/soudan-accrochage-entre-les-forces-de-securite-et-larmee\/\" \/>\n<meta property=\"og:locale\" content=\"fr_FR\" \/>\n<meta property=\"og:type\" content=\"article\" \/>\n<meta property=\"og:title\" content=\"Soudan: accrochage entre les forces de s\u00e9curit\u00e9 et l&#039;arm\u00e9e | Guin\u00e9e Diversit\u00e9\" \/>\n<meta property=\"og:description\" content=\"Au Soudan, l&rsquo;arm\u00e9e n&rsquo;\u00e9tait pas intervenue depuis le d\u00e9but de la contestation, le 19 d\u00e9cembre dernier. Une mobilisation qui a pris de l&rsquo;ampleur ce week-end. En effet, cela fait trois jours que des manifestants occupent une place \u00e0 Khartoum pour r\u00e9clamer le d\u00e9part du pr\u00e9sident Omar el-B\u00e9chir, et ce, malgr\u00e9 l\u2019\u00e9tat d\u2019urgence. Ce lundi matin, [&hellip;]\" \/>\n<meta property=\"og:url\" content=\"https:\/\/guineediversite.com\/index.php\/2019\/04\/08\/soudan-accrochage-entre-les-forces-de-securite-et-larmee\/\" \/>\n<meta property=\"og:site_name\" content=\"Guin\u00e9e Diversit\u00e9\" \/>\n<meta property=\"article:publisher\" content=\"https:\/\/www.facebook.com\/guineediversite\/\" \/>\n<meta property=\"article:published_time\" content=\"2019-04-08T20:38:32+00:00\" \/>\n<meta property=\"og:image\" content=\"https:\/\/guineediversite.com\/wp-content\/uploads\/2019\/04\/SOUDAN.jpg\" \/>\n\t<meta property=\"og:image:width\" content=\"1024\" \/>\n\t<meta property=\"og:image:height\" content=\"578\" \/>\n\t<meta property=\"og:image:type\" content=\"image\/jpeg\" \/>\n<meta name=\"author\" content=\"Guin\u00e9e Diversit\u00e9\" \/>\n<meta name=\"twitter:card\" content=\"summary_large_image\" \/>\n<meta name=\"twitter:creator\" content=\"@GuineeDiversite\" \/>\n<meta name=\"twitter:site\" content=\"@GuineeDiversite\" \/>\n<meta name=\"twitter:label1\" content=\"\u00c9crit par\" \/>\n\t<meta name=\"twitter:data1\" content=\"Guin\u00e9e Diversit\u00e9\" \/>\n\t<meta name=\"twitter:label2\" content=\"Dur\u00e9e de lecture estim\u00e9e\" \/>\n\t<meta name=\"twitter:data2\" content=\"3 minutes\" \/>\n<script type=\"application\/ld+json\" class=\"yoast-schema-graph\">{\"@context\":\"https:\/\/schema.org\",\"@graph\":[{\"@type\":\"Article\",\"@id\":\"https:\/\/guineediversite.com\/index.php\/2019\/04\/08\/soudan-accrochage-entre-les-forces-de-securite-et-larmee\/#article\",\"isPartOf\":{\"@id\":\"https:\/\/guineediversite.com\/index.php\/2019\/04\/08\/soudan-accrochage-entre-les-forces-de-securite-et-larmee\/\"},\"author\":{\"name\":\"Guin\u00e9e Diversit\u00e9\",\"@id\":\"https:\/\/guineediversite.com\/#\/schema\/person\/afa08fb34e7fc6e1feafc892612bc836\"},\"headline\":\"Soudan: accrochage entre les forces de s\u00e9curit\u00e9 et l&rsquo;arm\u00e9e\",\"datePublished\":\"2019-04-08T20:38:32+00:00\",\"dateModified\":\"2019-04-08T20:38:32+00:00\",\"mainEntityOfPage\":{\"@id\":\"https:\/\/guineediversite.com\/index.php\/2019\/04\/08\/soudan-accrochage-entre-les-forces-de-securite-et-larmee\/\"},\"wordCount\":579,\"publisher\":{\"@id\":\"https:\/\/guineediversite.com\/#organization\"},\"image\":{\"@id\":\"https:\/\/guineediversite.com\/index.php\/2019\/04\/08\/soudan-accrochage-entre-les-forces-de-securite-et-larmee\/#primaryimage\"},\"thumbnailUrl\":\"https:\/\/guineediversite.com\/wp-content\/uploads\/2019\/04\/SOUDAN.jpg\",\"articleSection\":[\"International\"],\"inLanguage\":\"fr-FR\"},{\"@type\":\"WebPage\",\"@id\":\"https:\/\/guineediversite.com\/index.php\/2019\/04\/08\/soudan-accrochage-entre-les-forces-de-securite-et-larmee\/\",\"url\":\"https:\/\/guineediversite.com\/index.php\/2019\/04\/08\/soudan-accrochage-entre-les-forces-de-securite-et-larmee\/\",\"name\":\"Soudan: accrochage entre les forces de s\u00e9curit\u00e9 et l'arm\u00e9e | Guin\u00e9e Diversit\u00e9\",\"isPartOf\":{\"@id\":\"https:\/\/guineediversite.com\/#website\"},\"primaryImageOfPage\":{\"@id\":\"https:\/\/guineediversite.com\/index.php\/2019\/04\/08\/soudan-accrochage-entre-les-forces-de-securite-et-larmee\/#primaryimage\"},\"image\":{\"@id\":\"https:\/\/guineediversite.com\/index.php\/2019\/04\/08\/soudan-accrochage-entre-les-forces-de-securite-et-larmee\/#primaryimage\"},\"thumbnailUrl\":\"https:\/\/guineediversite.com\/wp-content\/uploads\/2019\/04\/SOUDAN.jpg\",\"datePublished\":\"2019-04-08T20:38:32+00:00\",\"dateModified\":\"2019-04-08T20:38:32+00:00\",\"breadcrumb\":{\"@id\":\"https:\/\/guineediversite.com\/index.php\/2019\/04\/08\/soudan-accrochage-entre-les-forces-de-securite-et-larmee\/#breadcrumb\"},\"inLanguage\":\"fr-FR\",\"potentialAction\":[{\"@type\":\"ReadAction\",\"target\":[\"https:\/\/guineediversite.com\/index.php\/2019\/04\/08\/soudan-accrochage-entre-les-forces-de-securite-et-larmee\/\"]}]},{\"@type\":\"ImageObject\",\"inLanguage\":\"fr-FR\",\"@id\":\"https:\/\/guineediversite.com\/index.php\/2019\/04\/08\/soudan-accrochage-entre-les-forces-de-securite-et-larmee\/#primaryimage\",\"url\":\"https:\/\/guineediversite.com\/wp-content\/uploads\/2019\/04\/SOUDAN.jpg\",\"contentUrl\":\"https:\/\/guineediversite.com\/wp-content\/uploads\/2019\/04\/SOUDAN.jpg\",\"width\":1024,\"height\":578},{\"@type\":\"BreadcrumbList\",\"@id\":\"https:\/\/guineediversite.com\/index.php\/2019\/04\/08\/soudan-accrochage-entre-les-forces-de-securite-et-larmee\/#breadcrumb\",\"itemListElement\":[{\"@type\":\"ListItem\",\"position\":1,\"name\":\"Accueil\",\"item\":\"https:\/\/guineediversite.com\/\"},{\"@type\":\"ListItem\",\"position\":2,\"name\":\"Soudan: accrochage entre les forces de s\u00e9curit\u00e9 et l&rsquo;arm\u00e9e\"}]},{\"@type\":\"WebSite\",\"@id\":\"https:\/\/guineediversite.com\/#website\",\"url\":\"https:\/\/guineediversite.com\/\",\"name\":\"Guin\u00e9e Diversit\u00e9\",\"description\":\"L&#039;Info dans toute sa diversit\u00e9\",\"publisher\":{\"@id\":\"https:\/\/guineediversite.com\/#organization\"},\"potentialAction\":[{\"@type\":\"SearchAction\",\"target\":{\"@type\":\"EntryPoint\",\"urlTemplate\":\"https:\/\/guineediversite.com\/?s={search_term_string}\"},\"query-input\":{\"@type\":\"PropertyValueSpecification\",\"valueRequired\":true,\"valueName\":\"search_term_string\"}}],\"inLanguage\":\"fr-FR\"},{\"@type\":\"Organization\",\"@id\":\"https:\/\/guineediversite.com\/#organization\",\"name\":\"Guin\u00e9e Diversit\u00e9\",\"url\":\"https:\/\/guineediversite.com\/\",\"logo\":{\"@type\":\"ImageObject\",\"inLanguage\":\"fr-FR\",\"@id\":\"https:\/\/guineediversite.com\/#\/schema\/logo\/image\/\",\"url\":\"https:\/\/guineediversite.com\/wp-content\/uploads\/2017\/04\/cropped-1jojlxEOMkX9Wyqfhe43D6kjPOGqBBKmx3EwWJqZ0cMrFF54yM49.png\",\"contentUrl\":\"https:\/\/guineediversite.com\/wp-content\/uploads\/2017\/04\/cropped-1jojlxEOMkX9Wyqfhe43D6kjPOGqBBKmx3EwWJqZ0cMrFF54yM49.png\",\"width\":186,\"height\":112,\"caption\":\"Guin\u00e9e Diversit\u00e9\"},\"image\":{\"@id\":\"https:\/\/guineediversite.com\/#\/schema\/logo\/image\/\"},\"sameAs\":[\"https:\/\/www.facebook.com\/guineediversite\/\",\"https:\/\/x.com\/GuineeDiversite\",\"https:\/\/www.youtube.com\/channel\/UC8sUY16qelG5ge6_D5SB83g\"]},{\"@type\":\"Person\",\"@id\":\"https:\/\/guineediversite.com\/#\/schema\/person\/afa08fb34e7fc6e1feafc892612bc836\",\"name\":\"Guin\u00e9e Diversit\u00e9\",\"image\":{\"@type\":\"ImageObject\",\"inLanguage\":\"fr-FR\",\"@id\":\"https:\/\/guineediversite.com\/#\/schema\/person\/image\/\",\"url\":\"https:\/\/secure.gravatar.com\/avatar\/50d5eb5b390f8b65ac30ac6f898eb83a?s=96&d=mm&r=g\",\"contentUrl\":\"https:\/\/secure.gravatar.com\/avatar\/50d5eb5b390f8b65ac30ac6f898eb83a?s=96&d=mm&r=g\",\"caption\":\"Guin\u00e9e Diversit\u00e9\"},\"url\":\"https:\/\/guineediversite.com\/index.php\/author\/guineediversite\/\"}]}<\/script>\n<!-- \/ Yoast SEO plugin. -->","yoast_head_json":{"title":"Soudan: accrochage entre les forces de s\u00e9curit\u00e9 et l'arm\u00e9e | Guin\u00e9e Diversit\u00e9","robots":{"index":"index","follow":"follow","max-snippet":"max-snippet:-1","max-image-preview":"max-image-preview:large","max-video-preview":"max-video-preview:-1"},"canonical":"https:\/\/guineediversite.com\/index.php\/2019\/04\/08\/soudan-accrochage-entre-les-forces-de-securite-et-larmee\/","og_locale":"fr_FR","og_type":"article","og_title":"Soudan: accrochage entre les forces de s\u00e9curit\u00e9 et l'arm\u00e9e | Guin\u00e9e Diversit\u00e9","og_description":"Au Soudan, l&rsquo;arm\u00e9e n&rsquo;\u00e9tait pas intervenue depuis le d\u00e9but de la contestation, le 19 d\u00e9cembre dernier. Une mobilisation qui a pris de l&rsquo;ampleur ce week-end. En effet, cela fait trois jours que des manifestants occupent une place \u00e0 Khartoum pour r\u00e9clamer le d\u00e9part du pr\u00e9sident Omar el-B\u00e9chir, et ce, malgr\u00e9 l\u2019\u00e9tat d\u2019urgence. Ce lundi matin, [&hellip;]","og_url":"https:\/\/guineediversite.com\/index.php\/2019\/04\/08\/soudan-accrochage-entre-les-forces-de-securite-et-larmee\/","og_site_name":"Guin\u00e9e Diversit\u00e9","article_publisher":"https:\/\/www.facebook.com\/guineediversite\/","article_published_time":"2019-04-08T20:38:32+00:00","og_image":[{"width":1024,"height":578,"url":"https:\/\/guineediversite.com\/wp-content\/uploads\/2019\/04\/SOUDAN.jpg","type":"image\/jpeg"}],"author":"Guin\u00e9e Diversit\u00e9","twitter_card":"summary_large_image","twitter_creator":"@GuineeDiversite","twitter_site":"@GuineeDiversite","twitter_misc":{"\u00c9crit par":"Guin\u00e9e Diversit\u00e9","Dur\u00e9e de lecture estim\u00e9e":"3 minutes"},"schema":{"@context":"https:\/\/schema.org","@graph":[{"@type":"Article","@id":"https:\/\/guineediversite.com\/index.php\/2019\/04\/08\/soudan-accrochage-entre-les-forces-de-securite-et-larmee\/#article","isPartOf":{"@id":"https:\/\/guineediversite.com\/index.php\/2019\/04\/08\/soudan-accrochage-entre-les-forces-de-securite-et-larmee\/"},"author":{"name":"Guin\u00e9e Diversit\u00e9","@id":"https:\/\/guineediversite.com\/#\/schema\/person\/afa08fb34e7fc6e1feafc892612bc836"},"headline":"Soudan: accrochage entre les forces de s\u00e9curit\u00e9 et l&rsquo;arm\u00e9e","datePublished":"2019-04-08T20:38:32+00:00","dateModified":"2019-04-08T20:38:32+00:00","mainEntityOfPage":{"@id":"https:\/\/guineediversite.com\/index.php\/2019\/04\/08\/soudan-accrochage-entre-les-forces-de-securite-et-larmee\/"},"wordCount":579,"publisher":{"@id":"https:\/\/guineediversite.com\/#organization"},"image":{"@id":"https:\/\/guineediversite.com\/index.php\/2019\/04\/08\/soudan-accrochage-entre-les-forces-de-securite-et-larmee\/#primaryimage"},"thumbnailUrl":"https:\/\/guineediversite.com\/wp-content\/uploads\/2019\/04\/SOUDAN.jpg","articleSection":["International"],"inLanguage":"fr-FR"},{"@type":"WebPage","@id":"https:\/\/guineediversite.com\/index.php\/2019\/04\/08\/soudan-accrochage-entre-les-forces-de-securite-et-larmee\/","url":"https:\/\/guineediversite.com\/index.php\/2019\/04\/08\/soudan-accrochage-entre-les-forces-de-securite-et-larmee\/","name":"Soudan: accrochage entre les forces de s\u00e9curit\u00e9 et l'arm\u00e9e | Guin\u00e9e Diversit\u00e9","isPartOf":{"@id":"https:\/\/guineediversite.com\/#website"},"primaryImageOfPage":{"@id":"https:\/\/guineediversite.com\/index.php\/2019\/04\/08\/soudan-accrochage-entre-les-forces-de-securite-et-larmee\/#primaryimage"},"image":{"@id":"https:\/\/guineediversite.com\/index.php\/2019\/04\/08\/soudan-accrochage-entre-les-forces-de-securite-et-larmee\/#primaryimage"},"thumbnailUrl":"https:\/\/guineediversite.com\/wp-content\/uploads\/2019\/04\/SOUDAN.jpg","datePublished":"2019-04-08T20:38:32+00:00","dateModified":"2019-04-08T20:38:32+00:00","breadcrumb":{"@id":"https:\/\/guineediversite.com\/index.php\/2019\/04\/08\/soudan-accrochage-entre-les-forces-de-securite-et-larmee\/#breadcrumb"},"inLanguage":"fr-FR","potentialAction":[{"@type":"ReadAction","target":["https:\/\/guineediversite.com\/index.php\/2019\/04\/08\/soudan-accrochage-entre-les-forces-de-securite-et-larmee\/"]}]},{"@type":"ImageObject","inLanguage":"fr-FR","@id":"https:\/\/guineediversite.com\/index.php\/2019\/04\/08\/soudan-accrochage-entre-les-forces-de-securite-et-larmee\/#primaryimage","url":"https:\/\/guineediversite.com\/wp-content\/uploads\/2019\/04\/SOUDAN.jpg","contentUrl":"https:\/\/guineediversite.com\/wp-content\/uploads\/2019\/04\/SOUDAN.jpg","width":1024,"height":578},{"@type":"BreadcrumbList","@id":"https:\/\/guineediversite.com\/index.php\/2019\/04\/08\/soudan-accrochage-entre-les-forces-de-securite-et-larmee\/#breadcrumb","itemListElement":[{"@type":"ListItem","position":1,"name":"Accueil","item":"https:\/\/guineediversite.com\/"},{"@type":"ListItem","position":2,"name":"Soudan: accrochage entre les forces de s\u00e9curit\u00e9 et l&rsquo;arm\u00e9e"}]},{"@type":"WebSite","@id":"https:\/\/guineediversite.com\/#website","url":"https:\/\/guineediversite.com\/","name":"Guin\u00e9e Diversit\u00e9","description":"L&#039;Info dans toute sa diversit\u00e9","publisher":{"@id":"https:\/\/guineediversite.com\/#organization"},"potentialAction":[{"@type":"SearchAction","target":{"@type":"EntryPoint","urlTemplate":"https:\/\/guineediversite.com\/?s={search_term_string}"},"query-input":{"@type":"PropertyValueSpecification","valueRequired":true,"valueName":"search_term_string"}}],"inLanguage":"fr-FR"},{"@type":"Organization","@id":"https:\/\/guineediversite.com\/#organization","name":"Guin\u00e9e Diversit\u00e9","url":"https:\/\/guineediversite.com\/","logo":{"@type":"ImageObject","inLanguage":"fr-FR","@id":"https:\/\/guineediversite.com\/#\/schema\/logo\/image\/","url":"https:\/\/guineediversite.com\/wp-content\/uploads\/2017\/04\/cropped-1jojlxEOMkX9Wyqfhe43D6kjPOGqBBKmx3EwWJqZ0cMrFF54yM49.png","contentUrl":"https:\/\/guineediversite.com\/wp-content\/uploads\/2017\/04\/cropped-1jojlxEOMkX9Wyqfhe43D6kjPOGqBBKmx3EwWJqZ0cMrFF54yM49.png","width":186,"height":112,"caption":"Guin\u00e9e Diversit\u00e9"},"image":{"@id":"https:\/\/guineediversite.com\/#\/schema\/logo\/image\/"},"sameAs":["https:\/\/www.facebook.com\/guineediversite\/","https:\/\/x.com\/GuineeDiversite","https:\/\/www.youtube.com\/channel\/UC8sUY16qelG5ge6_D5SB83g"]},{"@type":"Person","@id":"https:\/\/guineediversite.com\/#\/schema\/person\/afa08fb34e7fc6e1feafc892612bc836","name":"Guin\u00e9e Diversit\u00e9","image":{"@type":"ImageObject","inLanguage":"fr-FR","@id":"https:\/\/guineediversite.com\/#\/schema\/person\/image\/","url":"https:\/\/secure.gravatar.com\/avatar\/50d5eb5b390f8b65ac30ac6f898eb83a?s=96&d=mm&r=g","contentUrl":"https:\/\/secure.gravatar.com\/avatar\/50d5eb5b390f8b65ac30ac6f898eb83a?s=96&d=mm&r=g","caption":"Guin\u00e9e Diversit\u00e9"},"url":"https:\/\/guineediversite.com\/index.php\/author\/guineediversite\/"}]}},"_links":{"self":[{"href":"https:\/\/guineediversite.com\/index.php\/wp-json\/wp\/v2\/posts\/28318"}],"collection":[{"href":"https:\/\/guineediversite.com\/index.php\/wp-json\/wp\/v2\/posts"}],"about":[{"href":"https:\/\/guineediversite.com\/index.php\/wp-json\/wp\/v2\/types\/post"}],"author":[{"embeddable":true,"href":"https:\/\/guineediversite.com\/index.php\/wp-json\/wp\/v2\/users\/12"}],"replies":[{"embeddable":true,"href":"https:\/\/guineediversite.com\/index.php\/wp-json\/wp\/v2\/comments?post=28318"}],"version-history":[{"count":0,"href":"https:\/\/guineediversite.com\/index.php\/wp-json\/wp\/v2\/posts\/28318\/revisions"}],"wp:featuredmedia":[{"embeddable":true,"href":"https:\/\/guineediversite.com\/index.php\/wp-json\/wp\/v2\/media\/28319"}],"wp:attachment":[{"href":"https:\/\/guineediversite.com\/index.php\/wp-json\/wp\/v2\/media?parent=28318"}],"wp:term":[{"taxonomy":"category","embeddable":true,"href":"https:\/\/guineediversite.com\/index.php\/wp-json\/wp\/v2\/categories?post=28318"},{"taxonomy":"post_tag","embeddable":true,"href":"https:\/\/guineediversite.com\/index.php\/wp-json\/wp\/v2\/tags?post=28318"}],"curies":[{"name":"wp","href":"https:\/\/api.w.org\/{rel}","templated":true}]}}