{"id":28314,"date":"2019-04-08T22:29:26","date_gmt":"2019-04-08T20:29:26","guid":{"rendered":"https:\/\/guineediversite.com\/?p=28314"},"modified":"2019-04-08T22:29:26","modified_gmt":"2019-04-08T20:29:26","slug":"senegal-un-gouvernement-avec-un-premier-ministre-en-voie-de-disparition","status":"publish","type":"post","link":"https:\/\/guineediversite.com\/index.php\/2019\/04\/08\/senegal-un-gouvernement-avec-un-premier-ministre-en-voie-de-disparition\/","title":{"rendered":"S\u00e9n\u00e9gal: un gouvernement avec un Premier ministre en voie de disparition"},"content":{"rendered":"<p><strong>Au S\u00e9n\u00e9gal, le pr\u00e9sident Macky Sall a nomm\u00e9 le gouvernement ce dimanche 7 avril en fin de soir\u00e9e. Trente-deux ministres ont \u00e9t\u00e9 nomm\u00e9s, sept minist\u00e8res ont \u00e9t\u00e9 supprim\u00e9s. L\u2019\u00e9quipe sera bient\u00f4t d\u00e9pourvue d&rsquo;un Premier ministre. En effet, l&rsquo;ex\u00e9cutif a pr\u00e9vu, \u00e0 terme, de supprimer la fonction. Et ce, afin de garantir l&rsquo;efficacit\u00e9 des r\u00e9formes pour le nouveau quinquennat de Macky Sall. C\u2019est ce qu\u2019explique la pr\u00e9sidence. Une d\u00e9cision qui a pris de court les membres de l&rsquo;opposition.<\/strong><\/p>\n<p>Lancer le chantier de la suppression du poste de Premier ministre, une d\u00e9marche pr\u00e9cipit\u00e9e, juge Thierno Bocoum, proche d\u2019Idrissa Seck, le premier opposant au pr\u00e9sident\u00a0: \u00ab\u00a0<em>Macky Sall, encore une fois, se met dans une logique d\u2019une gestion solitaire de l\u2019\u00c9tat. Lorsqu\u2019il s\u2019agit de mettre \u00e0 neuf des r\u00e9formes aussi importantes, il serait int\u00e9ressant que les populations soient impliqu\u00e9es. Et on a tous constat\u00e9 que ce n\u2019est pas une promesse \u00e9lectorale<\/em>\u00a0\u00bb.<\/p>\n<p>Pierre Goudiaby Atepa, ralli\u00e9 \u00e0 Ousmane Sonko qui est arriv\u00e9 en troisi\u00e8me position de l&rsquo;\u00e9lection pr\u00e9sidentielle, salue au contraire un risque pris par Macky Sall\u00a0: \u00ab\u00a0<em>Il n\u2019y a plus de fusible, il est en direct avec son peuple. Si \u00e7a marche, c\u2019est tant mieux et j\u2019esp\u00e8re que \u00e7a va marcher\u00a0; si \u00e7a ne marche pas, c\u2019est lui. Il ne pourra plus se r\u00e9fugier derri\u00e8re quelqu\u2019un\u00a0<\/em>\u00bb.<\/p>\n<p>Le chef de l\u2019\u00c9tat a promis une phase de dialogue politique avec l\u2019opposition. Pour Babacar Gaye du Parti d\u00e9mocratique s\u00e9n\u00e9galais (PDS), sans Premier ministre, c\u2019est mal parti\u00a0: \u00ab\u00a0<em>Le pr\u00e9sident Macky Sall est en train de porter un coup dur \u00e0 la faisabilit\u00e9 de ce dialogue politique. La suppression du poste de Premier ministre remet en cause la place de l\u2019opposition dans le jeu politique et r\u00e9duit les pouvoirs de contr\u00f4le de l\u2019Assembl\u00e9e nationale.\u00a0<\/em>\u00bb<\/p>\n<p>L\u2019Assembl\u00e9e nationale devra adopter le projet de loi bient\u00f4t \u00e9labor\u00e9 en Conseil des ministres. Le tout en vue de modifier la Constitution du pays.<\/p>\n<p><strong>Liste des 32 ministres nomm\u00e9s ce dimanche 7 avril<\/strong><\/p>\n<p>Sidiki Kaba\u00a0: ministre des Forces Arm\u00e9es<br \/>\nAly Ngouille Ndiaye : ministre de l\u2019Int\u00e9rieur<br \/>\nAbdoulaye Daouda Diallo : ministre des Finances et du Budget<br \/>\nAmadou B\u00e2 : ministre des Affaires \u00e9trang\u00e8res et des S\u00e9n\u00e9galais de l\u2019ext\u00e9rieur<br \/>\nMalick Sall : ministre de la Justice<br \/>\nMansour Faye : ministre du D\u00e9veloppement communautaire et de l&rsquo;\u00c9quit\u00e9 sociale<br \/>\nMouhamadou Moctar Ciss\u00e9 : ministre du P\u00e9trole et de l\u2019\u00c9nergie<br \/>\nMariama Sarr : ministre de la Fonction publique et du Renouveau service public<br \/>\nOumar Youm : ministre des Infrastructures et du Transport<br \/>\nAmadou Hott : ministre de l\u2019\u00c9conomie, du Plan et de la Coop\u00e9ration<br \/>\nAbdoulaye Diouf Sarr : ministre de la Sant\u00e9 et de l&rsquo;Action sociale<br \/>\nMoussa Bald\u00e9 : ministre de l\u2019Agriculture et de l\u2019\u00c9quipement rural<br \/>\nSerigne Mbaye Thiam : ministre des Eaux et Assainissement<br \/>\nNdeye Saly Diop Dieng : ministre de la Femme et de la Famille<br \/>\nAlioune Sarr : ministre du Tourisme et du Transport a\u00e9rien<br \/>\nAminata Mbengue Ndiaye : ministre des P\u00eaches et de l\u2019\u00c9conomie maritime<br \/>\nMamadou Talla : ministre de l\u2019\u00c9ducation nationale<br \/>\nOumar Gueye : ministre des Collectivit\u00e9s territoriales<br \/>\nCheikh Oumar Anne : ministre de l&rsquo;Enseignement sup\u00e9rieur<br \/>\nMoustapha Diop : ministre du D\u00e9veloppement industriel<br \/>\nAbdou Karim Sall : ministre de l\u2019Environnement et du D\u00e9veloppement durable<br \/>\nSophie Gladima : ministre des Mines et de la G\u00e9ologie<br \/>\nMatar Ba : ministre des Sports<br \/>\nSamba Ndiob\u00e8ne Ka : ministre de l&rsquo;\u00c9levage<br \/>\nSamba Sy : ministre du Travail et du Dialogue social<br \/>\nAbdou Karim Fofana : ministre de l\u2019Urbanisme et du Logement<br \/>\nAminata Assomme Diatta : ministre du Commerce et des PME<br \/>\nAbdoulaye Diop : ministre de la Culture et de la Communication<br \/>\nNene Fatoumata Tall : ministre de la Jeunesse<br \/>\nZahra Iyane Thiam : ministre de la Microfinance<br \/>\nDame Diop : ministre de l\u2019Emploi<br \/>\nNdeye Dik\u00e9 Ndiaye Diop : ministre de l\u2019\u00c9conomie num\u00e9rique et des T\u00e9l\u00e9coms<\/p>\n<p><strong>RFI<\/strong><\/p>\n","protected":false},"excerpt":{"rendered":"<p>Au S\u00e9n\u00e9gal, le pr\u00e9sident Macky Sall a nomm\u00e9 le gouvernement ce dimanche 7 avril en fin de soir\u00e9e. Trente-deux ministres ont \u00e9t\u00e9 nomm\u00e9s, sept minist\u00e8res ont \u00e9t\u00e9 supprim\u00e9s. L\u2019\u00e9quipe sera bient\u00f4t d\u00e9pourvue d&rsquo;un Premier ministre. En effet, l&rsquo;ex\u00e9cutif a pr\u00e9vu, \u00e0 terme, de supprimer la fonction. Et ce, afin de garantir l&rsquo;efficacit\u00e9 des r\u00e9formes pour [&hellip;]<\/p>\n","protected":false},"author":12,"featured_media":28315,"comment_status":"closed","ping_status":"closed","sticky":false,"template":"","format":"standard","meta":{"_exactmetrics_skip_tracking":false,"_exactmetrics_sitenote_active":false,"_exactmetrics_sitenote_note":"","_exactmetrics_sitenote_category":0,"tdm_status":"","tdm_grid_status":"","footnotes":""},"categories":[21],"tags":[],"class_list":{"0":"post-28314","1":"post","2":"type-post","3":"status-publish","4":"format-standard","5":"has-post-thumbnail","7":"category-international"},"yoast_head":"<!-- This site is optimized with the Yoast SEO plugin v24.2 - https:\/\/yoast.com\/wordpress\/plugins\/seo\/ -->\n<title>S\u00e9n\u00e9gal: un gouvernement avec un Premier ministre en voie de disparition | Guin\u00e9e Diversit\u00e9<\/title>\n<meta name=\"robots\" content=\"index, follow, max-snippet:-1, max-image-preview:large, max-video-preview:-1\" \/>\n<link rel=\"canonical\" href=\"https:\/\/guineediversite.com\/index.php\/2019\/04\/08\/senegal-un-gouvernement-avec-un-premier-ministre-en-voie-de-disparition\/\" \/>\n<meta property=\"og:locale\" content=\"fr_FR\" \/>\n<meta property=\"og:type\" content=\"article\" \/>\n<meta property=\"og:title\" content=\"S\u00e9n\u00e9gal: un gouvernement avec un Premier ministre en voie de disparition | Guin\u00e9e Diversit\u00e9\" \/>\n<meta property=\"og:description\" content=\"Au S\u00e9n\u00e9gal, le pr\u00e9sident Macky Sall a nomm\u00e9 le gouvernement ce dimanche 7 avril en fin de soir\u00e9e. Trente-deux ministres ont \u00e9t\u00e9 nomm\u00e9s, sept minist\u00e8res ont \u00e9t\u00e9 supprim\u00e9s. L\u2019\u00e9quipe sera bient\u00f4t d\u00e9pourvue d&rsquo;un Premier ministre. En effet, l&rsquo;ex\u00e9cutif a pr\u00e9vu, \u00e0 terme, de supprimer la fonction. Et ce, afin de garantir l&rsquo;efficacit\u00e9 des r\u00e9formes pour [&hellip;]\" \/>\n<meta property=\"og:url\" content=\"https:\/\/guineediversite.com\/index.php\/2019\/04\/08\/senegal-un-gouvernement-avec-un-premier-ministre-en-voie-de-disparition\/\" \/>\n<meta property=\"og:site_name\" content=\"Guin\u00e9e Diversit\u00e9\" \/>\n<meta property=\"article:publisher\" content=\"https:\/\/www.facebook.com\/guineediversite\/\" \/>\n<meta property=\"article:published_time\" content=\"2019-04-08T20:29:26+00:00\" \/>\n<meta property=\"og:image\" content=\"https:\/\/guineediversite.com\/wp-content\/uploads\/2019\/04\/macky_sall_discours_election_presidentielle_senegal_0.jpg\" \/>\n\t<meta property=\"og:image:width\" content=\"1024\" \/>\n\t<meta property=\"og:image:height\" content=\"578\" \/>\n\t<meta property=\"og:image:type\" content=\"image\/jpeg\" \/>\n<meta name=\"author\" content=\"Guin\u00e9e Diversit\u00e9\" \/>\n<meta name=\"twitter:card\" content=\"summary_large_image\" \/>\n<meta name=\"twitter:creator\" content=\"@GuineeDiversite\" \/>\n<meta name=\"twitter:site\" content=\"@GuineeDiversite\" \/>\n<meta name=\"twitter:label1\" content=\"\u00c9crit par\" \/>\n\t<meta name=\"twitter:data1\" content=\"Guin\u00e9e Diversit\u00e9\" \/>\n\t<meta name=\"twitter:label2\" content=\"Dur\u00e9e de lecture estim\u00e9e\" \/>\n\t<meta name=\"twitter:data2\" content=\"3 minutes\" \/>\n<script type=\"application\/ld+json\" class=\"yoast-schema-graph\">{\"@context\":\"https:\/\/schema.org\",\"@graph\":[{\"@type\":\"Article\",\"@id\":\"https:\/\/guineediversite.com\/index.php\/2019\/04\/08\/senegal-un-gouvernement-avec-un-premier-ministre-en-voie-de-disparition\/#article\",\"isPartOf\":{\"@id\":\"https:\/\/guineediversite.com\/index.php\/2019\/04\/08\/senegal-un-gouvernement-avec-un-premier-ministre-en-voie-de-disparition\/\"},\"author\":{\"name\":\"Guin\u00e9e Diversit\u00e9\",\"@id\":\"https:\/\/guineediversite.com\/#\/schema\/person\/afa08fb34e7fc6e1feafc892612bc836\"},\"headline\":\"S\u00e9n\u00e9gal: un gouvernement avec un Premier ministre en voie de disparition\",\"datePublished\":\"2019-04-08T20:29:26+00:00\",\"dateModified\":\"2019-04-08T20:29:26+00:00\",\"mainEntityOfPage\":{\"@id\":\"https:\/\/guineediversite.com\/index.php\/2019\/04\/08\/senegal-un-gouvernement-avec-un-premier-ministre-en-voie-de-disparition\/\"},\"wordCount\":691,\"publisher\":{\"@id\":\"https:\/\/guineediversite.com\/#organization\"},\"image\":{\"@id\":\"https:\/\/guineediversite.com\/index.php\/2019\/04\/08\/senegal-un-gouvernement-avec-un-premier-ministre-en-voie-de-disparition\/#primaryimage\"},\"thumbnailUrl\":\"https:\/\/guineediversite.com\/wp-content\/uploads\/2019\/04\/macky_sall_discours_election_presidentielle_senegal_0.jpg\",\"articleSection\":[\"International\"],\"inLanguage\":\"fr-FR\"},{\"@type\":\"WebPage\",\"@id\":\"https:\/\/guineediversite.com\/index.php\/2019\/04\/08\/senegal-un-gouvernement-avec-un-premier-ministre-en-voie-de-disparition\/\",\"url\":\"https:\/\/guineediversite.com\/index.php\/2019\/04\/08\/senegal-un-gouvernement-avec-un-premier-ministre-en-voie-de-disparition\/\",\"name\":\"S\u00e9n\u00e9gal: un gouvernement avec un Premier ministre en voie de disparition | Guin\u00e9e Diversit\u00e9\",\"isPartOf\":{\"@id\":\"https:\/\/guineediversite.com\/#website\"},\"primaryImageOfPage\":{\"@id\":\"https:\/\/guineediversite.com\/index.php\/2019\/04\/08\/senegal-un-gouvernement-avec-un-premier-ministre-en-voie-de-disparition\/#primaryimage\"},\"image\":{\"@id\":\"https:\/\/guineediversite.com\/index.php\/2019\/04\/08\/senegal-un-gouvernement-avec-un-premier-ministre-en-voie-de-disparition\/#primaryimage\"},\"thumbnailUrl\":\"https:\/\/guineediversite.com\/wp-content\/uploads\/2019\/04\/macky_sall_discours_election_presidentielle_senegal_0.jpg\",\"datePublished\":\"2019-04-08T20:29:26+00:00\",\"dateModified\":\"2019-04-08T20:29:26+00:00\",\"breadcrumb\":{\"@id\":\"https:\/\/guineediversite.com\/index.php\/2019\/04\/08\/senegal-un-gouvernement-avec-un-premier-ministre-en-voie-de-disparition\/#breadcrumb\"},\"inLanguage\":\"fr-FR\",\"potentialAction\":[{\"@type\":\"ReadAction\",\"target\":[\"https:\/\/guineediversite.com\/index.php\/2019\/04\/08\/senegal-un-gouvernement-avec-un-premier-ministre-en-voie-de-disparition\/\"]}]},{\"@type\":\"ImageObject\",\"inLanguage\":\"fr-FR\",\"@id\":\"https:\/\/guineediversite.com\/index.php\/2019\/04\/08\/senegal-un-gouvernement-avec-un-premier-ministre-en-voie-de-disparition\/#primaryimage\",\"url\":\"https:\/\/guineediversite.com\/wp-content\/uploads\/2019\/04\/macky_sall_discours_election_presidentielle_senegal_0.jpg\",\"contentUrl\":\"https:\/\/guineediversite.com\/wp-content\/uploads\/2019\/04\/macky_sall_discours_election_presidentielle_senegal_0.jpg\",\"width\":1024,\"height\":578},{\"@type\":\"BreadcrumbList\",\"@id\":\"https:\/\/guineediversite.com\/index.php\/2019\/04\/08\/senegal-un-gouvernement-avec-un-premier-ministre-en-voie-de-disparition\/#breadcrumb\",\"itemListElement\":[{\"@type\":\"ListItem\",\"position\":1,\"name\":\"Accueil\",\"item\":\"https:\/\/guineediversite.com\/\"},{\"@type\":\"ListItem\",\"position\":2,\"name\":\"S\u00e9n\u00e9gal: un gouvernement avec un Premier ministre en voie de disparition\"}]},{\"@type\":\"WebSite\",\"@id\":\"https:\/\/guineediversite.com\/#website\",\"url\":\"https:\/\/guineediversite.com\/\",\"name\":\"Guin\u00e9e Diversit\u00e9\",\"description\":\"L&#039;Info dans toute sa diversit\u00e9\",\"publisher\":{\"@id\":\"https:\/\/guineediversite.com\/#organization\"},\"potentialAction\":[{\"@type\":\"SearchAction\",\"target\":{\"@type\":\"EntryPoint\",\"urlTemplate\":\"https:\/\/guineediversite.com\/?s={search_term_string}\"},\"query-input\":{\"@type\":\"PropertyValueSpecification\",\"valueRequired\":true,\"valueName\":\"search_term_string\"}}],\"inLanguage\":\"fr-FR\"},{\"@type\":\"Organization\",\"@id\":\"https:\/\/guineediversite.com\/#organization\",\"name\":\"Guin\u00e9e Diversit\u00e9\",\"url\":\"https:\/\/guineediversite.com\/\",\"logo\":{\"@type\":\"ImageObject\",\"inLanguage\":\"fr-FR\",\"@id\":\"https:\/\/guineediversite.com\/#\/schema\/logo\/image\/\",\"url\":\"https:\/\/guineediversite.com\/wp-content\/uploads\/2017\/04\/cropped-1jojlxEOMkX9Wyqfhe43D6kjPOGqBBKmx3EwWJqZ0cMrFF54yM49.png\",\"contentUrl\":\"https:\/\/guineediversite.com\/wp-content\/uploads\/2017\/04\/cropped-1jojlxEOMkX9Wyqfhe43D6kjPOGqBBKmx3EwWJqZ0cMrFF54yM49.png\",\"width\":186,\"height\":112,\"caption\":\"Guin\u00e9e Diversit\u00e9\"},\"image\":{\"@id\":\"https:\/\/guineediversite.com\/#\/schema\/logo\/image\/\"},\"sameAs\":[\"https:\/\/www.facebook.com\/guineediversite\/\",\"https:\/\/x.com\/GuineeDiversite\",\"https:\/\/www.youtube.com\/channel\/UC8sUY16qelG5ge6_D5SB83g\"]},{\"@type\":\"Person\",\"@id\":\"https:\/\/guineediversite.com\/#\/schema\/person\/afa08fb34e7fc6e1feafc892612bc836\",\"name\":\"Guin\u00e9e Diversit\u00e9\",\"image\":{\"@type\":\"ImageObject\",\"inLanguage\":\"fr-FR\",\"@id\":\"https:\/\/guineediversite.com\/#\/schema\/person\/image\/\",\"url\":\"https:\/\/secure.gravatar.com\/avatar\/50d5eb5b390f8b65ac30ac6f898eb83a?s=96&d=mm&r=g\",\"contentUrl\":\"https:\/\/secure.gravatar.com\/avatar\/50d5eb5b390f8b65ac30ac6f898eb83a?s=96&d=mm&r=g\",\"caption\":\"Guin\u00e9e Diversit\u00e9\"},\"url\":\"https:\/\/guineediversite.com\/index.php\/author\/guineediversite\/\"}]}<\/script>\n<!-- \/ Yoast SEO plugin. -->","yoast_head_json":{"title":"S\u00e9n\u00e9gal: un gouvernement avec un Premier ministre en voie de disparition | Guin\u00e9e Diversit\u00e9","robots":{"index":"index","follow":"follow","max-snippet":"max-snippet:-1","max-image-preview":"max-image-preview:large","max-video-preview":"max-video-preview:-1"},"canonical":"https:\/\/guineediversite.com\/index.php\/2019\/04\/08\/senegal-un-gouvernement-avec-un-premier-ministre-en-voie-de-disparition\/","og_locale":"fr_FR","og_type":"article","og_title":"S\u00e9n\u00e9gal: un gouvernement avec un Premier ministre en voie de disparition | Guin\u00e9e Diversit\u00e9","og_description":"Au S\u00e9n\u00e9gal, le pr\u00e9sident Macky Sall a nomm\u00e9 le gouvernement ce dimanche 7 avril en fin de soir\u00e9e. Trente-deux ministres ont \u00e9t\u00e9 nomm\u00e9s, sept minist\u00e8res ont \u00e9t\u00e9 supprim\u00e9s. L\u2019\u00e9quipe sera bient\u00f4t d\u00e9pourvue d&rsquo;un Premier ministre. En effet, l&rsquo;ex\u00e9cutif a pr\u00e9vu, \u00e0 terme, de supprimer la fonction. Et ce, afin de garantir l&rsquo;efficacit\u00e9 des r\u00e9formes pour [&hellip;]","og_url":"https:\/\/guineediversite.com\/index.php\/2019\/04\/08\/senegal-un-gouvernement-avec-un-premier-ministre-en-voie-de-disparition\/","og_site_name":"Guin\u00e9e Diversit\u00e9","article_publisher":"https:\/\/www.facebook.com\/guineediversite\/","article_published_time":"2019-04-08T20:29:26+00:00","og_image":[{"width":1024,"height":578,"url":"https:\/\/guineediversite.com\/wp-content\/uploads\/2019\/04\/macky_sall_discours_election_presidentielle_senegal_0.jpg","type":"image\/jpeg"}],"author":"Guin\u00e9e Diversit\u00e9","twitter_card":"summary_large_image","twitter_creator":"@GuineeDiversite","twitter_site":"@GuineeDiversite","twitter_misc":{"\u00c9crit par":"Guin\u00e9e Diversit\u00e9","Dur\u00e9e de lecture estim\u00e9e":"3 minutes"},"schema":{"@context":"https:\/\/schema.org","@graph":[{"@type":"Article","@id":"https:\/\/guineediversite.com\/index.php\/2019\/04\/08\/senegal-un-gouvernement-avec-un-premier-ministre-en-voie-de-disparition\/#article","isPartOf":{"@id":"https:\/\/guineediversite.com\/index.php\/2019\/04\/08\/senegal-un-gouvernement-avec-un-premier-ministre-en-voie-de-disparition\/"},"author":{"name":"Guin\u00e9e Diversit\u00e9","@id":"https:\/\/guineediversite.com\/#\/schema\/person\/afa08fb34e7fc6e1feafc892612bc836"},"headline":"S\u00e9n\u00e9gal: un gouvernement avec un Premier ministre en voie de disparition","datePublished":"2019-04-08T20:29:26+00:00","dateModified":"2019-04-08T20:29:26+00:00","mainEntityOfPage":{"@id":"https:\/\/guineediversite.com\/index.php\/2019\/04\/08\/senegal-un-gouvernement-avec-un-premier-ministre-en-voie-de-disparition\/"},"wordCount":691,"publisher":{"@id":"https:\/\/guineediversite.com\/#organization"},"image":{"@id":"https:\/\/guineediversite.com\/index.php\/2019\/04\/08\/senegal-un-gouvernement-avec-un-premier-ministre-en-voie-de-disparition\/#primaryimage"},"thumbnailUrl":"https:\/\/guineediversite.com\/wp-content\/uploads\/2019\/04\/macky_sall_discours_election_presidentielle_senegal_0.jpg","articleSection":["International"],"inLanguage":"fr-FR"},{"@type":"WebPage","@id":"https:\/\/guineediversite.com\/index.php\/2019\/04\/08\/senegal-un-gouvernement-avec-un-premier-ministre-en-voie-de-disparition\/","url":"https:\/\/guineediversite.com\/index.php\/2019\/04\/08\/senegal-un-gouvernement-avec-un-premier-ministre-en-voie-de-disparition\/","name":"S\u00e9n\u00e9gal: un gouvernement avec un Premier ministre en voie de disparition | Guin\u00e9e Diversit\u00e9","isPartOf":{"@id":"https:\/\/guineediversite.com\/#website"},"primaryImageOfPage":{"@id":"https:\/\/guineediversite.com\/index.php\/2019\/04\/08\/senegal-un-gouvernement-avec-un-premier-ministre-en-voie-de-disparition\/#primaryimage"},"image":{"@id":"https:\/\/guineediversite.com\/index.php\/2019\/04\/08\/senegal-un-gouvernement-avec-un-premier-ministre-en-voie-de-disparition\/#primaryimage"},"thumbnailUrl":"https:\/\/guineediversite.com\/wp-content\/uploads\/2019\/04\/macky_sall_discours_election_presidentielle_senegal_0.jpg","datePublished":"2019-04-08T20:29:26+00:00","dateModified":"2019-04-08T20:29:26+00:00","breadcrumb":{"@id":"https:\/\/guineediversite.com\/index.php\/2019\/04\/08\/senegal-un-gouvernement-avec-un-premier-ministre-en-voie-de-disparition\/#breadcrumb"},"inLanguage":"fr-FR","potentialAction":[{"@type":"ReadAction","target":["https:\/\/guineediversite.com\/index.php\/2019\/04\/08\/senegal-un-gouvernement-avec-un-premier-ministre-en-voie-de-disparition\/"]}]},{"@type":"ImageObject","inLanguage":"fr-FR","@id":"https:\/\/guineediversite.com\/index.php\/2019\/04\/08\/senegal-un-gouvernement-avec-un-premier-ministre-en-voie-de-disparition\/#primaryimage","url":"https:\/\/guineediversite.com\/wp-content\/uploads\/2019\/04\/macky_sall_discours_election_presidentielle_senegal_0.jpg","contentUrl":"https:\/\/guineediversite.com\/wp-content\/uploads\/2019\/04\/macky_sall_discours_election_presidentielle_senegal_0.jpg","width":1024,"height":578},{"@type":"BreadcrumbList","@id":"https:\/\/guineediversite.com\/index.php\/2019\/04\/08\/senegal-un-gouvernement-avec-un-premier-ministre-en-voie-de-disparition\/#breadcrumb","itemListElement":[{"@type":"ListItem","position":1,"name":"Accueil","item":"https:\/\/guineediversite.com\/"},{"@type":"ListItem","position":2,"name":"S\u00e9n\u00e9gal: un gouvernement avec un Premier ministre en voie de disparition"}]},{"@type":"WebSite","@id":"https:\/\/guineediversite.com\/#website","url":"https:\/\/guineediversite.com\/","name":"Guin\u00e9e Diversit\u00e9","description":"L&#039;Info dans toute sa diversit\u00e9","publisher":{"@id":"https:\/\/guineediversite.com\/#organization"},"potentialAction":[{"@type":"SearchAction","target":{"@type":"EntryPoint","urlTemplate":"https:\/\/guineediversite.com\/?s={search_term_string}"},"query-input":{"@type":"PropertyValueSpecification","valueRequired":true,"valueName":"search_term_string"}}],"inLanguage":"fr-FR"},{"@type":"Organization","@id":"https:\/\/guineediversite.com\/#organization","name":"Guin\u00e9e Diversit\u00e9","url":"https:\/\/guineediversite.com\/","logo":{"@type":"ImageObject","inLanguage":"fr-FR","@id":"https:\/\/guineediversite.com\/#\/schema\/logo\/image\/","url":"https:\/\/guineediversite.com\/wp-content\/uploads\/2017\/04\/cropped-1jojlxEOMkX9Wyqfhe43D6kjPOGqBBKmx3EwWJqZ0cMrFF54yM49.png","contentUrl":"https:\/\/guineediversite.com\/wp-content\/uploads\/2017\/04\/cropped-1jojlxEOMkX9Wyqfhe43D6kjPOGqBBKmx3EwWJqZ0cMrFF54yM49.png","width":186,"height":112,"caption":"Guin\u00e9e Diversit\u00e9"},"image":{"@id":"https:\/\/guineediversite.com\/#\/schema\/logo\/image\/"},"sameAs":["https:\/\/www.facebook.com\/guineediversite\/","https:\/\/x.com\/GuineeDiversite","https:\/\/www.youtube.com\/channel\/UC8sUY16qelG5ge6_D5SB83g"]},{"@type":"Person","@id":"https:\/\/guineediversite.com\/#\/schema\/person\/afa08fb34e7fc6e1feafc892612bc836","name":"Guin\u00e9e Diversit\u00e9","image":{"@type":"ImageObject","inLanguage":"fr-FR","@id":"https:\/\/guineediversite.com\/#\/schema\/person\/image\/","url":"https:\/\/secure.gravatar.com\/avatar\/50d5eb5b390f8b65ac30ac6f898eb83a?s=96&d=mm&r=g","contentUrl":"https:\/\/secure.gravatar.com\/avatar\/50d5eb5b390f8b65ac30ac6f898eb83a?s=96&d=mm&r=g","caption":"Guin\u00e9e Diversit\u00e9"},"url":"https:\/\/guineediversite.com\/index.php\/author\/guineediversite\/"}]}},"_links":{"self":[{"href":"https:\/\/guineediversite.com\/index.php\/wp-json\/wp\/v2\/posts\/28314"}],"collection":[{"href":"https:\/\/guineediversite.com\/index.php\/wp-json\/wp\/v2\/posts"}],"about":[{"href":"https:\/\/guineediversite.com\/index.php\/wp-json\/wp\/v2\/types\/post"}],"author":[{"embeddable":true,"href":"https:\/\/guineediversite.com\/index.php\/wp-json\/wp\/v2\/users\/12"}],"replies":[{"embeddable":true,"href":"https:\/\/guineediversite.com\/index.php\/wp-json\/wp\/v2\/comments?post=28314"}],"version-history":[{"count":0,"href":"https:\/\/guineediversite.com\/index.php\/wp-json\/wp\/v2\/posts\/28314\/revisions"}],"wp:featuredmedia":[{"embeddable":true,"href":"https:\/\/guineediversite.com\/index.php\/wp-json\/wp\/v2\/media\/28315"}],"wp:attachment":[{"href":"https:\/\/guineediversite.com\/index.php\/wp-json\/wp\/v2\/media?parent=28314"}],"wp:term":[{"taxonomy":"category","embeddable":true,"href":"https:\/\/guineediversite.com\/index.php\/wp-json\/wp\/v2\/categories?post=28314"},{"taxonomy":"post_tag","embeddable":true,"href":"https:\/\/guineediversite.com\/index.php\/wp-json\/wp\/v2\/tags?post=28314"}],"curies":[{"name":"wp","href":"https:\/\/api.w.org\/{rel}","templated":true}]}}