{"id":28311,"date":"2019-04-08T22:24:27","date_gmt":"2019-04-08T20:24:27","guid":{"rendered":"https:\/\/guineediversite.com\/?p=28311"},"modified":"2019-04-08T22:24:27","modified_gmt":"2019-04-08T20:24:27","slug":"libye-raid-aerien-contre-laeroport-a-tripoli-impute-a-haftar","status":"publish","type":"post","link":"https:\/\/guineediversite.com\/index.php\/2019\/04\/08\/libye-raid-aerien-contre-laeroport-a-tripoli-impute-a-haftar\/","title":{"rendered":"Libye: raid a\u00e9rien contre l\u2019a\u00e9roport \u00e0 Tripoli imput\u00e9 \u00e0 Haftar"},"content":{"rendered":"<p><strong>En Libye, les armes prennent le pas sur les discussions. Le mar\u00e9chal Khalifa Haftar, l&rsquo;homme fort de l&rsquo;Est libyen poursuit son offensive vers Tripoli avec ses forces de l&rsquo;Arm\u00e9e nationale libyenne (ANL). Les appels \u00e0 l&rsquo;arr\u00eat des hostilit\u00e9s n&rsquo;y changent rien. Un dernier bilan fait \u00e9tat de 35 morts et plus de 2\u00a0800 d\u00e9plac\u00e9s, selon le Haut-commissariat pour les r\u00e9fugi\u00e9s (HCR).<\/strong><\/p>\n<p>Apr\u00e8s une courte tr\u00eave, dans la nuit de dimanche, les hostilit\u00e9s ont repris ce lundi 8 avril. Il s\u2019agit d\u2019une cinqui\u00e8me journ\u00e9e cons\u00e9cutive de combats marqu\u00e9e notamment par une importante frappe a\u00e9rienne. Un avion militaire non identifi\u00e9 a men\u00e9 une frappe sans faire de victimes contre l&rsquo;a\u00e9roport de Mitiga, seul a\u00e9roport fonctionnel de la capitale libyenne, situ\u00e9 dans la banlieue Est de Tripoli.<\/p>\n<p>L&rsquo;autorit\u00e9 de l&rsquo;aviation civile a aussit\u00f4t d\u00e9cid\u00e9 de suspendre le trafic a\u00e9rien, jusqu&rsquo;\u00e0 nouvel ordre. L\u2019ONU impute le raid a\u00e9rien \u00e0 Haftar. Dans un communiqu\u00e9, l\u2019\u00e9missaire de l\u2019ONU en Libye, Ghassan Salam\u00e9 \u00ab\u00a0<em>condamne l\u2019attaque a\u00e9rienne perp\u00e9tr\u00e9e aujourd\u2019hui par un avion de l\u2019ANL contre l\u2019a\u00e9roport de Mitiga, le seul a\u00e9roport op\u00e9rationnel de la capitale \u00e0 \u00eatre utilis\u00e9 \u00e0 des fins civiles<\/em>\u00a0\u00bb.<\/p>\n<p><strong><a href=\"http:\/\/www.rfi.fr\/afrique\/20190406-bataille-tripoli-quelles-sont-forces-presence\">Des combats<\/a><\/strong>\u00a0ont par ailleurs \u00e9t\u00e9 signal\u00e9s \u00e0 Wadi Rabi ainsi que dans le p\u00e9rim\u00e8tre de l&rsquo;a\u00e9roport international situ\u00e9 dans le sud de Tripoli. Cet a\u00e9roport est inutilis\u00e9 depuis sa destruction par des combats en 2014, mais sa position est strat\u00e9gique. Selon des journalistes de l&rsquo;Agence France Presse, il serait \u00e0 nouveau sous le contr\u00f4le des forces qui soutiennent le Gouvernement d&rsquo;union nationale (GNA) de Fayez al-Sarraj.<\/p>\n<p>Mais en d\u00e9pit des combats, \u00e0 Tripoli m\u00eame, administrations, commerces, banques, stations-service, tout \u00e9tait ouvert ce lundi et les habitants vaquaient \u00e0 leurs occupations.<\/p>\n<p><strong>RFI<\/strong><\/p>\n","protected":false},"excerpt":{"rendered":"<p>En Libye, les armes prennent le pas sur les discussions. Le mar\u00e9chal Khalifa Haftar, l&rsquo;homme fort de l&rsquo;Est libyen poursuit son offensive vers Tripoli avec ses forces de l&rsquo;Arm\u00e9e nationale libyenne (ANL). Les appels \u00e0 l&rsquo;arr\u00eat des hostilit\u00e9s n&rsquo;y changent rien. Un dernier bilan fait \u00e9tat de 35 morts et plus de 2\u00a0800 d\u00e9plac\u00e9s, selon [&hellip;]<\/p>\n","protected":false},"author":12,"featured_media":28312,"comment_status":"closed","ping_status":"closed","sticky":false,"template":"","format":"standard","meta":{"_exactmetrics_skip_tracking":false,"_exactmetrics_sitenote_active":false,"_exactmetrics_sitenote_note":"","_exactmetrics_sitenote_category":0,"tdm_status":"","tdm_grid_status":"","footnotes":""},"categories":[21],"tags":[],"class_list":{"0":"post-28311","1":"post","2":"type-post","3":"status-publish","4":"format-standard","5":"has-post-thumbnail","7":"category-international"},"yoast_head":"<!-- This site is optimized with the Yoast SEO plugin v24.2 - https:\/\/yoast.com\/wordpress\/plugins\/seo\/ -->\n<title>Libye: raid a\u00e9rien contre l\u2019a\u00e9roport \u00e0 Tripoli imput\u00e9 \u00e0 Haftar | Guin\u00e9e Diversit\u00e9<\/title>\n<meta name=\"robots\" content=\"index, follow, max-snippet:-1, max-image-preview:large, max-video-preview:-1\" \/>\n<link rel=\"canonical\" href=\"https:\/\/guineediversite.com\/index.php\/2019\/04\/08\/libye-raid-aerien-contre-laeroport-a-tripoli-impute-a-haftar\/\" \/>\n<meta property=\"og:locale\" content=\"fr_FR\" \/>\n<meta property=\"og:type\" content=\"article\" \/>\n<meta property=\"og:title\" content=\"Libye: raid a\u00e9rien contre l\u2019a\u00e9roport \u00e0 Tripoli imput\u00e9 \u00e0 Haftar | Guin\u00e9e Diversit\u00e9\" \/>\n<meta property=\"og:description\" content=\"En Libye, les armes prennent le pas sur les discussions. Le mar\u00e9chal Khalifa Haftar, l&rsquo;homme fort de l&rsquo;Est libyen poursuit son offensive vers Tripoli avec ses forces de l&rsquo;Arm\u00e9e nationale libyenne (ANL). Les appels \u00e0 l&rsquo;arr\u00eat des hostilit\u00e9s n&rsquo;y changent rien. Un dernier bilan fait \u00e9tat de 35 morts et plus de 2\u00a0800 d\u00e9plac\u00e9s, selon [&hellip;]\" \/>\n<meta property=\"og:url\" content=\"https:\/\/guineediversite.com\/index.php\/2019\/04\/08\/libye-raid-aerien-contre-laeroport-a-tripoli-impute-a-haftar\/\" \/>\n<meta property=\"og:site_name\" content=\"Guin\u00e9e Diversit\u00e9\" \/>\n<meta property=\"article:publisher\" content=\"https:\/\/www.facebook.com\/guineediversite\/\" \/>\n<meta property=\"article:published_time\" content=\"2019-04-08T20:24:27+00:00\" \/>\n<meta property=\"og:image\" content=\"https:\/\/guineediversite.com\/wp-content\/uploads\/2019\/04\/2019-04-07t122918z_823121355_rc15228d5300_rtrmadp_3_libya-security_0.jpg\" \/>\n\t<meta property=\"og:image:width\" content=\"1024\" \/>\n\t<meta property=\"og:image:height\" content=\"578\" \/>\n\t<meta property=\"og:image:type\" content=\"image\/jpeg\" \/>\n<meta name=\"author\" content=\"Guin\u00e9e Diversit\u00e9\" \/>\n<meta name=\"twitter:card\" content=\"summary_large_image\" \/>\n<meta name=\"twitter:creator\" content=\"@GuineeDiversite\" \/>\n<meta name=\"twitter:site\" content=\"@GuineeDiversite\" \/>\n<meta name=\"twitter:label1\" content=\"\u00c9crit par\" \/>\n\t<meta name=\"twitter:data1\" content=\"Guin\u00e9e Diversit\u00e9\" \/>\n\t<meta name=\"twitter:label2\" content=\"Dur\u00e9e de lecture estim\u00e9e\" \/>\n\t<meta name=\"twitter:data2\" content=\"2 minutes\" \/>\n<script type=\"application\/ld+json\" class=\"yoast-schema-graph\">{\"@context\":\"https:\/\/schema.org\",\"@graph\":[{\"@type\":\"Article\",\"@id\":\"https:\/\/guineediversite.com\/index.php\/2019\/04\/08\/libye-raid-aerien-contre-laeroport-a-tripoli-impute-a-haftar\/#article\",\"isPartOf\":{\"@id\":\"https:\/\/guineediversite.com\/index.php\/2019\/04\/08\/libye-raid-aerien-contre-laeroport-a-tripoli-impute-a-haftar\/\"},\"author\":{\"name\":\"Guin\u00e9e Diversit\u00e9\",\"@id\":\"https:\/\/guineediversite.com\/#\/schema\/person\/afa08fb34e7fc6e1feafc892612bc836\"},\"headline\":\"Libye: raid a\u00e9rien contre l\u2019a\u00e9roport \u00e0 Tripoli imput\u00e9 \u00e0 Haftar\",\"datePublished\":\"2019-04-08T20:24:27+00:00\",\"dateModified\":\"2019-04-08T20:24:27+00:00\",\"mainEntityOfPage\":{\"@id\":\"https:\/\/guineediversite.com\/index.php\/2019\/04\/08\/libye-raid-aerien-contre-laeroport-a-tripoli-impute-a-haftar\/\"},\"wordCount\":332,\"publisher\":{\"@id\":\"https:\/\/guineediversite.com\/#organization\"},\"image\":{\"@id\":\"https:\/\/guineediversite.com\/index.php\/2019\/04\/08\/libye-raid-aerien-contre-laeroport-a-tripoli-impute-a-haftar\/#primaryimage\"},\"thumbnailUrl\":\"https:\/\/guineediversite.com\/wp-content\/uploads\/2019\/04\/2019-04-07t122918z_823121355_rc15228d5300_rtrmadp_3_libya-security_0.jpg\",\"articleSection\":[\"International\"],\"inLanguage\":\"fr-FR\"},{\"@type\":\"WebPage\",\"@id\":\"https:\/\/guineediversite.com\/index.php\/2019\/04\/08\/libye-raid-aerien-contre-laeroport-a-tripoli-impute-a-haftar\/\",\"url\":\"https:\/\/guineediversite.com\/index.php\/2019\/04\/08\/libye-raid-aerien-contre-laeroport-a-tripoli-impute-a-haftar\/\",\"name\":\"Libye: raid a\u00e9rien contre l\u2019a\u00e9roport \u00e0 Tripoli imput\u00e9 \u00e0 Haftar | Guin\u00e9e Diversit\u00e9\",\"isPartOf\":{\"@id\":\"https:\/\/guineediversite.com\/#website\"},\"primaryImageOfPage\":{\"@id\":\"https:\/\/guineediversite.com\/index.php\/2019\/04\/08\/libye-raid-aerien-contre-laeroport-a-tripoli-impute-a-haftar\/#primaryimage\"},\"image\":{\"@id\":\"https:\/\/guineediversite.com\/index.php\/2019\/04\/08\/libye-raid-aerien-contre-laeroport-a-tripoli-impute-a-haftar\/#primaryimage\"},\"thumbnailUrl\":\"https:\/\/guineediversite.com\/wp-content\/uploads\/2019\/04\/2019-04-07t122918z_823121355_rc15228d5300_rtrmadp_3_libya-security_0.jpg\",\"datePublished\":\"2019-04-08T20:24:27+00:00\",\"dateModified\":\"2019-04-08T20:24:27+00:00\",\"breadcrumb\":{\"@id\":\"https:\/\/guineediversite.com\/index.php\/2019\/04\/08\/libye-raid-aerien-contre-laeroport-a-tripoli-impute-a-haftar\/#breadcrumb\"},\"inLanguage\":\"fr-FR\",\"potentialAction\":[{\"@type\":\"ReadAction\",\"target\":[\"https:\/\/guineediversite.com\/index.php\/2019\/04\/08\/libye-raid-aerien-contre-laeroport-a-tripoli-impute-a-haftar\/\"]}]},{\"@type\":\"ImageObject\",\"inLanguage\":\"fr-FR\",\"@id\":\"https:\/\/guineediversite.com\/index.php\/2019\/04\/08\/libye-raid-aerien-contre-laeroport-a-tripoli-impute-a-haftar\/#primaryimage\",\"url\":\"https:\/\/guineediversite.com\/wp-content\/uploads\/2019\/04\/2019-04-07t122918z_823121355_rc15228d5300_rtrmadp_3_libya-security_0.jpg\",\"contentUrl\":\"https:\/\/guineediversite.com\/wp-content\/uploads\/2019\/04\/2019-04-07t122918z_823121355_rc15228d5300_rtrmadp_3_libya-security_0.jpg\",\"width\":1024,\"height\":578},{\"@type\":\"BreadcrumbList\",\"@id\":\"https:\/\/guineediversite.com\/index.php\/2019\/04\/08\/libye-raid-aerien-contre-laeroport-a-tripoli-impute-a-haftar\/#breadcrumb\",\"itemListElement\":[{\"@type\":\"ListItem\",\"position\":1,\"name\":\"Accueil\",\"item\":\"https:\/\/guineediversite.com\/\"},{\"@type\":\"ListItem\",\"position\":2,\"name\":\"Libye: raid a\u00e9rien contre l\u2019a\u00e9roport \u00e0 Tripoli imput\u00e9 \u00e0 Haftar\"}]},{\"@type\":\"WebSite\",\"@id\":\"https:\/\/guineediversite.com\/#website\",\"url\":\"https:\/\/guineediversite.com\/\",\"name\":\"Guin\u00e9e Diversit\u00e9\",\"description\":\"L&#039;Info dans toute sa diversit\u00e9\",\"publisher\":{\"@id\":\"https:\/\/guineediversite.com\/#organization\"},\"potentialAction\":[{\"@type\":\"SearchAction\",\"target\":{\"@type\":\"EntryPoint\",\"urlTemplate\":\"https:\/\/guineediversite.com\/?s={search_term_string}\"},\"query-input\":{\"@type\":\"PropertyValueSpecification\",\"valueRequired\":true,\"valueName\":\"search_term_string\"}}],\"inLanguage\":\"fr-FR\"},{\"@type\":\"Organization\",\"@id\":\"https:\/\/guineediversite.com\/#organization\",\"name\":\"Guin\u00e9e Diversit\u00e9\",\"url\":\"https:\/\/guineediversite.com\/\",\"logo\":{\"@type\":\"ImageObject\",\"inLanguage\":\"fr-FR\",\"@id\":\"https:\/\/guineediversite.com\/#\/schema\/logo\/image\/\",\"url\":\"https:\/\/guineediversite.com\/wp-content\/uploads\/2017\/04\/cropped-1jojlxEOMkX9Wyqfhe43D6kjPOGqBBKmx3EwWJqZ0cMrFF54yM49.png\",\"contentUrl\":\"https:\/\/guineediversite.com\/wp-content\/uploads\/2017\/04\/cropped-1jojlxEOMkX9Wyqfhe43D6kjPOGqBBKmx3EwWJqZ0cMrFF54yM49.png\",\"width\":186,\"height\":112,\"caption\":\"Guin\u00e9e Diversit\u00e9\"},\"image\":{\"@id\":\"https:\/\/guineediversite.com\/#\/schema\/logo\/image\/\"},\"sameAs\":[\"https:\/\/www.facebook.com\/guineediversite\/\",\"https:\/\/x.com\/GuineeDiversite\",\"https:\/\/www.youtube.com\/channel\/UC8sUY16qelG5ge6_D5SB83g\"]},{\"@type\":\"Person\",\"@id\":\"https:\/\/guineediversite.com\/#\/schema\/person\/afa08fb34e7fc6e1feafc892612bc836\",\"name\":\"Guin\u00e9e Diversit\u00e9\",\"image\":{\"@type\":\"ImageObject\",\"inLanguage\":\"fr-FR\",\"@id\":\"https:\/\/guineediversite.com\/#\/schema\/person\/image\/\",\"url\":\"https:\/\/secure.gravatar.com\/avatar\/50d5eb5b390f8b65ac30ac6f898eb83a?s=96&d=mm&r=g\",\"contentUrl\":\"https:\/\/secure.gravatar.com\/avatar\/50d5eb5b390f8b65ac30ac6f898eb83a?s=96&d=mm&r=g\",\"caption\":\"Guin\u00e9e Diversit\u00e9\"},\"url\":\"https:\/\/guineediversite.com\/index.php\/author\/guineediversite\/\"}]}<\/script>\n<!-- \/ Yoast SEO plugin. -->","yoast_head_json":{"title":"Libye: raid a\u00e9rien contre l\u2019a\u00e9roport \u00e0 Tripoli imput\u00e9 \u00e0 Haftar | Guin\u00e9e Diversit\u00e9","robots":{"index":"index","follow":"follow","max-snippet":"max-snippet:-1","max-image-preview":"max-image-preview:large","max-video-preview":"max-video-preview:-1"},"canonical":"https:\/\/guineediversite.com\/index.php\/2019\/04\/08\/libye-raid-aerien-contre-laeroport-a-tripoli-impute-a-haftar\/","og_locale":"fr_FR","og_type":"article","og_title":"Libye: raid a\u00e9rien contre l\u2019a\u00e9roport \u00e0 Tripoli imput\u00e9 \u00e0 Haftar | Guin\u00e9e Diversit\u00e9","og_description":"En Libye, les armes prennent le pas sur les discussions. Le mar\u00e9chal Khalifa Haftar, l&rsquo;homme fort de l&rsquo;Est libyen poursuit son offensive vers Tripoli avec ses forces de l&rsquo;Arm\u00e9e nationale libyenne (ANL). Les appels \u00e0 l&rsquo;arr\u00eat des hostilit\u00e9s n&rsquo;y changent rien. Un dernier bilan fait \u00e9tat de 35 morts et plus de 2\u00a0800 d\u00e9plac\u00e9s, selon [&hellip;]","og_url":"https:\/\/guineediversite.com\/index.php\/2019\/04\/08\/libye-raid-aerien-contre-laeroport-a-tripoli-impute-a-haftar\/","og_site_name":"Guin\u00e9e Diversit\u00e9","article_publisher":"https:\/\/www.facebook.com\/guineediversite\/","article_published_time":"2019-04-08T20:24:27+00:00","og_image":[{"width":1024,"height":578,"url":"https:\/\/guineediversite.com\/wp-content\/uploads\/2019\/04\/2019-04-07t122918z_823121355_rc15228d5300_rtrmadp_3_libya-security_0.jpg","type":"image\/jpeg"}],"author":"Guin\u00e9e Diversit\u00e9","twitter_card":"summary_large_image","twitter_creator":"@GuineeDiversite","twitter_site":"@GuineeDiversite","twitter_misc":{"\u00c9crit par":"Guin\u00e9e Diversit\u00e9","Dur\u00e9e de lecture estim\u00e9e":"2 minutes"},"schema":{"@context":"https:\/\/schema.org","@graph":[{"@type":"Article","@id":"https:\/\/guineediversite.com\/index.php\/2019\/04\/08\/libye-raid-aerien-contre-laeroport-a-tripoli-impute-a-haftar\/#article","isPartOf":{"@id":"https:\/\/guineediversite.com\/index.php\/2019\/04\/08\/libye-raid-aerien-contre-laeroport-a-tripoli-impute-a-haftar\/"},"author":{"name":"Guin\u00e9e Diversit\u00e9","@id":"https:\/\/guineediversite.com\/#\/schema\/person\/afa08fb34e7fc6e1feafc892612bc836"},"headline":"Libye: raid a\u00e9rien contre l\u2019a\u00e9roport \u00e0 Tripoli imput\u00e9 \u00e0 Haftar","datePublished":"2019-04-08T20:24:27+00:00","dateModified":"2019-04-08T20:24:27+00:00","mainEntityOfPage":{"@id":"https:\/\/guineediversite.com\/index.php\/2019\/04\/08\/libye-raid-aerien-contre-laeroport-a-tripoli-impute-a-haftar\/"},"wordCount":332,"publisher":{"@id":"https:\/\/guineediversite.com\/#organization"},"image":{"@id":"https:\/\/guineediversite.com\/index.php\/2019\/04\/08\/libye-raid-aerien-contre-laeroport-a-tripoli-impute-a-haftar\/#primaryimage"},"thumbnailUrl":"https:\/\/guineediversite.com\/wp-content\/uploads\/2019\/04\/2019-04-07t122918z_823121355_rc15228d5300_rtrmadp_3_libya-security_0.jpg","articleSection":["International"],"inLanguage":"fr-FR"},{"@type":"WebPage","@id":"https:\/\/guineediversite.com\/index.php\/2019\/04\/08\/libye-raid-aerien-contre-laeroport-a-tripoli-impute-a-haftar\/","url":"https:\/\/guineediversite.com\/index.php\/2019\/04\/08\/libye-raid-aerien-contre-laeroport-a-tripoli-impute-a-haftar\/","name":"Libye: raid a\u00e9rien contre l\u2019a\u00e9roport \u00e0 Tripoli imput\u00e9 \u00e0 Haftar | Guin\u00e9e Diversit\u00e9","isPartOf":{"@id":"https:\/\/guineediversite.com\/#website"},"primaryImageOfPage":{"@id":"https:\/\/guineediversite.com\/index.php\/2019\/04\/08\/libye-raid-aerien-contre-laeroport-a-tripoli-impute-a-haftar\/#primaryimage"},"image":{"@id":"https:\/\/guineediversite.com\/index.php\/2019\/04\/08\/libye-raid-aerien-contre-laeroport-a-tripoli-impute-a-haftar\/#primaryimage"},"thumbnailUrl":"https:\/\/guineediversite.com\/wp-content\/uploads\/2019\/04\/2019-04-07t122918z_823121355_rc15228d5300_rtrmadp_3_libya-security_0.jpg","datePublished":"2019-04-08T20:24:27+00:00","dateModified":"2019-04-08T20:24:27+00:00","breadcrumb":{"@id":"https:\/\/guineediversite.com\/index.php\/2019\/04\/08\/libye-raid-aerien-contre-laeroport-a-tripoli-impute-a-haftar\/#breadcrumb"},"inLanguage":"fr-FR","potentialAction":[{"@type":"ReadAction","target":["https:\/\/guineediversite.com\/index.php\/2019\/04\/08\/libye-raid-aerien-contre-laeroport-a-tripoli-impute-a-haftar\/"]}]},{"@type":"ImageObject","inLanguage":"fr-FR","@id":"https:\/\/guineediversite.com\/index.php\/2019\/04\/08\/libye-raid-aerien-contre-laeroport-a-tripoli-impute-a-haftar\/#primaryimage","url":"https:\/\/guineediversite.com\/wp-content\/uploads\/2019\/04\/2019-04-07t122918z_823121355_rc15228d5300_rtrmadp_3_libya-security_0.jpg","contentUrl":"https:\/\/guineediversite.com\/wp-content\/uploads\/2019\/04\/2019-04-07t122918z_823121355_rc15228d5300_rtrmadp_3_libya-security_0.jpg","width":1024,"height":578},{"@type":"BreadcrumbList","@id":"https:\/\/guineediversite.com\/index.php\/2019\/04\/08\/libye-raid-aerien-contre-laeroport-a-tripoli-impute-a-haftar\/#breadcrumb","itemListElement":[{"@type":"ListItem","position":1,"name":"Accueil","item":"https:\/\/guineediversite.com\/"},{"@type":"ListItem","position":2,"name":"Libye: raid a\u00e9rien contre l\u2019a\u00e9roport \u00e0 Tripoli imput\u00e9 \u00e0 Haftar"}]},{"@type":"WebSite","@id":"https:\/\/guineediversite.com\/#website","url":"https:\/\/guineediversite.com\/","name":"Guin\u00e9e Diversit\u00e9","description":"L&#039;Info dans toute sa diversit\u00e9","publisher":{"@id":"https:\/\/guineediversite.com\/#organization"},"potentialAction":[{"@type":"SearchAction","target":{"@type":"EntryPoint","urlTemplate":"https:\/\/guineediversite.com\/?s={search_term_string}"},"query-input":{"@type":"PropertyValueSpecification","valueRequired":true,"valueName":"search_term_string"}}],"inLanguage":"fr-FR"},{"@type":"Organization","@id":"https:\/\/guineediversite.com\/#organization","name":"Guin\u00e9e Diversit\u00e9","url":"https:\/\/guineediversite.com\/","logo":{"@type":"ImageObject","inLanguage":"fr-FR","@id":"https:\/\/guineediversite.com\/#\/schema\/logo\/image\/","url":"https:\/\/guineediversite.com\/wp-content\/uploads\/2017\/04\/cropped-1jojlxEOMkX9Wyqfhe43D6kjPOGqBBKmx3EwWJqZ0cMrFF54yM49.png","contentUrl":"https:\/\/guineediversite.com\/wp-content\/uploads\/2017\/04\/cropped-1jojlxEOMkX9Wyqfhe43D6kjPOGqBBKmx3EwWJqZ0cMrFF54yM49.png","width":186,"height":112,"caption":"Guin\u00e9e Diversit\u00e9"},"image":{"@id":"https:\/\/guineediversite.com\/#\/schema\/logo\/image\/"},"sameAs":["https:\/\/www.facebook.com\/guineediversite\/","https:\/\/x.com\/GuineeDiversite","https:\/\/www.youtube.com\/channel\/UC8sUY16qelG5ge6_D5SB83g"]},{"@type":"Person","@id":"https:\/\/guineediversite.com\/#\/schema\/person\/afa08fb34e7fc6e1feafc892612bc836","name":"Guin\u00e9e Diversit\u00e9","image":{"@type":"ImageObject","inLanguage":"fr-FR","@id":"https:\/\/guineediversite.com\/#\/schema\/person\/image\/","url":"https:\/\/secure.gravatar.com\/avatar\/50d5eb5b390f8b65ac30ac6f898eb83a?s=96&d=mm&r=g","contentUrl":"https:\/\/secure.gravatar.com\/avatar\/50d5eb5b390f8b65ac30ac6f898eb83a?s=96&d=mm&r=g","caption":"Guin\u00e9e Diversit\u00e9"},"url":"https:\/\/guineediversite.com\/index.php\/author\/guineediversite\/"}]}},"_links":{"self":[{"href":"https:\/\/guineediversite.com\/index.php\/wp-json\/wp\/v2\/posts\/28311"}],"collection":[{"href":"https:\/\/guineediversite.com\/index.php\/wp-json\/wp\/v2\/posts"}],"about":[{"href":"https:\/\/guineediversite.com\/index.php\/wp-json\/wp\/v2\/types\/post"}],"author":[{"embeddable":true,"href":"https:\/\/guineediversite.com\/index.php\/wp-json\/wp\/v2\/users\/12"}],"replies":[{"embeddable":true,"href":"https:\/\/guineediversite.com\/index.php\/wp-json\/wp\/v2\/comments?post=28311"}],"version-history":[{"count":0,"href":"https:\/\/guineediversite.com\/index.php\/wp-json\/wp\/v2\/posts\/28311\/revisions"}],"wp:featuredmedia":[{"embeddable":true,"href":"https:\/\/guineediversite.com\/index.php\/wp-json\/wp\/v2\/media\/28312"}],"wp:attachment":[{"href":"https:\/\/guineediversite.com\/index.php\/wp-json\/wp\/v2\/media?parent=28311"}],"wp:term":[{"taxonomy":"category","embeddable":true,"href":"https:\/\/guineediversite.com\/index.php\/wp-json\/wp\/v2\/categories?post=28311"},{"taxonomy":"post_tag","embeddable":true,"href":"https:\/\/guineediversite.com\/index.php\/wp-json\/wp\/v2\/tags?post=28311"}],"curies":[{"name":"wp","href":"https:\/\/api.w.org\/{rel}","templated":true}]}}