{"id":28127,"date":"2019-03-15T21:29:30","date_gmt":"2019-03-15T20:29:30","guid":{"rendered":"https:\/\/guineediversite.com\/?p=28127"},"modified":"2019-03-15T21:29:30","modified_gmt":"2019-03-15T20:29:30","slug":"rapport-daudit-sur-la-declaration-des-biens-le-chef-de-letat-et-ses-deux-premiers-collaborateurs-ont-effectivement-declare-leurs-biens-sekou-kondouno","status":"publish","type":"post","link":"https:\/\/guineediversite.com\/index.php\/2019\/03\/15\/rapport-daudit-sur-la-declaration-des-biens-le-chef-de-letat-et-ses-deux-premiers-collaborateurs-ont-effectivement-declare-leurs-biens-sekou-kondouno\/","title":{"rendered":"Rapport d\u2019audit sur la d\u00e9claration des biens : le chef de l\u2019\u00c9tat et ses deux premiers collaborateurs ont effectivement d\u00e9clar\u00e9 leurs biens (S\u00e9kou Kondouno)"},"content":{"rendered":"<p><strong>C\u2019est lors d\u2019un point de presse qu\u2019il a anim\u00e9 ce vendredi 15 mars au si\u00e8ge de la cellule balai citoyen, que l\u2019administrateur de cette plate-forme a pr\u00e9sent\u00e9 le rapport d\u2019audit sur la d\u00e9claration des biens des hautes personnalit\u00e9s de la R\u00e9publique. Il ressort dans ce rapport selon les statistiques fournies par S\u00e9kou Koundouno, administrateur g\u00e9n\u00e9ral de ladite plate-forme de la soci\u00e9t\u00e9 civile guin\u00e9enne, que 60, 41% des personnalit\u00e9s concern\u00e9es ont d\u00e9clar\u00e9s sur l\u2019honneur leurs biens. <\/strong><\/p>\n<p>Ce rapport synth\u00e8se est le r\u00e9sultat de l\u2019audite citoyen sur la d\u00e9claration sur l\u2019honneur des biens des hautes personnalit\u00e9s de l\u2019\u00c9tat, comme pr\u00e9vu par l\u2019article 36 de la constitution guin\u00e9enne. Il a fallu vingt-six (26) mois pour obtenir ce rapport \u00ab <em>vingt-cinq (25) r\u00e9gies financi\u00e8res ont \u00e9t\u00e9 concern\u00e9es, a d\u00e9clar\u00e9 leur bien un(1), pas d\u2019information vingt-quatre(24) soit 4%. Banque Centrale de la R\u00e9publique de Guin\u00e9e, concern\u00e9 un(1), a d\u00e9clar\u00e9 un(1) soit 100%. Institutions constitutionnelles, concern\u00e9s onze(11), ont d\u00e9clar\u00e9 dix(10), pas d\u2019information un(1) soit 99,90%. Gouvernement Dr Ibrahima Kassory Fofana, concern\u00e9s, ministre trente-cinq(35), ont d\u00e9clar\u00e9 vingt-quatre(24) pas d\u2019information \u00e0 la rentr\u00e9e onze(11), d\u00e9clar\u00e9s a la sortie un (1) \u00bb, <\/em>a \u00e9num\u00e9r\u00e9 S\u00e9kou Koundouno.<\/p>\n<p>Cet audit a aussi concern\u00e9 le gouvernement de Mamady Youla et la pr\u00e9sidence de la R\u00e9publique <em>\u00ab gouvernement Mamady Youla, ministres concern\u00e9s trente-quatre (34), ont d\u00e9clar\u00e9 vingt-huit(28), pas d\u2019information six(6), d\u00e9clar\u00e9 \u00e0 leur sortie du gouvernement cinq(5). Pas d\u2019information quinze(15), reconduit ayant d\u00e9clar\u00e9 huit(8), reconduit et pas d\u2019information six(6) soit 33,32%. Si nous prenons les statistique globales, nous sommes sur ce respect des dispositifs constitutionnelle 60, 41% ont effectivement d\u00e9clar\u00e9 et se sont pli\u00e9s \u00e0 l\u2019exigence de cette disposition constitutionnelle<\/em> \u00bb, souligne l\u2019administrateur g\u00e9n\u00e9ral de la cellule balai citoyen.<\/p>\n<p>Ce rapport a \u00e9t\u00e9 transmis au Premier ministre, \u00e0 la justice et au v\u00e9rificateur national \u00e0 pr\u00e9ciser S\u00e9kou Koundouno. Une statistique de 100% est constat\u00e9e \u00e0 la pr\u00e9sidence de la R\u00e9publique chose que salue S\u00e9kou Koundouno avant d\u2019annoncer que dans les prochains jours d\u2019autres statistiques seront disponibles. \u00ab <em>Le lundi, le chef de l\u2019\u00c9tat, son cabinet et celui de la banque Centrale de la R\u00e9publique de Guin\u00e9e BCRG seront disponibles. Le mardi on s\u2019attaquera au cas du gouvernement \u2018Youla\u2019 et au gouvernement \u2018Kassory\u2019. Nous vous rassurons que conform\u00e9ment \u00e0 l\u2019arsenal juridique que nous avons \u00e0 notre disposition, toutes ces d\u00e9clarations, ceux qui ont fait ou pas sera rendus public afin que le peuple de Guin\u00e9e dont nous sommes convaincus qui reste et demeure le seul souverain puisse savoir quelle sont les personnes qui g\u00e8rent r\u00e9ellement leurs biens (\u2026) pour la pr\u00e9sidence, c\u2019est une satisfaction totale, le chef de l\u2019\u00c9tat et ses deux premiers collaborateurs ont effectivement d\u00e9clar\u00e9 leurs biens<\/em> \u00bb, r\u00e9v\u00e8le S\u00e9kou Koundouno.<\/p>\n","protected":false},"excerpt":{"rendered":"<p>C\u2019est lors d\u2019un point de presse qu\u2019il a anim\u00e9 ce vendredi 15 mars au si\u00e8ge de la cellule balai citoyen, que l\u2019administrateur de cette plate-forme a pr\u00e9sent\u00e9 le rapport d\u2019audit sur la d\u00e9claration des biens des hautes personnalit\u00e9s de la R\u00e9publique. Il ressort dans ce rapport selon les statistiques fournies par S\u00e9kou Koundouno, administrateur g\u00e9n\u00e9ral [&hellip;]<\/p>\n","protected":false},"author":16,"featured_media":28128,"comment_status":"closed","ping_status":"closed","sticky":false,"template":"","format":"standard","meta":{"_exactmetrics_skip_tracking":false,"_exactmetrics_sitenote_active":false,"_exactmetrics_sitenote_note":"","_exactmetrics_sitenote_category":0,"tdm_status":"","tdm_grid_status":"","footnotes":""},"categories":[16],"tags":[],"class_list":{"0":"post-28127","1":"post","2":"type-post","3":"status-publish","4":"format-standard","5":"has-post-thumbnail","7":"category-societe"},"yoast_head":"<!-- This site is optimized with the Yoast SEO plugin v24.2 - https:\/\/yoast.com\/wordpress\/plugins\/seo\/ -->\n<title>Rapport d\u2019audit sur la d\u00e9claration des biens : le chef de l\u2019\u00c9tat et ses deux premiers collaborateurs ont effectivement d\u00e9clar\u00e9 leurs biens (S\u00e9kou Kondouno) | Guin\u00e9e Diversit\u00e9<\/title>\n<meta name=\"robots\" content=\"index, follow, max-snippet:-1, max-image-preview:large, max-video-preview:-1\" \/>\n<link rel=\"canonical\" href=\"https:\/\/guineediversite.com\/index.php\/2019\/03\/15\/rapport-daudit-sur-la-declaration-des-biens-le-chef-de-letat-et-ses-deux-premiers-collaborateurs-ont-effectivement-declare-leurs-biens-sekou-kondouno\/\" \/>\n<meta property=\"og:locale\" content=\"fr_FR\" \/>\n<meta property=\"og:type\" content=\"article\" \/>\n<meta property=\"og:title\" content=\"Rapport d\u2019audit sur la d\u00e9claration des biens : le chef de l\u2019\u00c9tat et ses deux premiers collaborateurs ont effectivement d\u00e9clar\u00e9 leurs biens (S\u00e9kou Kondouno) | Guin\u00e9e Diversit\u00e9\" \/>\n<meta property=\"og:description\" content=\"C\u2019est lors d\u2019un point de presse qu\u2019il a anim\u00e9 ce vendredi 15 mars au si\u00e8ge de la cellule balai citoyen, que l\u2019administrateur de cette plate-forme a pr\u00e9sent\u00e9 le rapport d\u2019audit sur la d\u00e9claration des biens des hautes personnalit\u00e9s de la R\u00e9publique. Il ressort dans ce rapport selon les statistiques fournies par S\u00e9kou Koundouno, administrateur g\u00e9n\u00e9ral [&hellip;]\" \/>\n<meta property=\"og:url\" content=\"https:\/\/guineediversite.com\/index.php\/2019\/03\/15\/rapport-daudit-sur-la-declaration-des-biens-le-chef-de-letat-et-ses-deux-premiers-collaborateurs-ont-effectivement-declare-leurs-biens-sekou-kondouno\/\" \/>\n<meta property=\"og:site_name\" content=\"Guin\u00e9e Diversit\u00e9\" \/>\n<meta property=\"article:publisher\" content=\"https:\/\/www.facebook.com\/guineediversite\/\" \/>\n<meta property=\"article:published_time\" content=\"2019-03-15T20:29:30+00:00\" \/>\n<meta property=\"og:image\" content=\"https:\/\/guineediversite.com\/wp-content\/uploads\/2019\/03\/th.jpg\" \/>\n\t<meta property=\"og:image:width\" content=\"1820\" \/>\n\t<meta property=\"og:image:height\" content=\"1024\" \/>\n\t<meta property=\"og:image:type\" content=\"image\/jpeg\" \/>\n<meta name=\"author\" content=\"Moussa Mo\u00efse K\u00e9ita\" \/>\n<meta name=\"twitter:card\" content=\"summary_large_image\" \/>\n<meta name=\"twitter:creator\" content=\"@GuineeDiversite\" \/>\n<meta name=\"twitter:site\" content=\"@GuineeDiversite\" \/>\n<meta name=\"twitter:label1\" content=\"\u00c9crit par\" \/>\n\t<meta name=\"twitter:data1\" content=\"Moussa Mo\u00efse K\u00e9ita\" \/>\n\t<meta name=\"twitter:label2\" content=\"Dur\u00e9e de lecture estim\u00e9e\" \/>\n\t<meta name=\"twitter:data2\" content=\"2 minutes\" \/>\n<script type=\"application\/ld+json\" class=\"yoast-schema-graph\">{\"@context\":\"https:\/\/schema.org\",\"@graph\":[{\"@type\":\"Article\",\"@id\":\"https:\/\/guineediversite.com\/index.php\/2019\/03\/15\/rapport-daudit-sur-la-declaration-des-biens-le-chef-de-letat-et-ses-deux-premiers-collaborateurs-ont-effectivement-declare-leurs-biens-sekou-kondouno\/#article\",\"isPartOf\":{\"@id\":\"https:\/\/guineediversite.com\/index.php\/2019\/03\/15\/rapport-daudit-sur-la-declaration-des-biens-le-chef-de-letat-et-ses-deux-premiers-collaborateurs-ont-effectivement-declare-leurs-biens-sekou-kondouno\/\"},\"author\":{\"name\":\"Moussa Mo\u00efse K\u00e9ita\",\"@id\":\"https:\/\/guineediversite.com\/#\/schema\/person\/079ec347f72d2acde4b56a50a4fd46dc\"},\"headline\":\"Rapport d\u2019audit sur la d\u00e9claration des biens : le chef de l\u2019\u00c9tat et ses deux premiers collaborateurs ont effectivement d\u00e9clar\u00e9 leurs biens (S\u00e9kou Kondouno)\",\"datePublished\":\"2019-03-15T20:29:30+00:00\",\"dateModified\":\"2019-03-15T20:29:30+00:00\",\"mainEntityOfPage\":{\"@id\":\"https:\/\/guineediversite.com\/index.php\/2019\/03\/15\/rapport-daudit-sur-la-declaration-des-biens-le-chef-de-letat-et-ses-deux-premiers-collaborateurs-ont-effectivement-declare-leurs-biens-sekou-kondouno\/\"},\"wordCount\":527,\"publisher\":{\"@id\":\"https:\/\/guineediversite.com\/#organization\"},\"image\":{\"@id\":\"https:\/\/guineediversite.com\/index.php\/2019\/03\/15\/rapport-daudit-sur-la-declaration-des-biens-le-chef-de-letat-et-ses-deux-premiers-collaborateurs-ont-effectivement-declare-leurs-biens-sekou-kondouno\/#primaryimage\"},\"thumbnailUrl\":\"https:\/\/guineediversite.com\/wp-content\/uploads\/2019\/03\/th.jpg\",\"articleSection\":[\"Soci\u00e9t\u00e9\"],\"inLanguage\":\"fr-FR\"},{\"@type\":\"WebPage\",\"@id\":\"https:\/\/guineediversite.com\/index.php\/2019\/03\/15\/rapport-daudit-sur-la-declaration-des-biens-le-chef-de-letat-et-ses-deux-premiers-collaborateurs-ont-effectivement-declare-leurs-biens-sekou-kondouno\/\",\"url\":\"https:\/\/guineediversite.com\/index.php\/2019\/03\/15\/rapport-daudit-sur-la-declaration-des-biens-le-chef-de-letat-et-ses-deux-premiers-collaborateurs-ont-effectivement-declare-leurs-biens-sekou-kondouno\/\",\"name\":\"Rapport d\u2019audit sur la d\u00e9claration des biens : le chef de l\u2019\u00c9tat et ses deux premiers collaborateurs ont effectivement d\u00e9clar\u00e9 leurs biens (S\u00e9kou Kondouno) | Guin\u00e9e Diversit\u00e9\",\"isPartOf\":{\"@id\":\"https:\/\/guineediversite.com\/#website\"},\"primaryImageOfPage\":{\"@id\":\"https:\/\/guineediversite.com\/index.php\/2019\/03\/15\/rapport-daudit-sur-la-declaration-des-biens-le-chef-de-letat-et-ses-deux-premiers-collaborateurs-ont-effectivement-declare-leurs-biens-sekou-kondouno\/#primaryimage\"},\"image\":{\"@id\":\"https:\/\/guineediversite.com\/index.php\/2019\/03\/15\/rapport-daudit-sur-la-declaration-des-biens-le-chef-de-letat-et-ses-deux-premiers-collaborateurs-ont-effectivement-declare-leurs-biens-sekou-kondouno\/#primaryimage\"},\"thumbnailUrl\":\"https:\/\/guineediversite.com\/wp-content\/uploads\/2019\/03\/th.jpg\",\"datePublished\":\"2019-03-15T20:29:30+00:00\",\"dateModified\":\"2019-03-15T20:29:30+00:00\",\"breadcrumb\":{\"@id\":\"https:\/\/guineediversite.com\/index.php\/2019\/03\/15\/rapport-daudit-sur-la-declaration-des-biens-le-chef-de-letat-et-ses-deux-premiers-collaborateurs-ont-effectivement-declare-leurs-biens-sekou-kondouno\/#breadcrumb\"},\"inLanguage\":\"fr-FR\",\"potentialAction\":[{\"@type\":\"ReadAction\",\"target\":[\"https:\/\/guineediversite.com\/index.php\/2019\/03\/15\/rapport-daudit-sur-la-declaration-des-biens-le-chef-de-letat-et-ses-deux-premiers-collaborateurs-ont-effectivement-declare-leurs-biens-sekou-kondouno\/\"]}]},{\"@type\":\"ImageObject\",\"inLanguage\":\"fr-FR\",\"@id\":\"https:\/\/guineediversite.com\/index.php\/2019\/03\/15\/rapport-daudit-sur-la-declaration-des-biens-le-chef-de-letat-et-ses-deux-premiers-collaborateurs-ont-effectivement-declare-leurs-biens-sekou-kondouno\/#primaryimage\",\"url\":\"https:\/\/guineediversite.com\/wp-content\/uploads\/2019\/03\/th.jpg\",\"contentUrl\":\"https:\/\/guineediversite.com\/wp-content\/uploads\/2019\/03\/th.jpg\",\"width\":1820,\"height\":1024},{\"@type\":\"BreadcrumbList\",\"@id\":\"https:\/\/guineediversite.com\/index.php\/2019\/03\/15\/rapport-daudit-sur-la-declaration-des-biens-le-chef-de-letat-et-ses-deux-premiers-collaborateurs-ont-effectivement-declare-leurs-biens-sekou-kondouno\/#breadcrumb\",\"itemListElement\":[{\"@type\":\"ListItem\",\"position\":1,\"name\":\"Accueil\",\"item\":\"https:\/\/guineediversite.com\/\"},{\"@type\":\"ListItem\",\"position\":2,\"name\":\"Rapport d\u2019audit sur la d\u00e9claration des biens : le chef de l\u2019\u00c9tat et ses deux premiers collaborateurs ont effectivement d\u00e9clar\u00e9 leurs biens (S\u00e9kou Kondouno)\"}]},{\"@type\":\"WebSite\",\"@id\":\"https:\/\/guineediversite.com\/#website\",\"url\":\"https:\/\/guineediversite.com\/\",\"name\":\"Guin\u00e9e Diversit\u00e9\",\"description\":\"L&#039;Info dans toute sa diversit\u00e9\",\"publisher\":{\"@id\":\"https:\/\/guineediversite.com\/#organization\"},\"potentialAction\":[{\"@type\":\"SearchAction\",\"target\":{\"@type\":\"EntryPoint\",\"urlTemplate\":\"https:\/\/guineediversite.com\/?s={search_term_string}\"},\"query-input\":{\"@type\":\"PropertyValueSpecification\",\"valueRequired\":true,\"valueName\":\"search_term_string\"}}],\"inLanguage\":\"fr-FR\"},{\"@type\":\"Organization\",\"@id\":\"https:\/\/guineediversite.com\/#organization\",\"name\":\"Guin\u00e9e Diversit\u00e9\",\"url\":\"https:\/\/guineediversite.com\/\",\"logo\":{\"@type\":\"ImageObject\",\"inLanguage\":\"fr-FR\",\"@id\":\"https:\/\/guineediversite.com\/#\/schema\/logo\/image\/\",\"url\":\"https:\/\/guineediversite.com\/wp-content\/uploads\/2017\/04\/cropped-1jojlxEOMkX9Wyqfhe43D6kjPOGqBBKmx3EwWJqZ0cMrFF54yM49.png\",\"contentUrl\":\"https:\/\/guineediversite.com\/wp-content\/uploads\/2017\/04\/cropped-1jojlxEOMkX9Wyqfhe43D6kjPOGqBBKmx3EwWJqZ0cMrFF54yM49.png\",\"width\":186,\"height\":112,\"caption\":\"Guin\u00e9e Diversit\u00e9\"},\"image\":{\"@id\":\"https:\/\/guineediversite.com\/#\/schema\/logo\/image\/\"},\"sameAs\":[\"https:\/\/www.facebook.com\/guineediversite\/\",\"https:\/\/x.com\/GuineeDiversite\",\"https:\/\/www.youtube.com\/channel\/UC8sUY16qelG5ge6_D5SB83g\"]},{\"@type\":\"Person\",\"@id\":\"https:\/\/guineediversite.com\/#\/schema\/person\/079ec347f72d2acde4b56a50a4fd46dc\",\"name\":\"Moussa Mo\u00efse K\u00e9ita\",\"image\":{\"@type\":\"ImageObject\",\"inLanguage\":\"fr-FR\",\"@id\":\"https:\/\/guineediversite.com\/#\/schema\/person\/image\/\",\"url\":\"https:\/\/secure.gravatar.com\/avatar\/edf1ea2cc01841e6c0b49384bcb1385b?s=96&d=mm&r=g\",\"contentUrl\":\"https:\/\/secure.gravatar.com\/avatar\/edf1ea2cc01841e6c0b49384bcb1385b?s=96&d=mm&r=g\",\"caption\":\"Moussa Mo\u00efse K\u00e9ita\"},\"url\":\"https:\/\/guineediversite.com\/index.php\/author\/moussa-moise\/\"}]}<\/script>\n<!-- \/ Yoast SEO plugin. -->","yoast_head_json":{"title":"Rapport d\u2019audit sur la d\u00e9claration des biens : le chef de l\u2019\u00c9tat et ses deux premiers collaborateurs ont effectivement d\u00e9clar\u00e9 leurs biens (S\u00e9kou Kondouno) | Guin\u00e9e Diversit\u00e9","robots":{"index":"index","follow":"follow","max-snippet":"max-snippet:-1","max-image-preview":"max-image-preview:large","max-video-preview":"max-video-preview:-1"},"canonical":"https:\/\/guineediversite.com\/index.php\/2019\/03\/15\/rapport-daudit-sur-la-declaration-des-biens-le-chef-de-letat-et-ses-deux-premiers-collaborateurs-ont-effectivement-declare-leurs-biens-sekou-kondouno\/","og_locale":"fr_FR","og_type":"article","og_title":"Rapport d\u2019audit sur la d\u00e9claration des biens : le chef de l\u2019\u00c9tat et ses deux premiers collaborateurs ont effectivement d\u00e9clar\u00e9 leurs biens (S\u00e9kou Kondouno) | Guin\u00e9e Diversit\u00e9","og_description":"C\u2019est lors d\u2019un point de presse qu\u2019il a anim\u00e9 ce vendredi 15 mars au si\u00e8ge de la cellule balai citoyen, que l\u2019administrateur de cette plate-forme a pr\u00e9sent\u00e9 le rapport d\u2019audit sur la d\u00e9claration des biens des hautes personnalit\u00e9s de la R\u00e9publique. Il ressort dans ce rapport selon les statistiques fournies par S\u00e9kou Koundouno, administrateur g\u00e9n\u00e9ral [&hellip;]","og_url":"https:\/\/guineediversite.com\/index.php\/2019\/03\/15\/rapport-daudit-sur-la-declaration-des-biens-le-chef-de-letat-et-ses-deux-premiers-collaborateurs-ont-effectivement-declare-leurs-biens-sekou-kondouno\/","og_site_name":"Guin\u00e9e Diversit\u00e9","article_publisher":"https:\/\/www.facebook.com\/guineediversite\/","article_published_time":"2019-03-15T20:29:30+00:00","og_image":[{"width":1820,"height":1024,"url":"https:\/\/guineediversite.com\/wp-content\/uploads\/2019\/03\/th.jpg","type":"image\/jpeg"}],"author":"Moussa Mo\u00efse K\u00e9ita","twitter_card":"summary_large_image","twitter_creator":"@GuineeDiversite","twitter_site":"@GuineeDiversite","twitter_misc":{"\u00c9crit par":"Moussa Mo\u00efse K\u00e9ita","Dur\u00e9e de lecture estim\u00e9e":"2 minutes"},"schema":{"@context":"https:\/\/schema.org","@graph":[{"@type":"Article","@id":"https:\/\/guineediversite.com\/index.php\/2019\/03\/15\/rapport-daudit-sur-la-declaration-des-biens-le-chef-de-letat-et-ses-deux-premiers-collaborateurs-ont-effectivement-declare-leurs-biens-sekou-kondouno\/#article","isPartOf":{"@id":"https:\/\/guineediversite.com\/index.php\/2019\/03\/15\/rapport-daudit-sur-la-declaration-des-biens-le-chef-de-letat-et-ses-deux-premiers-collaborateurs-ont-effectivement-declare-leurs-biens-sekou-kondouno\/"},"author":{"name":"Moussa Mo\u00efse K\u00e9ita","@id":"https:\/\/guineediversite.com\/#\/schema\/person\/079ec347f72d2acde4b56a50a4fd46dc"},"headline":"Rapport d\u2019audit sur la d\u00e9claration des biens : le chef de l\u2019\u00c9tat et ses deux premiers collaborateurs ont effectivement d\u00e9clar\u00e9 leurs biens (S\u00e9kou Kondouno)","datePublished":"2019-03-15T20:29:30+00:00","dateModified":"2019-03-15T20:29:30+00:00","mainEntityOfPage":{"@id":"https:\/\/guineediversite.com\/index.php\/2019\/03\/15\/rapport-daudit-sur-la-declaration-des-biens-le-chef-de-letat-et-ses-deux-premiers-collaborateurs-ont-effectivement-declare-leurs-biens-sekou-kondouno\/"},"wordCount":527,"publisher":{"@id":"https:\/\/guineediversite.com\/#organization"},"image":{"@id":"https:\/\/guineediversite.com\/index.php\/2019\/03\/15\/rapport-daudit-sur-la-declaration-des-biens-le-chef-de-letat-et-ses-deux-premiers-collaborateurs-ont-effectivement-declare-leurs-biens-sekou-kondouno\/#primaryimage"},"thumbnailUrl":"https:\/\/guineediversite.com\/wp-content\/uploads\/2019\/03\/th.jpg","articleSection":["Soci\u00e9t\u00e9"],"inLanguage":"fr-FR"},{"@type":"WebPage","@id":"https:\/\/guineediversite.com\/index.php\/2019\/03\/15\/rapport-daudit-sur-la-declaration-des-biens-le-chef-de-letat-et-ses-deux-premiers-collaborateurs-ont-effectivement-declare-leurs-biens-sekou-kondouno\/","url":"https:\/\/guineediversite.com\/index.php\/2019\/03\/15\/rapport-daudit-sur-la-declaration-des-biens-le-chef-de-letat-et-ses-deux-premiers-collaborateurs-ont-effectivement-declare-leurs-biens-sekou-kondouno\/","name":"Rapport d\u2019audit sur la d\u00e9claration des biens : le chef de l\u2019\u00c9tat et ses deux premiers collaborateurs ont effectivement d\u00e9clar\u00e9 leurs biens (S\u00e9kou Kondouno) | Guin\u00e9e Diversit\u00e9","isPartOf":{"@id":"https:\/\/guineediversite.com\/#website"},"primaryImageOfPage":{"@id":"https:\/\/guineediversite.com\/index.php\/2019\/03\/15\/rapport-daudit-sur-la-declaration-des-biens-le-chef-de-letat-et-ses-deux-premiers-collaborateurs-ont-effectivement-declare-leurs-biens-sekou-kondouno\/#primaryimage"},"image":{"@id":"https:\/\/guineediversite.com\/index.php\/2019\/03\/15\/rapport-daudit-sur-la-declaration-des-biens-le-chef-de-letat-et-ses-deux-premiers-collaborateurs-ont-effectivement-declare-leurs-biens-sekou-kondouno\/#primaryimage"},"thumbnailUrl":"https:\/\/guineediversite.com\/wp-content\/uploads\/2019\/03\/th.jpg","datePublished":"2019-03-15T20:29:30+00:00","dateModified":"2019-03-15T20:29:30+00:00","breadcrumb":{"@id":"https:\/\/guineediversite.com\/index.php\/2019\/03\/15\/rapport-daudit-sur-la-declaration-des-biens-le-chef-de-letat-et-ses-deux-premiers-collaborateurs-ont-effectivement-declare-leurs-biens-sekou-kondouno\/#breadcrumb"},"inLanguage":"fr-FR","potentialAction":[{"@type":"ReadAction","target":["https:\/\/guineediversite.com\/index.php\/2019\/03\/15\/rapport-daudit-sur-la-declaration-des-biens-le-chef-de-letat-et-ses-deux-premiers-collaborateurs-ont-effectivement-declare-leurs-biens-sekou-kondouno\/"]}]},{"@type":"ImageObject","inLanguage":"fr-FR","@id":"https:\/\/guineediversite.com\/index.php\/2019\/03\/15\/rapport-daudit-sur-la-declaration-des-biens-le-chef-de-letat-et-ses-deux-premiers-collaborateurs-ont-effectivement-declare-leurs-biens-sekou-kondouno\/#primaryimage","url":"https:\/\/guineediversite.com\/wp-content\/uploads\/2019\/03\/th.jpg","contentUrl":"https:\/\/guineediversite.com\/wp-content\/uploads\/2019\/03\/th.jpg","width":1820,"height":1024},{"@type":"BreadcrumbList","@id":"https:\/\/guineediversite.com\/index.php\/2019\/03\/15\/rapport-daudit-sur-la-declaration-des-biens-le-chef-de-letat-et-ses-deux-premiers-collaborateurs-ont-effectivement-declare-leurs-biens-sekou-kondouno\/#breadcrumb","itemListElement":[{"@type":"ListItem","position":1,"name":"Accueil","item":"https:\/\/guineediversite.com\/"},{"@type":"ListItem","position":2,"name":"Rapport d\u2019audit sur la d\u00e9claration des biens : le chef de l\u2019\u00c9tat et ses deux premiers collaborateurs ont effectivement d\u00e9clar\u00e9 leurs biens (S\u00e9kou Kondouno)"}]},{"@type":"WebSite","@id":"https:\/\/guineediversite.com\/#website","url":"https:\/\/guineediversite.com\/","name":"Guin\u00e9e Diversit\u00e9","description":"L&#039;Info dans toute sa diversit\u00e9","publisher":{"@id":"https:\/\/guineediversite.com\/#organization"},"potentialAction":[{"@type":"SearchAction","target":{"@type":"EntryPoint","urlTemplate":"https:\/\/guineediversite.com\/?s={search_term_string}"},"query-input":{"@type":"PropertyValueSpecification","valueRequired":true,"valueName":"search_term_string"}}],"inLanguage":"fr-FR"},{"@type":"Organization","@id":"https:\/\/guineediversite.com\/#organization","name":"Guin\u00e9e Diversit\u00e9","url":"https:\/\/guineediversite.com\/","logo":{"@type":"ImageObject","inLanguage":"fr-FR","@id":"https:\/\/guineediversite.com\/#\/schema\/logo\/image\/","url":"https:\/\/guineediversite.com\/wp-content\/uploads\/2017\/04\/cropped-1jojlxEOMkX9Wyqfhe43D6kjPOGqBBKmx3EwWJqZ0cMrFF54yM49.png","contentUrl":"https:\/\/guineediversite.com\/wp-content\/uploads\/2017\/04\/cropped-1jojlxEOMkX9Wyqfhe43D6kjPOGqBBKmx3EwWJqZ0cMrFF54yM49.png","width":186,"height":112,"caption":"Guin\u00e9e Diversit\u00e9"},"image":{"@id":"https:\/\/guineediversite.com\/#\/schema\/logo\/image\/"},"sameAs":["https:\/\/www.facebook.com\/guineediversite\/","https:\/\/x.com\/GuineeDiversite","https:\/\/www.youtube.com\/channel\/UC8sUY16qelG5ge6_D5SB83g"]},{"@type":"Person","@id":"https:\/\/guineediversite.com\/#\/schema\/person\/079ec347f72d2acde4b56a50a4fd46dc","name":"Moussa Mo\u00efse K\u00e9ita","image":{"@type":"ImageObject","inLanguage":"fr-FR","@id":"https:\/\/guineediversite.com\/#\/schema\/person\/image\/","url":"https:\/\/secure.gravatar.com\/avatar\/edf1ea2cc01841e6c0b49384bcb1385b?s=96&d=mm&r=g","contentUrl":"https:\/\/secure.gravatar.com\/avatar\/edf1ea2cc01841e6c0b49384bcb1385b?s=96&d=mm&r=g","caption":"Moussa Mo\u00efse K\u00e9ita"},"url":"https:\/\/guineediversite.com\/index.php\/author\/moussa-moise\/"}]}},"_links":{"self":[{"href":"https:\/\/guineediversite.com\/index.php\/wp-json\/wp\/v2\/posts\/28127"}],"collection":[{"href":"https:\/\/guineediversite.com\/index.php\/wp-json\/wp\/v2\/posts"}],"about":[{"href":"https:\/\/guineediversite.com\/index.php\/wp-json\/wp\/v2\/types\/post"}],"author":[{"embeddable":true,"href":"https:\/\/guineediversite.com\/index.php\/wp-json\/wp\/v2\/users\/16"}],"replies":[{"embeddable":true,"href":"https:\/\/guineediversite.com\/index.php\/wp-json\/wp\/v2\/comments?post=28127"}],"version-history":[{"count":0,"href":"https:\/\/guineediversite.com\/index.php\/wp-json\/wp\/v2\/posts\/28127\/revisions"}],"wp:featuredmedia":[{"embeddable":true,"href":"https:\/\/guineediversite.com\/index.php\/wp-json\/wp\/v2\/media\/28128"}],"wp:attachment":[{"href":"https:\/\/guineediversite.com\/index.php\/wp-json\/wp\/v2\/media?parent=28127"}],"wp:term":[{"taxonomy":"category","embeddable":true,"href":"https:\/\/guineediversite.com\/index.php\/wp-json\/wp\/v2\/categories?post=28127"},{"taxonomy":"post_tag","embeddable":true,"href":"https:\/\/guineediversite.com\/index.php\/wp-json\/wp\/v2\/tags?post=28127"}],"curies":[{"name":"wp","href":"https:\/\/api.w.org\/{rel}","templated":true}]}}