{"id":28089,"date":"2019-03-12T11:07:25","date_gmt":"2019-03-12T10:07:25","guid":{"rendered":"https:\/\/guineediversite.com\/?p=28089"},"modified":"2019-03-12T11:07:25","modified_gmt":"2019-03-12T10:07:25","slug":"football-zinedine-zidane-redevient-entraineur-du-real-madrid","status":"publish","type":"post","link":"https:\/\/guineediversite.com\/index.php\/2019\/03\/12\/football-zinedine-zidane-redevient-entraineur-du-real-madrid\/","title":{"rendered":"Football: Zin\u00e9dine Zidane redevient entra\u00eeneur du Real Madrid"},"content":{"rendered":"<p>Zin\u00e9dine Zidane est officiellement redevenu l\u2019entra\u00eeneur du Real Madrid, ce 11 mars 2019, et ce jusqu&rsquo;en 2022. Le Fran\u00e7ais avait quitt\u00e9 ses fonctions au sein du club espagnol de football, en mai 2018, apr\u00e8s trois victoires en coupe d\u2019Europe (Ligue des champions). Neuf mois plus tard, le voil\u00e0 de retour \u00e0 la t\u00eate d\u2019une \u00e9quipe madril\u00e8ne en pleine crise.<\/p>\n<p>La s\u00e9paration entre le Real Madrid et Zin\u00e9dine Zidane n\u2019a dur\u00e9 que neuf mois. Et elle n\u2019a pas sp\u00e9cialement r\u00e9ussi au club espagnol de football. Le 5 mars, les Madril\u00e8nes ont \u00e9t\u00e9\u00a0<strong><a href=\"http:\/\/www.rfi.fr\/sports\/20190305-foot-ajax-met-fin-regne-real-ligue-champions\">piteusement \u00e9limin\u00e9s par l\u2019Ajax Amsterdam<\/a><\/strong>\u00a0d\u2019une coupe d\u2019Europe (Ligue des champions) qu\u2019ils venaient de reporter trois fois (2016, 2017 et 2018). Quelques jours plus t\u00f4t, ils avaient \u00e9t\u00e9 battus deux fois par leurs grands rivaux du FC Barcelone : une fois en coupe d\u2019Espagne (0-3), puis une autre en Championnat d\u2019Espagne (0-1).<\/p>\n<p><strong>Une saison catastrophique<\/strong><\/p>\n<p>Ces trois d\u00e9faites de suite \u00e0 domicile, synonymes ou presque de saison sans le moindre troph\u00e9e, ont \u00e9t\u00e9 fatales \u00e0 Santiago Solari. L\u2019entra\u00eeneur argentin a \u00e9t\u00e9 d\u00e9mis de ses fonctions officiellement, ce 11 mars 2019, apr\u00e8s 32 matches (22 victoires, 2 nuls, 8 revers) \u00e0 la t\u00eate des \u00ab\u00a0Merengue\u00a0\u00bb. \u00ab\u00a0<em>Le Real Madrid appr\u00e9cie le travail accompli par Santiago Solari ainsi que l&rsquo;engagement et la loyaut\u00e9 qu&rsquo;il a toujours manifest\u00e9s envers cette maison<\/em>\u00a0\u00bb, indique le Real dans un communiqu\u00e9.<\/p>\n<p>L\u2019ancien milieu de terrain avait lui-m\u00eame succ\u00e9d\u00e9 \u00e0 Julen Lopetegui, vir\u00e9 en octobre 2018 apr\u00e8s une racl\u00e9e face au FC Barcelone (1-5). Santiago Solari avait tout d\u2019abord obtenu de bons r\u00e9sultats, au point de se voir offrir un contrat jusqu\u2019en 2021. Mais en l\u2019espace de quelques jours, le Real Madrid a perdu quasiment tout espoir d\u2019inscrire une nouvelle ligne \u00e0 son immense palmar\u00e8s.<\/p>\n<p><strong>Zin\u00e9dine Zidane en terrain conquis<\/strong><\/p>\n<p>C\u2019est dans ce contexte de d\u00e9b\u00e2cle que Zin\u00e9dine Zidane, \u00e2g\u00e9 de 46 ans, retrouve un club avec lequel il a remport\u00e9 15 titres : 6 en tant que joueur (2001-2006) et 9 en tant que coach (2016-2018). C\u2019est donc peu de dire que le Fran\u00e7ais, annonc\u00e9 ces derni\u00e8res semaines dans d&rsquo;autres grands clubs d&rsquo;Europe (Manchester United, Juventus Turin), arrive en terrain connu et d\u00e9j\u00e0 conquis.<\/p>\n<p>En mai 2018, juste apr\u00e8s une victoire en Ligue des champions, l\u2019ex-meneur de jeu avait pris tout le monde de court \u2013 y compris ses dirigeants \u2013\u00a0<strong><a href=\"http:\/\/www.rfi.fr\/sports\/20180531-football-zinedine-zidane-quitte-le-real-madrid\">en annon\u00e7ant son d\u00e9part<\/a><\/strong>. Zin\u00e9dine Zidane avait alors senti que son groupe de joueurs \u00e9tait us\u00e9 et risquait de rater sa saison.<\/p>\n<p><strong>Repartir du bon pied<\/strong><\/p>\n<p>Depuis, les faits ont donn\u00e9 raison \u00e0 un Zin\u00e9dine Zidane engag\u00e9 jusqu&rsquo;en juin 2022. Le Real Madrid va donc tenter de finir l\u2019exercice 2018-2019 du mieux possible, et pourquoi pas d&rsquo;inqui\u00e9ter le Bar\u00e7a en Liga ? C\u2019est cet \u00e9t\u00e9, durant le march\u00e9 des transferts, que le Real Madrid va surtout jouer gros. Les Castillans vont essayer de renforcer et de rajeunir un effectif vieillissant et qui ne s&rsquo;est pas remis dun autre d\u00e9part : celui de son ex-attaquant-vedette, Cristiano Ronaldo, parti \u00e0 la Juventus.<\/p>\n<p><strong>RFI<\/strong><\/p>\n","protected":false},"excerpt":{"rendered":"<p>Zin\u00e9dine Zidane est officiellement redevenu l\u2019entra\u00eeneur du Real Madrid, ce 11 mars 2019, et ce jusqu&rsquo;en 2022. Le Fran\u00e7ais avait quitt\u00e9 ses fonctions au sein du club espagnol de football, en mai 2018, apr\u00e8s trois victoires en coupe d\u2019Europe (Ligue des champions). Neuf mois plus tard, le voil\u00e0 de retour \u00e0 la t\u00eate d\u2019une \u00e9quipe [&hellip;]<\/p>\n","protected":false},"author":12,"featured_media":28090,"comment_status":"closed","ping_status":"closed","sticky":false,"template":"","format":"standard","meta":{"_exactmetrics_skip_tracking":false,"_exactmetrics_sitenote_active":false,"_exactmetrics_sitenote_note":"","_exactmetrics_sitenote_category":0,"tdm_status":"","tdm_grid_status":"","footnotes":""},"categories":[21],"tags":[],"class_list":{"0":"post-28089","1":"post","2":"type-post","3":"status-publish","4":"format-standard","5":"has-post-thumbnail","7":"category-international"},"yoast_head":"<!-- This site is optimized with the Yoast SEO plugin v24.2 - https:\/\/yoast.com\/wordpress\/plugins\/seo\/ -->\n<title>Football: Zin\u00e9dine Zidane redevient entra\u00eeneur du Real Madrid | Guin\u00e9e Diversit\u00e9<\/title>\n<meta name=\"robots\" content=\"index, follow, max-snippet:-1, max-image-preview:large, max-video-preview:-1\" \/>\n<link rel=\"canonical\" href=\"https:\/\/guineediversite.com\/index.php\/2019\/03\/12\/football-zinedine-zidane-redevient-entraineur-du-real-madrid\/\" \/>\n<meta property=\"og:locale\" content=\"fr_FR\" \/>\n<meta property=\"og:type\" content=\"article\" \/>\n<meta property=\"og:title\" content=\"Football: Zin\u00e9dine Zidane redevient entra\u00eeneur du Real Madrid | Guin\u00e9e Diversit\u00e9\" \/>\n<meta property=\"og:description\" content=\"Zin\u00e9dine Zidane est officiellement redevenu l\u2019entra\u00eeneur du Real Madrid, ce 11 mars 2019, et ce jusqu&rsquo;en 2022. Le Fran\u00e7ais avait quitt\u00e9 ses fonctions au sein du club espagnol de football, en mai 2018, apr\u00e8s trois victoires en coupe d\u2019Europe (Ligue des champions). Neuf mois plus tard, le voil\u00e0 de retour \u00e0 la t\u00eate d\u2019une \u00e9quipe [&hellip;]\" \/>\n<meta property=\"og:url\" content=\"https:\/\/guineediversite.com\/index.php\/2019\/03\/12\/football-zinedine-zidane-redevient-entraineur-du-real-madrid\/\" \/>\n<meta property=\"og:site_name\" content=\"Guin\u00e9e Diversit\u00e9\" \/>\n<meta property=\"article:publisher\" content=\"https:\/\/www.facebook.com\/guineediversite\/\" \/>\n<meta property=\"article:published_time\" content=\"2019-03-12T10:07:25+00:00\" \/>\n<meta property=\"og:image\" content=\"https:\/\/guineediversite.com\/wp-content\/uploads\/2019\/03\/2019-03-11t145742z_910151381_rc1203331750_rtrmadp_3_soccer-spain-mad-zidane_0.jpg\" \/>\n\t<meta property=\"og:image:width\" content=\"1024\" \/>\n\t<meta property=\"og:image:height\" content=\"578\" \/>\n\t<meta property=\"og:image:type\" content=\"image\/jpeg\" \/>\n<meta name=\"author\" content=\"Guin\u00e9e Diversit\u00e9\" \/>\n<meta name=\"twitter:card\" content=\"summary_large_image\" \/>\n<meta name=\"twitter:creator\" content=\"@GuineeDiversite\" \/>\n<meta name=\"twitter:site\" content=\"@GuineeDiversite\" \/>\n<meta name=\"twitter:label1\" content=\"\u00c9crit par\" \/>\n\t<meta name=\"twitter:data1\" content=\"Guin\u00e9e Diversit\u00e9\" \/>\n\t<meta name=\"twitter:label2\" content=\"Dur\u00e9e de lecture estim\u00e9e\" \/>\n\t<meta name=\"twitter:data2\" content=\"3 minutes\" \/>\n<script type=\"application\/ld+json\" class=\"yoast-schema-graph\">{\"@context\":\"https:\/\/schema.org\",\"@graph\":[{\"@type\":\"Article\",\"@id\":\"https:\/\/guineediversite.com\/index.php\/2019\/03\/12\/football-zinedine-zidane-redevient-entraineur-du-real-madrid\/#article\",\"isPartOf\":{\"@id\":\"https:\/\/guineediversite.com\/index.php\/2019\/03\/12\/football-zinedine-zidane-redevient-entraineur-du-real-madrid\/\"},\"author\":{\"name\":\"Guin\u00e9e Diversit\u00e9\",\"@id\":\"https:\/\/guineediversite.com\/#\/schema\/person\/afa08fb34e7fc6e1feafc892612bc836\"},\"headline\":\"Football: Zin\u00e9dine Zidane redevient entra\u00eeneur du Real Madrid\",\"datePublished\":\"2019-03-12T10:07:25+00:00\",\"dateModified\":\"2019-03-12T10:07:25+00:00\",\"mainEntityOfPage\":{\"@id\":\"https:\/\/guineediversite.com\/index.php\/2019\/03\/12\/football-zinedine-zidane-redevient-entraineur-du-real-madrid\/\"},\"wordCount\":541,\"publisher\":{\"@id\":\"https:\/\/guineediversite.com\/#organization\"},\"image\":{\"@id\":\"https:\/\/guineediversite.com\/index.php\/2019\/03\/12\/football-zinedine-zidane-redevient-entraineur-du-real-madrid\/#primaryimage\"},\"thumbnailUrl\":\"https:\/\/guineediversite.com\/wp-content\/uploads\/2019\/03\/2019-03-11t145742z_910151381_rc1203331750_rtrmadp_3_soccer-spain-mad-zidane_0.jpg\",\"articleSection\":[\"International\"],\"inLanguage\":\"fr-FR\"},{\"@type\":\"WebPage\",\"@id\":\"https:\/\/guineediversite.com\/index.php\/2019\/03\/12\/football-zinedine-zidane-redevient-entraineur-du-real-madrid\/\",\"url\":\"https:\/\/guineediversite.com\/index.php\/2019\/03\/12\/football-zinedine-zidane-redevient-entraineur-du-real-madrid\/\",\"name\":\"Football: Zin\u00e9dine Zidane redevient entra\u00eeneur du Real Madrid | Guin\u00e9e Diversit\u00e9\",\"isPartOf\":{\"@id\":\"https:\/\/guineediversite.com\/#website\"},\"primaryImageOfPage\":{\"@id\":\"https:\/\/guineediversite.com\/index.php\/2019\/03\/12\/football-zinedine-zidane-redevient-entraineur-du-real-madrid\/#primaryimage\"},\"image\":{\"@id\":\"https:\/\/guineediversite.com\/index.php\/2019\/03\/12\/football-zinedine-zidane-redevient-entraineur-du-real-madrid\/#primaryimage\"},\"thumbnailUrl\":\"https:\/\/guineediversite.com\/wp-content\/uploads\/2019\/03\/2019-03-11t145742z_910151381_rc1203331750_rtrmadp_3_soccer-spain-mad-zidane_0.jpg\",\"datePublished\":\"2019-03-12T10:07:25+00:00\",\"dateModified\":\"2019-03-12T10:07:25+00:00\",\"breadcrumb\":{\"@id\":\"https:\/\/guineediversite.com\/index.php\/2019\/03\/12\/football-zinedine-zidane-redevient-entraineur-du-real-madrid\/#breadcrumb\"},\"inLanguage\":\"fr-FR\",\"potentialAction\":[{\"@type\":\"ReadAction\",\"target\":[\"https:\/\/guineediversite.com\/index.php\/2019\/03\/12\/football-zinedine-zidane-redevient-entraineur-du-real-madrid\/\"]}]},{\"@type\":\"ImageObject\",\"inLanguage\":\"fr-FR\",\"@id\":\"https:\/\/guineediversite.com\/index.php\/2019\/03\/12\/football-zinedine-zidane-redevient-entraineur-du-real-madrid\/#primaryimage\",\"url\":\"https:\/\/guineediversite.com\/wp-content\/uploads\/2019\/03\/2019-03-11t145742z_910151381_rc1203331750_rtrmadp_3_soccer-spain-mad-zidane_0.jpg\",\"contentUrl\":\"https:\/\/guineediversite.com\/wp-content\/uploads\/2019\/03\/2019-03-11t145742z_910151381_rc1203331750_rtrmadp_3_soccer-spain-mad-zidane_0.jpg\",\"width\":1024,\"height\":578},{\"@type\":\"BreadcrumbList\",\"@id\":\"https:\/\/guineediversite.com\/index.php\/2019\/03\/12\/football-zinedine-zidane-redevient-entraineur-du-real-madrid\/#breadcrumb\",\"itemListElement\":[{\"@type\":\"ListItem\",\"position\":1,\"name\":\"Accueil\",\"item\":\"https:\/\/guineediversite.com\/\"},{\"@type\":\"ListItem\",\"position\":2,\"name\":\"Football: Zin\u00e9dine Zidane redevient entra\u00eeneur du Real Madrid\"}]},{\"@type\":\"WebSite\",\"@id\":\"https:\/\/guineediversite.com\/#website\",\"url\":\"https:\/\/guineediversite.com\/\",\"name\":\"Guin\u00e9e Diversit\u00e9\",\"description\":\"L&#039;Info dans toute sa diversit\u00e9\",\"publisher\":{\"@id\":\"https:\/\/guineediversite.com\/#organization\"},\"potentialAction\":[{\"@type\":\"SearchAction\",\"target\":{\"@type\":\"EntryPoint\",\"urlTemplate\":\"https:\/\/guineediversite.com\/?s={search_term_string}\"},\"query-input\":{\"@type\":\"PropertyValueSpecification\",\"valueRequired\":true,\"valueName\":\"search_term_string\"}}],\"inLanguage\":\"fr-FR\"},{\"@type\":\"Organization\",\"@id\":\"https:\/\/guineediversite.com\/#organization\",\"name\":\"Guin\u00e9e Diversit\u00e9\",\"url\":\"https:\/\/guineediversite.com\/\",\"logo\":{\"@type\":\"ImageObject\",\"inLanguage\":\"fr-FR\",\"@id\":\"https:\/\/guineediversite.com\/#\/schema\/logo\/image\/\",\"url\":\"https:\/\/guineediversite.com\/wp-content\/uploads\/2017\/04\/cropped-1jojlxEOMkX9Wyqfhe43D6kjPOGqBBKmx3EwWJqZ0cMrFF54yM49.png\",\"contentUrl\":\"https:\/\/guineediversite.com\/wp-content\/uploads\/2017\/04\/cropped-1jojlxEOMkX9Wyqfhe43D6kjPOGqBBKmx3EwWJqZ0cMrFF54yM49.png\",\"width\":186,\"height\":112,\"caption\":\"Guin\u00e9e Diversit\u00e9\"},\"image\":{\"@id\":\"https:\/\/guineediversite.com\/#\/schema\/logo\/image\/\"},\"sameAs\":[\"https:\/\/www.facebook.com\/guineediversite\/\",\"https:\/\/x.com\/GuineeDiversite\",\"https:\/\/www.youtube.com\/channel\/UC8sUY16qelG5ge6_D5SB83g\"]},{\"@type\":\"Person\",\"@id\":\"https:\/\/guineediversite.com\/#\/schema\/person\/afa08fb34e7fc6e1feafc892612bc836\",\"name\":\"Guin\u00e9e Diversit\u00e9\",\"image\":{\"@type\":\"ImageObject\",\"inLanguage\":\"fr-FR\",\"@id\":\"https:\/\/guineediversite.com\/#\/schema\/person\/image\/\",\"url\":\"https:\/\/secure.gravatar.com\/avatar\/50d5eb5b390f8b65ac30ac6f898eb83a?s=96&d=mm&r=g\",\"contentUrl\":\"https:\/\/secure.gravatar.com\/avatar\/50d5eb5b390f8b65ac30ac6f898eb83a?s=96&d=mm&r=g\",\"caption\":\"Guin\u00e9e Diversit\u00e9\"},\"url\":\"https:\/\/guineediversite.com\/index.php\/author\/guineediversite\/\"}]}<\/script>\n<!-- \/ Yoast SEO plugin. -->","yoast_head_json":{"title":"Football: Zin\u00e9dine Zidane redevient entra\u00eeneur du Real Madrid | Guin\u00e9e Diversit\u00e9","robots":{"index":"index","follow":"follow","max-snippet":"max-snippet:-1","max-image-preview":"max-image-preview:large","max-video-preview":"max-video-preview:-1"},"canonical":"https:\/\/guineediversite.com\/index.php\/2019\/03\/12\/football-zinedine-zidane-redevient-entraineur-du-real-madrid\/","og_locale":"fr_FR","og_type":"article","og_title":"Football: Zin\u00e9dine Zidane redevient entra\u00eeneur du Real Madrid | Guin\u00e9e Diversit\u00e9","og_description":"Zin\u00e9dine Zidane est officiellement redevenu l\u2019entra\u00eeneur du Real Madrid, ce 11 mars 2019, et ce jusqu&rsquo;en 2022. Le Fran\u00e7ais avait quitt\u00e9 ses fonctions au sein du club espagnol de football, en mai 2018, apr\u00e8s trois victoires en coupe d\u2019Europe (Ligue des champions). Neuf mois plus tard, le voil\u00e0 de retour \u00e0 la t\u00eate d\u2019une \u00e9quipe [&hellip;]","og_url":"https:\/\/guineediversite.com\/index.php\/2019\/03\/12\/football-zinedine-zidane-redevient-entraineur-du-real-madrid\/","og_site_name":"Guin\u00e9e Diversit\u00e9","article_publisher":"https:\/\/www.facebook.com\/guineediversite\/","article_published_time":"2019-03-12T10:07:25+00:00","og_image":[{"width":1024,"height":578,"url":"https:\/\/guineediversite.com\/wp-content\/uploads\/2019\/03\/2019-03-11t145742z_910151381_rc1203331750_rtrmadp_3_soccer-spain-mad-zidane_0.jpg","type":"image\/jpeg"}],"author":"Guin\u00e9e Diversit\u00e9","twitter_card":"summary_large_image","twitter_creator":"@GuineeDiversite","twitter_site":"@GuineeDiversite","twitter_misc":{"\u00c9crit par":"Guin\u00e9e Diversit\u00e9","Dur\u00e9e de lecture estim\u00e9e":"3 minutes"},"schema":{"@context":"https:\/\/schema.org","@graph":[{"@type":"Article","@id":"https:\/\/guineediversite.com\/index.php\/2019\/03\/12\/football-zinedine-zidane-redevient-entraineur-du-real-madrid\/#article","isPartOf":{"@id":"https:\/\/guineediversite.com\/index.php\/2019\/03\/12\/football-zinedine-zidane-redevient-entraineur-du-real-madrid\/"},"author":{"name":"Guin\u00e9e Diversit\u00e9","@id":"https:\/\/guineediversite.com\/#\/schema\/person\/afa08fb34e7fc6e1feafc892612bc836"},"headline":"Football: Zin\u00e9dine Zidane redevient entra\u00eeneur du Real Madrid","datePublished":"2019-03-12T10:07:25+00:00","dateModified":"2019-03-12T10:07:25+00:00","mainEntityOfPage":{"@id":"https:\/\/guineediversite.com\/index.php\/2019\/03\/12\/football-zinedine-zidane-redevient-entraineur-du-real-madrid\/"},"wordCount":541,"publisher":{"@id":"https:\/\/guineediversite.com\/#organization"},"image":{"@id":"https:\/\/guineediversite.com\/index.php\/2019\/03\/12\/football-zinedine-zidane-redevient-entraineur-du-real-madrid\/#primaryimage"},"thumbnailUrl":"https:\/\/guineediversite.com\/wp-content\/uploads\/2019\/03\/2019-03-11t145742z_910151381_rc1203331750_rtrmadp_3_soccer-spain-mad-zidane_0.jpg","articleSection":["International"],"inLanguage":"fr-FR"},{"@type":"WebPage","@id":"https:\/\/guineediversite.com\/index.php\/2019\/03\/12\/football-zinedine-zidane-redevient-entraineur-du-real-madrid\/","url":"https:\/\/guineediversite.com\/index.php\/2019\/03\/12\/football-zinedine-zidane-redevient-entraineur-du-real-madrid\/","name":"Football: Zin\u00e9dine Zidane redevient entra\u00eeneur du Real Madrid | Guin\u00e9e Diversit\u00e9","isPartOf":{"@id":"https:\/\/guineediversite.com\/#website"},"primaryImageOfPage":{"@id":"https:\/\/guineediversite.com\/index.php\/2019\/03\/12\/football-zinedine-zidane-redevient-entraineur-du-real-madrid\/#primaryimage"},"image":{"@id":"https:\/\/guineediversite.com\/index.php\/2019\/03\/12\/football-zinedine-zidane-redevient-entraineur-du-real-madrid\/#primaryimage"},"thumbnailUrl":"https:\/\/guineediversite.com\/wp-content\/uploads\/2019\/03\/2019-03-11t145742z_910151381_rc1203331750_rtrmadp_3_soccer-spain-mad-zidane_0.jpg","datePublished":"2019-03-12T10:07:25+00:00","dateModified":"2019-03-12T10:07:25+00:00","breadcrumb":{"@id":"https:\/\/guineediversite.com\/index.php\/2019\/03\/12\/football-zinedine-zidane-redevient-entraineur-du-real-madrid\/#breadcrumb"},"inLanguage":"fr-FR","potentialAction":[{"@type":"ReadAction","target":["https:\/\/guineediversite.com\/index.php\/2019\/03\/12\/football-zinedine-zidane-redevient-entraineur-du-real-madrid\/"]}]},{"@type":"ImageObject","inLanguage":"fr-FR","@id":"https:\/\/guineediversite.com\/index.php\/2019\/03\/12\/football-zinedine-zidane-redevient-entraineur-du-real-madrid\/#primaryimage","url":"https:\/\/guineediversite.com\/wp-content\/uploads\/2019\/03\/2019-03-11t145742z_910151381_rc1203331750_rtrmadp_3_soccer-spain-mad-zidane_0.jpg","contentUrl":"https:\/\/guineediversite.com\/wp-content\/uploads\/2019\/03\/2019-03-11t145742z_910151381_rc1203331750_rtrmadp_3_soccer-spain-mad-zidane_0.jpg","width":1024,"height":578},{"@type":"BreadcrumbList","@id":"https:\/\/guineediversite.com\/index.php\/2019\/03\/12\/football-zinedine-zidane-redevient-entraineur-du-real-madrid\/#breadcrumb","itemListElement":[{"@type":"ListItem","position":1,"name":"Accueil","item":"https:\/\/guineediversite.com\/"},{"@type":"ListItem","position":2,"name":"Football: Zin\u00e9dine Zidane redevient entra\u00eeneur du Real Madrid"}]},{"@type":"WebSite","@id":"https:\/\/guineediversite.com\/#website","url":"https:\/\/guineediversite.com\/","name":"Guin\u00e9e Diversit\u00e9","description":"L&#039;Info dans toute sa diversit\u00e9","publisher":{"@id":"https:\/\/guineediversite.com\/#organization"},"potentialAction":[{"@type":"SearchAction","target":{"@type":"EntryPoint","urlTemplate":"https:\/\/guineediversite.com\/?s={search_term_string}"},"query-input":{"@type":"PropertyValueSpecification","valueRequired":true,"valueName":"search_term_string"}}],"inLanguage":"fr-FR"},{"@type":"Organization","@id":"https:\/\/guineediversite.com\/#organization","name":"Guin\u00e9e Diversit\u00e9","url":"https:\/\/guineediversite.com\/","logo":{"@type":"ImageObject","inLanguage":"fr-FR","@id":"https:\/\/guineediversite.com\/#\/schema\/logo\/image\/","url":"https:\/\/guineediversite.com\/wp-content\/uploads\/2017\/04\/cropped-1jojlxEOMkX9Wyqfhe43D6kjPOGqBBKmx3EwWJqZ0cMrFF54yM49.png","contentUrl":"https:\/\/guineediversite.com\/wp-content\/uploads\/2017\/04\/cropped-1jojlxEOMkX9Wyqfhe43D6kjPOGqBBKmx3EwWJqZ0cMrFF54yM49.png","width":186,"height":112,"caption":"Guin\u00e9e Diversit\u00e9"},"image":{"@id":"https:\/\/guineediversite.com\/#\/schema\/logo\/image\/"},"sameAs":["https:\/\/www.facebook.com\/guineediversite\/","https:\/\/x.com\/GuineeDiversite","https:\/\/www.youtube.com\/channel\/UC8sUY16qelG5ge6_D5SB83g"]},{"@type":"Person","@id":"https:\/\/guineediversite.com\/#\/schema\/person\/afa08fb34e7fc6e1feafc892612bc836","name":"Guin\u00e9e Diversit\u00e9","image":{"@type":"ImageObject","inLanguage":"fr-FR","@id":"https:\/\/guineediversite.com\/#\/schema\/person\/image\/","url":"https:\/\/secure.gravatar.com\/avatar\/50d5eb5b390f8b65ac30ac6f898eb83a?s=96&d=mm&r=g","contentUrl":"https:\/\/secure.gravatar.com\/avatar\/50d5eb5b390f8b65ac30ac6f898eb83a?s=96&d=mm&r=g","caption":"Guin\u00e9e Diversit\u00e9"},"url":"https:\/\/guineediversite.com\/index.php\/author\/guineediversite\/"}]}},"_links":{"self":[{"href":"https:\/\/guineediversite.com\/index.php\/wp-json\/wp\/v2\/posts\/28089"}],"collection":[{"href":"https:\/\/guineediversite.com\/index.php\/wp-json\/wp\/v2\/posts"}],"about":[{"href":"https:\/\/guineediversite.com\/index.php\/wp-json\/wp\/v2\/types\/post"}],"author":[{"embeddable":true,"href":"https:\/\/guineediversite.com\/index.php\/wp-json\/wp\/v2\/users\/12"}],"replies":[{"embeddable":true,"href":"https:\/\/guineediversite.com\/index.php\/wp-json\/wp\/v2\/comments?post=28089"}],"version-history":[{"count":0,"href":"https:\/\/guineediversite.com\/index.php\/wp-json\/wp\/v2\/posts\/28089\/revisions"}],"wp:featuredmedia":[{"embeddable":true,"href":"https:\/\/guineediversite.com\/index.php\/wp-json\/wp\/v2\/media\/28090"}],"wp:attachment":[{"href":"https:\/\/guineediversite.com\/index.php\/wp-json\/wp\/v2\/media?parent=28089"}],"wp:term":[{"taxonomy":"category","embeddable":true,"href":"https:\/\/guineediversite.com\/index.php\/wp-json\/wp\/v2\/categories?post=28089"},{"taxonomy":"post_tag","embeddable":true,"href":"https:\/\/guineediversite.com\/index.php\/wp-json\/wp\/v2\/tags?post=28089"}],"curies":[{"name":"wp","href":"https:\/\/api.w.org\/{rel}","templated":true}]}}