{"id":28086,"date":"2019-03-11T12:05:29","date_gmt":"2019-03-11T11:05:29","guid":{"rendered":"https:\/\/guineediversite.com\/?p=28086"},"modified":"2019-03-11T12:05:29","modified_gmt":"2019-03-11T11:05:29","slug":"crash-en-ethiopie-lenquete-se-poursuit-jour-de-deuil-a-addis-abeba-et-nairobi","status":"publish","type":"post","link":"https:\/\/guineediversite.com\/index.php\/2019\/03\/11\/crash-en-ethiopie-lenquete-se-poursuit-jour-de-deuil-a-addis-abeba-et-nairobi\/","title":{"rendered":"Crash en \u00c9thiopie : l\u2019enqu\u00eate se poursuit, jour de deuil \u00e0 Addis-Abeba et Nairobi"},"content":{"rendered":"<p><strong>L&rsquo;enqu\u00eate se poursuivait lundi pour d\u00e9terminer pourquoi le Boeing 787 flambant neuf d&rsquo;Ethiopian Airlines s&rsquo;est \u00e9cras\u00e9 dimanche au sud d&rsquo;Addis-Abeba, faisant 157 morts, une trag\u00e9die marqu\u00e9e en Ethiopie par un jour de deuil national.<\/strong><\/p>\n<p>Le Kenya \u00e9tait lui doublement endeuill\u00e9: avec 32 ressortissants \u00e0 bord, c\u2019est le pays le plus touch\u00e9 par la trag\u00e9die, et Nairobi est par ailleurs le hub r\u00e9gional des Nations unies, qui ont \u00e9t\u00e9 durement affect\u00e9es par la catastrophe.<\/p>\n<p>Le Programme des Nations unies pour l\u2019Environnement (PNUE), qui a son si\u00e8ge dans la capitale k\u00e9nyane, ouvre lundi matin sa conf\u00e9rence annuelle qui r\u00e9unit des centaines de d\u00e9l\u00e9gu\u00e9s venus du monde entier. Nul doute que la trag\u00e9die sera dans toutes les t\u00eates.<\/p>\n<p>Selon le directeur g\u00e9n\u00e9ral de l\u2019Organisation internationale pour les migrations (OIM), Antonio Vitorino, dix-neuf employ\u00e9s de l\u2019ONU ont p\u00e9ri dans le crash. Parmi les victimes figurent au moins un membre du PNUE, un autre du Programme alimentaire mondiale (PAM) et plusieurs autres du Haut-commissariat de l\u2019ONU pour les r\u00e9fugi\u00e9s (HCR).<\/p>\n<p>D\u00e8s dimanche apr\u00e8s-midi, des enqu\u00eateurs de l\u2019Agence \u00e9thiopienne de l\u2019aviation civile ont \u00e9t\u00e9 \u00e0 pied d\u2019oeuvre sur les lieux du crash pour r\u00e9colter le maximum de d\u00e9bris et d\u2019indices et trouver les bo\u00eetes noires de l\u2019appareil, ce qui n\u2019a pas encore \u00e9t\u00e9 fait, selon une source au sein de la compagnie. Ces enqu\u00eateurs devraient \u00eatre prochainement rejoints par une \u00e9quipe technique de Boeing.<\/p>\n<p>Le PDG d\u2019Ethiopian Airlines, Tewolde GebreMariam, a confirm\u00e9 que l\u2019enqu\u00eate serait men\u00e9e conjointement par des enqu\u00eateurs \u00e9thiopiens et am\u00e9ricains. L\u2019organisme am\u00e9ricain charg\u00e9 de la s\u00e9curit\u00e9 dans les transports (NTSB) a annonc\u00e9 l\u2019envoi d\u2019une \u00e9quipe d\u2019inspecteurs charg\u00e9s d\u2019apporter leur aide dans l\u2019enqu\u00eate.<\/p>\n<p><strong>L\u2019avion d\u00e9j\u00e0 en feu lorsqu\u2019il s\u2019\u00e9crase, selon un t\u00e9moin<\/strong><\/p>\n<p>Le vol ET 302 avait d\u00e9coll\u00e9 dimanche \u00e0 08H38 (05H38 GMT) d\u2019Addis-Abeba et il a disparu des radars six minutes plus tard.<\/p>\n<p>L\u2019appareil, un Boeing 737-800 MAX livr\u00e9 courant 2018 \u00e0 la compagnie, \u00e9tait pilot\u00e9 par Yared Getachew (8.000 heures de vol \u00e0 son actif) et avait fait l\u2019objet d\u2019une maintenance le 4 f\u00e9vrier.<\/p>\n<p>En s\u2019\u00e9crasant, l\u2019avion a creus\u00e9 un impressionnant crat\u00e8re, labourant la terre sur des dizaines de m\u00e8tres de longueur. L\u2019avion s\u2019est d\u00e9sint\u00e9gr\u00e9 \u00e0 l\u2019impact: on ne distinguait plus la forme de l\u2019appareil mais seulement des morceaux de carlingue \u00e9parpill\u00e9s.<\/p>\n<p>Selon un t\u00e9moin, Tegegn Dechasa, \u00ab\u00a0l\u2019avion \u00e9tait d\u00e9j\u00e0 en feu lorsqu\u2019il s\u2019est \u00e9cras\u00e9 au sol\u00a0\u00bb, \u00ab\u00a0l\u2019avion \u00e9tait d\u00e9j\u00e0 en flammes \u00e0 l\u2019arri\u00e8re juste avant le crash\u00a0\u00bb.<\/p>\n<p>\u00ab\u00a0L\u2019avion semblait vouloir tenter d\u2019atterrir dans un champ \u00e0 proximit\u00e9 mais il s\u2019est \u00e9cras\u00e9 avant de l\u2019atteindre\u00a0\u00bb, a expliqu\u00e9 un autre t\u00e9moin, Sisay Gemechu, un fermier.<\/p>\n<p><strong>Des victimes de diff\u00e9rentes nationalit\u00e9s<\/strong><\/p>\n<p>Les victimes du crash \u00e9taient de 35 nationalit\u00e9s diff\u00e9rentes, selon des chiffres provisoires de la compagnie. Celle-ci a notamment d\u00e9nombr\u00e9 32 K\u00e9nyans, 18 Canadiens, neuf Ethiopiens, huit Italiens, huit Chinois, huit Am\u00e9ricains, sept Fran\u00e7ais, sept Britanniques, six \u00c9gyptiens, cinq Allemands et quatre Indiens. Un passager voyageait avec un passeport onusien.<\/p>\n<p>Les messages de condol\u00e9ances aux victimes ont afflu\u00e9 toute la journ\u00e9e dimanche, du Premier ministre \u00e9thiopien au pr\u00e9sident k\u00e9nyan, de l\u2019Union africaine au secr\u00e9taire g\u00e9n\u00e9ral de l\u2019ONU, en passant par le Premier ministre canadien et le pr\u00e9sident fran\u00e7ais Emmanuel Macron qui sera en visite officielle en Ethiopie mardi et mercredi puis au Kenya mercredi et jeudi.<\/p>\n<p>Les d\u00e9tails concernant l\u2019identit\u00e9 des passagers commen\u00e7aient \u00e0 \u00e9merger: un d\u00e9put\u00e9 slovaque, Anton Hrnko, a ainsi perdu son \u00e9pouse et ses deux enfants. Parmi les huit Chinois d\u00e9c\u00e9d\u00e9s figuraient des touristes, des employ\u00e9s de soci\u00e9t\u00e9s et un membre du PNUE. Un architecte italien \u00e9tait aussi \u00e0 bord.<\/p>\n<p>La compagnie Ethiopian Airlines, d\u00e9tenue \u00e0 100% par l\u2019Etat \u00e9thiopien, a connu une tr\u00e8s forte expansion ces derni\u00e8res ann\u00e9es. Sa flotte compte plus de 100 appareils, ce qui en fait la plus importante en Afrique.<\/p>\n<p>Le 29 octobre 2018, un Boeing 737-800 MAX appartenant \u00e0 la compagnie indon\u00e9sienne Lion Air s\u2019\u00e9tait ab\u00eem\u00e9 au large de l\u2019Indon\u00e9sie, faisant 189 morts. Une des bo\u00eetes noires avait point\u00e9 des probl\u00e8mes d\u2019indicateur de vitesse, un coup dur pour cet avion, version modernis\u00e9e du best-seller 737.<\/p>\n<p><strong>JA<\/strong><\/p>\n<p>&nbsp;<\/p>\n","protected":false},"excerpt":{"rendered":"<p>L&rsquo;enqu\u00eate se poursuivait lundi pour d\u00e9terminer pourquoi le Boeing 787 flambant neuf d&rsquo;Ethiopian Airlines s&rsquo;est \u00e9cras\u00e9 dimanche au sud d&rsquo;Addis-Abeba, faisant 157 morts, une trag\u00e9die marqu\u00e9e en Ethiopie par un jour de deuil national. Le Kenya \u00e9tait lui doublement endeuill\u00e9: avec 32 ressortissants \u00e0 bord, c\u2019est le pays le plus touch\u00e9 par la trag\u00e9die, et [&hellip;]<\/p>\n","protected":false},"author":12,"featured_media":28087,"comment_status":"closed","ping_status":"closed","sticky":false,"template":"","format":"standard","meta":{"_exactmetrics_skip_tracking":false,"_exactmetrics_sitenote_active":false,"_exactmetrics_sitenote_note":"","_exactmetrics_sitenote_category":0,"tdm_status":"","tdm_grid_status":"","footnotes":""},"categories":[21],"tags":[],"class_list":{"0":"post-28086","1":"post","2":"type-post","3":"status-publish","4":"format-standard","5":"has-post-thumbnail","7":"category-international"},"yoast_head":"<!-- This site is optimized with the Yoast SEO plugin v24.2 - https:\/\/yoast.com\/wordpress\/plugins\/seo\/ -->\n<title>Crash en \u00c9thiopie : l\u2019enqu\u00eate se poursuit, jour de deuil \u00e0 Addis-Abeba et Nairobi | Guin\u00e9e Diversit\u00e9<\/title>\n<meta name=\"robots\" content=\"index, follow, max-snippet:-1, max-image-preview:large, max-video-preview:-1\" \/>\n<link rel=\"canonical\" href=\"https:\/\/guineediversite.com\/index.php\/2019\/03\/11\/crash-en-ethiopie-lenquete-se-poursuit-jour-de-deuil-a-addis-abeba-et-nairobi\/\" \/>\n<meta property=\"og:locale\" content=\"fr_FR\" \/>\n<meta property=\"og:type\" content=\"article\" \/>\n<meta property=\"og:title\" content=\"Crash en \u00c9thiopie : l\u2019enqu\u00eate se poursuit, jour de deuil \u00e0 Addis-Abeba et Nairobi | Guin\u00e9e Diversit\u00e9\" \/>\n<meta property=\"og:description\" content=\"L&rsquo;enqu\u00eate se poursuivait lundi pour d\u00e9terminer pourquoi le Boeing 787 flambant neuf d&rsquo;Ethiopian Airlines s&rsquo;est \u00e9cras\u00e9 dimanche au sud d&rsquo;Addis-Abeba, faisant 157 morts, une trag\u00e9die marqu\u00e9e en Ethiopie par un jour de deuil national. Le Kenya \u00e9tait lui doublement endeuill\u00e9: avec 32 ressortissants \u00e0 bord, c\u2019est le pays le plus touch\u00e9 par la trag\u00e9die, et [&hellip;]\" \/>\n<meta property=\"og:url\" content=\"https:\/\/guineediversite.com\/index.php\/2019\/03\/11\/crash-en-ethiopie-lenquete-se-poursuit-jour-de-deuil-a-addis-abeba-et-nairobi\/\" \/>\n<meta property=\"og:site_name\" content=\"Guin\u00e9e Diversit\u00e9\" \/>\n<meta property=\"article:publisher\" content=\"https:\/\/www.facebook.com\/guineediversite\/\" \/>\n<meta property=\"article:published_time\" content=\"2019-03-11T11:05:29+00:00\" \/>\n<meta property=\"og:image\" content=\"https:\/\/guineediversite.com\/wp-content\/uploads\/2019\/03\/flyethiopian2-592x296.jpg\" \/>\n\t<meta property=\"og:image:width\" content=\"1900\" \/>\n\t<meta property=\"og:image:height\" content=\"950\" \/>\n\t<meta property=\"og:image:type\" content=\"image\/jpeg\" \/>\n<meta name=\"author\" content=\"Guin\u00e9e Diversit\u00e9\" \/>\n<meta name=\"twitter:card\" content=\"summary_large_image\" \/>\n<meta name=\"twitter:creator\" content=\"@GuineeDiversite\" \/>\n<meta name=\"twitter:site\" content=\"@GuineeDiversite\" \/>\n<meta name=\"twitter:label1\" content=\"\u00c9crit par\" \/>\n\t<meta name=\"twitter:data1\" content=\"Guin\u00e9e Diversit\u00e9\" \/>\n\t<meta name=\"twitter:label2\" content=\"Dur\u00e9e de lecture estim\u00e9e\" \/>\n\t<meta name=\"twitter:data2\" content=\"4 minutes\" \/>\n<script type=\"application\/ld+json\" class=\"yoast-schema-graph\">{\"@context\":\"https:\/\/schema.org\",\"@graph\":[{\"@type\":\"Article\",\"@id\":\"https:\/\/guineediversite.com\/index.php\/2019\/03\/11\/crash-en-ethiopie-lenquete-se-poursuit-jour-de-deuil-a-addis-abeba-et-nairobi\/#article\",\"isPartOf\":{\"@id\":\"https:\/\/guineediversite.com\/index.php\/2019\/03\/11\/crash-en-ethiopie-lenquete-se-poursuit-jour-de-deuil-a-addis-abeba-et-nairobi\/\"},\"author\":{\"name\":\"Guin\u00e9e Diversit\u00e9\",\"@id\":\"https:\/\/guineediversite.com\/#\/schema\/person\/afa08fb34e7fc6e1feafc892612bc836\"},\"headline\":\"Crash en \u00c9thiopie : l\u2019enqu\u00eate se poursuit, jour de deuil \u00e0 Addis-Abeba et Nairobi\",\"datePublished\":\"2019-03-11T11:05:29+00:00\",\"dateModified\":\"2019-03-11T11:05:29+00:00\",\"mainEntityOfPage\":{\"@id\":\"https:\/\/guineediversite.com\/index.php\/2019\/03\/11\/crash-en-ethiopie-lenquete-se-poursuit-jour-de-deuil-a-addis-abeba-et-nairobi\/\"},\"wordCount\":788,\"publisher\":{\"@id\":\"https:\/\/guineediversite.com\/#organization\"},\"image\":{\"@id\":\"https:\/\/guineediversite.com\/index.php\/2019\/03\/11\/crash-en-ethiopie-lenquete-se-poursuit-jour-de-deuil-a-addis-abeba-et-nairobi\/#primaryimage\"},\"thumbnailUrl\":\"https:\/\/guineediversite.com\/wp-content\/uploads\/2019\/03\/flyethiopian2-592x296.jpg\",\"articleSection\":[\"International\"],\"inLanguage\":\"fr-FR\"},{\"@type\":\"WebPage\",\"@id\":\"https:\/\/guineediversite.com\/index.php\/2019\/03\/11\/crash-en-ethiopie-lenquete-se-poursuit-jour-de-deuil-a-addis-abeba-et-nairobi\/\",\"url\":\"https:\/\/guineediversite.com\/index.php\/2019\/03\/11\/crash-en-ethiopie-lenquete-se-poursuit-jour-de-deuil-a-addis-abeba-et-nairobi\/\",\"name\":\"Crash en \u00c9thiopie : l\u2019enqu\u00eate se poursuit, jour de deuil \u00e0 Addis-Abeba et Nairobi | Guin\u00e9e Diversit\u00e9\",\"isPartOf\":{\"@id\":\"https:\/\/guineediversite.com\/#website\"},\"primaryImageOfPage\":{\"@id\":\"https:\/\/guineediversite.com\/index.php\/2019\/03\/11\/crash-en-ethiopie-lenquete-se-poursuit-jour-de-deuil-a-addis-abeba-et-nairobi\/#primaryimage\"},\"image\":{\"@id\":\"https:\/\/guineediversite.com\/index.php\/2019\/03\/11\/crash-en-ethiopie-lenquete-se-poursuit-jour-de-deuil-a-addis-abeba-et-nairobi\/#primaryimage\"},\"thumbnailUrl\":\"https:\/\/guineediversite.com\/wp-content\/uploads\/2019\/03\/flyethiopian2-592x296.jpg\",\"datePublished\":\"2019-03-11T11:05:29+00:00\",\"dateModified\":\"2019-03-11T11:05:29+00:00\",\"breadcrumb\":{\"@id\":\"https:\/\/guineediversite.com\/index.php\/2019\/03\/11\/crash-en-ethiopie-lenquete-se-poursuit-jour-de-deuil-a-addis-abeba-et-nairobi\/#breadcrumb\"},\"inLanguage\":\"fr-FR\",\"potentialAction\":[{\"@type\":\"ReadAction\",\"target\":[\"https:\/\/guineediversite.com\/index.php\/2019\/03\/11\/crash-en-ethiopie-lenquete-se-poursuit-jour-de-deuil-a-addis-abeba-et-nairobi\/\"]}]},{\"@type\":\"ImageObject\",\"inLanguage\":\"fr-FR\",\"@id\":\"https:\/\/guineediversite.com\/index.php\/2019\/03\/11\/crash-en-ethiopie-lenquete-se-poursuit-jour-de-deuil-a-addis-abeba-et-nairobi\/#primaryimage\",\"url\":\"https:\/\/guineediversite.com\/wp-content\/uploads\/2019\/03\/flyethiopian2-592x296.jpg\",\"contentUrl\":\"https:\/\/guineediversite.com\/wp-content\/uploads\/2019\/03\/flyethiopian2-592x296.jpg\",\"width\":1900,\"height\":950},{\"@type\":\"BreadcrumbList\",\"@id\":\"https:\/\/guineediversite.com\/index.php\/2019\/03\/11\/crash-en-ethiopie-lenquete-se-poursuit-jour-de-deuil-a-addis-abeba-et-nairobi\/#breadcrumb\",\"itemListElement\":[{\"@type\":\"ListItem\",\"position\":1,\"name\":\"Accueil\",\"item\":\"https:\/\/guineediversite.com\/\"},{\"@type\":\"ListItem\",\"position\":2,\"name\":\"Crash en \u00c9thiopie : l\u2019enqu\u00eate se poursuit, jour de deuil \u00e0 Addis-Abeba et Nairobi\"}]},{\"@type\":\"WebSite\",\"@id\":\"https:\/\/guineediversite.com\/#website\",\"url\":\"https:\/\/guineediversite.com\/\",\"name\":\"Guin\u00e9e Diversit\u00e9\",\"description\":\"L&#039;Info dans toute sa diversit\u00e9\",\"publisher\":{\"@id\":\"https:\/\/guineediversite.com\/#organization\"},\"potentialAction\":[{\"@type\":\"SearchAction\",\"target\":{\"@type\":\"EntryPoint\",\"urlTemplate\":\"https:\/\/guineediversite.com\/?s={search_term_string}\"},\"query-input\":{\"@type\":\"PropertyValueSpecification\",\"valueRequired\":true,\"valueName\":\"search_term_string\"}}],\"inLanguage\":\"fr-FR\"},{\"@type\":\"Organization\",\"@id\":\"https:\/\/guineediversite.com\/#organization\",\"name\":\"Guin\u00e9e Diversit\u00e9\",\"url\":\"https:\/\/guineediversite.com\/\",\"logo\":{\"@type\":\"ImageObject\",\"inLanguage\":\"fr-FR\",\"@id\":\"https:\/\/guineediversite.com\/#\/schema\/logo\/image\/\",\"url\":\"https:\/\/guineediversite.com\/wp-content\/uploads\/2017\/04\/cropped-1jojlxEOMkX9Wyqfhe43D6kjPOGqBBKmx3EwWJqZ0cMrFF54yM49.png\",\"contentUrl\":\"https:\/\/guineediversite.com\/wp-content\/uploads\/2017\/04\/cropped-1jojlxEOMkX9Wyqfhe43D6kjPOGqBBKmx3EwWJqZ0cMrFF54yM49.png\",\"width\":186,\"height\":112,\"caption\":\"Guin\u00e9e Diversit\u00e9\"},\"image\":{\"@id\":\"https:\/\/guineediversite.com\/#\/schema\/logo\/image\/\"},\"sameAs\":[\"https:\/\/www.facebook.com\/guineediversite\/\",\"https:\/\/x.com\/GuineeDiversite\",\"https:\/\/www.youtube.com\/channel\/UC8sUY16qelG5ge6_D5SB83g\"]},{\"@type\":\"Person\",\"@id\":\"https:\/\/guineediversite.com\/#\/schema\/person\/afa08fb34e7fc6e1feafc892612bc836\",\"name\":\"Guin\u00e9e Diversit\u00e9\",\"image\":{\"@type\":\"ImageObject\",\"inLanguage\":\"fr-FR\",\"@id\":\"https:\/\/guineediversite.com\/#\/schema\/person\/image\/\",\"url\":\"https:\/\/secure.gravatar.com\/avatar\/50d5eb5b390f8b65ac30ac6f898eb83a?s=96&d=mm&r=g\",\"contentUrl\":\"https:\/\/secure.gravatar.com\/avatar\/50d5eb5b390f8b65ac30ac6f898eb83a?s=96&d=mm&r=g\",\"caption\":\"Guin\u00e9e Diversit\u00e9\"},\"url\":\"https:\/\/guineediversite.com\/index.php\/author\/guineediversite\/\"}]}<\/script>\n<!-- \/ Yoast SEO plugin. -->","yoast_head_json":{"title":"Crash en \u00c9thiopie : l\u2019enqu\u00eate se poursuit, jour de deuil \u00e0 Addis-Abeba et Nairobi | Guin\u00e9e Diversit\u00e9","robots":{"index":"index","follow":"follow","max-snippet":"max-snippet:-1","max-image-preview":"max-image-preview:large","max-video-preview":"max-video-preview:-1"},"canonical":"https:\/\/guineediversite.com\/index.php\/2019\/03\/11\/crash-en-ethiopie-lenquete-se-poursuit-jour-de-deuil-a-addis-abeba-et-nairobi\/","og_locale":"fr_FR","og_type":"article","og_title":"Crash en \u00c9thiopie : l\u2019enqu\u00eate se poursuit, jour de deuil \u00e0 Addis-Abeba et Nairobi | Guin\u00e9e Diversit\u00e9","og_description":"L&rsquo;enqu\u00eate se poursuivait lundi pour d\u00e9terminer pourquoi le Boeing 787 flambant neuf d&rsquo;Ethiopian Airlines s&rsquo;est \u00e9cras\u00e9 dimanche au sud d&rsquo;Addis-Abeba, faisant 157 morts, une trag\u00e9die marqu\u00e9e en Ethiopie par un jour de deuil national. Le Kenya \u00e9tait lui doublement endeuill\u00e9: avec 32 ressortissants \u00e0 bord, c\u2019est le pays le plus touch\u00e9 par la trag\u00e9die, et [&hellip;]","og_url":"https:\/\/guineediversite.com\/index.php\/2019\/03\/11\/crash-en-ethiopie-lenquete-se-poursuit-jour-de-deuil-a-addis-abeba-et-nairobi\/","og_site_name":"Guin\u00e9e Diversit\u00e9","article_publisher":"https:\/\/www.facebook.com\/guineediversite\/","article_published_time":"2019-03-11T11:05:29+00:00","og_image":[{"width":1900,"height":950,"url":"https:\/\/guineediversite.com\/wp-content\/uploads\/2019\/03\/flyethiopian2-592x296.jpg","type":"image\/jpeg"}],"author":"Guin\u00e9e Diversit\u00e9","twitter_card":"summary_large_image","twitter_creator":"@GuineeDiversite","twitter_site":"@GuineeDiversite","twitter_misc":{"\u00c9crit par":"Guin\u00e9e Diversit\u00e9","Dur\u00e9e de lecture estim\u00e9e":"4 minutes"},"schema":{"@context":"https:\/\/schema.org","@graph":[{"@type":"Article","@id":"https:\/\/guineediversite.com\/index.php\/2019\/03\/11\/crash-en-ethiopie-lenquete-se-poursuit-jour-de-deuil-a-addis-abeba-et-nairobi\/#article","isPartOf":{"@id":"https:\/\/guineediversite.com\/index.php\/2019\/03\/11\/crash-en-ethiopie-lenquete-se-poursuit-jour-de-deuil-a-addis-abeba-et-nairobi\/"},"author":{"name":"Guin\u00e9e Diversit\u00e9","@id":"https:\/\/guineediversite.com\/#\/schema\/person\/afa08fb34e7fc6e1feafc892612bc836"},"headline":"Crash en \u00c9thiopie : l\u2019enqu\u00eate se poursuit, jour de deuil \u00e0 Addis-Abeba et Nairobi","datePublished":"2019-03-11T11:05:29+00:00","dateModified":"2019-03-11T11:05:29+00:00","mainEntityOfPage":{"@id":"https:\/\/guineediversite.com\/index.php\/2019\/03\/11\/crash-en-ethiopie-lenquete-se-poursuit-jour-de-deuil-a-addis-abeba-et-nairobi\/"},"wordCount":788,"publisher":{"@id":"https:\/\/guineediversite.com\/#organization"},"image":{"@id":"https:\/\/guineediversite.com\/index.php\/2019\/03\/11\/crash-en-ethiopie-lenquete-se-poursuit-jour-de-deuil-a-addis-abeba-et-nairobi\/#primaryimage"},"thumbnailUrl":"https:\/\/guineediversite.com\/wp-content\/uploads\/2019\/03\/flyethiopian2-592x296.jpg","articleSection":["International"],"inLanguage":"fr-FR"},{"@type":"WebPage","@id":"https:\/\/guineediversite.com\/index.php\/2019\/03\/11\/crash-en-ethiopie-lenquete-se-poursuit-jour-de-deuil-a-addis-abeba-et-nairobi\/","url":"https:\/\/guineediversite.com\/index.php\/2019\/03\/11\/crash-en-ethiopie-lenquete-se-poursuit-jour-de-deuil-a-addis-abeba-et-nairobi\/","name":"Crash en \u00c9thiopie : l\u2019enqu\u00eate se poursuit, jour de deuil \u00e0 Addis-Abeba et Nairobi | Guin\u00e9e Diversit\u00e9","isPartOf":{"@id":"https:\/\/guineediversite.com\/#website"},"primaryImageOfPage":{"@id":"https:\/\/guineediversite.com\/index.php\/2019\/03\/11\/crash-en-ethiopie-lenquete-se-poursuit-jour-de-deuil-a-addis-abeba-et-nairobi\/#primaryimage"},"image":{"@id":"https:\/\/guineediversite.com\/index.php\/2019\/03\/11\/crash-en-ethiopie-lenquete-se-poursuit-jour-de-deuil-a-addis-abeba-et-nairobi\/#primaryimage"},"thumbnailUrl":"https:\/\/guineediversite.com\/wp-content\/uploads\/2019\/03\/flyethiopian2-592x296.jpg","datePublished":"2019-03-11T11:05:29+00:00","dateModified":"2019-03-11T11:05:29+00:00","breadcrumb":{"@id":"https:\/\/guineediversite.com\/index.php\/2019\/03\/11\/crash-en-ethiopie-lenquete-se-poursuit-jour-de-deuil-a-addis-abeba-et-nairobi\/#breadcrumb"},"inLanguage":"fr-FR","potentialAction":[{"@type":"ReadAction","target":["https:\/\/guineediversite.com\/index.php\/2019\/03\/11\/crash-en-ethiopie-lenquete-se-poursuit-jour-de-deuil-a-addis-abeba-et-nairobi\/"]}]},{"@type":"ImageObject","inLanguage":"fr-FR","@id":"https:\/\/guineediversite.com\/index.php\/2019\/03\/11\/crash-en-ethiopie-lenquete-se-poursuit-jour-de-deuil-a-addis-abeba-et-nairobi\/#primaryimage","url":"https:\/\/guineediversite.com\/wp-content\/uploads\/2019\/03\/flyethiopian2-592x296.jpg","contentUrl":"https:\/\/guineediversite.com\/wp-content\/uploads\/2019\/03\/flyethiopian2-592x296.jpg","width":1900,"height":950},{"@type":"BreadcrumbList","@id":"https:\/\/guineediversite.com\/index.php\/2019\/03\/11\/crash-en-ethiopie-lenquete-se-poursuit-jour-de-deuil-a-addis-abeba-et-nairobi\/#breadcrumb","itemListElement":[{"@type":"ListItem","position":1,"name":"Accueil","item":"https:\/\/guineediversite.com\/"},{"@type":"ListItem","position":2,"name":"Crash en \u00c9thiopie : l\u2019enqu\u00eate se poursuit, jour de deuil \u00e0 Addis-Abeba et Nairobi"}]},{"@type":"WebSite","@id":"https:\/\/guineediversite.com\/#website","url":"https:\/\/guineediversite.com\/","name":"Guin\u00e9e Diversit\u00e9","description":"L&#039;Info dans toute sa diversit\u00e9","publisher":{"@id":"https:\/\/guineediversite.com\/#organization"},"potentialAction":[{"@type":"SearchAction","target":{"@type":"EntryPoint","urlTemplate":"https:\/\/guineediversite.com\/?s={search_term_string}"},"query-input":{"@type":"PropertyValueSpecification","valueRequired":true,"valueName":"search_term_string"}}],"inLanguage":"fr-FR"},{"@type":"Organization","@id":"https:\/\/guineediversite.com\/#organization","name":"Guin\u00e9e Diversit\u00e9","url":"https:\/\/guineediversite.com\/","logo":{"@type":"ImageObject","inLanguage":"fr-FR","@id":"https:\/\/guineediversite.com\/#\/schema\/logo\/image\/","url":"https:\/\/guineediversite.com\/wp-content\/uploads\/2017\/04\/cropped-1jojlxEOMkX9Wyqfhe43D6kjPOGqBBKmx3EwWJqZ0cMrFF54yM49.png","contentUrl":"https:\/\/guineediversite.com\/wp-content\/uploads\/2017\/04\/cropped-1jojlxEOMkX9Wyqfhe43D6kjPOGqBBKmx3EwWJqZ0cMrFF54yM49.png","width":186,"height":112,"caption":"Guin\u00e9e Diversit\u00e9"},"image":{"@id":"https:\/\/guineediversite.com\/#\/schema\/logo\/image\/"},"sameAs":["https:\/\/www.facebook.com\/guineediversite\/","https:\/\/x.com\/GuineeDiversite","https:\/\/www.youtube.com\/channel\/UC8sUY16qelG5ge6_D5SB83g"]},{"@type":"Person","@id":"https:\/\/guineediversite.com\/#\/schema\/person\/afa08fb34e7fc6e1feafc892612bc836","name":"Guin\u00e9e Diversit\u00e9","image":{"@type":"ImageObject","inLanguage":"fr-FR","@id":"https:\/\/guineediversite.com\/#\/schema\/person\/image\/","url":"https:\/\/secure.gravatar.com\/avatar\/50d5eb5b390f8b65ac30ac6f898eb83a?s=96&d=mm&r=g","contentUrl":"https:\/\/secure.gravatar.com\/avatar\/50d5eb5b390f8b65ac30ac6f898eb83a?s=96&d=mm&r=g","caption":"Guin\u00e9e Diversit\u00e9"},"url":"https:\/\/guineediversite.com\/index.php\/author\/guineediversite\/"}]}},"_links":{"self":[{"href":"https:\/\/guineediversite.com\/index.php\/wp-json\/wp\/v2\/posts\/28086"}],"collection":[{"href":"https:\/\/guineediversite.com\/index.php\/wp-json\/wp\/v2\/posts"}],"about":[{"href":"https:\/\/guineediversite.com\/index.php\/wp-json\/wp\/v2\/types\/post"}],"author":[{"embeddable":true,"href":"https:\/\/guineediversite.com\/index.php\/wp-json\/wp\/v2\/users\/12"}],"replies":[{"embeddable":true,"href":"https:\/\/guineediversite.com\/index.php\/wp-json\/wp\/v2\/comments?post=28086"}],"version-history":[{"count":0,"href":"https:\/\/guineediversite.com\/index.php\/wp-json\/wp\/v2\/posts\/28086\/revisions"}],"wp:featuredmedia":[{"embeddable":true,"href":"https:\/\/guineediversite.com\/index.php\/wp-json\/wp\/v2\/media\/28087"}],"wp:attachment":[{"href":"https:\/\/guineediversite.com\/index.php\/wp-json\/wp\/v2\/media?parent=28086"}],"wp:term":[{"taxonomy":"category","embeddable":true,"href":"https:\/\/guineediversite.com\/index.php\/wp-json\/wp\/v2\/categories?post=28086"},{"taxonomy":"post_tag","embeddable":true,"href":"https:\/\/guineediversite.com\/index.php\/wp-json\/wp\/v2\/tags?post=28086"}],"curies":[{"name":"wp","href":"https:\/\/api.w.org\/{rel}","templated":true}]}}