{"id":28075,"date":"2019-03-08T20:42:39","date_gmt":"2019-03-08T19:42:39","guid":{"rendered":"https:\/\/guineediversite.com\/?p=28075"},"modified":"2019-03-08T21:29:59","modified_gmt":"2019-03-08T20:29:59","slug":"fete-internationale-de-la-femme-nous-a-un-bilan-elogieux-sexclame-le-ministre-de-laction-sociale-de-la-promotion-feminine-et-de-la-protection-de-lenf","status":"publish","type":"post","link":"https:\/\/guineediversite.com\/index.php\/2019\/03\/08\/fete-internationale-de-la-femme-nous-a-un-bilan-elogieux-sexclame-le-ministre-de-laction-sociale-de-la-promotion-feminine-et-de-la-protection-de-lenf\/","title":{"rendered":"F\u00eate internationale de la femme \u00ab Nous avons un bilan \u00e9logieux\u2026 \u00bb, s\u2019exclame le ministre de l\u2019Action sociale"},"content":{"rendered":"<p><strong>Le ministre de l\u2019action social de la promotion f\u00e9minine et de la protection de l\u2019enfance a pr\u00e9sent\u00e9 le bilan des conditions de la femme ce vendredi sur l\u2019esplanade du palais du peuple. C&rsquo;est \u00e0 l&rsquo;occasion de la f\u00eate internationale du droit des femmes. Elle a \u00e9voqu\u00e9 les acquis de son d\u00e9partement et les perspectives<\/strong><\/p>\n<p>Cette 42\u00e8me f\u00eate internationale des femmes a \u00e9t\u00e9 c\u00e9l\u00e9br\u00e9e dans l\u2019effervescence sur l\u2019esplanade du palais du peuple, c\u2019est sous le th\u00e8me penser \u00e9quitablement, b\u00e2tir intelligemment et innover pour le changement que le ministre de l\u2019action social, de la promotion f\u00e9minine et de l\u2019enfance \u00e0 dresser le bilan de son d\u00e9partement de 2010 \u00e0 nos jours. Un bilan qu\u2019elle juge \u00e9logieux.<\/p>\n<p>\u00ab <em>Il ressort de 1958 \u00e0 2019, le volume de cr\u00e9dit allou\u00e9 aux femmes atteignait \u00e0 peine 10 milliards de francs guin\u00e9ens, alors que de 2011 \u00e0 2018 plus de 100 milliards de francs guin\u00e9ens sous forme de cr\u00e9dit revolving \u00e0 travers les institutions de micro-finance ont \u00e9t\u00e9 mise a la disposition des femmes dont 75 milliards au compte des MUFA <\/em>\u00bb, indique Mme Diaby Mariame Sylla, ministre de l\u2019action sociale de la promotion f\u00e9minine et de la protection de l\u2019enfance.<\/p>\n<p>Pour ce qui est de l\u2019autonomisation des femmes, le ministre est revenu sur l\u2019exploit effectu\u00e9 par son d\u00e9partement.<\/p>\n<p>\u00ab <em>Comme r\u00e9sultat direct de cette option 20 centres d\u2019autonomisation modernes ont \u00e9t\u00e9 construit et \u00e9quip\u00e9 et environ cinq mille filles, femmes ont b\u00e9n\u00e9fici\u00e9 de formation dans ces centres dans les fili\u00e8res de la teinture, la broderie, l\u2019art culinaire et la transformation agroalimentaire, ainsi que l\u2019informatique <\/em>\u00bb, \u00e9num\u00e8re-t-elle.<\/p>\n<p>Dans le domaine de la sant\u00e9, beaucoup d\u2019efforts restent \u00e0 fournir pour atteindre les objectifs. \u00c0 cet effet le bilan sur la sant\u00e9 est tout autre, car nombreuses sont ces femmes qui rencontrent des difficult\u00e9s au niveau de l\u2019accouchement.<\/p>\n<p>\u00ab<em>En mati\u00e8re de sant\u00e9, des programmes d\u2019acc\u00e8s de sant\u00e9 des femmes aux soins de sant\u00e9 reproductive ont \u00e9t\u00e9 mise en place, notamment, la gratuit\u00e9 des soins obst\u00e9tricaux d\u2019urgence, y compris la c\u00e9sarienne qui a favoris\u00e9 la r\u00e9duction de la mortalit\u00e9 maternelle dont le taux est pass\u00e9 de 980 \u00e0 550 d\u00e9c\u00e8s pour 100 mille naissances<\/em> \u00bb, a-t-elle affirm\u00e9.<\/p>\n<p>Le ministre a pour clore, sollicit\u00e9 au pr\u00e9sident de la R\u00e9publique le renforcement de la consommation des produits Made Wommen Guin\u00e9e.<\/p>\n","protected":false},"excerpt":{"rendered":"<p>Le ministre de l\u2019action social de la promotion f\u00e9minine et de la protection de l\u2019enfance a pr\u00e9sent\u00e9 le bilan des conditions de la femme ce vendredi sur l\u2019esplanade du palais du peuple. C&rsquo;est \u00e0 l&rsquo;occasion de la f\u00eate internationale du droit des femmes. Elle a \u00e9voqu\u00e9 les acquis de son d\u00e9partement et les perspectives Cette [&hellip;]<\/p>\n","protected":false},"author":10,"featured_media":28078,"comment_status":"closed","ping_status":"closed","sticky":false,"template":"","format":"standard","meta":{"_exactmetrics_skip_tracking":false,"_exactmetrics_sitenote_active":false,"_exactmetrics_sitenote_note":"","_exactmetrics_sitenote_category":0,"tdm_status":"","tdm_grid_status":"","footnotes":""},"categories":[16],"tags":[],"class_list":{"0":"post-28075","1":"post","2":"type-post","3":"status-publish","4":"format-standard","5":"has-post-thumbnail","7":"category-societe"},"yoast_head":"<!-- This site is optimized with the Yoast SEO plugin v24.2 - https:\/\/yoast.com\/wordpress\/plugins\/seo\/ -->\n<title>F\u00eate internationale de la femme \u00ab Nous avons un bilan \u00e9logieux\u2026 \u00bb, s\u2019exclame le ministre de l\u2019Action sociale | Guin\u00e9e Diversit\u00e9<\/title>\n<meta name=\"robots\" content=\"index, follow, max-snippet:-1, max-image-preview:large, max-video-preview:-1\" \/>\n<link rel=\"canonical\" href=\"https:\/\/guineediversite.com\/index.php\/2019\/03\/08\/fete-internationale-de-la-femme-nous-a-un-bilan-elogieux-sexclame-le-ministre-de-laction-sociale-de-la-promotion-feminine-et-de-la-protection-de-lenf\/\" \/>\n<meta property=\"og:locale\" content=\"fr_FR\" \/>\n<meta property=\"og:type\" content=\"article\" \/>\n<meta property=\"og:title\" content=\"F\u00eate internationale de la femme \u00ab Nous avons un bilan \u00e9logieux\u2026 \u00bb, s\u2019exclame le ministre de l\u2019Action sociale | Guin\u00e9e Diversit\u00e9\" \/>\n<meta property=\"og:description\" content=\"Le ministre de l\u2019action social de la promotion f\u00e9minine et de la protection de l\u2019enfance a pr\u00e9sent\u00e9 le bilan des conditions de la femme ce vendredi sur l\u2019esplanade du palais du peuple. C&rsquo;est \u00e0 l&rsquo;occasion de la f\u00eate internationale du droit des femmes. Elle a \u00e9voqu\u00e9 les acquis de son d\u00e9partement et les perspectives Cette [&hellip;]\" \/>\n<meta property=\"og:url\" content=\"https:\/\/guineediversite.com\/index.php\/2019\/03\/08\/fete-internationale-de-la-femme-nous-a-un-bilan-elogieux-sexclame-le-ministre-de-laction-sociale-de-la-promotion-feminine-et-de-la-protection-de-lenf\/\" \/>\n<meta property=\"og:site_name\" content=\"Guin\u00e9e Diversit\u00e9\" \/>\n<meta property=\"article:publisher\" content=\"https:\/\/www.facebook.com\/guineediversite\/\" \/>\n<meta property=\"article:published_time\" content=\"2019-03-08T19:42:39+00:00\" \/>\n<meta property=\"article:modified_time\" content=\"2019-03-08T20:29:59+00:00\" \/>\n<meta property=\"og:image\" content=\"https:\/\/guineediversite.com\/wp-content\/uploads\/2019\/03\/53294702_302552740370320_2113470199960174592_n.jpg\" \/>\n\t<meta property=\"og:image:width\" content=\"1900\" \/>\n\t<meta property=\"og:image:height\" content=\"954\" \/>\n\t<meta property=\"og:image:type\" content=\"image\/jpeg\" \/>\n<meta name=\"author\" content=\"Morcire Camara\" \/>\n<meta name=\"twitter:card\" content=\"summary_large_image\" \/>\n<meta name=\"twitter:creator\" content=\"@GuineeDiversite\" \/>\n<meta name=\"twitter:site\" content=\"@GuineeDiversite\" \/>\n<meta name=\"twitter:label1\" content=\"\u00c9crit par\" \/>\n\t<meta name=\"twitter:data1\" content=\"Morcire Camara\" \/>\n\t<meta name=\"twitter:label2\" content=\"Dur\u00e9e de lecture estim\u00e9e\" \/>\n\t<meta name=\"twitter:data2\" content=\"2 minutes\" \/>\n<script type=\"application\/ld+json\" class=\"yoast-schema-graph\">{\"@context\":\"https:\/\/schema.org\",\"@graph\":[{\"@type\":\"Article\",\"@id\":\"https:\/\/guineediversite.com\/index.php\/2019\/03\/08\/fete-internationale-de-la-femme-nous-a-un-bilan-elogieux-sexclame-le-ministre-de-laction-sociale-de-la-promotion-feminine-et-de-la-protection-de-lenf\/#article\",\"isPartOf\":{\"@id\":\"https:\/\/guineediversite.com\/index.php\/2019\/03\/08\/fete-internationale-de-la-femme-nous-a-un-bilan-elogieux-sexclame-le-ministre-de-laction-sociale-de-la-promotion-feminine-et-de-la-protection-de-lenf\/\"},\"author\":{\"name\":\"Morcire Camara\",\"@id\":\"https:\/\/guineediversite.com\/#\/schema\/person\/fa362494c47202ce4b3adf55abcc9d01\"},\"headline\":\"F\u00eate internationale de la femme \u00ab Nous avons un bilan \u00e9logieux\u2026 \u00bb, s\u2019exclame le ministre de l\u2019Action sociale\",\"datePublished\":\"2019-03-08T19:42:39+00:00\",\"dateModified\":\"2019-03-08T20:29:59+00:00\",\"mainEntityOfPage\":{\"@id\":\"https:\/\/guineediversite.com\/index.php\/2019\/03\/08\/fete-internationale-de-la-femme-nous-a-un-bilan-elogieux-sexclame-le-ministre-de-laction-sociale-de-la-promotion-feminine-et-de-la-protection-de-lenf\/\"},\"wordCount\":427,\"publisher\":{\"@id\":\"https:\/\/guineediversite.com\/#organization\"},\"image\":{\"@id\":\"https:\/\/guineediversite.com\/index.php\/2019\/03\/08\/fete-internationale-de-la-femme-nous-a-un-bilan-elogieux-sexclame-le-ministre-de-laction-sociale-de-la-promotion-feminine-et-de-la-protection-de-lenf\/#primaryimage\"},\"thumbnailUrl\":\"https:\/\/guineediversite.com\/wp-content\/uploads\/2019\/03\/53294702_302552740370320_2113470199960174592_n.jpg\",\"articleSection\":[\"Soci\u00e9t\u00e9\"],\"inLanguage\":\"fr-FR\"},{\"@type\":\"WebPage\",\"@id\":\"https:\/\/guineediversite.com\/index.php\/2019\/03\/08\/fete-internationale-de-la-femme-nous-a-un-bilan-elogieux-sexclame-le-ministre-de-laction-sociale-de-la-promotion-feminine-et-de-la-protection-de-lenf\/\",\"url\":\"https:\/\/guineediversite.com\/index.php\/2019\/03\/08\/fete-internationale-de-la-femme-nous-a-un-bilan-elogieux-sexclame-le-ministre-de-laction-sociale-de-la-promotion-feminine-et-de-la-protection-de-lenf\/\",\"name\":\"F\u00eate internationale de la femme \u00ab Nous avons un bilan \u00e9logieux\u2026 \u00bb, s\u2019exclame le ministre de l\u2019Action sociale | Guin\u00e9e Diversit\u00e9\",\"isPartOf\":{\"@id\":\"https:\/\/guineediversite.com\/#website\"},\"primaryImageOfPage\":{\"@id\":\"https:\/\/guineediversite.com\/index.php\/2019\/03\/08\/fete-internationale-de-la-femme-nous-a-un-bilan-elogieux-sexclame-le-ministre-de-laction-sociale-de-la-promotion-feminine-et-de-la-protection-de-lenf\/#primaryimage\"},\"image\":{\"@id\":\"https:\/\/guineediversite.com\/index.php\/2019\/03\/08\/fete-internationale-de-la-femme-nous-a-un-bilan-elogieux-sexclame-le-ministre-de-laction-sociale-de-la-promotion-feminine-et-de-la-protection-de-lenf\/#primaryimage\"},\"thumbnailUrl\":\"https:\/\/guineediversite.com\/wp-content\/uploads\/2019\/03\/53294702_302552740370320_2113470199960174592_n.jpg\",\"datePublished\":\"2019-03-08T19:42:39+00:00\",\"dateModified\":\"2019-03-08T20:29:59+00:00\",\"breadcrumb\":{\"@id\":\"https:\/\/guineediversite.com\/index.php\/2019\/03\/08\/fete-internationale-de-la-femme-nous-a-un-bilan-elogieux-sexclame-le-ministre-de-laction-sociale-de-la-promotion-feminine-et-de-la-protection-de-lenf\/#breadcrumb\"},\"inLanguage\":\"fr-FR\",\"potentialAction\":[{\"@type\":\"ReadAction\",\"target\":[\"https:\/\/guineediversite.com\/index.php\/2019\/03\/08\/fete-internationale-de-la-femme-nous-a-un-bilan-elogieux-sexclame-le-ministre-de-laction-sociale-de-la-promotion-feminine-et-de-la-protection-de-lenf\/\"]}]},{\"@type\":\"ImageObject\",\"inLanguage\":\"fr-FR\",\"@id\":\"https:\/\/guineediversite.com\/index.php\/2019\/03\/08\/fete-internationale-de-la-femme-nous-a-un-bilan-elogieux-sexclame-le-ministre-de-laction-sociale-de-la-promotion-feminine-et-de-la-protection-de-lenf\/#primaryimage\",\"url\":\"https:\/\/guineediversite.com\/wp-content\/uploads\/2019\/03\/53294702_302552740370320_2113470199960174592_n.jpg\",\"contentUrl\":\"https:\/\/guineediversite.com\/wp-content\/uploads\/2019\/03\/53294702_302552740370320_2113470199960174592_n.jpg\",\"width\":1900,\"height\":954},{\"@type\":\"BreadcrumbList\",\"@id\":\"https:\/\/guineediversite.com\/index.php\/2019\/03\/08\/fete-internationale-de-la-femme-nous-a-un-bilan-elogieux-sexclame-le-ministre-de-laction-sociale-de-la-promotion-feminine-et-de-la-protection-de-lenf\/#breadcrumb\",\"itemListElement\":[{\"@type\":\"ListItem\",\"position\":1,\"name\":\"Accueil\",\"item\":\"https:\/\/guineediversite.com\/\"},{\"@type\":\"ListItem\",\"position\":2,\"name\":\"F\u00eate internationale de la femme \u00ab Nous avons un bilan \u00e9logieux\u2026 \u00bb, s\u2019exclame le ministre de l\u2019Action sociale\"}]},{\"@type\":\"WebSite\",\"@id\":\"https:\/\/guineediversite.com\/#website\",\"url\":\"https:\/\/guineediversite.com\/\",\"name\":\"Guin\u00e9e Diversit\u00e9\",\"description\":\"L&#039;Info dans toute sa diversit\u00e9\",\"publisher\":{\"@id\":\"https:\/\/guineediversite.com\/#organization\"},\"potentialAction\":[{\"@type\":\"SearchAction\",\"target\":{\"@type\":\"EntryPoint\",\"urlTemplate\":\"https:\/\/guineediversite.com\/?s={search_term_string}\"},\"query-input\":{\"@type\":\"PropertyValueSpecification\",\"valueRequired\":true,\"valueName\":\"search_term_string\"}}],\"inLanguage\":\"fr-FR\"},{\"@type\":\"Organization\",\"@id\":\"https:\/\/guineediversite.com\/#organization\",\"name\":\"Guin\u00e9e Diversit\u00e9\",\"url\":\"https:\/\/guineediversite.com\/\",\"logo\":{\"@type\":\"ImageObject\",\"inLanguage\":\"fr-FR\",\"@id\":\"https:\/\/guineediversite.com\/#\/schema\/logo\/image\/\",\"url\":\"https:\/\/guineediversite.com\/wp-content\/uploads\/2017\/04\/cropped-1jojlxEOMkX9Wyqfhe43D6kjPOGqBBKmx3EwWJqZ0cMrFF54yM49.png\",\"contentUrl\":\"https:\/\/guineediversite.com\/wp-content\/uploads\/2017\/04\/cropped-1jojlxEOMkX9Wyqfhe43D6kjPOGqBBKmx3EwWJqZ0cMrFF54yM49.png\",\"width\":186,\"height\":112,\"caption\":\"Guin\u00e9e Diversit\u00e9\"},\"image\":{\"@id\":\"https:\/\/guineediversite.com\/#\/schema\/logo\/image\/\"},\"sameAs\":[\"https:\/\/www.facebook.com\/guineediversite\/\",\"https:\/\/x.com\/GuineeDiversite\",\"https:\/\/www.youtube.com\/channel\/UC8sUY16qelG5ge6_D5SB83g\"]},{\"@type\":\"Person\",\"@id\":\"https:\/\/guineediversite.com\/#\/schema\/person\/fa362494c47202ce4b3adf55abcc9d01\",\"name\":\"Morcire Camara\",\"image\":{\"@type\":\"ImageObject\",\"inLanguage\":\"fr-FR\",\"@id\":\"https:\/\/guineediversite.com\/#\/schema\/person\/image\/\",\"url\":\"https:\/\/secure.gravatar.com\/avatar\/3ec324f02295bbcebe03d99b39330ab4?s=96&d=mm&r=g\",\"contentUrl\":\"https:\/\/secure.gravatar.com\/avatar\/3ec324f02295bbcebe03d99b39330ab4?s=96&d=mm&r=g\",\"caption\":\"Morcire Camara\"},\"url\":\"https:\/\/guineediversite.com\/index.php\/author\/morcire\/\"}]}<\/script>\n<!-- \/ Yoast SEO plugin. -->","yoast_head_json":{"title":"F\u00eate internationale de la femme \u00ab Nous avons un bilan \u00e9logieux\u2026 \u00bb, s\u2019exclame le ministre de l\u2019Action sociale | Guin\u00e9e Diversit\u00e9","robots":{"index":"index","follow":"follow","max-snippet":"max-snippet:-1","max-image-preview":"max-image-preview:large","max-video-preview":"max-video-preview:-1"},"canonical":"https:\/\/guineediversite.com\/index.php\/2019\/03\/08\/fete-internationale-de-la-femme-nous-a-un-bilan-elogieux-sexclame-le-ministre-de-laction-sociale-de-la-promotion-feminine-et-de-la-protection-de-lenf\/","og_locale":"fr_FR","og_type":"article","og_title":"F\u00eate internationale de la femme \u00ab Nous avons un bilan \u00e9logieux\u2026 \u00bb, s\u2019exclame le ministre de l\u2019Action sociale | Guin\u00e9e Diversit\u00e9","og_description":"Le ministre de l\u2019action social de la promotion f\u00e9minine et de la protection de l\u2019enfance a pr\u00e9sent\u00e9 le bilan des conditions de la femme ce vendredi sur l\u2019esplanade du palais du peuple. C&rsquo;est \u00e0 l&rsquo;occasion de la f\u00eate internationale du droit des femmes. Elle a \u00e9voqu\u00e9 les acquis de son d\u00e9partement et les perspectives Cette [&hellip;]","og_url":"https:\/\/guineediversite.com\/index.php\/2019\/03\/08\/fete-internationale-de-la-femme-nous-a-un-bilan-elogieux-sexclame-le-ministre-de-laction-sociale-de-la-promotion-feminine-et-de-la-protection-de-lenf\/","og_site_name":"Guin\u00e9e Diversit\u00e9","article_publisher":"https:\/\/www.facebook.com\/guineediversite\/","article_published_time":"2019-03-08T19:42:39+00:00","article_modified_time":"2019-03-08T20:29:59+00:00","og_image":[{"width":1900,"height":954,"url":"https:\/\/guineediversite.com\/wp-content\/uploads\/2019\/03\/53294702_302552740370320_2113470199960174592_n.jpg","type":"image\/jpeg"}],"author":"Morcire Camara","twitter_card":"summary_large_image","twitter_creator":"@GuineeDiversite","twitter_site":"@GuineeDiversite","twitter_misc":{"\u00c9crit par":"Morcire Camara","Dur\u00e9e de lecture estim\u00e9e":"2 minutes"},"schema":{"@context":"https:\/\/schema.org","@graph":[{"@type":"Article","@id":"https:\/\/guineediversite.com\/index.php\/2019\/03\/08\/fete-internationale-de-la-femme-nous-a-un-bilan-elogieux-sexclame-le-ministre-de-laction-sociale-de-la-promotion-feminine-et-de-la-protection-de-lenf\/#article","isPartOf":{"@id":"https:\/\/guineediversite.com\/index.php\/2019\/03\/08\/fete-internationale-de-la-femme-nous-a-un-bilan-elogieux-sexclame-le-ministre-de-laction-sociale-de-la-promotion-feminine-et-de-la-protection-de-lenf\/"},"author":{"name":"Morcire Camara","@id":"https:\/\/guineediversite.com\/#\/schema\/person\/fa362494c47202ce4b3adf55abcc9d01"},"headline":"F\u00eate internationale de la femme \u00ab Nous avons un bilan \u00e9logieux\u2026 \u00bb, s\u2019exclame le ministre de l\u2019Action sociale","datePublished":"2019-03-08T19:42:39+00:00","dateModified":"2019-03-08T20:29:59+00:00","mainEntityOfPage":{"@id":"https:\/\/guineediversite.com\/index.php\/2019\/03\/08\/fete-internationale-de-la-femme-nous-a-un-bilan-elogieux-sexclame-le-ministre-de-laction-sociale-de-la-promotion-feminine-et-de-la-protection-de-lenf\/"},"wordCount":427,"publisher":{"@id":"https:\/\/guineediversite.com\/#organization"},"image":{"@id":"https:\/\/guineediversite.com\/index.php\/2019\/03\/08\/fete-internationale-de-la-femme-nous-a-un-bilan-elogieux-sexclame-le-ministre-de-laction-sociale-de-la-promotion-feminine-et-de-la-protection-de-lenf\/#primaryimage"},"thumbnailUrl":"https:\/\/guineediversite.com\/wp-content\/uploads\/2019\/03\/53294702_302552740370320_2113470199960174592_n.jpg","articleSection":["Soci\u00e9t\u00e9"],"inLanguage":"fr-FR"},{"@type":"WebPage","@id":"https:\/\/guineediversite.com\/index.php\/2019\/03\/08\/fete-internationale-de-la-femme-nous-a-un-bilan-elogieux-sexclame-le-ministre-de-laction-sociale-de-la-promotion-feminine-et-de-la-protection-de-lenf\/","url":"https:\/\/guineediversite.com\/index.php\/2019\/03\/08\/fete-internationale-de-la-femme-nous-a-un-bilan-elogieux-sexclame-le-ministre-de-laction-sociale-de-la-promotion-feminine-et-de-la-protection-de-lenf\/","name":"F\u00eate internationale de la femme \u00ab Nous avons un bilan \u00e9logieux\u2026 \u00bb, s\u2019exclame le ministre de l\u2019Action sociale | Guin\u00e9e Diversit\u00e9","isPartOf":{"@id":"https:\/\/guineediversite.com\/#website"},"primaryImageOfPage":{"@id":"https:\/\/guineediversite.com\/index.php\/2019\/03\/08\/fete-internationale-de-la-femme-nous-a-un-bilan-elogieux-sexclame-le-ministre-de-laction-sociale-de-la-promotion-feminine-et-de-la-protection-de-lenf\/#primaryimage"},"image":{"@id":"https:\/\/guineediversite.com\/index.php\/2019\/03\/08\/fete-internationale-de-la-femme-nous-a-un-bilan-elogieux-sexclame-le-ministre-de-laction-sociale-de-la-promotion-feminine-et-de-la-protection-de-lenf\/#primaryimage"},"thumbnailUrl":"https:\/\/guineediversite.com\/wp-content\/uploads\/2019\/03\/53294702_302552740370320_2113470199960174592_n.jpg","datePublished":"2019-03-08T19:42:39+00:00","dateModified":"2019-03-08T20:29:59+00:00","breadcrumb":{"@id":"https:\/\/guineediversite.com\/index.php\/2019\/03\/08\/fete-internationale-de-la-femme-nous-a-un-bilan-elogieux-sexclame-le-ministre-de-laction-sociale-de-la-promotion-feminine-et-de-la-protection-de-lenf\/#breadcrumb"},"inLanguage":"fr-FR","potentialAction":[{"@type":"ReadAction","target":["https:\/\/guineediversite.com\/index.php\/2019\/03\/08\/fete-internationale-de-la-femme-nous-a-un-bilan-elogieux-sexclame-le-ministre-de-laction-sociale-de-la-promotion-feminine-et-de-la-protection-de-lenf\/"]}]},{"@type":"ImageObject","inLanguage":"fr-FR","@id":"https:\/\/guineediversite.com\/index.php\/2019\/03\/08\/fete-internationale-de-la-femme-nous-a-un-bilan-elogieux-sexclame-le-ministre-de-laction-sociale-de-la-promotion-feminine-et-de-la-protection-de-lenf\/#primaryimage","url":"https:\/\/guineediversite.com\/wp-content\/uploads\/2019\/03\/53294702_302552740370320_2113470199960174592_n.jpg","contentUrl":"https:\/\/guineediversite.com\/wp-content\/uploads\/2019\/03\/53294702_302552740370320_2113470199960174592_n.jpg","width":1900,"height":954},{"@type":"BreadcrumbList","@id":"https:\/\/guineediversite.com\/index.php\/2019\/03\/08\/fete-internationale-de-la-femme-nous-a-un-bilan-elogieux-sexclame-le-ministre-de-laction-sociale-de-la-promotion-feminine-et-de-la-protection-de-lenf\/#breadcrumb","itemListElement":[{"@type":"ListItem","position":1,"name":"Accueil","item":"https:\/\/guineediversite.com\/"},{"@type":"ListItem","position":2,"name":"F\u00eate internationale de la femme \u00ab Nous avons un bilan \u00e9logieux\u2026 \u00bb, s\u2019exclame le ministre de l\u2019Action sociale"}]},{"@type":"WebSite","@id":"https:\/\/guineediversite.com\/#website","url":"https:\/\/guineediversite.com\/","name":"Guin\u00e9e Diversit\u00e9","description":"L&#039;Info dans toute sa diversit\u00e9","publisher":{"@id":"https:\/\/guineediversite.com\/#organization"},"potentialAction":[{"@type":"SearchAction","target":{"@type":"EntryPoint","urlTemplate":"https:\/\/guineediversite.com\/?s={search_term_string}"},"query-input":{"@type":"PropertyValueSpecification","valueRequired":true,"valueName":"search_term_string"}}],"inLanguage":"fr-FR"},{"@type":"Organization","@id":"https:\/\/guineediversite.com\/#organization","name":"Guin\u00e9e Diversit\u00e9","url":"https:\/\/guineediversite.com\/","logo":{"@type":"ImageObject","inLanguage":"fr-FR","@id":"https:\/\/guineediversite.com\/#\/schema\/logo\/image\/","url":"https:\/\/guineediversite.com\/wp-content\/uploads\/2017\/04\/cropped-1jojlxEOMkX9Wyqfhe43D6kjPOGqBBKmx3EwWJqZ0cMrFF54yM49.png","contentUrl":"https:\/\/guineediversite.com\/wp-content\/uploads\/2017\/04\/cropped-1jojlxEOMkX9Wyqfhe43D6kjPOGqBBKmx3EwWJqZ0cMrFF54yM49.png","width":186,"height":112,"caption":"Guin\u00e9e Diversit\u00e9"},"image":{"@id":"https:\/\/guineediversite.com\/#\/schema\/logo\/image\/"},"sameAs":["https:\/\/www.facebook.com\/guineediversite\/","https:\/\/x.com\/GuineeDiversite","https:\/\/www.youtube.com\/channel\/UC8sUY16qelG5ge6_D5SB83g"]},{"@type":"Person","@id":"https:\/\/guineediversite.com\/#\/schema\/person\/fa362494c47202ce4b3adf55abcc9d01","name":"Morcire Camara","image":{"@type":"ImageObject","inLanguage":"fr-FR","@id":"https:\/\/guineediversite.com\/#\/schema\/person\/image\/","url":"https:\/\/secure.gravatar.com\/avatar\/3ec324f02295bbcebe03d99b39330ab4?s=96&d=mm&r=g","contentUrl":"https:\/\/secure.gravatar.com\/avatar\/3ec324f02295bbcebe03d99b39330ab4?s=96&d=mm&r=g","caption":"Morcire Camara"},"url":"https:\/\/guineediversite.com\/index.php\/author\/morcire\/"}]}},"_links":{"self":[{"href":"https:\/\/guineediversite.com\/index.php\/wp-json\/wp\/v2\/posts\/28075"}],"collection":[{"href":"https:\/\/guineediversite.com\/index.php\/wp-json\/wp\/v2\/posts"}],"about":[{"href":"https:\/\/guineediversite.com\/index.php\/wp-json\/wp\/v2\/types\/post"}],"author":[{"embeddable":true,"href":"https:\/\/guineediversite.com\/index.php\/wp-json\/wp\/v2\/users\/10"}],"replies":[{"embeddable":true,"href":"https:\/\/guineediversite.com\/index.php\/wp-json\/wp\/v2\/comments?post=28075"}],"version-history":[{"count":0,"href":"https:\/\/guineediversite.com\/index.php\/wp-json\/wp\/v2\/posts\/28075\/revisions"}],"wp:featuredmedia":[{"embeddable":true,"href":"https:\/\/guineediversite.com\/index.php\/wp-json\/wp\/v2\/media\/28078"}],"wp:attachment":[{"href":"https:\/\/guineediversite.com\/index.php\/wp-json\/wp\/v2\/media?parent=28075"}],"wp:term":[{"taxonomy":"category","embeddable":true,"href":"https:\/\/guineediversite.com\/index.php\/wp-json\/wp\/v2\/categories?post=28075"},{"taxonomy":"post_tag","embeddable":true,"href":"https:\/\/guineediversite.com\/index.php\/wp-json\/wp\/v2\/tags?post=28075"}],"curies":[{"name":"wp","href":"https:\/\/api.w.org\/{rel}","templated":true}]}}