{"id":28074,"date":"2019-03-08T20:40:02","date_gmt":"2019-03-08T19:40:02","guid":{"rendered":"https:\/\/guineediversite.com\/?p=28074"},"modified":"2019-03-08T20:40:02","modified_gmt":"2019-03-08T19:40:02","slug":"fete-des-femmes-en-guinee-le-face-a-face-entre-pro-et-anti-troisieme-mandat","status":"publish","type":"post","link":"https:\/\/guineediversite.com\/index.php\/2019\/03\/08\/fete-des-femmes-en-guinee-le-face-a-face-entre-pro-et-anti-troisieme-mandat\/","title":{"rendered":"F\u00eate des femmes en Guin\u00e9e :\u00a0le face-\u00e0-face\u00a0entre pro et anti troisi\u00e8me mandat\u00a0"},"content":{"rendered":"<p><strong>Les rumeurs circulaient d\u00e9j\u00e0 \u00e0 la veille de la c\u00e9l\u00e9bration de cette journ\u00e9e qu\u2019un certain groupe de femme serait pr\u00e9par\u00e9 pour tenir un discours en faveur d\u2019un \u00e9ventuel troisi\u00e8me mandat du pr\u00e9sident Alpha Cond\u00e9.\u00a0<\/strong><\/p>\n<p>Si elles \u00e9taient venues nombreuses avec des pancartes sur lesquels on pouvait lire \u00ab Oui \u00e0 la nouvelle constitution \u00bb, c\u2019\u00e9tait sans compter sur la pr\u00e9sence d\u2019un autre groupe de femme peu nombreuse qui tenait \u00e9galement \u00e0 se faire entendre et dire \u00ab <em>Non \u00e0 un troisi\u00e8me manda<\/em>t \u00bb.<br \/>\nM\u00eame si les deux camps \u00e9taient diam\u00e9tralement oppos\u00e9s, leur pr\u00e9sence n\u2019est pas pass\u00e9 inaper\u00e7ue devant cette mar\u00e9e humaine qui a pris d\u2019assaut l\u2019esplanade du Palais du peuple ce 8 mars \u00e0 l\u2019occasion des festivit\u00e9s de la 62e journ\u00e9e internationale du droit de la femme.<br \/>\n\u00ab <em>Nous sommes l\u00e0 pour soutenir le Pr\u00e9sident et dire aussi ce que nous vivions dans nos diff\u00e9rents foyers, dans nos services.\u00a0On veut que l\u2019autonomie de la femme soit une r\u00e9alit\u00e9, qu\u2019on ne d\u00e9pend plus de nos maris ;\u00a0c\u2019est ce que nous voulons et c\u2019est Alpha cond\u00e9 qui peut nous rassurer cela<\/em>\u00a0\u00bb, lance\u00a0une promotrice de troisi\u00e8me mandat.<\/p>\n<p><strong>Lire aussi:\u00a0\u00a0<a href=\"https:\/\/guineediversite.com.bwjx4292.odns.fr\/index.php\/2019\/03\/08\/fete-internationale-des-femmes-ce-que-le-president-a-dit-aux-guineennes\/\">F\u00eate internationale des Femmes : ce que le Pr\u00e9sident a dit aux Guin\u00e9ennes<\/a><\/strong><\/p>\n<p>De l\u2019autre c\u00f4t\u00e9, la r\u00e9ponse n\u2019a pas tard\u00e9 :\u00a0\u00ab<em> Le message que j\u2019ai \u00e0 lancer, c\u2019est de dire au Professeur Alpha Cond\u00e9 que nous femmes de Guin\u00e9e nous lui demandons humblement qu\u2019il accepte de quitter le pouvoir sans la violence, sans que le sang ne coule apr\u00e8s son second mandat.\u00a0Nous voulons vraiment qu\u2019il c\u00e8de la place, nous voulons qu\u2019il accepte de n\u00e9gocier avec les autres institutions de dire clairement qu\u2019il ne fera pas un troisi\u00e8me mandat<\/em> \u00bb, d\u00e9clare cette autre femme.<\/p>\n<p>Mais Alpha Cond\u00e9, le principal\u00a0concern\u00e9 n\u2019a pas \u00e9voqu\u00e9 le sujet dans son discours.\u00a0Ce qui laisse encore planer le doute sur sa position.<\/p>\n<p><strong>Moussa Moise\u00a0KEITA<\/strong><\/p>\n","protected":false},"excerpt":{"rendered":"<p>Les rumeurs circulaient d\u00e9j\u00e0 \u00e0 la veille de la c\u00e9l\u00e9bration de cette journ\u00e9e qu\u2019un certain groupe de femme serait pr\u00e9par\u00e9 pour tenir un discours en faveur d\u2019un \u00e9ventuel troisi\u00e8me mandat du pr\u00e9sident Alpha Cond\u00e9.\u00a0 Si elles \u00e9taient venues nombreuses avec des pancartes sur lesquels on pouvait lire \u00ab Oui \u00e0 la nouvelle constitution \u00bb, c\u2019\u00e9tait [&hellip;]<\/p>\n","protected":false},"author":16,"featured_media":28076,"comment_status":"closed","ping_status":"closed","sticky":false,"template":"","format":"standard","meta":{"_exactmetrics_skip_tracking":false,"_exactmetrics_sitenote_active":false,"_exactmetrics_sitenote_note":"","_exactmetrics_sitenote_category":0,"tdm_status":"","tdm_grid_status":"","footnotes":""},"categories":[14,16],"tags":[],"class_list":{"0":"post-28074","1":"post","2":"type-post","3":"status-publish","4":"format-standard","5":"has-post-thumbnail","7":"category-politique","8":"category-societe"},"yoast_head":"<!-- This site is optimized with the Yoast SEO plugin v24.2 - https:\/\/yoast.com\/wordpress\/plugins\/seo\/ -->\n<title>F\u00eate des femmes en Guin\u00e9e :\u00a0le face-\u00e0-face\u00a0entre pro et anti troisi\u00e8me mandat\u00a0 | Guin\u00e9e Diversit\u00e9<\/title>\n<meta name=\"robots\" content=\"index, follow, max-snippet:-1, max-image-preview:large, max-video-preview:-1\" \/>\n<link rel=\"canonical\" href=\"https:\/\/guineediversite.com\/index.php\/2019\/03\/08\/fete-des-femmes-en-guinee-le-face-a-face-entre-pro-et-anti-troisieme-mandat\/\" \/>\n<meta property=\"og:locale\" content=\"fr_FR\" \/>\n<meta property=\"og:type\" content=\"article\" \/>\n<meta property=\"og:title\" content=\"F\u00eate des femmes en Guin\u00e9e :\u00a0le face-\u00e0-face\u00a0entre pro et anti troisi\u00e8me mandat\u00a0 | Guin\u00e9e Diversit\u00e9\" \/>\n<meta property=\"og:description\" content=\"Les rumeurs circulaient d\u00e9j\u00e0 \u00e0 la veille de la c\u00e9l\u00e9bration de cette journ\u00e9e qu\u2019un certain groupe de femme serait pr\u00e9par\u00e9 pour tenir un discours en faveur d\u2019un \u00e9ventuel troisi\u00e8me mandat du pr\u00e9sident Alpha Cond\u00e9.\u00a0 Si elles \u00e9taient venues nombreuses avec des pancartes sur lesquels on pouvait lire \u00ab Oui \u00e0 la nouvelle constitution \u00bb, c\u2019\u00e9tait [&hellip;]\" \/>\n<meta property=\"og:url\" content=\"https:\/\/guineediversite.com\/index.php\/2019\/03\/08\/fete-des-femmes-en-guinee-le-face-a-face-entre-pro-et-anti-troisieme-mandat\/\" \/>\n<meta property=\"og:site_name\" content=\"Guin\u00e9e Diversit\u00e9\" \/>\n<meta property=\"article:publisher\" content=\"https:\/\/www.facebook.com\/guineediversite\/\" \/>\n<meta property=\"article:published_time\" content=\"2019-03-08T19:40:02+00:00\" \/>\n<meta property=\"og:image\" content=\"https:\/\/guineediversite.com\/wp-content\/uploads\/2019\/03\/53400583_257735368436504_8911526929782276096_n.jpg\" \/>\n\t<meta property=\"og:image:width\" content=\"1024\" \/>\n\t<meta property=\"og:image:height\" content=\"768\" \/>\n\t<meta property=\"og:image:type\" content=\"image\/jpeg\" \/>\n<meta name=\"author\" content=\"Moussa Mo\u00efse K\u00e9ita\" \/>\n<meta name=\"twitter:card\" content=\"summary_large_image\" \/>\n<meta name=\"twitter:creator\" content=\"@GuineeDiversite\" \/>\n<meta name=\"twitter:site\" content=\"@GuineeDiversite\" \/>\n<meta name=\"twitter:label1\" content=\"\u00c9crit par\" \/>\n\t<meta name=\"twitter:data1\" content=\"Moussa Mo\u00efse K\u00e9ita\" \/>\n\t<meta name=\"twitter:label2\" content=\"Dur\u00e9e de lecture estim\u00e9e\" \/>\n\t<meta name=\"twitter:data2\" content=\"2 minutes\" \/>\n<script type=\"application\/ld+json\" class=\"yoast-schema-graph\">{\"@context\":\"https:\/\/schema.org\",\"@graph\":[{\"@type\":\"Article\",\"@id\":\"https:\/\/guineediversite.com\/index.php\/2019\/03\/08\/fete-des-femmes-en-guinee-le-face-a-face-entre-pro-et-anti-troisieme-mandat\/#article\",\"isPartOf\":{\"@id\":\"https:\/\/guineediversite.com\/index.php\/2019\/03\/08\/fete-des-femmes-en-guinee-le-face-a-face-entre-pro-et-anti-troisieme-mandat\/\"},\"author\":{\"name\":\"Moussa Mo\u00efse K\u00e9ita\",\"@id\":\"https:\/\/guineediversite.com\/#\/schema\/person\/079ec347f72d2acde4b56a50a4fd46dc\"},\"headline\":\"F\u00eate des femmes en Guin\u00e9e :\u00a0le face-\u00e0-face\u00a0entre pro et anti troisi\u00e8me mandat\u00a0\",\"datePublished\":\"2019-03-08T19:40:02+00:00\",\"dateModified\":\"2019-03-08T19:40:02+00:00\",\"mainEntityOfPage\":{\"@id\":\"https:\/\/guineediversite.com\/index.php\/2019\/03\/08\/fete-des-femmes-en-guinee-le-face-a-face-entre-pro-et-anti-troisieme-mandat\/\"},\"wordCount\":366,\"publisher\":{\"@id\":\"https:\/\/guineediversite.com\/#organization\"},\"image\":{\"@id\":\"https:\/\/guineediversite.com\/index.php\/2019\/03\/08\/fete-des-femmes-en-guinee-le-face-a-face-entre-pro-et-anti-troisieme-mandat\/#primaryimage\"},\"thumbnailUrl\":\"https:\/\/guineediversite.com\/wp-content\/uploads\/2019\/03\/53400583_257735368436504_8911526929782276096_n.jpg\",\"articleSection\":[\"Politique\",\"Soci\u00e9t\u00e9\"],\"inLanguage\":\"fr-FR\"},{\"@type\":\"WebPage\",\"@id\":\"https:\/\/guineediversite.com\/index.php\/2019\/03\/08\/fete-des-femmes-en-guinee-le-face-a-face-entre-pro-et-anti-troisieme-mandat\/\",\"url\":\"https:\/\/guineediversite.com\/index.php\/2019\/03\/08\/fete-des-femmes-en-guinee-le-face-a-face-entre-pro-et-anti-troisieme-mandat\/\",\"name\":\"F\u00eate des femmes en Guin\u00e9e :\u00a0le face-\u00e0-face\u00a0entre pro et anti troisi\u00e8me mandat\u00a0 | Guin\u00e9e Diversit\u00e9\",\"isPartOf\":{\"@id\":\"https:\/\/guineediversite.com\/#website\"},\"primaryImageOfPage\":{\"@id\":\"https:\/\/guineediversite.com\/index.php\/2019\/03\/08\/fete-des-femmes-en-guinee-le-face-a-face-entre-pro-et-anti-troisieme-mandat\/#primaryimage\"},\"image\":{\"@id\":\"https:\/\/guineediversite.com\/index.php\/2019\/03\/08\/fete-des-femmes-en-guinee-le-face-a-face-entre-pro-et-anti-troisieme-mandat\/#primaryimage\"},\"thumbnailUrl\":\"https:\/\/guineediversite.com\/wp-content\/uploads\/2019\/03\/53400583_257735368436504_8911526929782276096_n.jpg\",\"datePublished\":\"2019-03-08T19:40:02+00:00\",\"dateModified\":\"2019-03-08T19:40:02+00:00\",\"breadcrumb\":{\"@id\":\"https:\/\/guineediversite.com\/index.php\/2019\/03\/08\/fete-des-femmes-en-guinee-le-face-a-face-entre-pro-et-anti-troisieme-mandat\/#breadcrumb\"},\"inLanguage\":\"fr-FR\",\"potentialAction\":[{\"@type\":\"ReadAction\",\"target\":[\"https:\/\/guineediversite.com\/index.php\/2019\/03\/08\/fete-des-femmes-en-guinee-le-face-a-face-entre-pro-et-anti-troisieme-mandat\/\"]}]},{\"@type\":\"ImageObject\",\"inLanguage\":\"fr-FR\",\"@id\":\"https:\/\/guineediversite.com\/index.php\/2019\/03\/08\/fete-des-femmes-en-guinee-le-face-a-face-entre-pro-et-anti-troisieme-mandat\/#primaryimage\",\"url\":\"https:\/\/guineediversite.com\/wp-content\/uploads\/2019\/03\/53400583_257735368436504_8911526929782276096_n.jpg\",\"contentUrl\":\"https:\/\/guineediversite.com\/wp-content\/uploads\/2019\/03\/53400583_257735368436504_8911526929782276096_n.jpg\",\"width\":1024,\"height\":768},{\"@type\":\"BreadcrumbList\",\"@id\":\"https:\/\/guineediversite.com\/index.php\/2019\/03\/08\/fete-des-femmes-en-guinee-le-face-a-face-entre-pro-et-anti-troisieme-mandat\/#breadcrumb\",\"itemListElement\":[{\"@type\":\"ListItem\",\"position\":1,\"name\":\"Accueil\",\"item\":\"https:\/\/guineediversite.com\/\"},{\"@type\":\"ListItem\",\"position\":2,\"name\":\"F\u00eate des femmes en Guin\u00e9e :\u00a0le face-\u00e0-face\u00a0entre pro et anti troisi\u00e8me mandat\u00a0\"}]},{\"@type\":\"WebSite\",\"@id\":\"https:\/\/guineediversite.com\/#website\",\"url\":\"https:\/\/guineediversite.com\/\",\"name\":\"Guin\u00e9e Diversit\u00e9\",\"description\":\"L&#039;Info dans toute sa diversit\u00e9\",\"publisher\":{\"@id\":\"https:\/\/guineediversite.com\/#organization\"},\"potentialAction\":[{\"@type\":\"SearchAction\",\"target\":{\"@type\":\"EntryPoint\",\"urlTemplate\":\"https:\/\/guineediversite.com\/?s={search_term_string}\"},\"query-input\":{\"@type\":\"PropertyValueSpecification\",\"valueRequired\":true,\"valueName\":\"search_term_string\"}}],\"inLanguage\":\"fr-FR\"},{\"@type\":\"Organization\",\"@id\":\"https:\/\/guineediversite.com\/#organization\",\"name\":\"Guin\u00e9e Diversit\u00e9\",\"url\":\"https:\/\/guineediversite.com\/\",\"logo\":{\"@type\":\"ImageObject\",\"inLanguage\":\"fr-FR\",\"@id\":\"https:\/\/guineediversite.com\/#\/schema\/logo\/image\/\",\"url\":\"https:\/\/guineediversite.com\/wp-content\/uploads\/2017\/04\/cropped-1jojlxEOMkX9Wyqfhe43D6kjPOGqBBKmx3EwWJqZ0cMrFF54yM49.png\",\"contentUrl\":\"https:\/\/guineediversite.com\/wp-content\/uploads\/2017\/04\/cropped-1jojlxEOMkX9Wyqfhe43D6kjPOGqBBKmx3EwWJqZ0cMrFF54yM49.png\",\"width\":186,\"height\":112,\"caption\":\"Guin\u00e9e Diversit\u00e9\"},\"image\":{\"@id\":\"https:\/\/guineediversite.com\/#\/schema\/logo\/image\/\"},\"sameAs\":[\"https:\/\/www.facebook.com\/guineediversite\/\",\"https:\/\/x.com\/GuineeDiversite\",\"https:\/\/www.youtube.com\/channel\/UC8sUY16qelG5ge6_D5SB83g\"]},{\"@type\":\"Person\",\"@id\":\"https:\/\/guineediversite.com\/#\/schema\/person\/079ec347f72d2acde4b56a50a4fd46dc\",\"name\":\"Moussa Mo\u00efse K\u00e9ita\",\"image\":{\"@type\":\"ImageObject\",\"inLanguage\":\"fr-FR\",\"@id\":\"https:\/\/guineediversite.com\/#\/schema\/person\/image\/\",\"url\":\"https:\/\/secure.gravatar.com\/avatar\/edf1ea2cc01841e6c0b49384bcb1385b?s=96&d=mm&r=g\",\"contentUrl\":\"https:\/\/secure.gravatar.com\/avatar\/edf1ea2cc01841e6c0b49384bcb1385b?s=96&d=mm&r=g\",\"caption\":\"Moussa Mo\u00efse K\u00e9ita\"},\"url\":\"https:\/\/guineediversite.com\/index.php\/author\/moussa-moise\/\"}]}<\/script>\n<!-- \/ Yoast SEO plugin. -->","yoast_head_json":{"title":"F\u00eate des femmes en Guin\u00e9e :\u00a0le face-\u00e0-face\u00a0entre pro et anti troisi\u00e8me mandat\u00a0 | Guin\u00e9e Diversit\u00e9","robots":{"index":"index","follow":"follow","max-snippet":"max-snippet:-1","max-image-preview":"max-image-preview:large","max-video-preview":"max-video-preview:-1"},"canonical":"https:\/\/guineediversite.com\/index.php\/2019\/03\/08\/fete-des-femmes-en-guinee-le-face-a-face-entre-pro-et-anti-troisieme-mandat\/","og_locale":"fr_FR","og_type":"article","og_title":"F\u00eate des femmes en Guin\u00e9e :\u00a0le face-\u00e0-face\u00a0entre pro et anti troisi\u00e8me mandat\u00a0 | Guin\u00e9e Diversit\u00e9","og_description":"Les rumeurs circulaient d\u00e9j\u00e0 \u00e0 la veille de la c\u00e9l\u00e9bration de cette journ\u00e9e qu\u2019un certain groupe de femme serait pr\u00e9par\u00e9 pour tenir un discours en faveur d\u2019un \u00e9ventuel troisi\u00e8me mandat du pr\u00e9sident Alpha Cond\u00e9.\u00a0 Si elles \u00e9taient venues nombreuses avec des pancartes sur lesquels on pouvait lire \u00ab Oui \u00e0 la nouvelle constitution \u00bb, c\u2019\u00e9tait [&hellip;]","og_url":"https:\/\/guineediversite.com\/index.php\/2019\/03\/08\/fete-des-femmes-en-guinee-le-face-a-face-entre-pro-et-anti-troisieme-mandat\/","og_site_name":"Guin\u00e9e Diversit\u00e9","article_publisher":"https:\/\/www.facebook.com\/guineediversite\/","article_published_time":"2019-03-08T19:40:02+00:00","og_image":[{"width":1024,"height":768,"url":"https:\/\/guineediversite.com\/wp-content\/uploads\/2019\/03\/53400583_257735368436504_8911526929782276096_n.jpg","type":"image\/jpeg"}],"author":"Moussa Mo\u00efse K\u00e9ita","twitter_card":"summary_large_image","twitter_creator":"@GuineeDiversite","twitter_site":"@GuineeDiversite","twitter_misc":{"\u00c9crit par":"Moussa Mo\u00efse K\u00e9ita","Dur\u00e9e de lecture estim\u00e9e":"2 minutes"},"schema":{"@context":"https:\/\/schema.org","@graph":[{"@type":"Article","@id":"https:\/\/guineediversite.com\/index.php\/2019\/03\/08\/fete-des-femmes-en-guinee-le-face-a-face-entre-pro-et-anti-troisieme-mandat\/#article","isPartOf":{"@id":"https:\/\/guineediversite.com\/index.php\/2019\/03\/08\/fete-des-femmes-en-guinee-le-face-a-face-entre-pro-et-anti-troisieme-mandat\/"},"author":{"name":"Moussa Mo\u00efse K\u00e9ita","@id":"https:\/\/guineediversite.com\/#\/schema\/person\/079ec347f72d2acde4b56a50a4fd46dc"},"headline":"F\u00eate des femmes en Guin\u00e9e :\u00a0le face-\u00e0-face\u00a0entre pro et anti troisi\u00e8me mandat\u00a0","datePublished":"2019-03-08T19:40:02+00:00","dateModified":"2019-03-08T19:40:02+00:00","mainEntityOfPage":{"@id":"https:\/\/guineediversite.com\/index.php\/2019\/03\/08\/fete-des-femmes-en-guinee-le-face-a-face-entre-pro-et-anti-troisieme-mandat\/"},"wordCount":366,"publisher":{"@id":"https:\/\/guineediversite.com\/#organization"},"image":{"@id":"https:\/\/guineediversite.com\/index.php\/2019\/03\/08\/fete-des-femmes-en-guinee-le-face-a-face-entre-pro-et-anti-troisieme-mandat\/#primaryimage"},"thumbnailUrl":"https:\/\/guineediversite.com\/wp-content\/uploads\/2019\/03\/53400583_257735368436504_8911526929782276096_n.jpg","articleSection":["Politique","Soci\u00e9t\u00e9"],"inLanguage":"fr-FR"},{"@type":"WebPage","@id":"https:\/\/guineediversite.com\/index.php\/2019\/03\/08\/fete-des-femmes-en-guinee-le-face-a-face-entre-pro-et-anti-troisieme-mandat\/","url":"https:\/\/guineediversite.com\/index.php\/2019\/03\/08\/fete-des-femmes-en-guinee-le-face-a-face-entre-pro-et-anti-troisieme-mandat\/","name":"F\u00eate des femmes en Guin\u00e9e :\u00a0le face-\u00e0-face\u00a0entre pro et anti troisi\u00e8me mandat\u00a0 | Guin\u00e9e Diversit\u00e9","isPartOf":{"@id":"https:\/\/guineediversite.com\/#website"},"primaryImageOfPage":{"@id":"https:\/\/guineediversite.com\/index.php\/2019\/03\/08\/fete-des-femmes-en-guinee-le-face-a-face-entre-pro-et-anti-troisieme-mandat\/#primaryimage"},"image":{"@id":"https:\/\/guineediversite.com\/index.php\/2019\/03\/08\/fete-des-femmes-en-guinee-le-face-a-face-entre-pro-et-anti-troisieme-mandat\/#primaryimage"},"thumbnailUrl":"https:\/\/guineediversite.com\/wp-content\/uploads\/2019\/03\/53400583_257735368436504_8911526929782276096_n.jpg","datePublished":"2019-03-08T19:40:02+00:00","dateModified":"2019-03-08T19:40:02+00:00","breadcrumb":{"@id":"https:\/\/guineediversite.com\/index.php\/2019\/03\/08\/fete-des-femmes-en-guinee-le-face-a-face-entre-pro-et-anti-troisieme-mandat\/#breadcrumb"},"inLanguage":"fr-FR","potentialAction":[{"@type":"ReadAction","target":["https:\/\/guineediversite.com\/index.php\/2019\/03\/08\/fete-des-femmes-en-guinee-le-face-a-face-entre-pro-et-anti-troisieme-mandat\/"]}]},{"@type":"ImageObject","inLanguage":"fr-FR","@id":"https:\/\/guineediversite.com\/index.php\/2019\/03\/08\/fete-des-femmes-en-guinee-le-face-a-face-entre-pro-et-anti-troisieme-mandat\/#primaryimage","url":"https:\/\/guineediversite.com\/wp-content\/uploads\/2019\/03\/53400583_257735368436504_8911526929782276096_n.jpg","contentUrl":"https:\/\/guineediversite.com\/wp-content\/uploads\/2019\/03\/53400583_257735368436504_8911526929782276096_n.jpg","width":1024,"height":768},{"@type":"BreadcrumbList","@id":"https:\/\/guineediversite.com\/index.php\/2019\/03\/08\/fete-des-femmes-en-guinee-le-face-a-face-entre-pro-et-anti-troisieme-mandat\/#breadcrumb","itemListElement":[{"@type":"ListItem","position":1,"name":"Accueil","item":"https:\/\/guineediversite.com\/"},{"@type":"ListItem","position":2,"name":"F\u00eate des femmes en Guin\u00e9e :\u00a0le face-\u00e0-face\u00a0entre pro et anti troisi\u00e8me mandat\u00a0"}]},{"@type":"WebSite","@id":"https:\/\/guineediversite.com\/#website","url":"https:\/\/guineediversite.com\/","name":"Guin\u00e9e Diversit\u00e9","description":"L&#039;Info dans toute sa diversit\u00e9","publisher":{"@id":"https:\/\/guineediversite.com\/#organization"},"potentialAction":[{"@type":"SearchAction","target":{"@type":"EntryPoint","urlTemplate":"https:\/\/guineediversite.com\/?s={search_term_string}"},"query-input":{"@type":"PropertyValueSpecification","valueRequired":true,"valueName":"search_term_string"}}],"inLanguage":"fr-FR"},{"@type":"Organization","@id":"https:\/\/guineediversite.com\/#organization","name":"Guin\u00e9e Diversit\u00e9","url":"https:\/\/guineediversite.com\/","logo":{"@type":"ImageObject","inLanguage":"fr-FR","@id":"https:\/\/guineediversite.com\/#\/schema\/logo\/image\/","url":"https:\/\/guineediversite.com\/wp-content\/uploads\/2017\/04\/cropped-1jojlxEOMkX9Wyqfhe43D6kjPOGqBBKmx3EwWJqZ0cMrFF54yM49.png","contentUrl":"https:\/\/guineediversite.com\/wp-content\/uploads\/2017\/04\/cropped-1jojlxEOMkX9Wyqfhe43D6kjPOGqBBKmx3EwWJqZ0cMrFF54yM49.png","width":186,"height":112,"caption":"Guin\u00e9e Diversit\u00e9"},"image":{"@id":"https:\/\/guineediversite.com\/#\/schema\/logo\/image\/"},"sameAs":["https:\/\/www.facebook.com\/guineediversite\/","https:\/\/x.com\/GuineeDiversite","https:\/\/www.youtube.com\/channel\/UC8sUY16qelG5ge6_D5SB83g"]},{"@type":"Person","@id":"https:\/\/guineediversite.com\/#\/schema\/person\/079ec347f72d2acde4b56a50a4fd46dc","name":"Moussa Mo\u00efse K\u00e9ita","image":{"@type":"ImageObject","inLanguage":"fr-FR","@id":"https:\/\/guineediversite.com\/#\/schema\/person\/image\/","url":"https:\/\/secure.gravatar.com\/avatar\/edf1ea2cc01841e6c0b49384bcb1385b?s=96&d=mm&r=g","contentUrl":"https:\/\/secure.gravatar.com\/avatar\/edf1ea2cc01841e6c0b49384bcb1385b?s=96&d=mm&r=g","caption":"Moussa Mo\u00efse K\u00e9ita"},"url":"https:\/\/guineediversite.com\/index.php\/author\/moussa-moise\/"}]}},"_links":{"self":[{"href":"https:\/\/guineediversite.com\/index.php\/wp-json\/wp\/v2\/posts\/28074"}],"collection":[{"href":"https:\/\/guineediversite.com\/index.php\/wp-json\/wp\/v2\/posts"}],"about":[{"href":"https:\/\/guineediversite.com\/index.php\/wp-json\/wp\/v2\/types\/post"}],"author":[{"embeddable":true,"href":"https:\/\/guineediversite.com\/index.php\/wp-json\/wp\/v2\/users\/16"}],"replies":[{"embeddable":true,"href":"https:\/\/guineediversite.com\/index.php\/wp-json\/wp\/v2\/comments?post=28074"}],"version-history":[{"count":0,"href":"https:\/\/guineediversite.com\/index.php\/wp-json\/wp\/v2\/posts\/28074\/revisions"}],"wp:featuredmedia":[{"embeddable":true,"href":"https:\/\/guineediversite.com\/index.php\/wp-json\/wp\/v2\/media\/28076"}],"wp:attachment":[{"href":"https:\/\/guineediversite.com\/index.php\/wp-json\/wp\/v2\/media?parent=28074"}],"wp:term":[{"taxonomy":"category","embeddable":true,"href":"https:\/\/guineediversite.com\/index.php\/wp-json\/wp\/v2\/categories?post=28074"},{"taxonomy":"post_tag","embeddable":true,"href":"https:\/\/guineediversite.com\/index.php\/wp-json\/wp\/v2\/tags?post=28074"}],"curies":[{"name":"wp","href":"https:\/\/api.w.org\/{rel}","templated":true}]}}