{"id":28071,"date":"2019-03-08T20:34:03","date_gmt":"2019-03-08T19:34:03","guid":{"rendered":"https:\/\/guineediversite.com\/?p=28071"},"modified":"2019-03-08T20:43:52","modified_gmt":"2019-03-08T19:43:52","slug":"fete-internationale-des-femmes-ce-que-le-president-a-dit-aux-guineennes","status":"publish","type":"post","link":"https:\/\/guineediversite.com\/index.php\/2019\/03\/08\/fete-internationale-des-femmes-ce-que-le-president-a-dit-aux-guineennes\/","title":{"rendered":"F\u00eate internationale des Femmes :\u00a0ce que le Pr\u00e9sident a dit aux Guin\u00e9ennes"},"content":{"rendered":"<p><strong>La c\u00e9l\u00e9bration de la journ\u00e9e internationale des droits des femmes s\u2019est d\u00e9roul\u00e9e ce vendredi 8 mars \u00e0 l\u2019esplanade du Palais du peuple, \u00e0 Conakry.\u00a0Cette journ\u00e9e de f\u00eate a \u00e9t\u00e9\u00a0pr\u00e9sident\u00a0par le Chef de l\u2019Etat Alpha Cond\u00e9.<br \/>\n<\/strong><br \/>\nDans son discours, le Pr\u00e9sident guin\u00e9en\u00a0a d\u00e9clar\u00e9\u00a0avoir compris le\u00a0cri\u00a0de c\u0153ur des femmes Guin\u00e9ennes avant de faire la promesse de veiller au d\u00e9veloppement des activit\u00e9s g\u00e9n\u00e9ratrices de revenus mais aussi, de garantir pour certaines femmes, l\u2019acc\u00e8s aux cr\u00e9dits.<br \/>\n\u00ab <em>Je pense surtout \u00e0 nos femmes dans les villages, les districts, les sous-pr\u00e9fectures.\u00a0\u00c0 ces femmes de Guin\u00e9e, je leur dis, vos larmes, vos souffrances, vos cris de d\u00e9tresse, je les per\u00e7ois, je le ressens non pas seulement comme une douleur passag\u00e8re, mais aussi comme un indignement \u00e0 faire plus, trop de plus avec vous, pour vous, pour la\u00a0Guin\u00e9e \u00bb<\/em>.<br \/>\nPour Alpha Cond\u00e9, l\u2019\u00e9mancipation de la femme par n\u00e9cessairement par son ind\u00e9pendance \u00e9conomique.\u00a0<em>\u00ab Car si la femme a l\u2019autonomie \u00e9conomique, elle n\u2019acceptera pas qu\u2019on\u00a0mari\u00a0sa fille de 14 \u00e0 15 ans.\u00a0C\u2019est pourquoi en dehors de ce qui a \u00e9t\u00e9 fait, nous allons continuer \u00e0 accompagner les femmes, notamment dans les domaines de l\u2019artisanat mais aussi, des cultures mara\u00eechers avec le d\u00e9veloppement des cultures sur\u00a0serf\u00a0<\/em>\u00bb, lance le\u00a0pr\u00e9sident de la R\u00e9publique, le regard cach\u00e9 par des lunettes de soleil.<\/p>\n<p><strong>Lire aussi\u00a0<a href=\"https:\/\/guineediversite.com.bwjx4292.odns.fr\/index.php\/2019\/03\/08\/fete-des-femmes-en-guinee-le-face-a-face-entre-pro-et-anti-troisieme-mandat\/\">F\u00eate des femmes en Guin\u00e9e : le face-\u00e0-face entre pro et anti troisi\u00e8me mandat <\/a><\/strong><\/p>\n<p>Concernant l\u2019artisanat, le pr\u00e9sident guin\u00e9en promet de s\u2019attaquer \u00e0 la contrefa\u00e7on.\u00a0\u00ab <em>Aujourd\u2019hui\u00a0nous sommes fi\u00e8re de voir que les femmes guin\u00e9ennes portent des tissus fabriqu\u00e9s en Guin\u00e9e.\u00a0Je pr\u00e9viens les commer\u00e7ants, nous allons envoyer des inspecteurs dans tous les march\u00e9s.\u00a0Tout commer\u00e7ant qui sera pris en train de vendre des pagnes fabriqu\u00e9s de contrefa\u00e7ons sera arr\u00eat\u00e9, ses biens saisis et emprisonn\u00e9<\/em> \u00bb, pr\u00e9vient-il.<\/p>\n<p>Apr\u00e8s ce discours, le pr\u00e9sident Alpha Cond\u00e9 s\u2019est pris un bain de foule avant d\u2019aller visiter les stands install\u00e9s sous le hall du Palais du Peuple o\u00f9 les expositions\u00a0des certaines\u00a0coop\u00e9ratives de femmes \u00e9taient en cours.<\/p>\n<p>Moussa Mo\u00efse\u00a0Keita<\/p>\n","protected":false},"excerpt":{"rendered":"<p>La c\u00e9l\u00e9bration de la journ\u00e9e internationale des droits des femmes s\u2019est d\u00e9roul\u00e9e ce vendredi 8 mars \u00e0 l\u2019esplanade du Palais du peuple, \u00e0 Conakry.\u00a0Cette journ\u00e9e de f\u00eate a \u00e9t\u00e9\u00a0pr\u00e9sident\u00a0par le Chef de l\u2019Etat Alpha Cond\u00e9.\u00a0<\/p>\n","protected":false},"author":16,"featured_media":28072,"comment_status":"closed","ping_status":"closed","sticky":false,"template":"","format":"standard","meta":{"_exactmetrics_skip_tracking":false,"_exactmetrics_sitenote_active":false,"_exactmetrics_sitenote_note":"","_exactmetrics_sitenote_category":0,"tdm_status":"","tdm_grid_status":"","footnotes":""},"categories":[14],"tags":[226,52,433],"class_list":{"0":"post-28071","1":"post","2":"type-post","3":"status-publish","4":"format-standard","5":"has-post-thumbnail","7":"category-politique","8":"tag-alpha-conde","9":"tag-conakry","10":"tag-journee-internationale-des-droits-des-femmes"},"yoast_head":"<!-- This site is optimized with the Yoast SEO plugin v24.2 - https:\/\/yoast.com\/wordpress\/plugins\/seo\/ -->\n<title>F\u00eate internationale des Femmes :\u00a0ce que le Pr\u00e9sident a dit aux Guin\u00e9ennes | Guin\u00e9e Diversit\u00e9<\/title>\n<meta name=\"robots\" content=\"index, follow, max-snippet:-1, max-image-preview:large, max-video-preview:-1\" \/>\n<link rel=\"canonical\" href=\"https:\/\/guineediversite.com\/index.php\/2019\/03\/08\/fete-internationale-des-femmes-ce-que-le-president-a-dit-aux-guineennes\/\" \/>\n<meta property=\"og:locale\" content=\"fr_FR\" \/>\n<meta property=\"og:type\" content=\"article\" \/>\n<meta property=\"og:title\" content=\"F\u00eate internationale des Femmes :\u00a0ce que le Pr\u00e9sident a dit aux Guin\u00e9ennes | Guin\u00e9e Diversit\u00e9\" \/>\n<meta property=\"og:description\" content=\"La c\u00e9l\u00e9bration de la journ\u00e9e internationale des droits des femmes s\u2019est d\u00e9roul\u00e9e ce vendredi 8 mars \u00e0 l\u2019esplanade du Palais du peuple, \u00e0 Conakry.\u00a0Cette journ\u00e9e de f\u00eate a \u00e9t\u00e9\u00a0pr\u00e9sident\u00a0par le Chef de l\u2019Etat Alpha Cond\u00e9.\u00a0\" \/>\n<meta property=\"og:url\" content=\"https:\/\/guineediversite.com\/index.php\/2019\/03\/08\/fete-internationale-des-femmes-ce-que-le-president-a-dit-aux-guineennes\/\" \/>\n<meta property=\"og:site_name\" content=\"Guin\u00e9e Diversit\u00e9\" \/>\n<meta property=\"article:publisher\" content=\"https:\/\/www.facebook.com\/guineediversite\/\" \/>\n<meta property=\"article:published_time\" content=\"2019-03-08T19:34:03+00:00\" \/>\n<meta property=\"article:modified_time\" content=\"2019-03-08T19:43:52+00:00\" \/>\n<meta property=\"og:image\" content=\"https:\/\/guineediversite.com\/wp-content\/uploads\/2019\/03\/53684094_1544740532324615_7981843866577797120_n.jpg\" \/>\n\t<meta property=\"og:image:width\" content=\"1024\" \/>\n\t<meta property=\"og:image:height\" content=\"683\" \/>\n\t<meta property=\"og:image:type\" content=\"image\/jpeg\" \/>\n<meta name=\"author\" content=\"Moussa Mo\u00efse K\u00e9ita\" \/>\n<meta name=\"twitter:card\" content=\"summary_large_image\" \/>\n<meta name=\"twitter:creator\" content=\"@GuineeDiversite\" \/>\n<meta name=\"twitter:site\" content=\"@GuineeDiversite\" \/>\n<meta name=\"twitter:label1\" content=\"\u00c9crit par\" \/>\n\t<meta name=\"twitter:data1\" content=\"Moussa Mo\u00efse K\u00e9ita\" \/>\n\t<meta name=\"twitter:label2\" content=\"Dur\u00e9e de lecture estim\u00e9e\" \/>\n\t<meta name=\"twitter:data2\" content=\"2 minutes\" \/>\n<script type=\"application\/ld+json\" class=\"yoast-schema-graph\">{\"@context\":\"https:\/\/schema.org\",\"@graph\":[{\"@type\":\"Article\",\"@id\":\"https:\/\/guineediversite.com\/index.php\/2019\/03\/08\/fete-internationale-des-femmes-ce-que-le-president-a-dit-aux-guineennes\/#article\",\"isPartOf\":{\"@id\":\"https:\/\/guineediversite.com\/index.php\/2019\/03\/08\/fete-internationale-des-femmes-ce-que-le-president-a-dit-aux-guineennes\/\"},\"author\":{\"name\":\"Moussa Mo\u00efse K\u00e9ita\",\"@id\":\"https:\/\/guineediversite.com\/#\/schema\/person\/079ec347f72d2acde4b56a50a4fd46dc\"},\"headline\":\"F\u00eate internationale des Femmes :\u00a0ce que le Pr\u00e9sident a dit aux Guin\u00e9ennes\",\"datePublished\":\"2019-03-08T19:34:03+00:00\",\"dateModified\":\"2019-03-08T19:43:52+00:00\",\"mainEntityOfPage\":{\"@id\":\"https:\/\/guineediversite.com\/index.php\/2019\/03\/08\/fete-internationale-des-femmes-ce-que-le-president-a-dit-aux-guineennes\/\"},\"wordCount\":411,\"publisher\":{\"@id\":\"https:\/\/guineediversite.com\/#organization\"},\"image\":{\"@id\":\"https:\/\/guineediversite.com\/index.php\/2019\/03\/08\/fete-internationale-des-femmes-ce-que-le-president-a-dit-aux-guineennes\/#primaryimage\"},\"thumbnailUrl\":\"https:\/\/guineediversite.com\/wp-content\/uploads\/2019\/03\/53684094_1544740532324615_7981843866577797120_n.jpg\",\"keywords\":[\"Alpha Cond\u00e9\",\"Conakry\",\"Journ\u00e9e internationale des droits des femmes\"],\"articleSection\":[\"Politique\"],\"inLanguage\":\"fr-FR\"},{\"@type\":\"WebPage\",\"@id\":\"https:\/\/guineediversite.com\/index.php\/2019\/03\/08\/fete-internationale-des-femmes-ce-que-le-president-a-dit-aux-guineennes\/\",\"url\":\"https:\/\/guineediversite.com\/index.php\/2019\/03\/08\/fete-internationale-des-femmes-ce-que-le-president-a-dit-aux-guineennes\/\",\"name\":\"F\u00eate internationale des Femmes :\u00a0ce que le Pr\u00e9sident a dit aux Guin\u00e9ennes | Guin\u00e9e Diversit\u00e9\",\"isPartOf\":{\"@id\":\"https:\/\/guineediversite.com\/#website\"},\"primaryImageOfPage\":{\"@id\":\"https:\/\/guineediversite.com\/index.php\/2019\/03\/08\/fete-internationale-des-femmes-ce-que-le-president-a-dit-aux-guineennes\/#primaryimage\"},\"image\":{\"@id\":\"https:\/\/guineediversite.com\/index.php\/2019\/03\/08\/fete-internationale-des-femmes-ce-que-le-president-a-dit-aux-guineennes\/#primaryimage\"},\"thumbnailUrl\":\"https:\/\/guineediversite.com\/wp-content\/uploads\/2019\/03\/53684094_1544740532324615_7981843866577797120_n.jpg\",\"datePublished\":\"2019-03-08T19:34:03+00:00\",\"dateModified\":\"2019-03-08T19:43:52+00:00\",\"breadcrumb\":{\"@id\":\"https:\/\/guineediversite.com\/index.php\/2019\/03\/08\/fete-internationale-des-femmes-ce-que-le-president-a-dit-aux-guineennes\/#breadcrumb\"},\"inLanguage\":\"fr-FR\",\"potentialAction\":[{\"@type\":\"ReadAction\",\"target\":[\"https:\/\/guineediversite.com\/index.php\/2019\/03\/08\/fete-internationale-des-femmes-ce-que-le-president-a-dit-aux-guineennes\/\"]}]},{\"@type\":\"ImageObject\",\"inLanguage\":\"fr-FR\",\"@id\":\"https:\/\/guineediversite.com\/index.php\/2019\/03\/08\/fete-internationale-des-femmes-ce-que-le-president-a-dit-aux-guineennes\/#primaryimage\",\"url\":\"https:\/\/guineediversite.com\/wp-content\/uploads\/2019\/03\/53684094_1544740532324615_7981843866577797120_n.jpg\",\"contentUrl\":\"https:\/\/guineediversite.com\/wp-content\/uploads\/2019\/03\/53684094_1544740532324615_7981843866577797120_n.jpg\",\"width\":1024,\"height\":683},{\"@type\":\"BreadcrumbList\",\"@id\":\"https:\/\/guineediversite.com\/index.php\/2019\/03\/08\/fete-internationale-des-femmes-ce-que-le-president-a-dit-aux-guineennes\/#breadcrumb\",\"itemListElement\":[{\"@type\":\"ListItem\",\"position\":1,\"name\":\"Accueil\",\"item\":\"https:\/\/guineediversite.com\/\"},{\"@type\":\"ListItem\",\"position\":2,\"name\":\"F\u00eate internationale des Femmes :\u00a0ce que le Pr\u00e9sident a dit aux Guin\u00e9ennes\"}]},{\"@type\":\"WebSite\",\"@id\":\"https:\/\/guineediversite.com\/#website\",\"url\":\"https:\/\/guineediversite.com\/\",\"name\":\"Guin\u00e9e Diversit\u00e9\",\"description\":\"L&#039;Info dans toute sa diversit\u00e9\",\"publisher\":{\"@id\":\"https:\/\/guineediversite.com\/#organization\"},\"potentialAction\":[{\"@type\":\"SearchAction\",\"target\":{\"@type\":\"EntryPoint\",\"urlTemplate\":\"https:\/\/guineediversite.com\/?s={search_term_string}\"},\"query-input\":{\"@type\":\"PropertyValueSpecification\",\"valueRequired\":true,\"valueName\":\"search_term_string\"}}],\"inLanguage\":\"fr-FR\"},{\"@type\":\"Organization\",\"@id\":\"https:\/\/guineediversite.com\/#organization\",\"name\":\"Guin\u00e9e Diversit\u00e9\",\"url\":\"https:\/\/guineediversite.com\/\",\"logo\":{\"@type\":\"ImageObject\",\"inLanguage\":\"fr-FR\",\"@id\":\"https:\/\/guineediversite.com\/#\/schema\/logo\/image\/\",\"url\":\"https:\/\/guineediversite.com\/wp-content\/uploads\/2017\/04\/cropped-1jojlxEOMkX9Wyqfhe43D6kjPOGqBBKmx3EwWJqZ0cMrFF54yM49.png\",\"contentUrl\":\"https:\/\/guineediversite.com\/wp-content\/uploads\/2017\/04\/cropped-1jojlxEOMkX9Wyqfhe43D6kjPOGqBBKmx3EwWJqZ0cMrFF54yM49.png\",\"width\":186,\"height\":112,\"caption\":\"Guin\u00e9e Diversit\u00e9\"},\"image\":{\"@id\":\"https:\/\/guineediversite.com\/#\/schema\/logo\/image\/\"},\"sameAs\":[\"https:\/\/www.facebook.com\/guineediversite\/\",\"https:\/\/x.com\/GuineeDiversite\",\"https:\/\/www.youtube.com\/channel\/UC8sUY16qelG5ge6_D5SB83g\"]},{\"@type\":\"Person\",\"@id\":\"https:\/\/guineediversite.com\/#\/schema\/person\/079ec347f72d2acde4b56a50a4fd46dc\",\"name\":\"Moussa Mo\u00efse K\u00e9ita\",\"image\":{\"@type\":\"ImageObject\",\"inLanguage\":\"fr-FR\",\"@id\":\"https:\/\/guineediversite.com\/#\/schema\/person\/image\/\",\"url\":\"https:\/\/secure.gravatar.com\/avatar\/edf1ea2cc01841e6c0b49384bcb1385b?s=96&d=mm&r=g\",\"contentUrl\":\"https:\/\/secure.gravatar.com\/avatar\/edf1ea2cc01841e6c0b49384bcb1385b?s=96&d=mm&r=g\",\"caption\":\"Moussa Mo\u00efse K\u00e9ita\"},\"url\":\"https:\/\/guineediversite.com\/index.php\/author\/moussa-moise\/\"}]}<\/script>\n<!-- \/ Yoast SEO plugin. -->","yoast_head_json":{"title":"F\u00eate internationale des Femmes :\u00a0ce que le Pr\u00e9sident a dit aux Guin\u00e9ennes | Guin\u00e9e Diversit\u00e9","robots":{"index":"index","follow":"follow","max-snippet":"max-snippet:-1","max-image-preview":"max-image-preview:large","max-video-preview":"max-video-preview:-1"},"canonical":"https:\/\/guineediversite.com\/index.php\/2019\/03\/08\/fete-internationale-des-femmes-ce-que-le-president-a-dit-aux-guineennes\/","og_locale":"fr_FR","og_type":"article","og_title":"F\u00eate internationale des Femmes :\u00a0ce que le Pr\u00e9sident a dit aux Guin\u00e9ennes | Guin\u00e9e Diversit\u00e9","og_description":"La c\u00e9l\u00e9bration de la journ\u00e9e internationale des droits des femmes s\u2019est d\u00e9roul\u00e9e ce vendredi 8 mars \u00e0 l\u2019esplanade du Palais du peuple, \u00e0 Conakry.\u00a0Cette journ\u00e9e de f\u00eate a \u00e9t\u00e9\u00a0pr\u00e9sident\u00a0par le Chef de l\u2019Etat Alpha Cond\u00e9.\u00a0","og_url":"https:\/\/guineediversite.com\/index.php\/2019\/03\/08\/fete-internationale-des-femmes-ce-que-le-president-a-dit-aux-guineennes\/","og_site_name":"Guin\u00e9e Diversit\u00e9","article_publisher":"https:\/\/www.facebook.com\/guineediversite\/","article_published_time":"2019-03-08T19:34:03+00:00","article_modified_time":"2019-03-08T19:43:52+00:00","og_image":[{"width":1024,"height":683,"url":"https:\/\/guineediversite.com\/wp-content\/uploads\/2019\/03\/53684094_1544740532324615_7981843866577797120_n.jpg","type":"image\/jpeg"}],"author":"Moussa Mo\u00efse K\u00e9ita","twitter_card":"summary_large_image","twitter_creator":"@GuineeDiversite","twitter_site":"@GuineeDiversite","twitter_misc":{"\u00c9crit par":"Moussa Mo\u00efse K\u00e9ita","Dur\u00e9e de lecture estim\u00e9e":"2 minutes"},"schema":{"@context":"https:\/\/schema.org","@graph":[{"@type":"Article","@id":"https:\/\/guineediversite.com\/index.php\/2019\/03\/08\/fete-internationale-des-femmes-ce-que-le-president-a-dit-aux-guineennes\/#article","isPartOf":{"@id":"https:\/\/guineediversite.com\/index.php\/2019\/03\/08\/fete-internationale-des-femmes-ce-que-le-president-a-dit-aux-guineennes\/"},"author":{"name":"Moussa Mo\u00efse K\u00e9ita","@id":"https:\/\/guineediversite.com\/#\/schema\/person\/079ec347f72d2acde4b56a50a4fd46dc"},"headline":"F\u00eate internationale des Femmes :\u00a0ce que le Pr\u00e9sident a dit aux Guin\u00e9ennes","datePublished":"2019-03-08T19:34:03+00:00","dateModified":"2019-03-08T19:43:52+00:00","mainEntityOfPage":{"@id":"https:\/\/guineediversite.com\/index.php\/2019\/03\/08\/fete-internationale-des-femmes-ce-que-le-president-a-dit-aux-guineennes\/"},"wordCount":411,"publisher":{"@id":"https:\/\/guineediversite.com\/#organization"},"image":{"@id":"https:\/\/guineediversite.com\/index.php\/2019\/03\/08\/fete-internationale-des-femmes-ce-que-le-president-a-dit-aux-guineennes\/#primaryimage"},"thumbnailUrl":"https:\/\/guineediversite.com\/wp-content\/uploads\/2019\/03\/53684094_1544740532324615_7981843866577797120_n.jpg","keywords":["Alpha Cond\u00e9","Conakry","Journ\u00e9e internationale des droits des femmes"],"articleSection":["Politique"],"inLanguage":"fr-FR"},{"@type":"WebPage","@id":"https:\/\/guineediversite.com\/index.php\/2019\/03\/08\/fete-internationale-des-femmes-ce-que-le-president-a-dit-aux-guineennes\/","url":"https:\/\/guineediversite.com\/index.php\/2019\/03\/08\/fete-internationale-des-femmes-ce-que-le-president-a-dit-aux-guineennes\/","name":"F\u00eate internationale des Femmes :\u00a0ce que le Pr\u00e9sident a dit aux Guin\u00e9ennes | Guin\u00e9e Diversit\u00e9","isPartOf":{"@id":"https:\/\/guineediversite.com\/#website"},"primaryImageOfPage":{"@id":"https:\/\/guineediversite.com\/index.php\/2019\/03\/08\/fete-internationale-des-femmes-ce-que-le-president-a-dit-aux-guineennes\/#primaryimage"},"image":{"@id":"https:\/\/guineediversite.com\/index.php\/2019\/03\/08\/fete-internationale-des-femmes-ce-que-le-president-a-dit-aux-guineennes\/#primaryimage"},"thumbnailUrl":"https:\/\/guineediversite.com\/wp-content\/uploads\/2019\/03\/53684094_1544740532324615_7981843866577797120_n.jpg","datePublished":"2019-03-08T19:34:03+00:00","dateModified":"2019-03-08T19:43:52+00:00","breadcrumb":{"@id":"https:\/\/guineediversite.com\/index.php\/2019\/03\/08\/fete-internationale-des-femmes-ce-que-le-president-a-dit-aux-guineennes\/#breadcrumb"},"inLanguage":"fr-FR","potentialAction":[{"@type":"ReadAction","target":["https:\/\/guineediversite.com\/index.php\/2019\/03\/08\/fete-internationale-des-femmes-ce-que-le-president-a-dit-aux-guineennes\/"]}]},{"@type":"ImageObject","inLanguage":"fr-FR","@id":"https:\/\/guineediversite.com\/index.php\/2019\/03\/08\/fete-internationale-des-femmes-ce-que-le-president-a-dit-aux-guineennes\/#primaryimage","url":"https:\/\/guineediversite.com\/wp-content\/uploads\/2019\/03\/53684094_1544740532324615_7981843866577797120_n.jpg","contentUrl":"https:\/\/guineediversite.com\/wp-content\/uploads\/2019\/03\/53684094_1544740532324615_7981843866577797120_n.jpg","width":1024,"height":683},{"@type":"BreadcrumbList","@id":"https:\/\/guineediversite.com\/index.php\/2019\/03\/08\/fete-internationale-des-femmes-ce-que-le-president-a-dit-aux-guineennes\/#breadcrumb","itemListElement":[{"@type":"ListItem","position":1,"name":"Accueil","item":"https:\/\/guineediversite.com\/"},{"@type":"ListItem","position":2,"name":"F\u00eate internationale des Femmes :\u00a0ce que le Pr\u00e9sident a dit aux Guin\u00e9ennes"}]},{"@type":"WebSite","@id":"https:\/\/guineediversite.com\/#website","url":"https:\/\/guineediversite.com\/","name":"Guin\u00e9e Diversit\u00e9","description":"L&#039;Info dans toute sa diversit\u00e9","publisher":{"@id":"https:\/\/guineediversite.com\/#organization"},"potentialAction":[{"@type":"SearchAction","target":{"@type":"EntryPoint","urlTemplate":"https:\/\/guineediversite.com\/?s={search_term_string}"},"query-input":{"@type":"PropertyValueSpecification","valueRequired":true,"valueName":"search_term_string"}}],"inLanguage":"fr-FR"},{"@type":"Organization","@id":"https:\/\/guineediversite.com\/#organization","name":"Guin\u00e9e Diversit\u00e9","url":"https:\/\/guineediversite.com\/","logo":{"@type":"ImageObject","inLanguage":"fr-FR","@id":"https:\/\/guineediversite.com\/#\/schema\/logo\/image\/","url":"https:\/\/guineediversite.com\/wp-content\/uploads\/2017\/04\/cropped-1jojlxEOMkX9Wyqfhe43D6kjPOGqBBKmx3EwWJqZ0cMrFF54yM49.png","contentUrl":"https:\/\/guineediversite.com\/wp-content\/uploads\/2017\/04\/cropped-1jojlxEOMkX9Wyqfhe43D6kjPOGqBBKmx3EwWJqZ0cMrFF54yM49.png","width":186,"height":112,"caption":"Guin\u00e9e Diversit\u00e9"},"image":{"@id":"https:\/\/guineediversite.com\/#\/schema\/logo\/image\/"},"sameAs":["https:\/\/www.facebook.com\/guineediversite\/","https:\/\/x.com\/GuineeDiversite","https:\/\/www.youtube.com\/channel\/UC8sUY16qelG5ge6_D5SB83g"]},{"@type":"Person","@id":"https:\/\/guineediversite.com\/#\/schema\/person\/079ec347f72d2acde4b56a50a4fd46dc","name":"Moussa Mo\u00efse K\u00e9ita","image":{"@type":"ImageObject","inLanguage":"fr-FR","@id":"https:\/\/guineediversite.com\/#\/schema\/person\/image\/","url":"https:\/\/secure.gravatar.com\/avatar\/edf1ea2cc01841e6c0b49384bcb1385b?s=96&d=mm&r=g","contentUrl":"https:\/\/secure.gravatar.com\/avatar\/edf1ea2cc01841e6c0b49384bcb1385b?s=96&d=mm&r=g","caption":"Moussa Mo\u00efse K\u00e9ita"},"url":"https:\/\/guineediversite.com\/index.php\/author\/moussa-moise\/"}]}},"_links":{"self":[{"href":"https:\/\/guineediversite.com\/index.php\/wp-json\/wp\/v2\/posts\/28071"}],"collection":[{"href":"https:\/\/guineediversite.com\/index.php\/wp-json\/wp\/v2\/posts"}],"about":[{"href":"https:\/\/guineediversite.com\/index.php\/wp-json\/wp\/v2\/types\/post"}],"author":[{"embeddable":true,"href":"https:\/\/guineediversite.com\/index.php\/wp-json\/wp\/v2\/users\/16"}],"replies":[{"embeddable":true,"href":"https:\/\/guineediversite.com\/index.php\/wp-json\/wp\/v2\/comments?post=28071"}],"version-history":[{"count":0,"href":"https:\/\/guineediversite.com\/index.php\/wp-json\/wp\/v2\/posts\/28071\/revisions"}],"wp:featuredmedia":[{"embeddable":true,"href":"https:\/\/guineediversite.com\/index.php\/wp-json\/wp\/v2\/media\/28072"}],"wp:attachment":[{"href":"https:\/\/guineediversite.com\/index.php\/wp-json\/wp\/v2\/media?parent=28071"}],"wp:term":[{"taxonomy":"category","embeddable":true,"href":"https:\/\/guineediversite.com\/index.php\/wp-json\/wp\/v2\/categories?post=28071"},{"taxonomy":"post_tag","embeddable":true,"href":"https:\/\/guineediversite.com\/index.php\/wp-json\/wp\/v2\/tags?post=28071"}],"curies":[{"name":"wp","href":"https:\/\/api.w.org\/{rel}","templated":true}]}}