{"id":27979,"date":"2019-02-19T15:56:45","date_gmt":"2019-02-19T14:56:45","guid":{"rendered":"https:\/\/guineediversite.com\/?p=27979"},"modified":"2019-02-19T15:56:45","modified_gmt":"2019-02-19T14:56:45","slug":"violences-contre-le-cortege-de-cellou-les-forces-sociales-estiment-que-larticle-10-a-ete-viole","status":"publish","type":"post","link":"https:\/\/guineediversite.com\/index.php\/2019\/02\/19\/violences-contre-le-cortege-de-cellou-les-forces-sociales-estiment-que-larticle-10-a-ete-viole\/","title":{"rendered":"Violences contre le cort\u00e8ge de Cellou : les Forces Sociales estiment que l&rsquo;article 10 a \u00e9t\u00e9 viol\u00e9"},"content":{"rendered":"<p><strong>Quelques jours apr\u00e8s l\u2019altercation entre des agents des forces de l\u2019ordre et le cort\u00e8ge du chef de file de l\u2019opposition \u00e0 Hamdallaye &#8211; Gnari Wada dans la commune de Ratoma, des bless\u00e9s et des d\u00e9g\u00e2ts mat\u00e9riels ont \u00e9t\u00e9 enregistr\u00e9s. La voiture de commandement du leader de l\u2019Union des Forces D\u00e9mocratiques de Guin\u00e9e a \u00e9t\u00e9 s\u00e9rieusement endommag\u00e9e et lui-m\u00eame gaz\u00e9 selon ses explications.<\/strong><\/p>\n<p>Pendant que Cellou Dalein Diallo accuse la police de vouloir l\u2019assassiner sous les ordres du Pr\u00e9sident Alpha Cond\u00e9, les responsables de la police dans une sortie m\u00e9diatique  lundi 18 f\u00e9vrier, ont balay\u00e9s d\u2019un revers de la main toutes ces accusations.<\/p>\n<p>Pour l\u2019administrateur du Balai Citoyen interrog\u00e9 par notre r\u00e9daction ce Mardi 19 f\u00e9vrier, les preuves qui circulent sur les r\u00e9seaux sociaux et ceux diffus\u00e9es par les medias sont accablantes contre les forces de l\u2019ordre dans cette situation.<br \/>\n\u00ab <i>La Compagnie Mobile d\u2019Intervention et de S\u00e9curit\u00e9 a agit avec brutalit\u00e9\u00bb,<\/i> a d\u00e9clar\u00e9 S\u00e9kou Koundouno, avant de poursuivre :<br \/>\n<i>\u00ab Le droit de manifester, le droit de cort\u00e8ge et le droit de circulation sont consacr\u00e9s par l\u2019article 10 de la Constitution guin\u00e9enne. On ne peut pas disperser la foule, on ne peut pas aller jusqu&rsquo;\u00e0 entraver la libert\u00e9 physique d\u2019une personne et percuter sa voiture et que nous, au niveau des forces sociales nous restons indiff\u00e9rent. Nous estimons que cet article (article 10 ndlr) a \u00e9t\u00e9 viol\u00e9, nous souhaitons que le procureur du TPI de Dixinn ayant ouvert une enqu\u00eate, que cette enqu\u00eate aboutisse, qu\u2019elle ne ressemble pas aux autres et qu\u2019on sache dans quelle circonstance cette voiture a \u00e9t\u00e9 percuter. Mais il me semblerait irrationnel, il me semblerait sanguinaire et satanique d\u2019imaginer ou de penser que le chef de file de l\u2019opposition pourrait lui-m\u00eame percuter sa voiture ou pourrai endommager sa voiture pour juste lancer de l\u2019anath\u00e8me aux diff\u00e9rentes unit\u00e9s d\u2019intervention. A ce que je sache, les minutes qui ont suivies cette brutalit\u00e9, les images ont \u00e9t\u00e9 publi\u00e9s par les medias ind\u00e9pendants et je pense que c\u2019est medias ne peuvent pas jouer au parti pris <\/i>\u00bb,  soutien cet acteur de la soci\u00e9t\u00e9 civile et membre des force sociales.<br \/>\n\u00ab <i>Nous interpellons ces unit\u00e9s d\u2019intervention \u00e0 ne pas jouer au caract\u00e8re partisan, les pouvoirs passent mais l\u2019\u00c9tat et la nation demeurent. Donc, nous demandons \u00e0 tout agent, \u00e0 tout fonctionnaire de la police et de la gendarmerie de faire tr\u00e8s attention parce que l\u2019acte que vous poseraient aujourd\u2019hui, pourra vous rattrapez demain. Il faudrait que ces pratiques s\u2019arr\u00eatent pour ne plus qu\u2019on retombe dans les pratiques remontant du pr\u00e9cambriens ou du quaternaire<\/i> \u00bb, mart\u00e8le S\u00e9kou Koundouno<br \/>\nA rappeler qu\u2019apr\u00e8s cet acte, Cellou Dalein Diallo a indiqu\u00e9 qu\u2019il ne se sentait pas en s\u00e9curit\u00e9 dans le pays, mais que cela ne l\u2019emp\u00eachera pas \u00e0 mener le combat pour l\u2019instauration d\u2019une v\u00e9ritable d\u00e9mocratie en Guin\u00e9e.<\/p>\n<p><strong>Moussa Mo\u00efse KEITA<\/strong><\/p>\n","protected":false},"excerpt":{"rendered":"<p>Quelques jours apr\u00e8s l\u2019altercation entre des agents des forces de l\u2019ordre et le cort\u00e8ge du chef de file de l\u2019opposition \u00e0 Hamdallaye &#8211; Gnari Wada dans la commune de Ratoma, des bless\u00e9s et des d\u00e9g\u00e2ts mat\u00e9riels ont \u00e9t\u00e9 enregistr\u00e9s. La voiture de commandement du leader de l\u2019Union des Forces D\u00e9mocratiques de Guin\u00e9e a \u00e9t\u00e9 s\u00e9rieusement [&hellip;]<\/p>\n","protected":false},"author":6,"featured_media":27978,"comment_status":"closed","ping_status":"closed","sticky":false,"template":"","format":"standard","meta":{"_exactmetrics_skip_tracking":false,"_exactmetrics_sitenote_active":false,"_exactmetrics_sitenote_note":"","_exactmetrics_sitenote_category":0,"tdm_status":"","tdm_grid_status":"","footnotes":""},"categories":[254,16],"tags":[],"class_list":{"0":"post-27979","1":"post","2":"type-post","3":"status-publish","4":"format-standard","5":"has-post-thumbnail","7":"category-derniere-minute","8":"category-societe"},"yoast_head":"<!-- This site is optimized with the Yoast SEO plugin v24.2 - https:\/\/yoast.com\/wordpress\/plugins\/seo\/ -->\n<title>Violences contre le cort\u00e8ge de Cellou : les Forces Sociales estiment que l&#039;article 10 a \u00e9t\u00e9 viol\u00e9 | Guin\u00e9e Diversit\u00e9<\/title>\n<meta name=\"robots\" content=\"index, follow, max-snippet:-1, max-image-preview:large, max-video-preview:-1\" \/>\n<link rel=\"canonical\" href=\"https:\/\/guineediversite.com\/index.php\/2019\/02\/19\/violences-contre-le-cortege-de-cellou-les-forces-sociales-estiment-que-larticle-10-a-ete-viole\/\" \/>\n<meta property=\"og:locale\" content=\"fr_FR\" \/>\n<meta property=\"og:type\" content=\"article\" \/>\n<meta property=\"og:title\" content=\"Violences contre le cort\u00e8ge de Cellou : les Forces Sociales estiment que l&#039;article 10 a \u00e9t\u00e9 viol\u00e9 | Guin\u00e9e Diversit\u00e9\" \/>\n<meta property=\"og:description\" content=\"Quelques jours apr\u00e8s l\u2019altercation entre des agents des forces de l\u2019ordre et le cort\u00e8ge du chef de file de l\u2019opposition \u00e0 Hamdallaye &#8211; Gnari Wada dans la commune de Ratoma, des bless\u00e9s et des d\u00e9g\u00e2ts mat\u00e9riels ont \u00e9t\u00e9 enregistr\u00e9s. La voiture de commandement du leader de l\u2019Union des Forces D\u00e9mocratiques de Guin\u00e9e a \u00e9t\u00e9 s\u00e9rieusement [&hellip;]\" \/>\n<meta property=\"og:url\" content=\"https:\/\/guineediversite.com\/index.php\/2019\/02\/19\/violences-contre-le-cortege-de-cellou-les-forces-sociales-estiment-que-larticle-10-a-ete-viole\/\" \/>\n<meta property=\"og:site_name\" content=\"Guin\u00e9e Diversit\u00e9\" \/>\n<meta property=\"article:publisher\" content=\"https:\/\/www.facebook.com\/guineediversite\/\" \/>\n<meta property=\"article:published_time\" content=\"2019-02-19T14:56:45+00:00\" \/>\n<meta property=\"og:image\" content=\"https:\/\/guineediversite.com\/wp-content\/uploads\/2019\/02\/received_458056971396843.jpeg\" \/>\n\t<meta property=\"og:image:width\" content=\"720\" \/>\n\t<meta property=\"og:image:height\" content=\"728\" \/>\n\t<meta property=\"og:image:type\" content=\"image\/jpeg\" \/>\n<meta name=\"author\" content=\"TMB\" \/>\n<meta name=\"twitter:card\" content=\"summary_large_image\" \/>\n<meta name=\"twitter:creator\" content=\"@TmoussaBah\" \/>\n<meta name=\"twitter:site\" content=\"@GuineeDiversite\" \/>\n<meta name=\"twitter:label1\" content=\"\u00c9crit par\" \/>\n\t<meta name=\"twitter:data1\" content=\"TMB\" \/>\n\t<meta name=\"twitter:label2\" content=\"Dur\u00e9e de lecture estim\u00e9e\" \/>\n\t<meta name=\"twitter:data2\" content=\"3 minutes\" \/>\n<script type=\"application\/ld+json\" class=\"yoast-schema-graph\">{\"@context\":\"https:\/\/schema.org\",\"@graph\":[{\"@type\":\"Article\",\"@id\":\"https:\/\/guineediversite.com\/index.php\/2019\/02\/19\/violences-contre-le-cortege-de-cellou-les-forces-sociales-estiment-que-larticle-10-a-ete-viole\/#article\",\"isPartOf\":{\"@id\":\"https:\/\/guineediversite.com\/index.php\/2019\/02\/19\/violences-contre-le-cortege-de-cellou-les-forces-sociales-estiment-que-larticle-10-a-ete-viole\/\"},\"author\":{\"name\":\"TMB\",\"@id\":\"https:\/\/guineediversite.com\/#\/schema\/person\/93f07b8b19c6b61656d0edeba739b9e2\"},\"headline\":\"Violences contre le cort\u00e8ge de Cellou : les Forces Sociales estiment que l&rsquo;article 10 a \u00e9t\u00e9 viol\u00e9\",\"datePublished\":\"2019-02-19T14:56:45+00:00\",\"dateModified\":\"2019-02-19T14:56:45+00:00\",\"mainEntityOfPage\":{\"@id\":\"https:\/\/guineediversite.com\/index.php\/2019\/02\/19\/violences-contre-le-cortege-de-cellou-les-forces-sociales-estiment-que-larticle-10-a-ete-viole\/\"},\"wordCount\":547,\"publisher\":{\"@id\":\"https:\/\/guineediversite.com\/#organization\"},\"image\":{\"@id\":\"https:\/\/guineediversite.com\/index.php\/2019\/02\/19\/violences-contre-le-cortege-de-cellou-les-forces-sociales-estiment-que-larticle-10-a-ete-viole\/#primaryimage\"},\"thumbnailUrl\":\"https:\/\/guineediversite.com\/wp-content\/uploads\/2019\/02\/received_458056971396843.jpeg\",\"articleSection\":[\"Derni\u00e8re minute\",\"Soci\u00e9t\u00e9\"],\"inLanguage\":\"fr-FR\"},{\"@type\":\"WebPage\",\"@id\":\"https:\/\/guineediversite.com\/index.php\/2019\/02\/19\/violences-contre-le-cortege-de-cellou-les-forces-sociales-estiment-que-larticle-10-a-ete-viole\/\",\"url\":\"https:\/\/guineediversite.com\/index.php\/2019\/02\/19\/violences-contre-le-cortege-de-cellou-les-forces-sociales-estiment-que-larticle-10-a-ete-viole\/\",\"name\":\"Violences contre le cort\u00e8ge de Cellou : les Forces Sociales estiment que l'article 10 a \u00e9t\u00e9 viol\u00e9 | Guin\u00e9e Diversit\u00e9\",\"isPartOf\":{\"@id\":\"https:\/\/guineediversite.com\/#website\"},\"primaryImageOfPage\":{\"@id\":\"https:\/\/guineediversite.com\/index.php\/2019\/02\/19\/violences-contre-le-cortege-de-cellou-les-forces-sociales-estiment-que-larticle-10-a-ete-viole\/#primaryimage\"},\"image\":{\"@id\":\"https:\/\/guineediversite.com\/index.php\/2019\/02\/19\/violences-contre-le-cortege-de-cellou-les-forces-sociales-estiment-que-larticle-10-a-ete-viole\/#primaryimage\"},\"thumbnailUrl\":\"https:\/\/guineediversite.com\/wp-content\/uploads\/2019\/02\/received_458056971396843.jpeg\",\"datePublished\":\"2019-02-19T14:56:45+00:00\",\"dateModified\":\"2019-02-19T14:56:45+00:00\",\"breadcrumb\":{\"@id\":\"https:\/\/guineediversite.com\/index.php\/2019\/02\/19\/violences-contre-le-cortege-de-cellou-les-forces-sociales-estiment-que-larticle-10-a-ete-viole\/#breadcrumb\"},\"inLanguage\":\"fr-FR\",\"potentialAction\":[{\"@type\":\"ReadAction\",\"target\":[\"https:\/\/guineediversite.com\/index.php\/2019\/02\/19\/violences-contre-le-cortege-de-cellou-les-forces-sociales-estiment-que-larticle-10-a-ete-viole\/\"]}]},{\"@type\":\"ImageObject\",\"inLanguage\":\"fr-FR\",\"@id\":\"https:\/\/guineediversite.com\/index.php\/2019\/02\/19\/violences-contre-le-cortege-de-cellou-les-forces-sociales-estiment-que-larticle-10-a-ete-viole\/#primaryimage\",\"url\":\"https:\/\/guineediversite.com\/wp-content\/uploads\/2019\/02\/received_458056971396843.jpeg\",\"contentUrl\":\"https:\/\/guineediversite.com\/wp-content\/uploads\/2019\/02\/received_458056971396843.jpeg\",\"width\":720,\"height\":728},{\"@type\":\"BreadcrumbList\",\"@id\":\"https:\/\/guineediversite.com\/index.php\/2019\/02\/19\/violences-contre-le-cortege-de-cellou-les-forces-sociales-estiment-que-larticle-10-a-ete-viole\/#breadcrumb\",\"itemListElement\":[{\"@type\":\"ListItem\",\"position\":1,\"name\":\"Accueil\",\"item\":\"https:\/\/guineediversite.com\/\"},{\"@type\":\"ListItem\",\"position\":2,\"name\":\"Violences contre le cort\u00e8ge de Cellou : les Forces Sociales estiment que l&rsquo;article 10 a \u00e9t\u00e9 viol\u00e9\"}]},{\"@type\":\"WebSite\",\"@id\":\"https:\/\/guineediversite.com\/#website\",\"url\":\"https:\/\/guineediversite.com\/\",\"name\":\"Guin\u00e9e Diversit\u00e9\",\"description\":\"L&#039;Info dans toute sa diversit\u00e9\",\"publisher\":{\"@id\":\"https:\/\/guineediversite.com\/#organization\"},\"potentialAction\":[{\"@type\":\"SearchAction\",\"target\":{\"@type\":\"EntryPoint\",\"urlTemplate\":\"https:\/\/guineediversite.com\/?s={search_term_string}\"},\"query-input\":{\"@type\":\"PropertyValueSpecification\",\"valueRequired\":true,\"valueName\":\"search_term_string\"}}],\"inLanguage\":\"fr-FR\"},{\"@type\":\"Organization\",\"@id\":\"https:\/\/guineediversite.com\/#organization\",\"name\":\"Guin\u00e9e Diversit\u00e9\",\"url\":\"https:\/\/guineediversite.com\/\",\"logo\":{\"@type\":\"ImageObject\",\"inLanguage\":\"fr-FR\",\"@id\":\"https:\/\/guineediversite.com\/#\/schema\/logo\/image\/\",\"url\":\"https:\/\/guineediversite.com\/wp-content\/uploads\/2017\/04\/cropped-1jojlxEOMkX9Wyqfhe43D6kjPOGqBBKmx3EwWJqZ0cMrFF54yM49.png\",\"contentUrl\":\"https:\/\/guineediversite.com\/wp-content\/uploads\/2017\/04\/cropped-1jojlxEOMkX9Wyqfhe43D6kjPOGqBBKmx3EwWJqZ0cMrFF54yM49.png\",\"width\":186,\"height\":112,\"caption\":\"Guin\u00e9e Diversit\u00e9\"},\"image\":{\"@id\":\"https:\/\/guineediversite.com\/#\/schema\/logo\/image\/\"},\"sameAs\":[\"https:\/\/www.facebook.com\/guineediversite\/\",\"https:\/\/x.com\/GuineeDiversite\",\"https:\/\/www.youtube.com\/channel\/UC8sUY16qelG5ge6_D5SB83g\"]},{\"@type\":\"Person\",\"@id\":\"https:\/\/guineediversite.com\/#\/schema\/person\/93f07b8b19c6b61656d0edeba739b9e2\",\"name\":\"TMB\",\"image\":{\"@type\":\"ImageObject\",\"inLanguage\":\"fr-FR\",\"@id\":\"https:\/\/guineediversite.com\/#\/schema\/person\/image\/\",\"url\":\"https:\/\/secure.gravatar.com\/avatar\/2bbb03bec976020eaf4dfa0af0a5259f?s=96&d=mm&r=g\",\"contentUrl\":\"https:\/\/secure.gravatar.com\/avatar\/2bbb03bec976020eaf4dfa0af0a5259f?s=96&d=mm&r=g\",\"caption\":\"TMB\"},\"sameAs\":[\"https:\/\/x.com\/TmoussaBah\"],\"url\":\"https:\/\/guineediversite.com\/index.php\/author\/thierno\/\"}]}<\/script>\n<!-- \/ Yoast SEO plugin. -->","yoast_head_json":{"title":"Violences contre le cort\u00e8ge de Cellou : les Forces Sociales estiment que l'article 10 a \u00e9t\u00e9 viol\u00e9 | Guin\u00e9e Diversit\u00e9","robots":{"index":"index","follow":"follow","max-snippet":"max-snippet:-1","max-image-preview":"max-image-preview:large","max-video-preview":"max-video-preview:-1"},"canonical":"https:\/\/guineediversite.com\/index.php\/2019\/02\/19\/violences-contre-le-cortege-de-cellou-les-forces-sociales-estiment-que-larticle-10-a-ete-viole\/","og_locale":"fr_FR","og_type":"article","og_title":"Violences contre le cort\u00e8ge de Cellou : les Forces Sociales estiment que l'article 10 a \u00e9t\u00e9 viol\u00e9 | Guin\u00e9e Diversit\u00e9","og_description":"Quelques jours apr\u00e8s l\u2019altercation entre des agents des forces de l\u2019ordre et le cort\u00e8ge du chef de file de l\u2019opposition \u00e0 Hamdallaye &#8211; Gnari Wada dans la commune de Ratoma, des bless\u00e9s et des d\u00e9g\u00e2ts mat\u00e9riels ont \u00e9t\u00e9 enregistr\u00e9s. La voiture de commandement du leader de l\u2019Union des Forces D\u00e9mocratiques de Guin\u00e9e a \u00e9t\u00e9 s\u00e9rieusement [&hellip;]","og_url":"https:\/\/guineediversite.com\/index.php\/2019\/02\/19\/violences-contre-le-cortege-de-cellou-les-forces-sociales-estiment-que-larticle-10-a-ete-viole\/","og_site_name":"Guin\u00e9e Diversit\u00e9","article_publisher":"https:\/\/www.facebook.com\/guineediversite\/","article_published_time":"2019-02-19T14:56:45+00:00","og_image":[{"width":720,"height":728,"url":"https:\/\/guineediversite.com\/wp-content\/uploads\/2019\/02\/received_458056971396843.jpeg","type":"image\/jpeg"}],"author":"TMB","twitter_card":"summary_large_image","twitter_creator":"@TmoussaBah","twitter_site":"@GuineeDiversite","twitter_misc":{"\u00c9crit par":"TMB","Dur\u00e9e de lecture estim\u00e9e":"3 minutes"},"schema":{"@context":"https:\/\/schema.org","@graph":[{"@type":"Article","@id":"https:\/\/guineediversite.com\/index.php\/2019\/02\/19\/violences-contre-le-cortege-de-cellou-les-forces-sociales-estiment-que-larticle-10-a-ete-viole\/#article","isPartOf":{"@id":"https:\/\/guineediversite.com\/index.php\/2019\/02\/19\/violences-contre-le-cortege-de-cellou-les-forces-sociales-estiment-que-larticle-10-a-ete-viole\/"},"author":{"name":"TMB","@id":"https:\/\/guineediversite.com\/#\/schema\/person\/93f07b8b19c6b61656d0edeba739b9e2"},"headline":"Violences contre le cort\u00e8ge de Cellou : les Forces Sociales estiment que l&rsquo;article 10 a \u00e9t\u00e9 viol\u00e9","datePublished":"2019-02-19T14:56:45+00:00","dateModified":"2019-02-19T14:56:45+00:00","mainEntityOfPage":{"@id":"https:\/\/guineediversite.com\/index.php\/2019\/02\/19\/violences-contre-le-cortege-de-cellou-les-forces-sociales-estiment-que-larticle-10-a-ete-viole\/"},"wordCount":547,"publisher":{"@id":"https:\/\/guineediversite.com\/#organization"},"image":{"@id":"https:\/\/guineediversite.com\/index.php\/2019\/02\/19\/violences-contre-le-cortege-de-cellou-les-forces-sociales-estiment-que-larticle-10-a-ete-viole\/#primaryimage"},"thumbnailUrl":"https:\/\/guineediversite.com\/wp-content\/uploads\/2019\/02\/received_458056971396843.jpeg","articleSection":["Derni\u00e8re minute","Soci\u00e9t\u00e9"],"inLanguage":"fr-FR"},{"@type":"WebPage","@id":"https:\/\/guineediversite.com\/index.php\/2019\/02\/19\/violences-contre-le-cortege-de-cellou-les-forces-sociales-estiment-que-larticle-10-a-ete-viole\/","url":"https:\/\/guineediversite.com\/index.php\/2019\/02\/19\/violences-contre-le-cortege-de-cellou-les-forces-sociales-estiment-que-larticle-10-a-ete-viole\/","name":"Violences contre le cort\u00e8ge de Cellou : les Forces Sociales estiment que l'article 10 a \u00e9t\u00e9 viol\u00e9 | Guin\u00e9e Diversit\u00e9","isPartOf":{"@id":"https:\/\/guineediversite.com\/#website"},"primaryImageOfPage":{"@id":"https:\/\/guineediversite.com\/index.php\/2019\/02\/19\/violences-contre-le-cortege-de-cellou-les-forces-sociales-estiment-que-larticle-10-a-ete-viole\/#primaryimage"},"image":{"@id":"https:\/\/guineediversite.com\/index.php\/2019\/02\/19\/violences-contre-le-cortege-de-cellou-les-forces-sociales-estiment-que-larticle-10-a-ete-viole\/#primaryimage"},"thumbnailUrl":"https:\/\/guineediversite.com\/wp-content\/uploads\/2019\/02\/received_458056971396843.jpeg","datePublished":"2019-02-19T14:56:45+00:00","dateModified":"2019-02-19T14:56:45+00:00","breadcrumb":{"@id":"https:\/\/guineediversite.com\/index.php\/2019\/02\/19\/violences-contre-le-cortege-de-cellou-les-forces-sociales-estiment-que-larticle-10-a-ete-viole\/#breadcrumb"},"inLanguage":"fr-FR","potentialAction":[{"@type":"ReadAction","target":["https:\/\/guineediversite.com\/index.php\/2019\/02\/19\/violences-contre-le-cortege-de-cellou-les-forces-sociales-estiment-que-larticle-10-a-ete-viole\/"]}]},{"@type":"ImageObject","inLanguage":"fr-FR","@id":"https:\/\/guineediversite.com\/index.php\/2019\/02\/19\/violences-contre-le-cortege-de-cellou-les-forces-sociales-estiment-que-larticle-10-a-ete-viole\/#primaryimage","url":"https:\/\/guineediversite.com\/wp-content\/uploads\/2019\/02\/received_458056971396843.jpeg","contentUrl":"https:\/\/guineediversite.com\/wp-content\/uploads\/2019\/02\/received_458056971396843.jpeg","width":720,"height":728},{"@type":"BreadcrumbList","@id":"https:\/\/guineediversite.com\/index.php\/2019\/02\/19\/violences-contre-le-cortege-de-cellou-les-forces-sociales-estiment-que-larticle-10-a-ete-viole\/#breadcrumb","itemListElement":[{"@type":"ListItem","position":1,"name":"Accueil","item":"https:\/\/guineediversite.com\/"},{"@type":"ListItem","position":2,"name":"Violences contre le cort\u00e8ge de Cellou : les Forces Sociales estiment que l&rsquo;article 10 a \u00e9t\u00e9 viol\u00e9"}]},{"@type":"WebSite","@id":"https:\/\/guineediversite.com\/#website","url":"https:\/\/guineediversite.com\/","name":"Guin\u00e9e Diversit\u00e9","description":"L&#039;Info dans toute sa diversit\u00e9","publisher":{"@id":"https:\/\/guineediversite.com\/#organization"},"potentialAction":[{"@type":"SearchAction","target":{"@type":"EntryPoint","urlTemplate":"https:\/\/guineediversite.com\/?s={search_term_string}"},"query-input":{"@type":"PropertyValueSpecification","valueRequired":true,"valueName":"search_term_string"}}],"inLanguage":"fr-FR"},{"@type":"Organization","@id":"https:\/\/guineediversite.com\/#organization","name":"Guin\u00e9e Diversit\u00e9","url":"https:\/\/guineediversite.com\/","logo":{"@type":"ImageObject","inLanguage":"fr-FR","@id":"https:\/\/guineediversite.com\/#\/schema\/logo\/image\/","url":"https:\/\/guineediversite.com\/wp-content\/uploads\/2017\/04\/cropped-1jojlxEOMkX9Wyqfhe43D6kjPOGqBBKmx3EwWJqZ0cMrFF54yM49.png","contentUrl":"https:\/\/guineediversite.com\/wp-content\/uploads\/2017\/04\/cropped-1jojlxEOMkX9Wyqfhe43D6kjPOGqBBKmx3EwWJqZ0cMrFF54yM49.png","width":186,"height":112,"caption":"Guin\u00e9e Diversit\u00e9"},"image":{"@id":"https:\/\/guineediversite.com\/#\/schema\/logo\/image\/"},"sameAs":["https:\/\/www.facebook.com\/guineediversite\/","https:\/\/x.com\/GuineeDiversite","https:\/\/www.youtube.com\/channel\/UC8sUY16qelG5ge6_D5SB83g"]},{"@type":"Person","@id":"https:\/\/guineediversite.com\/#\/schema\/person\/93f07b8b19c6b61656d0edeba739b9e2","name":"TMB","image":{"@type":"ImageObject","inLanguage":"fr-FR","@id":"https:\/\/guineediversite.com\/#\/schema\/person\/image\/","url":"https:\/\/secure.gravatar.com\/avatar\/2bbb03bec976020eaf4dfa0af0a5259f?s=96&d=mm&r=g","contentUrl":"https:\/\/secure.gravatar.com\/avatar\/2bbb03bec976020eaf4dfa0af0a5259f?s=96&d=mm&r=g","caption":"TMB"},"sameAs":["https:\/\/x.com\/TmoussaBah"],"url":"https:\/\/guineediversite.com\/index.php\/author\/thierno\/"}]}},"_links":{"self":[{"href":"https:\/\/guineediversite.com\/index.php\/wp-json\/wp\/v2\/posts\/27979"}],"collection":[{"href":"https:\/\/guineediversite.com\/index.php\/wp-json\/wp\/v2\/posts"}],"about":[{"href":"https:\/\/guineediversite.com\/index.php\/wp-json\/wp\/v2\/types\/post"}],"author":[{"embeddable":true,"href":"https:\/\/guineediversite.com\/index.php\/wp-json\/wp\/v2\/users\/6"}],"replies":[{"embeddable":true,"href":"https:\/\/guineediversite.com\/index.php\/wp-json\/wp\/v2\/comments?post=27979"}],"version-history":[{"count":0,"href":"https:\/\/guineediversite.com\/index.php\/wp-json\/wp\/v2\/posts\/27979\/revisions"}],"wp:featuredmedia":[{"embeddable":true,"href":"https:\/\/guineediversite.com\/index.php\/wp-json\/wp\/v2\/media\/27978"}],"wp:attachment":[{"href":"https:\/\/guineediversite.com\/index.php\/wp-json\/wp\/v2\/media?parent=27979"}],"wp:term":[{"taxonomy":"category","embeddable":true,"href":"https:\/\/guineediversite.com\/index.php\/wp-json\/wp\/v2\/categories?post=27979"},{"taxonomy":"post_tag","embeddable":true,"href":"https:\/\/guineediversite.com\/index.php\/wp-json\/wp\/v2\/tags?post=27979"}],"curies":[{"name":"wp","href":"https:\/\/api.w.org\/{rel}","templated":true}]}}