{"id":27969,"date":"2019-02-16T18:38:28","date_gmt":"2019-02-16T17:38:28","guid":{"rendered":"https:\/\/guineediversite.com\/?p=27969"},"modified":"2019-02-19T15:34:55","modified_gmt":"2019-02-19T14:34:55","slug":"aucun-guineen-en-guinee-ici-ne-peut-pas-aller-au-dela-de-deux-mandats-dixit-mohamed-tall","status":"publish","type":"post","link":"https:\/\/guineediversite.com\/index.php\/2019\/02\/16\/aucun-guineen-en-guinee-ici-ne-peut-pas-aller-au-dela-de-deux-mandats-dixit-mohamed-tall\/","title":{"rendered":"\u00ab Aucun Guin\u00e9en ne peut aller au-del\u00e0 de deux mandats\u2026 \u00bb dixit Mohamed TALL"},"content":{"rendered":"<p>Mohamed TALL membre du bureau ex\u00e9cutif de l\u2019Union des forces R\u00e9publicaines et anciennes ministre s\u2019est exprim\u00e9 ce samedi sur la question du troisi\u00e8me mandat. Qui selon lui, \u00e0 d\u00e9j\u00e0 sa r\u00e9ponse dans la constitution guin\u00e9enne. C&rsquo;\u00e9tait \u00e0 l&rsquo;occasion de L&rsquo;assembl\u00e9e g\u00e9n\u00e9rale hebdomadaire de son parti <em>\u00ab la disposition relative au nombre et \u00e0 la dur\u00e9e du mandat est intangible, elle n&rsquo;est pas susceptible de modification. Que ce soit dans le cadre de l&rsquo;actuelle constitution ou dans une autre hypoth\u00e8se. On ne peut pas y toucher&#8230;aucun Guin\u00e9en en guin\u00e9e ici, ne peut pas aller au-del\u00e0 de deux mandats<\/em> \u00bb, a expliqu\u00e9 Mohamed Tall.<\/p>\n","protected":false},"excerpt":{"rendered":"<p>Mohamed TALL membre du bureau ex\u00e9cutif de l\u2019Union des forces R\u00e9publicaines et anciennes ministre s\u2019est exprim\u00e9 ce samedi sur la question du troisi\u00e8me mandat. Qui selon lui, \u00e0 d\u00e9j\u00e0 sa r\u00e9ponse dans la constitution guin\u00e9enne. C&rsquo;\u00e9tait \u00e0 l&rsquo;occasion de L&rsquo;assembl\u00e9e g\u00e9n\u00e9rale hebdomadaire de son parti \u00ab la disposition relative au nombre et \u00e0 la dur\u00e9e [&hellip;]<\/p>\n","protected":false},"author":10,"featured_media":27970,"comment_status":"closed","ping_status":"closed","sticky":false,"template":"","format":"standard","meta":{"_exactmetrics_skip_tracking":false,"_exactmetrics_sitenote_active":false,"_exactmetrics_sitenote_note":"","_exactmetrics_sitenote_category":0,"tdm_status":"","tdm_grid_status":"","footnotes":""},"categories":[14],"tags":[],"class_list":{"0":"post-27969","1":"post","2":"type-post","3":"status-publish","4":"format-standard","5":"has-post-thumbnail","7":"category-politique"},"yoast_head":"<!-- This site is optimized with the Yoast SEO plugin v24.2 - https:\/\/yoast.com\/wordpress\/plugins\/seo\/ -->\n<title>\u00ab Aucun Guin\u00e9en ne peut aller au-del\u00e0 de deux mandats\u2026 \u00bb dixit Mohamed TALL | Guin\u00e9e Diversit\u00e9<\/title>\n<meta name=\"robots\" content=\"index, follow, max-snippet:-1, max-image-preview:large, max-video-preview:-1\" \/>\n<link rel=\"canonical\" href=\"https:\/\/guineediversite.com\/index.php\/2019\/02\/16\/aucun-guineen-en-guinee-ici-ne-peut-pas-aller-au-dela-de-deux-mandats-dixit-mohamed-tall\/\" \/>\n<meta property=\"og:locale\" content=\"fr_FR\" \/>\n<meta property=\"og:type\" content=\"article\" \/>\n<meta property=\"og:title\" content=\"\u00ab Aucun Guin\u00e9en ne peut aller au-del\u00e0 de deux mandats\u2026 \u00bb dixit Mohamed TALL | Guin\u00e9e Diversit\u00e9\" \/>\n<meta property=\"og:description\" content=\"Mohamed TALL membre du bureau ex\u00e9cutif de l\u2019Union des forces R\u00e9publicaines et anciennes ministre s\u2019est exprim\u00e9 ce samedi sur la question du troisi\u00e8me mandat. Qui selon lui, \u00e0 d\u00e9j\u00e0 sa r\u00e9ponse dans la constitution guin\u00e9enne. C&rsquo;\u00e9tait \u00e0 l&rsquo;occasion de L&rsquo;assembl\u00e9e g\u00e9n\u00e9rale hebdomadaire de son parti \u00ab la disposition relative au nombre et \u00e0 la dur\u00e9e [&hellip;]\" \/>\n<meta property=\"og:url\" content=\"https:\/\/guineediversite.com\/index.php\/2019\/02\/16\/aucun-guineen-en-guinee-ici-ne-peut-pas-aller-au-dela-de-deux-mandats-dixit-mohamed-tall\/\" \/>\n<meta property=\"og:site_name\" content=\"Guin\u00e9e Diversit\u00e9\" \/>\n<meta property=\"article:publisher\" content=\"https:\/\/www.facebook.com\/guineediversite\/\" \/>\n<meta property=\"article:published_time\" content=\"2019-02-16T17:38:28+00:00\" \/>\n<meta property=\"article:modified_time\" content=\"2019-02-19T14:34:55+00:00\" \/>\n<meta property=\"og:image\" content=\"https:\/\/guineediversite.com\/wp-content\/uploads\/2019\/02\/52063601_260493254865757_6159713538962096128_n.jpg\" \/>\n\t<meta property=\"og:image:width\" content=\"1820\" \/>\n\t<meta property=\"og:image:height\" content=\"1024\" \/>\n\t<meta property=\"og:image:type\" content=\"image\/jpeg\" \/>\n<meta name=\"author\" content=\"Morcire Camara\" \/>\n<meta name=\"twitter:card\" content=\"summary_large_image\" \/>\n<meta name=\"twitter:creator\" content=\"@GuineeDiversite\" \/>\n<meta name=\"twitter:site\" content=\"@GuineeDiversite\" \/>\n<meta name=\"twitter:label1\" content=\"\u00c9crit par\" \/>\n\t<meta name=\"twitter:data1\" content=\"Morcire Camara\" \/>\n\t<meta name=\"twitter:label2\" content=\"Dur\u00e9e de lecture estim\u00e9e\" \/>\n\t<meta name=\"twitter:data2\" content=\"1 minute\" \/>\n<script type=\"application\/ld+json\" class=\"yoast-schema-graph\">{\"@context\":\"https:\/\/schema.org\",\"@graph\":[{\"@type\":\"Article\",\"@id\":\"https:\/\/guineediversite.com\/index.php\/2019\/02\/16\/aucun-guineen-en-guinee-ici-ne-peut-pas-aller-au-dela-de-deux-mandats-dixit-mohamed-tall\/#article\",\"isPartOf\":{\"@id\":\"https:\/\/guineediversite.com\/index.php\/2019\/02\/16\/aucun-guineen-en-guinee-ici-ne-peut-pas-aller-au-dela-de-deux-mandats-dixit-mohamed-tall\/\"},\"author\":{\"name\":\"Morcire Camara\",\"@id\":\"https:\/\/guineediversite.com\/#\/schema\/person\/fa362494c47202ce4b3adf55abcc9d01\"},\"headline\":\"\u00ab Aucun Guin\u00e9en ne peut aller au-del\u00e0 de deux mandats\u2026 \u00bb dixit Mohamed TALL\",\"datePublished\":\"2019-02-16T17:38:28+00:00\",\"dateModified\":\"2019-02-19T14:34:55+00:00\",\"mainEntityOfPage\":{\"@id\":\"https:\/\/guineediversite.com\/index.php\/2019\/02\/16\/aucun-guineen-en-guinee-ici-ne-peut-pas-aller-au-dela-de-deux-mandats-dixit-mohamed-tall\/\"},\"wordCount\":131,\"publisher\":{\"@id\":\"https:\/\/guineediversite.com\/#organization\"},\"image\":{\"@id\":\"https:\/\/guineediversite.com\/index.php\/2019\/02\/16\/aucun-guineen-en-guinee-ici-ne-peut-pas-aller-au-dela-de-deux-mandats-dixit-mohamed-tall\/#primaryimage\"},\"thumbnailUrl\":\"https:\/\/guineediversite.com\/wp-content\/uploads\/2019\/02\/52063601_260493254865757_6159713538962096128_n.jpg\",\"articleSection\":[\"Politique\"],\"inLanguage\":\"fr-FR\"},{\"@type\":\"WebPage\",\"@id\":\"https:\/\/guineediversite.com\/index.php\/2019\/02\/16\/aucun-guineen-en-guinee-ici-ne-peut-pas-aller-au-dela-de-deux-mandats-dixit-mohamed-tall\/\",\"url\":\"https:\/\/guineediversite.com\/index.php\/2019\/02\/16\/aucun-guineen-en-guinee-ici-ne-peut-pas-aller-au-dela-de-deux-mandats-dixit-mohamed-tall\/\",\"name\":\"\u00ab Aucun Guin\u00e9en ne peut aller au-del\u00e0 de deux mandats\u2026 \u00bb dixit Mohamed TALL | Guin\u00e9e Diversit\u00e9\",\"isPartOf\":{\"@id\":\"https:\/\/guineediversite.com\/#website\"},\"primaryImageOfPage\":{\"@id\":\"https:\/\/guineediversite.com\/index.php\/2019\/02\/16\/aucun-guineen-en-guinee-ici-ne-peut-pas-aller-au-dela-de-deux-mandats-dixit-mohamed-tall\/#primaryimage\"},\"image\":{\"@id\":\"https:\/\/guineediversite.com\/index.php\/2019\/02\/16\/aucun-guineen-en-guinee-ici-ne-peut-pas-aller-au-dela-de-deux-mandats-dixit-mohamed-tall\/#primaryimage\"},\"thumbnailUrl\":\"https:\/\/guineediversite.com\/wp-content\/uploads\/2019\/02\/52063601_260493254865757_6159713538962096128_n.jpg\",\"datePublished\":\"2019-02-16T17:38:28+00:00\",\"dateModified\":\"2019-02-19T14:34:55+00:00\",\"breadcrumb\":{\"@id\":\"https:\/\/guineediversite.com\/index.php\/2019\/02\/16\/aucun-guineen-en-guinee-ici-ne-peut-pas-aller-au-dela-de-deux-mandats-dixit-mohamed-tall\/#breadcrumb\"},\"inLanguage\":\"fr-FR\",\"potentialAction\":[{\"@type\":\"ReadAction\",\"target\":[\"https:\/\/guineediversite.com\/index.php\/2019\/02\/16\/aucun-guineen-en-guinee-ici-ne-peut-pas-aller-au-dela-de-deux-mandats-dixit-mohamed-tall\/\"]}]},{\"@type\":\"ImageObject\",\"inLanguage\":\"fr-FR\",\"@id\":\"https:\/\/guineediversite.com\/index.php\/2019\/02\/16\/aucun-guineen-en-guinee-ici-ne-peut-pas-aller-au-dela-de-deux-mandats-dixit-mohamed-tall\/#primaryimage\",\"url\":\"https:\/\/guineediversite.com\/wp-content\/uploads\/2019\/02\/52063601_260493254865757_6159713538962096128_n.jpg\",\"contentUrl\":\"https:\/\/guineediversite.com\/wp-content\/uploads\/2019\/02\/52063601_260493254865757_6159713538962096128_n.jpg\",\"width\":1820,\"height\":1024},{\"@type\":\"BreadcrumbList\",\"@id\":\"https:\/\/guineediversite.com\/index.php\/2019\/02\/16\/aucun-guineen-en-guinee-ici-ne-peut-pas-aller-au-dela-de-deux-mandats-dixit-mohamed-tall\/#breadcrumb\",\"itemListElement\":[{\"@type\":\"ListItem\",\"position\":1,\"name\":\"Accueil\",\"item\":\"https:\/\/guineediversite.com\/\"},{\"@type\":\"ListItem\",\"position\":2,\"name\":\"\u00ab Aucun Guin\u00e9en ne peut aller au-del\u00e0 de deux mandats\u2026 \u00bb dixit Mohamed TALL\"}]},{\"@type\":\"WebSite\",\"@id\":\"https:\/\/guineediversite.com\/#website\",\"url\":\"https:\/\/guineediversite.com\/\",\"name\":\"Guin\u00e9e Diversit\u00e9\",\"description\":\"L&#039;Info dans toute sa diversit\u00e9\",\"publisher\":{\"@id\":\"https:\/\/guineediversite.com\/#organization\"},\"potentialAction\":[{\"@type\":\"SearchAction\",\"target\":{\"@type\":\"EntryPoint\",\"urlTemplate\":\"https:\/\/guineediversite.com\/?s={search_term_string}\"},\"query-input\":{\"@type\":\"PropertyValueSpecification\",\"valueRequired\":true,\"valueName\":\"search_term_string\"}}],\"inLanguage\":\"fr-FR\"},{\"@type\":\"Organization\",\"@id\":\"https:\/\/guineediversite.com\/#organization\",\"name\":\"Guin\u00e9e Diversit\u00e9\",\"url\":\"https:\/\/guineediversite.com\/\",\"logo\":{\"@type\":\"ImageObject\",\"inLanguage\":\"fr-FR\",\"@id\":\"https:\/\/guineediversite.com\/#\/schema\/logo\/image\/\",\"url\":\"https:\/\/guineediversite.com\/wp-content\/uploads\/2017\/04\/cropped-1jojlxEOMkX9Wyqfhe43D6kjPOGqBBKmx3EwWJqZ0cMrFF54yM49.png\",\"contentUrl\":\"https:\/\/guineediversite.com\/wp-content\/uploads\/2017\/04\/cropped-1jojlxEOMkX9Wyqfhe43D6kjPOGqBBKmx3EwWJqZ0cMrFF54yM49.png\",\"width\":186,\"height\":112,\"caption\":\"Guin\u00e9e Diversit\u00e9\"},\"image\":{\"@id\":\"https:\/\/guineediversite.com\/#\/schema\/logo\/image\/\"},\"sameAs\":[\"https:\/\/www.facebook.com\/guineediversite\/\",\"https:\/\/x.com\/GuineeDiversite\",\"https:\/\/www.youtube.com\/channel\/UC8sUY16qelG5ge6_D5SB83g\"]},{\"@type\":\"Person\",\"@id\":\"https:\/\/guineediversite.com\/#\/schema\/person\/fa362494c47202ce4b3adf55abcc9d01\",\"name\":\"Morcire Camara\",\"image\":{\"@type\":\"ImageObject\",\"inLanguage\":\"fr-FR\",\"@id\":\"https:\/\/guineediversite.com\/#\/schema\/person\/image\/\",\"url\":\"https:\/\/secure.gravatar.com\/avatar\/3ec324f02295bbcebe03d99b39330ab4?s=96&d=mm&r=g\",\"contentUrl\":\"https:\/\/secure.gravatar.com\/avatar\/3ec324f02295bbcebe03d99b39330ab4?s=96&d=mm&r=g\",\"caption\":\"Morcire Camara\"},\"url\":\"https:\/\/guineediversite.com\/index.php\/author\/morcire\/\"}]}<\/script>\n<!-- \/ Yoast SEO plugin. -->","yoast_head_json":{"title":"\u00ab Aucun Guin\u00e9en ne peut aller au-del\u00e0 de deux mandats\u2026 \u00bb dixit Mohamed TALL | Guin\u00e9e Diversit\u00e9","robots":{"index":"index","follow":"follow","max-snippet":"max-snippet:-1","max-image-preview":"max-image-preview:large","max-video-preview":"max-video-preview:-1"},"canonical":"https:\/\/guineediversite.com\/index.php\/2019\/02\/16\/aucun-guineen-en-guinee-ici-ne-peut-pas-aller-au-dela-de-deux-mandats-dixit-mohamed-tall\/","og_locale":"fr_FR","og_type":"article","og_title":"\u00ab Aucun Guin\u00e9en ne peut aller au-del\u00e0 de deux mandats\u2026 \u00bb dixit Mohamed TALL | Guin\u00e9e Diversit\u00e9","og_description":"Mohamed TALL membre du bureau ex\u00e9cutif de l\u2019Union des forces R\u00e9publicaines et anciennes ministre s\u2019est exprim\u00e9 ce samedi sur la question du troisi\u00e8me mandat. Qui selon lui, \u00e0 d\u00e9j\u00e0 sa r\u00e9ponse dans la constitution guin\u00e9enne. C&rsquo;\u00e9tait \u00e0 l&rsquo;occasion de L&rsquo;assembl\u00e9e g\u00e9n\u00e9rale hebdomadaire de son parti \u00ab la disposition relative au nombre et \u00e0 la dur\u00e9e [&hellip;]","og_url":"https:\/\/guineediversite.com\/index.php\/2019\/02\/16\/aucun-guineen-en-guinee-ici-ne-peut-pas-aller-au-dela-de-deux-mandats-dixit-mohamed-tall\/","og_site_name":"Guin\u00e9e Diversit\u00e9","article_publisher":"https:\/\/www.facebook.com\/guineediversite\/","article_published_time":"2019-02-16T17:38:28+00:00","article_modified_time":"2019-02-19T14:34:55+00:00","og_image":[{"width":1820,"height":1024,"url":"https:\/\/guineediversite.com\/wp-content\/uploads\/2019\/02\/52063601_260493254865757_6159713538962096128_n.jpg","type":"image\/jpeg"}],"author":"Morcire Camara","twitter_card":"summary_large_image","twitter_creator":"@GuineeDiversite","twitter_site":"@GuineeDiversite","twitter_misc":{"\u00c9crit par":"Morcire Camara","Dur\u00e9e de lecture estim\u00e9e":"1 minute"},"schema":{"@context":"https:\/\/schema.org","@graph":[{"@type":"Article","@id":"https:\/\/guineediversite.com\/index.php\/2019\/02\/16\/aucun-guineen-en-guinee-ici-ne-peut-pas-aller-au-dela-de-deux-mandats-dixit-mohamed-tall\/#article","isPartOf":{"@id":"https:\/\/guineediversite.com\/index.php\/2019\/02\/16\/aucun-guineen-en-guinee-ici-ne-peut-pas-aller-au-dela-de-deux-mandats-dixit-mohamed-tall\/"},"author":{"name":"Morcire Camara","@id":"https:\/\/guineediversite.com\/#\/schema\/person\/fa362494c47202ce4b3adf55abcc9d01"},"headline":"\u00ab Aucun Guin\u00e9en ne peut aller au-del\u00e0 de deux mandats\u2026 \u00bb dixit Mohamed TALL","datePublished":"2019-02-16T17:38:28+00:00","dateModified":"2019-02-19T14:34:55+00:00","mainEntityOfPage":{"@id":"https:\/\/guineediversite.com\/index.php\/2019\/02\/16\/aucun-guineen-en-guinee-ici-ne-peut-pas-aller-au-dela-de-deux-mandats-dixit-mohamed-tall\/"},"wordCount":131,"publisher":{"@id":"https:\/\/guineediversite.com\/#organization"},"image":{"@id":"https:\/\/guineediversite.com\/index.php\/2019\/02\/16\/aucun-guineen-en-guinee-ici-ne-peut-pas-aller-au-dela-de-deux-mandats-dixit-mohamed-tall\/#primaryimage"},"thumbnailUrl":"https:\/\/guineediversite.com\/wp-content\/uploads\/2019\/02\/52063601_260493254865757_6159713538962096128_n.jpg","articleSection":["Politique"],"inLanguage":"fr-FR"},{"@type":"WebPage","@id":"https:\/\/guineediversite.com\/index.php\/2019\/02\/16\/aucun-guineen-en-guinee-ici-ne-peut-pas-aller-au-dela-de-deux-mandats-dixit-mohamed-tall\/","url":"https:\/\/guineediversite.com\/index.php\/2019\/02\/16\/aucun-guineen-en-guinee-ici-ne-peut-pas-aller-au-dela-de-deux-mandats-dixit-mohamed-tall\/","name":"\u00ab Aucun Guin\u00e9en ne peut aller au-del\u00e0 de deux mandats\u2026 \u00bb dixit Mohamed TALL | Guin\u00e9e Diversit\u00e9","isPartOf":{"@id":"https:\/\/guineediversite.com\/#website"},"primaryImageOfPage":{"@id":"https:\/\/guineediversite.com\/index.php\/2019\/02\/16\/aucun-guineen-en-guinee-ici-ne-peut-pas-aller-au-dela-de-deux-mandats-dixit-mohamed-tall\/#primaryimage"},"image":{"@id":"https:\/\/guineediversite.com\/index.php\/2019\/02\/16\/aucun-guineen-en-guinee-ici-ne-peut-pas-aller-au-dela-de-deux-mandats-dixit-mohamed-tall\/#primaryimage"},"thumbnailUrl":"https:\/\/guineediversite.com\/wp-content\/uploads\/2019\/02\/52063601_260493254865757_6159713538962096128_n.jpg","datePublished":"2019-02-16T17:38:28+00:00","dateModified":"2019-02-19T14:34:55+00:00","breadcrumb":{"@id":"https:\/\/guineediversite.com\/index.php\/2019\/02\/16\/aucun-guineen-en-guinee-ici-ne-peut-pas-aller-au-dela-de-deux-mandats-dixit-mohamed-tall\/#breadcrumb"},"inLanguage":"fr-FR","potentialAction":[{"@type":"ReadAction","target":["https:\/\/guineediversite.com\/index.php\/2019\/02\/16\/aucun-guineen-en-guinee-ici-ne-peut-pas-aller-au-dela-de-deux-mandats-dixit-mohamed-tall\/"]}]},{"@type":"ImageObject","inLanguage":"fr-FR","@id":"https:\/\/guineediversite.com\/index.php\/2019\/02\/16\/aucun-guineen-en-guinee-ici-ne-peut-pas-aller-au-dela-de-deux-mandats-dixit-mohamed-tall\/#primaryimage","url":"https:\/\/guineediversite.com\/wp-content\/uploads\/2019\/02\/52063601_260493254865757_6159713538962096128_n.jpg","contentUrl":"https:\/\/guineediversite.com\/wp-content\/uploads\/2019\/02\/52063601_260493254865757_6159713538962096128_n.jpg","width":1820,"height":1024},{"@type":"BreadcrumbList","@id":"https:\/\/guineediversite.com\/index.php\/2019\/02\/16\/aucun-guineen-en-guinee-ici-ne-peut-pas-aller-au-dela-de-deux-mandats-dixit-mohamed-tall\/#breadcrumb","itemListElement":[{"@type":"ListItem","position":1,"name":"Accueil","item":"https:\/\/guineediversite.com\/"},{"@type":"ListItem","position":2,"name":"\u00ab Aucun Guin\u00e9en ne peut aller au-del\u00e0 de deux mandats\u2026 \u00bb dixit Mohamed TALL"}]},{"@type":"WebSite","@id":"https:\/\/guineediversite.com\/#website","url":"https:\/\/guineediversite.com\/","name":"Guin\u00e9e Diversit\u00e9","description":"L&#039;Info dans toute sa diversit\u00e9","publisher":{"@id":"https:\/\/guineediversite.com\/#organization"},"potentialAction":[{"@type":"SearchAction","target":{"@type":"EntryPoint","urlTemplate":"https:\/\/guineediversite.com\/?s={search_term_string}"},"query-input":{"@type":"PropertyValueSpecification","valueRequired":true,"valueName":"search_term_string"}}],"inLanguage":"fr-FR"},{"@type":"Organization","@id":"https:\/\/guineediversite.com\/#organization","name":"Guin\u00e9e Diversit\u00e9","url":"https:\/\/guineediversite.com\/","logo":{"@type":"ImageObject","inLanguage":"fr-FR","@id":"https:\/\/guineediversite.com\/#\/schema\/logo\/image\/","url":"https:\/\/guineediversite.com\/wp-content\/uploads\/2017\/04\/cropped-1jojlxEOMkX9Wyqfhe43D6kjPOGqBBKmx3EwWJqZ0cMrFF54yM49.png","contentUrl":"https:\/\/guineediversite.com\/wp-content\/uploads\/2017\/04\/cropped-1jojlxEOMkX9Wyqfhe43D6kjPOGqBBKmx3EwWJqZ0cMrFF54yM49.png","width":186,"height":112,"caption":"Guin\u00e9e Diversit\u00e9"},"image":{"@id":"https:\/\/guineediversite.com\/#\/schema\/logo\/image\/"},"sameAs":["https:\/\/www.facebook.com\/guineediversite\/","https:\/\/x.com\/GuineeDiversite","https:\/\/www.youtube.com\/channel\/UC8sUY16qelG5ge6_D5SB83g"]},{"@type":"Person","@id":"https:\/\/guineediversite.com\/#\/schema\/person\/fa362494c47202ce4b3adf55abcc9d01","name":"Morcire Camara","image":{"@type":"ImageObject","inLanguage":"fr-FR","@id":"https:\/\/guineediversite.com\/#\/schema\/person\/image\/","url":"https:\/\/secure.gravatar.com\/avatar\/3ec324f02295bbcebe03d99b39330ab4?s=96&d=mm&r=g","contentUrl":"https:\/\/secure.gravatar.com\/avatar\/3ec324f02295bbcebe03d99b39330ab4?s=96&d=mm&r=g","caption":"Morcire Camara"},"url":"https:\/\/guineediversite.com\/index.php\/author\/morcire\/"}]}},"_links":{"self":[{"href":"https:\/\/guineediversite.com\/index.php\/wp-json\/wp\/v2\/posts\/27969"}],"collection":[{"href":"https:\/\/guineediversite.com\/index.php\/wp-json\/wp\/v2\/posts"}],"about":[{"href":"https:\/\/guineediversite.com\/index.php\/wp-json\/wp\/v2\/types\/post"}],"author":[{"embeddable":true,"href":"https:\/\/guineediversite.com\/index.php\/wp-json\/wp\/v2\/users\/10"}],"replies":[{"embeddable":true,"href":"https:\/\/guineediversite.com\/index.php\/wp-json\/wp\/v2\/comments?post=27969"}],"version-history":[{"count":0,"href":"https:\/\/guineediversite.com\/index.php\/wp-json\/wp\/v2\/posts\/27969\/revisions"}],"wp:featuredmedia":[{"embeddable":true,"href":"https:\/\/guineediversite.com\/index.php\/wp-json\/wp\/v2\/media\/27970"}],"wp:attachment":[{"href":"https:\/\/guineediversite.com\/index.php\/wp-json\/wp\/v2\/media?parent=27969"}],"wp:term":[{"taxonomy":"category","embeddable":true,"href":"https:\/\/guineediversite.com\/index.php\/wp-json\/wp\/v2\/categories?post=27969"},{"taxonomy":"post_tag","embeddable":true,"href":"https:\/\/guineediversite.com\/index.php\/wp-json\/wp\/v2\/tags?post=27969"}],"curies":[{"name":"wp","href":"https:\/\/api.w.org\/{rel}","templated":true}]}}