{"id":27962,"date":"2019-02-16T17:51:36","date_gmt":"2019-02-16T16:51:36","guid":{"rendered":"https:\/\/guineediversite.com\/?p=27962"},"modified":"2019-02-16T17:51:36","modified_gmt":"2019-02-16T16:51:36","slug":"conakry-de-retour-au-pays-le-cortege-de-cellou-dallein-diallo-gazes-par-les-forces-de-lordre","status":"publish","type":"post","link":"https:\/\/guineediversite.com\/index.php\/2019\/02\/16\/conakry-de-retour-au-pays-le-cortege-de-cellou-dallein-diallo-gazes-par-les-forces-de-lordre\/","title":{"rendered":"Conakry: De retour au pays, le cort\u00e8ge de Cellou Dallein Diallo gaz\u00e9s par les forces de l\u2019ordre"},"content":{"rendered":"<p>Cellou Dalein Diallo et ses militants ont re\u00e7u une bonnes doses de gaz lacrymog\u00e8ne ce samedi \u00e0 Conakry, pr\u00e9cis\u00e9ment \u00e0 Hamdallaye.<\/p>\n<p><img loading=\"lazy\" decoding=\"async\" class=\"alignnone  wp-image-27964\" src=\"https:\/\/guineediversite.com.bwjx4292.odns.fr\/wp-content\/uploads\/2019\/02\/received_773026959723704-720x522-300x218.jpeg\" alt=\"\" width=\"802\" height=\"583\" srcset=\"https:\/\/guineediversite.com\/wp-content\/uploads\/2019\/02\/received_773026959723704-720x522-300x218.jpeg 300w, https:\/\/guineediversite.com\/wp-content\/uploads\/2019\/02\/received_773026959723704-720x522-768x557.jpeg 768w, https:\/\/guineediversite.com\/wp-content\/uploads\/2019\/02\/received_773026959723704-720x522-1024x743.jpeg 1024w, https:\/\/guineediversite.com\/wp-content\/uploads\/2019\/02\/received_773026959723704-720x522-600x435.jpeg 600w, https:\/\/guineediversite.com\/wp-content\/uploads\/2019\/02\/received_773026959723704-720x522.jpeg 1412w\" sizes=\"(max-width: 802px) 100vw, 802px\" \/><\/p>\n<p>Selon nos informations, la cause de cette accrochage serait d\u00fb au bain de foule qu\u2019il a cr\u00e9e \u00e0 son retour dans le pays. C\u2019est au niveau de\u00a0 Gnariwada dans \u00a0Hamdallaye que l\u2019accrochage entre les militants et les forces de l\u2019ordre a eu lieu. Selon des t\u00e9moignages sur place, deux Mamba (v\u00e9hicules de police) sont arriv\u00e9s coincer le v\u00e9hicule de commandement du chef de file de l\u2019opposition. Ce qui aurait oblig\u00e9 Cellou de descendre pour marcher. Entre temps, nous apprenons que des agents des forces de s\u00e9curit\u00e9 ont lanc\u00e9 trois gaz \u00e0 l\u2019endroit o\u00f9 se trouve le chef de file de l\u2019opposition.<\/p>\n","protected":false},"excerpt":{"rendered":"<p>Cellou Dalein Diallo et ses militants ont re\u00e7u une bonnes doses de gaz lacrymog\u00e8ne ce samedi \u00e0 Conakry, pr\u00e9cis\u00e9ment \u00e0 Hamdallaye. Selon nos informations, la cause de cette accrochage serait d\u00fb au bain de foule qu\u2019il a cr\u00e9e \u00e0 son retour dans le pays. C\u2019est au niveau de\u00a0 Gnariwada dans \u00a0Hamdallaye que l\u2019accrochage entre les [&hellip;]<\/p>\n","protected":false},"author":12,"featured_media":27963,"comment_status":"closed","ping_status":"closed","sticky":false,"template":"","format":"standard","meta":{"_exactmetrics_skip_tracking":false,"_exactmetrics_sitenote_active":false,"_exactmetrics_sitenote_note":"","_exactmetrics_sitenote_category":0,"tdm_status":"","tdm_grid_status":"","footnotes":""},"categories":[14],"tags":[],"class_list":{"0":"post-27962","1":"post","2":"type-post","3":"status-publish","4":"format-standard","5":"has-post-thumbnail","7":"category-politique"},"yoast_head":"<!-- This site is optimized with the Yoast SEO plugin v24.2 - https:\/\/yoast.com\/wordpress\/plugins\/seo\/ -->\n<title>Conakry: De retour au pays, le cort\u00e8ge de Cellou Dallein Diallo gaz\u00e9s par les forces de l\u2019ordre | Guin\u00e9e Diversit\u00e9<\/title>\n<meta name=\"robots\" content=\"index, follow, max-snippet:-1, max-image-preview:large, max-video-preview:-1\" \/>\n<link rel=\"canonical\" href=\"https:\/\/guineediversite.com\/index.php\/2019\/02\/16\/conakry-de-retour-au-pays-le-cortege-de-cellou-dallein-diallo-gazes-par-les-forces-de-lordre\/\" \/>\n<meta property=\"og:locale\" content=\"fr_FR\" \/>\n<meta property=\"og:type\" content=\"article\" \/>\n<meta property=\"og:title\" content=\"Conakry: De retour au pays, le cort\u00e8ge de Cellou Dallein Diallo gaz\u00e9s par les forces de l\u2019ordre | Guin\u00e9e Diversit\u00e9\" \/>\n<meta property=\"og:description\" content=\"Cellou Dalein Diallo et ses militants ont re\u00e7u une bonnes doses de gaz lacrymog\u00e8ne ce samedi \u00e0 Conakry, pr\u00e9cis\u00e9ment \u00e0 Hamdallaye. Selon nos informations, la cause de cette accrochage serait d\u00fb au bain de foule qu\u2019il a cr\u00e9e \u00e0 son retour dans le pays. C\u2019est au niveau de\u00a0 Gnariwada dans \u00a0Hamdallaye que l\u2019accrochage entre les [&hellip;]\" \/>\n<meta property=\"og:url\" content=\"https:\/\/guineediversite.com\/index.php\/2019\/02\/16\/conakry-de-retour-au-pays-le-cortege-de-cellou-dallein-diallo-gazes-par-les-forces-de-lordre\/\" \/>\n<meta property=\"og:site_name\" content=\"Guin\u00e9e Diversit\u00e9\" \/>\n<meta property=\"article:publisher\" content=\"https:\/\/www.facebook.com\/guineediversite\/\" \/>\n<meta property=\"article:published_time\" content=\"2019-02-16T16:51:36+00:00\" \/>\n<meta property=\"og:image\" content=\"https:\/\/guineediversite.com\/wp-content\/uploads\/2019\/02\/received_562149484303157.jpeg\" \/>\n\t<meta property=\"og:image:width\" content=\"1546\" \/>\n\t<meta property=\"og:image:height\" content=\"1024\" \/>\n\t<meta property=\"og:image:type\" content=\"image\/jpeg\" \/>\n<meta name=\"author\" content=\"Guin\u00e9e Diversit\u00e9\" \/>\n<meta name=\"twitter:card\" content=\"summary_large_image\" \/>\n<meta name=\"twitter:creator\" content=\"@GuineeDiversite\" \/>\n<meta name=\"twitter:site\" content=\"@GuineeDiversite\" \/>\n<meta name=\"twitter:label1\" content=\"\u00c9crit par\" \/>\n\t<meta name=\"twitter:data1\" content=\"Guin\u00e9e Diversit\u00e9\" \/>\n\t<meta name=\"twitter:label2\" content=\"Dur\u00e9e de lecture estim\u00e9e\" \/>\n\t<meta name=\"twitter:data2\" content=\"1 minute\" \/>\n<script type=\"application\/ld+json\" class=\"yoast-schema-graph\">{\"@context\":\"https:\/\/schema.org\",\"@graph\":[{\"@type\":\"Article\",\"@id\":\"https:\/\/guineediversite.com\/index.php\/2019\/02\/16\/conakry-de-retour-au-pays-le-cortege-de-cellou-dallein-diallo-gazes-par-les-forces-de-lordre\/#article\",\"isPartOf\":{\"@id\":\"https:\/\/guineediversite.com\/index.php\/2019\/02\/16\/conakry-de-retour-au-pays-le-cortege-de-cellou-dallein-diallo-gazes-par-les-forces-de-lordre\/\"},\"author\":{\"name\":\"Guin\u00e9e Diversit\u00e9\",\"@id\":\"https:\/\/guineediversite.com\/#\/schema\/person\/afa08fb34e7fc6e1feafc892612bc836\"},\"headline\":\"Conakry: De retour au pays, le cort\u00e8ge de Cellou Dallein Diallo gaz\u00e9s par les forces de l\u2019ordre\",\"datePublished\":\"2019-02-16T16:51:36+00:00\",\"dateModified\":\"2019-02-16T16:51:36+00:00\",\"mainEntityOfPage\":{\"@id\":\"https:\/\/guineediversite.com\/index.php\/2019\/02\/16\/conakry-de-retour-au-pays-le-cortege-de-cellou-dallein-diallo-gazes-par-les-forces-de-lordre\/\"},\"wordCount\":155,\"publisher\":{\"@id\":\"https:\/\/guineediversite.com\/#organization\"},\"image\":{\"@id\":\"https:\/\/guineediversite.com\/index.php\/2019\/02\/16\/conakry-de-retour-au-pays-le-cortege-de-cellou-dallein-diallo-gazes-par-les-forces-de-lordre\/#primaryimage\"},\"thumbnailUrl\":\"https:\/\/guineediversite.com\/wp-content\/uploads\/2019\/02\/received_562149484303157.jpeg\",\"articleSection\":[\"Politique\"],\"inLanguage\":\"fr-FR\"},{\"@type\":\"WebPage\",\"@id\":\"https:\/\/guineediversite.com\/index.php\/2019\/02\/16\/conakry-de-retour-au-pays-le-cortege-de-cellou-dallein-diallo-gazes-par-les-forces-de-lordre\/\",\"url\":\"https:\/\/guineediversite.com\/index.php\/2019\/02\/16\/conakry-de-retour-au-pays-le-cortege-de-cellou-dallein-diallo-gazes-par-les-forces-de-lordre\/\",\"name\":\"Conakry: De retour au pays, le cort\u00e8ge de Cellou Dallein Diallo gaz\u00e9s par les forces de l\u2019ordre | Guin\u00e9e Diversit\u00e9\",\"isPartOf\":{\"@id\":\"https:\/\/guineediversite.com\/#website\"},\"primaryImageOfPage\":{\"@id\":\"https:\/\/guineediversite.com\/index.php\/2019\/02\/16\/conakry-de-retour-au-pays-le-cortege-de-cellou-dallein-diallo-gazes-par-les-forces-de-lordre\/#primaryimage\"},\"image\":{\"@id\":\"https:\/\/guineediversite.com\/index.php\/2019\/02\/16\/conakry-de-retour-au-pays-le-cortege-de-cellou-dallein-diallo-gazes-par-les-forces-de-lordre\/#primaryimage\"},\"thumbnailUrl\":\"https:\/\/guineediversite.com\/wp-content\/uploads\/2019\/02\/received_562149484303157.jpeg\",\"datePublished\":\"2019-02-16T16:51:36+00:00\",\"dateModified\":\"2019-02-16T16:51:36+00:00\",\"breadcrumb\":{\"@id\":\"https:\/\/guineediversite.com\/index.php\/2019\/02\/16\/conakry-de-retour-au-pays-le-cortege-de-cellou-dallein-diallo-gazes-par-les-forces-de-lordre\/#breadcrumb\"},\"inLanguage\":\"fr-FR\",\"potentialAction\":[{\"@type\":\"ReadAction\",\"target\":[\"https:\/\/guineediversite.com\/index.php\/2019\/02\/16\/conakry-de-retour-au-pays-le-cortege-de-cellou-dallein-diallo-gazes-par-les-forces-de-lordre\/\"]}]},{\"@type\":\"ImageObject\",\"inLanguage\":\"fr-FR\",\"@id\":\"https:\/\/guineediversite.com\/index.php\/2019\/02\/16\/conakry-de-retour-au-pays-le-cortege-de-cellou-dallein-diallo-gazes-par-les-forces-de-lordre\/#primaryimage\",\"url\":\"https:\/\/guineediversite.com\/wp-content\/uploads\/2019\/02\/received_562149484303157.jpeg\",\"contentUrl\":\"https:\/\/guineediversite.com\/wp-content\/uploads\/2019\/02\/received_562149484303157.jpeg\",\"width\":1546,\"height\":1024},{\"@type\":\"BreadcrumbList\",\"@id\":\"https:\/\/guineediversite.com\/index.php\/2019\/02\/16\/conakry-de-retour-au-pays-le-cortege-de-cellou-dallein-diallo-gazes-par-les-forces-de-lordre\/#breadcrumb\",\"itemListElement\":[{\"@type\":\"ListItem\",\"position\":1,\"name\":\"Accueil\",\"item\":\"https:\/\/guineediversite.com\/\"},{\"@type\":\"ListItem\",\"position\":2,\"name\":\"Conakry: De retour au pays, le cort\u00e8ge de Cellou Dallein Diallo gaz\u00e9s par les forces de l\u2019ordre\"}]},{\"@type\":\"WebSite\",\"@id\":\"https:\/\/guineediversite.com\/#website\",\"url\":\"https:\/\/guineediversite.com\/\",\"name\":\"Guin\u00e9e Diversit\u00e9\",\"description\":\"L&#039;Info dans toute sa diversit\u00e9\",\"publisher\":{\"@id\":\"https:\/\/guineediversite.com\/#organization\"},\"potentialAction\":[{\"@type\":\"SearchAction\",\"target\":{\"@type\":\"EntryPoint\",\"urlTemplate\":\"https:\/\/guineediversite.com\/?s={search_term_string}\"},\"query-input\":{\"@type\":\"PropertyValueSpecification\",\"valueRequired\":true,\"valueName\":\"search_term_string\"}}],\"inLanguage\":\"fr-FR\"},{\"@type\":\"Organization\",\"@id\":\"https:\/\/guineediversite.com\/#organization\",\"name\":\"Guin\u00e9e Diversit\u00e9\",\"url\":\"https:\/\/guineediversite.com\/\",\"logo\":{\"@type\":\"ImageObject\",\"inLanguage\":\"fr-FR\",\"@id\":\"https:\/\/guineediversite.com\/#\/schema\/logo\/image\/\",\"url\":\"https:\/\/guineediversite.com\/wp-content\/uploads\/2017\/04\/cropped-1jojlxEOMkX9Wyqfhe43D6kjPOGqBBKmx3EwWJqZ0cMrFF54yM49.png\",\"contentUrl\":\"https:\/\/guineediversite.com\/wp-content\/uploads\/2017\/04\/cropped-1jojlxEOMkX9Wyqfhe43D6kjPOGqBBKmx3EwWJqZ0cMrFF54yM49.png\",\"width\":186,\"height\":112,\"caption\":\"Guin\u00e9e Diversit\u00e9\"},\"image\":{\"@id\":\"https:\/\/guineediversite.com\/#\/schema\/logo\/image\/\"},\"sameAs\":[\"https:\/\/www.facebook.com\/guineediversite\/\",\"https:\/\/x.com\/GuineeDiversite\",\"https:\/\/www.youtube.com\/channel\/UC8sUY16qelG5ge6_D5SB83g\"]},{\"@type\":\"Person\",\"@id\":\"https:\/\/guineediversite.com\/#\/schema\/person\/afa08fb34e7fc6e1feafc892612bc836\",\"name\":\"Guin\u00e9e Diversit\u00e9\",\"image\":{\"@type\":\"ImageObject\",\"inLanguage\":\"fr-FR\",\"@id\":\"https:\/\/guineediversite.com\/#\/schema\/person\/image\/\",\"url\":\"https:\/\/secure.gravatar.com\/avatar\/50d5eb5b390f8b65ac30ac6f898eb83a?s=96&d=mm&r=g\",\"contentUrl\":\"https:\/\/secure.gravatar.com\/avatar\/50d5eb5b390f8b65ac30ac6f898eb83a?s=96&d=mm&r=g\",\"caption\":\"Guin\u00e9e Diversit\u00e9\"},\"url\":\"https:\/\/guineediversite.com\/index.php\/author\/guineediversite\/\"}]}<\/script>\n<!-- \/ Yoast SEO plugin. -->","yoast_head_json":{"title":"Conakry: De retour au pays, le cort\u00e8ge de Cellou Dallein Diallo gaz\u00e9s par les forces de l\u2019ordre | Guin\u00e9e Diversit\u00e9","robots":{"index":"index","follow":"follow","max-snippet":"max-snippet:-1","max-image-preview":"max-image-preview:large","max-video-preview":"max-video-preview:-1"},"canonical":"https:\/\/guineediversite.com\/index.php\/2019\/02\/16\/conakry-de-retour-au-pays-le-cortege-de-cellou-dallein-diallo-gazes-par-les-forces-de-lordre\/","og_locale":"fr_FR","og_type":"article","og_title":"Conakry: De retour au pays, le cort\u00e8ge de Cellou Dallein Diallo gaz\u00e9s par les forces de l\u2019ordre | Guin\u00e9e Diversit\u00e9","og_description":"Cellou Dalein Diallo et ses militants ont re\u00e7u une bonnes doses de gaz lacrymog\u00e8ne ce samedi \u00e0 Conakry, pr\u00e9cis\u00e9ment \u00e0 Hamdallaye. Selon nos informations, la cause de cette accrochage serait d\u00fb au bain de foule qu\u2019il a cr\u00e9e \u00e0 son retour dans le pays. C\u2019est au niveau de\u00a0 Gnariwada dans \u00a0Hamdallaye que l\u2019accrochage entre les [&hellip;]","og_url":"https:\/\/guineediversite.com\/index.php\/2019\/02\/16\/conakry-de-retour-au-pays-le-cortege-de-cellou-dallein-diallo-gazes-par-les-forces-de-lordre\/","og_site_name":"Guin\u00e9e Diversit\u00e9","article_publisher":"https:\/\/www.facebook.com\/guineediversite\/","article_published_time":"2019-02-16T16:51:36+00:00","og_image":[{"width":1546,"height":1024,"url":"https:\/\/guineediversite.com\/wp-content\/uploads\/2019\/02\/received_562149484303157.jpeg","type":"image\/jpeg"}],"author":"Guin\u00e9e Diversit\u00e9","twitter_card":"summary_large_image","twitter_creator":"@GuineeDiversite","twitter_site":"@GuineeDiversite","twitter_misc":{"\u00c9crit par":"Guin\u00e9e Diversit\u00e9","Dur\u00e9e de lecture estim\u00e9e":"1 minute"},"schema":{"@context":"https:\/\/schema.org","@graph":[{"@type":"Article","@id":"https:\/\/guineediversite.com\/index.php\/2019\/02\/16\/conakry-de-retour-au-pays-le-cortege-de-cellou-dallein-diallo-gazes-par-les-forces-de-lordre\/#article","isPartOf":{"@id":"https:\/\/guineediversite.com\/index.php\/2019\/02\/16\/conakry-de-retour-au-pays-le-cortege-de-cellou-dallein-diallo-gazes-par-les-forces-de-lordre\/"},"author":{"name":"Guin\u00e9e Diversit\u00e9","@id":"https:\/\/guineediversite.com\/#\/schema\/person\/afa08fb34e7fc6e1feafc892612bc836"},"headline":"Conakry: De retour au pays, le cort\u00e8ge de Cellou Dallein Diallo gaz\u00e9s par les forces de l\u2019ordre","datePublished":"2019-02-16T16:51:36+00:00","dateModified":"2019-02-16T16:51:36+00:00","mainEntityOfPage":{"@id":"https:\/\/guineediversite.com\/index.php\/2019\/02\/16\/conakry-de-retour-au-pays-le-cortege-de-cellou-dallein-diallo-gazes-par-les-forces-de-lordre\/"},"wordCount":155,"publisher":{"@id":"https:\/\/guineediversite.com\/#organization"},"image":{"@id":"https:\/\/guineediversite.com\/index.php\/2019\/02\/16\/conakry-de-retour-au-pays-le-cortege-de-cellou-dallein-diallo-gazes-par-les-forces-de-lordre\/#primaryimage"},"thumbnailUrl":"https:\/\/guineediversite.com\/wp-content\/uploads\/2019\/02\/received_562149484303157.jpeg","articleSection":["Politique"],"inLanguage":"fr-FR"},{"@type":"WebPage","@id":"https:\/\/guineediversite.com\/index.php\/2019\/02\/16\/conakry-de-retour-au-pays-le-cortege-de-cellou-dallein-diallo-gazes-par-les-forces-de-lordre\/","url":"https:\/\/guineediversite.com\/index.php\/2019\/02\/16\/conakry-de-retour-au-pays-le-cortege-de-cellou-dallein-diallo-gazes-par-les-forces-de-lordre\/","name":"Conakry: De retour au pays, le cort\u00e8ge de Cellou Dallein Diallo gaz\u00e9s par les forces de l\u2019ordre | Guin\u00e9e Diversit\u00e9","isPartOf":{"@id":"https:\/\/guineediversite.com\/#website"},"primaryImageOfPage":{"@id":"https:\/\/guineediversite.com\/index.php\/2019\/02\/16\/conakry-de-retour-au-pays-le-cortege-de-cellou-dallein-diallo-gazes-par-les-forces-de-lordre\/#primaryimage"},"image":{"@id":"https:\/\/guineediversite.com\/index.php\/2019\/02\/16\/conakry-de-retour-au-pays-le-cortege-de-cellou-dallein-diallo-gazes-par-les-forces-de-lordre\/#primaryimage"},"thumbnailUrl":"https:\/\/guineediversite.com\/wp-content\/uploads\/2019\/02\/received_562149484303157.jpeg","datePublished":"2019-02-16T16:51:36+00:00","dateModified":"2019-02-16T16:51:36+00:00","breadcrumb":{"@id":"https:\/\/guineediversite.com\/index.php\/2019\/02\/16\/conakry-de-retour-au-pays-le-cortege-de-cellou-dallein-diallo-gazes-par-les-forces-de-lordre\/#breadcrumb"},"inLanguage":"fr-FR","potentialAction":[{"@type":"ReadAction","target":["https:\/\/guineediversite.com\/index.php\/2019\/02\/16\/conakry-de-retour-au-pays-le-cortege-de-cellou-dallein-diallo-gazes-par-les-forces-de-lordre\/"]}]},{"@type":"ImageObject","inLanguage":"fr-FR","@id":"https:\/\/guineediversite.com\/index.php\/2019\/02\/16\/conakry-de-retour-au-pays-le-cortege-de-cellou-dallein-diallo-gazes-par-les-forces-de-lordre\/#primaryimage","url":"https:\/\/guineediversite.com\/wp-content\/uploads\/2019\/02\/received_562149484303157.jpeg","contentUrl":"https:\/\/guineediversite.com\/wp-content\/uploads\/2019\/02\/received_562149484303157.jpeg","width":1546,"height":1024},{"@type":"BreadcrumbList","@id":"https:\/\/guineediversite.com\/index.php\/2019\/02\/16\/conakry-de-retour-au-pays-le-cortege-de-cellou-dallein-diallo-gazes-par-les-forces-de-lordre\/#breadcrumb","itemListElement":[{"@type":"ListItem","position":1,"name":"Accueil","item":"https:\/\/guineediversite.com\/"},{"@type":"ListItem","position":2,"name":"Conakry: De retour au pays, le cort\u00e8ge de Cellou Dallein Diallo gaz\u00e9s par les forces de l\u2019ordre"}]},{"@type":"WebSite","@id":"https:\/\/guineediversite.com\/#website","url":"https:\/\/guineediversite.com\/","name":"Guin\u00e9e Diversit\u00e9","description":"L&#039;Info dans toute sa diversit\u00e9","publisher":{"@id":"https:\/\/guineediversite.com\/#organization"},"potentialAction":[{"@type":"SearchAction","target":{"@type":"EntryPoint","urlTemplate":"https:\/\/guineediversite.com\/?s={search_term_string}"},"query-input":{"@type":"PropertyValueSpecification","valueRequired":true,"valueName":"search_term_string"}}],"inLanguage":"fr-FR"},{"@type":"Organization","@id":"https:\/\/guineediversite.com\/#organization","name":"Guin\u00e9e Diversit\u00e9","url":"https:\/\/guineediversite.com\/","logo":{"@type":"ImageObject","inLanguage":"fr-FR","@id":"https:\/\/guineediversite.com\/#\/schema\/logo\/image\/","url":"https:\/\/guineediversite.com\/wp-content\/uploads\/2017\/04\/cropped-1jojlxEOMkX9Wyqfhe43D6kjPOGqBBKmx3EwWJqZ0cMrFF54yM49.png","contentUrl":"https:\/\/guineediversite.com\/wp-content\/uploads\/2017\/04\/cropped-1jojlxEOMkX9Wyqfhe43D6kjPOGqBBKmx3EwWJqZ0cMrFF54yM49.png","width":186,"height":112,"caption":"Guin\u00e9e Diversit\u00e9"},"image":{"@id":"https:\/\/guineediversite.com\/#\/schema\/logo\/image\/"},"sameAs":["https:\/\/www.facebook.com\/guineediversite\/","https:\/\/x.com\/GuineeDiversite","https:\/\/www.youtube.com\/channel\/UC8sUY16qelG5ge6_D5SB83g"]},{"@type":"Person","@id":"https:\/\/guineediversite.com\/#\/schema\/person\/afa08fb34e7fc6e1feafc892612bc836","name":"Guin\u00e9e Diversit\u00e9","image":{"@type":"ImageObject","inLanguage":"fr-FR","@id":"https:\/\/guineediversite.com\/#\/schema\/person\/image\/","url":"https:\/\/secure.gravatar.com\/avatar\/50d5eb5b390f8b65ac30ac6f898eb83a?s=96&d=mm&r=g","contentUrl":"https:\/\/secure.gravatar.com\/avatar\/50d5eb5b390f8b65ac30ac6f898eb83a?s=96&d=mm&r=g","caption":"Guin\u00e9e Diversit\u00e9"},"url":"https:\/\/guineediversite.com\/index.php\/author\/guineediversite\/"}]}},"_links":{"self":[{"href":"https:\/\/guineediversite.com\/index.php\/wp-json\/wp\/v2\/posts\/27962"}],"collection":[{"href":"https:\/\/guineediversite.com\/index.php\/wp-json\/wp\/v2\/posts"}],"about":[{"href":"https:\/\/guineediversite.com\/index.php\/wp-json\/wp\/v2\/types\/post"}],"author":[{"embeddable":true,"href":"https:\/\/guineediversite.com\/index.php\/wp-json\/wp\/v2\/users\/12"}],"replies":[{"embeddable":true,"href":"https:\/\/guineediversite.com\/index.php\/wp-json\/wp\/v2\/comments?post=27962"}],"version-history":[{"count":0,"href":"https:\/\/guineediversite.com\/index.php\/wp-json\/wp\/v2\/posts\/27962\/revisions"}],"wp:featuredmedia":[{"embeddable":true,"href":"https:\/\/guineediversite.com\/index.php\/wp-json\/wp\/v2\/media\/27963"}],"wp:attachment":[{"href":"https:\/\/guineediversite.com\/index.php\/wp-json\/wp\/v2\/media?parent=27962"}],"wp:term":[{"taxonomy":"category","embeddable":true,"href":"https:\/\/guineediversite.com\/index.php\/wp-json\/wp\/v2\/categories?post=27962"},{"taxonomy":"post_tag","embeddable":true,"href":"https:\/\/guineediversite.com\/index.php\/wp-json\/wp\/v2\/tags?post=27962"}],"curies":[{"name":"wp","href":"https:\/\/api.w.org\/{rel}","templated":true}]}}