{"id":27959,"date":"2019-02-14T12:55:20","date_gmt":"2019-02-14T11:55:20","guid":{"rendered":"https:\/\/guineediversite.com\/?p=27959"},"modified":"2019-02-14T12:55:20","modified_gmt":"2019-02-14T11:55:20","slug":"journee-internationale-de-la-radio-elles-sont-confrontees-a-denormes-difficultes-selon-boubacar-yacine-diallo-entretien","status":"publish","type":"post","link":"https:\/\/guineediversite.com\/index.php\/2019\/02\/14\/journee-internationale-de-la-radio-elles-sont-confrontees-a-denormes-difficultes-selon-boubacar-yacine-diallo-entretien\/","title":{"rendered":"Journ\u00e9e internationale de la Radio : Elles sont confront\u00e9es \u00e0 d\u2019\u00e9normes difficult\u00e9s selon Boubacar Yacine Diallo (Entretien)"},"content":{"rendered":"<p><strong>L\u2019humanit\u00e9 a c\u00e9l\u00e9br\u00e9 ce mercredi 13 f\u00e9vrier 2019 la journ\u00e9e mondiale de la radio. Cette ann\u00e9e, l\u2019UNESCO a plac\u00e9 l\u2019\u00e9v\u00e8nement sous le th\u00e8me \u00ab dialogue, tol\u00e9rance et paix \u00bb. Pour comprendre l\u2019historique de cette journ\u00e9e, notre r\u00e9daction a rencontr\u00e9 Boubacar Yacine Diallo, ancien ministre de l\u2019Information, ancien pr\u00e9sident du Conseil National de la communication et fondateur de la radio Horizon FM. <\/strong><\/p>\n<p>Selon cet ancien responsable de l\u2019Office radiodiffusion t\u00e9l\u00e9vision Guin\u00e9enne, l\u2019initiative de cette journ\u00e9e vient de certains journalistes \u00ab <em>C\u2019sont une initiative de quelques journalistes qui se sont retrouv\u00e9s \u00e0 Windhoek en Namibie et qui avaient sugg\u00e9r\u00e9 qu\u2019il ait une journ\u00e9e mondiale de la radio et cette id\u00e9e a \u00e9t\u00e9 valider par l\u2019UNESCO puis vot\u00e9 \u00e0 l\u2019assembl\u00e9e g\u00e9n\u00e9rale des Nations unies, cela en souvenir de la cr\u00e9ation de la radio des nations elle-m\u00eame<\/em> \u00bb, Rappel Boubacar Yacine Diallo avant de se pencher sur le th\u00e8me de ladite journ\u00e9e cette ann\u00e9e.<\/p>\n<p>\u00ab <em>Vous saviez que le monde est d\u00e9chir\u00e9, non seulement par la faute des politiques mais \u00e9galement la mauvaise redistribution des ressources. Donc, vous avez des conflits \u00e0 l\u2019int\u00e9rieur des \u00c9tats et vous avez des conflits inter-\u00c9tats. C\u2019est pour cette raison que l\u2019UNESCO a estim\u00e9 que cette ann\u00e9e devrait \u00eatre l\u2019ann\u00e9e du dialogue, de la tol\u00e9rance avec comme cons\u00e9quence la paix. Le dialogue, je pense que par la radio cela est d\u00e9j\u00e0 instaur\u00e9. Lorsque vous prenez les \u00e9missions interactives, il n\u2019y a pas de sujet tabou pour le cas sp\u00e9cifique de la Guin\u00e9e et les auteurs \u00e0 visage d\u00e9couvert, d\u00e9battent des questions politiques. Ils se sont m\u00eame substitu\u00e9s aux politiques qui fuient le d\u00e9bat. Je pense que c\u2019est une bonne chose, m\u00eame si parfois on peut regretter quelques propos relevant du mensonge, de la calomnie, de la diffamation de la part de certains auditeurs qui prennent la parole <\/em>\u00bb, regrette cet ancien journaliste.<\/p>\n<p>Les radios priv\u00e9es de Guin\u00e9e traversent assez de difficult\u00e9s. Elles sont confront\u00e9es \u00e0 des probl\u00e8mes financiers. Des difficult\u00e9s qu\u2019\u00e9num\u00e8re l\u2019ancien directeur de l\u2019Office de la radiot\u00e9l\u00e9vision Guin\u00e9enne \u00ab <em>la premi\u00e8re difficult\u00e9 des radios c\u2019est leurs propres existences, vous saviez que les premi\u00e8res radios priv\u00e9es sont apparues il y a un peu plus de dix ans. Les \u00e9quipements sont v\u00e9tustes et n\u2019ont pas \u00e9t\u00e9 renouvel\u00e9s faute de moyens. Et je voudrais regretter \u00e0 ce niveau qu\u2019il n\u2019y a pas eut d\u2019appui, ni du gouvernement de fa\u00e7on substantielle, ni des partenaires. Pourtant qui \u00e0 longueur des journ\u00e9es exigent des radios qu\u2019elles fassent une information compl\u00e8te, correcte et recoup\u00e9e. La deuxi\u00e8me difficult\u00e9, c\u2019est que la Guin\u00e9e n\u2019a pas une tradition de publicit\u00e9 et puis que la radio comme les autres medias d\u2019ailleurs ne vit que des recettes produites on peut constater ais\u00e9ment que les radios souffrent \u00e9norm\u00e9ment, la plupart d\u2019entre elles bricolent simplement pour exister, nous nous battons au fait la survie. Il faut que l\u2019\u00c9tat, \u00e0 mon avis fasse beaucoup plus que la subvention d\u2019ailleurs qui est arriv\u00e9e tr\u00e8s en retard cette ann\u00e9e. Que l\u2019\u00c9tat fasse plus, par exemple qu\u2019il offre des \u00e9quipements aux radios priv\u00e9es pourquoi pas ? Voil\u00e0 \u00e0 peu pr\u00e8s deux difficult\u00e9s majeures et la troisi\u00e8me qui n\u2019est pas n\u00e9gligeable, c\u2019est le d\u00e9sordre m\u00eame de la profession, c&rsquo;est-\u00e0-dire que vous voyez un individu qui ce pr\u00e9sent comme un organe, il est lui-m\u00eame l\u2019organe. Il est le directeur, le propri\u00e9taire, le comptable, il est l\u2019unique journaliste et parfois il se laisse manipuler, il se laisse vendre et parfois il diffuse des fausses informations ou verse dans la calomnie de que d\u2019ailleurs la loi interdit<\/em> \u00bb, \u00e0 pr\u00e9ciser Boubacar Yacine Diallo.<\/p>\n<p>Pour cette journ\u00e9e sp\u00e9ciale de la radio, aucune activit\u00e9 li\u00e9e \u00e0 cette c\u00e9l\u00e9bration n\u2019a \u00e9t\u00e9 organiser dans le pays, raison pour laquelle, ils sont nombreux ces journalistes interrog\u00e9s qui se sont demand\u00e9 du r\u00f4le et l\u2019importance de l\u2019Union des radios et T\u00e9l\u00e9visions libres de Guin\u00e9e l\u2019URTELGUI. Ces hommes de medias estiment que cette association de presse devrait s\u2019impliquer pour rendre cette f\u00eate tout son sens.<\/p>\n","protected":false},"excerpt":{"rendered":"<p>L\u2019humanit\u00e9 a c\u00e9l\u00e9br\u00e9 ce mercredi 13 f\u00e9vrier 2019 la journ\u00e9e mondiale de la radio. Cette ann\u00e9e, l\u2019UNESCO a plac\u00e9 l\u2019\u00e9v\u00e8nement sous le th\u00e8me \u00ab dialogue, tol\u00e9rance et paix \u00bb. Pour comprendre l\u2019historique de cette journ\u00e9e, notre r\u00e9daction a rencontr\u00e9 Boubacar Yacine Diallo, ancien ministre de l\u2019Information, ancien pr\u00e9sident du Conseil National de la communication et [&hellip;]<\/p>\n","protected":false},"author":16,"featured_media":27960,"comment_status":"closed","ping_status":"closed","sticky":false,"template":"","format":"standard","meta":{"_exactmetrics_skip_tracking":false,"_exactmetrics_sitenote_active":false,"_exactmetrics_sitenote_note":"","_exactmetrics_sitenote_category":0,"tdm_status":"","tdm_grid_status":"","footnotes":""},"categories":[16],"tags":[],"class_list":{"0":"post-27959","1":"post","2":"type-post","3":"status-publish","4":"format-standard","5":"has-post-thumbnail","7":"category-societe"},"yoast_head":"<!-- This site is optimized with the Yoast SEO plugin v24.2 - https:\/\/yoast.com\/wordpress\/plugins\/seo\/ -->\n<title>Journ\u00e9e internationale de la Radio : Elles sont confront\u00e9es \u00e0 d\u2019\u00e9normes difficult\u00e9s selon Boubacar Yacine Diallo (Entretien) | Guin\u00e9e Diversit\u00e9<\/title>\n<meta name=\"robots\" content=\"index, follow, max-snippet:-1, max-image-preview:large, max-video-preview:-1\" \/>\n<link rel=\"canonical\" href=\"https:\/\/guineediversite.com\/index.php\/2019\/02\/14\/journee-internationale-de-la-radio-elles-sont-confrontees-a-denormes-difficultes-selon-boubacar-yacine-diallo-entretien\/\" \/>\n<meta property=\"og:locale\" content=\"fr_FR\" \/>\n<meta property=\"og:type\" content=\"article\" \/>\n<meta property=\"og:title\" content=\"Journ\u00e9e internationale de la Radio : Elles sont confront\u00e9es \u00e0 d\u2019\u00e9normes difficult\u00e9s selon Boubacar Yacine Diallo (Entretien) | Guin\u00e9e Diversit\u00e9\" \/>\n<meta property=\"og:description\" content=\"L\u2019humanit\u00e9 a c\u00e9l\u00e9br\u00e9 ce mercredi 13 f\u00e9vrier 2019 la journ\u00e9e mondiale de la radio. Cette ann\u00e9e, l\u2019UNESCO a plac\u00e9 l\u2019\u00e9v\u00e8nement sous le th\u00e8me \u00ab dialogue, tol\u00e9rance et paix \u00bb. Pour comprendre l\u2019historique de cette journ\u00e9e, notre r\u00e9daction a rencontr\u00e9 Boubacar Yacine Diallo, ancien ministre de l\u2019Information, ancien pr\u00e9sident du Conseil National de la communication et [&hellip;]\" \/>\n<meta property=\"og:url\" content=\"https:\/\/guineediversite.com\/index.php\/2019\/02\/14\/journee-internationale-de-la-radio-elles-sont-confrontees-a-denormes-difficultes-selon-boubacar-yacine-diallo-entretien\/\" \/>\n<meta property=\"og:site_name\" content=\"Guin\u00e9e Diversit\u00e9\" \/>\n<meta property=\"article:publisher\" content=\"https:\/\/www.facebook.com\/guineediversite\/\" \/>\n<meta property=\"article:published_time\" content=\"2019-02-14T11:55:20+00:00\" \/>\n<meta property=\"og:image\" content=\"https:\/\/guineediversite.com\/wp-content\/uploads\/2019\/02\/52100077_2526523807370009_4870271104372965376_n-1024x671.png\" \/>\n\t<meta property=\"og:image:width\" content=\"1024\" \/>\n\t<meta property=\"og:image:height\" content=\"671\" \/>\n\t<meta property=\"og:image:type\" content=\"image\/png\" \/>\n<meta name=\"author\" content=\"Moussa Mo\u00efse K\u00e9ita\" \/>\n<meta name=\"twitter:card\" content=\"summary_large_image\" \/>\n<meta name=\"twitter:creator\" content=\"@GuineeDiversite\" \/>\n<meta name=\"twitter:site\" content=\"@GuineeDiversite\" \/>\n<meta name=\"twitter:label1\" content=\"\u00c9crit par\" \/>\n\t<meta name=\"twitter:data1\" content=\"Moussa Mo\u00efse K\u00e9ita\" \/>\n\t<meta name=\"twitter:label2\" content=\"Dur\u00e9e de lecture estim\u00e9e\" \/>\n\t<meta name=\"twitter:data2\" content=\"4 minutes\" \/>\n<script type=\"application\/ld+json\" class=\"yoast-schema-graph\">{\"@context\":\"https:\/\/schema.org\",\"@graph\":[{\"@type\":\"Article\",\"@id\":\"https:\/\/guineediversite.com\/index.php\/2019\/02\/14\/journee-internationale-de-la-radio-elles-sont-confrontees-a-denormes-difficultes-selon-boubacar-yacine-diallo-entretien\/#article\",\"isPartOf\":{\"@id\":\"https:\/\/guineediversite.com\/index.php\/2019\/02\/14\/journee-internationale-de-la-radio-elles-sont-confrontees-a-denormes-difficultes-selon-boubacar-yacine-diallo-entretien\/\"},\"author\":{\"name\":\"Moussa Mo\u00efse K\u00e9ita\",\"@id\":\"https:\/\/guineediversite.com\/#\/schema\/person\/079ec347f72d2acde4b56a50a4fd46dc\"},\"headline\":\"Journ\u00e9e internationale de la Radio : Elles sont confront\u00e9es \u00e0 d\u2019\u00e9normes difficult\u00e9s selon Boubacar Yacine Diallo (Entretien)\",\"datePublished\":\"2019-02-14T11:55:20+00:00\",\"dateModified\":\"2019-02-14T11:55:20+00:00\",\"mainEntityOfPage\":{\"@id\":\"https:\/\/guineediversite.com\/index.php\/2019\/02\/14\/journee-internationale-de-la-radio-elles-sont-confrontees-a-denormes-difficultes-selon-boubacar-yacine-diallo-entretien\/\"},\"wordCount\":782,\"publisher\":{\"@id\":\"https:\/\/guineediversite.com\/#organization\"},\"image\":{\"@id\":\"https:\/\/guineediversite.com\/index.php\/2019\/02\/14\/journee-internationale-de-la-radio-elles-sont-confrontees-a-denormes-difficultes-selon-boubacar-yacine-diallo-entretien\/#primaryimage\"},\"thumbnailUrl\":\"https:\/\/guineediversite.com\/wp-content\/uploads\/2019\/02\/52100077_2526523807370009_4870271104372965376_n.png\",\"articleSection\":[\"Soci\u00e9t\u00e9\"],\"inLanguage\":\"fr-FR\"},{\"@type\":\"WebPage\",\"@id\":\"https:\/\/guineediversite.com\/index.php\/2019\/02\/14\/journee-internationale-de-la-radio-elles-sont-confrontees-a-denormes-difficultes-selon-boubacar-yacine-diallo-entretien\/\",\"url\":\"https:\/\/guineediversite.com\/index.php\/2019\/02\/14\/journee-internationale-de-la-radio-elles-sont-confrontees-a-denormes-difficultes-selon-boubacar-yacine-diallo-entretien\/\",\"name\":\"Journ\u00e9e internationale de la Radio : Elles sont confront\u00e9es \u00e0 d\u2019\u00e9normes difficult\u00e9s selon Boubacar Yacine Diallo (Entretien) | Guin\u00e9e Diversit\u00e9\",\"isPartOf\":{\"@id\":\"https:\/\/guineediversite.com\/#website\"},\"primaryImageOfPage\":{\"@id\":\"https:\/\/guineediversite.com\/index.php\/2019\/02\/14\/journee-internationale-de-la-radio-elles-sont-confrontees-a-denormes-difficultes-selon-boubacar-yacine-diallo-entretien\/#primaryimage\"},\"image\":{\"@id\":\"https:\/\/guineediversite.com\/index.php\/2019\/02\/14\/journee-internationale-de-la-radio-elles-sont-confrontees-a-denormes-difficultes-selon-boubacar-yacine-diallo-entretien\/#primaryimage\"},\"thumbnailUrl\":\"https:\/\/guineediversite.com\/wp-content\/uploads\/2019\/02\/52100077_2526523807370009_4870271104372965376_n.png\",\"datePublished\":\"2019-02-14T11:55:20+00:00\",\"dateModified\":\"2019-02-14T11:55:20+00:00\",\"breadcrumb\":{\"@id\":\"https:\/\/guineediversite.com\/index.php\/2019\/02\/14\/journee-internationale-de-la-radio-elles-sont-confrontees-a-denormes-difficultes-selon-boubacar-yacine-diallo-entretien\/#breadcrumb\"},\"inLanguage\":\"fr-FR\",\"potentialAction\":[{\"@type\":\"ReadAction\",\"target\":[\"https:\/\/guineediversite.com\/index.php\/2019\/02\/14\/journee-internationale-de-la-radio-elles-sont-confrontees-a-denormes-difficultes-selon-boubacar-yacine-diallo-entretien\/\"]}]},{\"@type\":\"ImageObject\",\"inLanguage\":\"fr-FR\",\"@id\":\"https:\/\/guineediversite.com\/index.php\/2019\/02\/14\/journee-internationale-de-la-radio-elles-sont-confrontees-a-denormes-difficultes-selon-boubacar-yacine-diallo-entretien\/#primaryimage\",\"url\":\"https:\/\/guineediversite.com\/wp-content\/uploads\/2019\/02\/52100077_2526523807370009_4870271104372965376_n.png\",\"contentUrl\":\"https:\/\/guineediversite.com\/wp-content\/uploads\/2019\/02\/52100077_2526523807370009_4870271104372965376_n.png\",\"width\":1563,\"height\":1024},{\"@type\":\"BreadcrumbList\",\"@id\":\"https:\/\/guineediversite.com\/index.php\/2019\/02\/14\/journee-internationale-de-la-radio-elles-sont-confrontees-a-denormes-difficultes-selon-boubacar-yacine-diallo-entretien\/#breadcrumb\",\"itemListElement\":[{\"@type\":\"ListItem\",\"position\":1,\"name\":\"Accueil\",\"item\":\"https:\/\/guineediversite.com\/\"},{\"@type\":\"ListItem\",\"position\":2,\"name\":\"Journ\u00e9e internationale de la Radio : Elles sont confront\u00e9es \u00e0 d\u2019\u00e9normes difficult\u00e9s selon Boubacar Yacine Diallo (Entretien)\"}]},{\"@type\":\"WebSite\",\"@id\":\"https:\/\/guineediversite.com\/#website\",\"url\":\"https:\/\/guineediversite.com\/\",\"name\":\"Guin\u00e9e Diversit\u00e9\",\"description\":\"L&#039;Info dans toute sa diversit\u00e9\",\"publisher\":{\"@id\":\"https:\/\/guineediversite.com\/#organization\"},\"potentialAction\":[{\"@type\":\"SearchAction\",\"target\":{\"@type\":\"EntryPoint\",\"urlTemplate\":\"https:\/\/guineediversite.com\/?s={search_term_string}\"},\"query-input\":{\"@type\":\"PropertyValueSpecification\",\"valueRequired\":true,\"valueName\":\"search_term_string\"}}],\"inLanguage\":\"fr-FR\"},{\"@type\":\"Organization\",\"@id\":\"https:\/\/guineediversite.com\/#organization\",\"name\":\"Guin\u00e9e Diversit\u00e9\",\"url\":\"https:\/\/guineediversite.com\/\",\"logo\":{\"@type\":\"ImageObject\",\"inLanguage\":\"fr-FR\",\"@id\":\"https:\/\/guineediversite.com\/#\/schema\/logo\/image\/\",\"url\":\"https:\/\/guineediversite.com\/wp-content\/uploads\/2017\/04\/cropped-1jojlxEOMkX9Wyqfhe43D6kjPOGqBBKmx3EwWJqZ0cMrFF54yM49.png\",\"contentUrl\":\"https:\/\/guineediversite.com\/wp-content\/uploads\/2017\/04\/cropped-1jojlxEOMkX9Wyqfhe43D6kjPOGqBBKmx3EwWJqZ0cMrFF54yM49.png\",\"width\":186,\"height\":112,\"caption\":\"Guin\u00e9e Diversit\u00e9\"},\"image\":{\"@id\":\"https:\/\/guineediversite.com\/#\/schema\/logo\/image\/\"},\"sameAs\":[\"https:\/\/www.facebook.com\/guineediversite\/\",\"https:\/\/x.com\/GuineeDiversite\",\"https:\/\/www.youtube.com\/channel\/UC8sUY16qelG5ge6_D5SB83g\"]},{\"@type\":\"Person\",\"@id\":\"https:\/\/guineediversite.com\/#\/schema\/person\/079ec347f72d2acde4b56a50a4fd46dc\",\"name\":\"Moussa Mo\u00efse K\u00e9ita\",\"image\":{\"@type\":\"ImageObject\",\"inLanguage\":\"fr-FR\",\"@id\":\"https:\/\/guineediversite.com\/#\/schema\/person\/image\/\",\"url\":\"https:\/\/secure.gravatar.com\/avatar\/edf1ea2cc01841e6c0b49384bcb1385b?s=96&d=mm&r=g\",\"contentUrl\":\"https:\/\/secure.gravatar.com\/avatar\/edf1ea2cc01841e6c0b49384bcb1385b?s=96&d=mm&r=g\",\"caption\":\"Moussa Mo\u00efse K\u00e9ita\"},\"url\":\"https:\/\/guineediversite.com\/index.php\/author\/moussa-moise\/\"}]}<\/script>\n<!-- \/ Yoast SEO plugin. -->","yoast_head_json":{"title":"Journ\u00e9e internationale de la Radio : Elles sont confront\u00e9es \u00e0 d\u2019\u00e9normes difficult\u00e9s selon Boubacar Yacine Diallo (Entretien) | Guin\u00e9e Diversit\u00e9","robots":{"index":"index","follow":"follow","max-snippet":"max-snippet:-1","max-image-preview":"max-image-preview:large","max-video-preview":"max-video-preview:-1"},"canonical":"https:\/\/guineediversite.com\/index.php\/2019\/02\/14\/journee-internationale-de-la-radio-elles-sont-confrontees-a-denormes-difficultes-selon-boubacar-yacine-diallo-entretien\/","og_locale":"fr_FR","og_type":"article","og_title":"Journ\u00e9e internationale de la Radio : Elles sont confront\u00e9es \u00e0 d\u2019\u00e9normes difficult\u00e9s selon Boubacar Yacine Diallo (Entretien) | Guin\u00e9e Diversit\u00e9","og_description":"L\u2019humanit\u00e9 a c\u00e9l\u00e9br\u00e9 ce mercredi 13 f\u00e9vrier 2019 la journ\u00e9e mondiale de la radio. Cette ann\u00e9e, l\u2019UNESCO a plac\u00e9 l\u2019\u00e9v\u00e8nement sous le th\u00e8me \u00ab dialogue, tol\u00e9rance et paix \u00bb. Pour comprendre l\u2019historique de cette journ\u00e9e, notre r\u00e9daction a rencontr\u00e9 Boubacar Yacine Diallo, ancien ministre de l\u2019Information, ancien pr\u00e9sident du Conseil National de la communication et [&hellip;]","og_url":"https:\/\/guineediversite.com\/index.php\/2019\/02\/14\/journee-internationale-de-la-radio-elles-sont-confrontees-a-denormes-difficultes-selon-boubacar-yacine-diallo-entretien\/","og_site_name":"Guin\u00e9e Diversit\u00e9","article_publisher":"https:\/\/www.facebook.com\/guineediversite\/","article_published_time":"2019-02-14T11:55:20+00:00","og_image":[{"width":1024,"height":671,"url":"https:\/\/guineediversite.com\/wp-content\/uploads\/2019\/02\/52100077_2526523807370009_4870271104372965376_n-1024x671.png","type":"image\/png"}],"author":"Moussa Mo\u00efse K\u00e9ita","twitter_card":"summary_large_image","twitter_creator":"@GuineeDiversite","twitter_site":"@GuineeDiversite","twitter_misc":{"\u00c9crit par":"Moussa Mo\u00efse K\u00e9ita","Dur\u00e9e de lecture estim\u00e9e":"4 minutes"},"schema":{"@context":"https:\/\/schema.org","@graph":[{"@type":"Article","@id":"https:\/\/guineediversite.com\/index.php\/2019\/02\/14\/journee-internationale-de-la-radio-elles-sont-confrontees-a-denormes-difficultes-selon-boubacar-yacine-diallo-entretien\/#article","isPartOf":{"@id":"https:\/\/guineediversite.com\/index.php\/2019\/02\/14\/journee-internationale-de-la-radio-elles-sont-confrontees-a-denormes-difficultes-selon-boubacar-yacine-diallo-entretien\/"},"author":{"name":"Moussa Mo\u00efse K\u00e9ita","@id":"https:\/\/guineediversite.com\/#\/schema\/person\/079ec347f72d2acde4b56a50a4fd46dc"},"headline":"Journ\u00e9e internationale de la Radio : Elles sont confront\u00e9es \u00e0 d\u2019\u00e9normes difficult\u00e9s selon Boubacar Yacine Diallo (Entretien)","datePublished":"2019-02-14T11:55:20+00:00","dateModified":"2019-02-14T11:55:20+00:00","mainEntityOfPage":{"@id":"https:\/\/guineediversite.com\/index.php\/2019\/02\/14\/journee-internationale-de-la-radio-elles-sont-confrontees-a-denormes-difficultes-selon-boubacar-yacine-diallo-entretien\/"},"wordCount":782,"publisher":{"@id":"https:\/\/guineediversite.com\/#organization"},"image":{"@id":"https:\/\/guineediversite.com\/index.php\/2019\/02\/14\/journee-internationale-de-la-radio-elles-sont-confrontees-a-denormes-difficultes-selon-boubacar-yacine-diallo-entretien\/#primaryimage"},"thumbnailUrl":"https:\/\/guineediversite.com\/wp-content\/uploads\/2019\/02\/52100077_2526523807370009_4870271104372965376_n.png","articleSection":["Soci\u00e9t\u00e9"],"inLanguage":"fr-FR"},{"@type":"WebPage","@id":"https:\/\/guineediversite.com\/index.php\/2019\/02\/14\/journee-internationale-de-la-radio-elles-sont-confrontees-a-denormes-difficultes-selon-boubacar-yacine-diallo-entretien\/","url":"https:\/\/guineediversite.com\/index.php\/2019\/02\/14\/journee-internationale-de-la-radio-elles-sont-confrontees-a-denormes-difficultes-selon-boubacar-yacine-diallo-entretien\/","name":"Journ\u00e9e internationale de la Radio : Elles sont confront\u00e9es \u00e0 d\u2019\u00e9normes difficult\u00e9s selon Boubacar Yacine Diallo (Entretien) | Guin\u00e9e Diversit\u00e9","isPartOf":{"@id":"https:\/\/guineediversite.com\/#website"},"primaryImageOfPage":{"@id":"https:\/\/guineediversite.com\/index.php\/2019\/02\/14\/journee-internationale-de-la-radio-elles-sont-confrontees-a-denormes-difficultes-selon-boubacar-yacine-diallo-entretien\/#primaryimage"},"image":{"@id":"https:\/\/guineediversite.com\/index.php\/2019\/02\/14\/journee-internationale-de-la-radio-elles-sont-confrontees-a-denormes-difficultes-selon-boubacar-yacine-diallo-entretien\/#primaryimage"},"thumbnailUrl":"https:\/\/guineediversite.com\/wp-content\/uploads\/2019\/02\/52100077_2526523807370009_4870271104372965376_n.png","datePublished":"2019-02-14T11:55:20+00:00","dateModified":"2019-02-14T11:55:20+00:00","breadcrumb":{"@id":"https:\/\/guineediversite.com\/index.php\/2019\/02\/14\/journee-internationale-de-la-radio-elles-sont-confrontees-a-denormes-difficultes-selon-boubacar-yacine-diallo-entretien\/#breadcrumb"},"inLanguage":"fr-FR","potentialAction":[{"@type":"ReadAction","target":["https:\/\/guineediversite.com\/index.php\/2019\/02\/14\/journee-internationale-de-la-radio-elles-sont-confrontees-a-denormes-difficultes-selon-boubacar-yacine-diallo-entretien\/"]}]},{"@type":"ImageObject","inLanguage":"fr-FR","@id":"https:\/\/guineediversite.com\/index.php\/2019\/02\/14\/journee-internationale-de-la-radio-elles-sont-confrontees-a-denormes-difficultes-selon-boubacar-yacine-diallo-entretien\/#primaryimage","url":"https:\/\/guineediversite.com\/wp-content\/uploads\/2019\/02\/52100077_2526523807370009_4870271104372965376_n.png","contentUrl":"https:\/\/guineediversite.com\/wp-content\/uploads\/2019\/02\/52100077_2526523807370009_4870271104372965376_n.png","width":1563,"height":1024},{"@type":"BreadcrumbList","@id":"https:\/\/guineediversite.com\/index.php\/2019\/02\/14\/journee-internationale-de-la-radio-elles-sont-confrontees-a-denormes-difficultes-selon-boubacar-yacine-diallo-entretien\/#breadcrumb","itemListElement":[{"@type":"ListItem","position":1,"name":"Accueil","item":"https:\/\/guineediversite.com\/"},{"@type":"ListItem","position":2,"name":"Journ\u00e9e internationale de la Radio : Elles sont confront\u00e9es \u00e0 d\u2019\u00e9normes difficult\u00e9s selon Boubacar Yacine Diallo (Entretien)"}]},{"@type":"WebSite","@id":"https:\/\/guineediversite.com\/#website","url":"https:\/\/guineediversite.com\/","name":"Guin\u00e9e Diversit\u00e9","description":"L&#039;Info dans toute sa diversit\u00e9","publisher":{"@id":"https:\/\/guineediversite.com\/#organization"},"potentialAction":[{"@type":"SearchAction","target":{"@type":"EntryPoint","urlTemplate":"https:\/\/guineediversite.com\/?s={search_term_string}"},"query-input":{"@type":"PropertyValueSpecification","valueRequired":true,"valueName":"search_term_string"}}],"inLanguage":"fr-FR"},{"@type":"Organization","@id":"https:\/\/guineediversite.com\/#organization","name":"Guin\u00e9e Diversit\u00e9","url":"https:\/\/guineediversite.com\/","logo":{"@type":"ImageObject","inLanguage":"fr-FR","@id":"https:\/\/guineediversite.com\/#\/schema\/logo\/image\/","url":"https:\/\/guineediversite.com\/wp-content\/uploads\/2017\/04\/cropped-1jojlxEOMkX9Wyqfhe43D6kjPOGqBBKmx3EwWJqZ0cMrFF54yM49.png","contentUrl":"https:\/\/guineediversite.com\/wp-content\/uploads\/2017\/04\/cropped-1jojlxEOMkX9Wyqfhe43D6kjPOGqBBKmx3EwWJqZ0cMrFF54yM49.png","width":186,"height":112,"caption":"Guin\u00e9e Diversit\u00e9"},"image":{"@id":"https:\/\/guineediversite.com\/#\/schema\/logo\/image\/"},"sameAs":["https:\/\/www.facebook.com\/guineediversite\/","https:\/\/x.com\/GuineeDiversite","https:\/\/www.youtube.com\/channel\/UC8sUY16qelG5ge6_D5SB83g"]},{"@type":"Person","@id":"https:\/\/guineediversite.com\/#\/schema\/person\/079ec347f72d2acde4b56a50a4fd46dc","name":"Moussa Mo\u00efse K\u00e9ita","image":{"@type":"ImageObject","inLanguage":"fr-FR","@id":"https:\/\/guineediversite.com\/#\/schema\/person\/image\/","url":"https:\/\/secure.gravatar.com\/avatar\/edf1ea2cc01841e6c0b49384bcb1385b?s=96&d=mm&r=g","contentUrl":"https:\/\/secure.gravatar.com\/avatar\/edf1ea2cc01841e6c0b49384bcb1385b?s=96&d=mm&r=g","caption":"Moussa Mo\u00efse K\u00e9ita"},"url":"https:\/\/guineediversite.com\/index.php\/author\/moussa-moise\/"}]}},"_links":{"self":[{"href":"https:\/\/guineediversite.com\/index.php\/wp-json\/wp\/v2\/posts\/27959"}],"collection":[{"href":"https:\/\/guineediversite.com\/index.php\/wp-json\/wp\/v2\/posts"}],"about":[{"href":"https:\/\/guineediversite.com\/index.php\/wp-json\/wp\/v2\/types\/post"}],"author":[{"embeddable":true,"href":"https:\/\/guineediversite.com\/index.php\/wp-json\/wp\/v2\/users\/16"}],"replies":[{"embeddable":true,"href":"https:\/\/guineediversite.com\/index.php\/wp-json\/wp\/v2\/comments?post=27959"}],"version-history":[{"count":0,"href":"https:\/\/guineediversite.com\/index.php\/wp-json\/wp\/v2\/posts\/27959\/revisions"}],"wp:featuredmedia":[{"embeddable":true,"href":"https:\/\/guineediversite.com\/index.php\/wp-json\/wp\/v2\/media\/27960"}],"wp:attachment":[{"href":"https:\/\/guineediversite.com\/index.php\/wp-json\/wp\/v2\/media?parent=27959"}],"wp:term":[{"taxonomy":"category","embeddable":true,"href":"https:\/\/guineediversite.com\/index.php\/wp-json\/wp\/v2\/categories?post=27959"},{"taxonomy":"post_tag","embeddable":true,"href":"https:\/\/guineediversite.com\/index.php\/wp-json\/wp\/v2\/tags?post=27959"}],"curies":[{"name":"wp","href":"https:\/\/api.w.org\/{rel}","templated":true}]}}