{"id":27950,"date":"2019-02-13T12:57:51","date_gmt":"2019-02-13T11:57:51","guid":{"rendered":"https:\/\/guineediversite.com\/?p=27950"},"modified":"2019-02-13T12:57:51","modified_gmt":"2019-02-13T11:57:51","slug":"la-journee-mondiale-de-la-radio-est-celebree-ce-13-fevrier","status":"publish","type":"post","link":"https:\/\/guineediversite.com\/index.php\/2019\/02\/13\/la-journee-mondiale-de-la-radio-est-celebree-ce-13-fevrier\/","title":{"rendered":"La journ\u00e9e mondiale de la radio est c\u00e9l\u00e9br\u00e9e ce 13 f\u00e9vrier"},"content":{"rendered":"<p>L\u2019humanit\u00e9 c\u00e9l\u00e8bre la journ\u00e9e mondiale de la Radio ce mercredi 13 f\u00e9vrier. Cette \u00a0journ\u00e9e \u00a0a \u00e9t\u00e9 d\u00e9clar\u00e9e par l\u2019Organisation des Nations Unis pour l\u2019\u00e9ducation, la science et la culture (UNESCO). La radio est un moyen d\u2019\u00e9duquer, mais aussi de fournir des informations et de promouvoir la libert\u00e9 d\u2019expression \u00e0 travers les cultures. Morcir\u00e9 Camara revient sur l\u2019origine de cette journ\u00e9e.<\/p>\n<p>C\u2019est en 2012 que la premi\u00e8re journ\u00e9e mondiale de la radio \u00a0a \u00e9t\u00e9 c\u00e9l\u00e9br\u00e9e, afin de mettre en relief la puissance de la radio comme plate-forme pour l\u2019\u00e9ducation et la libert\u00e9 d\u2019expression ainsi que son r\u00f4le vital dans la r\u00e9ponse aux crises et aux catastrophes. elle a \u00e9t\u00e9 initi\u00e9e par \u00a0l&rsquo;UNESCO .<\/p>\n<p>M\u00e9dia peu co\u00fbteux, n\u00e9cessitant la mise en \u0153uvre d&rsquo;une technologie relativement simple, la radio atteint des auditeurs \u00e9loign\u00e9s sur tous les points du territoire et des groupes nomades. Selon l\u2019union internationale des t\u00e9l\u00e9communications, plus de 75% des foyers des pays en d\u00e9veloppement poss\u00e8dent au moins un r\u00e9cepteur radio.<\/p>\n<p>M\u00eame si elle a plus de 100 ans, la radio est l\u2019un des moyens les plus populaires d\u2019\u00e9changer des informations, d\u2019offrir des \u00e9changes sociaux et d\u2019\u00e9duquer des gens partout dans le monde.<\/p>\n<p>Dans le monde m\u00e9diatique, des radios ont \u00e9t\u00e9 un vecteur de libert\u00e9 \u00a0parmi elle nous pouvons citer \u00a0quelques unes de celles qui sont rest\u00e9es dans l&rsquo;histoire :\u00a0<strong>Radio Londres<\/strong>\u00a0qui transmettait les messages \u00e0 la r\u00e9sistance fran\u00e7aise aux plus sombres heures de l&rsquo;occupation,\u00a0<strong>Radio Free Europe<\/strong> \u00a0qui permet aux populations situ\u00e9es derri\u00e8re le rideau de fer de recevoir une information diff\u00e9rente de celle transmise par les autorit\u00e9s,\u00a0<strong>Radio Caroline<\/strong>\u00a0qui \u00e9mettait depuis un bateau ou encore l&rsquo;\u00e9pop\u00e9e des\u00a0<strong>radios libres<\/strong>\u00a0de 1981.\u00a0 Mais aussi et surtout, la fin du monopole de la radio en Guin\u00e9e en 2006.<\/p>\n<p>&nbsp;<\/p>\n","protected":false},"excerpt":{"rendered":"<p>L\u2019humanit\u00e9 c\u00e9l\u00e8bre la journ\u00e9e mondiale de la Radio ce mercredi 13 f\u00e9vrier. Cette \u00a0journ\u00e9e \u00a0a \u00e9t\u00e9 d\u00e9clar\u00e9e par l\u2019Organisation des Nations Unis pour l\u2019\u00e9ducation, la science et la culture (UNESCO). La radio est un moyen d\u2019\u00e9duquer, mais aussi de fournir des informations et de promouvoir la libert\u00e9 d\u2019expression \u00e0 travers les cultures. Morcir\u00e9 Camara revient [&hellip;]<\/p>\n","protected":false},"author":10,"featured_media":27951,"comment_status":"closed","ping_status":"closed","sticky":false,"template":"","format":"standard","meta":{"_exactmetrics_skip_tracking":false,"_exactmetrics_sitenote_active":false,"_exactmetrics_sitenote_note":"","_exactmetrics_sitenote_category":0,"tdm_status":"","tdm_grid_status":"","footnotes":""},"categories":[16],"tags":[],"class_list":{"0":"post-27950","1":"post","2":"type-post","3":"status-publish","4":"format-standard","5":"has-post-thumbnail","7":"category-societe"},"yoast_head":"<!-- This site is optimized with the Yoast SEO plugin v24.2 - https:\/\/yoast.com\/wordpress\/plugins\/seo\/ -->\n<title>La journ\u00e9e mondiale de la radio est c\u00e9l\u00e9br\u00e9e ce 13 f\u00e9vrier | Guin\u00e9e Diversit\u00e9<\/title>\n<meta name=\"robots\" content=\"index, follow, max-snippet:-1, max-image-preview:large, max-video-preview:-1\" \/>\n<link rel=\"canonical\" href=\"https:\/\/guineediversite.com\/index.php\/2019\/02\/13\/la-journee-mondiale-de-la-radio-est-celebree-ce-13-fevrier\/\" \/>\n<meta property=\"og:locale\" content=\"fr_FR\" \/>\n<meta property=\"og:type\" content=\"article\" \/>\n<meta property=\"og:title\" content=\"La journ\u00e9e mondiale de la radio est c\u00e9l\u00e9br\u00e9e ce 13 f\u00e9vrier | Guin\u00e9e Diversit\u00e9\" \/>\n<meta property=\"og:description\" content=\"L\u2019humanit\u00e9 c\u00e9l\u00e8bre la journ\u00e9e mondiale de la Radio ce mercredi 13 f\u00e9vrier. Cette \u00a0journ\u00e9e \u00a0a \u00e9t\u00e9 d\u00e9clar\u00e9e par l\u2019Organisation des Nations Unis pour l\u2019\u00e9ducation, la science et la culture (UNESCO). La radio est un moyen d\u2019\u00e9duquer, mais aussi de fournir des informations et de promouvoir la libert\u00e9 d\u2019expression \u00e0 travers les cultures. Morcir\u00e9 Camara revient [&hellip;]\" \/>\n<meta property=\"og:url\" content=\"https:\/\/guineediversite.com\/index.php\/2019\/02\/13\/la-journee-mondiale-de-la-radio-est-celebree-ce-13-fevrier\/\" \/>\n<meta property=\"og:site_name\" content=\"Guin\u00e9e Diversit\u00e9\" \/>\n<meta property=\"article:publisher\" content=\"https:\/\/www.facebook.com\/guineediversite\/\" \/>\n<meta property=\"article:published_time\" content=\"2019-02-13T11:57:51+00:00\" \/>\n<meta property=\"og:image\" content=\"https:\/\/guineediversite.com\/wp-content\/uploads\/2019\/02\/th-4.jpg\" \/>\n\t<meta property=\"og:image:width\" content=\"1867\" \/>\n\t<meta property=\"og:image:height\" content=\"1024\" \/>\n\t<meta property=\"og:image:type\" content=\"image\/jpeg\" \/>\n<meta name=\"author\" content=\"Morcire Camara\" \/>\n<meta name=\"twitter:card\" content=\"summary_large_image\" \/>\n<meta name=\"twitter:creator\" content=\"@GuineeDiversite\" \/>\n<meta name=\"twitter:site\" content=\"@GuineeDiversite\" \/>\n<meta name=\"twitter:label1\" content=\"\u00c9crit par\" \/>\n\t<meta name=\"twitter:data1\" content=\"Morcire Camara\" \/>\n\t<meta name=\"twitter:label2\" content=\"Dur\u00e9e de lecture estim\u00e9e\" \/>\n\t<meta name=\"twitter:data2\" content=\"2 minutes\" \/>\n<script type=\"application\/ld+json\" class=\"yoast-schema-graph\">{\"@context\":\"https:\/\/schema.org\",\"@graph\":[{\"@type\":\"Article\",\"@id\":\"https:\/\/guineediversite.com\/index.php\/2019\/02\/13\/la-journee-mondiale-de-la-radio-est-celebree-ce-13-fevrier\/#article\",\"isPartOf\":{\"@id\":\"https:\/\/guineediversite.com\/index.php\/2019\/02\/13\/la-journee-mondiale-de-la-radio-est-celebree-ce-13-fevrier\/\"},\"author\":{\"name\":\"Morcire Camara\",\"@id\":\"https:\/\/guineediversite.com\/#\/schema\/person\/fa362494c47202ce4b3adf55abcc9d01\"},\"headline\":\"La journ\u00e9e mondiale de la radio est c\u00e9l\u00e9br\u00e9e ce 13 f\u00e9vrier\",\"datePublished\":\"2019-02-13T11:57:51+00:00\",\"dateModified\":\"2019-02-13T11:57:51+00:00\",\"mainEntityOfPage\":{\"@id\":\"https:\/\/guineediversite.com\/index.php\/2019\/02\/13\/la-journee-mondiale-de-la-radio-est-celebree-ce-13-fevrier\/\"},\"wordCount\":350,\"publisher\":{\"@id\":\"https:\/\/guineediversite.com\/#organization\"},\"image\":{\"@id\":\"https:\/\/guineediversite.com\/index.php\/2019\/02\/13\/la-journee-mondiale-de-la-radio-est-celebree-ce-13-fevrier\/#primaryimage\"},\"thumbnailUrl\":\"https:\/\/guineediversite.com\/wp-content\/uploads\/2019\/02\/th-4.jpg\",\"articleSection\":[\"Soci\u00e9t\u00e9\"],\"inLanguage\":\"fr-FR\"},{\"@type\":\"WebPage\",\"@id\":\"https:\/\/guineediversite.com\/index.php\/2019\/02\/13\/la-journee-mondiale-de-la-radio-est-celebree-ce-13-fevrier\/\",\"url\":\"https:\/\/guineediversite.com\/index.php\/2019\/02\/13\/la-journee-mondiale-de-la-radio-est-celebree-ce-13-fevrier\/\",\"name\":\"La journ\u00e9e mondiale de la radio est c\u00e9l\u00e9br\u00e9e ce 13 f\u00e9vrier | Guin\u00e9e Diversit\u00e9\",\"isPartOf\":{\"@id\":\"https:\/\/guineediversite.com\/#website\"},\"primaryImageOfPage\":{\"@id\":\"https:\/\/guineediversite.com\/index.php\/2019\/02\/13\/la-journee-mondiale-de-la-radio-est-celebree-ce-13-fevrier\/#primaryimage\"},\"image\":{\"@id\":\"https:\/\/guineediversite.com\/index.php\/2019\/02\/13\/la-journee-mondiale-de-la-radio-est-celebree-ce-13-fevrier\/#primaryimage\"},\"thumbnailUrl\":\"https:\/\/guineediversite.com\/wp-content\/uploads\/2019\/02\/th-4.jpg\",\"datePublished\":\"2019-02-13T11:57:51+00:00\",\"dateModified\":\"2019-02-13T11:57:51+00:00\",\"breadcrumb\":{\"@id\":\"https:\/\/guineediversite.com\/index.php\/2019\/02\/13\/la-journee-mondiale-de-la-radio-est-celebree-ce-13-fevrier\/#breadcrumb\"},\"inLanguage\":\"fr-FR\",\"potentialAction\":[{\"@type\":\"ReadAction\",\"target\":[\"https:\/\/guineediversite.com\/index.php\/2019\/02\/13\/la-journee-mondiale-de-la-radio-est-celebree-ce-13-fevrier\/\"]}]},{\"@type\":\"ImageObject\",\"inLanguage\":\"fr-FR\",\"@id\":\"https:\/\/guineediversite.com\/index.php\/2019\/02\/13\/la-journee-mondiale-de-la-radio-est-celebree-ce-13-fevrier\/#primaryimage\",\"url\":\"https:\/\/guineediversite.com\/wp-content\/uploads\/2019\/02\/th-4.jpg\",\"contentUrl\":\"https:\/\/guineediversite.com\/wp-content\/uploads\/2019\/02\/th-4.jpg\",\"width\":1867,\"height\":1024},{\"@type\":\"BreadcrumbList\",\"@id\":\"https:\/\/guineediversite.com\/index.php\/2019\/02\/13\/la-journee-mondiale-de-la-radio-est-celebree-ce-13-fevrier\/#breadcrumb\",\"itemListElement\":[{\"@type\":\"ListItem\",\"position\":1,\"name\":\"Accueil\",\"item\":\"https:\/\/guineediversite.com\/\"},{\"@type\":\"ListItem\",\"position\":2,\"name\":\"La journ\u00e9e mondiale de la radio est c\u00e9l\u00e9br\u00e9e ce 13 f\u00e9vrier\"}]},{\"@type\":\"WebSite\",\"@id\":\"https:\/\/guineediversite.com\/#website\",\"url\":\"https:\/\/guineediversite.com\/\",\"name\":\"Guin\u00e9e Diversit\u00e9\",\"description\":\"L&#039;Info dans toute sa diversit\u00e9\",\"publisher\":{\"@id\":\"https:\/\/guineediversite.com\/#organization\"},\"potentialAction\":[{\"@type\":\"SearchAction\",\"target\":{\"@type\":\"EntryPoint\",\"urlTemplate\":\"https:\/\/guineediversite.com\/?s={search_term_string}\"},\"query-input\":{\"@type\":\"PropertyValueSpecification\",\"valueRequired\":true,\"valueName\":\"search_term_string\"}}],\"inLanguage\":\"fr-FR\"},{\"@type\":\"Organization\",\"@id\":\"https:\/\/guineediversite.com\/#organization\",\"name\":\"Guin\u00e9e Diversit\u00e9\",\"url\":\"https:\/\/guineediversite.com\/\",\"logo\":{\"@type\":\"ImageObject\",\"inLanguage\":\"fr-FR\",\"@id\":\"https:\/\/guineediversite.com\/#\/schema\/logo\/image\/\",\"url\":\"https:\/\/guineediversite.com\/wp-content\/uploads\/2017\/04\/cropped-1jojlxEOMkX9Wyqfhe43D6kjPOGqBBKmx3EwWJqZ0cMrFF54yM49.png\",\"contentUrl\":\"https:\/\/guineediversite.com\/wp-content\/uploads\/2017\/04\/cropped-1jojlxEOMkX9Wyqfhe43D6kjPOGqBBKmx3EwWJqZ0cMrFF54yM49.png\",\"width\":186,\"height\":112,\"caption\":\"Guin\u00e9e Diversit\u00e9\"},\"image\":{\"@id\":\"https:\/\/guineediversite.com\/#\/schema\/logo\/image\/\"},\"sameAs\":[\"https:\/\/www.facebook.com\/guineediversite\/\",\"https:\/\/x.com\/GuineeDiversite\",\"https:\/\/www.youtube.com\/channel\/UC8sUY16qelG5ge6_D5SB83g\"]},{\"@type\":\"Person\",\"@id\":\"https:\/\/guineediversite.com\/#\/schema\/person\/fa362494c47202ce4b3adf55abcc9d01\",\"name\":\"Morcire Camara\",\"image\":{\"@type\":\"ImageObject\",\"inLanguage\":\"fr-FR\",\"@id\":\"https:\/\/guineediversite.com\/#\/schema\/person\/image\/\",\"url\":\"https:\/\/secure.gravatar.com\/avatar\/3ec324f02295bbcebe03d99b39330ab4?s=96&d=mm&r=g\",\"contentUrl\":\"https:\/\/secure.gravatar.com\/avatar\/3ec324f02295bbcebe03d99b39330ab4?s=96&d=mm&r=g\",\"caption\":\"Morcire Camara\"},\"url\":\"https:\/\/guineediversite.com\/index.php\/author\/morcire\/\"}]}<\/script>\n<!-- \/ Yoast SEO plugin. -->","yoast_head_json":{"title":"La journ\u00e9e mondiale de la radio est c\u00e9l\u00e9br\u00e9e ce 13 f\u00e9vrier | Guin\u00e9e Diversit\u00e9","robots":{"index":"index","follow":"follow","max-snippet":"max-snippet:-1","max-image-preview":"max-image-preview:large","max-video-preview":"max-video-preview:-1"},"canonical":"https:\/\/guineediversite.com\/index.php\/2019\/02\/13\/la-journee-mondiale-de-la-radio-est-celebree-ce-13-fevrier\/","og_locale":"fr_FR","og_type":"article","og_title":"La journ\u00e9e mondiale de la radio est c\u00e9l\u00e9br\u00e9e ce 13 f\u00e9vrier | Guin\u00e9e Diversit\u00e9","og_description":"L\u2019humanit\u00e9 c\u00e9l\u00e8bre la journ\u00e9e mondiale de la Radio ce mercredi 13 f\u00e9vrier. Cette \u00a0journ\u00e9e \u00a0a \u00e9t\u00e9 d\u00e9clar\u00e9e par l\u2019Organisation des Nations Unis pour l\u2019\u00e9ducation, la science et la culture (UNESCO). La radio est un moyen d\u2019\u00e9duquer, mais aussi de fournir des informations et de promouvoir la libert\u00e9 d\u2019expression \u00e0 travers les cultures. Morcir\u00e9 Camara revient [&hellip;]","og_url":"https:\/\/guineediversite.com\/index.php\/2019\/02\/13\/la-journee-mondiale-de-la-radio-est-celebree-ce-13-fevrier\/","og_site_name":"Guin\u00e9e Diversit\u00e9","article_publisher":"https:\/\/www.facebook.com\/guineediversite\/","article_published_time":"2019-02-13T11:57:51+00:00","og_image":[{"width":1867,"height":1024,"url":"https:\/\/guineediversite.com\/wp-content\/uploads\/2019\/02\/th-4.jpg","type":"image\/jpeg"}],"author":"Morcire Camara","twitter_card":"summary_large_image","twitter_creator":"@GuineeDiversite","twitter_site":"@GuineeDiversite","twitter_misc":{"\u00c9crit par":"Morcire Camara","Dur\u00e9e de lecture estim\u00e9e":"2 minutes"},"schema":{"@context":"https:\/\/schema.org","@graph":[{"@type":"Article","@id":"https:\/\/guineediversite.com\/index.php\/2019\/02\/13\/la-journee-mondiale-de-la-radio-est-celebree-ce-13-fevrier\/#article","isPartOf":{"@id":"https:\/\/guineediversite.com\/index.php\/2019\/02\/13\/la-journee-mondiale-de-la-radio-est-celebree-ce-13-fevrier\/"},"author":{"name":"Morcire Camara","@id":"https:\/\/guineediversite.com\/#\/schema\/person\/fa362494c47202ce4b3adf55abcc9d01"},"headline":"La journ\u00e9e mondiale de la radio est c\u00e9l\u00e9br\u00e9e ce 13 f\u00e9vrier","datePublished":"2019-02-13T11:57:51+00:00","dateModified":"2019-02-13T11:57:51+00:00","mainEntityOfPage":{"@id":"https:\/\/guineediversite.com\/index.php\/2019\/02\/13\/la-journee-mondiale-de-la-radio-est-celebree-ce-13-fevrier\/"},"wordCount":350,"publisher":{"@id":"https:\/\/guineediversite.com\/#organization"},"image":{"@id":"https:\/\/guineediversite.com\/index.php\/2019\/02\/13\/la-journee-mondiale-de-la-radio-est-celebree-ce-13-fevrier\/#primaryimage"},"thumbnailUrl":"https:\/\/guineediversite.com\/wp-content\/uploads\/2019\/02\/th-4.jpg","articleSection":["Soci\u00e9t\u00e9"],"inLanguage":"fr-FR"},{"@type":"WebPage","@id":"https:\/\/guineediversite.com\/index.php\/2019\/02\/13\/la-journee-mondiale-de-la-radio-est-celebree-ce-13-fevrier\/","url":"https:\/\/guineediversite.com\/index.php\/2019\/02\/13\/la-journee-mondiale-de-la-radio-est-celebree-ce-13-fevrier\/","name":"La journ\u00e9e mondiale de la radio est c\u00e9l\u00e9br\u00e9e ce 13 f\u00e9vrier | Guin\u00e9e Diversit\u00e9","isPartOf":{"@id":"https:\/\/guineediversite.com\/#website"},"primaryImageOfPage":{"@id":"https:\/\/guineediversite.com\/index.php\/2019\/02\/13\/la-journee-mondiale-de-la-radio-est-celebree-ce-13-fevrier\/#primaryimage"},"image":{"@id":"https:\/\/guineediversite.com\/index.php\/2019\/02\/13\/la-journee-mondiale-de-la-radio-est-celebree-ce-13-fevrier\/#primaryimage"},"thumbnailUrl":"https:\/\/guineediversite.com\/wp-content\/uploads\/2019\/02\/th-4.jpg","datePublished":"2019-02-13T11:57:51+00:00","dateModified":"2019-02-13T11:57:51+00:00","breadcrumb":{"@id":"https:\/\/guineediversite.com\/index.php\/2019\/02\/13\/la-journee-mondiale-de-la-radio-est-celebree-ce-13-fevrier\/#breadcrumb"},"inLanguage":"fr-FR","potentialAction":[{"@type":"ReadAction","target":["https:\/\/guineediversite.com\/index.php\/2019\/02\/13\/la-journee-mondiale-de-la-radio-est-celebree-ce-13-fevrier\/"]}]},{"@type":"ImageObject","inLanguage":"fr-FR","@id":"https:\/\/guineediversite.com\/index.php\/2019\/02\/13\/la-journee-mondiale-de-la-radio-est-celebree-ce-13-fevrier\/#primaryimage","url":"https:\/\/guineediversite.com\/wp-content\/uploads\/2019\/02\/th-4.jpg","contentUrl":"https:\/\/guineediversite.com\/wp-content\/uploads\/2019\/02\/th-4.jpg","width":1867,"height":1024},{"@type":"BreadcrumbList","@id":"https:\/\/guineediversite.com\/index.php\/2019\/02\/13\/la-journee-mondiale-de-la-radio-est-celebree-ce-13-fevrier\/#breadcrumb","itemListElement":[{"@type":"ListItem","position":1,"name":"Accueil","item":"https:\/\/guineediversite.com\/"},{"@type":"ListItem","position":2,"name":"La journ\u00e9e mondiale de la radio est c\u00e9l\u00e9br\u00e9e ce 13 f\u00e9vrier"}]},{"@type":"WebSite","@id":"https:\/\/guineediversite.com\/#website","url":"https:\/\/guineediversite.com\/","name":"Guin\u00e9e Diversit\u00e9","description":"L&#039;Info dans toute sa diversit\u00e9","publisher":{"@id":"https:\/\/guineediversite.com\/#organization"},"potentialAction":[{"@type":"SearchAction","target":{"@type":"EntryPoint","urlTemplate":"https:\/\/guineediversite.com\/?s={search_term_string}"},"query-input":{"@type":"PropertyValueSpecification","valueRequired":true,"valueName":"search_term_string"}}],"inLanguage":"fr-FR"},{"@type":"Organization","@id":"https:\/\/guineediversite.com\/#organization","name":"Guin\u00e9e Diversit\u00e9","url":"https:\/\/guineediversite.com\/","logo":{"@type":"ImageObject","inLanguage":"fr-FR","@id":"https:\/\/guineediversite.com\/#\/schema\/logo\/image\/","url":"https:\/\/guineediversite.com\/wp-content\/uploads\/2017\/04\/cropped-1jojlxEOMkX9Wyqfhe43D6kjPOGqBBKmx3EwWJqZ0cMrFF54yM49.png","contentUrl":"https:\/\/guineediversite.com\/wp-content\/uploads\/2017\/04\/cropped-1jojlxEOMkX9Wyqfhe43D6kjPOGqBBKmx3EwWJqZ0cMrFF54yM49.png","width":186,"height":112,"caption":"Guin\u00e9e Diversit\u00e9"},"image":{"@id":"https:\/\/guineediversite.com\/#\/schema\/logo\/image\/"},"sameAs":["https:\/\/www.facebook.com\/guineediversite\/","https:\/\/x.com\/GuineeDiversite","https:\/\/www.youtube.com\/channel\/UC8sUY16qelG5ge6_D5SB83g"]},{"@type":"Person","@id":"https:\/\/guineediversite.com\/#\/schema\/person\/fa362494c47202ce4b3adf55abcc9d01","name":"Morcire Camara","image":{"@type":"ImageObject","inLanguage":"fr-FR","@id":"https:\/\/guineediversite.com\/#\/schema\/person\/image\/","url":"https:\/\/secure.gravatar.com\/avatar\/3ec324f02295bbcebe03d99b39330ab4?s=96&d=mm&r=g","contentUrl":"https:\/\/secure.gravatar.com\/avatar\/3ec324f02295bbcebe03d99b39330ab4?s=96&d=mm&r=g","caption":"Morcire Camara"},"url":"https:\/\/guineediversite.com\/index.php\/author\/morcire\/"}]}},"_links":{"self":[{"href":"https:\/\/guineediversite.com\/index.php\/wp-json\/wp\/v2\/posts\/27950"}],"collection":[{"href":"https:\/\/guineediversite.com\/index.php\/wp-json\/wp\/v2\/posts"}],"about":[{"href":"https:\/\/guineediversite.com\/index.php\/wp-json\/wp\/v2\/types\/post"}],"author":[{"embeddable":true,"href":"https:\/\/guineediversite.com\/index.php\/wp-json\/wp\/v2\/users\/10"}],"replies":[{"embeddable":true,"href":"https:\/\/guineediversite.com\/index.php\/wp-json\/wp\/v2\/comments?post=27950"}],"version-history":[{"count":0,"href":"https:\/\/guineediversite.com\/index.php\/wp-json\/wp\/v2\/posts\/27950\/revisions"}],"wp:featuredmedia":[{"embeddable":true,"href":"https:\/\/guineediversite.com\/index.php\/wp-json\/wp\/v2\/media\/27951"}],"wp:attachment":[{"href":"https:\/\/guineediversite.com\/index.php\/wp-json\/wp\/v2\/media?parent=27950"}],"wp:term":[{"taxonomy":"category","embeddable":true,"href":"https:\/\/guineediversite.com\/index.php\/wp-json\/wp\/v2\/categories?post=27950"},{"taxonomy":"post_tag","embeddable":true,"href":"https:\/\/guineediversite.com\/index.php\/wp-json\/wp\/v2\/tags?post=27950"}],"curies":[{"name":"wp","href":"https:\/\/api.w.org\/{rel}","templated":true}]}}