{"id":27947,"date":"2019-02-13T10:58:26","date_gmt":"2019-02-13T09:58:26","guid":{"rendered":"https:\/\/guineediversite.com\/?p=27947"},"modified":"2019-02-13T10:58:26","modified_gmt":"2019-02-13T09:58:26","slug":"presidentielle-au-senegal-le-gouvernement-va-assurer-la-securite-des-candidats","status":"publish","type":"post","link":"https:\/\/guineediversite.com\/index.php\/2019\/02\/13\/presidentielle-au-senegal-le-gouvernement-va-assurer-la-securite-des-candidats\/","title":{"rendered":"Pr\u00e9sidentielle au S\u00e9n\u00e9gal : le gouvernement va assurer la s\u00e9curit\u00e9 des candidats"},"content":{"rendered":"<p><strong>La gendarmerie s\u00e9n\u00e9galaise a arr\u00eat\u00e9 24 personnes, dont une vingtaine de partisans d&rsquo;Issa Sall, et saisi des armes apr\u00e8s les violences \u00e9lectorales qui ont jusqu&rsquo;\u00e0 pr\u00e9sent fait au moins deux morts.<\/strong><\/p>\n<p>Les heurts \u00e0 Tambacounda, \u00e0 420 km \u00e0 l\u2019est de Dakar, entre partisans du pr\u00e9sident Macky Sall et d\u2019Issa Sall, candidat du Parti de l\u2019unit\u00e9 et du rassemblement (PUR),\u00a0<a href=\"https:\/\/www.jeuneafrique.com\/mag\/716028\/politique\/dix-choses-a-savoir-sur-issa-sall-candidat-a-la-presidentielle-au-senegal\/\">proche de la mouvance religieuse<\/a>, ont fait au moins deux morts.<\/p>\n<p>Les victimes sont Ibrahima Diop,\u00a0<a href=\"https:\/\/www.jeuneafrique.com\/733625\/politique\/senegal-appels-au-calme-apres-un-mort-dans-la-campagne-presidentielle\/\">poignard\u00e9 par un membre pr\u00e9sum\u00e9 du PUR<\/a>, selon des sources officielles, ainsi qu\u2019un des jeunes motards qui ont ensuite tent\u00e9 d\u2019emp\u00eacher le convoi d\u2019Issa Sall de quitter la ville et a \u00e9t\u00e9 renvers\u00e9 par un v\u00e9hicule, ont rapport\u00e9 les envoy\u00e9s sp\u00e9ciaux des m\u00e9dias s\u00e9n\u00e9galais.<\/p>\n<p>Un troisi\u00e8me sympathisant de la coalition au pouvoir, Benno Bokk Yaakaar (BBY, \u00ab\u00a0Ensemble pour le m\u00eame espoir\u00a0\u00bb, en wolof) aurait succomb\u00e9 \u00e0 ses blessures, selon les m\u00e9dias, mais ce d\u00e9c\u00e8s n\u2019a pas \u00e9t\u00e9 confirm\u00e9 de source officielle.<\/p>\n<p><strong>Des armes saisies<\/strong><\/p>\n<p>\u00ab\u00a0Vingt-quatre personnes ont \u00e9t\u00e9 arr\u00eat\u00e9es par la gendarmerie\u00a0\u00bb, a d\u00e9clar\u00e9 mardi 12 f\u00e9vrier une source de s\u00e9curit\u00e9, jointe \u00e0 Tambacounda. Parmi les personnes arr\u00eat\u00e9es, une vingtaine sont des partisans d\u2019Issa Sall, a indiqu\u00e9 Moustapha Sarr, un responsable du PUR.<\/p>\n<p>Il s\u2019agit notamment de membres du service d\u2019ordre du candidat, a dit le procureur de Tambacounda, Demba Traor\u00e9, \u00e0 la radio Futurs M\u00e9dias (RFM, priv\u00e9e), en pr\u00e9cisant que des armes, dont des couteaux et des gourdins, avaient \u00e9t\u00e9 saisies par la gendarmerie sur des membres du PUR.<\/p>\n<p><strong>\u00a0<\/strong><a href=\"https:\/\/www.jeuneafrique.com\/mag\/732413\/politique\/presidentielle-au-senegal-les-grands-partis-sont-en-train-de-mourir\/\"><strong>Pr\u00e9sidentielle au S\u00e9n\u00e9gal : \u00ab Les grands partis sont en train de mourir \u00bb<\/strong><\/a><\/p>\n<p>\u00ab\u00a0Suite aux \u00e9v\u00e9nements tragiques \u00e0 Tomba, j\u2019ai suspendu ma campagne\u00a0\u00bb pour rentrer \u00e0 Dakar\u00a0, a annonc\u00e9 Issa Sall sur son compte Twitter<\/p>\n<p><a href=\"https:\/\/support.twitter.com\/articles\/20175256\">Informations sur les Publicit\u00e9s Twitter et confidentialit\u00e9<\/a><\/p>\n<p><strong>Protection polici\u00e8re<\/strong><\/p>\n<p>Le directoire de campagne d\u2019Issa Sall a d\u00e9nonc\u00e9 \u00ab\u00a0des sabotages\u00a0\u00bb de ses activit\u00e9s dans les jours pr\u00e9c\u00e9dant les violences, notamment le fait que son convoi ait \u00e9t\u00e9 bloqu\u00e9 par les forces de l\u2019ordre samedi \u00e0 Kolda (sud) pour laisser passer celui de Macky Sall.<\/p>\n<p>Apr\u00e8s ces violences, le ministre de l\u2019Int\u00e9rieur, Aly Ngouille Ndiaye, a annonc\u00e9 que d\u00e9sormais \u00ab\u00a0des \u00e9l\u00e9ments de la police nationale et de la gendarmerie nationale seraient mis au service de leur s\u00e9curit\u00e9 respective jusqu\u2019\u00e0 la fin des \u00e9lections\u00a0\u00bb. Les quatre concurrents du chef de l\u2019\u00c9tat affirment que lui seul b\u00e9n\u00e9ficie pour sa campagne d\u2019un dispositif policier et de gendarmerie complet.<\/p>\n<p><strong>Journalistes vis\u00e9s<\/strong><\/p>\n<p>Huit journalistes qui suivaient la campagne d\u2019Issa Sall ont \u00e9galement \u00e9t\u00e9 bless\u00e9s par des militants pr\u00e9sum\u00e9s de BBY, selon des organisations repr\u00e9sentant la presse. Le Syndicat des professionnels de l\u2019information et de la communication du S\u00e9n\u00e9gal (Synpics) et Reporters sans fronti\u00e8res (RSF) ont condamn\u00e9 mardi une \u00ab\u00a0attaque cibl\u00e9e\u00a0\u00bb visant le \u00ab\u00a0minibus transportant les journalistes charg\u00e9s de suivre le convoi du candidat\u00a0\u00bb du PUR.<\/p>\n<p><strong><a href=\"https:\/\/www.jeuneafrique.com\/mag\/716028\/politique\/dix-choses-a-savoir-sur-issa-sall-candidat-a-la-presidentielle-au-senegal\/\">Dix choses \u00e0 savoir sur Issa Sall, candidat \u00e0 la pr\u00e9sidentielle au S\u00e9n\u00e9gal<\/a><\/strong><\/p>\n<p>Elles r\u00e9clament \u00ab\u00a0que des bus sans effigies d\u2019un quelconque candidat soient mis \u00e0 la disposition des journalistes par les directoires de campagne, que ces v\u00e9hicules soient marqu\u00e9s de l\u2019inscription \u00ab\u00a0Presse\u00a0\u00bb, et surtout qu\u2019ils soient s\u00e9curis\u00e9s par les forces de d\u00e9fense et de s\u00e9curit\u00e9\u00a0\u00bb.<\/p>\n<p><strong>Appels au calme<\/strong><\/p>\n<p>Macky Sall, qui veut gagner d\u00e8s le premier tour le 24 f\u00e9vrier, a pr\u00e9venu lundi que \u00ab\u00a0la campagne \u00e9lectorale ne saurait \u00eatre un pr\u00e9texte pour que la violence s\u2019installe dans le pays\u00a0\u00bb. Il a appel\u00e9 ses partisans \u00e0 \u00ab\u00a0ne pas c\u00e9der \u00e0 la provocation\u00a0\u00bb, invitant ses adversaires \u00e0 faire de m\u00eame.<\/p>\n<p>Parmi eux,\u00a0son pr\u00e9d\u00e9cesseur Abdoulaye Wade,\u00a0<a href=\"https:\/\/www.jeuneafrique.com\/730869\/politique\/senegal-abdoulaye-wade-appelle-a-sopposer-a-la-tenue-dune-presidentielle-verrouillee\/\">qui a appel\u00e9 la semaine derni\u00e8re \u00e0 emp\u00eacher la tenue de la pr\u00e9sidentielle<\/a>, conviant notamment ses partisans \u00e0 \u00ab\u00a0br\u00fbler les cartes d\u2019\u00e9lecteur et les bulletins de vote\u00a0\u00bb.<\/p>\n","protected":false},"excerpt":{"rendered":"<p>La gendarmerie s\u00e9n\u00e9galaise a arr\u00eat\u00e9 24 personnes, dont une vingtaine de partisans d&rsquo;Issa Sall, et saisi des armes apr\u00e8s les violences \u00e9lectorales qui ont jusqu&rsquo;\u00e0 pr\u00e9sent fait au moins deux morts. Les heurts \u00e0 Tambacounda, \u00e0 420 km \u00e0 l\u2019est de Dakar, entre partisans du pr\u00e9sident Macky Sall et d\u2019Issa Sall, candidat du Parti de [&hellip;]<\/p>\n","protected":false},"author":12,"featured_media":27948,"comment_status":"closed","ping_status":"closed","sticky":false,"template":"","format":"standard","meta":{"_exactmetrics_skip_tracking":false,"_exactmetrics_sitenote_active":false,"_exactmetrics_sitenote_note":"","_exactmetrics_sitenote_category":0,"tdm_status":"","tdm_grid_status":"","footnotes":""},"categories":[21],"tags":[],"class_list":{"0":"post-27947","1":"post","2":"type-post","3":"status-publish","4":"format-standard","5":"has-post-thumbnail","7":"category-international"},"yoast_head":"<!-- This site is optimized with the Yoast SEO plugin v24.2 - https:\/\/yoast.com\/wordpress\/plugins\/seo\/ -->\n<title>Pr\u00e9sidentielle au S\u00e9n\u00e9gal : le gouvernement va assurer la s\u00e9curit\u00e9 des candidats | Guin\u00e9e Diversit\u00e9<\/title>\n<meta name=\"robots\" content=\"index, follow, max-snippet:-1, max-image-preview:large, max-video-preview:-1\" \/>\n<link rel=\"canonical\" href=\"https:\/\/guineediversite.com\/index.php\/2019\/02\/13\/presidentielle-au-senegal-le-gouvernement-va-assurer-la-securite-des-candidats\/\" \/>\n<meta property=\"og:locale\" content=\"fr_FR\" \/>\n<meta property=\"og:type\" content=\"article\" \/>\n<meta property=\"og:title\" content=\"Pr\u00e9sidentielle au S\u00e9n\u00e9gal : le gouvernement va assurer la s\u00e9curit\u00e9 des candidats | Guin\u00e9e Diversit\u00e9\" \/>\n<meta property=\"og:description\" content=\"La gendarmerie s\u00e9n\u00e9galaise a arr\u00eat\u00e9 24 personnes, dont une vingtaine de partisans d&rsquo;Issa Sall, et saisi des armes apr\u00e8s les violences \u00e9lectorales qui ont jusqu&rsquo;\u00e0 pr\u00e9sent fait au moins deux morts. Les heurts \u00e0 Tambacounda, \u00e0 420 km \u00e0 l\u2019est de Dakar, entre partisans du pr\u00e9sident Macky Sall et d\u2019Issa Sall, candidat du Parti de [&hellip;]\" \/>\n<meta property=\"og:url\" content=\"https:\/\/guineediversite.com\/index.php\/2019\/02\/13\/presidentielle-au-senegal-le-gouvernement-va-assurer-la-securite-des-candidats\/\" \/>\n<meta property=\"og:site_name\" content=\"Guin\u00e9e Diversit\u00e9\" \/>\n<meta property=\"article:publisher\" content=\"https:\/\/www.facebook.com\/guineediversite\/\" \/>\n<meta property=\"article:published_time\" content=\"2019-02-13T09:58:26+00:00\" \/>\n<meta property=\"og:image\" content=\"https:\/\/guineediversite.com\/wp-content\/uploads\/2019\/02\/senegal-1-592x296-1550042511-1.png\" \/>\n\t<meta property=\"og:image:width\" content=\"1900\" \/>\n\t<meta property=\"og:image:height\" content=\"950\" \/>\n\t<meta property=\"og:image:type\" content=\"image\/png\" \/>\n<meta name=\"author\" content=\"Guin\u00e9e Diversit\u00e9\" \/>\n<meta name=\"twitter:card\" content=\"summary_large_image\" \/>\n<meta name=\"twitter:creator\" content=\"@GuineeDiversite\" \/>\n<meta name=\"twitter:site\" content=\"@GuineeDiversite\" \/>\n<meta name=\"twitter:label1\" content=\"\u00c9crit par\" \/>\n\t<meta name=\"twitter:data1\" content=\"Guin\u00e9e Diversit\u00e9\" \/>\n\t<meta name=\"twitter:label2\" content=\"Dur\u00e9e de lecture estim\u00e9e\" \/>\n\t<meta name=\"twitter:data2\" content=\"3 minutes\" \/>\n<script type=\"application\/ld+json\" class=\"yoast-schema-graph\">{\"@context\":\"https:\/\/schema.org\",\"@graph\":[{\"@type\":\"Article\",\"@id\":\"https:\/\/guineediversite.com\/index.php\/2019\/02\/13\/presidentielle-au-senegal-le-gouvernement-va-assurer-la-securite-des-candidats\/#article\",\"isPartOf\":{\"@id\":\"https:\/\/guineediversite.com\/index.php\/2019\/02\/13\/presidentielle-au-senegal-le-gouvernement-va-assurer-la-securite-des-candidats\/\"},\"author\":{\"name\":\"Guin\u00e9e Diversit\u00e9\",\"@id\":\"https:\/\/guineediversite.com\/#\/schema\/person\/afa08fb34e7fc6e1feafc892612bc836\"},\"headline\":\"Pr\u00e9sidentielle au S\u00e9n\u00e9gal : le gouvernement va assurer la s\u00e9curit\u00e9 des candidats\",\"datePublished\":\"2019-02-13T09:58:26+00:00\",\"dateModified\":\"2019-02-13T09:58:26+00:00\",\"mainEntityOfPage\":{\"@id\":\"https:\/\/guineediversite.com\/index.php\/2019\/02\/13\/presidentielle-au-senegal-le-gouvernement-va-assurer-la-securite-des-candidats\/\"},\"wordCount\":696,\"publisher\":{\"@id\":\"https:\/\/guineediversite.com\/#organization\"},\"image\":{\"@id\":\"https:\/\/guineediversite.com\/index.php\/2019\/02\/13\/presidentielle-au-senegal-le-gouvernement-va-assurer-la-securite-des-candidats\/#primaryimage\"},\"thumbnailUrl\":\"https:\/\/guineediversite.com\/wp-content\/uploads\/2019\/02\/senegal-1-592x296-1550042511-1.png\",\"articleSection\":[\"International\"],\"inLanguage\":\"fr-FR\"},{\"@type\":\"WebPage\",\"@id\":\"https:\/\/guineediversite.com\/index.php\/2019\/02\/13\/presidentielle-au-senegal-le-gouvernement-va-assurer-la-securite-des-candidats\/\",\"url\":\"https:\/\/guineediversite.com\/index.php\/2019\/02\/13\/presidentielle-au-senegal-le-gouvernement-va-assurer-la-securite-des-candidats\/\",\"name\":\"Pr\u00e9sidentielle au S\u00e9n\u00e9gal : le gouvernement va assurer la s\u00e9curit\u00e9 des candidats | Guin\u00e9e Diversit\u00e9\",\"isPartOf\":{\"@id\":\"https:\/\/guineediversite.com\/#website\"},\"primaryImageOfPage\":{\"@id\":\"https:\/\/guineediversite.com\/index.php\/2019\/02\/13\/presidentielle-au-senegal-le-gouvernement-va-assurer-la-securite-des-candidats\/#primaryimage\"},\"image\":{\"@id\":\"https:\/\/guineediversite.com\/index.php\/2019\/02\/13\/presidentielle-au-senegal-le-gouvernement-va-assurer-la-securite-des-candidats\/#primaryimage\"},\"thumbnailUrl\":\"https:\/\/guineediversite.com\/wp-content\/uploads\/2019\/02\/senegal-1-592x296-1550042511-1.png\",\"datePublished\":\"2019-02-13T09:58:26+00:00\",\"dateModified\":\"2019-02-13T09:58:26+00:00\",\"breadcrumb\":{\"@id\":\"https:\/\/guineediversite.com\/index.php\/2019\/02\/13\/presidentielle-au-senegal-le-gouvernement-va-assurer-la-securite-des-candidats\/#breadcrumb\"},\"inLanguage\":\"fr-FR\",\"potentialAction\":[{\"@type\":\"ReadAction\",\"target\":[\"https:\/\/guineediversite.com\/index.php\/2019\/02\/13\/presidentielle-au-senegal-le-gouvernement-va-assurer-la-securite-des-candidats\/\"]}]},{\"@type\":\"ImageObject\",\"inLanguage\":\"fr-FR\",\"@id\":\"https:\/\/guineediversite.com\/index.php\/2019\/02\/13\/presidentielle-au-senegal-le-gouvernement-va-assurer-la-securite-des-candidats\/#primaryimage\",\"url\":\"https:\/\/guineediversite.com\/wp-content\/uploads\/2019\/02\/senegal-1-592x296-1550042511-1.png\",\"contentUrl\":\"https:\/\/guineediversite.com\/wp-content\/uploads\/2019\/02\/senegal-1-592x296-1550042511-1.png\",\"width\":1900,\"height\":950},{\"@type\":\"BreadcrumbList\",\"@id\":\"https:\/\/guineediversite.com\/index.php\/2019\/02\/13\/presidentielle-au-senegal-le-gouvernement-va-assurer-la-securite-des-candidats\/#breadcrumb\",\"itemListElement\":[{\"@type\":\"ListItem\",\"position\":1,\"name\":\"Accueil\",\"item\":\"https:\/\/guineediversite.com\/\"},{\"@type\":\"ListItem\",\"position\":2,\"name\":\"Pr\u00e9sidentielle au S\u00e9n\u00e9gal : le gouvernement va assurer la s\u00e9curit\u00e9 des candidats\"}]},{\"@type\":\"WebSite\",\"@id\":\"https:\/\/guineediversite.com\/#website\",\"url\":\"https:\/\/guineediversite.com\/\",\"name\":\"Guin\u00e9e Diversit\u00e9\",\"description\":\"L&#039;Info dans toute sa diversit\u00e9\",\"publisher\":{\"@id\":\"https:\/\/guineediversite.com\/#organization\"},\"potentialAction\":[{\"@type\":\"SearchAction\",\"target\":{\"@type\":\"EntryPoint\",\"urlTemplate\":\"https:\/\/guineediversite.com\/?s={search_term_string}\"},\"query-input\":{\"@type\":\"PropertyValueSpecification\",\"valueRequired\":true,\"valueName\":\"search_term_string\"}}],\"inLanguage\":\"fr-FR\"},{\"@type\":\"Organization\",\"@id\":\"https:\/\/guineediversite.com\/#organization\",\"name\":\"Guin\u00e9e Diversit\u00e9\",\"url\":\"https:\/\/guineediversite.com\/\",\"logo\":{\"@type\":\"ImageObject\",\"inLanguage\":\"fr-FR\",\"@id\":\"https:\/\/guineediversite.com\/#\/schema\/logo\/image\/\",\"url\":\"https:\/\/guineediversite.com\/wp-content\/uploads\/2017\/04\/cropped-1jojlxEOMkX9Wyqfhe43D6kjPOGqBBKmx3EwWJqZ0cMrFF54yM49.png\",\"contentUrl\":\"https:\/\/guineediversite.com\/wp-content\/uploads\/2017\/04\/cropped-1jojlxEOMkX9Wyqfhe43D6kjPOGqBBKmx3EwWJqZ0cMrFF54yM49.png\",\"width\":186,\"height\":112,\"caption\":\"Guin\u00e9e Diversit\u00e9\"},\"image\":{\"@id\":\"https:\/\/guineediversite.com\/#\/schema\/logo\/image\/\"},\"sameAs\":[\"https:\/\/www.facebook.com\/guineediversite\/\",\"https:\/\/x.com\/GuineeDiversite\",\"https:\/\/www.youtube.com\/channel\/UC8sUY16qelG5ge6_D5SB83g\"]},{\"@type\":\"Person\",\"@id\":\"https:\/\/guineediversite.com\/#\/schema\/person\/afa08fb34e7fc6e1feafc892612bc836\",\"name\":\"Guin\u00e9e Diversit\u00e9\",\"image\":{\"@type\":\"ImageObject\",\"inLanguage\":\"fr-FR\",\"@id\":\"https:\/\/guineediversite.com\/#\/schema\/person\/image\/\",\"url\":\"https:\/\/secure.gravatar.com\/avatar\/50d5eb5b390f8b65ac30ac6f898eb83a?s=96&d=mm&r=g\",\"contentUrl\":\"https:\/\/secure.gravatar.com\/avatar\/50d5eb5b390f8b65ac30ac6f898eb83a?s=96&d=mm&r=g\",\"caption\":\"Guin\u00e9e Diversit\u00e9\"},\"url\":\"https:\/\/guineediversite.com\/index.php\/author\/guineediversite\/\"}]}<\/script>\n<!-- \/ Yoast SEO plugin. -->","yoast_head_json":{"title":"Pr\u00e9sidentielle au S\u00e9n\u00e9gal : le gouvernement va assurer la s\u00e9curit\u00e9 des candidats | Guin\u00e9e Diversit\u00e9","robots":{"index":"index","follow":"follow","max-snippet":"max-snippet:-1","max-image-preview":"max-image-preview:large","max-video-preview":"max-video-preview:-1"},"canonical":"https:\/\/guineediversite.com\/index.php\/2019\/02\/13\/presidentielle-au-senegal-le-gouvernement-va-assurer-la-securite-des-candidats\/","og_locale":"fr_FR","og_type":"article","og_title":"Pr\u00e9sidentielle au S\u00e9n\u00e9gal : le gouvernement va assurer la s\u00e9curit\u00e9 des candidats | Guin\u00e9e Diversit\u00e9","og_description":"La gendarmerie s\u00e9n\u00e9galaise a arr\u00eat\u00e9 24 personnes, dont une vingtaine de partisans d&rsquo;Issa Sall, et saisi des armes apr\u00e8s les violences \u00e9lectorales qui ont jusqu&rsquo;\u00e0 pr\u00e9sent fait au moins deux morts. Les heurts \u00e0 Tambacounda, \u00e0 420 km \u00e0 l\u2019est de Dakar, entre partisans du pr\u00e9sident Macky Sall et d\u2019Issa Sall, candidat du Parti de [&hellip;]","og_url":"https:\/\/guineediversite.com\/index.php\/2019\/02\/13\/presidentielle-au-senegal-le-gouvernement-va-assurer-la-securite-des-candidats\/","og_site_name":"Guin\u00e9e Diversit\u00e9","article_publisher":"https:\/\/www.facebook.com\/guineediversite\/","article_published_time":"2019-02-13T09:58:26+00:00","og_image":[{"width":1900,"height":950,"url":"https:\/\/guineediversite.com\/wp-content\/uploads\/2019\/02\/senegal-1-592x296-1550042511-1.png","type":"image\/png"}],"author":"Guin\u00e9e Diversit\u00e9","twitter_card":"summary_large_image","twitter_creator":"@GuineeDiversite","twitter_site":"@GuineeDiversite","twitter_misc":{"\u00c9crit par":"Guin\u00e9e Diversit\u00e9","Dur\u00e9e de lecture estim\u00e9e":"3 minutes"},"schema":{"@context":"https:\/\/schema.org","@graph":[{"@type":"Article","@id":"https:\/\/guineediversite.com\/index.php\/2019\/02\/13\/presidentielle-au-senegal-le-gouvernement-va-assurer-la-securite-des-candidats\/#article","isPartOf":{"@id":"https:\/\/guineediversite.com\/index.php\/2019\/02\/13\/presidentielle-au-senegal-le-gouvernement-va-assurer-la-securite-des-candidats\/"},"author":{"name":"Guin\u00e9e Diversit\u00e9","@id":"https:\/\/guineediversite.com\/#\/schema\/person\/afa08fb34e7fc6e1feafc892612bc836"},"headline":"Pr\u00e9sidentielle au S\u00e9n\u00e9gal : le gouvernement va assurer la s\u00e9curit\u00e9 des candidats","datePublished":"2019-02-13T09:58:26+00:00","dateModified":"2019-02-13T09:58:26+00:00","mainEntityOfPage":{"@id":"https:\/\/guineediversite.com\/index.php\/2019\/02\/13\/presidentielle-au-senegal-le-gouvernement-va-assurer-la-securite-des-candidats\/"},"wordCount":696,"publisher":{"@id":"https:\/\/guineediversite.com\/#organization"},"image":{"@id":"https:\/\/guineediversite.com\/index.php\/2019\/02\/13\/presidentielle-au-senegal-le-gouvernement-va-assurer-la-securite-des-candidats\/#primaryimage"},"thumbnailUrl":"https:\/\/guineediversite.com\/wp-content\/uploads\/2019\/02\/senegal-1-592x296-1550042511-1.png","articleSection":["International"],"inLanguage":"fr-FR"},{"@type":"WebPage","@id":"https:\/\/guineediversite.com\/index.php\/2019\/02\/13\/presidentielle-au-senegal-le-gouvernement-va-assurer-la-securite-des-candidats\/","url":"https:\/\/guineediversite.com\/index.php\/2019\/02\/13\/presidentielle-au-senegal-le-gouvernement-va-assurer-la-securite-des-candidats\/","name":"Pr\u00e9sidentielle au S\u00e9n\u00e9gal : le gouvernement va assurer la s\u00e9curit\u00e9 des candidats | Guin\u00e9e Diversit\u00e9","isPartOf":{"@id":"https:\/\/guineediversite.com\/#website"},"primaryImageOfPage":{"@id":"https:\/\/guineediversite.com\/index.php\/2019\/02\/13\/presidentielle-au-senegal-le-gouvernement-va-assurer-la-securite-des-candidats\/#primaryimage"},"image":{"@id":"https:\/\/guineediversite.com\/index.php\/2019\/02\/13\/presidentielle-au-senegal-le-gouvernement-va-assurer-la-securite-des-candidats\/#primaryimage"},"thumbnailUrl":"https:\/\/guineediversite.com\/wp-content\/uploads\/2019\/02\/senegal-1-592x296-1550042511-1.png","datePublished":"2019-02-13T09:58:26+00:00","dateModified":"2019-02-13T09:58:26+00:00","breadcrumb":{"@id":"https:\/\/guineediversite.com\/index.php\/2019\/02\/13\/presidentielle-au-senegal-le-gouvernement-va-assurer-la-securite-des-candidats\/#breadcrumb"},"inLanguage":"fr-FR","potentialAction":[{"@type":"ReadAction","target":["https:\/\/guineediversite.com\/index.php\/2019\/02\/13\/presidentielle-au-senegal-le-gouvernement-va-assurer-la-securite-des-candidats\/"]}]},{"@type":"ImageObject","inLanguage":"fr-FR","@id":"https:\/\/guineediversite.com\/index.php\/2019\/02\/13\/presidentielle-au-senegal-le-gouvernement-va-assurer-la-securite-des-candidats\/#primaryimage","url":"https:\/\/guineediversite.com\/wp-content\/uploads\/2019\/02\/senegal-1-592x296-1550042511-1.png","contentUrl":"https:\/\/guineediversite.com\/wp-content\/uploads\/2019\/02\/senegal-1-592x296-1550042511-1.png","width":1900,"height":950},{"@type":"BreadcrumbList","@id":"https:\/\/guineediversite.com\/index.php\/2019\/02\/13\/presidentielle-au-senegal-le-gouvernement-va-assurer-la-securite-des-candidats\/#breadcrumb","itemListElement":[{"@type":"ListItem","position":1,"name":"Accueil","item":"https:\/\/guineediversite.com\/"},{"@type":"ListItem","position":2,"name":"Pr\u00e9sidentielle au S\u00e9n\u00e9gal : le gouvernement va assurer la s\u00e9curit\u00e9 des candidats"}]},{"@type":"WebSite","@id":"https:\/\/guineediversite.com\/#website","url":"https:\/\/guineediversite.com\/","name":"Guin\u00e9e Diversit\u00e9","description":"L&#039;Info dans toute sa diversit\u00e9","publisher":{"@id":"https:\/\/guineediversite.com\/#organization"},"potentialAction":[{"@type":"SearchAction","target":{"@type":"EntryPoint","urlTemplate":"https:\/\/guineediversite.com\/?s={search_term_string}"},"query-input":{"@type":"PropertyValueSpecification","valueRequired":true,"valueName":"search_term_string"}}],"inLanguage":"fr-FR"},{"@type":"Organization","@id":"https:\/\/guineediversite.com\/#organization","name":"Guin\u00e9e Diversit\u00e9","url":"https:\/\/guineediversite.com\/","logo":{"@type":"ImageObject","inLanguage":"fr-FR","@id":"https:\/\/guineediversite.com\/#\/schema\/logo\/image\/","url":"https:\/\/guineediversite.com\/wp-content\/uploads\/2017\/04\/cropped-1jojlxEOMkX9Wyqfhe43D6kjPOGqBBKmx3EwWJqZ0cMrFF54yM49.png","contentUrl":"https:\/\/guineediversite.com\/wp-content\/uploads\/2017\/04\/cropped-1jojlxEOMkX9Wyqfhe43D6kjPOGqBBKmx3EwWJqZ0cMrFF54yM49.png","width":186,"height":112,"caption":"Guin\u00e9e Diversit\u00e9"},"image":{"@id":"https:\/\/guineediversite.com\/#\/schema\/logo\/image\/"},"sameAs":["https:\/\/www.facebook.com\/guineediversite\/","https:\/\/x.com\/GuineeDiversite","https:\/\/www.youtube.com\/channel\/UC8sUY16qelG5ge6_D5SB83g"]},{"@type":"Person","@id":"https:\/\/guineediversite.com\/#\/schema\/person\/afa08fb34e7fc6e1feafc892612bc836","name":"Guin\u00e9e Diversit\u00e9","image":{"@type":"ImageObject","inLanguage":"fr-FR","@id":"https:\/\/guineediversite.com\/#\/schema\/person\/image\/","url":"https:\/\/secure.gravatar.com\/avatar\/50d5eb5b390f8b65ac30ac6f898eb83a?s=96&d=mm&r=g","contentUrl":"https:\/\/secure.gravatar.com\/avatar\/50d5eb5b390f8b65ac30ac6f898eb83a?s=96&d=mm&r=g","caption":"Guin\u00e9e Diversit\u00e9"},"url":"https:\/\/guineediversite.com\/index.php\/author\/guineediversite\/"}]}},"_links":{"self":[{"href":"https:\/\/guineediversite.com\/index.php\/wp-json\/wp\/v2\/posts\/27947"}],"collection":[{"href":"https:\/\/guineediversite.com\/index.php\/wp-json\/wp\/v2\/posts"}],"about":[{"href":"https:\/\/guineediversite.com\/index.php\/wp-json\/wp\/v2\/types\/post"}],"author":[{"embeddable":true,"href":"https:\/\/guineediversite.com\/index.php\/wp-json\/wp\/v2\/users\/12"}],"replies":[{"embeddable":true,"href":"https:\/\/guineediversite.com\/index.php\/wp-json\/wp\/v2\/comments?post=27947"}],"version-history":[{"count":0,"href":"https:\/\/guineediversite.com\/index.php\/wp-json\/wp\/v2\/posts\/27947\/revisions"}],"wp:featuredmedia":[{"embeddable":true,"href":"https:\/\/guineediversite.com\/index.php\/wp-json\/wp\/v2\/media\/27948"}],"wp:attachment":[{"href":"https:\/\/guineediversite.com\/index.php\/wp-json\/wp\/v2\/media?parent=27947"}],"wp:term":[{"taxonomy":"category","embeddable":true,"href":"https:\/\/guineediversite.com\/index.php\/wp-json\/wp\/v2\/categories?post=27947"},{"taxonomy":"post_tag","embeddable":true,"href":"https:\/\/guineediversite.com\/index.php\/wp-json\/wp\/v2\/tags?post=27947"}],"curies":[{"name":"wp","href":"https:\/\/api.w.org\/{rel}","templated":true}]}}