{"id":27940,"date":"2019-02-12T11:34:35","date_gmt":"2019-02-12T10:34:35","guid":{"rendered":"https:\/\/guineediversite.com\/?p=27940"},"modified":"2019-02-12T11:34:35","modified_gmt":"2019-02-12T10:34:35","slug":"justice-ouverture-de-la-session-disciplinaire-du-conseil-superieur-de-la-magistrature","status":"publish","type":"post","link":"https:\/\/guineediversite.com\/index.php\/2019\/02\/12\/justice-ouverture-de-la-session-disciplinaire-du-conseil-superieur-de-la-magistrature\/","title":{"rendered":"Justice\u00a0: ouverture de la session disciplinaire du Conseil sup\u00e9rieur de la magistrature"},"content":{"rendered":"<p><strong>Le Conseil sup\u00e9rieur de la magistrature a ouvert \u00a0lundi 11 f\u00e9vrier sa session disciplinaire \u00e0 la Cour supr\u00eame de Conakry.<\/strong><\/p>\n<p>Interrog\u00e9 sur cette rencontre de haute port\u00e9e, le secr\u00e9taire ex\u00e9cutif du Conseil sup\u00e9rieur de la magistrature a soulign\u00e9 qu\u2019il y a plusieurs dossiers disciplinaires qui sont inscrits \u00e0 l\u2019ordre du jour.<\/p>\n<p>\u00ab\u00a0<em>Pour cette premi\u00e8re session disciplinaire de l&rsquo;ann\u00e9e, nous avons inscrit au r\u00f4le 31 dossiers, autrement dit, 31 plaintes formul\u00e9es par des citoyens ou par le Ministre de la Justice contre des magistrats\u00a0<\/em>\u00bb, explique Amadou Sylla.<\/p>\n<p>Apr\u00e8s examen et d\u00e9lib\u00e9ration, les sanctions varieront de simple avertissement \u00e0 la r\u00e9vocation. Entre 2014 et 2018, le Conseil sup\u00e9rieur de la magistrature a prononc\u00e9 \u00a098 d\u00e9cisions disciplinaires, dont 2 r\u00e9vocations et 62 rejets, parce que \u00ab\u00a0<em>formul\u00e9es de fa\u00e7ons tr\u00e8s l\u00e9g\u00e8re.\u00bb<\/em><\/p>\n<p><strong>Moussa Mo\u00efse Ke\u00efta<\/strong><\/p>\n","protected":false},"excerpt":{"rendered":"<p>Le Conseil sup\u00e9rieur de la magistrature a ouvert \u00a0lundi 11 f\u00e9vrier sa session disciplinaire \u00e0 la Cour supr\u00eame de Conakry. Interrog\u00e9 sur cette rencontre de haute port\u00e9e, le secr\u00e9taire ex\u00e9cutif du Conseil sup\u00e9rieur de la magistrature a soulign\u00e9 qu\u2019il y a plusieurs dossiers disciplinaires qui sont inscrits \u00e0 l\u2019ordre du jour. \u00ab\u00a0Pour cette premi\u00e8re session [&hellip;]<\/p>\n","protected":false},"author":16,"featured_media":27941,"comment_status":"closed","ping_status":"closed","sticky":false,"template":"","format":"standard","meta":{"_exactmetrics_skip_tracking":false,"_exactmetrics_sitenote_active":false,"_exactmetrics_sitenote_note":"","_exactmetrics_sitenote_category":0,"tdm_status":"","tdm_grid_status":"","footnotes":""},"categories":[254,16],"tags":[],"class_list":{"0":"post-27940","1":"post","2":"type-post","3":"status-publish","4":"format-standard","5":"has-post-thumbnail","7":"category-derniere-minute","8":"category-societe"},"yoast_head":"<!-- This site is optimized with the Yoast SEO plugin v24.2 - https:\/\/yoast.com\/wordpress\/plugins\/seo\/ -->\n<title>Justice\u00a0: ouverture de la session disciplinaire du Conseil sup\u00e9rieur de la magistrature | Guin\u00e9e Diversit\u00e9<\/title>\n<meta name=\"robots\" content=\"index, follow, max-snippet:-1, max-image-preview:large, max-video-preview:-1\" \/>\n<link rel=\"canonical\" href=\"https:\/\/guineediversite.com\/index.php\/2019\/02\/12\/justice-ouverture-de-la-session-disciplinaire-du-conseil-superieur-de-la-magistrature\/\" \/>\n<meta property=\"og:locale\" content=\"fr_FR\" \/>\n<meta property=\"og:type\" content=\"article\" \/>\n<meta property=\"og:title\" content=\"Justice\u00a0: ouverture de la session disciplinaire du Conseil sup\u00e9rieur de la magistrature | Guin\u00e9e Diversit\u00e9\" \/>\n<meta property=\"og:description\" content=\"Le Conseil sup\u00e9rieur de la magistrature a ouvert \u00a0lundi 11 f\u00e9vrier sa session disciplinaire \u00e0 la Cour supr\u00eame de Conakry. Interrog\u00e9 sur cette rencontre de haute port\u00e9e, le secr\u00e9taire ex\u00e9cutif du Conseil sup\u00e9rieur de la magistrature a soulign\u00e9 qu\u2019il y a plusieurs dossiers disciplinaires qui sont inscrits \u00e0 l\u2019ordre du jour. \u00ab\u00a0Pour cette premi\u00e8re session [&hellip;]\" \/>\n<meta property=\"og:url\" content=\"https:\/\/guineediversite.com\/index.php\/2019\/02\/12\/justice-ouverture-de-la-session-disciplinaire-du-conseil-superieur-de-la-magistrature\/\" \/>\n<meta property=\"og:site_name\" content=\"Guin\u00e9e Diversit\u00e9\" \/>\n<meta property=\"article:publisher\" content=\"https:\/\/www.facebook.com\/guineediversite\/\" \/>\n<meta property=\"article:published_time\" content=\"2019-02-12T10:34:35+00:00\" \/>\n<meta property=\"og:image\" content=\"https:\/\/guineediversite.com\/wp-content\/uploads\/2019\/02\/51674526_244688119753615_2141432739159605248_n.jpg\" \/>\n\t<meta property=\"og:image:width\" content=\"1224\" \/>\n\t<meta property=\"og:image:height\" content=\"918\" \/>\n\t<meta property=\"og:image:type\" content=\"image\/jpeg\" \/>\n<meta name=\"author\" content=\"Moussa Mo\u00efse K\u00e9ita\" \/>\n<meta name=\"twitter:card\" content=\"summary_large_image\" \/>\n<meta name=\"twitter:creator\" content=\"@GuineeDiversite\" \/>\n<meta name=\"twitter:site\" content=\"@GuineeDiversite\" \/>\n<meta name=\"twitter:label1\" content=\"\u00c9crit par\" \/>\n\t<meta name=\"twitter:data1\" content=\"Moussa Mo\u00efse K\u00e9ita\" \/>\n\t<meta name=\"twitter:label2\" content=\"Dur\u00e9e de lecture estim\u00e9e\" \/>\n\t<meta name=\"twitter:data2\" content=\"1 minute\" \/>\n<script type=\"application\/ld+json\" class=\"yoast-schema-graph\">{\"@context\":\"https:\/\/schema.org\",\"@graph\":[{\"@type\":\"Article\",\"@id\":\"https:\/\/guineediversite.com\/index.php\/2019\/02\/12\/justice-ouverture-de-la-session-disciplinaire-du-conseil-superieur-de-la-magistrature\/#article\",\"isPartOf\":{\"@id\":\"https:\/\/guineediversite.com\/index.php\/2019\/02\/12\/justice-ouverture-de-la-session-disciplinaire-du-conseil-superieur-de-la-magistrature\/\"},\"author\":{\"name\":\"Moussa Mo\u00efse K\u00e9ita\",\"@id\":\"https:\/\/guineediversite.com\/#\/schema\/person\/079ec347f72d2acde4b56a50a4fd46dc\"},\"headline\":\"Justice\u00a0: ouverture de la session disciplinaire du Conseil sup\u00e9rieur de la magistrature\",\"datePublished\":\"2019-02-12T10:34:35+00:00\",\"dateModified\":\"2019-02-12T10:34:35+00:00\",\"mainEntityOfPage\":{\"@id\":\"https:\/\/guineediversite.com\/index.php\/2019\/02\/12\/justice-ouverture-de-la-session-disciplinaire-du-conseil-superieur-de-la-magistrature\/\"},\"wordCount\":160,\"publisher\":{\"@id\":\"https:\/\/guineediversite.com\/#organization\"},\"image\":{\"@id\":\"https:\/\/guineediversite.com\/index.php\/2019\/02\/12\/justice-ouverture-de-la-session-disciplinaire-du-conseil-superieur-de-la-magistrature\/#primaryimage\"},\"thumbnailUrl\":\"https:\/\/guineediversite.com\/wp-content\/uploads\/2019\/02\/51674526_244688119753615_2141432739159605248_n.jpg\",\"articleSection\":[\"Derni\u00e8re minute\",\"Soci\u00e9t\u00e9\"],\"inLanguage\":\"fr-FR\"},{\"@type\":\"WebPage\",\"@id\":\"https:\/\/guineediversite.com\/index.php\/2019\/02\/12\/justice-ouverture-de-la-session-disciplinaire-du-conseil-superieur-de-la-magistrature\/\",\"url\":\"https:\/\/guineediversite.com\/index.php\/2019\/02\/12\/justice-ouverture-de-la-session-disciplinaire-du-conseil-superieur-de-la-magistrature\/\",\"name\":\"Justice\u00a0: ouverture de la session disciplinaire du Conseil sup\u00e9rieur de la magistrature | Guin\u00e9e Diversit\u00e9\",\"isPartOf\":{\"@id\":\"https:\/\/guineediversite.com\/#website\"},\"primaryImageOfPage\":{\"@id\":\"https:\/\/guineediversite.com\/index.php\/2019\/02\/12\/justice-ouverture-de-la-session-disciplinaire-du-conseil-superieur-de-la-magistrature\/#primaryimage\"},\"image\":{\"@id\":\"https:\/\/guineediversite.com\/index.php\/2019\/02\/12\/justice-ouverture-de-la-session-disciplinaire-du-conseil-superieur-de-la-magistrature\/#primaryimage\"},\"thumbnailUrl\":\"https:\/\/guineediversite.com\/wp-content\/uploads\/2019\/02\/51674526_244688119753615_2141432739159605248_n.jpg\",\"datePublished\":\"2019-02-12T10:34:35+00:00\",\"dateModified\":\"2019-02-12T10:34:35+00:00\",\"breadcrumb\":{\"@id\":\"https:\/\/guineediversite.com\/index.php\/2019\/02\/12\/justice-ouverture-de-la-session-disciplinaire-du-conseil-superieur-de-la-magistrature\/#breadcrumb\"},\"inLanguage\":\"fr-FR\",\"potentialAction\":[{\"@type\":\"ReadAction\",\"target\":[\"https:\/\/guineediversite.com\/index.php\/2019\/02\/12\/justice-ouverture-de-la-session-disciplinaire-du-conseil-superieur-de-la-magistrature\/\"]}]},{\"@type\":\"ImageObject\",\"inLanguage\":\"fr-FR\",\"@id\":\"https:\/\/guineediversite.com\/index.php\/2019\/02\/12\/justice-ouverture-de-la-session-disciplinaire-du-conseil-superieur-de-la-magistrature\/#primaryimage\",\"url\":\"https:\/\/guineediversite.com\/wp-content\/uploads\/2019\/02\/51674526_244688119753615_2141432739159605248_n.jpg\",\"contentUrl\":\"https:\/\/guineediversite.com\/wp-content\/uploads\/2019\/02\/51674526_244688119753615_2141432739159605248_n.jpg\",\"width\":1224,\"height\":918},{\"@type\":\"BreadcrumbList\",\"@id\":\"https:\/\/guineediversite.com\/index.php\/2019\/02\/12\/justice-ouverture-de-la-session-disciplinaire-du-conseil-superieur-de-la-magistrature\/#breadcrumb\",\"itemListElement\":[{\"@type\":\"ListItem\",\"position\":1,\"name\":\"Accueil\",\"item\":\"https:\/\/guineediversite.com\/\"},{\"@type\":\"ListItem\",\"position\":2,\"name\":\"Justice\u00a0: ouverture de la session disciplinaire du Conseil sup\u00e9rieur de la magistrature\"}]},{\"@type\":\"WebSite\",\"@id\":\"https:\/\/guineediversite.com\/#website\",\"url\":\"https:\/\/guineediversite.com\/\",\"name\":\"Guin\u00e9e Diversit\u00e9\",\"description\":\"L&#039;Info dans toute sa diversit\u00e9\",\"publisher\":{\"@id\":\"https:\/\/guineediversite.com\/#organization\"},\"potentialAction\":[{\"@type\":\"SearchAction\",\"target\":{\"@type\":\"EntryPoint\",\"urlTemplate\":\"https:\/\/guineediversite.com\/?s={search_term_string}\"},\"query-input\":{\"@type\":\"PropertyValueSpecification\",\"valueRequired\":true,\"valueName\":\"search_term_string\"}}],\"inLanguage\":\"fr-FR\"},{\"@type\":\"Organization\",\"@id\":\"https:\/\/guineediversite.com\/#organization\",\"name\":\"Guin\u00e9e Diversit\u00e9\",\"url\":\"https:\/\/guineediversite.com\/\",\"logo\":{\"@type\":\"ImageObject\",\"inLanguage\":\"fr-FR\",\"@id\":\"https:\/\/guineediversite.com\/#\/schema\/logo\/image\/\",\"url\":\"https:\/\/guineediversite.com\/wp-content\/uploads\/2017\/04\/cropped-1jojlxEOMkX9Wyqfhe43D6kjPOGqBBKmx3EwWJqZ0cMrFF54yM49.png\",\"contentUrl\":\"https:\/\/guineediversite.com\/wp-content\/uploads\/2017\/04\/cropped-1jojlxEOMkX9Wyqfhe43D6kjPOGqBBKmx3EwWJqZ0cMrFF54yM49.png\",\"width\":186,\"height\":112,\"caption\":\"Guin\u00e9e Diversit\u00e9\"},\"image\":{\"@id\":\"https:\/\/guineediversite.com\/#\/schema\/logo\/image\/\"},\"sameAs\":[\"https:\/\/www.facebook.com\/guineediversite\/\",\"https:\/\/x.com\/GuineeDiversite\",\"https:\/\/www.youtube.com\/channel\/UC8sUY16qelG5ge6_D5SB83g\"]},{\"@type\":\"Person\",\"@id\":\"https:\/\/guineediversite.com\/#\/schema\/person\/079ec347f72d2acde4b56a50a4fd46dc\",\"name\":\"Moussa Mo\u00efse K\u00e9ita\",\"image\":{\"@type\":\"ImageObject\",\"inLanguage\":\"fr-FR\",\"@id\":\"https:\/\/guineediversite.com\/#\/schema\/person\/image\/\",\"url\":\"https:\/\/secure.gravatar.com\/avatar\/edf1ea2cc01841e6c0b49384bcb1385b?s=96&d=mm&r=g\",\"contentUrl\":\"https:\/\/secure.gravatar.com\/avatar\/edf1ea2cc01841e6c0b49384bcb1385b?s=96&d=mm&r=g\",\"caption\":\"Moussa Mo\u00efse K\u00e9ita\"},\"url\":\"https:\/\/guineediversite.com\/index.php\/author\/moussa-moise\/\"}]}<\/script>\n<!-- \/ Yoast SEO plugin. -->","yoast_head_json":{"title":"Justice\u00a0: ouverture de la session disciplinaire du Conseil sup\u00e9rieur de la magistrature | Guin\u00e9e Diversit\u00e9","robots":{"index":"index","follow":"follow","max-snippet":"max-snippet:-1","max-image-preview":"max-image-preview:large","max-video-preview":"max-video-preview:-1"},"canonical":"https:\/\/guineediversite.com\/index.php\/2019\/02\/12\/justice-ouverture-de-la-session-disciplinaire-du-conseil-superieur-de-la-magistrature\/","og_locale":"fr_FR","og_type":"article","og_title":"Justice\u00a0: ouverture de la session disciplinaire du Conseil sup\u00e9rieur de la magistrature | Guin\u00e9e Diversit\u00e9","og_description":"Le Conseil sup\u00e9rieur de la magistrature a ouvert \u00a0lundi 11 f\u00e9vrier sa session disciplinaire \u00e0 la Cour supr\u00eame de Conakry. Interrog\u00e9 sur cette rencontre de haute port\u00e9e, le secr\u00e9taire ex\u00e9cutif du Conseil sup\u00e9rieur de la magistrature a soulign\u00e9 qu\u2019il y a plusieurs dossiers disciplinaires qui sont inscrits \u00e0 l\u2019ordre du jour. \u00ab\u00a0Pour cette premi\u00e8re session [&hellip;]","og_url":"https:\/\/guineediversite.com\/index.php\/2019\/02\/12\/justice-ouverture-de-la-session-disciplinaire-du-conseil-superieur-de-la-magistrature\/","og_site_name":"Guin\u00e9e Diversit\u00e9","article_publisher":"https:\/\/www.facebook.com\/guineediversite\/","article_published_time":"2019-02-12T10:34:35+00:00","og_image":[{"width":1224,"height":918,"url":"https:\/\/guineediversite.com\/wp-content\/uploads\/2019\/02\/51674526_244688119753615_2141432739159605248_n.jpg","type":"image\/jpeg"}],"author":"Moussa Mo\u00efse K\u00e9ita","twitter_card":"summary_large_image","twitter_creator":"@GuineeDiversite","twitter_site":"@GuineeDiversite","twitter_misc":{"\u00c9crit par":"Moussa Mo\u00efse K\u00e9ita","Dur\u00e9e de lecture estim\u00e9e":"1 minute"},"schema":{"@context":"https:\/\/schema.org","@graph":[{"@type":"Article","@id":"https:\/\/guineediversite.com\/index.php\/2019\/02\/12\/justice-ouverture-de-la-session-disciplinaire-du-conseil-superieur-de-la-magistrature\/#article","isPartOf":{"@id":"https:\/\/guineediversite.com\/index.php\/2019\/02\/12\/justice-ouverture-de-la-session-disciplinaire-du-conseil-superieur-de-la-magistrature\/"},"author":{"name":"Moussa Mo\u00efse K\u00e9ita","@id":"https:\/\/guineediversite.com\/#\/schema\/person\/079ec347f72d2acde4b56a50a4fd46dc"},"headline":"Justice\u00a0: ouverture de la session disciplinaire du Conseil sup\u00e9rieur de la magistrature","datePublished":"2019-02-12T10:34:35+00:00","dateModified":"2019-02-12T10:34:35+00:00","mainEntityOfPage":{"@id":"https:\/\/guineediversite.com\/index.php\/2019\/02\/12\/justice-ouverture-de-la-session-disciplinaire-du-conseil-superieur-de-la-magistrature\/"},"wordCount":160,"publisher":{"@id":"https:\/\/guineediversite.com\/#organization"},"image":{"@id":"https:\/\/guineediversite.com\/index.php\/2019\/02\/12\/justice-ouverture-de-la-session-disciplinaire-du-conseil-superieur-de-la-magistrature\/#primaryimage"},"thumbnailUrl":"https:\/\/guineediversite.com\/wp-content\/uploads\/2019\/02\/51674526_244688119753615_2141432739159605248_n.jpg","articleSection":["Derni\u00e8re minute","Soci\u00e9t\u00e9"],"inLanguage":"fr-FR"},{"@type":"WebPage","@id":"https:\/\/guineediversite.com\/index.php\/2019\/02\/12\/justice-ouverture-de-la-session-disciplinaire-du-conseil-superieur-de-la-magistrature\/","url":"https:\/\/guineediversite.com\/index.php\/2019\/02\/12\/justice-ouverture-de-la-session-disciplinaire-du-conseil-superieur-de-la-magistrature\/","name":"Justice\u00a0: ouverture de la session disciplinaire du Conseil sup\u00e9rieur de la magistrature | Guin\u00e9e Diversit\u00e9","isPartOf":{"@id":"https:\/\/guineediversite.com\/#website"},"primaryImageOfPage":{"@id":"https:\/\/guineediversite.com\/index.php\/2019\/02\/12\/justice-ouverture-de-la-session-disciplinaire-du-conseil-superieur-de-la-magistrature\/#primaryimage"},"image":{"@id":"https:\/\/guineediversite.com\/index.php\/2019\/02\/12\/justice-ouverture-de-la-session-disciplinaire-du-conseil-superieur-de-la-magistrature\/#primaryimage"},"thumbnailUrl":"https:\/\/guineediversite.com\/wp-content\/uploads\/2019\/02\/51674526_244688119753615_2141432739159605248_n.jpg","datePublished":"2019-02-12T10:34:35+00:00","dateModified":"2019-02-12T10:34:35+00:00","breadcrumb":{"@id":"https:\/\/guineediversite.com\/index.php\/2019\/02\/12\/justice-ouverture-de-la-session-disciplinaire-du-conseil-superieur-de-la-magistrature\/#breadcrumb"},"inLanguage":"fr-FR","potentialAction":[{"@type":"ReadAction","target":["https:\/\/guineediversite.com\/index.php\/2019\/02\/12\/justice-ouverture-de-la-session-disciplinaire-du-conseil-superieur-de-la-magistrature\/"]}]},{"@type":"ImageObject","inLanguage":"fr-FR","@id":"https:\/\/guineediversite.com\/index.php\/2019\/02\/12\/justice-ouverture-de-la-session-disciplinaire-du-conseil-superieur-de-la-magistrature\/#primaryimage","url":"https:\/\/guineediversite.com\/wp-content\/uploads\/2019\/02\/51674526_244688119753615_2141432739159605248_n.jpg","contentUrl":"https:\/\/guineediversite.com\/wp-content\/uploads\/2019\/02\/51674526_244688119753615_2141432739159605248_n.jpg","width":1224,"height":918},{"@type":"BreadcrumbList","@id":"https:\/\/guineediversite.com\/index.php\/2019\/02\/12\/justice-ouverture-de-la-session-disciplinaire-du-conseil-superieur-de-la-magistrature\/#breadcrumb","itemListElement":[{"@type":"ListItem","position":1,"name":"Accueil","item":"https:\/\/guineediversite.com\/"},{"@type":"ListItem","position":2,"name":"Justice\u00a0: ouverture de la session disciplinaire du Conseil sup\u00e9rieur de la magistrature"}]},{"@type":"WebSite","@id":"https:\/\/guineediversite.com\/#website","url":"https:\/\/guineediversite.com\/","name":"Guin\u00e9e Diversit\u00e9","description":"L&#039;Info dans toute sa diversit\u00e9","publisher":{"@id":"https:\/\/guineediversite.com\/#organization"},"potentialAction":[{"@type":"SearchAction","target":{"@type":"EntryPoint","urlTemplate":"https:\/\/guineediversite.com\/?s={search_term_string}"},"query-input":{"@type":"PropertyValueSpecification","valueRequired":true,"valueName":"search_term_string"}}],"inLanguage":"fr-FR"},{"@type":"Organization","@id":"https:\/\/guineediversite.com\/#organization","name":"Guin\u00e9e Diversit\u00e9","url":"https:\/\/guineediversite.com\/","logo":{"@type":"ImageObject","inLanguage":"fr-FR","@id":"https:\/\/guineediversite.com\/#\/schema\/logo\/image\/","url":"https:\/\/guineediversite.com\/wp-content\/uploads\/2017\/04\/cropped-1jojlxEOMkX9Wyqfhe43D6kjPOGqBBKmx3EwWJqZ0cMrFF54yM49.png","contentUrl":"https:\/\/guineediversite.com\/wp-content\/uploads\/2017\/04\/cropped-1jojlxEOMkX9Wyqfhe43D6kjPOGqBBKmx3EwWJqZ0cMrFF54yM49.png","width":186,"height":112,"caption":"Guin\u00e9e Diversit\u00e9"},"image":{"@id":"https:\/\/guineediversite.com\/#\/schema\/logo\/image\/"},"sameAs":["https:\/\/www.facebook.com\/guineediversite\/","https:\/\/x.com\/GuineeDiversite","https:\/\/www.youtube.com\/channel\/UC8sUY16qelG5ge6_D5SB83g"]},{"@type":"Person","@id":"https:\/\/guineediversite.com\/#\/schema\/person\/079ec347f72d2acde4b56a50a4fd46dc","name":"Moussa Mo\u00efse K\u00e9ita","image":{"@type":"ImageObject","inLanguage":"fr-FR","@id":"https:\/\/guineediversite.com\/#\/schema\/person\/image\/","url":"https:\/\/secure.gravatar.com\/avatar\/edf1ea2cc01841e6c0b49384bcb1385b?s=96&d=mm&r=g","contentUrl":"https:\/\/secure.gravatar.com\/avatar\/edf1ea2cc01841e6c0b49384bcb1385b?s=96&d=mm&r=g","caption":"Moussa Mo\u00efse K\u00e9ita"},"url":"https:\/\/guineediversite.com\/index.php\/author\/moussa-moise\/"}]}},"_links":{"self":[{"href":"https:\/\/guineediversite.com\/index.php\/wp-json\/wp\/v2\/posts\/27940"}],"collection":[{"href":"https:\/\/guineediversite.com\/index.php\/wp-json\/wp\/v2\/posts"}],"about":[{"href":"https:\/\/guineediversite.com\/index.php\/wp-json\/wp\/v2\/types\/post"}],"author":[{"embeddable":true,"href":"https:\/\/guineediversite.com\/index.php\/wp-json\/wp\/v2\/users\/16"}],"replies":[{"embeddable":true,"href":"https:\/\/guineediversite.com\/index.php\/wp-json\/wp\/v2\/comments?post=27940"}],"version-history":[{"count":0,"href":"https:\/\/guineediversite.com\/index.php\/wp-json\/wp\/v2\/posts\/27940\/revisions"}],"wp:featuredmedia":[{"embeddable":true,"href":"https:\/\/guineediversite.com\/index.php\/wp-json\/wp\/v2\/media\/27941"}],"wp:attachment":[{"href":"https:\/\/guineediversite.com\/index.php\/wp-json\/wp\/v2\/media?parent=27940"}],"wp:term":[{"taxonomy":"category","embeddable":true,"href":"https:\/\/guineediversite.com\/index.php\/wp-json\/wp\/v2\/categories?post=27940"},{"taxonomy":"post_tag","embeddable":true,"href":"https:\/\/guineediversite.com\/index.php\/wp-json\/wp\/v2\/tags?post=27940"}],"curies":[{"name":"wp","href":"https:\/\/api.w.org\/{rel}","templated":true}]}}