{"id":27936,"date":"2019-02-11T17:08:55","date_gmt":"2019-02-11T16:08:55","guid":{"rendered":"https:\/\/guineediversite.com\/?p=27936"},"modified":"2019-02-11T17:08:55","modified_gmt":"2019-02-11T16:08:55","slug":"le-fond-de-garantie-automobile-lance-une-campagne-dassurance-vehicule","status":"publish","type":"post","link":"https:\/\/guineediversite.com\/index.php\/2019\/02\/11\/le-fond-de-garantie-automobile-lance-une-campagne-dassurance-vehicule\/","title":{"rendered":"Le fond de garantie automobile lance une campagne d\u2019assurance v\u00e9hicule"},"content":{"rendered":"<p>La campagne de sensibilisation contre la non-assurance automobile a \u00e9t\u00e9 officiellement lanc\u00e9e ce lundi \u00e0 Conakry. C\u2019est une initiative de l\u2019Association des professionnels d\u2019assurance de Guin\u00e9e, APAG. Le port autonome de Conakry dans la commune de Kaloum a constitu\u00e9 la premi\u00e8re \u00e9tape de cette campagne.<\/p>\n<p>C\u2019est une premi\u00e8re journ\u00e9e riche en \u00e9change entre transporteurs, propri\u00e9taires de v\u00e9hicule et membres de l\u2019Association des professionnels d\u2019assurance de Guin\u00e9e. Alya Camara, directeur du Fonds de garantie automobile est tout d\u2019abord revenu sur l\u2019importance de l\u2019assurance automobile.<\/p>\n<p>\u00ab <em>Il n\u2019est pas donn\u00e9 \u00e0 un individu moins \u00e0 un citoyen de pouvoir faire face seul aux cons\u00e9quences d\u2019un accident dont il serait auteur ou responsable. Un accident de circulation peut avoir des cons\u00e9quences en mati\u00e8re de coups financi\u00e8res qui peuvent s\u2019\u00e9lever jusqu\u2019\u00e0 des centaines de millions de francs guin\u00e9ens. Puisqu\u2019il n\u2019est pas donn\u00e9 \u00e0 un individu de pouvoir faire face \u00e0 \u00e7a, c\u2019est pourquoi nous invitons les citoyens guin\u00e9ens \u00e0 s\u2019assurer. En s\u2019assurant votre responsabilit\u00e9 se trouve port\u00e9 \u00eatre port\u00e9e par votre assureur qui se substituera en vous pour faire face aux cons\u00e9quences de votre accident <\/em>\u00bb, a-t-il indiqu\u00e9.<\/p>\n<p>&nbsp;<\/p>\n<p>De son cot\u00e9, le repr\u00e9sentant de la f\u00e9d\u00e9ration Nationale des transports M\u00e9caniques a \u00e9voqu\u00e9 des r\u00e9serves qui justifieraient la r\u00e9ticence des automobilistes vis-\u00e0-vis des soci\u00e9t\u00e9s d\u2019assurance. Ibrahima Oular\u00e9 dira ceci, \u00ab <em>nous ne m\u00e9nagerons aucun effort pour la r\u00e9ussite de cette campagne. Cependant, nous avons des r\u00e9serves \u00e0 \u00e9mettre : l\u2019obtention de la prise en charge rapide en cas d\u2019accident ; le traitement des dossiers des sinistr\u00e9s ; le d\u00e9lai de remboursement des sinistr\u00e9s ; la mauvaise prestation de certaines compagnies d\u2019assurance. Nous vous invitons \u00e0 prendre des dispositions pour les r\u00e9serves \u00e9mises <\/em>\u00bb.<\/p>\n<p>Prenant la parole, Ibrahima Camara, le pr\u00e9sident de l\u2019APAG, Association des professionnels d\u2019assurance de Guin\u00e9e a rassur\u00e9 en ces termes.<\/p>\n<p>\u00ab <em>On s\u2019assure pour \u00eatre pay\u00e9 en cas de sinistre. C\u2019est conscient de cela que nous associations professionnelles des assureurs de Guin\u00e9e, plus le Fonds de garantie automobile sommes venus vous dire qu\u2019\u00e0 partir de maintenant notre bureau ex\u00e9cutif ont pris des mesures idoines qui vont nous permettre de faire face \u00e0 vos sollicitations. Le nouveau bureau ex\u00e9cutif qui a \u00e9t\u00e9 \u00e9lu a pens\u00e9 \u00e0 faire des r\u00e9formes profondes pour pouvoir faire face \u00e0 vos besoins<\/em> \u00bb.<\/p>\n<p>La premi\u00e8re phase de cette campagne prendra fin le 28 f\u00e9vrier \u00e0 Coyah.<\/p>\n","protected":false},"excerpt":{"rendered":"<p>La campagne de sensibilisation contre la non-assurance automobile a \u00e9t\u00e9 officiellement lanc\u00e9e ce lundi \u00e0 Conakry. C\u2019est une initiative de l\u2019Association des professionnels d\u2019assurance de Guin\u00e9e, APAG. Le port autonome de Conakry dans la commune de Kaloum a constitu\u00e9 la premi\u00e8re \u00e9tape de cette campagne. C\u2019est une premi\u00e8re journ\u00e9e riche en \u00e9change entre transporteurs, propri\u00e9taires [&hellip;]<\/p>\n","protected":false},"author":10,"featured_media":27937,"comment_status":"closed","ping_status":"closed","sticky":false,"template":"","format":"standard","meta":{"_exactmetrics_skip_tracking":false,"_exactmetrics_sitenote_active":false,"_exactmetrics_sitenote_note":"","_exactmetrics_sitenote_category":0,"tdm_status":"","tdm_grid_status":"","footnotes":""},"categories":[16],"tags":[],"class_list":{"0":"post-27936","1":"post","2":"type-post","3":"status-publish","4":"format-standard","5":"has-post-thumbnail","7":"category-societe"},"yoast_head":"<!-- This site is optimized with the Yoast SEO plugin v24.2 - https:\/\/yoast.com\/wordpress\/plugins\/seo\/ -->\n<title>Le fond de garantie automobile lance une campagne d\u2019assurance v\u00e9hicule | Guin\u00e9e Diversit\u00e9<\/title>\n<meta name=\"robots\" content=\"index, follow, max-snippet:-1, max-image-preview:large, max-video-preview:-1\" \/>\n<link rel=\"canonical\" href=\"https:\/\/guineediversite.com\/index.php\/2019\/02\/11\/le-fond-de-garantie-automobile-lance-une-campagne-dassurance-vehicule\/\" \/>\n<meta property=\"og:locale\" content=\"fr_FR\" \/>\n<meta property=\"og:type\" content=\"article\" \/>\n<meta property=\"og:title\" content=\"Le fond de garantie automobile lance une campagne d\u2019assurance v\u00e9hicule | Guin\u00e9e Diversit\u00e9\" \/>\n<meta property=\"og:description\" content=\"La campagne de sensibilisation contre la non-assurance automobile a \u00e9t\u00e9 officiellement lanc\u00e9e ce lundi \u00e0 Conakry. C\u2019est une initiative de l\u2019Association des professionnels d\u2019assurance de Guin\u00e9e, APAG. Le port autonome de Conakry dans la commune de Kaloum a constitu\u00e9 la premi\u00e8re \u00e9tape de cette campagne. C\u2019est une premi\u00e8re journ\u00e9e riche en \u00e9change entre transporteurs, propri\u00e9taires [&hellip;]\" \/>\n<meta property=\"og:url\" content=\"https:\/\/guineediversite.com\/index.php\/2019\/02\/11\/le-fond-de-garantie-automobile-lance-une-campagne-dassurance-vehicule\/\" \/>\n<meta property=\"og:site_name\" content=\"Guin\u00e9e Diversit\u00e9\" \/>\n<meta property=\"article:publisher\" content=\"https:\/\/www.facebook.com\/guineediversite\/\" \/>\n<meta property=\"article:published_time\" content=\"2019-02-11T16:08:55+00:00\" \/>\n<meta property=\"og:image\" content=\"https:\/\/guineediversite.com\/wp-content\/uploads\/2019\/02\/th-3.jpg\" \/>\n\t<meta property=\"og:image:width\" content=\"1368\" \/>\n\t<meta property=\"og:image:height\" content=\"1024\" \/>\n\t<meta property=\"og:image:type\" content=\"image\/jpeg\" \/>\n<meta name=\"author\" content=\"Morcire Camara\" \/>\n<meta name=\"twitter:card\" content=\"summary_large_image\" \/>\n<meta name=\"twitter:creator\" content=\"@GuineeDiversite\" \/>\n<meta name=\"twitter:site\" content=\"@GuineeDiversite\" \/>\n<meta name=\"twitter:label1\" content=\"\u00c9crit par\" \/>\n\t<meta name=\"twitter:data1\" content=\"Morcire Camara\" \/>\n\t<meta name=\"twitter:label2\" content=\"Dur\u00e9e de lecture estim\u00e9e\" \/>\n\t<meta name=\"twitter:data2\" content=\"2 minutes\" \/>\n<script type=\"application\/ld+json\" class=\"yoast-schema-graph\">{\"@context\":\"https:\/\/schema.org\",\"@graph\":[{\"@type\":\"Article\",\"@id\":\"https:\/\/guineediversite.com\/index.php\/2019\/02\/11\/le-fond-de-garantie-automobile-lance-une-campagne-dassurance-vehicule\/#article\",\"isPartOf\":{\"@id\":\"https:\/\/guineediversite.com\/index.php\/2019\/02\/11\/le-fond-de-garantie-automobile-lance-une-campagne-dassurance-vehicule\/\"},\"author\":{\"name\":\"Morcire Camara\",\"@id\":\"https:\/\/guineediversite.com\/#\/schema\/person\/fa362494c47202ce4b3adf55abcc9d01\"},\"headline\":\"Le fond de garantie automobile lance une campagne d\u2019assurance v\u00e9hicule\",\"datePublished\":\"2019-02-11T16:08:55+00:00\",\"dateModified\":\"2019-02-11T16:08:55+00:00\",\"mainEntityOfPage\":{\"@id\":\"https:\/\/guineediversite.com\/index.php\/2019\/02\/11\/le-fond-de-garantie-automobile-lance-une-campagne-dassurance-vehicule\/\"},\"wordCount\":443,\"publisher\":{\"@id\":\"https:\/\/guineediversite.com\/#organization\"},\"image\":{\"@id\":\"https:\/\/guineediversite.com\/index.php\/2019\/02\/11\/le-fond-de-garantie-automobile-lance-une-campagne-dassurance-vehicule\/#primaryimage\"},\"thumbnailUrl\":\"https:\/\/guineediversite.com\/wp-content\/uploads\/2019\/02\/th-3.jpg\",\"articleSection\":[\"Soci\u00e9t\u00e9\"],\"inLanguage\":\"fr-FR\"},{\"@type\":\"WebPage\",\"@id\":\"https:\/\/guineediversite.com\/index.php\/2019\/02\/11\/le-fond-de-garantie-automobile-lance-une-campagne-dassurance-vehicule\/\",\"url\":\"https:\/\/guineediversite.com\/index.php\/2019\/02\/11\/le-fond-de-garantie-automobile-lance-une-campagne-dassurance-vehicule\/\",\"name\":\"Le fond de garantie automobile lance une campagne d\u2019assurance v\u00e9hicule | Guin\u00e9e Diversit\u00e9\",\"isPartOf\":{\"@id\":\"https:\/\/guineediversite.com\/#website\"},\"primaryImageOfPage\":{\"@id\":\"https:\/\/guineediversite.com\/index.php\/2019\/02\/11\/le-fond-de-garantie-automobile-lance-une-campagne-dassurance-vehicule\/#primaryimage\"},\"image\":{\"@id\":\"https:\/\/guineediversite.com\/index.php\/2019\/02\/11\/le-fond-de-garantie-automobile-lance-une-campagne-dassurance-vehicule\/#primaryimage\"},\"thumbnailUrl\":\"https:\/\/guineediversite.com\/wp-content\/uploads\/2019\/02\/th-3.jpg\",\"datePublished\":\"2019-02-11T16:08:55+00:00\",\"dateModified\":\"2019-02-11T16:08:55+00:00\",\"breadcrumb\":{\"@id\":\"https:\/\/guineediversite.com\/index.php\/2019\/02\/11\/le-fond-de-garantie-automobile-lance-une-campagne-dassurance-vehicule\/#breadcrumb\"},\"inLanguage\":\"fr-FR\",\"potentialAction\":[{\"@type\":\"ReadAction\",\"target\":[\"https:\/\/guineediversite.com\/index.php\/2019\/02\/11\/le-fond-de-garantie-automobile-lance-une-campagne-dassurance-vehicule\/\"]}]},{\"@type\":\"ImageObject\",\"inLanguage\":\"fr-FR\",\"@id\":\"https:\/\/guineediversite.com\/index.php\/2019\/02\/11\/le-fond-de-garantie-automobile-lance-une-campagne-dassurance-vehicule\/#primaryimage\",\"url\":\"https:\/\/guineediversite.com\/wp-content\/uploads\/2019\/02\/th-3.jpg\",\"contentUrl\":\"https:\/\/guineediversite.com\/wp-content\/uploads\/2019\/02\/th-3.jpg\",\"width\":1368,\"height\":1024},{\"@type\":\"BreadcrumbList\",\"@id\":\"https:\/\/guineediversite.com\/index.php\/2019\/02\/11\/le-fond-de-garantie-automobile-lance-une-campagne-dassurance-vehicule\/#breadcrumb\",\"itemListElement\":[{\"@type\":\"ListItem\",\"position\":1,\"name\":\"Accueil\",\"item\":\"https:\/\/guineediversite.com\/\"},{\"@type\":\"ListItem\",\"position\":2,\"name\":\"Le fond de garantie automobile lance une campagne d\u2019assurance v\u00e9hicule\"}]},{\"@type\":\"WebSite\",\"@id\":\"https:\/\/guineediversite.com\/#website\",\"url\":\"https:\/\/guineediversite.com\/\",\"name\":\"Guin\u00e9e Diversit\u00e9\",\"description\":\"L&#039;Info dans toute sa diversit\u00e9\",\"publisher\":{\"@id\":\"https:\/\/guineediversite.com\/#organization\"},\"potentialAction\":[{\"@type\":\"SearchAction\",\"target\":{\"@type\":\"EntryPoint\",\"urlTemplate\":\"https:\/\/guineediversite.com\/?s={search_term_string}\"},\"query-input\":{\"@type\":\"PropertyValueSpecification\",\"valueRequired\":true,\"valueName\":\"search_term_string\"}}],\"inLanguage\":\"fr-FR\"},{\"@type\":\"Organization\",\"@id\":\"https:\/\/guineediversite.com\/#organization\",\"name\":\"Guin\u00e9e Diversit\u00e9\",\"url\":\"https:\/\/guineediversite.com\/\",\"logo\":{\"@type\":\"ImageObject\",\"inLanguage\":\"fr-FR\",\"@id\":\"https:\/\/guineediversite.com\/#\/schema\/logo\/image\/\",\"url\":\"https:\/\/guineediversite.com\/wp-content\/uploads\/2017\/04\/cropped-1jojlxEOMkX9Wyqfhe43D6kjPOGqBBKmx3EwWJqZ0cMrFF54yM49.png\",\"contentUrl\":\"https:\/\/guineediversite.com\/wp-content\/uploads\/2017\/04\/cropped-1jojlxEOMkX9Wyqfhe43D6kjPOGqBBKmx3EwWJqZ0cMrFF54yM49.png\",\"width\":186,\"height\":112,\"caption\":\"Guin\u00e9e Diversit\u00e9\"},\"image\":{\"@id\":\"https:\/\/guineediversite.com\/#\/schema\/logo\/image\/\"},\"sameAs\":[\"https:\/\/www.facebook.com\/guineediversite\/\",\"https:\/\/x.com\/GuineeDiversite\",\"https:\/\/www.youtube.com\/channel\/UC8sUY16qelG5ge6_D5SB83g\"]},{\"@type\":\"Person\",\"@id\":\"https:\/\/guineediversite.com\/#\/schema\/person\/fa362494c47202ce4b3adf55abcc9d01\",\"name\":\"Morcire Camara\",\"image\":{\"@type\":\"ImageObject\",\"inLanguage\":\"fr-FR\",\"@id\":\"https:\/\/guineediversite.com\/#\/schema\/person\/image\/\",\"url\":\"https:\/\/secure.gravatar.com\/avatar\/3ec324f02295bbcebe03d99b39330ab4?s=96&d=mm&r=g\",\"contentUrl\":\"https:\/\/secure.gravatar.com\/avatar\/3ec324f02295bbcebe03d99b39330ab4?s=96&d=mm&r=g\",\"caption\":\"Morcire Camara\"},\"url\":\"https:\/\/guineediversite.com\/index.php\/author\/morcire\/\"}]}<\/script>\n<!-- \/ Yoast SEO plugin. -->","yoast_head_json":{"title":"Le fond de garantie automobile lance une campagne d\u2019assurance v\u00e9hicule | Guin\u00e9e Diversit\u00e9","robots":{"index":"index","follow":"follow","max-snippet":"max-snippet:-1","max-image-preview":"max-image-preview:large","max-video-preview":"max-video-preview:-1"},"canonical":"https:\/\/guineediversite.com\/index.php\/2019\/02\/11\/le-fond-de-garantie-automobile-lance-une-campagne-dassurance-vehicule\/","og_locale":"fr_FR","og_type":"article","og_title":"Le fond de garantie automobile lance une campagne d\u2019assurance v\u00e9hicule | Guin\u00e9e Diversit\u00e9","og_description":"La campagne de sensibilisation contre la non-assurance automobile a \u00e9t\u00e9 officiellement lanc\u00e9e ce lundi \u00e0 Conakry. C\u2019est une initiative de l\u2019Association des professionnels d\u2019assurance de Guin\u00e9e, APAG. Le port autonome de Conakry dans la commune de Kaloum a constitu\u00e9 la premi\u00e8re \u00e9tape de cette campagne. C\u2019est une premi\u00e8re journ\u00e9e riche en \u00e9change entre transporteurs, propri\u00e9taires [&hellip;]","og_url":"https:\/\/guineediversite.com\/index.php\/2019\/02\/11\/le-fond-de-garantie-automobile-lance-une-campagne-dassurance-vehicule\/","og_site_name":"Guin\u00e9e Diversit\u00e9","article_publisher":"https:\/\/www.facebook.com\/guineediversite\/","article_published_time":"2019-02-11T16:08:55+00:00","og_image":[{"width":1368,"height":1024,"url":"https:\/\/guineediversite.com\/wp-content\/uploads\/2019\/02\/th-3.jpg","type":"image\/jpeg"}],"author":"Morcire Camara","twitter_card":"summary_large_image","twitter_creator":"@GuineeDiversite","twitter_site":"@GuineeDiversite","twitter_misc":{"\u00c9crit par":"Morcire Camara","Dur\u00e9e de lecture estim\u00e9e":"2 minutes"},"schema":{"@context":"https:\/\/schema.org","@graph":[{"@type":"Article","@id":"https:\/\/guineediversite.com\/index.php\/2019\/02\/11\/le-fond-de-garantie-automobile-lance-une-campagne-dassurance-vehicule\/#article","isPartOf":{"@id":"https:\/\/guineediversite.com\/index.php\/2019\/02\/11\/le-fond-de-garantie-automobile-lance-une-campagne-dassurance-vehicule\/"},"author":{"name":"Morcire Camara","@id":"https:\/\/guineediversite.com\/#\/schema\/person\/fa362494c47202ce4b3adf55abcc9d01"},"headline":"Le fond de garantie automobile lance une campagne d\u2019assurance v\u00e9hicule","datePublished":"2019-02-11T16:08:55+00:00","dateModified":"2019-02-11T16:08:55+00:00","mainEntityOfPage":{"@id":"https:\/\/guineediversite.com\/index.php\/2019\/02\/11\/le-fond-de-garantie-automobile-lance-une-campagne-dassurance-vehicule\/"},"wordCount":443,"publisher":{"@id":"https:\/\/guineediversite.com\/#organization"},"image":{"@id":"https:\/\/guineediversite.com\/index.php\/2019\/02\/11\/le-fond-de-garantie-automobile-lance-une-campagne-dassurance-vehicule\/#primaryimage"},"thumbnailUrl":"https:\/\/guineediversite.com\/wp-content\/uploads\/2019\/02\/th-3.jpg","articleSection":["Soci\u00e9t\u00e9"],"inLanguage":"fr-FR"},{"@type":"WebPage","@id":"https:\/\/guineediversite.com\/index.php\/2019\/02\/11\/le-fond-de-garantie-automobile-lance-une-campagne-dassurance-vehicule\/","url":"https:\/\/guineediversite.com\/index.php\/2019\/02\/11\/le-fond-de-garantie-automobile-lance-une-campagne-dassurance-vehicule\/","name":"Le fond de garantie automobile lance une campagne d\u2019assurance v\u00e9hicule | Guin\u00e9e Diversit\u00e9","isPartOf":{"@id":"https:\/\/guineediversite.com\/#website"},"primaryImageOfPage":{"@id":"https:\/\/guineediversite.com\/index.php\/2019\/02\/11\/le-fond-de-garantie-automobile-lance-une-campagne-dassurance-vehicule\/#primaryimage"},"image":{"@id":"https:\/\/guineediversite.com\/index.php\/2019\/02\/11\/le-fond-de-garantie-automobile-lance-une-campagne-dassurance-vehicule\/#primaryimage"},"thumbnailUrl":"https:\/\/guineediversite.com\/wp-content\/uploads\/2019\/02\/th-3.jpg","datePublished":"2019-02-11T16:08:55+00:00","dateModified":"2019-02-11T16:08:55+00:00","breadcrumb":{"@id":"https:\/\/guineediversite.com\/index.php\/2019\/02\/11\/le-fond-de-garantie-automobile-lance-une-campagne-dassurance-vehicule\/#breadcrumb"},"inLanguage":"fr-FR","potentialAction":[{"@type":"ReadAction","target":["https:\/\/guineediversite.com\/index.php\/2019\/02\/11\/le-fond-de-garantie-automobile-lance-une-campagne-dassurance-vehicule\/"]}]},{"@type":"ImageObject","inLanguage":"fr-FR","@id":"https:\/\/guineediversite.com\/index.php\/2019\/02\/11\/le-fond-de-garantie-automobile-lance-une-campagne-dassurance-vehicule\/#primaryimage","url":"https:\/\/guineediversite.com\/wp-content\/uploads\/2019\/02\/th-3.jpg","contentUrl":"https:\/\/guineediversite.com\/wp-content\/uploads\/2019\/02\/th-3.jpg","width":1368,"height":1024},{"@type":"BreadcrumbList","@id":"https:\/\/guineediversite.com\/index.php\/2019\/02\/11\/le-fond-de-garantie-automobile-lance-une-campagne-dassurance-vehicule\/#breadcrumb","itemListElement":[{"@type":"ListItem","position":1,"name":"Accueil","item":"https:\/\/guineediversite.com\/"},{"@type":"ListItem","position":2,"name":"Le fond de garantie automobile lance une campagne d\u2019assurance v\u00e9hicule"}]},{"@type":"WebSite","@id":"https:\/\/guineediversite.com\/#website","url":"https:\/\/guineediversite.com\/","name":"Guin\u00e9e Diversit\u00e9","description":"L&#039;Info dans toute sa diversit\u00e9","publisher":{"@id":"https:\/\/guineediversite.com\/#organization"},"potentialAction":[{"@type":"SearchAction","target":{"@type":"EntryPoint","urlTemplate":"https:\/\/guineediversite.com\/?s={search_term_string}"},"query-input":{"@type":"PropertyValueSpecification","valueRequired":true,"valueName":"search_term_string"}}],"inLanguage":"fr-FR"},{"@type":"Organization","@id":"https:\/\/guineediversite.com\/#organization","name":"Guin\u00e9e Diversit\u00e9","url":"https:\/\/guineediversite.com\/","logo":{"@type":"ImageObject","inLanguage":"fr-FR","@id":"https:\/\/guineediversite.com\/#\/schema\/logo\/image\/","url":"https:\/\/guineediversite.com\/wp-content\/uploads\/2017\/04\/cropped-1jojlxEOMkX9Wyqfhe43D6kjPOGqBBKmx3EwWJqZ0cMrFF54yM49.png","contentUrl":"https:\/\/guineediversite.com\/wp-content\/uploads\/2017\/04\/cropped-1jojlxEOMkX9Wyqfhe43D6kjPOGqBBKmx3EwWJqZ0cMrFF54yM49.png","width":186,"height":112,"caption":"Guin\u00e9e Diversit\u00e9"},"image":{"@id":"https:\/\/guineediversite.com\/#\/schema\/logo\/image\/"},"sameAs":["https:\/\/www.facebook.com\/guineediversite\/","https:\/\/x.com\/GuineeDiversite","https:\/\/www.youtube.com\/channel\/UC8sUY16qelG5ge6_D5SB83g"]},{"@type":"Person","@id":"https:\/\/guineediversite.com\/#\/schema\/person\/fa362494c47202ce4b3adf55abcc9d01","name":"Morcire Camara","image":{"@type":"ImageObject","inLanguage":"fr-FR","@id":"https:\/\/guineediversite.com\/#\/schema\/person\/image\/","url":"https:\/\/secure.gravatar.com\/avatar\/3ec324f02295bbcebe03d99b39330ab4?s=96&d=mm&r=g","contentUrl":"https:\/\/secure.gravatar.com\/avatar\/3ec324f02295bbcebe03d99b39330ab4?s=96&d=mm&r=g","caption":"Morcire Camara"},"url":"https:\/\/guineediversite.com\/index.php\/author\/morcire\/"}]}},"_links":{"self":[{"href":"https:\/\/guineediversite.com\/index.php\/wp-json\/wp\/v2\/posts\/27936"}],"collection":[{"href":"https:\/\/guineediversite.com\/index.php\/wp-json\/wp\/v2\/posts"}],"about":[{"href":"https:\/\/guineediversite.com\/index.php\/wp-json\/wp\/v2\/types\/post"}],"author":[{"embeddable":true,"href":"https:\/\/guineediversite.com\/index.php\/wp-json\/wp\/v2\/users\/10"}],"replies":[{"embeddable":true,"href":"https:\/\/guineediversite.com\/index.php\/wp-json\/wp\/v2\/comments?post=27936"}],"version-history":[{"count":0,"href":"https:\/\/guineediversite.com\/index.php\/wp-json\/wp\/v2\/posts\/27936\/revisions"}],"wp:featuredmedia":[{"embeddable":true,"href":"https:\/\/guineediversite.com\/index.php\/wp-json\/wp\/v2\/media\/27937"}],"wp:attachment":[{"href":"https:\/\/guineediversite.com\/index.php\/wp-json\/wp\/v2\/media?parent=27936"}],"wp:term":[{"taxonomy":"category","embeddable":true,"href":"https:\/\/guineediversite.com\/index.php\/wp-json\/wp\/v2\/categories?post=27936"},{"taxonomy":"post_tag","embeddable":true,"href":"https:\/\/guineediversite.com\/index.php\/wp-json\/wp\/v2\/tags?post=27936"}],"curies":[{"name":"wp","href":"https:\/\/api.w.org\/{rel}","templated":true}]}}