{"id":27933,"date":"2019-02-11T16:28:46","date_gmt":"2019-02-11T15:28:46","guid":{"rendered":"https:\/\/guineediversite.com\/?p=27933"},"modified":"2019-02-11T16:28:46","modified_gmt":"2019-02-11T15:28:46","slug":"rdc-martin-fayulu-appelle-a-rejouer-les-elections-dans-un-delai-de-six-mois","status":"publish","type":"post","link":"https:\/\/guineediversite.com\/index.php\/2019\/02\/11\/rdc-martin-fayulu-appelle-a-rejouer-les-elections-dans-un-delai-de-six-mois\/","title":{"rendered":"RDC : Martin Fayulu appelle \u00e0 rejouer les \u00e9lections dans un d\u00e9lai de six mois"},"content":{"rendered":"<p><strong>Ses voies de recours \u00e9tant \u00e9puis\u00e9es en RDC, Martin Fayulu, opposant et candidat malheureux face \u00e0 F\u00e9lix Tshisekedi lors de la pr\u00e9sidentielle du 30 d\u00e9cembre 2018, a appel\u00e9 l&rsquo;Union africaine \u00e0 cr\u00e9er un \u00ab comit\u00e9 sp\u00e9cial \u00bb pour la v\u00e9rification de la \u00ab v\u00e9rit\u00e9 des urnes \u00bb, et \u00e0 refaire les \u00e9lections dans six mois maximum.<\/strong><\/p>\n<p>C\u2019est par une lettre \u00e9mise le 8 f\u00e9vrier, dont\u00a0<em>Jeune Afrique<\/em>\u00a0a pu obtenir une copie, que l\u2019opposant Martin Fayulu a appel\u00e9 \u00e0 \u00ab\u00a0refaire les \u00e9lections dans un d\u00e9lai de six mois (pr\u00e9sidentielle, l\u00e9gislatives nationales et provinciales)\u00a0\u00bb, \u00e9crit-il dans sa correspondance.<\/p>\n<p><a href=\"https:\/\/www.jeuneafrique.com\/729576\/politique\/rdc-martin-fayulu-rejette-la-main-tendue-de-felix-tshisekedi-et-appelle-a-la-resistance-pacifique\/\">Le candidat malheureux \u00e0 la pr\u00e9sidentielle du 30 d\u00e9cembre 2018,<\/a>\u00a0qui conteste toujours la\u00a0<a href=\"https:\/\/www.jeuneafrique.com\/714840\/politique\/rdc-felix-tshisekedi-officiellement-investi-president-du-pays\/\">victoire de F\u00e9lix Tshisekedi<\/a>, a ainsi saisi les chefs d\u2019\u00c9tat et de gouvernements africains \u2013<a href=\"https:\/\/www.jeuneafrique.com\/dossiers\/union-africaine-les-enjeux-du-32e-sommet-des-chefs-detat\/\">\u00a0r\u00e9unis \u00e0 Addis-Abeba pour le 32e sommet de l\u2019Union africaine (UA) -,\u00a0<\/a>et propos\u00e9 \u00e0 l\u2019organisation panafricaine de cr\u00e9er \u00ab\u00a0un comit\u00e9 sp\u00e9cial de l\u2019Union africaine pour la v\u00e9rification de la v\u00e9rit\u00e9 des urnes en RDC afin de lever le voile sur le vrai pr\u00e9sident de la R\u00e9publique ainsi que les vrais d\u00e9put\u00e9s \u00e9lus\u00a0\u00bb.<\/p>\n<p>Si l\u2019Union africaine semble avoir d\u00e9finitivement tourn\u00e9 la page des \u00e9lections congolaises, en d\u00e9signant le 10 f\u00e9vrier F\u00e9lix Tshisekedi deuxi\u00e8me vice-pr\u00e9sident de l\u2019UA, l\u2019opposant autoproclam\u00e9 \u00ab\u00a0pr\u00e9sident l\u00e9gitime de la RDC\u00a0\u00bb juge n\u00e9anmoins sa proposition \u00ab\u00a0r\u00e9aliste\u00a0\u00bb, comme il le certifie \u00e0\u00a0<em>Jeune Afrique<\/em>.\u00a0\u00ab\u00a0L\u2019Union africaine sait elle-m\u00eame que Mr. F\u00e9lix Tshisekedi, qui prend part \u00e0 son sommet, n\u2019a pas \u00e9t\u00e9 \u00e9lu\u00a0\u00bb, soutient-il.<\/p>\n<p><strong>\u00ab\u00a0Les Congolais ne croiront plus aux \u00e9lections\u00a0\u00bb<\/strong><\/p>\n<p>L\u2019opposant a introduit sa correspondance par une lourde charge \u00e0 l\u2019encontre de la\u00a0<a href=\"https:\/\/www.jeuneafrique.com\/701952\/politique\/presidentielle-en-rdc-martin-fayulu-denonce-un-hold-up-electoral\/\">Commission \u00e9lectorale nationale ind\u00e9pendante (Ceni)<\/a>qui, dans un \u00ab\u00a0souci de p\u00e9rennisation du syst\u00e8me Kabila (\u2026), a tout simplement fabriqu\u00e9 des r\u00e9sultats qu\u2019elle a publi\u00e9s en ignorant de mani\u00e8re cynique la souverainet\u00e9 du peuple congolais\u00a0\u00bb, \u00e9crit Martin Fayulu.<\/p>\n<p>Si les \u00e9lections ne sont pas rejou\u00e9es, pr\u00e9vient-il, \u00ab\u00a0les Congolais ne croiront plus aux \u00e9lections et ce sera une d\u00e9faite pour la d\u00e9mocratie qui aura des r\u00e9percussions au-del\u00e0 de la R\u00e9publique d\u00e9mocratique du Congo\u00a0\u00bb.<\/p>\n<p><strong>C\u2019est m\u00e9priser la volont\u00e9 du peuple congolais et condamner la RDC \u00e0 l\u2019instabilit\u00e9<\/strong><\/p>\n<p>Pour l\u2019exp\u00e9diteur, cautionner ce \u00ab\u00a0passage en force au nom d\u2019une hypoth\u00e9tique stabilit\u00e9, c\u2019est m\u00e9priser la volont\u00e9 du peuple congolais et condamner la RDC \u00e0 l\u2019instabilit\u00e9\u00a0\u00bb.<\/p>\n<p><strong>Une requ\u00eate \u00ab\u00a0peine perdue\u00a0\u00bb<\/strong><\/p>\n<p>Dans le camp Tshisekedi, la requ\u00eate de l\u2019ancien alli\u00e9 Fayulu a \u00e9t\u00e9 accueillie sans trop d\u2019attention.\u00a0\u00ab\u00a0C\u2019est une perte de temps. Nos amis n\u2019ont qu\u2019\u00e0 s\u2019organiser autrement, croire qu\u2019on peut organiser des \u00e9lections dans six mois, c\u2019est de la folie,\u00a0d\u00e9clare \u00e0\u00a0<em>Jeune Afrique<\/em>\u00a0Rubens Mikindo, secr\u00e9taire g\u00e9n\u00e9ral adjoint du parti de Tshisekedi, l\u2019Union pour la d\u00e9mocratique et le progr\u00e8s social (UDPS). Ils ont pas \u00e9t\u00e9 incapables de nous pr\u00e9senter des preuves de leur pr\u00e9tendue victoire. C\u2019est peine perdue\u00a0\u00bb.<\/p>\n<p>Le candidat de la coalition Lamuka avait\u00a0<a href=\"https:\/\/www.jeuneafrique.com\/705226\/politique\/presidentielle-en-rdc-debut-de-lexamen-du-recours-du-candidat-de-lopposition-martin-fayulu\/\">saisi en vain la Cour constitutionnelle congolaise,<\/a>\u00a0qui avait\u00a0<a href=\"https:\/\/www.jeuneafrique.com\/711061\/politique\/presidentielle-en-rdc-la-cour-constitutionnelle-confirme-la-victoire-de-felix-tshisekedi\/\">rejet\u00e9 le 20 janvier son recours, en le consid\u00e9rant comme \u00ab\u00a0non fond\u00e9\u00a0\u00bb<\/a>.<\/p>\n<p>La semaine derni\u00e8re, le candidat malheureux a\u00a0<a href=\"https:\/\/www.jeuneafrique.com\/731522\/politique\/rdc-martin-fayulu-saisit-la-cour-africaine-des-droits-de-lhomme\/\">saisi la Cour africaine des droits de l\u2019Homme et des Peuples<\/a>\u00a0pour r\u00e9clamer \u00ab\u00a0la v\u00e9rit\u00e9 des urnes\u00a0\u00bb.<\/p>\n<p><strong>JA<\/strong><\/p>\n","protected":false},"excerpt":{"rendered":"<p>Ses voies de recours \u00e9tant \u00e9puis\u00e9es en RDC, Martin Fayulu, opposant et candidat malheureux face \u00e0 F\u00e9lix Tshisekedi lors de la pr\u00e9sidentielle du 30 d\u00e9cembre 2018, a appel\u00e9 l&rsquo;Union africaine \u00e0 cr\u00e9er un \u00ab comit\u00e9 sp\u00e9cial \u00bb pour la v\u00e9rification de la \u00ab v\u00e9rit\u00e9 des urnes \u00bb, et \u00e0 refaire les \u00e9lections dans six mois [&hellip;]<\/p>\n","protected":false},"author":12,"featured_media":27934,"comment_status":"closed","ping_status":"closed","sticky":false,"template":"","format":"standard","meta":{"_exactmetrics_skip_tracking":false,"_exactmetrics_sitenote_active":false,"_exactmetrics_sitenote_note":"","_exactmetrics_sitenote_category":0,"tdm_status":"","tdm_grid_status":"","footnotes":""},"categories":[21],"tags":[],"class_list":{"0":"post-27933","1":"post","2":"type-post","3":"status-publish","4":"format-standard","5":"has-post-thumbnail","7":"category-international"},"yoast_head":"<!-- This site is optimized with the Yoast SEO plugin v24.2 - https:\/\/yoast.com\/wordpress\/plugins\/seo\/ -->\n<title>RDC : Martin Fayulu appelle \u00e0 rejouer les \u00e9lections dans un d\u00e9lai de six mois | Guin\u00e9e Diversit\u00e9<\/title>\n<meta name=\"robots\" content=\"index, follow, max-snippet:-1, max-image-preview:large, max-video-preview:-1\" \/>\n<link rel=\"canonical\" href=\"https:\/\/guineediversite.com\/index.php\/2019\/02\/11\/rdc-martin-fayulu-appelle-a-rejouer-les-elections-dans-un-delai-de-six-mois\/\" \/>\n<meta property=\"og:locale\" content=\"fr_FR\" \/>\n<meta property=\"og:type\" content=\"article\" \/>\n<meta property=\"og:title\" content=\"RDC : Martin Fayulu appelle \u00e0 rejouer les \u00e9lections dans un d\u00e9lai de six mois | Guin\u00e9e Diversit\u00e9\" \/>\n<meta property=\"og:description\" content=\"Ses voies de recours \u00e9tant \u00e9puis\u00e9es en RDC, Martin Fayulu, opposant et candidat malheureux face \u00e0 F\u00e9lix Tshisekedi lors de la pr\u00e9sidentielle du 30 d\u00e9cembre 2018, a appel\u00e9 l&rsquo;Union africaine \u00e0 cr\u00e9er un \u00ab comit\u00e9 sp\u00e9cial \u00bb pour la v\u00e9rification de la \u00ab v\u00e9rit\u00e9 des urnes \u00bb, et \u00e0 refaire les \u00e9lections dans six mois [&hellip;]\" \/>\n<meta property=\"og:url\" content=\"https:\/\/guineediversite.com\/index.php\/2019\/02\/11\/rdc-martin-fayulu-appelle-a-rejouer-les-elections-dans-un-delai-de-six-mois\/\" \/>\n<meta property=\"og:site_name\" content=\"Guin\u00e9e Diversit\u00e9\" \/>\n<meta property=\"article:publisher\" content=\"https:\/\/www.facebook.com\/guineediversite\/\" \/>\n<meta property=\"article:published_time\" content=\"2019-02-11T15:28:46+00:00\" \/>\n<meta property=\"og:image\" content=\"https:\/\/guineediversite.com\/wp-content\/uploads\/2019\/02\/whatsapp-image-2019-01-10-at-092944-592x296.jpeg\" \/>\n\t<meta property=\"og:image:width\" content=\"1900\" \/>\n\t<meta property=\"og:image:height\" content=\"950\" \/>\n\t<meta property=\"og:image:type\" content=\"image\/jpeg\" \/>\n<meta name=\"author\" content=\"Guin\u00e9e Diversit\u00e9\" \/>\n<meta name=\"twitter:card\" content=\"summary_large_image\" \/>\n<meta name=\"twitter:creator\" content=\"@GuineeDiversite\" \/>\n<meta name=\"twitter:site\" content=\"@GuineeDiversite\" \/>\n<meta name=\"twitter:label1\" content=\"\u00c9crit par\" \/>\n\t<meta name=\"twitter:data1\" content=\"Guin\u00e9e Diversit\u00e9\" \/>\n\t<meta name=\"twitter:label2\" content=\"Dur\u00e9e de lecture estim\u00e9e\" \/>\n\t<meta name=\"twitter:data2\" content=\"3 minutes\" \/>\n<script type=\"application\/ld+json\" class=\"yoast-schema-graph\">{\"@context\":\"https:\/\/schema.org\",\"@graph\":[{\"@type\":\"Article\",\"@id\":\"https:\/\/guineediversite.com\/index.php\/2019\/02\/11\/rdc-martin-fayulu-appelle-a-rejouer-les-elections-dans-un-delai-de-six-mois\/#article\",\"isPartOf\":{\"@id\":\"https:\/\/guineediversite.com\/index.php\/2019\/02\/11\/rdc-martin-fayulu-appelle-a-rejouer-les-elections-dans-un-delai-de-six-mois\/\"},\"author\":{\"name\":\"Guin\u00e9e Diversit\u00e9\",\"@id\":\"https:\/\/guineediversite.com\/#\/schema\/person\/afa08fb34e7fc6e1feafc892612bc836\"},\"headline\":\"RDC : Martin Fayulu appelle \u00e0 rejouer les \u00e9lections dans un d\u00e9lai de six mois\",\"datePublished\":\"2019-02-11T15:28:46+00:00\",\"dateModified\":\"2019-02-11T15:28:46+00:00\",\"mainEntityOfPage\":{\"@id\":\"https:\/\/guineediversite.com\/index.php\/2019\/02\/11\/rdc-martin-fayulu-appelle-a-rejouer-les-elections-dans-un-delai-de-six-mois\/\"},\"wordCount\":591,\"publisher\":{\"@id\":\"https:\/\/guineediversite.com\/#organization\"},\"image\":{\"@id\":\"https:\/\/guineediversite.com\/index.php\/2019\/02\/11\/rdc-martin-fayulu-appelle-a-rejouer-les-elections-dans-un-delai-de-six-mois\/#primaryimage\"},\"thumbnailUrl\":\"https:\/\/guineediversite.com\/wp-content\/uploads\/2019\/02\/whatsapp-image-2019-01-10-at-092944-592x296.jpeg\",\"articleSection\":[\"International\"],\"inLanguage\":\"fr-FR\"},{\"@type\":\"WebPage\",\"@id\":\"https:\/\/guineediversite.com\/index.php\/2019\/02\/11\/rdc-martin-fayulu-appelle-a-rejouer-les-elections-dans-un-delai-de-six-mois\/\",\"url\":\"https:\/\/guineediversite.com\/index.php\/2019\/02\/11\/rdc-martin-fayulu-appelle-a-rejouer-les-elections-dans-un-delai-de-six-mois\/\",\"name\":\"RDC : Martin Fayulu appelle \u00e0 rejouer les \u00e9lections dans un d\u00e9lai de six mois | Guin\u00e9e Diversit\u00e9\",\"isPartOf\":{\"@id\":\"https:\/\/guineediversite.com\/#website\"},\"primaryImageOfPage\":{\"@id\":\"https:\/\/guineediversite.com\/index.php\/2019\/02\/11\/rdc-martin-fayulu-appelle-a-rejouer-les-elections-dans-un-delai-de-six-mois\/#primaryimage\"},\"image\":{\"@id\":\"https:\/\/guineediversite.com\/index.php\/2019\/02\/11\/rdc-martin-fayulu-appelle-a-rejouer-les-elections-dans-un-delai-de-six-mois\/#primaryimage\"},\"thumbnailUrl\":\"https:\/\/guineediversite.com\/wp-content\/uploads\/2019\/02\/whatsapp-image-2019-01-10-at-092944-592x296.jpeg\",\"datePublished\":\"2019-02-11T15:28:46+00:00\",\"dateModified\":\"2019-02-11T15:28:46+00:00\",\"breadcrumb\":{\"@id\":\"https:\/\/guineediversite.com\/index.php\/2019\/02\/11\/rdc-martin-fayulu-appelle-a-rejouer-les-elections-dans-un-delai-de-six-mois\/#breadcrumb\"},\"inLanguage\":\"fr-FR\",\"potentialAction\":[{\"@type\":\"ReadAction\",\"target\":[\"https:\/\/guineediversite.com\/index.php\/2019\/02\/11\/rdc-martin-fayulu-appelle-a-rejouer-les-elections-dans-un-delai-de-six-mois\/\"]}]},{\"@type\":\"ImageObject\",\"inLanguage\":\"fr-FR\",\"@id\":\"https:\/\/guineediversite.com\/index.php\/2019\/02\/11\/rdc-martin-fayulu-appelle-a-rejouer-les-elections-dans-un-delai-de-six-mois\/#primaryimage\",\"url\":\"https:\/\/guineediversite.com\/wp-content\/uploads\/2019\/02\/whatsapp-image-2019-01-10-at-092944-592x296.jpeg\",\"contentUrl\":\"https:\/\/guineediversite.com\/wp-content\/uploads\/2019\/02\/whatsapp-image-2019-01-10-at-092944-592x296.jpeg\",\"width\":1900,\"height\":950},{\"@type\":\"BreadcrumbList\",\"@id\":\"https:\/\/guineediversite.com\/index.php\/2019\/02\/11\/rdc-martin-fayulu-appelle-a-rejouer-les-elections-dans-un-delai-de-six-mois\/#breadcrumb\",\"itemListElement\":[{\"@type\":\"ListItem\",\"position\":1,\"name\":\"Accueil\",\"item\":\"https:\/\/guineediversite.com\/\"},{\"@type\":\"ListItem\",\"position\":2,\"name\":\"RDC : Martin Fayulu appelle \u00e0 rejouer les \u00e9lections dans un d\u00e9lai de six mois\"}]},{\"@type\":\"WebSite\",\"@id\":\"https:\/\/guineediversite.com\/#website\",\"url\":\"https:\/\/guineediversite.com\/\",\"name\":\"Guin\u00e9e Diversit\u00e9\",\"description\":\"L&#039;Info dans toute sa diversit\u00e9\",\"publisher\":{\"@id\":\"https:\/\/guineediversite.com\/#organization\"},\"potentialAction\":[{\"@type\":\"SearchAction\",\"target\":{\"@type\":\"EntryPoint\",\"urlTemplate\":\"https:\/\/guineediversite.com\/?s={search_term_string}\"},\"query-input\":{\"@type\":\"PropertyValueSpecification\",\"valueRequired\":true,\"valueName\":\"search_term_string\"}}],\"inLanguage\":\"fr-FR\"},{\"@type\":\"Organization\",\"@id\":\"https:\/\/guineediversite.com\/#organization\",\"name\":\"Guin\u00e9e Diversit\u00e9\",\"url\":\"https:\/\/guineediversite.com\/\",\"logo\":{\"@type\":\"ImageObject\",\"inLanguage\":\"fr-FR\",\"@id\":\"https:\/\/guineediversite.com\/#\/schema\/logo\/image\/\",\"url\":\"https:\/\/guineediversite.com\/wp-content\/uploads\/2017\/04\/cropped-1jojlxEOMkX9Wyqfhe43D6kjPOGqBBKmx3EwWJqZ0cMrFF54yM49.png\",\"contentUrl\":\"https:\/\/guineediversite.com\/wp-content\/uploads\/2017\/04\/cropped-1jojlxEOMkX9Wyqfhe43D6kjPOGqBBKmx3EwWJqZ0cMrFF54yM49.png\",\"width\":186,\"height\":112,\"caption\":\"Guin\u00e9e Diversit\u00e9\"},\"image\":{\"@id\":\"https:\/\/guineediversite.com\/#\/schema\/logo\/image\/\"},\"sameAs\":[\"https:\/\/www.facebook.com\/guineediversite\/\",\"https:\/\/x.com\/GuineeDiversite\",\"https:\/\/www.youtube.com\/channel\/UC8sUY16qelG5ge6_D5SB83g\"]},{\"@type\":\"Person\",\"@id\":\"https:\/\/guineediversite.com\/#\/schema\/person\/afa08fb34e7fc6e1feafc892612bc836\",\"name\":\"Guin\u00e9e Diversit\u00e9\",\"image\":{\"@type\":\"ImageObject\",\"inLanguage\":\"fr-FR\",\"@id\":\"https:\/\/guineediversite.com\/#\/schema\/person\/image\/\",\"url\":\"https:\/\/secure.gravatar.com\/avatar\/50d5eb5b390f8b65ac30ac6f898eb83a?s=96&d=mm&r=g\",\"contentUrl\":\"https:\/\/secure.gravatar.com\/avatar\/50d5eb5b390f8b65ac30ac6f898eb83a?s=96&d=mm&r=g\",\"caption\":\"Guin\u00e9e Diversit\u00e9\"},\"url\":\"https:\/\/guineediversite.com\/index.php\/author\/guineediversite\/\"}]}<\/script>\n<!-- \/ Yoast SEO plugin. -->","yoast_head_json":{"title":"RDC : Martin Fayulu appelle \u00e0 rejouer les \u00e9lections dans un d\u00e9lai de six mois | Guin\u00e9e Diversit\u00e9","robots":{"index":"index","follow":"follow","max-snippet":"max-snippet:-1","max-image-preview":"max-image-preview:large","max-video-preview":"max-video-preview:-1"},"canonical":"https:\/\/guineediversite.com\/index.php\/2019\/02\/11\/rdc-martin-fayulu-appelle-a-rejouer-les-elections-dans-un-delai-de-six-mois\/","og_locale":"fr_FR","og_type":"article","og_title":"RDC : Martin Fayulu appelle \u00e0 rejouer les \u00e9lections dans un d\u00e9lai de six mois | Guin\u00e9e Diversit\u00e9","og_description":"Ses voies de recours \u00e9tant \u00e9puis\u00e9es en RDC, Martin Fayulu, opposant et candidat malheureux face \u00e0 F\u00e9lix Tshisekedi lors de la pr\u00e9sidentielle du 30 d\u00e9cembre 2018, a appel\u00e9 l&rsquo;Union africaine \u00e0 cr\u00e9er un \u00ab comit\u00e9 sp\u00e9cial \u00bb pour la v\u00e9rification de la \u00ab v\u00e9rit\u00e9 des urnes \u00bb, et \u00e0 refaire les \u00e9lections dans six mois [&hellip;]","og_url":"https:\/\/guineediversite.com\/index.php\/2019\/02\/11\/rdc-martin-fayulu-appelle-a-rejouer-les-elections-dans-un-delai-de-six-mois\/","og_site_name":"Guin\u00e9e Diversit\u00e9","article_publisher":"https:\/\/www.facebook.com\/guineediversite\/","article_published_time":"2019-02-11T15:28:46+00:00","og_image":[{"width":1900,"height":950,"url":"https:\/\/guineediversite.com\/wp-content\/uploads\/2019\/02\/whatsapp-image-2019-01-10-at-092944-592x296.jpeg","type":"image\/jpeg"}],"author":"Guin\u00e9e Diversit\u00e9","twitter_card":"summary_large_image","twitter_creator":"@GuineeDiversite","twitter_site":"@GuineeDiversite","twitter_misc":{"\u00c9crit par":"Guin\u00e9e Diversit\u00e9","Dur\u00e9e de lecture estim\u00e9e":"3 minutes"},"schema":{"@context":"https:\/\/schema.org","@graph":[{"@type":"Article","@id":"https:\/\/guineediversite.com\/index.php\/2019\/02\/11\/rdc-martin-fayulu-appelle-a-rejouer-les-elections-dans-un-delai-de-six-mois\/#article","isPartOf":{"@id":"https:\/\/guineediversite.com\/index.php\/2019\/02\/11\/rdc-martin-fayulu-appelle-a-rejouer-les-elections-dans-un-delai-de-six-mois\/"},"author":{"name":"Guin\u00e9e Diversit\u00e9","@id":"https:\/\/guineediversite.com\/#\/schema\/person\/afa08fb34e7fc6e1feafc892612bc836"},"headline":"RDC : Martin Fayulu appelle \u00e0 rejouer les \u00e9lections dans un d\u00e9lai de six mois","datePublished":"2019-02-11T15:28:46+00:00","dateModified":"2019-02-11T15:28:46+00:00","mainEntityOfPage":{"@id":"https:\/\/guineediversite.com\/index.php\/2019\/02\/11\/rdc-martin-fayulu-appelle-a-rejouer-les-elections-dans-un-delai-de-six-mois\/"},"wordCount":591,"publisher":{"@id":"https:\/\/guineediversite.com\/#organization"},"image":{"@id":"https:\/\/guineediversite.com\/index.php\/2019\/02\/11\/rdc-martin-fayulu-appelle-a-rejouer-les-elections-dans-un-delai-de-six-mois\/#primaryimage"},"thumbnailUrl":"https:\/\/guineediversite.com\/wp-content\/uploads\/2019\/02\/whatsapp-image-2019-01-10-at-092944-592x296.jpeg","articleSection":["International"],"inLanguage":"fr-FR"},{"@type":"WebPage","@id":"https:\/\/guineediversite.com\/index.php\/2019\/02\/11\/rdc-martin-fayulu-appelle-a-rejouer-les-elections-dans-un-delai-de-six-mois\/","url":"https:\/\/guineediversite.com\/index.php\/2019\/02\/11\/rdc-martin-fayulu-appelle-a-rejouer-les-elections-dans-un-delai-de-six-mois\/","name":"RDC : Martin Fayulu appelle \u00e0 rejouer les \u00e9lections dans un d\u00e9lai de six mois | Guin\u00e9e Diversit\u00e9","isPartOf":{"@id":"https:\/\/guineediversite.com\/#website"},"primaryImageOfPage":{"@id":"https:\/\/guineediversite.com\/index.php\/2019\/02\/11\/rdc-martin-fayulu-appelle-a-rejouer-les-elections-dans-un-delai-de-six-mois\/#primaryimage"},"image":{"@id":"https:\/\/guineediversite.com\/index.php\/2019\/02\/11\/rdc-martin-fayulu-appelle-a-rejouer-les-elections-dans-un-delai-de-six-mois\/#primaryimage"},"thumbnailUrl":"https:\/\/guineediversite.com\/wp-content\/uploads\/2019\/02\/whatsapp-image-2019-01-10-at-092944-592x296.jpeg","datePublished":"2019-02-11T15:28:46+00:00","dateModified":"2019-02-11T15:28:46+00:00","breadcrumb":{"@id":"https:\/\/guineediversite.com\/index.php\/2019\/02\/11\/rdc-martin-fayulu-appelle-a-rejouer-les-elections-dans-un-delai-de-six-mois\/#breadcrumb"},"inLanguage":"fr-FR","potentialAction":[{"@type":"ReadAction","target":["https:\/\/guineediversite.com\/index.php\/2019\/02\/11\/rdc-martin-fayulu-appelle-a-rejouer-les-elections-dans-un-delai-de-six-mois\/"]}]},{"@type":"ImageObject","inLanguage":"fr-FR","@id":"https:\/\/guineediversite.com\/index.php\/2019\/02\/11\/rdc-martin-fayulu-appelle-a-rejouer-les-elections-dans-un-delai-de-six-mois\/#primaryimage","url":"https:\/\/guineediversite.com\/wp-content\/uploads\/2019\/02\/whatsapp-image-2019-01-10-at-092944-592x296.jpeg","contentUrl":"https:\/\/guineediversite.com\/wp-content\/uploads\/2019\/02\/whatsapp-image-2019-01-10-at-092944-592x296.jpeg","width":1900,"height":950},{"@type":"BreadcrumbList","@id":"https:\/\/guineediversite.com\/index.php\/2019\/02\/11\/rdc-martin-fayulu-appelle-a-rejouer-les-elections-dans-un-delai-de-six-mois\/#breadcrumb","itemListElement":[{"@type":"ListItem","position":1,"name":"Accueil","item":"https:\/\/guineediversite.com\/"},{"@type":"ListItem","position":2,"name":"RDC : Martin Fayulu appelle \u00e0 rejouer les \u00e9lections dans un d\u00e9lai de six mois"}]},{"@type":"WebSite","@id":"https:\/\/guineediversite.com\/#website","url":"https:\/\/guineediversite.com\/","name":"Guin\u00e9e Diversit\u00e9","description":"L&#039;Info dans toute sa diversit\u00e9","publisher":{"@id":"https:\/\/guineediversite.com\/#organization"},"potentialAction":[{"@type":"SearchAction","target":{"@type":"EntryPoint","urlTemplate":"https:\/\/guineediversite.com\/?s={search_term_string}"},"query-input":{"@type":"PropertyValueSpecification","valueRequired":true,"valueName":"search_term_string"}}],"inLanguage":"fr-FR"},{"@type":"Organization","@id":"https:\/\/guineediversite.com\/#organization","name":"Guin\u00e9e Diversit\u00e9","url":"https:\/\/guineediversite.com\/","logo":{"@type":"ImageObject","inLanguage":"fr-FR","@id":"https:\/\/guineediversite.com\/#\/schema\/logo\/image\/","url":"https:\/\/guineediversite.com\/wp-content\/uploads\/2017\/04\/cropped-1jojlxEOMkX9Wyqfhe43D6kjPOGqBBKmx3EwWJqZ0cMrFF54yM49.png","contentUrl":"https:\/\/guineediversite.com\/wp-content\/uploads\/2017\/04\/cropped-1jojlxEOMkX9Wyqfhe43D6kjPOGqBBKmx3EwWJqZ0cMrFF54yM49.png","width":186,"height":112,"caption":"Guin\u00e9e Diversit\u00e9"},"image":{"@id":"https:\/\/guineediversite.com\/#\/schema\/logo\/image\/"},"sameAs":["https:\/\/www.facebook.com\/guineediversite\/","https:\/\/x.com\/GuineeDiversite","https:\/\/www.youtube.com\/channel\/UC8sUY16qelG5ge6_D5SB83g"]},{"@type":"Person","@id":"https:\/\/guineediversite.com\/#\/schema\/person\/afa08fb34e7fc6e1feafc892612bc836","name":"Guin\u00e9e Diversit\u00e9","image":{"@type":"ImageObject","inLanguage":"fr-FR","@id":"https:\/\/guineediversite.com\/#\/schema\/person\/image\/","url":"https:\/\/secure.gravatar.com\/avatar\/50d5eb5b390f8b65ac30ac6f898eb83a?s=96&d=mm&r=g","contentUrl":"https:\/\/secure.gravatar.com\/avatar\/50d5eb5b390f8b65ac30ac6f898eb83a?s=96&d=mm&r=g","caption":"Guin\u00e9e Diversit\u00e9"},"url":"https:\/\/guineediversite.com\/index.php\/author\/guineediversite\/"}]}},"_links":{"self":[{"href":"https:\/\/guineediversite.com\/index.php\/wp-json\/wp\/v2\/posts\/27933"}],"collection":[{"href":"https:\/\/guineediversite.com\/index.php\/wp-json\/wp\/v2\/posts"}],"about":[{"href":"https:\/\/guineediversite.com\/index.php\/wp-json\/wp\/v2\/types\/post"}],"author":[{"embeddable":true,"href":"https:\/\/guineediversite.com\/index.php\/wp-json\/wp\/v2\/users\/12"}],"replies":[{"embeddable":true,"href":"https:\/\/guineediversite.com\/index.php\/wp-json\/wp\/v2\/comments?post=27933"}],"version-history":[{"count":0,"href":"https:\/\/guineediversite.com\/index.php\/wp-json\/wp\/v2\/posts\/27933\/revisions"}],"wp:featuredmedia":[{"embeddable":true,"href":"https:\/\/guineediversite.com\/index.php\/wp-json\/wp\/v2\/media\/27934"}],"wp:attachment":[{"href":"https:\/\/guineediversite.com\/index.php\/wp-json\/wp\/v2\/media?parent=27933"}],"wp:term":[{"taxonomy":"category","embeddable":true,"href":"https:\/\/guineediversite.com\/index.php\/wp-json\/wp\/v2\/categories?post=27933"},{"taxonomy":"post_tag","embeddable":true,"href":"https:\/\/guineediversite.com\/index.php\/wp-json\/wp\/v2\/tags?post=27933"}],"curies":[{"name":"wp","href":"https:\/\/api.w.org\/{rel}","templated":true}]}}