{"id":27930,"date":"2019-02-07T22:37:00","date_gmt":"2019-02-07T21:37:00","guid":{"rendered":"https:\/\/guineediversite.com\/?p=27930"},"modified":"2019-02-07T22:37:00","modified_gmt":"2019-02-07T21:37:00","slug":"mairie-de-matoto-mamadouba-tos-camara-aux-commandes","status":"publish","type":"post","link":"https:\/\/guineediversite.com\/index.php\/2019\/02\/07\/mairie-de-matoto-mamadouba-tos-camara-aux-commandes\/","title":{"rendered":"Mairie de\u00a0Matoto\u00a0:\u00a0Mamadouba\u00a0Tos\u00a0Camara\u00a0aux commandes"},"content":{"rendered":"<p><span id=\"p2\"><strong>\u00c0\u00a0l&rsquo;issu de la reprise de l&rsquo;\u00e9lection du maire de\u00a0<span id=\"15\" class=\"s-rg-t\">Matoto<\/span>, Mamadouba\u00a0<span id=\"16\" class=\"s-rg-t\">Tos<\/span>\u00a0<span id=\"17\" class=\"s-rg-t\">Camara<\/span>\u00a0du RPG a \u00e9t\u00e9 \u00e9lu \u00e0 la t\u00eate de la plus grande commune de Conakry avec 30 voix sur 45 en pr\u00e9sence de 10 partis politiques et 2 mouvements.<\/strong><br \/>\n<\/span><br \/>\n<span id=\"p3\">Seul candidat \u00e0 ce poste, Mamadouba\u00a0<span id=\"18\" class=\"s-rg-t\">Tos<\/span>\u00a0<span id=\"19\" class=\"s-rg-t\">Camara<\/span>\u00a0est second\u00e9 par Sakoba de L&rsquo;UFR, le deuxi\u00e8me vice-maire est Ibrahima\u00a0<span id=\"20\" class=\"s-rg-t\">Sory<\/span>\u00a0<span id=\"21\" class=\"s-rg-t\">Ciss\u00e9<\/span>\u00a0du RPG, comme troisi\u00e8me vice-maire, M&rsquo;<span id=\"22\" class=\"s-rg-t\">Balou<\/span>\u00a0Fatoumata\u00a0<span id=\"23\" class=\"s-rg-t\">Camara<\/span>\u00a0de\u00a0<span id=\"24\" class=\"s-rg-t\">RDIG<\/span>, le quatri\u00e8me vice-maire est\u00a0<span id=\"25\" class=\"s-rg-t\">Mohamede<\/span>\u00a0<span id=\"26\" class=\"s-rg-t\">Momo<\/span>\u00a0<span id=\"27\" class=\"s-rg-t\">Camara<\/span>\u00a0du RPG,\u00a0cinqui\u00e8me\u00a0vice-maire Elhadj\u00a0<span id=\"29\" class=\"s-rg-t\">Bafod\u00e9<\/span>\u00a0<span id=\"30\" class=\"s-rg-t\">Dram\u00e9<\/span>\u00a0de l&rsquo;UFR, sixi\u00e8me vice-maire est\u00a0<span id=\"31\" class=\"s-rg-t\">Siaka<\/span>\u00a0<span id=\"32\" class=\"s-rg-t\">Traor\u00e9<\/span>\u00a0du RPG et le septi\u00e8me vice-maire est Issiaga\u00a0<span id=\"33\" class=\"s-rg-t\">Baga<\/span>\u00a0Bangoura du RPD-RDA.<\/p>\n<p><\/span><a href=\"https:\/\/guineediversite.com.bwjx4292.odns.fr\/index.php\/2019\/02\/07\/mairie-de-matoto-lambiance-des-premieres-heures\/\">Lire aussi<\/a>\u00a0<strong>Mairie de Matoto: l\u2019ambiance des premi\u00e8res heures<br \/>\n<\/strong><br \/>\n<span id=\"p4\">Pour le nouveau maire \u00e9lu, les d\u00e9fis sont \u00e9normes :<\/span><span id=\"p5\">\u00a0\u00ab <em>Mon premier d\u00e9fis est de faire que la population nous fasses confiance et pour le faire, il faut aller \u00e0 la base pour les sensibiliser pour qu&rsquo;elle puisse adh\u00e9rer \u00e0 nos projets de soci\u00e9t\u00e9 \u00bb<\/em>, a d\u00e9clar\u00e9 le nouveau maire avant de d\u00e9plorer l&rsquo;absence du camp adverse \u00e0 cette \u00e9lection.<\/span><span id=\"p6\">\u00a0\u00ab <em>Il fallait \u00eatre l\u00e0 pour un esprit d\u00e9mocratique.<\/em><\/span><span id=\"p7\"><em>\u00a0C&rsquo;est la Guin\u00e9e d&rsquo;abord, c&rsquo;est la commune d&rsquo;abord\u00a0quelle que\u00a0soit l\u2019adversit\u00e9 politique \u00bb,<\/em> a soulign\u00e9\u00a0<span id=\"35\" class=\"s-rg-t\">Mamadouba<\/span>\u00a0<span id=\"36\" class=\"s-rg-t\">Tos<\/span>\u00a0<span id=\"37\" class=\"s-rg-t\">Camara<\/span>.<\/span><span id=\"p8\">\u00a0<\/span><\/p>\n<p><span id=\"p9\">Moussa Moise\u00a0<span id=\"38\">KEITA<\/span><\/span><\/p>\n","protected":false},"excerpt":{"rendered":"<p>\u00c0\u00a0l&rsquo;issu de la reprise de l&rsquo;\u00e9lection du maire de\u00a0Matoto, Mamadouba\u00a0Tos\u00a0Camara\u00a0du RPG a \u00e9t\u00e9 \u00e9lu \u00e0 la t\u00eate de la plus grande commune de Conakry avec 30 voix sur 45 en pr\u00e9sence de 10 partis politiques et 2 mouvements. Seul candidat \u00e0 ce poste, Mamadouba\u00a0Tos\u00a0Camara\u00a0est second\u00e9 par Sakoba de L&rsquo;UFR, le deuxi\u00e8me vice-maire est Ibrahima\u00a0Sory\u00a0Ciss\u00e9\u00a0du RPG, [&hellip;]<\/p>\n","protected":false},"author":16,"featured_media":27931,"comment_status":"closed","ping_status":"closed","sticky":false,"template":"","format":"standard","meta":{"_exactmetrics_skip_tracking":false,"_exactmetrics_sitenote_active":false,"_exactmetrics_sitenote_note":"","_exactmetrics_sitenote_category":0,"tdm_status":"","tdm_grid_status":"","footnotes":""},"categories":[254,14],"tags":[],"class_list":{"0":"post-27930","1":"post","2":"type-post","3":"status-publish","4":"format-standard","5":"has-post-thumbnail","7":"category-derniere-minute","8":"category-politique"},"yoast_head":"<!-- This site is optimized with the Yoast SEO plugin v24.2 - https:\/\/yoast.com\/wordpress\/plugins\/seo\/ -->\n<title>Mairie de\u00a0Matoto\u00a0:\u00a0Mamadouba\u00a0Tos\u00a0Camara\u00a0aux commandes | Guin\u00e9e Diversit\u00e9<\/title>\n<meta name=\"robots\" content=\"index, follow, max-snippet:-1, max-image-preview:large, max-video-preview:-1\" \/>\n<link rel=\"canonical\" href=\"https:\/\/guineediversite.com\/index.php\/2019\/02\/07\/mairie-de-matoto-mamadouba-tos-camara-aux-commandes\/\" \/>\n<meta property=\"og:locale\" content=\"fr_FR\" \/>\n<meta property=\"og:type\" content=\"article\" \/>\n<meta property=\"og:title\" content=\"Mairie de\u00a0Matoto\u00a0:\u00a0Mamadouba\u00a0Tos\u00a0Camara\u00a0aux commandes | Guin\u00e9e Diversit\u00e9\" \/>\n<meta property=\"og:description\" content=\"\u00c0\u00a0l&rsquo;issu de la reprise de l&rsquo;\u00e9lection du maire de\u00a0Matoto, Mamadouba\u00a0Tos\u00a0Camara\u00a0du RPG a \u00e9t\u00e9 \u00e9lu \u00e0 la t\u00eate de la plus grande commune de Conakry avec 30 voix sur 45 en pr\u00e9sence de 10 partis politiques et 2 mouvements. Seul candidat \u00e0 ce poste, Mamadouba\u00a0Tos\u00a0Camara\u00a0est second\u00e9 par Sakoba de L&rsquo;UFR, le deuxi\u00e8me vice-maire est Ibrahima\u00a0Sory\u00a0Ciss\u00e9\u00a0du RPG, [&hellip;]\" \/>\n<meta property=\"og:url\" content=\"https:\/\/guineediversite.com\/index.php\/2019\/02\/07\/mairie-de-matoto-mamadouba-tos-camara-aux-commandes\/\" \/>\n<meta property=\"og:site_name\" content=\"Guin\u00e9e Diversit\u00e9\" \/>\n<meta property=\"article:publisher\" content=\"https:\/\/www.facebook.com\/guineediversite\/\" \/>\n<meta property=\"article:published_time\" content=\"2019-02-07T21:37:00+00:00\" \/>\n<meta property=\"og:image\" content=\"https:\/\/guineediversite.com\/wp-content\/uploads\/2019\/02\/51861042_2765975606961749_2948593691217887232_n.jpg\" \/>\n\t<meta property=\"og:image:width\" content=\"1040\" \/>\n\t<meta property=\"og:image:height\" content=\"780\" \/>\n\t<meta property=\"og:image:type\" content=\"image\/jpeg\" \/>\n<meta name=\"author\" content=\"Moussa Mo\u00efse K\u00e9ita\" \/>\n<meta name=\"twitter:card\" content=\"summary_large_image\" \/>\n<meta name=\"twitter:creator\" content=\"@GuineeDiversite\" \/>\n<meta name=\"twitter:site\" content=\"@GuineeDiversite\" \/>\n<meta name=\"twitter:label1\" content=\"\u00c9crit par\" \/>\n\t<meta name=\"twitter:data1\" content=\"Moussa Mo\u00efse K\u00e9ita\" \/>\n\t<meta name=\"twitter:label2\" content=\"Dur\u00e9e de lecture estim\u00e9e\" \/>\n\t<meta name=\"twitter:data2\" content=\"1 minute\" \/>\n<script type=\"application\/ld+json\" class=\"yoast-schema-graph\">{\"@context\":\"https:\/\/schema.org\",\"@graph\":[{\"@type\":\"Article\",\"@id\":\"https:\/\/guineediversite.com\/index.php\/2019\/02\/07\/mairie-de-matoto-mamadouba-tos-camara-aux-commandes\/#article\",\"isPartOf\":{\"@id\":\"https:\/\/guineediversite.com\/index.php\/2019\/02\/07\/mairie-de-matoto-mamadouba-tos-camara-aux-commandes\/\"},\"author\":{\"name\":\"Moussa Mo\u00efse K\u00e9ita\",\"@id\":\"https:\/\/guineediversite.com\/#\/schema\/person\/079ec347f72d2acde4b56a50a4fd46dc\"},\"headline\":\"Mairie de\u00a0Matoto\u00a0:\u00a0Mamadouba\u00a0Tos\u00a0Camara\u00a0aux commandes\",\"datePublished\":\"2019-02-07T21:37:00+00:00\",\"dateModified\":\"2019-02-07T21:37:00+00:00\",\"mainEntityOfPage\":{\"@id\":\"https:\/\/guineediversite.com\/index.php\/2019\/02\/07\/mairie-de-matoto-mamadouba-tos-camara-aux-commandes\/\"},\"wordCount\":231,\"publisher\":{\"@id\":\"https:\/\/guineediversite.com\/#organization\"},\"image\":{\"@id\":\"https:\/\/guineediversite.com\/index.php\/2019\/02\/07\/mairie-de-matoto-mamadouba-tos-camara-aux-commandes\/#primaryimage\"},\"thumbnailUrl\":\"https:\/\/guineediversite.com\/wp-content\/uploads\/2019\/02\/51861042_2765975606961749_2948593691217887232_n.jpg\",\"articleSection\":[\"Derni\u00e8re minute\",\"Politique\"],\"inLanguage\":\"fr-FR\"},{\"@type\":\"WebPage\",\"@id\":\"https:\/\/guineediversite.com\/index.php\/2019\/02\/07\/mairie-de-matoto-mamadouba-tos-camara-aux-commandes\/\",\"url\":\"https:\/\/guineediversite.com\/index.php\/2019\/02\/07\/mairie-de-matoto-mamadouba-tos-camara-aux-commandes\/\",\"name\":\"Mairie de\u00a0Matoto\u00a0:\u00a0Mamadouba\u00a0Tos\u00a0Camara\u00a0aux commandes | Guin\u00e9e Diversit\u00e9\",\"isPartOf\":{\"@id\":\"https:\/\/guineediversite.com\/#website\"},\"primaryImageOfPage\":{\"@id\":\"https:\/\/guineediversite.com\/index.php\/2019\/02\/07\/mairie-de-matoto-mamadouba-tos-camara-aux-commandes\/#primaryimage\"},\"image\":{\"@id\":\"https:\/\/guineediversite.com\/index.php\/2019\/02\/07\/mairie-de-matoto-mamadouba-tos-camara-aux-commandes\/#primaryimage\"},\"thumbnailUrl\":\"https:\/\/guineediversite.com\/wp-content\/uploads\/2019\/02\/51861042_2765975606961749_2948593691217887232_n.jpg\",\"datePublished\":\"2019-02-07T21:37:00+00:00\",\"dateModified\":\"2019-02-07T21:37:00+00:00\",\"breadcrumb\":{\"@id\":\"https:\/\/guineediversite.com\/index.php\/2019\/02\/07\/mairie-de-matoto-mamadouba-tos-camara-aux-commandes\/#breadcrumb\"},\"inLanguage\":\"fr-FR\",\"potentialAction\":[{\"@type\":\"ReadAction\",\"target\":[\"https:\/\/guineediversite.com\/index.php\/2019\/02\/07\/mairie-de-matoto-mamadouba-tos-camara-aux-commandes\/\"]}]},{\"@type\":\"ImageObject\",\"inLanguage\":\"fr-FR\",\"@id\":\"https:\/\/guineediversite.com\/index.php\/2019\/02\/07\/mairie-de-matoto-mamadouba-tos-camara-aux-commandes\/#primaryimage\",\"url\":\"https:\/\/guineediversite.com\/wp-content\/uploads\/2019\/02\/51861042_2765975606961749_2948593691217887232_n.jpg\",\"contentUrl\":\"https:\/\/guineediversite.com\/wp-content\/uploads\/2019\/02\/51861042_2765975606961749_2948593691217887232_n.jpg\",\"width\":1040,\"height\":780},{\"@type\":\"BreadcrumbList\",\"@id\":\"https:\/\/guineediversite.com\/index.php\/2019\/02\/07\/mairie-de-matoto-mamadouba-tos-camara-aux-commandes\/#breadcrumb\",\"itemListElement\":[{\"@type\":\"ListItem\",\"position\":1,\"name\":\"Accueil\",\"item\":\"https:\/\/guineediversite.com\/\"},{\"@type\":\"ListItem\",\"position\":2,\"name\":\"Mairie de\u00a0Matoto\u00a0:\u00a0Mamadouba\u00a0Tos\u00a0Camara\u00a0aux commandes\"}]},{\"@type\":\"WebSite\",\"@id\":\"https:\/\/guineediversite.com\/#website\",\"url\":\"https:\/\/guineediversite.com\/\",\"name\":\"Guin\u00e9e Diversit\u00e9\",\"description\":\"L&#039;Info dans toute sa diversit\u00e9\",\"publisher\":{\"@id\":\"https:\/\/guineediversite.com\/#organization\"},\"potentialAction\":[{\"@type\":\"SearchAction\",\"target\":{\"@type\":\"EntryPoint\",\"urlTemplate\":\"https:\/\/guineediversite.com\/?s={search_term_string}\"},\"query-input\":{\"@type\":\"PropertyValueSpecification\",\"valueRequired\":true,\"valueName\":\"search_term_string\"}}],\"inLanguage\":\"fr-FR\"},{\"@type\":\"Organization\",\"@id\":\"https:\/\/guineediversite.com\/#organization\",\"name\":\"Guin\u00e9e Diversit\u00e9\",\"url\":\"https:\/\/guineediversite.com\/\",\"logo\":{\"@type\":\"ImageObject\",\"inLanguage\":\"fr-FR\",\"@id\":\"https:\/\/guineediversite.com\/#\/schema\/logo\/image\/\",\"url\":\"https:\/\/guineediversite.com\/wp-content\/uploads\/2017\/04\/cropped-1jojlxEOMkX9Wyqfhe43D6kjPOGqBBKmx3EwWJqZ0cMrFF54yM49.png\",\"contentUrl\":\"https:\/\/guineediversite.com\/wp-content\/uploads\/2017\/04\/cropped-1jojlxEOMkX9Wyqfhe43D6kjPOGqBBKmx3EwWJqZ0cMrFF54yM49.png\",\"width\":186,\"height\":112,\"caption\":\"Guin\u00e9e Diversit\u00e9\"},\"image\":{\"@id\":\"https:\/\/guineediversite.com\/#\/schema\/logo\/image\/\"},\"sameAs\":[\"https:\/\/www.facebook.com\/guineediversite\/\",\"https:\/\/x.com\/GuineeDiversite\",\"https:\/\/www.youtube.com\/channel\/UC8sUY16qelG5ge6_D5SB83g\"]},{\"@type\":\"Person\",\"@id\":\"https:\/\/guineediversite.com\/#\/schema\/person\/079ec347f72d2acde4b56a50a4fd46dc\",\"name\":\"Moussa Mo\u00efse K\u00e9ita\",\"image\":{\"@type\":\"ImageObject\",\"inLanguage\":\"fr-FR\",\"@id\":\"https:\/\/guineediversite.com\/#\/schema\/person\/image\/\",\"url\":\"https:\/\/secure.gravatar.com\/avatar\/edf1ea2cc01841e6c0b49384bcb1385b?s=96&d=mm&r=g\",\"contentUrl\":\"https:\/\/secure.gravatar.com\/avatar\/edf1ea2cc01841e6c0b49384bcb1385b?s=96&d=mm&r=g\",\"caption\":\"Moussa Mo\u00efse K\u00e9ita\"},\"url\":\"https:\/\/guineediversite.com\/index.php\/author\/moussa-moise\/\"}]}<\/script>\n<!-- \/ Yoast SEO plugin. -->","yoast_head_json":{"title":"Mairie de\u00a0Matoto\u00a0:\u00a0Mamadouba\u00a0Tos\u00a0Camara\u00a0aux commandes | Guin\u00e9e Diversit\u00e9","robots":{"index":"index","follow":"follow","max-snippet":"max-snippet:-1","max-image-preview":"max-image-preview:large","max-video-preview":"max-video-preview:-1"},"canonical":"https:\/\/guineediversite.com\/index.php\/2019\/02\/07\/mairie-de-matoto-mamadouba-tos-camara-aux-commandes\/","og_locale":"fr_FR","og_type":"article","og_title":"Mairie de\u00a0Matoto\u00a0:\u00a0Mamadouba\u00a0Tos\u00a0Camara\u00a0aux commandes | Guin\u00e9e Diversit\u00e9","og_description":"\u00c0\u00a0l&rsquo;issu de la reprise de l&rsquo;\u00e9lection du maire de\u00a0Matoto, Mamadouba\u00a0Tos\u00a0Camara\u00a0du RPG a \u00e9t\u00e9 \u00e9lu \u00e0 la t\u00eate de la plus grande commune de Conakry avec 30 voix sur 45 en pr\u00e9sence de 10 partis politiques et 2 mouvements. Seul candidat \u00e0 ce poste, Mamadouba\u00a0Tos\u00a0Camara\u00a0est second\u00e9 par Sakoba de L&rsquo;UFR, le deuxi\u00e8me vice-maire est Ibrahima\u00a0Sory\u00a0Ciss\u00e9\u00a0du RPG, [&hellip;]","og_url":"https:\/\/guineediversite.com\/index.php\/2019\/02\/07\/mairie-de-matoto-mamadouba-tos-camara-aux-commandes\/","og_site_name":"Guin\u00e9e Diversit\u00e9","article_publisher":"https:\/\/www.facebook.com\/guineediversite\/","article_published_time":"2019-02-07T21:37:00+00:00","og_image":[{"width":1040,"height":780,"url":"https:\/\/guineediversite.com\/wp-content\/uploads\/2019\/02\/51861042_2765975606961749_2948593691217887232_n.jpg","type":"image\/jpeg"}],"author":"Moussa Mo\u00efse K\u00e9ita","twitter_card":"summary_large_image","twitter_creator":"@GuineeDiversite","twitter_site":"@GuineeDiversite","twitter_misc":{"\u00c9crit par":"Moussa Mo\u00efse K\u00e9ita","Dur\u00e9e de lecture estim\u00e9e":"1 minute"},"schema":{"@context":"https:\/\/schema.org","@graph":[{"@type":"Article","@id":"https:\/\/guineediversite.com\/index.php\/2019\/02\/07\/mairie-de-matoto-mamadouba-tos-camara-aux-commandes\/#article","isPartOf":{"@id":"https:\/\/guineediversite.com\/index.php\/2019\/02\/07\/mairie-de-matoto-mamadouba-tos-camara-aux-commandes\/"},"author":{"name":"Moussa Mo\u00efse K\u00e9ita","@id":"https:\/\/guineediversite.com\/#\/schema\/person\/079ec347f72d2acde4b56a50a4fd46dc"},"headline":"Mairie de\u00a0Matoto\u00a0:\u00a0Mamadouba\u00a0Tos\u00a0Camara\u00a0aux commandes","datePublished":"2019-02-07T21:37:00+00:00","dateModified":"2019-02-07T21:37:00+00:00","mainEntityOfPage":{"@id":"https:\/\/guineediversite.com\/index.php\/2019\/02\/07\/mairie-de-matoto-mamadouba-tos-camara-aux-commandes\/"},"wordCount":231,"publisher":{"@id":"https:\/\/guineediversite.com\/#organization"},"image":{"@id":"https:\/\/guineediversite.com\/index.php\/2019\/02\/07\/mairie-de-matoto-mamadouba-tos-camara-aux-commandes\/#primaryimage"},"thumbnailUrl":"https:\/\/guineediversite.com\/wp-content\/uploads\/2019\/02\/51861042_2765975606961749_2948593691217887232_n.jpg","articleSection":["Derni\u00e8re minute","Politique"],"inLanguage":"fr-FR"},{"@type":"WebPage","@id":"https:\/\/guineediversite.com\/index.php\/2019\/02\/07\/mairie-de-matoto-mamadouba-tos-camara-aux-commandes\/","url":"https:\/\/guineediversite.com\/index.php\/2019\/02\/07\/mairie-de-matoto-mamadouba-tos-camara-aux-commandes\/","name":"Mairie de\u00a0Matoto\u00a0:\u00a0Mamadouba\u00a0Tos\u00a0Camara\u00a0aux commandes | Guin\u00e9e Diversit\u00e9","isPartOf":{"@id":"https:\/\/guineediversite.com\/#website"},"primaryImageOfPage":{"@id":"https:\/\/guineediversite.com\/index.php\/2019\/02\/07\/mairie-de-matoto-mamadouba-tos-camara-aux-commandes\/#primaryimage"},"image":{"@id":"https:\/\/guineediversite.com\/index.php\/2019\/02\/07\/mairie-de-matoto-mamadouba-tos-camara-aux-commandes\/#primaryimage"},"thumbnailUrl":"https:\/\/guineediversite.com\/wp-content\/uploads\/2019\/02\/51861042_2765975606961749_2948593691217887232_n.jpg","datePublished":"2019-02-07T21:37:00+00:00","dateModified":"2019-02-07T21:37:00+00:00","breadcrumb":{"@id":"https:\/\/guineediversite.com\/index.php\/2019\/02\/07\/mairie-de-matoto-mamadouba-tos-camara-aux-commandes\/#breadcrumb"},"inLanguage":"fr-FR","potentialAction":[{"@type":"ReadAction","target":["https:\/\/guineediversite.com\/index.php\/2019\/02\/07\/mairie-de-matoto-mamadouba-tos-camara-aux-commandes\/"]}]},{"@type":"ImageObject","inLanguage":"fr-FR","@id":"https:\/\/guineediversite.com\/index.php\/2019\/02\/07\/mairie-de-matoto-mamadouba-tos-camara-aux-commandes\/#primaryimage","url":"https:\/\/guineediversite.com\/wp-content\/uploads\/2019\/02\/51861042_2765975606961749_2948593691217887232_n.jpg","contentUrl":"https:\/\/guineediversite.com\/wp-content\/uploads\/2019\/02\/51861042_2765975606961749_2948593691217887232_n.jpg","width":1040,"height":780},{"@type":"BreadcrumbList","@id":"https:\/\/guineediversite.com\/index.php\/2019\/02\/07\/mairie-de-matoto-mamadouba-tos-camara-aux-commandes\/#breadcrumb","itemListElement":[{"@type":"ListItem","position":1,"name":"Accueil","item":"https:\/\/guineediversite.com\/"},{"@type":"ListItem","position":2,"name":"Mairie de\u00a0Matoto\u00a0:\u00a0Mamadouba\u00a0Tos\u00a0Camara\u00a0aux commandes"}]},{"@type":"WebSite","@id":"https:\/\/guineediversite.com\/#website","url":"https:\/\/guineediversite.com\/","name":"Guin\u00e9e Diversit\u00e9","description":"L&#039;Info dans toute sa diversit\u00e9","publisher":{"@id":"https:\/\/guineediversite.com\/#organization"},"potentialAction":[{"@type":"SearchAction","target":{"@type":"EntryPoint","urlTemplate":"https:\/\/guineediversite.com\/?s={search_term_string}"},"query-input":{"@type":"PropertyValueSpecification","valueRequired":true,"valueName":"search_term_string"}}],"inLanguage":"fr-FR"},{"@type":"Organization","@id":"https:\/\/guineediversite.com\/#organization","name":"Guin\u00e9e Diversit\u00e9","url":"https:\/\/guineediversite.com\/","logo":{"@type":"ImageObject","inLanguage":"fr-FR","@id":"https:\/\/guineediversite.com\/#\/schema\/logo\/image\/","url":"https:\/\/guineediversite.com\/wp-content\/uploads\/2017\/04\/cropped-1jojlxEOMkX9Wyqfhe43D6kjPOGqBBKmx3EwWJqZ0cMrFF54yM49.png","contentUrl":"https:\/\/guineediversite.com\/wp-content\/uploads\/2017\/04\/cropped-1jojlxEOMkX9Wyqfhe43D6kjPOGqBBKmx3EwWJqZ0cMrFF54yM49.png","width":186,"height":112,"caption":"Guin\u00e9e Diversit\u00e9"},"image":{"@id":"https:\/\/guineediversite.com\/#\/schema\/logo\/image\/"},"sameAs":["https:\/\/www.facebook.com\/guineediversite\/","https:\/\/x.com\/GuineeDiversite","https:\/\/www.youtube.com\/channel\/UC8sUY16qelG5ge6_D5SB83g"]},{"@type":"Person","@id":"https:\/\/guineediversite.com\/#\/schema\/person\/079ec347f72d2acde4b56a50a4fd46dc","name":"Moussa Mo\u00efse K\u00e9ita","image":{"@type":"ImageObject","inLanguage":"fr-FR","@id":"https:\/\/guineediversite.com\/#\/schema\/person\/image\/","url":"https:\/\/secure.gravatar.com\/avatar\/edf1ea2cc01841e6c0b49384bcb1385b?s=96&d=mm&r=g","contentUrl":"https:\/\/secure.gravatar.com\/avatar\/edf1ea2cc01841e6c0b49384bcb1385b?s=96&d=mm&r=g","caption":"Moussa Mo\u00efse K\u00e9ita"},"url":"https:\/\/guineediversite.com\/index.php\/author\/moussa-moise\/"}]}},"_links":{"self":[{"href":"https:\/\/guineediversite.com\/index.php\/wp-json\/wp\/v2\/posts\/27930"}],"collection":[{"href":"https:\/\/guineediversite.com\/index.php\/wp-json\/wp\/v2\/posts"}],"about":[{"href":"https:\/\/guineediversite.com\/index.php\/wp-json\/wp\/v2\/types\/post"}],"author":[{"embeddable":true,"href":"https:\/\/guineediversite.com\/index.php\/wp-json\/wp\/v2\/users\/16"}],"replies":[{"embeddable":true,"href":"https:\/\/guineediversite.com\/index.php\/wp-json\/wp\/v2\/comments?post=27930"}],"version-history":[{"count":0,"href":"https:\/\/guineediversite.com\/index.php\/wp-json\/wp\/v2\/posts\/27930\/revisions"}],"wp:featuredmedia":[{"embeddable":true,"href":"https:\/\/guineediversite.com\/index.php\/wp-json\/wp\/v2\/media\/27931"}],"wp:attachment":[{"href":"https:\/\/guineediversite.com\/index.php\/wp-json\/wp\/v2\/media?parent=27930"}],"wp:term":[{"taxonomy":"category","embeddable":true,"href":"https:\/\/guineediversite.com\/index.php\/wp-json\/wp\/v2\/categories?post=27930"},{"taxonomy":"post_tag","embeddable":true,"href":"https:\/\/guineediversite.com\/index.php\/wp-json\/wp\/v2\/tags?post=27930"}],"curies":[{"name":"wp","href":"https:\/\/api.w.org\/{rel}","templated":true}]}}