{"id":27921,"date":"2019-02-06T20:20:30","date_gmt":"2019-02-06T19:20:30","guid":{"rendered":"https:\/\/guineediversite.com\/?p=27921"},"modified":"2019-02-06T20:20:30","modified_gmt":"2019-02-06T19:20:30","slug":"mairie-de-matoto-des-cacophonies-sur-la-reprise-des-elections-des-elus-locaux","status":"publish","type":"post","link":"https:\/\/guineediversite.com\/index.php\/2019\/02\/06\/mairie-de-matoto-des-cacophonies-sur-la-reprise-des-elections-des-elus-locaux\/","title":{"rendered":"Mairie de Matoto : Des cacophonies sur la reprise des \u00e9lections des \u00e9lus locaux"},"content":{"rendered":"<p>Il \u00e9tait pr\u00e9vu ce mercredi 06 f\u00e9vrier \u00e0 la mairie de Matotot la reprise des \u00e9lections des \u00e9lus locaux, cette annonce de reprise des \u00e9lections a \u00e9t\u00e9 faite par le ministre Bour\u00e9ma Cond\u00e9, ministre de l\u2019administration du territoire et de la d\u00e9centralisation. Une d\u00e9cision qui n\u2019est pas salu\u00e9e par le parti de l\u2019opposition r\u00e9publicaine \u00a0\u00ab\u00a0l\u2019UFDG\u00a0\u00bb qui r\u00e9clame son candidat comme maire de la commune.<\/p>\n<p>Pour la t\u00eate de liste du parti de l\u2019Union des Forces D\u00e9mocratiques de Guin\u00e9ei, il ne sera pas question d\u2019une reprise des \u00e9lections dans cette commune \u00ab aujourd\u2019hui on veut mettre en cause cette \u00e9lection on n\u2019est pas d\u2019accord, nous avons \u00e9t\u00e9 \u00e9lu devant cette presse r\u00e9guli\u00e8rement 23 voix sur 45 un militant du RPG m\u00e9content du r\u00e9sultat a d\u00e9chir\u00e9 les bulletins du RPG devant tout le monde, nous ne pouvons pas reprendre l\u2019\u00e9lection \u00e0 ce qui concerne le maire il est d\u00e9j\u00e0 \u00e9lu \u00bb mart\u00e8le Kal\u00e9modou Yansan\u00e9.<\/p>\n<p>Poursuivant, monsieur Yansan\u00e9 invite les militant \u00e0 pr\u00e9server la paix \u00ab je vous invite \u00e0 la paix, ne provoquez personne, je r\u00e9p\u00e8te ne provoquez personne nous sommes dans le domaine de la loi, lorsque nous avons vu que nos droits \u00e9taient brim\u00e9es, on a saisi la cour supr\u00eame qui a dit que le ministre de l\u2019administration du territoire n\u2019\u00e9tait pas habilit\u00e9 de suspendre, d\u2019annuler ou de valider une \u00e9lection, il a simplement le r\u00f4le de convoquer le corps \u00e9lectoral, j\u2019ai envoy\u00e9 un courrier hier au ministre pour lui dire s\u2019il veut convoquer le corps \u00e9lectoral on attend l\u2019arr\u00eat\u00e9 dans lequel il sera stipul\u00e9 l\u2019objet sur lequel le vote sera consacr\u00e9, si c\u2019est pour \u00e9lire le maire, le maire est d\u00e9j\u00e0 \u00e9lu depuis le 15 d\u00e9cembre 2018 \u00bb pr\u00e9cise Kal\u00e9mondou.<\/p>\n<p>Tr\u00e8s t\u00f4t ce matin, un important dispositif s\u00e9curitaire \u00a0a \u00e9t\u00e9 mis en place aux alentours de la mairie de Matoto. A en croire nos sources , les \u00e9lections sont report\u00e9es \u00e0 une date ult\u00e9rieure.<\/p>\n","protected":false},"excerpt":{"rendered":"<p>Il \u00e9tait pr\u00e9vu ce mercredi 06 f\u00e9vrier \u00e0 la mairie de Matotot la reprise des \u00e9lections des \u00e9lus locaux, cette annonce de reprise des \u00e9lections a \u00e9t\u00e9 faite par le ministre Bour\u00e9ma Cond\u00e9, ministre de l\u2019administration du territoire et de la d\u00e9centralisation. Une d\u00e9cision qui n\u2019est pas salu\u00e9e par le parti de l\u2019opposition r\u00e9publicaine \u00a0\u00ab\u00a0l\u2019UFDG\u00a0\u00bb [&hellip;]<\/p>\n","protected":false},"author":10,"featured_media":27922,"comment_status":"closed","ping_status":"closed","sticky":false,"template":"","format":"standard","meta":{"_exactmetrics_skip_tracking":false,"_exactmetrics_sitenote_active":false,"_exactmetrics_sitenote_note":"","_exactmetrics_sitenote_category":0,"tdm_status":"","tdm_grid_status":"","footnotes":""},"categories":[14],"tags":[],"class_list":{"0":"post-27921","1":"post","2":"type-post","3":"status-publish","4":"format-standard","5":"has-post-thumbnail","7":"category-politique"},"yoast_head":"<!-- This site is optimized with the Yoast SEO plugin v24.2 - https:\/\/yoast.com\/wordpress\/plugins\/seo\/ -->\n<title>Mairie de Matoto : Des cacophonies sur la reprise des \u00e9lections des \u00e9lus locaux | Guin\u00e9e Diversit\u00e9<\/title>\n<meta name=\"robots\" content=\"index, follow, max-snippet:-1, max-image-preview:large, max-video-preview:-1\" \/>\n<link rel=\"canonical\" href=\"https:\/\/guineediversite.com\/index.php\/2019\/02\/06\/mairie-de-matoto-des-cacophonies-sur-la-reprise-des-elections-des-elus-locaux\/\" \/>\n<meta property=\"og:locale\" content=\"fr_FR\" \/>\n<meta property=\"og:type\" content=\"article\" \/>\n<meta property=\"og:title\" content=\"Mairie de Matoto : Des cacophonies sur la reprise des \u00e9lections des \u00e9lus locaux | Guin\u00e9e Diversit\u00e9\" \/>\n<meta property=\"og:description\" content=\"Il \u00e9tait pr\u00e9vu ce mercredi 06 f\u00e9vrier \u00e0 la mairie de Matotot la reprise des \u00e9lections des \u00e9lus locaux, cette annonce de reprise des \u00e9lections a \u00e9t\u00e9 faite par le ministre Bour\u00e9ma Cond\u00e9, ministre de l\u2019administration du territoire et de la d\u00e9centralisation. Une d\u00e9cision qui n\u2019est pas salu\u00e9e par le parti de l\u2019opposition r\u00e9publicaine \u00a0\u00ab\u00a0l\u2019UFDG\u00a0\u00bb [&hellip;]\" \/>\n<meta property=\"og:url\" content=\"https:\/\/guineediversite.com\/index.php\/2019\/02\/06\/mairie-de-matoto-des-cacophonies-sur-la-reprise-des-elections-des-elus-locaux\/\" \/>\n<meta property=\"og:site_name\" content=\"Guin\u00e9e Diversit\u00e9\" \/>\n<meta property=\"article:publisher\" content=\"https:\/\/www.facebook.com\/guineediversite\/\" \/>\n<meta property=\"article:published_time\" content=\"2019-02-06T19:20:30+00:00\" \/>\n<meta property=\"og:image\" content=\"https:\/\/guineediversite.com\/wp-content\/uploads\/2019\/02\/mairie-de-matoto-780x440.jpg\" \/>\n\t<meta property=\"og:image:width\" content=\"1815\" \/>\n\t<meta property=\"og:image:height\" content=\"1024\" \/>\n\t<meta property=\"og:image:type\" content=\"image\/jpeg\" \/>\n<meta name=\"author\" content=\"Morcire Camara\" \/>\n<meta name=\"twitter:card\" content=\"summary_large_image\" \/>\n<meta name=\"twitter:creator\" content=\"@GuineeDiversite\" \/>\n<meta name=\"twitter:site\" content=\"@GuineeDiversite\" \/>\n<meta name=\"twitter:label1\" content=\"\u00c9crit par\" \/>\n\t<meta name=\"twitter:data1\" content=\"Morcire Camara\" \/>\n\t<meta name=\"twitter:label2\" content=\"Dur\u00e9e de lecture estim\u00e9e\" \/>\n\t<meta name=\"twitter:data2\" content=\"2 minutes\" \/>\n<script type=\"application\/ld+json\" class=\"yoast-schema-graph\">{\"@context\":\"https:\/\/schema.org\",\"@graph\":[{\"@type\":\"Article\",\"@id\":\"https:\/\/guineediversite.com\/index.php\/2019\/02\/06\/mairie-de-matoto-des-cacophonies-sur-la-reprise-des-elections-des-elus-locaux\/#article\",\"isPartOf\":{\"@id\":\"https:\/\/guineediversite.com\/index.php\/2019\/02\/06\/mairie-de-matoto-des-cacophonies-sur-la-reprise-des-elections-des-elus-locaux\/\"},\"author\":{\"name\":\"Morcire Camara\",\"@id\":\"https:\/\/guineediversite.com\/#\/schema\/person\/fa362494c47202ce4b3adf55abcc9d01\"},\"headline\":\"Mairie de Matoto : Des cacophonies sur la reprise des \u00e9lections des \u00e9lus locaux\",\"datePublished\":\"2019-02-06T19:20:30+00:00\",\"dateModified\":\"2019-02-06T19:20:30+00:00\",\"mainEntityOfPage\":{\"@id\":\"https:\/\/guineediversite.com\/index.php\/2019\/02\/06\/mairie-de-matoto-des-cacophonies-sur-la-reprise-des-elections-des-elus-locaux\/\"},\"wordCount\":366,\"publisher\":{\"@id\":\"https:\/\/guineediversite.com\/#organization\"},\"image\":{\"@id\":\"https:\/\/guineediversite.com\/index.php\/2019\/02\/06\/mairie-de-matoto-des-cacophonies-sur-la-reprise-des-elections-des-elus-locaux\/#primaryimage\"},\"thumbnailUrl\":\"https:\/\/guineediversite.com\/wp-content\/uploads\/2019\/02\/mairie-de-matoto-780x440.jpg\",\"articleSection\":[\"Politique\"],\"inLanguage\":\"fr-FR\"},{\"@type\":\"WebPage\",\"@id\":\"https:\/\/guineediversite.com\/index.php\/2019\/02\/06\/mairie-de-matoto-des-cacophonies-sur-la-reprise-des-elections-des-elus-locaux\/\",\"url\":\"https:\/\/guineediversite.com\/index.php\/2019\/02\/06\/mairie-de-matoto-des-cacophonies-sur-la-reprise-des-elections-des-elus-locaux\/\",\"name\":\"Mairie de Matoto : Des cacophonies sur la reprise des \u00e9lections des \u00e9lus locaux | Guin\u00e9e Diversit\u00e9\",\"isPartOf\":{\"@id\":\"https:\/\/guineediversite.com\/#website\"},\"primaryImageOfPage\":{\"@id\":\"https:\/\/guineediversite.com\/index.php\/2019\/02\/06\/mairie-de-matoto-des-cacophonies-sur-la-reprise-des-elections-des-elus-locaux\/#primaryimage\"},\"image\":{\"@id\":\"https:\/\/guineediversite.com\/index.php\/2019\/02\/06\/mairie-de-matoto-des-cacophonies-sur-la-reprise-des-elections-des-elus-locaux\/#primaryimage\"},\"thumbnailUrl\":\"https:\/\/guineediversite.com\/wp-content\/uploads\/2019\/02\/mairie-de-matoto-780x440.jpg\",\"datePublished\":\"2019-02-06T19:20:30+00:00\",\"dateModified\":\"2019-02-06T19:20:30+00:00\",\"breadcrumb\":{\"@id\":\"https:\/\/guineediversite.com\/index.php\/2019\/02\/06\/mairie-de-matoto-des-cacophonies-sur-la-reprise-des-elections-des-elus-locaux\/#breadcrumb\"},\"inLanguage\":\"fr-FR\",\"potentialAction\":[{\"@type\":\"ReadAction\",\"target\":[\"https:\/\/guineediversite.com\/index.php\/2019\/02\/06\/mairie-de-matoto-des-cacophonies-sur-la-reprise-des-elections-des-elus-locaux\/\"]}]},{\"@type\":\"ImageObject\",\"inLanguage\":\"fr-FR\",\"@id\":\"https:\/\/guineediversite.com\/index.php\/2019\/02\/06\/mairie-de-matoto-des-cacophonies-sur-la-reprise-des-elections-des-elus-locaux\/#primaryimage\",\"url\":\"https:\/\/guineediversite.com\/wp-content\/uploads\/2019\/02\/mairie-de-matoto-780x440.jpg\",\"contentUrl\":\"https:\/\/guineediversite.com\/wp-content\/uploads\/2019\/02\/mairie-de-matoto-780x440.jpg\",\"width\":1815,\"height\":1024},{\"@type\":\"BreadcrumbList\",\"@id\":\"https:\/\/guineediversite.com\/index.php\/2019\/02\/06\/mairie-de-matoto-des-cacophonies-sur-la-reprise-des-elections-des-elus-locaux\/#breadcrumb\",\"itemListElement\":[{\"@type\":\"ListItem\",\"position\":1,\"name\":\"Accueil\",\"item\":\"https:\/\/guineediversite.com\/\"},{\"@type\":\"ListItem\",\"position\":2,\"name\":\"Mairie de Matoto : Des cacophonies sur la reprise des \u00e9lections des \u00e9lus locaux\"}]},{\"@type\":\"WebSite\",\"@id\":\"https:\/\/guineediversite.com\/#website\",\"url\":\"https:\/\/guineediversite.com\/\",\"name\":\"Guin\u00e9e Diversit\u00e9\",\"description\":\"L&#039;Info dans toute sa diversit\u00e9\",\"publisher\":{\"@id\":\"https:\/\/guineediversite.com\/#organization\"},\"potentialAction\":[{\"@type\":\"SearchAction\",\"target\":{\"@type\":\"EntryPoint\",\"urlTemplate\":\"https:\/\/guineediversite.com\/?s={search_term_string}\"},\"query-input\":{\"@type\":\"PropertyValueSpecification\",\"valueRequired\":true,\"valueName\":\"search_term_string\"}}],\"inLanguage\":\"fr-FR\"},{\"@type\":\"Organization\",\"@id\":\"https:\/\/guineediversite.com\/#organization\",\"name\":\"Guin\u00e9e Diversit\u00e9\",\"url\":\"https:\/\/guineediversite.com\/\",\"logo\":{\"@type\":\"ImageObject\",\"inLanguage\":\"fr-FR\",\"@id\":\"https:\/\/guineediversite.com\/#\/schema\/logo\/image\/\",\"url\":\"https:\/\/guineediversite.com\/wp-content\/uploads\/2017\/04\/cropped-1jojlxEOMkX9Wyqfhe43D6kjPOGqBBKmx3EwWJqZ0cMrFF54yM49.png\",\"contentUrl\":\"https:\/\/guineediversite.com\/wp-content\/uploads\/2017\/04\/cropped-1jojlxEOMkX9Wyqfhe43D6kjPOGqBBKmx3EwWJqZ0cMrFF54yM49.png\",\"width\":186,\"height\":112,\"caption\":\"Guin\u00e9e Diversit\u00e9\"},\"image\":{\"@id\":\"https:\/\/guineediversite.com\/#\/schema\/logo\/image\/\"},\"sameAs\":[\"https:\/\/www.facebook.com\/guineediversite\/\",\"https:\/\/x.com\/GuineeDiversite\",\"https:\/\/www.youtube.com\/channel\/UC8sUY16qelG5ge6_D5SB83g\"]},{\"@type\":\"Person\",\"@id\":\"https:\/\/guineediversite.com\/#\/schema\/person\/fa362494c47202ce4b3adf55abcc9d01\",\"name\":\"Morcire Camara\",\"image\":{\"@type\":\"ImageObject\",\"inLanguage\":\"fr-FR\",\"@id\":\"https:\/\/guineediversite.com\/#\/schema\/person\/image\/\",\"url\":\"https:\/\/secure.gravatar.com\/avatar\/3ec324f02295bbcebe03d99b39330ab4?s=96&d=mm&r=g\",\"contentUrl\":\"https:\/\/secure.gravatar.com\/avatar\/3ec324f02295bbcebe03d99b39330ab4?s=96&d=mm&r=g\",\"caption\":\"Morcire Camara\"},\"url\":\"https:\/\/guineediversite.com\/index.php\/author\/morcire\/\"}]}<\/script>\n<!-- \/ Yoast SEO plugin. -->","yoast_head_json":{"title":"Mairie de Matoto : Des cacophonies sur la reprise des \u00e9lections des \u00e9lus locaux | Guin\u00e9e Diversit\u00e9","robots":{"index":"index","follow":"follow","max-snippet":"max-snippet:-1","max-image-preview":"max-image-preview:large","max-video-preview":"max-video-preview:-1"},"canonical":"https:\/\/guineediversite.com\/index.php\/2019\/02\/06\/mairie-de-matoto-des-cacophonies-sur-la-reprise-des-elections-des-elus-locaux\/","og_locale":"fr_FR","og_type":"article","og_title":"Mairie de Matoto : Des cacophonies sur la reprise des \u00e9lections des \u00e9lus locaux | Guin\u00e9e Diversit\u00e9","og_description":"Il \u00e9tait pr\u00e9vu ce mercredi 06 f\u00e9vrier \u00e0 la mairie de Matotot la reprise des \u00e9lections des \u00e9lus locaux, cette annonce de reprise des \u00e9lections a \u00e9t\u00e9 faite par le ministre Bour\u00e9ma Cond\u00e9, ministre de l\u2019administration du territoire et de la d\u00e9centralisation. Une d\u00e9cision qui n\u2019est pas salu\u00e9e par le parti de l\u2019opposition r\u00e9publicaine \u00a0\u00ab\u00a0l\u2019UFDG\u00a0\u00bb [&hellip;]","og_url":"https:\/\/guineediversite.com\/index.php\/2019\/02\/06\/mairie-de-matoto-des-cacophonies-sur-la-reprise-des-elections-des-elus-locaux\/","og_site_name":"Guin\u00e9e Diversit\u00e9","article_publisher":"https:\/\/www.facebook.com\/guineediversite\/","article_published_time":"2019-02-06T19:20:30+00:00","og_image":[{"width":1815,"height":1024,"url":"https:\/\/guineediversite.com\/wp-content\/uploads\/2019\/02\/mairie-de-matoto-780x440.jpg","type":"image\/jpeg"}],"author":"Morcire Camara","twitter_card":"summary_large_image","twitter_creator":"@GuineeDiversite","twitter_site":"@GuineeDiversite","twitter_misc":{"\u00c9crit par":"Morcire Camara","Dur\u00e9e de lecture estim\u00e9e":"2 minutes"},"schema":{"@context":"https:\/\/schema.org","@graph":[{"@type":"Article","@id":"https:\/\/guineediversite.com\/index.php\/2019\/02\/06\/mairie-de-matoto-des-cacophonies-sur-la-reprise-des-elections-des-elus-locaux\/#article","isPartOf":{"@id":"https:\/\/guineediversite.com\/index.php\/2019\/02\/06\/mairie-de-matoto-des-cacophonies-sur-la-reprise-des-elections-des-elus-locaux\/"},"author":{"name":"Morcire Camara","@id":"https:\/\/guineediversite.com\/#\/schema\/person\/fa362494c47202ce4b3adf55abcc9d01"},"headline":"Mairie de Matoto : Des cacophonies sur la reprise des \u00e9lections des \u00e9lus locaux","datePublished":"2019-02-06T19:20:30+00:00","dateModified":"2019-02-06T19:20:30+00:00","mainEntityOfPage":{"@id":"https:\/\/guineediversite.com\/index.php\/2019\/02\/06\/mairie-de-matoto-des-cacophonies-sur-la-reprise-des-elections-des-elus-locaux\/"},"wordCount":366,"publisher":{"@id":"https:\/\/guineediversite.com\/#organization"},"image":{"@id":"https:\/\/guineediversite.com\/index.php\/2019\/02\/06\/mairie-de-matoto-des-cacophonies-sur-la-reprise-des-elections-des-elus-locaux\/#primaryimage"},"thumbnailUrl":"https:\/\/guineediversite.com\/wp-content\/uploads\/2019\/02\/mairie-de-matoto-780x440.jpg","articleSection":["Politique"],"inLanguage":"fr-FR"},{"@type":"WebPage","@id":"https:\/\/guineediversite.com\/index.php\/2019\/02\/06\/mairie-de-matoto-des-cacophonies-sur-la-reprise-des-elections-des-elus-locaux\/","url":"https:\/\/guineediversite.com\/index.php\/2019\/02\/06\/mairie-de-matoto-des-cacophonies-sur-la-reprise-des-elections-des-elus-locaux\/","name":"Mairie de Matoto : Des cacophonies sur la reprise des \u00e9lections des \u00e9lus locaux | Guin\u00e9e Diversit\u00e9","isPartOf":{"@id":"https:\/\/guineediversite.com\/#website"},"primaryImageOfPage":{"@id":"https:\/\/guineediversite.com\/index.php\/2019\/02\/06\/mairie-de-matoto-des-cacophonies-sur-la-reprise-des-elections-des-elus-locaux\/#primaryimage"},"image":{"@id":"https:\/\/guineediversite.com\/index.php\/2019\/02\/06\/mairie-de-matoto-des-cacophonies-sur-la-reprise-des-elections-des-elus-locaux\/#primaryimage"},"thumbnailUrl":"https:\/\/guineediversite.com\/wp-content\/uploads\/2019\/02\/mairie-de-matoto-780x440.jpg","datePublished":"2019-02-06T19:20:30+00:00","dateModified":"2019-02-06T19:20:30+00:00","breadcrumb":{"@id":"https:\/\/guineediversite.com\/index.php\/2019\/02\/06\/mairie-de-matoto-des-cacophonies-sur-la-reprise-des-elections-des-elus-locaux\/#breadcrumb"},"inLanguage":"fr-FR","potentialAction":[{"@type":"ReadAction","target":["https:\/\/guineediversite.com\/index.php\/2019\/02\/06\/mairie-de-matoto-des-cacophonies-sur-la-reprise-des-elections-des-elus-locaux\/"]}]},{"@type":"ImageObject","inLanguage":"fr-FR","@id":"https:\/\/guineediversite.com\/index.php\/2019\/02\/06\/mairie-de-matoto-des-cacophonies-sur-la-reprise-des-elections-des-elus-locaux\/#primaryimage","url":"https:\/\/guineediversite.com\/wp-content\/uploads\/2019\/02\/mairie-de-matoto-780x440.jpg","contentUrl":"https:\/\/guineediversite.com\/wp-content\/uploads\/2019\/02\/mairie-de-matoto-780x440.jpg","width":1815,"height":1024},{"@type":"BreadcrumbList","@id":"https:\/\/guineediversite.com\/index.php\/2019\/02\/06\/mairie-de-matoto-des-cacophonies-sur-la-reprise-des-elections-des-elus-locaux\/#breadcrumb","itemListElement":[{"@type":"ListItem","position":1,"name":"Accueil","item":"https:\/\/guineediversite.com\/"},{"@type":"ListItem","position":2,"name":"Mairie de Matoto : Des cacophonies sur la reprise des \u00e9lections des \u00e9lus locaux"}]},{"@type":"WebSite","@id":"https:\/\/guineediversite.com\/#website","url":"https:\/\/guineediversite.com\/","name":"Guin\u00e9e Diversit\u00e9","description":"L&#039;Info dans toute sa diversit\u00e9","publisher":{"@id":"https:\/\/guineediversite.com\/#organization"},"potentialAction":[{"@type":"SearchAction","target":{"@type":"EntryPoint","urlTemplate":"https:\/\/guineediversite.com\/?s={search_term_string}"},"query-input":{"@type":"PropertyValueSpecification","valueRequired":true,"valueName":"search_term_string"}}],"inLanguage":"fr-FR"},{"@type":"Organization","@id":"https:\/\/guineediversite.com\/#organization","name":"Guin\u00e9e Diversit\u00e9","url":"https:\/\/guineediversite.com\/","logo":{"@type":"ImageObject","inLanguage":"fr-FR","@id":"https:\/\/guineediversite.com\/#\/schema\/logo\/image\/","url":"https:\/\/guineediversite.com\/wp-content\/uploads\/2017\/04\/cropped-1jojlxEOMkX9Wyqfhe43D6kjPOGqBBKmx3EwWJqZ0cMrFF54yM49.png","contentUrl":"https:\/\/guineediversite.com\/wp-content\/uploads\/2017\/04\/cropped-1jojlxEOMkX9Wyqfhe43D6kjPOGqBBKmx3EwWJqZ0cMrFF54yM49.png","width":186,"height":112,"caption":"Guin\u00e9e Diversit\u00e9"},"image":{"@id":"https:\/\/guineediversite.com\/#\/schema\/logo\/image\/"},"sameAs":["https:\/\/www.facebook.com\/guineediversite\/","https:\/\/x.com\/GuineeDiversite","https:\/\/www.youtube.com\/channel\/UC8sUY16qelG5ge6_D5SB83g"]},{"@type":"Person","@id":"https:\/\/guineediversite.com\/#\/schema\/person\/fa362494c47202ce4b3adf55abcc9d01","name":"Morcire Camara","image":{"@type":"ImageObject","inLanguage":"fr-FR","@id":"https:\/\/guineediversite.com\/#\/schema\/person\/image\/","url":"https:\/\/secure.gravatar.com\/avatar\/3ec324f02295bbcebe03d99b39330ab4?s=96&d=mm&r=g","contentUrl":"https:\/\/secure.gravatar.com\/avatar\/3ec324f02295bbcebe03d99b39330ab4?s=96&d=mm&r=g","caption":"Morcire Camara"},"url":"https:\/\/guineediversite.com\/index.php\/author\/morcire\/"}]}},"_links":{"self":[{"href":"https:\/\/guineediversite.com\/index.php\/wp-json\/wp\/v2\/posts\/27921"}],"collection":[{"href":"https:\/\/guineediversite.com\/index.php\/wp-json\/wp\/v2\/posts"}],"about":[{"href":"https:\/\/guineediversite.com\/index.php\/wp-json\/wp\/v2\/types\/post"}],"author":[{"embeddable":true,"href":"https:\/\/guineediversite.com\/index.php\/wp-json\/wp\/v2\/users\/10"}],"replies":[{"embeddable":true,"href":"https:\/\/guineediversite.com\/index.php\/wp-json\/wp\/v2\/comments?post=27921"}],"version-history":[{"count":0,"href":"https:\/\/guineediversite.com\/index.php\/wp-json\/wp\/v2\/posts\/27921\/revisions"}],"wp:featuredmedia":[{"embeddable":true,"href":"https:\/\/guineediversite.com\/index.php\/wp-json\/wp\/v2\/media\/27922"}],"wp:attachment":[{"href":"https:\/\/guineediversite.com\/index.php\/wp-json\/wp\/v2\/media?parent=27921"}],"wp:term":[{"taxonomy":"category","embeddable":true,"href":"https:\/\/guineediversite.com\/index.php\/wp-json\/wp\/v2\/categories?post=27921"},{"taxonomy":"post_tag","embeddable":true,"href":"https:\/\/guineediversite.com\/index.php\/wp-json\/wp\/v2\/tags?post=27921"}],"curies":[{"name":"wp","href":"https:\/\/api.w.org\/{rel}","templated":true}]}}