{"id":27876,"date":"2019-01-29T15:27:26","date_gmt":"2019-01-29T14:27:26","guid":{"rendered":"https:\/\/guineediversite.com\/?p=27876"},"modified":"2019-01-29T15:27:26","modified_gmt":"2019-01-29T14:27:26","slug":"cameroun-indignation-de-lopposition-apres-larrestation-de-maurice-kamto","status":"publish","type":"post","link":"https:\/\/guineediversite.com\/index.php\/2019\/01\/29\/cameroun-indignation-de-lopposition-apres-larrestation-de-maurice-kamto\/","title":{"rendered":"Cameroun : indignation de l\u2019opposition apr\u00e8s l\u2019arrestation de Maurice Kamto"},"content":{"rendered":"<p><strong>Alors que Maurice Kamto et plusieurs cadres du MRC, arr\u00eat\u00e9s lundi soir \u00e0 Douala, ont \u00e9t\u00e9 transf\u00e9r\u00e9s \u00e0 Yaound\u00e9, le flou persiste toujours sur le lieu de leur d\u00e9tention et les charges qui p\u00e8sent contre eux. L&rsquo;opposition est vent-debout.<\/strong><\/p>\n<p>La nuit a \u00e9t\u00e9 agit\u00e9e Douala, o\u00f9 l\u2019opposant\u00a0<a href=\"https:\/\/www.jeuneafrique.com\/717324\/politique\/cameroun-lopposant-maurice-kamto-a-ete-interpelle-par-la-police-a-douala\/\">Maurice Kamto et plusieurs membres et sympathisants du Mouvement pour la renaissance du Cameroun (MRC) ont \u00e9t\u00e9 interpell\u00e9s en d\u00e9but de soir\u00e9e, lundi<\/a>. Entre pneus br\u00fbl\u00e9s et tirs de gaz lacrymog\u00e8nes, l\u2019arrestation du leader de l\u2019opposition camerounaise a provoqu\u00e9 une br\u00e8ve agitation dans le 5e arrondissement de la ville, o\u00f9 des militants de la formation politique s\u2019\u00e9taient mass\u00e9s pour r\u00e9clamer sa lib\u00e9ration.<\/p>\n<p>Dans un communiqu\u00e9 sign\u00e9 pas le troisi\u00e8me vice-pr\u00e9sident du parti \u2013 l\u2019avocat Emmanuel Simh, qui prend de fait les rennes du parti \u2013 le MRC \u00ab\u00a0condamne fermement ces interpellations politiques injustifi\u00e9es et au demeurant annonc\u00e9es, dont le but inavou\u00e9 est de d\u00e9capiter le MRC et sa coalition gagnante autour de Maurice Kamto\u00a0\u00bb. S\u2019adressant \u00e0 ses militants, le communiqu\u00e9 leur \u00ab\u00a0demande de rester calmes et attentifs aux instructions du directoire national\u00a0\u00bb.<\/p>\n<p>L\u2019arrestation de l\u2019opposant n\u2019a pas manqu\u00e9 de faire r\u00e9agir au sein de la classe politique camerounaise, dont la plupart des acteurs ont marqu\u00e9 leur indignation, r\u00e9clamant \u00ab\u00a0la lib\u00e9ration imm\u00e9diate\u00a0\u00bb de toutes les personnes interpell\u00e9es.<\/p>\n<p><strong>Lev\u00e9e de boucliers de l\u2019opposition<\/strong><\/p>\n<p>\u00ab\u00a0Dans une autre tentative malheureuse d\u2019exhiber sa force, nous d\u00e9couvrons un gouvernement trop faible pour dialoguer et incomp\u00e9tent pour comprendre le cri du peuple. Les oligarques qui ont pris l\u2019\u00e9tat en otage avancent vers l\u2019autodestruction\u00a0\u00bb, a r\u00e9agit Akere Muna, du mouvement Now sur son compte Twitter.<\/p>\n<p>&nbsp;<\/p>\n<p>\u00ab\u00a0Les gens ont cri\u00e9 \u00ab arr\u00eatez la corruption \u00bb, ils ont \u00e9t\u00e9 r\u00e9prim\u00e9s, ils ont r\u00e9clam\u00e9 la justice, ils ont exerc\u00e9 leur droit constitutionnel de marcher pacifiquement, mais ils ont \u00e9t\u00e9 fusill\u00e9s et arr\u00eat\u00e9s. La population et la communaut\u00e9 internationale appellent au dialogue. On leur a r\u00e9pondu par des menaces\u00a0\u00bb, \u00e9crit par ailleurs Akere Muna dans un communiqu\u00e9, dans lequel il enjoint \u00e9galement au gouvernement de \u00ab\u00a0lib\u00e9rer toutes les personnes arr\u00eat\u00e9es dans la crise actuelle et la crise anglophone\u00a0\u00bb.<\/p>\n<p>Joint par\u00a0<em>Jeune Afrique<\/em>, Emmanuel Ntonga, responsable du Social Democratic Front dans la r\u00e9gion du Centre, fait un rapprochement avec la crise anglophone. \u00ab \u00c0 chaque fois qu\u2019un parti politique d\u2019opposition demande \u00e0 faire une manifestation pacifique, elle est interdite. M\u00eame lors du d\u00e9file du 20 mai [la f\u00eate nationale camerounaise, Ndlr], les pancartes sont filtr\u00e9es. En 2018, nous avons \u00e9t\u00e9 oblig\u00e9s de d\u00e9filer torse-nu, avec des messages inscrits sur nos ventres, car nous n\u2019avons pas la parole. La seule chose que le r\u00e9gime en place connait, c\u2019est la r\u00e9pression\u00a0\u00bb, a-t-il affirm\u00e9, se disant pr\u00eat\u00a0\u00e0 joindre \u00ab\u00a0un mouvement visant \u00e0 sortir le Cameroun de la dictature r\u00e9pressive\u00a0\u00bb.<\/p>\n<p><strong>Le flou persiste sur le lieu de d\u00e9tention<\/strong><\/p>\n<p>Le Cameroon People Party (CPP) d\u2019Edith Kah Wallah, a exig\u00e9 que les droits et libert\u00e9s des personnes interpell\u00e9es soient respect\u00e9s. \u00ab \u00c0 travers cette vague r\u00e9pressive, le CPP est convaincu que cette d\u00e9marche aura des effets amplificateurs de la tension sociale et politique. Cela ne manquera pas de rendre la situation plus explosive\u00a0\u00bb, peut-on lire dans un communiqu\u00e9 du\u00a0Cameroon People Party (CPP) d\u2019Edith Kah Wallah, qui r\u00e9clame par ailleurs le respect des droits des personnes interpell\u00e9es.<\/p>\n<p>Les leaders du MRC interpell\u00e9s lundi \u00e0 Douala ont \u00e9t\u00e9 conduits ce mardi \u00e0 Yaound\u00e9. Un flou r\u00e9side encore leur lieu de d\u00e9tention, des sources indiquent cependant qu\u2019ils se trouveraient dans les services du Groupement\u00a0 sp\u00e9cial des op\u00e9rations (GSO). Les motifs l\u00e9gaux justifiant les arrestations de ces militants, dont certains ont \u00e9t\u00e9 interpell\u00e9s sur leur lit d\u2019h\u00f4pital, n\u2019a pour l\u2019heure pas \u00e9t\u00e9 communiqu\u00e9e par les autorit\u00e9s.<\/p>\n<p>\u00ab\u00a0Le ministre Atanga Nji ayant parl\u00e9 d\u2019insurrection au cours de sa conf\u00e9rence, les Mrcistes ont certainement \u00e9t\u00e9 interpell\u00e9s sous le coup de l\u2019article 116 de la loi, qui stipule qui puni d\u2019un emprisonnement de dix\u00a0 \u00e0 vingt ans celui qui, dans un mouvement insurrectionnel, provoque ou facilite le rassemblement des insurg\u00e9s par quelque moyen que ce soit\u00a0\u00bb, avance Me Gr\u00e9goire Kamdem, avocat au barreau camerounais.<\/p>\n<p><strong>JA<\/strong><\/p>\n","protected":false},"excerpt":{"rendered":"<p>Alors que Maurice Kamto et plusieurs cadres du MRC, arr\u00eat\u00e9s lundi soir \u00e0 Douala, ont \u00e9t\u00e9 transf\u00e9r\u00e9s \u00e0 Yaound\u00e9, le flou persiste toujours sur le lieu de leur d\u00e9tention et les charges qui p\u00e8sent contre eux. L&rsquo;opposition est vent-debout. La nuit a \u00e9t\u00e9 agit\u00e9e Douala, o\u00f9 l\u2019opposant\u00a0Maurice Kamto et plusieurs membres et sympathisants du Mouvement [&hellip;]<\/p>\n","protected":false},"author":12,"featured_media":27877,"comment_status":"closed","ping_status":"closed","sticky":false,"template":"","format":"standard","meta":{"_exactmetrics_skip_tracking":false,"_exactmetrics_sitenote_active":false,"_exactmetrics_sitenote_note":"","_exactmetrics_sitenote_category":0,"tdm_status":"","tdm_grid_status":"","footnotes":""},"categories":[21],"tags":[],"class_list":{"0":"post-27876","1":"post","2":"type-post","3":"status-publish","4":"format-standard","5":"has-post-thumbnail","7":"category-international"},"yoast_head":"<!-- This site is optimized with the Yoast SEO plugin v24.2 - https:\/\/yoast.com\/wordpress\/plugins\/seo\/ -->\n<title>Cameroun : indignation de l\u2019opposition apr\u00e8s l\u2019arrestation de Maurice Kamto | Guin\u00e9e Diversit\u00e9<\/title>\n<meta name=\"robots\" content=\"index, follow, max-snippet:-1, max-image-preview:large, max-video-preview:-1\" \/>\n<link rel=\"canonical\" href=\"https:\/\/guineediversite.com\/index.php\/2019\/01\/29\/cameroun-indignation-de-lopposition-apres-larrestation-de-maurice-kamto\/\" \/>\n<meta property=\"og:locale\" content=\"fr_FR\" \/>\n<meta property=\"og:type\" content=\"article\" \/>\n<meta property=\"og:title\" content=\"Cameroun : indignation de l\u2019opposition apr\u00e8s l\u2019arrestation de Maurice Kamto | Guin\u00e9e Diversit\u00e9\" \/>\n<meta property=\"og:description\" content=\"Alors que Maurice Kamto et plusieurs cadres du MRC, arr\u00eat\u00e9s lundi soir \u00e0 Douala, ont \u00e9t\u00e9 transf\u00e9r\u00e9s \u00e0 Yaound\u00e9, le flou persiste toujours sur le lieu de leur d\u00e9tention et les charges qui p\u00e8sent contre eux. L&rsquo;opposition est vent-debout. La nuit a \u00e9t\u00e9 agit\u00e9e Douala, o\u00f9 l\u2019opposant\u00a0Maurice Kamto et plusieurs membres et sympathisants du Mouvement [&hellip;]\" \/>\n<meta property=\"og:url\" content=\"https:\/\/guineediversite.com\/index.php\/2019\/01\/29\/cameroun-indignation-de-lopposition-apres-larrestation-de-maurice-kamto\/\" \/>\n<meta property=\"og:site_name\" content=\"Guin\u00e9e Diversit\u00e9\" \/>\n<meta property=\"article:publisher\" content=\"https:\/\/www.facebook.com\/guineediversite\/\" \/>\n<meta property=\"article:published_time\" content=\"2019-01-29T14:27:26+00:00\" \/>\n<meta property=\"og:image\" content=\"https:\/\/guineediversite.com\/wp-content\/uploads\/2019\/01\/2019-01-28t215435z_516887682_rc15a7f8a760_rtrmadp_3_cameroon-politics-592x296-1548763983.jpg\" \/>\n\t<meta property=\"og:image:width\" content=\"1900\" \/>\n\t<meta property=\"og:image:height\" content=\"950\" \/>\n\t<meta property=\"og:image:type\" content=\"image\/jpeg\" \/>\n<meta name=\"author\" content=\"Guin\u00e9e Diversit\u00e9\" \/>\n<meta name=\"twitter:card\" content=\"summary_large_image\" \/>\n<meta name=\"twitter:creator\" content=\"@GuineeDiversite\" \/>\n<meta name=\"twitter:site\" content=\"@GuineeDiversite\" \/>\n<meta name=\"twitter:label1\" content=\"\u00c9crit par\" \/>\n\t<meta name=\"twitter:data1\" content=\"Guin\u00e9e Diversit\u00e9\" \/>\n\t<meta name=\"twitter:label2\" content=\"Dur\u00e9e de lecture estim\u00e9e\" \/>\n\t<meta name=\"twitter:data2\" content=\"4 minutes\" \/>\n<script type=\"application\/ld+json\" class=\"yoast-schema-graph\">{\"@context\":\"https:\/\/schema.org\",\"@graph\":[{\"@type\":\"Article\",\"@id\":\"https:\/\/guineediversite.com\/index.php\/2019\/01\/29\/cameroun-indignation-de-lopposition-apres-larrestation-de-maurice-kamto\/#article\",\"isPartOf\":{\"@id\":\"https:\/\/guineediversite.com\/index.php\/2019\/01\/29\/cameroun-indignation-de-lopposition-apres-larrestation-de-maurice-kamto\/\"},\"author\":{\"name\":\"Guin\u00e9e Diversit\u00e9\",\"@id\":\"https:\/\/guineediversite.com\/#\/schema\/person\/afa08fb34e7fc6e1feafc892612bc836\"},\"headline\":\"Cameroun : indignation de l\u2019opposition apr\u00e8s l\u2019arrestation de Maurice Kamto\",\"datePublished\":\"2019-01-29T14:27:26+00:00\",\"dateModified\":\"2019-01-29T14:27:26+00:00\",\"mainEntityOfPage\":{\"@id\":\"https:\/\/guineediversite.com\/index.php\/2019\/01\/29\/cameroun-indignation-de-lopposition-apres-larrestation-de-maurice-kamto\/\"},\"wordCount\":763,\"publisher\":{\"@id\":\"https:\/\/guineediversite.com\/#organization\"},\"image\":{\"@id\":\"https:\/\/guineediversite.com\/index.php\/2019\/01\/29\/cameroun-indignation-de-lopposition-apres-larrestation-de-maurice-kamto\/#primaryimage\"},\"thumbnailUrl\":\"https:\/\/guineediversite.com\/wp-content\/uploads\/2019\/01\/2019-01-28t215435z_516887682_rc15a7f8a760_rtrmadp_3_cameroon-politics-592x296-1548763983.jpg\",\"articleSection\":[\"International\"],\"inLanguage\":\"fr-FR\"},{\"@type\":\"WebPage\",\"@id\":\"https:\/\/guineediversite.com\/index.php\/2019\/01\/29\/cameroun-indignation-de-lopposition-apres-larrestation-de-maurice-kamto\/\",\"url\":\"https:\/\/guineediversite.com\/index.php\/2019\/01\/29\/cameroun-indignation-de-lopposition-apres-larrestation-de-maurice-kamto\/\",\"name\":\"Cameroun : indignation de l\u2019opposition apr\u00e8s l\u2019arrestation de Maurice Kamto | Guin\u00e9e Diversit\u00e9\",\"isPartOf\":{\"@id\":\"https:\/\/guineediversite.com\/#website\"},\"primaryImageOfPage\":{\"@id\":\"https:\/\/guineediversite.com\/index.php\/2019\/01\/29\/cameroun-indignation-de-lopposition-apres-larrestation-de-maurice-kamto\/#primaryimage\"},\"image\":{\"@id\":\"https:\/\/guineediversite.com\/index.php\/2019\/01\/29\/cameroun-indignation-de-lopposition-apres-larrestation-de-maurice-kamto\/#primaryimage\"},\"thumbnailUrl\":\"https:\/\/guineediversite.com\/wp-content\/uploads\/2019\/01\/2019-01-28t215435z_516887682_rc15a7f8a760_rtrmadp_3_cameroon-politics-592x296-1548763983.jpg\",\"datePublished\":\"2019-01-29T14:27:26+00:00\",\"dateModified\":\"2019-01-29T14:27:26+00:00\",\"breadcrumb\":{\"@id\":\"https:\/\/guineediversite.com\/index.php\/2019\/01\/29\/cameroun-indignation-de-lopposition-apres-larrestation-de-maurice-kamto\/#breadcrumb\"},\"inLanguage\":\"fr-FR\",\"potentialAction\":[{\"@type\":\"ReadAction\",\"target\":[\"https:\/\/guineediversite.com\/index.php\/2019\/01\/29\/cameroun-indignation-de-lopposition-apres-larrestation-de-maurice-kamto\/\"]}]},{\"@type\":\"ImageObject\",\"inLanguage\":\"fr-FR\",\"@id\":\"https:\/\/guineediversite.com\/index.php\/2019\/01\/29\/cameroun-indignation-de-lopposition-apres-larrestation-de-maurice-kamto\/#primaryimage\",\"url\":\"https:\/\/guineediversite.com\/wp-content\/uploads\/2019\/01\/2019-01-28t215435z_516887682_rc15a7f8a760_rtrmadp_3_cameroon-politics-592x296-1548763983.jpg\",\"contentUrl\":\"https:\/\/guineediversite.com\/wp-content\/uploads\/2019\/01\/2019-01-28t215435z_516887682_rc15a7f8a760_rtrmadp_3_cameroon-politics-592x296-1548763983.jpg\",\"width\":1900,\"height\":950},{\"@type\":\"BreadcrumbList\",\"@id\":\"https:\/\/guineediversite.com\/index.php\/2019\/01\/29\/cameroun-indignation-de-lopposition-apres-larrestation-de-maurice-kamto\/#breadcrumb\",\"itemListElement\":[{\"@type\":\"ListItem\",\"position\":1,\"name\":\"Accueil\",\"item\":\"https:\/\/guineediversite.com\/\"},{\"@type\":\"ListItem\",\"position\":2,\"name\":\"Cameroun : indignation de l\u2019opposition apr\u00e8s l\u2019arrestation de Maurice Kamto\"}]},{\"@type\":\"WebSite\",\"@id\":\"https:\/\/guineediversite.com\/#website\",\"url\":\"https:\/\/guineediversite.com\/\",\"name\":\"Guin\u00e9e Diversit\u00e9\",\"description\":\"L&#039;Info dans toute sa diversit\u00e9\",\"publisher\":{\"@id\":\"https:\/\/guineediversite.com\/#organization\"},\"potentialAction\":[{\"@type\":\"SearchAction\",\"target\":{\"@type\":\"EntryPoint\",\"urlTemplate\":\"https:\/\/guineediversite.com\/?s={search_term_string}\"},\"query-input\":{\"@type\":\"PropertyValueSpecification\",\"valueRequired\":true,\"valueName\":\"search_term_string\"}}],\"inLanguage\":\"fr-FR\"},{\"@type\":\"Organization\",\"@id\":\"https:\/\/guineediversite.com\/#organization\",\"name\":\"Guin\u00e9e Diversit\u00e9\",\"url\":\"https:\/\/guineediversite.com\/\",\"logo\":{\"@type\":\"ImageObject\",\"inLanguage\":\"fr-FR\",\"@id\":\"https:\/\/guineediversite.com\/#\/schema\/logo\/image\/\",\"url\":\"https:\/\/guineediversite.com\/wp-content\/uploads\/2017\/04\/cropped-1jojlxEOMkX9Wyqfhe43D6kjPOGqBBKmx3EwWJqZ0cMrFF54yM49.png\",\"contentUrl\":\"https:\/\/guineediversite.com\/wp-content\/uploads\/2017\/04\/cropped-1jojlxEOMkX9Wyqfhe43D6kjPOGqBBKmx3EwWJqZ0cMrFF54yM49.png\",\"width\":186,\"height\":112,\"caption\":\"Guin\u00e9e Diversit\u00e9\"},\"image\":{\"@id\":\"https:\/\/guineediversite.com\/#\/schema\/logo\/image\/\"},\"sameAs\":[\"https:\/\/www.facebook.com\/guineediversite\/\",\"https:\/\/x.com\/GuineeDiversite\",\"https:\/\/www.youtube.com\/channel\/UC8sUY16qelG5ge6_D5SB83g\"]},{\"@type\":\"Person\",\"@id\":\"https:\/\/guineediversite.com\/#\/schema\/person\/afa08fb34e7fc6e1feafc892612bc836\",\"name\":\"Guin\u00e9e Diversit\u00e9\",\"image\":{\"@type\":\"ImageObject\",\"inLanguage\":\"fr-FR\",\"@id\":\"https:\/\/guineediversite.com\/#\/schema\/person\/image\/\",\"url\":\"https:\/\/secure.gravatar.com\/avatar\/50d5eb5b390f8b65ac30ac6f898eb83a?s=96&d=mm&r=g\",\"contentUrl\":\"https:\/\/secure.gravatar.com\/avatar\/50d5eb5b390f8b65ac30ac6f898eb83a?s=96&d=mm&r=g\",\"caption\":\"Guin\u00e9e Diversit\u00e9\"},\"url\":\"https:\/\/guineediversite.com\/index.php\/author\/guineediversite\/\"}]}<\/script>\n<!-- \/ Yoast SEO plugin. -->","yoast_head_json":{"title":"Cameroun : indignation de l\u2019opposition apr\u00e8s l\u2019arrestation de Maurice Kamto | Guin\u00e9e Diversit\u00e9","robots":{"index":"index","follow":"follow","max-snippet":"max-snippet:-1","max-image-preview":"max-image-preview:large","max-video-preview":"max-video-preview:-1"},"canonical":"https:\/\/guineediversite.com\/index.php\/2019\/01\/29\/cameroun-indignation-de-lopposition-apres-larrestation-de-maurice-kamto\/","og_locale":"fr_FR","og_type":"article","og_title":"Cameroun : indignation de l\u2019opposition apr\u00e8s l\u2019arrestation de Maurice Kamto | Guin\u00e9e Diversit\u00e9","og_description":"Alors que Maurice Kamto et plusieurs cadres du MRC, arr\u00eat\u00e9s lundi soir \u00e0 Douala, ont \u00e9t\u00e9 transf\u00e9r\u00e9s \u00e0 Yaound\u00e9, le flou persiste toujours sur le lieu de leur d\u00e9tention et les charges qui p\u00e8sent contre eux. L&rsquo;opposition est vent-debout. La nuit a \u00e9t\u00e9 agit\u00e9e Douala, o\u00f9 l\u2019opposant\u00a0Maurice Kamto et plusieurs membres et sympathisants du Mouvement [&hellip;]","og_url":"https:\/\/guineediversite.com\/index.php\/2019\/01\/29\/cameroun-indignation-de-lopposition-apres-larrestation-de-maurice-kamto\/","og_site_name":"Guin\u00e9e Diversit\u00e9","article_publisher":"https:\/\/www.facebook.com\/guineediversite\/","article_published_time":"2019-01-29T14:27:26+00:00","og_image":[{"width":1900,"height":950,"url":"https:\/\/guineediversite.com\/wp-content\/uploads\/2019\/01\/2019-01-28t215435z_516887682_rc15a7f8a760_rtrmadp_3_cameroon-politics-592x296-1548763983.jpg","type":"image\/jpeg"}],"author":"Guin\u00e9e Diversit\u00e9","twitter_card":"summary_large_image","twitter_creator":"@GuineeDiversite","twitter_site":"@GuineeDiversite","twitter_misc":{"\u00c9crit par":"Guin\u00e9e Diversit\u00e9","Dur\u00e9e de lecture estim\u00e9e":"4 minutes"},"schema":{"@context":"https:\/\/schema.org","@graph":[{"@type":"Article","@id":"https:\/\/guineediversite.com\/index.php\/2019\/01\/29\/cameroun-indignation-de-lopposition-apres-larrestation-de-maurice-kamto\/#article","isPartOf":{"@id":"https:\/\/guineediversite.com\/index.php\/2019\/01\/29\/cameroun-indignation-de-lopposition-apres-larrestation-de-maurice-kamto\/"},"author":{"name":"Guin\u00e9e Diversit\u00e9","@id":"https:\/\/guineediversite.com\/#\/schema\/person\/afa08fb34e7fc6e1feafc892612bc836"},"headline":"Cameroun : indignation de l\u2019opposition apr\u00e8s l\u2019arrestation de Maurice Kamto","datePublished":"2019-01-29T14:27:26+00:00","dateModified":"2019-01-29T14:27:26+00:00","mainEntityOfPage":{"@id":"https:\/\/guineediversite.com\/index.php\/2019\/01\/29\/cameroun-indignation-de-lopposition-apres-larrestation-de-maurice-kamto\/"},"wordCount":763,"publisher":{"@id":"https:\/\/guineediversite.com\/#organization"},"image":{"@id":"https:\/\/guineediversite.com\/index.php\/2019\/01\/29\/cameroun-indignation-de-lopposition-apres-larrestation-de-maurice-kamto\/#primaryimage"},"thumbnailUrl":"https:\/\/guineediversite.com\/wp-content\/uploads\/2019\/01\/2019-01-28t215435z_516887682_rc15a7f8a760_rtrmadp_3_cameroon-politics-592x296-1548763983.jpg","articleSection":["International"],"inLanguage":"fr-FR"},{"@type":"WebPage","@id":"https:\/\/guineediversite.com\/index.php\/2019\/01\/29\/cameroun-indignation-de-lopposition-apres-larrestation-de-maurice-kamto\/","url":"https:\/\/guineediversite.com\/index.php\/2019\/01\/29\/cameroun-indignation-de-lopposition-apres-larrestation-de-maurice-kamto\/","name":"Cameroun : indignation de l\u2019opposition apr\u00e8s l\u2019arrestation de Maurice Kamto | Guin\u00e9e Diversit\u00e9","isPartOf":{"@id":"https:\/\/guineediversite.com\/#website"},"primaryImageOfPage":{"@id":"https:\/\/guineediversite.com\/index.php\/2019\/01\/29\/cameroun-indignation-de-lopposition-apres-larrestation-de-maurice-kamto\/#primaryimage"},"image":{"@id":"https:\/\/guineediversite.com\/index.php\/2019\/01\/29\/cameroun-indignation-de-lopposition-apres-larrestation-de-maurice-kamto\/#primaryimage"},"thumbnailUrl":"https:\/\/guineediversite.com\/wp-content\/uploads\/2019\/01\/2019-01-28t215435z_516887682_rc15a7f8a760_rtrmadp_3_cameroon-politics-592x296-1548763983.jpg","datePublished":"2019-01-29T14:27:26+00:00","dateModified":"2019-01-29T14:27:26+00:00","breadcrumb":{"@id":"https:\/\/guineediversite.com\/index.php\/2019\/01\/29\/cameroun-indignation-de-lopposition-apres-larrestation-de-maurice-kamto\/#breadcrumb"},"inLanguage":"fr-FR","potentialAction":[{"@type":"ReadAction","target":["https:\/\/guineediversite.com\/index.php\/2019\/01\/29\/cameroun-indignation-de-lopposition-apres-larrestation-de-maurice-kamto\/"]}]},{"@type":"ImageObject","inLanguage":"fr-FR","@id":"https:\/\/guineediversite.com\/index.php\/2019\/01\/29\/cameroun-indignation-de-lopposition-apres-larrestation-de-maurice-kamto\/#primaryimage","url":"https:\/\/guineediversite.com\/wp-content\/uploads\/2019\/01\/2019-01-28t215435z_516887682_rc15a7f8a760_rtrmadp_3_cameroon-politics-592x296-1548763983.jpg","contentUrl":"https:\/\/guineediversite.com\/wp-content\/uploads\/2019\/01\/2019-01-28t215435z_516887682_rc15a7f8a760_rtrmadp_3_cameroon-politics-592x296-1548763983.jpg","width":1900,"height":950},{"@type":"BreadcrumbList","@id":"https:\/\/guineediversite.com\/index.php\/2019\/01\/29\/cameroun-indignation-de-lopposition-apres-larrestation-de-maurice-kamto\/#breadcrumb","itemListElement":[{"@type":"ListItem","position":1,"name":"Accueil","item":"https:\/\/guineediversite.com\/"},{"@type":"ListItem","position":2,"name":"Cameroun : indignation de l\u2019opposition apr\u00e8s l\u2019arrestation de Maurice Kamto"}]},{"@type":"WebSite","@id":"https:\/\/guineediversite.com\/#website","url":"https:\/\/guineediversite.com\/","name":"Guin\u00e9e Diversit\u00e9","description":"L&#039;Info dans toute sa diversit\u00e9","publisher":{"@id":"https:\/\/guineediversite.com\/#organization"},"potentialAction":[{"@type":"SearchAction","target":{"@type":"EntryPoint","urlTemplate":"https:\/\/guineediversite.com\/?s={search_term_string}"},"query-input":{"@type":"PropertyValueSpecification","valueRequired":true,"valueName":"search_term_string"}}],"inLanguage":"fr-FR"},{"@type":"Organization","@id":"https:\/\/guineediversite.com\/#organization","name":"Guin\u00e9e Diversit\u00e9","url":"https:\/\/guineediversite.com\/","logo":{"@type":"ImageObject","inLanguage":"fr-FR","@id":"https:\/\/guineediversite.com\/#\/schema\/logo\/image\/","url":"https:\/\/guineediversite.com\/wp-content\/uploads\/2017\/04\/cropped-1jojlxEOMkX9Wyqfhe43D6kjPOGqBBKmx3EwWJqZ0cMrFF54yM49.png","contentUrl":"https:\/\/guineediversite.com\/wp-content\/uploads\/2017\/04\/cropped-1jojlxEOMkX9Wyqfhe43D6kjPOGqBBKmx3EwWJqZ0cMrFF54yM49.png","width":186,"height":112,"caption":"Guin\u00e9e Diversit\u00e9"},"image":{"@id":"https:\/\/guineediversite.com\/#\/schema\/logo\/image\/"},"sameAs":["https:\/\/www.facebook.com\/guineediversite\/","https:\/\/x.com\/GuineeDiversite","https:\/\/www.youtube.com\/channel\/UC8sUY16qelG5ge6_D5SB83g"]},{"@type":"Person","@id":"https:\/\/guineediversite.com\/#\/schema\/person\/afa08fb34e7fc6e1feafc892612bc836","name":"Guin\u00e9e Diversit\u00e9","image":{"@type":"ImageObject","inLanguage":"fr-FR","@id":"https:\/\/guineediversite.com\/#\/schema\/person\/image\/","url":"https:\/\/secure.gravatar.com\/avatar\/50d5eb5b390f8b65ac30ac6f898eb83a?s=96&d=mm&r=g","contentUrl":"https:\/\/secure.gravatar.com\/avatar\/50d5eb5b390f8b65ac30ac6f898eb83a?s=96&d=mm&r=g","caption":"Guin\u00e9e Diversit\u00e9"},"url":"https:\/\/guineediversite.com\/index.php\/author\/guineediversite\/"}]}},"_links":{"self":[{"href":"https:\/\/guineediversite.com\/index.php\/wp-json\/wp\/v2\/posts\/27876"}],"collection":[{"href":"https:\/\/guineediversite.com\/index.php\/wp-json\/wp\/v2\/posts"}],"about":[{"href":"https:\/\/guineediversite.com\/index.php\/wp-json\/wp\/v2\/types\/post"}],"author":[{"embeddable":true,"href":"https:\/\/guineediversite.com\/index.php\/wp-json\/wp\/v2\/users\/12"}],"replies":[{"embeddable":true,"href":"https:\/\/guineediversite.com\/index.php\/wp-json\/wp\/v2\/comments?post=27876"}],"version-history":[{"count":0,"href":"https:\/\/guineediversite.com\/index.php\/wp-json\/wp\/v2\/posts\/27876\/revisions"}],"wp:featuredmedia":[{"embeddable":true,"href":"https:\/\/guineediversite.com\/index.php\/wp-json\/wp\/v2\/media\/27877"}],"wp:attachment":[{"href":"https:\/\/guineediversite.com\/index.php\/wp-json\/wp\/v2\/media?parent=27876"}],"wp:term":[{"taxonomy":"category","embeddable":true,"href":"https:\/\/guineediversite.com\/index.php\/wp-json\/wp\/v2\/categories?post=27876"},{"taxonomy":"post_tag","embeddable":true,"href":"https:\/\/guineediversite.com\/index.php\/wp-json\/wp\/v2\/tags?post=27876"}],"curies":[{"name":"wp","href":"https:\/\/api.w.org\/{rel}","templated":true}]}}