{"id":27864,"date":"2019-01-29T14:45:33","date_gmt":"2019-01-29T13:45:33","guid":{"rendered":"https:\/\/guineediversite.com\/?p=27864"},"modified":"2019-01-29T15:04:14","modified_gmt":"2019-01-29T14:04:14","slug":"can-2019-la-caf-a-confirme-des-nouvelles-dates","status":"publish","type":"post","link":"https:\/\/guineediversite.com\/index.php\/2019\/01\/29\/can-2019-la-caf-a-confirme-des-nouvelles-dates\/","title":{"rendered":"CAN 2019 : La CAF a confirm\u00e9e des nouvelles dates"},"content":{"rendered":"<p>Initialement pr\u00e9vue du 15 juin au 13 juillet prochains, la CAN 2019 ne se d\u00e9roulera pas \u00e0 la date indiqu\u00e9e. La comp\u00e9tition a \u00e9t\u00e9 d\u00e9cal\u00e9 de quelques jours. Elle d\u00e9roulera d\u00e9sormais du 21 juin au 19 juillet 2019 l\u2019\u00c9gypte Comme l\u2019avait annonc\u00e9 ce dimanche.<\/p>\n<p>Cette d\u00e9cision a \u00e9t\u00e9 confirm\u00e9e par la Conf\u00e9d\u00e9ration africaine de football ce lundi suite \u00e0 la r\u00e9union de son comit\u00e9 d\u2019urgence samedi. \u00ab\u00a0La Coupe d\u2019Afrique des Nations Total, Egypte 2019 avec son nouveau format \u00e0 24 \u00e9quipes se jouera du 21 juin au 19 juillet 2019\u00a0\u00bb, a indiqu\u00e9 l\u2019instance.<\/p>\n<p>Ce changement fait suite aux demandes des f\u00e9d\u00e9rations d\u2019Afrique du Nord qui souhaitaient laisser le temps \u00e0 leurs joueurs de r\u00e9cup\u00e9rer du je\u00fbne du ramadan.<\/p>\n","protected":false},"excerpt":{"rendered":"<p>Initialement pr\u00e9vue du 15 juin au 13 juillet prochains, la CAN 2019 ne se d\u00e9roulera pas \u00e0 la date indiqu\u00e9e. La comp\u00e9tition a \u00e9t\u00e9 d\u00e9cal\u00e9 de quelques jours. Elle d\u00e9roulera d\u00e9sormais du 21 juin au 19 juillet 2019 l\u2019\u00c9gypte Comme l\u2019avait annonc\u00e9 ce dimanche. Cette d\u00e9cision a \u00e9t\u00e9 confirm\u00e9e par la Conf\u00e9d\u00e9ration africaine de football [&hellip;]<\/p>\n","protected":false},"author":10,"featured_media":27865,"comment_status":"closed","ping_status":"closed","sticky":false,"template":"","format":"standard","meta":{"_exactmetrics_skip_tracking":false,"_exactmetrics_sitenote_active":false,"_exactmetrics_sitenote_note":"","_exactmetrics_sitenote_category":0,"tdm_status":"","tdm_grid_status":"","footnotes":""},"categories":[18],"tags":[],"class_list":{"0":"post-27864","1":"post","2":"type-post","3":"status-publish","4":"format-standard","5":"has-post-thumbnail","7":"category-sport"},"yoast_head":"<!-- This site is optimized with the Yoast SEO plugin v24.2 - https:\/\/yoast.com\/wordpress\/plugins\/seo\/ -->\n<title>CAN 2019 : La CAF a confirm\u00e9e des nouvelles dates | Guin\u00e9e Diversit\u00e9<\/title>\n<meta name=\"robots\" content=\"index, follow, max-snippet:-1, max-image-preview:large, max-video-preview:-1\" \/>\n<link rel=\"canonical\" href=\"https:\/\/guineediversite.com\/index.php\/2019\/01\/29\/can-2019-la-caf-a-confirme-des-nouvelles-dates\/\" \/>\n<meta property=\"og:locale\" content=\"fr_FR\" \/>\n<meta property=\"og:type\" content=\"article\" \/>\n<meta property=\"og:title\" content=\"CAN 2019 : La CAF a confirm\u00e9e des nouvelles dates | Guin\u00e9e Diversit\u00e9\" \/>\n<meta property=\"og:description\" content=\"Initialement pr\u00e9vue du 15 juin au 13 juillet prochains, la CAN 2019 ne se d\u00e9roulera pas \u00e0 la date indiqu\u00e9e. La comp\u00e9tition a \u00e9t\u00e9 d\u00e9cal\u00e9 de quelques jours. Elle d\u00e9roulera d\u00e9sormais du 21 juin au 19 juillet 2019 l\u2019\u00c9gypte Comme l\u2019avait annonc\u00e9 ce dimanche. Cette d\u00e9cision a \u00e9t\u00e9 confirm\u00e9e par la Conf\u00e9d\u00e9ration africaine de football [&hellip;]\" \/>\n<meta property=\"og:url\" content=\"https:\/\/guineediversite.com\/index.php\/2019\/01\/29\/can-2019-la-caf-a-confirme-des-nouvelles-dates\/\" \/>\n<meta property=\"og:site_name\" content=\"Guin\u00e9e Diversit\u00e9\" \/>\n<meta property=\"article:publisher\" content=\"https:\/\/www.facebook.com\/guineediversite\/\" \/>\n<meta property=\"article:published_time\" content=\"2019-01-29T13:45:33+00:00\" \/>\n<meta property=\"article:modified_time\" content=\"2019-01-29T14:04:14+00:00\" \/>\n<meta property=\"og:image\" content=\"https:\/\/guineediversite.com\/wp-content\/uploads\/2019\/01\/received_1975426832753492-696x522.jpeg\" \/>\n\t<meta property=\"og:image:width\" content=\"1365\" \/>\n\t<meta property=\"og:image:height\" content=\"1024\" \/>\n\t<meta property=\"og:image:type\" content=\"image\/jpeg\" \/>\n<meta name=\"author\" content=\"Morcire Camara\" \/>\n<meta name=\"twitter:card\" content=\"summary_large_image\" \/>\n<meta name=\"twitter:creator\" content=\"@GuineeDiversite\" \/>\n<meta name=\"twitter:site\" content=\"@GuineeDiversite\" \/>\n<meta name=\"twitter:label1\" content=\"\u00c9crit par\" \/>\n\t<meta name=\"twitter:data1\" content=\"Morcire Camara\" \/>\n\t<meta name=\"twitter:label2\" content=\"Dur\u00e9e de lecture estim\u00e9e\" \/>\n\t<meta name=\"twitter:data2\" content=\"1 minute\" \/>\n<script type=\"application\/ld+json\" class=\"yoast-schema-graph\">{\"@context\":\"https:\/\/schema.org\",\"@graph\":[{\"@type\":\"Article\",\"@id\":\"https:\/\/guineediversite.com\/index.php\/2019\/01\/29\/can-2019-la-caf-a-confirme-des-nouvelles-dates\/#article\",\"isPartOf\":{\"@id\":\"https:\/\/guineediversite.com\/index.php\/2019\/01\/29\/can-2019-la-caf-a-confirme-des-nouvelles-dates\/\"},\"author\":{\"name\":\"Morcire Camara\",\"@id\":\"https:\/\/guineediversite.com\/#\/schema\/person\/fa362494c47202ce4b3adf55abcc9d01\"},\"headline\":\"CAN 2019 : La CAF a confirm\u00e9e des nouvelles dates\",\"datePublished\":\"2019-01-29T13:45:33+00:00\",\"dateModified\":\"2019-01-29T14:04:14+00:00\",\"mainEntityOfPage\":{\"@id\":\"https:\/\/guineediversite.com\/index.php\/2019\/01\/29\/can-2019-la-caf-a-confirme-des-nouvelles-dates\/\"},\"wordCount\":135,\"publisher\":{\"@id\":\"https:\/\/guineediversite.com\/#organization\"},\"image\":{\"@id\":\"https:\/\/guineediversite.com\/index.php\/2019\/01\/29\/can-2019-la-caf-a-confirme-des-nouvelles-dates\/#primaryimage\"},\"thumbnailUrl\":\"https:\/\/guineediversite.com\/wp-content\/uploads\/2019\/01\/received_1975426832753492-696x522.jpeg\",\"articleSection\":[\"Sport\"],\"inLanguage\":\"fr-FR\"},{\"@type\":\"WebPage\",\"@id\":\"https:\/\/guineediversite.com\/index.php\/2019\/01\/29\/can-2019-la-caf-a-confirme-des-nouvelles-dates\/\",\"url\":\"https:\/\/guineediversite.com\/index.php\/2019\/01\/29\/can-2019-la-caf-a-confirme-des-nouvelles-dates\/\",\"name\":\"CAN 2019 : La CAF a confirm\u00e9e des nouvelles dates | Guin\u00e9e Diversit\u00e9\",\"isPartOf\":{\"@id\":\"https:\/\/guineediversite.com\/#website\"},\"primaryImageOfPage\":{\"@id\":\"https:\/\/guineediversite.com\/index.php\/2019\/01\/29\/can-2019-la-caf-a-confirme-des-nouvelles-dates\/#primaryimage\"},\"image\":{\"@id\":\"https:\/\/guineediversite.com\/index.php\/2019\/01\/29\/can-2019-la-caf-a-confirme-des-nouvelles-dates\/#primaryimage\"},\"thumbnailUrl\":\"https:\/\/guineediversite.com\/wp-content\/uploads\/2019\/01\/received_1975426832753492-696x522.jpeg\",\"datePublished\":\"2019-01-29T13:45:33+00:00\",\"dateModified\":\"2019-01-29T14:04:14+00:00\",\"breadcrumb\":{\"@id\":\"https:\/\/guineediversite.com\/index.php\/2019\/01\/29\/can-2019-la-caf-a-confirme-des-nouvelles-dates\/#breadcrumb\"},\"inLanguage\":\"fr-FR\",\"potentialAction\":[{\"@type\":\"ReadAction\",\"target\":[\"https:\/\/guineediversite.com\/index.php\/2019\/01\/29\/can-2019-la-caf-a-confirme-des-nouvelles-dates\/\"]}]},{\"@type\":\"ImageObject\",\"inLanguage\":\"fr-FR\",\"@id\":\"https:\/\/guineediversite.com\/index.php\/2019\/01\/29\/can-2019-la-caf-a-confirme-des-nouvelles-dates\/#primaryimage\",\"url\":\"https:\/\/guineediversite.com\/wp-content\/uploads\/2019\/01\/received_1975426832753492-696x522.jpeg\",\"contentUrl\":\"https:\/\/guineediversite.com\/wp-content\/uploads\/2019\/01\/received_1975426832753492-696x522.jpeg\",\"width\":1365,\"height\":1024},{\"@type\":\"BreadcrumbList\",\"@id\":\"https:\/\/guineediversite.com\/index.php\/2019\/01\/29\/can-2019-la-caf-a-confirme-des-nouvelles-dates\/#breadcrumb\",\"itemListElement\":[{\"@type\":\"ListItem\",\"position\":1,\"name\":\"Accueil\",\"item\":\"https:\/\/guineediversite.com\/\"},{\"@type\":\"ListItem\",\"position\":2,\"name\":\"CAN 2019 : La CAF a confirm\u00e9e des nouvelles dates\"}]},{\"@type\":\"WebSite\",\"@id\":\"https:\/\/guineediversite.com\/#website\",\"url\":\"https:\/\/guineediversite.com\/\",\"name\":\"Guin\u00e9e Diversit\u00e9\",\"description\":\"L&#039;Info dans toute sa diversit\u00e9\",\"publisher\":{\"@id\":\"https:\/\/guineediversite.com\/#organization\"},\"potentialAction\":[{\"@type\":\"SearchAction\",\"target\":{\"@type\":\"EntryPoint\",\"urlTemplate\":\"https:\/\/guineediversite.com\/?s={search_term_string}\"},\"query-input\":{\"@type\":\"PropertyValueSpecification\",\"valueRequired\":true,\"valueName\":\"search_term_string\"}}],\"inLanguage\":\"fr-FR\"},{\"@type\":\"Organization\",\"@id\":\"https:\/\/guineediversite.com\/#organization\",\"name\":\"Guin\u00e9e Diversit\u00e9\",\"url\":\"https:\/\/guineediversite.com\/\",\"logo\":{\"@type\":\"ImageObject\",\"inLanguage\":\"fr-FR\",\"@id\":\"https:\/\/guineediversite.com\/#\/schema\/logo\/image\/\",\"url\":\"https:\/\/guineediversite.com\/wp-content\/uploads\/2017\/04\/cropped-1jojlxEOMkX9Wyqfhe43D6kjPOGqBBKmx3EwWJqZ0cMrFF54yM49.png\",\"contentUrl\":\"https:\/\/guineediversite.com\/wp-content\/uploads\/2017\/04\/cropped-1jojlxEOMkX9Wyqfhe43D6kjPOGqBBKmx3EwWJqZ0cMrFF54yM49.png\",\"width\":186,\"height\":112,\"caption\":\"Guin\u00e9e Diversit\u00e9\"},\"image\":{\"@id\":\"https:\/\/guineediversite.com\/#\/schema\/logo\/image\/\"},\"sameAs\":[\"https:\/\/www.facebook.com\/guineediversite\/\",\"https:\/\/x.com\/GuineeDiversite\",\"https:\/\/www.youtube.com\/channel\/UC8sUY16qelG5ge6_D5SB83g\"]},{\"@type\":\"Person\",\"@id\":\"https:\/\/guineediversite.com\/#\/schema\/person\/fa362494c47202ce4b3adf55abcc9d01\",\"name\":\"Morcire Camara\",\"image\":{\"@type\":\"ImageObject\",\"inLanguage\":\"fr-FR\",\"@id\":\"https:\/\/guineediversite.com\/#\/schema\/person\/image\/\",\"url\":\"https:\/\/secure.gravatar.com\/avatar\/3ec324f02295bbcebe03d99b39330ab4?s=96&d=mm&r=g\",\"contentUrl\":\"https:\/\/secure.gravatar.com\/avatar\/3ec324f02295bbcebe03d99b39330ab4?s=96&d=mm&r=g\",\"caption\":\"Morcire Camara\"},\"url\":\"https:\/\/guineediversite.com\/index.php\/author\/morcire\/\"}]}<\/script>\n<!-- \/ Yoast SEO plugin. -->","yoast_head_json":{"title":"CAN 2019 : La CAF a confirm\u00e9e des nouvelles dates | Guin\u00e9e Diversit\u00e9","robots":{"index":"index","follow":"follow","max-snippet":"max-snippet:-1","max-image-preview":"max-image-preview:large","max-video-preview":"max-video-preview:-1"},"canonical":"https:\/\/guineediversite.com\/index.php\/2019\/01\/29\/can-2019-la-caf-a-confirme-des-nouvelles-dates\/","og_locale":"fr_FR","og_type":"article","og_title":"CAN 2019 : La CAF a confirm\u00e9e des nouvelles dates | Guin\u00e9e Diversit\u00e9","og_description":"Initialement pr\u00e9vue du 15 juin au 13 juillet prochains, la CAN 2019 ne se d\u00e9roulera pas \u00e0 la date indiqu\u00e9e. La comp\u00e9tition a \u00e9t\u00e9 d\u00e9cal\u00e9 de quelques jours. Elle d\u00e9roulera d\u00e9sormais du 21 juin au 19 juillet 2019 l\u2019\u00c9gypte Comme l\u2019avait annonc\u00e9 ce dimanche. Cette d\u00e9cision a \u00e9t\u00e9 confirm\u00e9e par la Conf\u00e9d\u00e9ration africaine de football [&hellip;]","og_url":"https:\/\/guineediversite.com\/index.php\/2019\/01\/29\/can-2019-la-caf-a-confirme-des-nouvelles-dates\/","og_site_name":"Guin\u00e9e Diversit\u00e9","article_publisher":"https:\/\/www.facebook.com\/guineediversite\/","article_published_time":"2019-01-29T13:45:33+00:00","article_modified_time":"2019-01-29T14:04:14+00:00","og_image":[{"width":1365,"height":1024,"url":"https:\/\/guineediversite.com\/wp-content\/uploads\/2019\/01\/received_1975426832753492-696x522.jpeg","type":"image\/jpeg"}],"author":"Morcire Camara","twitter_card":"summary_large_image","twitter_creator":"@GuineeDiversite","twitter_site":"@GuineeDiversite","twitter_misc":{"\u00c9crit par":"Morcire Camara","Dur\u00e9e de lecture estim\u00e9e":"1 minute"},"schema":{"@context":"https:\/\/schema.org","@graph":[{"@type":"Article","@id":"https:\/\/guineediversite.com\/index.php\/2019\/01\/29\/can-2019-la-caf-a-confirme-des-nouvelles-dates\/#article","isPartOf":{"@id":"https:\/\/guineediversite.com\/index.php\/2019\/01\/29\/can-2019-la-caf-a-confirme-des-nouvelles-dates\/"},"author":{"name":"Morcire Camara","@id":"https:\/\/guineediversite.com\/#\/schema\/person\/fa362494c47202ce4b3adf55abcc9d01"},"headline":"CAN 2019 : La CAF a confirm\u00e9e des nouvelles dates","datePublished":"2019-01-29T13:45:33+00:00","dateModified":"2019-01-29T14:04:14+00:00","mainEntityOfPage":{"@id":"https:\/\/guineediversite.com\/index.php\/2019\/01\/29\/can-2019-la-caf-a-confirme-des-nouvelles-dates\/"},"wordCount":135,"publisher":{"@id":"https:\/\/guineediversite.com\/#organization"},"image":{"@id":"https:\/\/guineediversite.com\/index.php\/2019\/01\/29\/can-2019-la-caf-a-confirme-des-nouvelles-dates\/#primaryimage"},"thumbnailUrl":"https:\/\/guineediversite.com\/wp-content\/uploads\/2019\/01\/received_1975426832753492-696x522.jpeg","articleSection":["Sport"],"inLanguage":"fr-FR"},{"@type":"WebPage","@id":"https:\/\/guineediversite.com\/index.php\/2019\/01\/29\/can-2019-la-caf-a-confirme-des-nouvelles-dates\/","url":"https:\/\/guineediversite.com\/index.php\/2019\/01\/29\/can-2019-la-caf-a-confirme-des-nouvelles-dates\/","name":"CAN 2019 : La CAF a confirm\u00e9e des nouvelles dates | Guin\u00e9e Diversit\u00e9","isPartOf":{"@id":"https:\/\/guineediversite.com\/#website"},"primaryImageOfPage":{"@id":"https:\/\/guineediversite.com\/index.php\/2019\/01\/29\/can-2019-la-caf-a-confirme-des-nouvelles-dates\/#primaryimage"},"image":{"@id":"https:\/\/guineediversite.com\/index.php\/2019\/01\/29\/can-2019-la-caf-a-confirme-des-nouvelles-dates\/#primaryimage"},"thumbnailUrl":"https:\/\/guineediversite.com\/wp-content\/uploads\/2019\/01\/received_1975426832753492-696x522.jpeg","datePublished":"2019-01-29T13:45:33+00:00","dateModified":"2019-01-29T14:04:14+00:00","breadcrumb":{"@id":"https:\/\/guineediversite.com\/index.php\/2019\/01\/29\/can-2019-la-caf-a-confirme-des-nouvelles-dates\/#breadcrumb"},"inLanguage":"fr-FR","potentialAction":[{"@type":"ReadAction","target":["https:\/\/guineediversite.com\/index.php\/2019\/01\/29\/can-2019-la-caf-a-confirme-des-nouvelles-dates\/"]}]},{"@type":"ImageObject","inLanguage":"fr-FR","@id":"https:\/\/guineediversite.com\/index.php\/2019\/01\/29\/can-2019-la-caf-a-confirme-des-nouvelles-dates\/#primaryimage","url":"https:\/\/guineediversite.com\/wp-content\/uploads\/2019\/01\/received_1975426832753492-696x522.jpeg","contentUrl":"https:\/\/guineediversite.com\/wp-content\/uploads\/2019\/01\/received_1975426832753492-696x522.jpeg","width":1365,"height":1024},{"@type":"BreadcrumbList","@id":"https:\/\/guineediversite.com\/index.php\/2019\/01\/29\/can-2019-la-caf-a-confirme-des-nouvelles-dates\/#breadcrumb","itemListElement":[{"@type":"ListItem","position":1,"name":"Accueil","item":"https:\/\/guineediversite.com\/"},{"@type":"ListItem","position":2,"name":"CAN 2019 : La CAF a confirm\u00e9e des nouvelles dates"}]},{"@type":"WebSite","@id":"https:\/\/guineediversite.com\/#website","url":"https:\/\/guineediversite.com\/","name":"Guin\u00e9e Diversit\u00e9","description":"L&#039;Info dans toute sa diversit\u00e9","publisher":{"@id":"https:\/\/guineediversite.com\/#organization"},"potentialAction":[{"@type":"SearchAction","target":{"@type":"EntryPoint","urlTemplate":"https:\/\/guineediversite.com\/?s={search_term_string}"},"query-input":{"@type":"PropertyValueSpecification","valueRequired":true,"valueName":"search_term_string"}}],"inLanguage":"fr-FR"},{"@type":"Organization","@id":"https:\/\/guineediversite.com\/#organization","name":"Guin\u00e9e Diversit\u00e9","url":"https:\/\/guineediversite.com\/","logo":{"@type":"ImageObject","inLanguage":"fr-FR","@id":"https:\/\/guineediversite.com\/#\/schema\/logo\/image\/","url":"https:\/\/guineediversite.com\/wp-content\/uploads\/2017\/04\/cropped-1jojlxEOMkX9Wyqfhe43D6kjPOGqBBKmx3EwWJqZ0cMrFF54yM49.png","contentUrl":"https:\/\/guineediversite.com\/wp-content\/uploads\/2017\/04\/cropped-1jojlxEOMkX9Wyqfhe43D6kjPOGqBBKmx3EwWJqZ0cMrFF54yM49.png","width":186,"height":112,"caption":"Guin\u00e9e Diversit\u00e9"},"image":{"@id":"https:\/\/guineediversite.com\/#\/schema\/logo\/image\/"},"sameAs":["https:\/\/www.facebook.com\/guineediversite\/","https:\/\/x.com\/GuineeDiversite","https:\/\/www.youtube.com\/channel\/UC8sUY16qelG5ge6_D5SB83g"]},{"@type":"Person","@id":"https:\/\/guineediversite.com\/#\/schema\/person\/fa362494c47202ce4b3adf55abcc9d01","name":"Morcire Camara","image":{"@type":"ImageObject","inLanguage":"fr-FR","@id":"https:\/\/guineediversite.com\/#\/schema\/person\/image\/","url":"https:\/\/secure.gravatar.com\/avatar\/3ec324f02295bbcebe03d99b39330ab4?s=96&d=mm&r=g","contentUrl":"https:\/\/secure.gravatar.com\/avatar\/3ec324f02295bbcebe03d99b39330ab4?s=96&d=mm&r=g","caption":"Morcire Camara"},"url":"https:\/\/guineediversite.com\/index.php\/author\/morcire\/"}]}},"_links":{"self":[{"href":"https:\/\/guineediversite.com\/index.php\/wp-json\/wp\/v2\/posts\/27864"}],"collection":[{"href":"https:\/\/guineediversite.com\/index.php\/wp-json\/wp\/v2\/posts"}],"about":[{"href":"https:\/\/guineediversite.com\/index.php\/wp-json\/wp\/v2\/types\/post"}],"author":[{"embeddable":true,"href":"https:\/\/guineediversite.com\/index.php\/wp-json\/wp\/v2\/users\/10"}],"replies":[{"embeddable":true,"href":"https:\/\/guineediversite.com\/index.php\/wp-json\/wp\/v2\/comments?post=27864"}],"version-history":[{"count":0,"href":"https:\/\/guineediversite.com\/index.php\/wp-json\/wp\/v2\/posts\/27864\/revisions"}],"wp:featuredmedia":[{"embeddable":true,"href":"https:\/\/guineediversite.com\/index.php\/wp-json\/wp\/v2\/media\/27865"}],"wp:attachment":[{"href":"https:\/\/guineediversite.com\/index.php\/wp-json\/wp\/v2\/media?parent=27864"}],"wp:term":[{"taxonomy":"category","embeddable":true,"href":"https:\/\/guineediversite.com\/index.php\/wp-json\/wp\/v2\/categories?post=27864"},{"taxonomy":"post_tag","embeddable":true,"href":"https:\/\/guineediversite.com\/index.php\/wp-json\/wp\/v2\/tags?post=27864"}],"curies":[{"name":"wp","href":"https:\/\/api.w.org\/{rel}","templated":true}]}}