{"id":27856,"date":"2019-01-28T12:16:21","date_gmt":"2019-01-28T11:16:21","guid":{"rendered":"https:\/\/guineediversite.com\/?p=27856"},"modified":"2019-01-28T12:16:21","modified_gmt":"2019-01-28T11:16:21","slug":"discours-du-ministre-de-la-citoyennete-et-de-lunite-nationale-a-la-journee-de-reconciliation-de-kindia","status":"publish","type":"post","link":"https:\/\/guineediversite.com\/index.php\/2019\/01\/28\/discours-du-ministre-de-la-citoyennete-et-de-lunite-nationale-a-la-journee-de-reconciliation-de-kindia\/","title":{"rendered":"Discours du ministre de la citoyennet\u00e9 et de l\u2019unit\u00e9 nationale \u00e0 la journ\u00e9e de r\u00e9conciliation de Kindia"},"content":{"rendered":"<p align=\"JUSTIFY\"><span style=\"font-family: Calibri, sans-serif;\"><span style=\"font-size: large;\"><b>Conakry, le 27 Janvier 2019 &#8211;\u00a0<\/b><b>Messieurs les Ministres d\u2019Etat,<\/b><\/span><\/span><\/p>\n<p align=\"JUSTIFY\"><span style=\"font-family: Calibri, sans-serif;\"><span style=\"font-size: large;\"><b>Monsieur le Gouverneur,<\/b><\/span><\/span><\/p>\n<p align=\"JUSTIFY\"><span style=\"font-family: Calibri, sans-serif;\"><span style=\"font-size: large;\"><b>Monsieur le Pr\u00e9fet,<\/b><\/span><\/span><\/p>\n<p align=\"JUSTIFY\"><span style=\"font-family: Calibri, sans-serif;\"><span style=\"font-size: large;\"><b>Monsieur le Maire,<\/b><\/span><\/span><\/p>\n<p align=\"JUSTIFY\"><span style=\"font-family: Calibri, sans-serif;\"><span style=\"font-size: large;\"><b>Mesdames, Messieurs les Conseillers Communaux,<\/b><\/span><\/span><\/p>\n<p align=\"JUSTIFY\"><span style=\"font-family: Calibri, sans-serif;\"><span style=\"font-size: large;\"><b>Mesdames, Messieurs les Chefs de Quartiers,<\/b><\/span><\/span><\/p>\n<p align=\"JUSTIFY\"><span style=\"font-family: Calibri, sans-serif;\"><span style=\"font-size: large;\"><b>Respect\u00e9s Sages et Religieux,<\/b><\/span><\/span><\/p>\n<p align=\"JUSTIFY\"><span style=\"font-family: Calibri, sans-serif;\"><span style=\"font-size: large;\"><b>Mesdames, Mesdemoiselles et Messieurs,<\/b><\/span><\/span><\/p>\n<p align=\"JUSTIFY\"><span style=\"font-family: Calibri, sans-serif;\"><span style=\"font-size: large;\"><span lang=\"fr-FR\">Je suis parmi vous ce matin samedi, 26 janvier 2019, en tant que Ministre de la Citoyennet\u00e9 et de l\u2019Unit\u00e9 nationale, porteur du Message de son Excellence Monsieur le Pr\u00e9sident de la R\u00e9publique, Pr. Alpha CONDE que voici\u00a0: vous priez respectueusement d\u2019agir pour dire non \u00e0 la haine, \u00e0 la division, \u00e0 la violence en faisant place, comme d\u2019habitude et pour toujours, \u00e0 la paix, la qui\u00e9tude, la concertation, l\u2019amiti\u00e9, la fraternit\u00e9 et la r\u00e9conciliation.<\/span><\/span><\/span><\/p>\n<p align=\"JUSTIFY\"><span style=\"font-family: Calibri, sans-serif;\"><span style=\"font-size: large;\"><span lang=\"fr-FR\">Je suis \u00e0 Kindia parce que cette pr\u00e9fecture occupe g\u00e9ographiquement, \u00e9conomiquement et historiquement une place importante dans la vie de la nation guin\u00e9enne. Mais aussi, parce que cette pr\u00e9fecture porte un autre nom,\u00a0\u00e9vocateur,\u00a0<\/span><span lang=\"fr-FR\"><b>KANIA<\/b><\/span><span lang=\"fr-FR\">, qui signifie \u00e0 la fois \u2018\u2019Amiti\u00e9\u2019\u2019 ou lieu o\u00f9 se lie, o\u00f9 se manifeste l\u2019amiti\u00e9. Ce nom est \u00e0 l\u2019origine de l\u2019hospitalit\u00e9 et de l\u2019urbanit\u00e9 qui ont fait de Kindia, ville de Manga KINDI, une m\u00e9gapole conviviale qui a attir\u00e9 les originaires de toutes les ethnies et de toutes les r\u00e9gions de la R\u00e9publique de Guin\u00e9e.<\/span><\/span><\/span><\/p>\n<p align=\"JUSTIFY\"><span style=\"font-family: Calibri, sans-serif;\"><span style=\"font-size: large;\"><span lang=\"fr-FR\">La qui\u00e9tude et le pacifique\u00a0<\/span><span lang=\"fr-FR\"><b>\u2018\u2019vivre-ensemble\u2019\u2019<\/b><\/span><span lang=\"fr-FR\">\u00a0cr\u00e9ent dans cette ville, capitale de la Basse-Guin\u00e9e, une extraordinaire atmosph\u00e8re de s\u00e9r\u00e9nit\u00e9 et de s\u00fbret\u00e9 qui y ont facilit\u00e9 et permis le rapide essor de l\u2019agriculture diversifi\u00e9e, du commerce et de l\u2019exploitation mini\u00e8re. KANIA est incontestablement parmi les plus importants p\u00f4les de l\u2019\u00e9mergence \u00e9conomique de notre pays. Quand Kindia fr\u00e9mit, toute la Guin\u00e9e tremble, quand Kindia s\u2019enrhume, toute la nation tousse. C\u2019est pourquoi, je voudrais placer Kindia, comme bien d\u2019autres pr\u00e9fectures, au sommet de mes projets et plans d\u2019action pour le rayonnement de la citoyennet\u00e9 et la consolidation de l\u2019unit\u00e9 nationale.<\/span><\/span><\/span><\/p>\n<p align=\"JUSTIFY\"><span style=\"font-family: Calibri, sans-serif;\"><span style=\"font-size: large;\"><span lang=\"fr-FR\">R\u00e9cemment, les \u00e9lections communales ont engendr\u00e9 des troubles sociaux qui menacent la tranquillit\u00e9 et les relations d\u2019amiti\u00e9 et de solidarit\u00e9 qui ont construit la trame qui tisse et relie entre eux les fils de raffermissement de l\u2019attachement des Kaniyaka \u00e0 leur contr\u00e9e d\u2019origine. Les dissensions politiques, r\u00e9sultant des \u00e9lections communales, sont entrain de scl\u00e9roser la concorde et d\u2019alt\u00e9rer l\u2019harmonie qui ont fait la beaut\u00e9 de Kindia et l\u2019engouement de ses fils pour sa vitalit\u00e9 sociale, \u00e9conomique, culturelle et sportive.<\/span><\/span><\/span><\/p>\n<p align=\"JUSTIFY\"><span style=\"font-family: Calibri, sans-serif;\"><span style=\"font-size: large;\"><span lang=\"fr-FR\">Les \u00e9lections divisent parce que, au lieu d\u2019\u00eatre un outil citoyen de choix des dirigeants par la consultation et la concertation, elles sont, parfois et dans certains endroits, des moyens de confrontation et de violence quand la loi et les accords politiques ne sont pas respect\u00e9s ou appliqu\u00e9s. Cet \u00e9tat de faits dommageables<\/span><span style=\"color: #444444;\"><span lang=\"fr-FR\">\u00a0tue la comp\u00e9tition politique, claustre la d\u00e9mocratie participative et ruine tout espoir de voir surgir un \u00e9difice d\u00e9mocratique source d\u2019unit\u00e9 et de citoyennet\u00e9 v\u00e9ritable. Ce faisant, la discorde projette l\u2019expression politique dans la rue o\u00f9 l\u2019on jette la jeunesse en p\u00e2ture \u00e0 la violence et \u00e0 l\u2019irresponsabilit\u00e9. Hormis ces turbulences \u00e9lectorales, les guin\u00e9ens vivent paisiblement ensemble sous les symboles de notre Etat et de notre Nation\u00a0: le drapeau rouge, jaune, vert et la devise travail, justice, solidarit\u00e9.<\/span><\/span><\/span><\/span><\/p>\n<p align=\"JUSTIFY\"><span style=\"font-family: Calibri, sans-serif;\"><span style=\"font-size: large;\"><span style=\"color: #444444;\"><span lang=\"fr-FR\">Je viens dire aux sages, aux femmes, aux jeunes, \u00e0 tous les fils de Kindia de refuser que la division r\u00e9ductrice dissuade le respect d\u2019une culture de la diversit\u00e9, prive la R\u00e9publique de citoyens chevronn\u00e9s, de programmes de soci\u00e9t\u00e9 pr\u00e9cellents et compromette l\u2019am\u00e9lioration concr\u00e8te de la vie de la majorit\u00e9 de la population.<\/span><\/span><\/span><\/span><\/p>\n<p align=\"JUSTIFY\"><span style=\"font-family: Calibri, sans-serif;\"><span style=\"font-size: large;\"><span style=\"color: #444444;\"><span lang=\"fr-FR\">Citoyennes et citoyens de Kindia, je suis venu entamer avec vous un dialogue permanent pour qu\u2019ensemble nous observions attentivement le fait que les conflits politiques ininterrompus imposent \u00e0 tout pays o\u00f9 ils se d\u00e9clenchent et perdurent d\u2019immenses co\u00fbts directement mesurables : raret\u00e9 des d\u2019investissements, d\u00e9t\u00e9rioration des \u00e9changes locaux, r\u00e9gionaux et internationaux, ch\u00f4mage aigu, criminalit\u00e9 accrue, absence de projets r\u00e9ducteurs de pauvret\u00e9, exode massif vidant le pays de sa substance juv\u00e9nile et des financements pour le d\u00e9veloppement. Toutes choses que tout kindianais et tout guin\u00e9en ne pense \u00e0 plus forte raison ne souhaite pour sa cit\u00e9 ou sa ch\u00e8re Guin\u00e9e.<\/span><\/span><\/span><\/span><\/p>\n<p align=\"JUSTIFY\"><span style=\"font-family: Calibri, sans-serif;\"><span style=\"font-size: large;\"><span style=\"color: #444444;\"><span lang=\"fr-FR\">Kindia, je viens vous dire que lorsque la rivalit\u00e9 politique est plac\u00e9e au-dessus de tout, la coh\u00e9sion sociale s\u2019effondre, l\u2019\u00e9conomie p\u00e2tit d\u2019un climat des affaires peu attractif, le financement de la croissance s\u2019essouffle et dresse un obstacle insurmontable au d\u00e9veloppement du secteur priv\u00e9. Les dissensions politiques enfantent une esp\u00e8ce de faillite qui menace l\u2019unit\u00e9 nationale. C\u2019est pourquoi je suis ici aujourd\u2019hui pour en appeler \u00e0 la n\u00e9cessit\u00e9 d\u2019une vision commune permettant de regarder en face les revendications de la population en termes de qui\u00e9tude, de s\u00e9curit\u00e9 et de d\u00e9veloppement.<\/span><\/span><\/span><\/span><\/p>\n<p align=\"JUSTIFY\"><span style=\"font-family: Calibri, sans-serif;\"><span style=\"font-size: large;\"><span style=\"color: #444444;\"><span lang=\"fr-FR\">Je voudrais rappeler que l\u2019Etat assurant et garantissant la protection des hommes et des biens, ce sont les citoyens qui doivent chercher \u00e0 traduire leurs objectifs \u00e9conomiques, sociaux, culturels en actions concr\u00e8tes. Je pense que les hommes et les femmes de Kindia et de toutes les pr\u00e9fectures de la Guin\u00e9e doivent ambitionner de transformer leurs localit\u00e9s dot\u00e9es d\u2019un sous-sol gorg\u00e9 d\u2019immenses gisements, d\u2019un sol d\u00e9bordant de ressources agricoles, hydrographiques, d\u2019un capital humain croissant \u00e0 fort potentiel de jeunes et d\u2019une situation g\u00e9ographiques privil\u00e9gi\u00e9e par un climat tropical g\u00e9n\u00e9reux.<\/span><\/span><\/span><\/span><\/p>\n<p align=\"JUSTIFY\"><span style=\"font-family: Calibri, sans-serif;\"><span style=\"font-size: large;\"><span style=\"color: #444444;\"><span lang=\"fr-FR\">J\u2019ajoute qu\u2019il serait vain de penser \u00e0 la modernisation de notre pays quand nous ne pouvons \u00eatre capables de moderniser nos id\u00e9es, les images, les symboles et concepts de notre belle nation. Il est tout simplement vain d\u2019aspirer \u00e0 la reconstruction si nous ne pouvons pas nous pr\u00e9parer \u00e0 construire la conscience nationale et les valeurs humaines qui fondent une v\u00e9ritable nation. Nous ne pouvons nous engager \u00e0 entreprendre la mise en valeur de nos ressources et potentialit\u00e9s quand nous sommes incapables d\u2019entretenir et amplifier la solidarit\u00e9 active qui offre \u00e0 tous et \u00e0 chacun les m\u00eames opportunit\u00e9s et chances.<\/span><\/span><\/span><\/span><\/p>\n<p align=\"JUSTIFY\"><span style=\"color: #444444;\"><span style=\"font-family: Calibri, sans-serif;\"><span style=\"font-size: large;\"><span lang=\"fr-FR\">Je suis venu, en tant que charg\u00e9 de la citoyennet\u00e9 et de l\u2019unit\u00e9 nationale par le Pr\u00e9sident de la R\u00e9publique, Pr Alpha Cond\u00e9 qui a cr\u00e9\u00e9, d\u00e9di\u00e9 et engag\u00e9 ce d\u00e9partement pour que partout en Guin\u00e9e, on construire un espace de dialogue ouvert, honn\u00eate et fructueux entre et au sein des populations et de leurs diverses organisations faiti\u00e8res. Que sur la base de l\u2019\u00e9coute, du respect , de la tol\u00e9rance, du pardon, du consensus et de la consid\u00e9ration de chacun et de tous, selon la place, le rang et le grade, particuli\u00e8rement des sages et des religieux comme nous le dictent nos strictes et judicieuses traditions et \u00e9ducations on cr\u00e9e un cadre am\u00e9lior\u00e9 de d\u00e9bats citoyens afin de concevoir un r\u00e8glement efficace des conflits pour parvenir \u00e0 une soci\u00e9t\u00e9 plus humaine, juste, solidaire et moderne susceptible d\u2019\u00e9tablir les fondements de l\u2019Unit\u00e9, la Paix sociale, la Stabilit\u00e9 et la D\u00e9mocratie sur tout le territoire national.<\/span><\/span><\/span><\/span><\/p>\n<p align=\"JUSTIFY\"><span style=\"font-family: Calibri, sans-serif;\"><span style=\"font-size: large;\"><span style=\"color: #444444;\"><span lang=\"fr-FR\">Kindia, ville des agrumes doit \u00eatre aussi la p\u00e9pini\u00e8re de ce havre de qui\u00e9tude, de stabilit\u00e9 et comme toujours le miroir envi\u00e9 du vivre ensemble\u00a0: c\u2019est possible ici et d\u00e8s maintenant en comptant sur la compr\u00e9hension de la jeunesse, la clairvoyance, la responsabilit\u00e9 de la classe politique, le soutien indispensable et les b\u00e9n\u00e9dictions des respect\u00e9s sages et religieux.<\/span><\/span><\/span><\/span><\/p>\n<p align=\"JUSTIFY\"><span style=\"font-family: Calibri, sans-serif;\"><span style=\"font-size: large;\"><span style=\"color: #444444;\"><span lang=\"fr-FR\">Dans ce sens, je veux saluer et f\u00e9liciter vivement le Ministre d\u2019Etat Oy\u00e9 Guilavogui, le Ministre Cheik Taliby Sylla et tous ceux qui connus ou anonymes s\u2019investissent constamment dans le retour et la p\u00e9rennisation de la paix \u00e0 Kindia et les exhorter \u00e0 poursuivre inlassablement leurs efforts sur cette seule et unique voie porteur d\u2019un avenir radieux de Kindia.<\/span><\/span><\/span><\/span><\/p>\n<p align=\"JUSTIFY\"><span style=\"font-family: Calibri, sans-serif;\"><span style=\"font-size: large;\"><span style=\"color: #444444;\"><span lang=\"fr-FR\">Kindianaises, Kindianais, je sais compter absolument sur vous pour que vous soyez, sans nul doute, \u00e0 la hauteur des v\u0153ux ardents des guin\u00e9ens et des attentes fortes que le Pr\u00e9sident de la R\u00e9publique, le Pr Alpha Cond\u00e9 place en vous \u00e0 savoir\u00a0: vous devez \u00eatre des citoyens acteurs et vecteurs de la paix et du d\u00e9veloppement de Kindia et de la Guin\u00e9e.\u00a0<\/span><\/span><\/span><\/span><\/p>\n<p align=\"JUSTIFY\"><span style=\"font-family: Calibri, sans-serif;\"><span style=\"font-size: large;\"><b><span lang=\"fr-FR\">Vive Kindia\u00a0;<\/span><\/b><\/span><\/span><\/p>\n<p align=\"JUSTIFY\"><span style=\"font-family: Calibri, sans-serif;\"><span style=\"font-size: large;\"><b><span lang=\"fr-FR\">Vive le Pr Alpha Cond\u00e9\u00a0;<\/span><\/b><\/span><\/span><\/p>\n<p align=\"JUSTIFY\"><span style=\"font-family: Calibri, sans-serif;\"><span style=\"font-size: large;\"><b><span lang=\"fr-FR\">Je vous remercie de votre bienveillante attention.<\/span><\/b><\/span><\/span><\/p>\n<p align=\"JUSTIFY\"><span style=\"font-family: Calibri, sans-serif;\"><span style=\"font-size: large;\"><i><b><span lang=\"fr-FR\">Mamadou Taran Diallo<\/span><\/b><\/i><\/span><\/span><\/p>\n<p align=\"JUSTIFY\"><span style=\"color: #000000;\"><span style=\"font-family: Calibri, sans-serif;\"><span style=\"font-size: large;\"><span lang=\"fr-FR\"><i><b>Ministre de la Citoyennet\u00e9 et de l\u2019Unit\u00e9 Nationale<\/b><\/i><\/span><\/span><\/span><\/span><\/p>\n<p align=\"JUSTIFY\"><span style=\"font-family: Calibri, sans-serif;\"><span style=\"font-size: large;\"><b>Transmis par la Cellule de Communication du Gouvernement<\/b><\/span><\/span><\/p>\n","protected":false},"excerpt":{"rendered":"<p>Conakry, le 27 Janvier 2019 &#8211;\u00a0Messieurs les Ministres d\u2019Etat, Monsieur le Gouverneur, Monsieur le Pr\u00e9fet, Monsieur le Maire, Mesdames, Messieurs les Conseillers Communaux, Mesdames, Messieurs les Chefs de Quartiers, Respect\u00e9s Sages et Religieux, Mesdames, Mesdemoiselles et Messieurs, Je suis parmi vous ce matin samedi, 26 janvier 2019, en tant que Ministre de la Citoyennet\u00e9 et [&hellip;]<\/p>\n","protected":false},"author":12,"featured_media":27857,"comment_status":"closed","ping_status":"closed","sticky":false,"template":"","format":"standard","meta":{"_exactmetrics_skip_tracking":false,"_exactmetrics_sitenote_active":false,"_exactmetrics_sitenote_note":"","_exactmetrics_sitenote_category":0,"tdm_status":"","tdm_grid_status":"","footnotes":""},"categories":[16],"tags":[],"class_list":{"0":"post-27856","1":"post","2":"type-post","3":"status-publish","4":"format-standard","5":"has-post-thumbnail","7":"category-societe"},"yoast_head":"<!-- This site is optimized with the Yoast SEO plugin v24.2 - https:\/\/yoast.com\/wordpress\/plugins\/seo\/ -->\n<title>Discours du ministre de la citoyennet\u00e9 et de l\u2019unit\u00e9 nationale \u00e0 la journ\u00e9e de r\u00e9conciliation de Kindia | Guin\u00e9e Diversit\u00e9<\/title>\n<meta name=\"robots\" content=\"index, follow, max-snippet:-1, max-image-preview:large, max-video-preview:-1\" \/>\n<link rel=\"canonical\" href=\"https:\/\/guineediversite.com\/index.php\/2019\/01\/28\/discours-du-ministre-de-la-citoyennete-et-de-lunite-nationale-a-la-journee-de-reconciliation-de-kindia\/\" \/>\n<meta property=\"og:locale\" content=\"fr_FR\" \/>\n<meta property=\"og:type\" content=\"article\" \/>\n<meta property=\"og:title\" content=\"Discours du ministre de la citoyennet\u00e9 et de l\u2019unit\u00e9 nationale \u00e0 la journ\u00e9e de r\u00e9conciliation de Kindia | Guin\u00e9e Diversit\u00e9\" \/>\n<meta property=\"og:description\" content=\"Conakry, le 27 Janvier 2019 &#8211;\u00a0Messieurs les Ministres d\u2019Etat, Monsieur le Gouverneur, Monsieur le Pr\u00e9fet, Monsieur le Maire, Mesdames, Messieurs les Conseillers Communaux, Mesdames, Messieurs les Chefs de Quartiers, Respect\u00e9s Sages et Religieux, Mesdames, Mesdemoiselles et Messieurs, Je suis parmi vous ce matin samedi, 26 janvier 2019, en tant que Ministre de la Citoyennet\u00e9 et [&hellip;]\" \/>\n<meta property=\"og:url\" content=\"https:\/\/guineediversite.com\/index.php\/2019\/01\/28\/discours-du-ministre-de-la-citoyennete-et-de-lunite-nationale-a-la-journee-de-reconciliation-de-kindia\/\" \/>\n<meta property=\"og:site_name\" content=\"Guin\u00e9e Diversit\u00e9\" \/>\n<meta property=\"article:publisher\" content=\"https:\/\/www.facebook.com\/guineediversite\/\" \/>\n<meta property=\"article:published_time\" content=\"2019-01-28T11:16:21+00:00\" \/>\n<meta property=\"og:image\" content=\"https:\/\/guineediversite.com\/wp-content\/uploads\/2019\/01\/t\u00e9l\u00e9chargement.jpg\" \/>\n\t<meta property=\"og:image:width\" content=\"1024\" \/>\n\t<meta property=\"og:image:height\" content=\"554\" \/>\n\t<meta property=\"og:image:type\" content=\"image\/jpeg\" \/>\n<meta name=\"author\" content=\"Guin\u00e9e Diversit\u00e9\" \/>\n<meta name=\"twitter:card\" content=\"summary_large_image\" \/>\n<meta name=\"twitter:creator\" content=\"@GuineeDiversite\" \/>\n<meta name=\"twitter:site\" content=\"@GuineeDiversite\" \/>\n<meta name=\"twitter:label1\" content=\"\u00c9crit par\" \/>\n\t<meta name=\"twitter:data1\" content=\"Guin\u00e9e Diversit\u00e9\" \/>\n\t<meta name=\"twitter:label2\" content=\"Dur\u00e9e de lecture estim\u00e9e\" \/>\n\t<meta name=\"twitter:data2\" content=\"7 minutes\" \/>\n<script type=\"application\/ld+json\" class=\"yoast-schema-graph\">{\"@context\":\"https:\/\/schema.org\",\"@graph\":[{\"@type\":\"Article\",\"@id\":\"https:\/\/guineediversite.com\/index.php\/2019\/01\/28\/discours-du-ministre-de-la-citoyennete-et-de-lunite-nationale-a-la-journee-de-reconciliation-de-kindia\/#article\",\"isPartOf\":{\"@id\":\"https:\/\/guineediversite.com\/index.php\/2019\/01\/28\/discours-du-ministre-de-la-citoyennete-et-de-lunite-nationale-a-la-journee-de-reconciliation-de-kindia\/\"},\"author\":{\"name\":\"Guin\u00e9e Diversit\u00e9\",\"@id\":\"https:\/\/guineediversite.com\/#\/schema\/person\/afa08fb34e7fc6e1feafc892612bc836\"},\"headline\":\"Discours du ministre de la citoyennet\u00e9 et de l\u2019unit\u00e9 nationale \u00e0 la journ\u00e9e de r\u00e9conciliation de Kindia\",\"datePublished\":\"2019-01-28T11:16:21+00:00\",\"dateModified\":\"2019-01-28T11:16:21+00:00\",\"mainEntityOfPage\":{\"@id\":\"https:\/\/guineediversite.com\/index.php\/2019\/01\/28\/discours-du-ministre-de-la-citoyennete-et-de-lunite-nationale-a-la-journee-de-reconciliation-de-kindia\/\"},\"wordCount\":1469,\"publisher\":{\"@id\":\"https:\/\/guineediversite.com\/#organization\"},\"image\":{\"@id\":\"https:\/\/guineediversite.com\/index.php\/2019\/01\/28\/discours-du-ministre-de-la-citoyennete-et-de-lunite-nationale-a-la-journee-de-reconciliation-de-kindia\/#primaryimage\"},\"thumbnailUrl\":\"https:\/\/guineediversite.com\/wp-content\/uploads\/2019\/01\/t\u00e9l\u00e9chargement.jpg\",\"articleSection\":[\"Soci\u00e9t\u00e9\"],\"inLanguage\":\"fr-FR\"},{\"@type\":\"WebPage\",\"@id\":\"https:\/\/guineediversite.com\/index.php\/2019\/01\/28\/discours-du-ministre-de-la-citoyennete-et-de-lunite-nationale-a-la-journee-de-reconciliation-de-kindia\/\",\"url\":\"https:\/\/guineediversite.com\/index.php\/2019\/01\/28\/discours-du-ministre-de-la-citoyennete-et-de-lunite-nationale-a-la-journee-de-reconciliation-de-kindia\/\",\"name\":\"Discours du ministre de la citoyennet\u00e9 et de l\u2019unit\u00e9 nationale \u00e0 la journ\u00e9e de r\u00e9conciliation de Kindia | Guin\u00e9e Diversit\u00e9\",\"isPartOf\":{\"@id\":\"https:\/\/guineediversite.com\/#website\"},\"primaryImageOfPage\":{\"@id\":\"https:\/\/guineediversite.com\/index.php\/2019\/01\/28\/discours-du-ministre-de-la-citoyennete-et-de-lunite-nationale-a-la-journee-de-reconciliation-de-kindia\/#primaryimage\"},\"image\":{\"@id\":\"https:\/\/guineediversite.com\/index.php\/2019\/01\/28\/discours-du-ministre-de-la-citoyennete-et-de-lunite-nationale-a-la-journee-de-reconciliation-de-kindia\/#primaryimage\"},\"thumbnailUrl\":\"https:\/\/guineediversite.com\/wp-content\/uploads\/2019\/01\/t\u00e9l\u00e9chargement.jpg\",\"datePublished\":\"2019-01-28T11:16:21+00:00\",\"dateModified\":\"2019-01-28T11:16:21+00:00\",\"breadcrumb\":{\"@id\":\"https:\/\/guineediversite.com\/index.php\/2019\/01\/28\/discours-du-ministre-de-la-citoyennete-et-de-lunite-nationale-a-la-journee-de-reconciliation-de-kindia\/#breadcrumb\"},\"inLanguage\":\"fr-FR\",\"potentialAction\":[{\"@type\":\"ReadAction\",\"target\":[\"https:\/\/guineediversite.com\/index.php\/2019\/01\/28\/discours-du-ministre-de-la-citoyennete-et-de-lunite-nationale-a-la-journee-de-reconciliation-de-kindia\/\"]}]},{\"@type\":\"ImageObject\",\"inLanguage\":\"fr-FR\",\"@id\":\"https:\/\/guineediversite.com\/index.php\/2019\/01\/28\/discours-du-ministre-de-la-citoyennete-et-de-lunite-nationale-a-la-journee-de-reconciliation-de-kindia\/#primaryimage\",\"url\":\"https:\/\/guineediversite.com\/wp-content\/uploads\/2019\/01\/t\u00e9l\u00e9chargement.jpg\",\"contentUrl\":\"https:\/\/guineediversite.com\/wp-content\/uploads\/2019\/01\/t\u00e9l\u00e9chargement.jpg\",\"width\":1024,\"height\":554},{\"@type\":\"BreadcrumbList\",\"@id\":\"https:\/\/guineediversite.com\/index.php\/2019\/01\/28\/discours-du-ministre-de-la-citoyennete-et-de-lunite-nationale-a-la-journee-de-reconciliation-de-kindia\/#breadcrumb\",\"itemListElement\":[{\"@type\":\"ListItem\",\"position\":1,\"name\":\"Accueil\",\"item\":\"https:\/\/guineediversite.com\/\"},{\"@type\":\"ListItem\",\"position\":2,\"name\":\"Discours du ministre de la citoyennet\u00e9 et de l\u2019unit\u00e9 nationale \u00e0 la journ\u00e9e de r\u00e9conciliation de Kindia\"}]},{\"@type\":\"WebSite\",\"@id\":\"https:\/\/guineediversite.com\/#website\",\"url\":\"https:\/\/guineediversite.com\/\",\"name\":\"Guin\u00e9e Diversit\u00e9\",\"description\":\"L&#039;Info dans toute sa diversit\u00e9\",\"publisher\":{\"@id\":\"https:\/\/guineediversite.com\/#organization\"},\"potentialAction\":[{\"@type\":\"SearchAction\",\"target\":{\"@type\":\"EntryPoint\",\"urlTemplate\":\"https:\/\/guineediversite.com\/?s={search_term_string}\"},\"query-input\":{\"@type\":\"PropertyValueSpecification\",\"valueRequired\":true,\"valueName\":\"search_term_string\"}}],\"inLanguage\":\"fr-FR\"},{\"@type\":\"Organization\",\"@id\":\"https:\/\/guineediversite.com\/#organization\",\"name\":\"Guin\u00e9e Diversit\u00e9\",\"url\":\"https:\/\/guineediversite.com\/\",\"logo\":{\"@type\":\"ImageObject\",\"inLanguage\":\"fr-FR\",\"@id\":\"https:\/\/guineediversite.com\/#\/schema\/logo\/image\/\",\"url\":\"https:\/\/guineediversite.com\/wp-content\/uploads\/2017\/04\/cropped-1jojlxEOMkX9Wyqfhe43D6kjPOGqBBKmx3EwWJqZ0cMrFF54yM49.png\",\"contentUrl\":\"https:\/\/guineediversite.com\/wp-content\/uploads\/2017\/04\/cropped-1jojlxEOMkX9Wyqfhe43D6kjPOGqBBKmx3EwWJqZ0cMrFF54yM49.png\",\"width\":186,\"height\":112,\"caption\":\"Guin\u00e9e Diversit\u00e9\"},\"image\":{\"@id\":\"https:\/\/guineediversite.com\/#\/schema\/logo\/image\/\"},\"sameAs\":[\"https:\/\/www.facebook.com\/guineediversite\/\",\"https:\/\/x.com\/GuineeDiversite\",\"https:\/\/www.youtube.com\/channel\/UC8sUY16qelG5ge6_D5SB83g\"]},{\"@type\":\"Person\",\"@id\":\"https:\/\/guineediversite.com\/#\/schema\/person\/afa08fb34e7fc6e1feafc892612bc836\",\"name\":\"Guin\u00e9e Diversit\u00e9\",\"image\":{\"@type\":\"ImageObject\",\"inLanguage\":\"fr-FR\",\"@id\":\"https:\/\/guineediversite.com\/#\/schema\/person\/image\/\",\"url\":\"https:\/\/secure.gravatar.com\/avatar\/50d5eb5b390f8b65ac30ac6f898eb83a?s=96&d=mm&r=g\",\"contentUrl\":\"https:\/\/secure.gravatar.com\/avatar\/50d5eb5b390f8b65ac30ac6f898eb83a?s=96&d=mm&r=g\",\"caption\":\"Guin\u00e9e Diversit\u00e9\"},\"url\":\"https:\/\/guineediversite.com\/index.php\/author\/guineediversite\/\"}]}<\/script>\n<!-- \/ Yoast SEO plugin. -->","yoast_head_json":{"title":"Discours du ministre de la citoyennet\u00e9 et de l\u2019unit\u00e9 nationale \u00e0 la journ\u00e9e de r\u00e9conciliation de Kindia | Guin\u00e9e Diversit\u00e9","robots":{"index":"index","follow":"follow","max-snippet":"max-snippet:-1","max-image-preview":"max-image-preview:large","max-video-preview":"max-video-preview:-1"},"canonical":"https:\/\/guineediversite.com\/index.php\/2019\/01\/28\/discours-du-ministre-de-la-citoyennete-et-de-lunite-nationale-a-la-journee-de-reconciliation-de-kindia\/","og_locale":"fr_FR","og_type":"article","og_title":"Discours du ministre de la citoyennet\u00e9 et de l\u2019unit\u00e9 nationale \u00e0 la journ\u00e9e de r\u00e9conciliation de Kindia | Guin\u00e9e Diversit\u00e9","og_description":"Conakry, le 27 Janvier 2019 &#8211;\u00a0Messieurs les Ministres d\u2019Etat, Monsieur le Gouverneur, Monsieur le Pr\u00e9fet, Monsieur le Maire, Mesdames, Messieurs les Conseillers Communaux, Mesdames, Messieurs les Chefs de Quartiers, Respect\u00e9s Sages et Religieux, Mesdames, Mesdemoiselles et Messieurs, Je suis parmi vous ce matin samedi, 26 janvier 2019, en tant que Ministre de la Citoyennet\u00e9 et [&hellip;]","og_url":"https:\/\/guineediversite.com\/index.php\/2019\/01\/28\/discours-du-ministre-de-la-citoyennete-et-de-lunite-nationale-a-la-journee-de-reconciliation-de-kindia\/","og_site_name":"Guin\u00e9e Diversit\u00e9","article_publisher":"https:\/\/www.facebook.com\/guineediversite\/","article_published_time":"2019-01-28T11:16:21+00:00","og_image":[{"width":1024,"height":554,"url":"https:\/\/guineediversite.com\/wp-content\/uploads\/2019\/01\/t\u00e9l\u00e9chargement.jpg","type":"image\/jpeg"}],"author":"Guin\u00e9e Diversit\u00e9","twitter_card":"summary_large_image","twitter_creator":"@GuineeDiversite","twitter_site":"@GuineeDiversite","twitter_misc":{"\u00c9crit par":"Guin\u00e9e Diversit\u00e9","Dur\u00e9e de lecture estim\u00e9e":"7 minutes"},"schema":{"@context":"https:\/\/schema.org","@graph":[{"@type":"Article","@id":"https:\/\/guineediversite.com\/index.php\/2019\/01\/28\/discours-du-ministre-de-la-citoyennete-et-de-lunite-nationale-a-la-journee-de-reconciliation-de-kindia\/#article","isPartOf":{"@id":"https:\/\/guineediversite.com\/index.php\/2019\/01\/28\/discours-du-ministre-de-la-citoyennete-et-de-lunite-nationale-a-la-journee-de-reconciliation-de-kindia\/"},"author":{"name":"Guin\u00e9e Diversit\u00e9","@id":"https:\/\/guineediversite.com\/#\/schema\/person\/afa08fb34e7fc6e1feafc892612bc836"},"headline":"Discours du ministre de la citoyennet\u00e9 et de l\u2019unit\u00e9 nationale \u00e0 la journ\u00e9e de r\u00e9conciliation de Kindia","datePublished":"2019-01-28T11:16:21+00:00","dateModified":"2019-01-28T11:16:21+00:00","mainEntityOfPage":{"@id":"https:\/\/guineediversite.com\/index.php\/2019\/01\/28\/discours-du-ministre-de-la-citoyennete-et-de-lunite-nationale-a-la-journee-de-reconciliation-de-kindia\/"},"wordCount":1469,"publisher":{"@id":"https:\/\/guineediversite.com\/#organization"},"image":{"@id":"https:\/\/guineediversite.com\/index.php\/2019\/01\/28\/discours-du-ministre-de-la-citoyennete-et-de-lunite-nationale-a-la-journee-de-reconciliation-de-kindia\/#primaryimage"},"thumbnailUrl":"https:\/\/guineediversite.com\/wp-content\/uploads\/2019\/01\/t\u00e9l\u00e9chargement.jpg","articleSection":["Soci\u00e9t\u00e9"],"inLanguage":"fr-FR"},{"@type":"WebPage","@id":"https:\/\/guineediversite.com\/index.php\/2019\/01\/28\/discours-du-ministre-de-la-citoyennete-et-de-lunite-nationale-a-la-journee-de-reconciliation-de-kindia\/","url":"https:\/\/guineediversite.com\/index.php\/2019\/01\/28\/discours-du-ministre-de-la-citoyennete-et-de-lunite-nationale-a-la-journee-de-reconciliation-de-kindia\/","name":"Discours du ministre de la citoyennet\u00e9 et de l\u2019unit\u00e9 nationale \u00e0 la journ\u00e9e de r\u00e9conciliation de Kindia | Guin\u00e9e Diversit\u00e9","isPartOf":{"@id":"https:\/\/guineediversite.com\/#website"},"primaryImageOfPage":{"@id":"https:\/\/guineediversite.com\/index.php\/2019\/01\/28\/discours-du-ministre-de-la-citoyennete-et-de-lunite-nationale-a-la-journee-de-reconciliation-de-kindia\/#primaryimage"},"image":{"@id":"https:\/\/guineediversite.com\/index.php\/2019\/01\/28\/discours-du-ministre-de-la-citoyennete-et-de-lunite-nationale-a-la-journee-de-reconciliation-de-kindia\/#primaryimage"},"thumbnailUrl":"https:\/\/guineediversite.com\/wp-content\/uploads\/2019\/01\/t\u00e9l\u00e9chargement.jpg","datePublished":"2019-01-28T11:16:21+00:00","dateModified":"2019-01-28T11:16:21+00:00","breadcrumb":{"@id":"https:\/\/guineediversite.com\/index.php\/2019\/01\/28\/discours-du-ministre-de-la-citoyennete-et-de-lunite-nationale-a-la-journee-de-reconciliation-de-kindia\/#breadcrumb"},"inLanguage":"fr-FR","potentialAction":[{"@type":"ReadAction","target":["https:\/\/guineediversite.com\/index.php\/2019\/01\/28\/discours-du-ministre-de-la-citoyennete-et-de-lunite-nationale-a-la-journee-de-reconciliation-de-kindia\/"]}]},{"@type":"ImageObject","inLanguage":"fr-FR","@id":"https:\/\/guineediversite.com\/index.php\/2019\/01\/28\/discours-du-ministre-de-la-citoyennete-et-de-lunite-nationale-a-la-journee-de-reconciliation-de-kindia\/#primaryimage","url":"https:\/\/guineediversite.com\/wp-content\/uploads\/2019\/01\/t\u00e9l\u00e9chargement.jpg","contentUrl":"https:\/\/guineediversite.com\/wp-content\/uploads\/2019\/01\/t\u00e9l\u00e9chargement.jpg","width":1024,"height":554},{"@type":"BreadcrumbList","@id":"https:\/\/guineediversite.com\/index.php\/2019\/01\/28\/discours-du-ministre-de-la-citoyennete-et-de-lunite-nationale-a-la-journee-de-reconciliation-de-kindia\/#breadcrumb","itemListElement":[{"@type":"ListItem","position":1,"name":"Accueil","item":"https:\/\/guineediversite.com\/"},{"@type":"ListItem","position":2,"name":"Discours du ministre de la citoyennet\u00e9 et de l\u2019unit\u00e9 nationale \u00e0 la journ\u00e9e de r\u00e9conciliation de Kindia"}]},{"@type":"WebSite","@id":"https:\/\/guineediversite.com\/#website","url":"https:\/\/guineediversite.com\/","name":"Guin\u00e9e Diversit\u00e9","description":"L&#039;Info dans toute sa diversit\u00e9","publisher":{"@id":"https:\/\/guineediversite.com\/#organization"},"potentialAction":[{"@type":"SearchAction","target":{"@type":"EntryPoint","urlTemplate":"https:\/\/guineediversite.com\/?s={search_term_string}"},"query-input":{"@type":"PropertyValueSpecification","valueRequired":true,"valueName":"search_term_string"}}],"inLanguage":"fr-FR"},{"@type":"Organization","@id":"https:\/\/guineediversite.com\/#organization","name":"Guin\u00e9e Diversit\u00e9","url":"https:\/\/guineediversite.com\/","logo":{"@type":"ImageObject","inLanguage":"fr-FR","@id":"https:\/\/guineediversite.com\/#\/schema\/logo\/image\/","url":"https:\/\/guineediversite.com\/wp-content\/uploads\/2017\/04\/cropped-1jojlxEOMkX9Wyqfhe43D6kjPOGqBBKmx3EwWJqZ0cMrFF54yM49.png","contentUrl":"https:\/\/guineediversite.com\/wp-content\/uploads\/2017\/04\/cropped-1jojlxEOMkX9Wyqfhe43D6kjPOGqBBKmx3EwWJqZ0cMrFF54yM49.png","width":186,"height":112,"caption":"Guin\u00e9e Diversit\u00e9"},"image":{"@id":"https:\/\/guineediversite.com\/#\/schema\/logo\/image\/"},"sameAs":["https:\/\/www.facebook.com\/guineediversite\/","https:\/\/x.com\/GuineeDiversite","https:\/\/www.youtube.com\/channel\/UC8sUY16qelG5ge6_D5SB83g"]},{"@type":"Person","@id":"https:\/\/guineediversite.com\/#\/schema\/person\/afa08fb34e7fc6e1feafc892612bc836","name":"Guin\u00e9e Diversit\u00e9","image":{"@type":"ImageObject","inLanguage":"fr-FR","@id":"https:\/\/guineediversite.com\/#\/schema\/person\/image\/","url":"https:\/\/secure.gravatar.com\/avatar\/50d5eb5b390f8b65ac30ac6f898eb83a?s=96&d=mm&r=g","contentUrl":"https:\/\/secure.gravatar.com\/avatar\/50d5eb5b390f8b65ac30ac6f898eb83a?s=96&d=mm&r=g","caption":"Guin\u00e9e Diversit\u00e9"},"url":"https:\/\/guineediversite.com\/index.php\/author\/guineediversite\/"}]}},"_links":{"self":[{"href":"https:\/\/guineediversite.com\/index.php\/wp-json\/wp\/v2\/posts\/27856"}],"collection":[{"href":"https:\/\/guineediversite.com\/index.php\/wp-json\/wp\/v2\/posts"}],"about":[{"href":"https:\/\/guineediversite.com\/index.php\/wp-json\/wp\/v2\/types\/post"}],"author":[{"embeddable":true,"href":"https:\/\/guineediversite.com\/index.php\/wp-json\/wp\/v2\/users\/12"}],"replies":[{"embeddable":true,"href":"https:\/\/guineediversite.com\/index.php\/wp-json\/wp\/v2\/comments?post=27856"}],"version-history":[{"count":0,"href":"https:\/\/guineediversite.com\/index.php\/wp-json\/wp\/v2\/posts\/27856\/revisions"}],"wp:featuredmedia":[{"embeddable":true,"href":"https:\/\/guineediversite.com\/index.php\/wp-json\/wp\/v2\/media\/27857"}],"wp:attachment":[{"href":"https:\/\/guineediversite.com\/index.php\/wp-json\/wp\/v2\/media?parent=27856"}],"wp:term":[{"taxonomy":"category","embeddable":true,"href":"https:\/\/guineediversite.com\/index.php\/wp-json\/wp\/v2\/categories?post=27856"},{"taxonomy":"post_tag","embeddable":true,"href":"https:\/\/guineediversite.com\/index.php\/wp-json\/wp\/v2\/tags?post=27856"}],"curies":[{"name":"wp","href":"https:\/\/api.w.org\/{rel}","templated":true}]}}