{"id":27847,"date":"2019-01-23T14:38:47","date_gmt":"2019-01-23T13:38:47","guid":{"rendered":"https:\/\/guineediversite.com\/?p=27847"},"modified":"2019-01-23T14:38:47","modified_gmt":"2019-01-23T13:38:47","slug":"tunisie-le-23-janvier-journee-de-labolition-de-lesclavage-une-decision-historique","status":"publish","type":"post","link":"https:\/\/guineediversite.com\/index.php\/2019\/01\/23\/tunisie-le-23-janvier-journee-de-labolition-de-lesclavage-une-decision-historique\/","title":{"rendered":"Tunisie : le 23 janvier Journ\u00e9e de l\u2019abolition de l\u2019esclavage, une d\u00e9cision \u00ab historique \u00bb"},"content":{"rendered":"<p><strong>Le pr\u00e9sident de la R\u00e9publique tunisienne, B\u00e9ji Ca\u00efd Essebsi, vient de proclamer le 23 janvier Journ\u00e9e nationale de l\u2019abolition de l\u2019esclavage. Une d\u00e9cision qualifi\u00e9e d&rsquo;\u00ab\u00a0historique\u00a0\u00bb par les militants des droits de l&rsquo;homme, qui le r\u00e9clamaient depuis plusieurs ann\u00e9es.<\/strong><\/p>\n<p>La Tunisie c\u00e9l\u00e9brera d\u00e9sormais, chaque 23 janvier, la journ\u00e9e nationale de l\u2019abolition de l\u2019esclavage. Cette d\u00e9cision pr\u00e9sidentielle a \u00e9t\u00e9 proclam\u00e9e apr\u00e8s une rencontre avec la pr\u00e9sidente de l\u2019Instance nationale de lutte contre la traite des personnes, Raoudha Laabidi, \u00e0 l\u2019occasion de la comm\u00e9moration du 173e anniversaire de l\u2019abolition de l\u2019esclavage en Tunisie.<\/p>\n<p>Depuis cette annonce,\u00a0<a href=\"https:\/\/www.facebook.com\/mehdi.kattou\">la toile semble ravie<\/a>. Les d\u00e9fenseurs des droits de l\u2019homme et les militants des associations de lutte contre le racisme ont exprim\u00e9 leur joie face \u00e0 cette avanc\u00e9e.\u00a0Beaucoup f\u00e9licitent cette d\u00e9cision, dans laquelle ils voient une vraie consolidation des acquis, surtout apr\u00e8s les r\u00e9centes r\u00e9formes comme\u00a0<a href=\"https:\/\/www.jeuneafrique.com\/644111\/societe\/loi-contre-le-racisme-tournant-historique-en-tunisie-mais-ou-en-sont-lalgerie-et-le-maroc\/\">la loi criminalisant le racisme en octobre dernier<\/a>, ou encore la possibilit\u00e9 d\u00e9sormais pour une Tunisienne de se marier avec un non-musulman.<\/p>\n<p><strong>IL EST GRAND TEMPS DE D\u00c9LIVRER LES M\u00c9MOIRES DE L\u2019OUBLI ET DE NOUS R\u00c9CONCILIER AVEC CETTE HISTOIRE LOINTAINE D\u2019UNE \u00ab\u00a0AFRICANIT\u00c9\u00a0\u00bb EN \u00c9CUEIL<\/strong><\/p>\n<p><a href=\"https:\/\/www.jeuneafrique.com\/mag\/471208\/societe\/femmes-tunisiennes-puissantes-saadia-mosbah-legerie-antiraciste\/\">La pr\u00e9sidente de l\u2019association M\u2019nemty, Saadia Mosbah,\u00a0connue pour \u00eatre la figure embl\u00e9matique de la lutte contre le racisme en Tunisie<\/a>, a adress\u00e9 le 21 janvier 2019 une lettre au pr\u00e9sident de la R\u00e9publique : \u00ab\u00a0Nous en parlons avec beaucoup de fiert\u00e9 et d\u2019orgueil dans nos discours, nos tribunes, nos journaux, nos radios, pour dire au monde entier que ce petit pays est pr\u00e9curseur, avant-gardiste, moderne. [\u2026] Il est grand temps de d\u00e9livrer les m\u00e9moires de l\u2019oubli et de nous r\u00e9concilier avec cette histoire lointaine d\u2019une \u00ab\u00a0Africanit\u00e9\u00a0\u00bb en \u00e9cueil, sachant que la Tunisie a donn\u00e9 son nom au continent Ifriqiya.\u00a0\u00bb<\/p>\n<p><strong>Rendre \u00ab\u00a0effective\u00a0\u00bb la lutte contre le racisme<\/strong><\/p>\n<p>Contact\u00e9e par\u00a0<em>Jeune Afrique<\/em>,\u00a0Yamina Thabet, pr\u00e9sidente de l\u2019Association tunisienne de soutien des minorit\u00e9s (ATSM), n\u2019a pas cach\u00e9 sa satisfaction apr\u00e8s cette annonce qu\u2019elle a qualifi\u00e9e \u00ab\u00a0d\u2019historique\u00a0\u00bb, et\u00a0qui repr\u00e9sente pour elle \u00ab la deuxi\u00e8me grande nouvelle de ces derniers mois\u00a0\u00bb, apr\u00e8s l\u2019adoption en octobre de la loi sur le racisme.<\/p>\n<p>\u00ab\u00a0<em>Nous voulions proclamer une journ\u00e9e nationale pour l\u2019abolition de l\u2019esclavage, car nous estimons qu\u2019il s\u2019agit de notre histoire et d\u2019une date charni\u00e8re qu\u2019il faut comm\u00e9morer.\u00a0Comme les collectifs M\u2019nemty et Adam, notre association adresse depuis 2012 des lettres \u00e0 la pr\u00e9sidence. [\u2026] C\u2019est tr\u00e8s important que l\u2019histoire de l\u2019esclavage soit enseign\u00e9e \u00e0 l\u2019\u00e9cole si on veut que la lutte contre le racisme soit effective<\/em>\u00a0\u00bb, a t-elle ajout\u00e9.<\/p>\n<p>Sous l\u2019impulsion d\u2019Ahmed 1er Bey, la Tunisie a \u00e9t\u00e9 le premier pays arabo-musulman \u00e0 abolir l\u2019esclavage en 1846 \u2013 avant la France et les \u00c9tats-Unis. M\u00eame si la traite s\u2019est poursuivie jusqu\u2019au d\u00e9but du XXe si\u00e8cle, d\u2019autres textes beylicaux avaient \u00e9galement \u00e9t\u00e9 promulgu\u00e9s, dont un en 1841 interdisant la vente des esclaves dans les souks de l\u2019agglom\u00e9ration de Tunis, et un autre, une ann\u00e9e plus tard, prohibant leur vente et leur envoi \u00e0 l\u2019\u00e9tranger.<\/p>\n<p>N\u00e9anmoins, la Tunisie peine encore \u00e0 classer les douloureux souvenirs de l\u2019esclavage et de la traite humaine dans son pass\u00e9,\u00a0<a href=\"https:\/\/www.jeuneafrique.com\/387963\/societe\/racisme-tunisie-on-donne-limpression-detre-hommes\/\">\u00e0 cause du racisme toujours patent dans la soci\u00e9t\u00e9.<\/a>\u00a0<a href=\"https:\/\/www.jeuneafrique.com\/695044\/societe\/manifestation-divoiriens-a-tunis-apres-le-meurtre-du-president-de-leur-communaute\/\">Le 23 d\u00e9cembre dernier, le pr\u00e9sident de l\u2019Association des Ivoiriens en Tunisie a \u00e9t\u00e9 tu\u00e9 \u00e0 l\u2019arme blanche, dans un quartier de Tunis o\u00f9 les agressions racistes sont fr\u00e9quentes<\/a>. Les associations, qui fustigent le laxisme de l\u2019\u00c9tat et d\u00e9noncent un vocabulaire raciste et \u00e0 connotation esclavagiste, s\u2019inqui\u00e8tent \u00e9galement des chiffres\u00a0divulgu\u00e9s dans\u00a0<a href=\"https:\/\/www.facebook.com\/contrelatraitedespersonnesentunisie\/photos\/a.1645993409020434\/2350410611912040\/?type=3&amp;theater\">le dernier rapport de l\u2019Association de lutte contre la traite humaine<\/a>. Entre 2017 et 2018, plus de 700 cas \u2013 exploitation \u00e9conomique et sexuelle, travail domestique des enfants, etc.\u00a0\u2013 ont \u00e9t\u00e9 enregistr\u00e9s en Tunisie.<\/p>\n<p><strong>JA<\/strong><\/p>\n<p>&nbsp;<\/p>\n","protected":false},"excerpt":{"rendered":"<p>Le pr\u00e9sident de la R\u00e9publique tunisienne, B\u00e9ji Ca\u00efd Essebsi, vient de proclamer le 23 janvier Journ\u00e9e nationale de l\u2019abolition de l\u2019esclavage. Une d\u00e9cision qualifi\u00e9e d&rsquo;\u00ab\u00a0historique\u00a0\u00bb par les militants des droits de l&rsquo;homme, qui le r\u00e9clamaient depuis plusieurs ann\u00e9es. La Tunisie c\u00e9l\u00e9brera d\u00e9sormais, chaque 23 janvier, la journ\u00e9e nationale de l\u2019abolition de l\u2019esclavage. Cette d\u00e9cision pr\u00e9sidentielle [&hellip;]<\/p>\n","protected":false},"author":12,"featured_media":27848,"comment_status":"closed","ping_status":"closed","sticky":false,"template":"","format":"standard","meta":{"_exactmetrics_skip_tracking":false,"_exactmetrics_sitenote_active":false,"_exactmetrics_sitenote_note":"","_exactmetrics_sitenote_category":0,"tdm_status":"","tdm_grid_status":"","footnotes":""},"categories":[21],"tags":[],"class_list":{"0":"post-27847","1":"post","2":"type-post","3":"status-publish","4":"format-standard","5":"has-post-thumbnail","7":"category-international"},"yoast_head":"<!-- This site is optimized with the Yoast SEO plugin v24.2 - https:\/\/yoast.com\/wordpress\/plugins\/seo\/ -->\n<title>Tunisie : le 23 janvier Journ\u00e9e de l\u2019abolition de l\u2019esclavage, une d\u00e9cision \u00ab historique \u00bb | Guin\u00e9e Diversit\u00e9<\/title>\n<meta name=\"robots\" content=\"index, follow, max-snippet:-1, max-image-preview:large, max-video-preview:-1\" \/>\n<link rel=\"canonical\" href=\"https:\/\/guineediversite.com\/index.php\/2019\/01\/23\/tunisie-le-23-janvier-journee-de-labolition-de-lesclavage-une-decision-historique\/\" \/>\n<meta property=\"og:locale\" content=\"fr_FR\" \/>\n<meta property=\"og:type\" content=\"article\" \/>\n<meta property=\"og:title\" content=\"Tunisie : le 23 janvier Journ\u00e9e de l\u2019abolition de l\u2019esclavage, une d\u00e9cision \u00ab historique \u00bb | Guin\u00e9e Diversit\u00e9\" \/>\n<meta property=\"og:description\" content=\"Le pr\u00e9sident de la R\u00e9publique tunisienne, B\u00e9ji Ca\u00efd Essebsi, vient de proclamer le 23 janvier Journ\u00e9e nationale de l\u2019abolition de l\u2019esclavage. Une d\u00e9cision qualifi\u00e9e d&rsquo;\u00ab\u00a0historique\u00a0\u00bb par les militants des droits de l&rsquo;homme, qui le r\u00e9clamaient depuis plusieurs ann\u00e9es. La Tunisie c\u00e9l\u00e9brera d\u00e9sormais, chaque 23 janvier, la journ\u00e9e nationale de l\u2019abolition de l\u2019esclavage. Cette d\u00e9cision pr\u00e9sidentielle [&hellip;]\" \/>\n<meta property=\"og:url\" content=\"https:\/\/guineediversite.com\/index.php\/2019\/01\/23\/tunisie-le-23-janvier-journee-de-labolition-de-lesclavage-une-decision-historique\/\" \/>\n<meta property=\"og:site_name\" content=\"Guin\u00e9e Diversit\u00e9\" \/>\n<meta property=\"article:publisher\" content=\"https:\/\/www.facebook.com\/guineediversite\/\" \/>\n<meta property=\"article:published_time\" content=\"2019-01-23T13:38:47+00:00\" \/>\n<meta property=\"og:image\" content=\"https:\/\/guineediversite.com\/wp-content\/uploads\/2019\/01\/21489_1012439792156686_6087470446799018508_n-592x296-1458840834.jpg\" \/>\n\t<meta property=\"og:image:width\" content=\"1900\" \/>\n\t<meta property=\"og:image:height\" content=\"950\" \/>\n\t<meta property=\"og:image:type\" content=\"image\/jpeg\" \/>\n<meta name=\"author\" content=\"Guin\u00e9e Diversit\u00e9\" \/>\n<meta name=\"twitter:card\" content=\"summary_large_image\" \/>\n<meta name=\"twitter:creator\" content=\"@GuineeDiversite\" \/>\n<meta name=\"twitter:site\" content=\"@GuineeDiversite\" \/>\n<meta name=\"twitter:label1\" content=\"\u00c9crit par\" \/>\n\t<meta name=\"twitter:data1\" content=\"Guin\u00e9e Diversit\u00e9\" \/>\n\t<meta name=\"twitter:label2\" content=\"Dur\u00e9e de lecture estim\u00e9e\" \/>\n\t<meta name=\"twitter:data2\" content=\"3 minutes\" \/>\n<script type=\"application\/ld+json\" class=\"yoast-schema-graph\">{\"@context\":\"https:\/\/schema.org\",\"@graph\":[{\"@type\":\"Article\",\"@id\":\"https:\/\/guineediversite.com\/index.php\/2019\/01\/23\/tunisie-le-23-janvier-journee-de-labolition-de-lesclavage-une-decision-historique\/#article\",\"isPartOf\":{\"@id\":\"https:\/\/guineediversite.com\/index.php\/2019\/01\/23\/tunisie-le-23-janvier-journee-de-labolition-de-lesclavage-une-decision-historique\/\"},\"author\":{\"name\":\"Guin\u00e9e Diversit\u00e9\",\"@id\":\"https:\/\/guineediversite.com\/#\/schema\/person\/afa08fb34e7fc6e1feafc892612bc836\"},\"headline\":\"Tunisie : le 23 janvier Journ\u00e9e de l\u2019abolition de l\u2019esclavage, une d\u00e9cision \u00ab historique \u00bb\",\"datePublished\":\"2019-01-23T13:38:47+00:00\",\"dateModified\":\"2019-01-23T13:38:47+00:00\",\"mainEntityOfPage\":{\"@id\":\"https:\/\/guineediversite.com\/index.php\/2019\/01\/23\/tunisie-le-23-janvier-journee-de-labolition-de-lesclavage-une-decision-historique\/\"},\"wordCount\":703,\"publisher\":{\"@id\":\"https:\/\/guineediversite.com\/#organization\"},\"image\":{\"@id\":\"https:\/\/guineediversite.com\/index.php\/2019\/01\/23\/tunisie-le-23-janvier-journee-de-labolition-de-lesclavage-une-decision-historique\/#primaryimage\"},\"thumbnailUrl\":\"https:\/\/guineediversite.com\/wp-content\/uploads\/2019\/01\/21489_1012439792156686_6087470446799018508_n-592x296-1458840834.jpg\",\"articleSection\":[\"International\"],\"inLanguage\":\"fr-FR\"},{\"@type\":\"WebPage\",\"@id\":\"https:\/\/guineediversite.com\/index.php\/2019\/01\/23\/tunisie-le-23-janvier-journee-de-labolition-de-lesclavage-une-decision-historique\/\",\"url\":\"https:\/\/guineediversite.com\/index.php\/2019\/01\/23\/tunisie-le-23-janvier-journee-de-labolition-de-lesclavage-une-decision-historique\/\",\"name\":\"Tunisie : le 23 janvier Journ\u00e9e de l\u2019abolition de l\u2019esclavage, une d\u00e9cision \u00ab historique \u00bb | Guin\u00e9e Diversit\u00e9\",\"isPartOf\":{\"@id\":\"https:\/\/guineediversite.com\/#website\"},\"primaryImageOfPage\":{\"@id\":\"https:\/\/guineediversite.com\/index.php\/2019\/01\/23\/tunisie-le-23-janvier-journee-de-labolition-de-lesclavage-une-decision-historique\/#primaryimage\"},\"image\":{\"@id\":\"https:\/\/guineediversite.com\/index.php\/2019\/01\/23\/tunisie-le-23-janvier-journee-de-labolition-de-lesclavage-une-decision-historique\/#primaryimage\"},\"thumbnailUrl\":\"https:\/\/guineediversite.com\/wp-content\/uploads\/2019\/01\/21489_1012439792156686_6087470446799018508_n-592x296-1458840834.jpg\",\"datePublished\":\"2019-01-23T13:38:47+00:00\",\"dateModified\":\"2019-01-23T13:38:47+00:00\",\"breadcrumb\":{\"@id\":\"https:\/\/guineediversite.com\/index.php\/2019\/01\/23\/tunisie-le-23-janvier-journee-de-labolition-de-lesclavage-une-decision-historique\/#breadcrumb\"},\"inLanguage\":\"fr-FR\",\"potentialAction\":[{\"@type\":\"ReadAction\",\"target\":[\"https:\/\/guineediversite.com\/index.php\/2019\/01\/23\/tunisie-le-23-janvier-journee-de-labolition-de-lesclavage-une-decision-historique\/\"]}]},{\"@type\":\"ImageObject\",\"inLanguage\":\"fr-FR\",\"@id\":\"https:\/\/guineediversite.com\/index.php\/2019\/01\/23\/tunisie-le-23-janvier-journee-de-labolition-de-lesclavage-une-decision-historique\/#primaryimage\",\"url\":\"https:\/\/guineediversite.com\/wp-content\/uploads\/2019\/01\/21489_1012439792156686_6087470446799018508_n-592x296-1458840834.jpg\",\"contentUrl\":\"https:\/\/guineediversite.com\/wp-content\/uploads\/2019\/01\/21489_1012439792156686_6087470446799018508_n-592x296-1458840834.jpg\",\"width\":1900,\"height\":950},{\"@type\":\"BreadcrumbList\",\"@id\":\"https:\/\/guineediversite.com\/index.php\/2019\/01\/23\/tunisie-le-23-janvier-journee-de-labolition-de-lesclavage-une-decision-historique\/#breadcrumb\",\"itemListElement\":[{\"@type\":\"ListItem\",\"position\":1,\"name\":\"Accueil\",\"item\":\"https:\/\/guineediversite.com\/\"},{\"@type\":\"ListItem\",\"position\":2,\"name\":\"Tunisie : le 23 janvier Journ\u00e9e de l\u2019abolition de l\u2019esclavage, une d\u00e9cision \u00ab historique \u00bb\"}]},{\"@type\":\"WebSite\",\"@id\":\"https:\/\/guineediversite.com\/#website\",\"url\":\"https:\/\/guineediversite.com\/\",\"name\":\"Guin\u00e9e Diversit\u00e9\",\"description\":\"L&#039;Info dans toute sa diversit\u00e9\",\"publisher\":{\"@id\":\"https:\/\/guineediversite.com\/#organization\"},\"potentialAction\":[{\"@type\":\"SearchAction\",\"target\":{\"@type\":\"EntryPoint\",\"urlTemplate\":\"https:\/\/guineediversite.com\/?s={search_term_string}\"},\"query-input\":{\"@type\":\"PropertyValueSpecification\",\"valueRequired\":true,\"valueName\":\"search_term_string\"}}],\"inLanguage\":\"fr-FR\"},{\"@type\":\"Organization\",\"@id\":\"https:\/\/guineediversite.com\/#organization\",\"name\":\"Guin\u00e9e Diversit\u00e9\",\"url\":\"https:\/\/guineediversite.com\/\",\"logo\":{\"@type\":\"ImageObject\",\"inLanguage\":\"fr-FR\",\"@id\":\"https:\/\/guineediversite.com\/#\/schema\/logo\/image\/\",\"url\":\"https:\/\/guineediversite.com\/wp-content\/uploads\/2017\/04\/cropped-1jojlxEOMkX9Wyqfhe43D6kjPOGqBBKmx3EwWJqZ0cMrFF54yM49.png\",\"contentUrl\":\"https:\/\/guineediversite.com\/wp-content\/uploads\/2017\/04\/cropped-1jojlxEOMkX9Wyqfhe43D6kjPOGqBBKmx3EwWJqZ0cMrFF54yM49.png\",\"width\":186,\"height\":112,\"caption\":\"Guin\u00e9e Diversit\u00e9\"},\"image\":{\"@id\":\"https:\/\/guineediversite.com\/#\/schema\/logo\/image\/\"},\"sameAs\":[\"https:\/\/www.facebook.com\/guineediversite\/\",\"https:\/\/x.com\/GuineeDiversite\",\"https:\/\/www.youtube.com\/channel\/UC8sUY16qelG5ge6_D5SB83g\"]},{\"@type\":\"Person\",\"@id\":\"https:\/\/guineediversite.com\/#\/schema\/person\/afa08fb34e7fc6e1feafc892612bc836\",\"name\":\"Guin\u00e9e Diversit\u00e9\",\"image\":{\"@type\":\"ImageObject\",\"inLanguage\":\"fr-FR\",\"@id\":\"https:\/\/guineediversite.com\/#\/schema\/person\/image\/\",\"url\":\"https:\/\/secure.gravatar.com\/avatar\/50d5eb5b390f8b65ac30ac6f898eb83a?s=96&d=mm&r=g\",\"contentUrl\":\"https:\/\/secure.gravatar.com\/avatar\/50d5eb5b390f8b65ac30ac6f898eb83a?s=96&d=mm&r=g\",\"caption\":\"Guin\u00e9e Diversit\u00e9\"},\"url\":\"https:\/\/guineediversite.com\/index.php\/author\/guineediversite\/\"}]}<\/script>\n<!-- \/ Yoast SEO plugin. -->","yoast_head_json":{"title":"Tunisie : le 23 janvier Journ\u00e9e de l\u2019abolition de l\u2019esclavage, une d\u00e9cision \u00ab historique \u00bb | Guin\u00e9e Diversit\u00e9","robots":{"index":"index","follow":"follow","max-snippet":"max-snippet:-1","max-image-preview":"max-image-preview:large","max-video-preview":"max-video-preview:-1"},"canonical":"https:\/\/guineediversite.com\/index.php\/2019\/01\/23\/tunisie-le-23-janvier-journee-de-labolition-de-lesclavage-une-decision-historique\/","og_locale":"fr_FR","og_type":"article","og_title":"Tunisie : le 23 janvier Journ\u00e9e de l\u2019abolition de l\u2019esclavage, une d\u00e9cision \u00ab historique \u00bb | Guin\u00e9e Diversit\u00e9","og_description":"Le pr\u00e9sident de la R\u00e9publique tunisienne, B\u00e9ji Ca\u00efd Essebsi, vient de proclamer le 23 janvier Journ\u00e9e nationale de l\u2019abolition de l\u2019esclavage. Une d\u00e9cision qualifi\u00e9e d&rsquo;\u00ab\u00a0historique\u00a0\u00bb par les militants des droits de l&rsquo;homme, qui le r\u00e9clamaient depuis plusieurs ann\u00e9es. La Tunisie c\u00e9l\u00e9brera d\u00e9sormais, chaque 23 janvier, la journ\u00e9e nationale de l\u2019abolition de l\u2019esclavage. Cette d\u00e9cision pr\u00e9sidentielle [&hellip;]","og_url":"https:\/\/guineediversite.com\/index.php\/2019\/01\/23\/tunisie-le-23-janvier-journee-de-labolition-de-lesclavage-une-decision-historique\/","og_site_name":"Guin\u00e9e Diversit\u00e9","article_publisher":"https:\/\/www.facebook.com\/guineediversite\/","article_published_time":"2019-01-23T13:38:47+00:00","og_image":[{"width":1900,"height":950,"url":"https:\/\/guineediversite.com\/wp-content\/uploads\/2019\/01\/21489_1012439792156686_6087470446799018508_n-592x296-1458840834.jpg","type":"image\/jpeg"}],"author":"Guin\u00e9e Diversit\u00e9","twitter_card":"summary_large_image","twitter_creator":"@GuineeDiversite","twitter_site":"@GuineeDiversite","twitter_misc":{"\u00c9crit par":"Guin\u00e9e Diversit\u00e9","Dur\u00e9e de lecture estim\u00e9e":"3 minutes"},"schema":{"@context":"https:\/\/schema.org","@graph":[{"@type":"Article","@id":"https:\/\/guineediversite.com\/index.php\/2019\/01\/23\/tunisie-le-23-janvier-journee-de-labolition-de-lesclavage-une-decision-historique\/#article","isPartOf":{"@id":"https:\/\/guineediversite.com\/index.php\/2019\/01\/23\/tunisie-le-23-janvier-journee-de-labolition-de-lesclavage-une-decision-historique\/"},"author":{"name":"Guin\u00e9e Diversit\u00e9","@id":"https:\/\/guineediversite.com\/#\/schema\/person\/afa08fb34e7fc6e1feafc892612bc836"},"headline":"Tunisie : le 23 janvier Journ\u00e9e de l\u2019abolition de l\u2019esclavage, une d\u00e9cision \u00ab historique \u00bb","datePublished":"2019-01-23T13:38:47+00:00","dateModified":"2019-01-23T13:38:47+00:00","mainEntityOfPage":{"@id":"https:\/\/guineediversite.com\/index.php\/2019\/01\/23\/tunisie-le-23-janvier-journee-de-labolition-de-lesclavage-une-decision-historique\/"},"wordCount":703,"publisher":{"@id":"https:\/\/guineediversite.com\/#organization"},"image":{"@id":"https:\/\/guineediversite.com\/index.php\/2019\/01\/23\/tunisie-le-23-janvier-journee-de-labolition-de-lesclavage-une-decision-historique\/#primaryimage"},"thumbnailUrl":"https:\/\/guineediversite.com\/wp-content\/uploads\/2019\/01\/21489_1012439792156686_6087470446799018508_n-592x296-1458840834.jpg","articleSection":["International"],"inLanguage":"fr-FR"},{"@type":"WebPage","@id":"https:\/\/guineediversite.com\/index.php\/2019\/01\/23\/tunisie-le-23-janvier-journee-de-labolition-de-lesclavage-une-decision-historique\/","url":"https:\/\/guineediversite.com\/index.php\/2019\/01\/23\/tunisie-le-23-janvier-journee-de-labolition-de-lesclavage-une-decision-historique\/","name":"Tunisie : le 23 janvier Journ\u00e9e de l\u2019abolition de l\u2019esclavage, une d\u00e9cision \u00ab historique \u00bb | Guin\u00e9e Diversit\u00e9","isPartOf":{"@id":"https:\/\/guineediversite.com\/#website"},"primaryImageOfPage":{"@id":"https:\/\/guineediversite.com\/index.php\/2019\/01\/23\/tunisie-le-23-janvier-journee-de-labolition-de-lesclavage-une-decision-historique\/#primaryimage"},"image":{"@id":"https:\/\/guineediversite.com\/index.php\/2019\/01\/23\/tunisie-le-23-janvier-journee-de-labolition-de-lesclavage-une-decision-historique\/#primaryimage"},"thumbnailUrl":"https:\/\/guineediversite.com\/wp-content\/uploads\/2019\/01\/21489_1012439792156686_6087470446799018508_n-592x296-1458840834.jpg","datePublished":"2019-01-23T13:38:47+00:00","dateModified":"2019-01-23T13:38:47+00:00","breadcrumb":{"@id":"https:\/\/guineediversite.com\/index.php\/2019\/01\/23\/tunisie-le-23-janvier-journee-de-labolition-de-lesclavage-une-decision-historique\/#breadcrumb"},"inLanguage":"fr-FR","potentialAction":[{"@type":"ReadAction","target":["https:\/\/guineediversite.com\/index.php\/2019\/01\/23\/tunisie-le-23-janvier-journee-de-labolition-de-lesclavage-une-decision-historique\/"]}]},{"@type":"ImageObject","inLanguage":"fr-FR","@id":"https:\/\/guineediversite.com\/index.php\/2019\/01\/23\/tunisie-le-23-janvier-journee-de-labolition-de-lesclavage-une-decision-historique\/#primaryimage","url":"https:\/\/guineediversite.com\/wp-content\/uploads\/2019\/01\/21489_1012439792156686_6087470446799018508_n-592x296-1458840834.jpg","contentUrl":"https:\/\/guineediversite.com\/wp-content\/uploads\/2019\/01\/21489_1012439792156686_6087470446799018508_n-592x296-1458840834.jpg","width":1900,"height":950},{"@type":"BreadcrumbList","@id":"https:\/\/guineediversite.com\/index.php\/2019\/01\/23\/tunisie-le-23-janvier-journee-de-labolition-de-lesclavage-une-decision-historique\/#breadcrumb","itemListElement":[{"@type":"ListItem","position":1,"name":"Accueil","item":"https:\/\/guineediversite.com\/"},{"@type":"ListItem","position":2,"name":"Tunisie : le 23 janvier Journ\u00e9e de l\u2019abolition de l\u2019esclavage, une d\u00e9cision \u00ab historique \u00bb"}]},{"@type":"WebSite","@id":"https:\/\/guineediversite.com\/#website","url":"https:\/\/guineediversite.com\/","name":"Guin\u00e9e Diversit\u00e9","description":"L&#039;Info dans toute sa diversit\u00e9","publisher":{"@id":"https:\/\/guineediversite.com\/#organization"},"potentialAction":[{"@type":"SearchAction","target":{"@type":"EntryPoint","urlTemplate":"https:\/\/guineediversite.com\/?s={search_term_string}"},"query-input":{"@type":"PropertyValueSpecification","valueRequired":true,"valueName":"search_term_string"}}],"inLanguage":"fr-FR"},{"@type":"Organization","@id":"https:\/\/guineediversite.com\/#organization","name":"Guin\u00e9e Diversit\u00e9","url":"https:\/\/guineediversite.com\/","logo":{"@type":"ImageObject","inLanguage":"fr-FR","@id":"https:\/\/guineediversite.com\/#\/schema\/logo\/image\/","url":"https:\/\/guineediversite.com\/wp-content\/uploads\/2017\/04\/cropped-1jojlxEOMkX9Wyqfhe43D6kjPOGqBBKmx3EwWJqZ0cMrFF54yM49.png","contentUrl":"https:\/\/guineediversite.com\/wp-content\/uploads\/2017\/04\/cropped-1jojlxEOMkX9Wyqfhe43D6kjPOGqBBKmx3EwWJqZ0cMrFF54yM49.png","width":186,"height":112,"caption":"Guin\u00e9e Diversit\u00e9"},"image":{"@id":"https:\/\/guineediversite.com\/#\/schema\/logo\/image\/"},"sameAs":["https:\/\/www.facebook.com\/guineediversite\/","https:\/\/x.com\/GuineeDiversite","https:\/\/www.youtube.com\/channel\/UC8sUY16qelG5ge6_D5SB83g"]},{"@type":"Person","@id":"https:\/\/guineediversite.com\/#\/schema\/person\/afa08fb34e7fc6e1feafc892612bc836","name":"Guin\u00e9e Diversit\u00e9","image":{"@type":"ImageObject","inLanguage":"fr-FR","@id":"https:\/\/guineediversite.com\/#\/schema\/person\/image\/","url":"https:\/\/secure.gravatar.com\/avatar\/50d5eb5b390f8b65ac30ac6f898eb83a?s=96&d=mm&r=g","contentUrl":"https:\/\/secure.gravatar.com\/avatar\/50d5eb5b390f8b65ac30ac6f898eb83a?s=96&d=mm&r=g","caption":"Guin\u00e9e Diversit\u00e9"},"url":"https:\/\/guineediversite.com\/index.php\/author\/guineediversite\/"}]}},"_links":{"self":[{"href":"https:\/\/guineediversite.com\/index.php\/wp-json\/wp\/v2\/posts\/27847"}],"collection":[{"href":"https:\/\/guineediversite.com\/index.php\/wp-json\/wp\/v2\/posts"}],"about":[{"href":"https:\/\/guineediversite.com\/index.php\/wp-json\/wp\/v2\/types\/post"}],"author":[{"embeddable":true,"href":"https:\/\/guineediversite.com\/index.php\/wp-json\/wp\/v2\/users\/12"}],"replies":[{"embeddable":true,"href":"https:\/\/guineediversite.com\/index.php\/wp-json\/wp\/v2\/comments?post=27847"}],"version-history":[{"count":0,"href":"https:\/\/guineediversite.com\/index.php\/wp-json\/wp\/v2\/posts\/27847\/revisions"}],"wp:featuredmedia":[{"embeddable":true,"href":"https:\/\/guineediversite.com\/index.php\/wp-json\/wp\/v2\/media\/27848"}],"wp:attachment":[{"href":"https:\/\/guineediversite.com\/index.php\/wp-json\/wp\/v2\/media?parent=27847"}],"wp:term":[{"taxonomy":"category","embeddable":true,"href":"https:\/\/guineediversite.com\/index.php\/wp-json\/wp\/v2\/categories?post=27847"},{"taxonomy":"post_tag","embeddable":true,"href":"https:\/\/guineediversite.com\/index.php\/wp-json\/wp\/v2\/tags?post=27847"}],"curies":[{"name":"wp","href":"https:\/\/api.w.org\/{rel}","templated":true}]}}