{"id":27840,"date":"2019-01-22T12:51:17","date_gmt":"2019-01-22T11:51:17","guid":{"rendered":"https:\/\/guineediversite.com\/?p=27840"},"modified":"2019-01-23T14:30:01","modified_gmt":"2019-01-23T13:30:01","slug":"conakry-le-feu-consume-5-chambres-salon-et-leurs-contenus-dans-une-concession-a-yimbaya","status":"publish","type":"post","link":"https:\/\/guineediversite.com\/index.php\/2019\/01\/22\/conakry-le-feu-consume-5-chambres-salon-et-leurs-contenus-dans-une-concession-a-yimbaya\/","title":{"rendered":"Conakry : Le feu consume 5 chambres-salon et leurs contenus dans une concession \u00e0 Yimbaya"},"content":{"rendered":"<p>Cet incendie s\u2019est d\u00e9clar\u00e9 vers 14h lundi, 21 janvier 2019.\u00a0Il n\u2019y\u2019a pas eu de perte en vies humaines, mais des\u00a0d\u00e9g\u00e2ts\u00a0mat\u00e9riels importants.<\/p>\n<p>Selon\u00a0 Jean Onivogui, le fr\u00e8re du propri\u00e9taire de la concession,\u00a0\u00a0un court-circuit serait \u00e0 l\u2019origine des flammes.<\/p>\n<p>\u00ab\u00a0<em>Il y\u2019a eu un court-circuit parce qu\u2019il y\u2019a eu la coupure pendant toute la journ\u00e9e. Apr\u00e8s 12h, il y\u2019a eu au moins le courant, maintenant y\u2019a eu un court-circuit. Personne n\u2019\u00e9tait dans la maison. Avant que les gens ne le sachent, la maison \u00e9tait compl\u00e8tement calcin\u00e9e, c\u2019est la fum\u00e9e qu\u2019ils ont vue\u00a0<\/em>\u00bb, t\u00e9moigne-t-il.<\/p>\n<p>Les victimes, sous le coup du sinistre, appellent \u00e0 l\u2019aide des bonnes volont\u00e9s\u00a0: \u00ab\u00a0<em>Nous savons le probl\u00e8me de logement\u00a0\u00a0ces temps-ci,\u00a0\u00a0nous demandons au gouvernement, \u00e0 tout le monde de venir au secours de Nfassou et de ces locataires pour que les pauvres qui\u00a0\u00a0ont perdu puissent r\u00e9tablir la maison<\/em>\u00a0\u00bb.<\/p>\n<p>&nbsp;<\/p>\n","protected":false},"excerpt":{"rendered":"<p>Cet incendie s\u2019est d\u00e9clar\u00e9 vers 14h lundi, 21 janvier 2019.\u00a0Il n\u2019y\u2019a pas eu de perte en vies humaines, mais des\u00a0d\u00e9g\u00e2ts\u00a0mat\u00e9riels importants. Selon\u00a0 Jean Onivogui, le fr\u00e8re du propri\u00e9taire de la concession,\u00a0\u00a0un court-circuit serait \u00e0 l\u2019origine des flammes. \u00ab\u00a0Il y\u2019a eu un court-circuit parce qu\u2019il y\u2019a eu la coupure pendant toute la journ\u00e9e. Apr\u00e8s 12h, il [&hellip;]<\/p>\n","protected":false},"author":12,"featured_media":27841,"comment_status":"closed","ping_status":"closed","sticky":false,"template":"","format":"standard","meta":{"_exactmetrics_skip_tracking":false,"_exactmetrics_sitenote_active":false,"_exactmetrics_sitenote_note":"","_exactmetrics_sitenote_category":0,"tdm_status":"","tdm_grid_status":"","footnotes":""},"categories":[16],"tags":[],"class_list":{"0":"post-27840","1":"post","2":"type-post","3":"status-publish","4":"format-standard","5":"has-post-thumbnail","7":"category-societe"},"yoast_head":"<!-- This site is optimized with the Yoast SEO plugin v24.2 - https:\/\/yoast.com\/wordpress\/plugins\/seo\/ -->\n<title>Conakry : Le feu consume 5 chambres-salon et leurs contenus dans une concession \u00e0 Yimbaya | Guin\u00e9e Diversit\u00e9<\/title>\n<meta name=\"robots\" content=\"index, follow, max-snippet:-1, max-image-preview:large, max-video-preview:-1\" \/>\n<link rel=\"canonical\" href=\"https:\/\/guineediversite.com\/index.php\/2019\/01\/22\/conakry-le-feu-consume-5-chambres-salon-et-leurs-contenus-dans-une-concession-a-yimbaya\/\" \/>\n<meta property=\"og:locale\" content=\"fr_FR\" \/>\n<meta property=\"og:type\" content=\"article\" \/>\n<meta property=\"og:title\" content=\"Conakry : Le feu consume 5 chambres-salon et leurs contenus dans une concession \u00e0 Yimbaya | Guin\u00e9e Diversit\u00e9\" \/>\n<meta property=\"og:description\" content=\"Cet incendie s\u2019est d\u00e9clar\u00e9 vers 14h lundi, 21 janvier 2019.\u00a0Il n\u2019y\u2019a pas eu de perte en vies humaines, mais des\u00a0d\u00e9g\u00e2ts\u00a0mat\u00e9riels importants. Selon\u00a0 Jean Onivogui, le fr\u00e8re du propri\u00e9taire de la concession,\u00a0\u00a0un court-circuit serait \u00e0 l\u2019origine des flammes. \u00ab\u00a0Il y\u2019a eu un court-circuit parce qu\u2019il y\u2019a eu la coupure pendant toute la journ\u00e9e. Apr\u00e8s 12h, il [&hellip;]\" \/>\n<meta property=\"og:url\" content=\"https:\/\/guineediversite.com\/index.php\/2019\/01\/22\/conakry-le-feu-consume-5-chambres-salon-et-leurs-contenus-dans-une-concession-a-yimbaya\/\" \/>\n<meta property=\"og:site_name\" content=\"Guin\u00e9e Diversit\u00e9\" \/>\n<meta property=\"article:publisher\" content=\"https:\/\/www.facebook.com\/guineediversite\/\" \/>\n<meta property=\"article:published_time\" content=\"2019-01-22T11:51:17+00:00\" \/>\n<meta property=\"article:modified_time\" content=\"2019-01-23T13:30:01+00:00\" \/>\n<meta property=\"og:image\" content=\"https:\/\/guineediversite.com\/wp-content\/uploads\/2019\/01\/incendie_7.jpg\" \/>\n\t<meta property=\"og:image:width\" content=\"1360\" \/>\n\t<meta property=\"og:image:height\" content=\"1024\" \/>\n\t<meta property=\"og:image:type\" content=\"image\/jpeg\" \/>\n<meta name=\"author\" content=\"Guin\u00e9e Diversit\u00e9\" \/>\n<meta name=\"twitter:card\" content=\"summary_large_image\" \/>\n<meta name=\"twitter:creator\" content=\"@GuineeDiversite\" \/>\n<meta name=\"twitter:site\" content=\"@GuineeDiversite\" \/>\n<meta name=\"twitter:label1\" content=\"\u00c9crit par\" \/>\n\t<meta name=\"twitter:data1\" content=\"Guin\u00e9e Diversit\u00e9\" \/>\n\t<meta name=\"twitter:label2\" content=\"Dur\u00e9e de lecture estim\u00e9e\" \/>\n\t<meta name=\"twitter:data2\" content=\"1 minute\" \/>\n<script type=\"application\/ld+json\" class=\"yoast-schema-graph\">{\"@context\":\"https:\/\/schema.org\",\"@graph\":[{\"@type\":\"Article\",\"@id\":\"https:\/\/guineediversite.com\/index.php\/2019\/01\/22\/conakry-le-feu-consume-5-chambres-salon-et-leurs-contenus-dans-une-concession-a-yimbaya\/#article\",\"isPartOf\":{\"@id\":\"https:\/\/guineediversite.com\/index.php\/2019\/01\/22\/conakry-le-feu-consume-5-chambres-salon-et-leurs-contenus-dans-une-concession-a-yimbaya\/\"},\"author\":{\"name\":\"Guin\u00e9e Diversit\u00e9\",\"@id\":\"https:\/\/guineediversite.com\/#\/schema\/person\/afa08fb34e7fc6e1feafc892612bc836\"},\"headline\":\"Conakry : Le feu consume 5 chambres-salon et leurs contenus dans une concession \u00e0 Yimbaya\",\"datePublished\":\"2019-01-22T11:51:17+00:00\",\"dateModified\":\"2019-01-23T13:30:01+00:00\",\"mainEntityOfPage\":{\"@id\":\"https:\/\/guineediversite.com\/index.php\/2019\/01\/22\/conakry-le-feu-consume-5-chambres-salon-et-leurs-contenus-dans-une-concession-a-yimbaya\/\"},\"wordCount\":180,\"publisher\":{\"@id\":\"https:\/\/guineediversite.com\/#organization\"},\"image\":{\"@id\":\"https:\/\/guineediversite.com\/index.php\/2019\/01\/22\/conakry-le-feu-consume-5-chambres-salon-et-leurs-contenus-dans-une-concession-a-yimbaya\/#primaryimage\"},\"thumbnailUrl\":\"https:\/\/guineediversite.com\/wp-content\/uploads\/2019\/01\/incendie_7.jpg\",\"articleSection\":[\"Soci\u00e9t\u00e9\"],\"inLanguage\":\"fr-FR\"},{\"@type\":\"WebPage\",\"@id\":\"https:\/\/guineediversite.com\/index.php\/2019\/01\/22\/conakry-le-feu-consume-5-chambres-salon-et-leurs-contenus-dans-une-concession-a-yimbaya\/\",\"url\":\"https:\/\/guineediversite.com\/index.php\/2019\/01\/22\/conakry-le-feu-consume-5-chambres-salon-et-leurs-contenus-dans-une-concession-a-yimbaya\/\",\"name\":\"Conakry : Le feu consume 5 chambres-salon et leurs contenus dans une concession \u00e0 Yimbaya | Guin\u00e9e Diversit\u00e9\",\"isPartOf\":{\"@id\":\"https:\/\/guineediversite.com\/#website\"},\"primaryImageOfPage\":{\"@id\":\"https:\/\/guineediversite.com\/index.php\/2019\/01\/22\/conakry-le-feu-consume-5-chambres-salon-et-leurs-contenus-dans-une-concession-a-yimbaya\/#primaryimage\"},\"image\":{\"@id\":\"https:\/\/guineediversite.com\/index.php\/2019\/01\/22\/conakry-le-feu-consume-5-chambres-salon-et-leurs-contenus-dans-une-concession-a-yimbaya\/#primaryimage\"},\"thumbnailUrl\":\"https:\/\/guineediversite.com\/wp-content\/uploads\/2019\/01\/incendie_7.jpg\",\"datePublished\":\"2019-01-22T11:51:17+00:00\",\"dateModified\":\"2019-01-23T13:30:01+00:00\",\"breadcrumb\":{\"@id\":\"https:\/\/guineediversite.com\/index.php\/2019\/01\/22\/conakry-le-feu-consume-5-chambres-salon-et-leurs-contenus-dans-une-concession-a-yimbaya\/#breadcrumb\"},\"inLanguage\":\"fr-FR\",\"potentialAction\":[{\"@type\":\"ReadAction\",\"target\":[\"https:\/\/guineediversite.com\/index.php\/2019\/01\/22\/conakry-le-feu-consume-5-chambres-salon-et-leurs-contenus-dans-une-concession-a-yimbaya\/\"]}]},{\"@type\":\"ImageObject\",\"inLanguage\":\"fr-FR\",\"@id\":\"https:\/\/guineediversite.com\/index.php\/2019\/01\/22\/conakry-le-feu-consume-5-chambres-salon-et-leurs-contenus-dans-une-concession-a-yimbaya\/#primaryimage\",\"url\":\"https:\/\/guineediversite.com\/wp-content\/uploads\/2019\/01\/incendie_7.jpg\",\"contentUrl\":\"https:\/\/guineediversite.com\/wp-content\/uploads\/2019\/01\/incendie_7.jpg\",\"width\":1360,\"height\":1024},{\"@type\":\"BreadcrumbList\",\"@id\":\"https:\/\/guineediversite.com\/index.php\/2019\/01\/22\/conakry-le-feu-consume-5-chambres-salon-et-leurs-contenus-dans-une-concession-a-yimbaya\/#breadcrumb\",\"itemListElement\":[{\"@type\":\"ListItem\",\"position\":1,\"name\":\"Accueil\",\"item\":\"https:\/\/guineediversite.com\/\"},{\"@type\":\"ListItem\",\"position\":2,\"name\":\"Conakry : Le feu consume 5 chambres-salon et leurs contenus dans une concession \u00e0 Yimbaya\"}]},{\"@type\":\"WebSite\",\"@id\":\"https:\/\/guineediversite.com\/#website\",\"url\":\"https:\/\/guineediversite.com\/\",\"name\":\"Guin\u00e9e Diversit\u00e9\",\"description\":\"L&#039;Info dans toute sa diversit\u00e9\",\"publisher\":{\"@id\":\"https:\/\/guineediversite.com\/#organization\"},\"potentialAction\":[{\"@type\":\"SearchAction\",\"target\":{\"@type\":\"EntryPoint\",\"urlTemplate\":\"https:\/\/guineediversite.com\/?s={search_term_string}\"},\"query-input\":{\"@type\":\"PropertyValueSpecification\",\"valueRequired\":true,\"valueName\":\"search_term_string\"}}],\"inLanguage\":\"fr-FR\"},{\"@type\":\"Organization\",\"@id\":\"https:\/\/guineediversite.com\/#organization\",\"name\":\"Guin\u00e9e Diversit\u00e9\",\"url\":\"https:\/\/guineediversite.com\/\",\"logo\":{\"@type\":\"ImageObject\",\"inLanguage\":\"fr-FR\",\"@id\":\"https:\/\/guineediversite.com\/#\/schema\/logo\/image\/\",\"url\":\"https:\/\/guineediversite.com\/wp-content\/uploads\/2017\/04\/cropped-1jojlxEOMkX9Wyqfhe43D6kjPOGqBBKmx3EwWJqZ0cMrFF54yM49.png\",\"contentUrl\":\"https:\/\/guineediversite.com\/wp-content\/uploads\/2017\/04\/cropped-1jojlxEOMkX9Wyqfhe43D6kjPOGqBBKmx3EwWJqZ0cMrFF54yM49.png\",\"width\":186,\"height\":112,\"caption\":\"Guin\u00e9e Diversit\u00e9\"},\"image\":{\"@id\":\"https:\/\/guineediversite.com\/#\/schema\/logo\/image\/\"},\"sameAs\":[\"https:\/\/www.facebook.com\/guineediversite\/\",\"https:\/\/x.com\/GuineeDiversite\",\"https:\/\/www.youtube.com\/channel\/UC8sUY16qelG5ge6_D5SB83g\"]},{\"@type\":\"Person\",\"@id\":\"https:\/\/guineediversite.com\/#\/schema\/person\/afa08fb34e7fc6e1feafc892612bc836\",\"name\":\"Guin\u00e9e Diversit\u00e9\",\"image\":{\"@type\":\"ImageObject\",\"inLanguage\":\"fr-FR\",\"@id\":\"https:\/\/guineediversite.com\/#\/schema\/person\/image\/\",\"url\":\"https:\/\/secure.gravatar.com\/avatar\/50d5eb5b390f8b65ac30ac6f898eb83a?s=96&d=mm&r=g\",\"contentUrl\":\"https:\/\/secure.gravatar.com\/avatar\/50d5eb5b390f8b65ac30ac6f898eb83a?s=96&d=mm&r=g\",\"caption\":\"Guin\u00e9e Diversit\u00e9\"},\"url\":\"https:\/\/guineediversite.com\/index.php\/author\/guineediversite\/\"}]}<\/script>\n<!-- \/ Yoast SEO plugin. -->","yoast_head_json":{"title":"Conakry : Le feu consume 5 chambres-salon et leurs contenus dans une concession \u00e0 Yimbaya | Guin\u00e9e Diversit\u00e9","robots":{"index":"index","follow":"follow","max-snippet":"max-snippet:-1","max-image-preview":"max-image-preview:large","max-video-preview":"max-video-preview:-1"},"canonical":"https:\/\/guineediversite.com\/index.php\/2019\/01\/22\/conakry-le-feu-consume-5-chambres-salon-et-leurs-contenus-dans-une-concession-a-yimbaya\/","og_locale":"fr_FR","og_type":"article","og_title":"Conakry : Le feu consume 5 chambres-salon et leurs contenus dans une concession \u00e0 Yimbaya | Guin\u00e9e Diversit\u00e9","og_description":"Cet incendie s\u2019est d\u00e9clar\u00e9 vers 14h lundi, 21 janvier 2019.\u00a0Il n\u2019y\u2019a pas eu de perte en vies humaines, mais des\u00a0d\u00e9g\u00e2ts\u00a0mat\u00e9riels importants. Selon\u00a0 Jean Onivogui, le fr\u00e8re du propri\u00e9taire de la concession,\u00a0\u00a0un court-circuit serait \u00e0 l\u2019origine des flammes. \u00ab\u00a0Il y\u2019a eu un court-circuit parce qu\u2019il y\u2019a eu la coupure pendant toute la journ\u00e9e. Apr\u00e8s 12h, il [&hellip;]","og_url":"https:\/\/guineediversite.com\/index.php\/2019\/01\/22\/conakry-le-feu-consume-5-chambres-salon-et-leurs-contenus-dans-une-concession-a-yimbaya\/","og_site_name":"Guin\u00e9e Diversit\u00e9","article_publisher":"https:\/\/www.facebook.com\/guineediversite\/","article_published_time":"2019-01-22T11:51:17+00:00","article_modified_time":"2019-01-23T13:30:01+00:00","og_image":[{"width":1360,"height":1024,"url":"https:\/\/guineediversite.com\/wp-content\/uploads\/2019\/01\/incendie_7.jpg","type":"image\/jpeg"}],"author":"Guin\u00e9e Diversit\u00e9","twitter_card":"summary_large_image","twitter_creator":"@GuineeDiversite","twitter_site":"@GuineeDiversite","twitter_misc":{"\u00c9crit par":"Guin\u00e9e Diversit\u00e9","Dur\u00e9e de lecture estim\u00e9e":"1 minute"},"schema":{"@context":"https:\/\/schema.org","@graph":[{"@type":"Article","@id":"https:\/\/guineediversite.com\/index.php\/2019\/01\/22\/conakry-le-feu-consume-5-chambres-salon-et-leurs-contenus-dans-une-concession-a-yimbaya\/#article","isPartOf":{"@id":"https:\/\/guineediversite.com\/index.php\/2019\/01\/22\/conakry-le-feu-consume-5-chambres-salon-et-leurs-contenus-dans-une-concession-a-yimbaya\/"},"author":{"name":"Guin\u00e9e Diversit\u00e9","@id":"https:\/\/guineediversite.com\/#\/schema\/person\/afa08fb34e7fc6e1feafc892612bc836"},"headline":"Conakry : Le feu consume 5 chambres-salon et leurs contenus dans une concession \u00e0 Yimbaya","datePublished":"2019-01-22T11:51:17+00:00","dateModified":"2019-01-23T13:30:01+00:00","mainEntityOfPage":{"@id":"https:\/\/guineediversite.com\/index.php\/2019\/01\/22\/conakry-le-feu-consume-5-chambres-salon-et-leurs-contenus-dans-une-concession-a-yimbaya\/"},"wordCount":180,"publisher":{"@id":"https:\/\/guineediversite.com\/#organization"},"image":{"@id":"https:\/\/guineediversite.com\/index.php\/2019\/01\/22\/conakry-le-feu-consume-5-chambres-salon-et-leurs-contenus-dans-une-concession-a-yimbaya\/#primaryimage"},"thumbnailUrl":"https:\/\/guineediversite.com\/wp-content\/uploads\/2019\/01\/incendie_7.jpg","articleSection":["Soci\u00e9t\u00e9"],"inLanguage":"fr-FR"},{"@type":"WebPage","@id":"https:\/\/guineediversite.com\/index.php\/2019\/01\/22\/conakry-le-feu-consume-5-chambres-salon-et-leurs-contenus-dans-une-concession-a-yimbaya\/","url":"https:\/\/guineediversite.com\/index.php\/2019\/01\/22\/conakry-le-feu-consume-5-chambres-salon-et-leurs-contenus-dans-une-concession-a-yimbaya\/","name":"Conakry : Le feu consume 5 chambres-salon et leurs contenus dans une concession \u00e0 Yimbaya | Guin\u00e9e Diversit\u00e9","isPartOf":{"@id":"https:\/\/guineediversite.com\/#website"},"primaryImageOfPage":{"@id":"https:\/\/guineediversite.com\/index.php\/2019\/01\/22\/conakry-le-feu-consume-5-chambres-salon-et-leurs-contenus-dans-une-concession-a-yimbaya\/#primaryimage"},"image":{"@id":"https:\/\/guineediversite.com\/index.php\/2019\/01\/22\/conakry-le-feu-consume-5-chambres-salon-et-leurs-contenus-dans-une-concession-a-yimbaya\/#primaryimage"},"thumbnailUrl":"https:\/\/guineediversite.com\/wp-content\/uploads\/2019\/01\/incendie_7.jpg","datePublished":"2019-01-22T11:51:17+00:00","dateModified":"2019-01-23T13:30:01+00:00","breadcrumb":{"@id":"https:\/\/guineediversite.com\/index.php\/2019\/01\/22\/conakry-le-feu-consume-5-chambres-salon-et-leurs-contenus-dans-une-concession-a-yimbaya\/#breadcrumb"},"inLanguage":"fr-FR","potentialAction":[{"@type":"ReadAction","target":["https:\/\/guineediversite.com\/index.php\/2019\/01\/22\/conakry-le-feu-consume-5-chambres-salon-et-leurs-contenus-dans-une-concession-a-yimbaya\/"]}]},{"@type":"ImageObject","inLanguage":"fr-FR","@id":"https:\/\/guineediversite.com\/index.php\/2019\/01\/22\/conakry-le-feu-consume-5-chambres-salon-et-leurs-contenus-dans-une-concession-a-yimbaya\/#primaryimage","url":"https:\/\/guineediversite.com\/wp-content\/uploads\/2019\/01\/incendie_7.jpg","contentUrl":"https:\/\/guineediversite.com\/wp-content\/uploads\/2019\/01\/incendie_7.jpg","width":1360,"height":1024},{"@type":"BreadcrumbList","@id":"https:\/\/guineediversite.com\/index.php\/2019\/01\/22\/conakry-le-feu-consume-5-chambres-salon-et-leurs-contenus-dans-une-concession-a-yimbaya\/#breadcrumb","itemListElement":[{"@type":"ListItem","position":1,"name":"Accueil","item":"https:\/\/guineediversite.com\/"},{"@type":"ListItem","position":2,"name":"Conakry : Le feu consume 5 chambres-salon et leurs contenus dans une concession \u00e0 Yimbaya"}]},{"@type":"WebSite","@id":"https:\/\/guineediversite.com\/#website","url":"https:\/\/guineediversite.com\/","name":"Guin\u00e9e Diversit\u00e9","description":"L&#039;Info dans toute sa diversit\u00e9","publisher":{"@id":"https:\/\/guineediversite.com\/#organization"},"potentialAction":[{"@type":"SearchAction","target":{"@type":"EntryPoint","urlTemplate":"https:\/\/guineediversite.com\/?s={search_term_string}"},"query-input":{"@type":"PropertyValueSpecification","valueRequired":true,"valueName":"search_term_string"}}],"inLanguage":"fr-FR"},{"@type":"Organization","@id":"https:\/\/guineediversite.com\/#organization","name":"Guin\u00e9e Diversit\u00e9","url":"https:\/\/guineediversite.com\/","logo":{"@type":"ImageObject","inLanguage":"fr-FR","@id":"https:\/\/guineediversite.com\/#\/schema\/logo\/image\/","url":"https:\/\/guineediversite.com\/wp-content\/uploads\/2017\/04\/cropped-1jojlxEOMkX9Wyqfhe43D6kjPOGqBBKmx3EwWJqZ0cMrFF54yM49.png","contentUrl":"https:\/\/guineediversite.com\/wp-content\/uploads\/2017\/04\/cropped-1jojlxEOMkX9Wyqfhe43D6kjPOGqBBKmx3EwWJqZ0cMrFF54yM49.png","width":186,"height":112,"caption":"Guin\u00e9e Diversit\u00e9"},"image":{"@id":"https:\/\/guineediversite.com\/#\/schema\/logo\/image\/"},"sameAs":["https:\/\/www.facebook.com\/guineediversite\/","https:\/\/x.com\/GuineeDiversite","https:\/\/www.youtube.com\/channel\/UC8sUY16qelG5ge6_D5SB83g"]},{"@type":"Person","@id":"https:\/\/guineediversite.com\/#\/schema\/person\/afa08fb34e7fc6e1feafc892612bc836","name":"Guin\u00e9e Diversit\u00e9","image":{"@type":"ImageObject","inLanguage":"fr-FR","@id":"https:\/\/guineediversite.com\/#\/schema\/person\/image\/","url":"https:\/\/secure.gravatar.com\/avatar\/50d5eb5b390f8b65ac30ac6f898eb83a?s=96&d=mm&r=g","contentUrl":"https:\/\/secure.gravatar.com\/avatar\/50d5eb5b390f8b65ac30ac6f898eb83a?s=96&d=mm&r=g","caption":"Guin\u00e9e Diversit\u00e9"},"url":"https:\/\/guineediversite.com\/index.php\/author\/guineediversite\/"}]}},"_links":{"self":[{"href":"https:\/\/guineediversite.com\/index.php\/wp-json\/wp\/v2\/posts\/27840"}],"collection":[{"href":"https:\/\/guineediversite.com\/index.php\/wp-json\/wp\/v2\/posts"}],"about":[{"href":"https:\/\/guineediversite.com\/index.php\/wp-json\/wp\/v2\/types\/post"}],"author":[{"embeddable":true,"href":"https:\/\/guineediversite.com\/index.php\/wp-json\/wp\/v2\/users\/12"}],"replies":[{"embeddable":true,"href":"https:\/\/guineediversite.com\/index.php\/wp-json\/wp\/v2\/comments?post=27840"}],"version-history":[{"count":0,"href":"https:\/\/guineediversite.com\/index.php\/wp-json\/wp\/v2\/posts\/27840\/revisions"}],"wp:featuredmedia":[{"embeddable":true,"href":"https:\/\/guineediversite.com\/index.php\/wp-json\/wp\/v2\/media\/27841"}],"wp:attachment":[{"href":"https:\/\/guineediversite.com\/index.php\/wp-json\/wp\/v2\/media?parent=27840"}],"wp:term":[{"taxonomy":"category","embeddable":true,"href":"https:\/\/guineediversite.com\/index.php\/wp-json\/wp\/v2\/categories?post=27840"},{"taxonomy":"post_tag","embeddable":true,"href":"https:\/\/guineediversite.com\/index.php\/wp-json\/wp\/v2\/tags?post=27840"}],"curies":[{"name":"wp","href":"https:\/\/api.w.org\/{rel}","templated":true}]}}