{"id":27835,"date":"2019-01-22T12:22:38","date_gmt":"2019-01-22T11:22:38","guid":{"rendered":"https:\/\/guineediversite.com\/?p=27835"},"modified":"2019-01-22T12:22:38","modified_gmt":"2019-01-22T11:22:38","slug":"le-senegal-et-la-gambie-inaugurent-le-pont-de-farafenni-apres-40-ans-dattente","status":"publish","type":"post","link":"https:\/\/guineediversite.com\/index.php\/2019\/01\/22\/le-senegal-et-la-gambie-inaugurent-le-pont-de-farafenni-apres-40-ans-dattente\/","title":{"rendered":"Le S\u00e9n\u00e9gal et la Gambie inaugurent le pont de Farafenni, apr\u00e8s 40 ans d\u2019attente"},"content":{"rendered":"<p class=\"MsoNormal\"><b style=\"mso-bidi-font-weight: normal;\"><span style=\"font-size: 14.0pt; line-height: 115%;\">Le \u00ab Senegambia Bridge \u00bb a \u00e9t\u00e9 inaugur\u00e9 par les pr\u00e9sidents s\u00e9n\u00e9galais et gambien. Macky Sall et Adama Barrow ont \u00e9t\u00e9 les premiers \u00e0 emprunter cet ouvrage qui va tr\u00e8s largement fluidifier les transports entre les deux pays et favoriser le d\u00e9senclavement de la Casamance, dans le sud du S\u00e9n\u00e9gal.<\/span><\/b><\/p>\n<p class=\"MsoNormal\"><span style=\"font-size: 14.0pt; line-height: 115%;\">On ne compte plus le nombre de rubans d\u00e9coup\u00e9s par Macky Sall ces derni\u00e8res semaines. Mais s\u2019il fallait n\u2019en retenir qu\u2019un parmi les mus\u00e9es, tron\u00e7ons de routes et infrastructures portuaires r\u00e9cemment inaugur\u00e9s par le pr\u00e9sident S\u00e9n\u00e9galais, il s\u2019agirait s\u00fbrement du \u00ab\u00a0Senegambia Bridge\u00a0\u00bb, ou pont de Farafenni, inaugur\u00e9 ce lundi 21 janvier en compagnie du chef de l\u2019\u00c9tat gambien Adama Barrow. Autour de 16 h 30 (heure de Dakar), les deux pr\u00e9sidents ont officiellement d\u00e9clar\u00e9 l\u2019ouverture de l\u2019\u00e9difice s\u00e9n\u00e9gambien, avant d\u2019entamer quelques pas symboliques sur l\u2019asphalte du pont.<\/span><\/p>\n<p class=\"MsoNormal\"><span style=\"font-size: 14.0pt; line-height: 115%;\">Neuf cent quarante-trois m\u00e8tres de bitume qui s\u2019\u00e9lancent d\u2019une rive \u00e0 l\u2019autre du fleuve Gambie -1 758 m de structure, au total-, reliant les villes gambiennes de Farafenni et de Soma. Cens\u00e9 favoriser le transport et les \u00e9changes commerciaux entre les deux pays, le g\u00e9ant de b\u00e9ton a \u00e9t\u00e9 baptis\u00e9 par les pr\u00e9sidents s\u00e9n\u00e9galais et gambiens.<\/span><\/p>\n<p><img loading=\"lazy\" decoding=\"async\" class=\"alignnone  wp-image-27836\" src=\"https:\/\/guineediversite.com.bwjx4292.odns.fr\/wp-content\/uploads\/2019\/01\/whatsapp-image-2019-01-21-at-152918-300x200.jpeg\" alt=\"\" width=\"749\" height=\"499\" srcset=\"https:\/\/guineediversite.com\/wp-content\/uploads\/2019\/01\/whatsapp-image-2019-01-21-at-152918-300x200.jpeg 300w, https:\/\/guineediversite.com\/wp-content\/uploads\/2019\/01\/whatsapp-image-2019-01-21-at-152918-768x512.jpeg 768w, https:\/\/guineediversite.com\/wp-content\/uploads\/2019\/01\/whatsapp-image-2019-01-21-at-152918-1024x683.jpeg 1024w, https:\/\/guineediversite.com\/wp-content\/uploads\/2019\/01\/whatsapp-image-2019-01-21-at-152918-600x400.jpeg 600w, https:\/\/guineediversite.com\/wp-content\/uploads\/2019\/01\/whatsapp-image-2019-01-21-at-152918.jpeg 1535w\" sizes=\"(max-width: 749px) 100vw, 749px\" \/><\/p>\n<p class=\"MsoNormal\"><span style=\"font-size: 14.0pt; line-height: 115%;\">\u00a0<\/span><\/p>\n<p class=\"MsoNormal\"><span style=\"font-size: 14.0pt; line-height: 115%;\">Tout au long de la journ\u00e9e, repr\u00e9sentants politiques, chefs d\u2019entreprises et repr\u00e9sentants de bailleurs se sont succ\u00e9d\u00e9 pour saluer la r\u00e9alisation de l\u2019ouvrage et la collaboration entre les deux pays. Parmi les nombreuses personnalit\u00e9s pr\u00e9sentes, le Premier ministre s\u00e9n\u00e9galais, Mahammed Boun Abdallah Dionne, qui avait lanc\u00e9 les travaux de l\u2019ouvrage, et la vice-pr\u00e9sidente gambienne Fatoumata Tambajan. Le maire de Zinguinchor, en Casamance, Abdoulaye Bald\u00e9, ou encore les ministres des transports gambien, Bay Lamine Diop, et s\u00e9n\u00e9galais, Abdoulaye Daouda Diallo. Quelques c\u00e9l\u00e9brit\u00e9s avaient \u00e9galement \u00e9t\u00e9 convi\u00e9es, \u00e0 l\u2019instar d\u2019Aliou Ciss\u00e9, s\u00e9lectionneur de l\u2019\u00e9quipe nationale de football s\u00e9n\u00e9galaise et du chanteur Youssou Ndour.<\/span><\/p>\n<p class=\"MsoNormal\"><b style=\"mso-bidi-font-weight: normal;\"><span style=\"font-size: 14.0pt; line-height: 115%;\">40 ans d\u2019attente et 39 milliards de F CFA<\/span><\/b><\/p>\n<p class=\"MsoNormal\"><span style=\"font-size: 14.0pt; line-height: 115%;\">\u00a0<\/span><\/p>\n<p class=\"MsoNormal\"><b style=\"mso-bidi-font-weight: normal;\"><span style=\"font-size: 14.0pt; line-height: 115%;\">TOUTES LES GRANDES \u0152UVRES HABITENT D\u2019ABORD LES LIEUX DU R\u00caVE. CE PONT EST L\u2019UNE DE CES \u0152UVRES<\/span><\/b><\/p>\n<p class=\"MsoNormal\"><span style=\"font-size: 14.0pt; line-height: 115%;\">Une c\u00e9r\u00e9monie en grandes pompes. Il faut dire que l\u2019\u00e9difice \u00e9tait attendu depuis longtemps. \u00ab\u00a0Toutes les grandes \u0153uvres habitent d\u2019abord les lieux du r\u00eave. Ce pont est l\u2019une de ces \u0153uvres\u00a0\u00bb, a lanc\u00e9 un Macky Sall lyrique lors de son discours inaugural.<\/span><\/p>\n<p><img loading=\"lazy\" decoding=\"async\" class=\"alignnone  wp-image-27837\" src=\"https:\/\/guineediversite.com.bwjx4292.odns.fr\/wp-content\/uploads\/2019\/01\/whatsapp-image-2019-01-21-at-152324-1-300x225.jpeg\" alt=\"\" width=\"776\" height=\"582\" srcset=\"https:\/\/guineediversite.com\/wp-content\/uploads\/2019\/01\/whatsapp-image-2019-01-21-at-152324-1-300x225.jpeg 300w, https:\/\/guineediversite.com\/wp-content\/uploads\/2019\/01\/whatsapp-image-2019-01-21-at-152324-1-768x576.jpeg 768w, https:\/\/guineediversite.com\/wp-content\/uploads\/2019\/01\/whatsapp-image-2019-01-21-at-152324-1-1024x768.jpeg 1024w, https:\/\/guineediversite.com\/wp-content\/uploads\/2019\/01\/whatsapp-image-2019-01-21-at-152324-1-600x450.jpeg 600w, https:\/\/guineediversite.com\/wp-content\/uploads\/2019\/01\/whatsapp-image-2019-01-21-at-152324-1-678x509.jpeg 678w, https:\/\/guineediversite.com\/wp-content\/uploads\/2019\/01\/whatsapp-image-2019-01-21-at-152324-1-326x245.jpeg 326w, https:\/\/guineediversite.com\/wp-content\/uploads\/2019\/01\/whatsapp-image-2019-01-21-at-152324-1-80x60.jpeg 80w, https:\/\/guineediversite.com\/wp-content\/uploads\/2019\/01\/whatsapp-image-2019-01-21-at-152324-1.jpeg 1365w\" sizes=\"(max-width: 776px) 100vw, 776px\" \/><\/p>\n<p class=\"MsoNormal\"><span style=\"font-size: 14.0pt; line-height: 115%;\">Le projet a d\u2019abord \u00e9t\u00e9 envisag\u00e9 dans les ann\u00e9es 1970 et a avanc\u00e9 au gr\u00e9 des soubresauts diplomatiques entre le S\u00e9n\u00e9gal et la Gambie. Jusqu\u2019au 20 f\u00e9vrier 2015, date de la pose de la premi\u00e8re pierre, confi\u00e9 au groupement d\u2019entreprises hispano-s\u00e9n\u00e9galais Corsan\/Arezki.<\/span><\/p>\n<p class=\"MsoNormal\"><span style=\"font-size: 14.0pt; line-height: 115%;\">39 milliards de F CFA\u00a0de la Banque africaine de d\u00e9veloppement (BAD) et quelque cinq ann\u00e9es plus tard, les premiers v\u00e9hicules devraient emprunter d\u00e8s ce mardi 22 janvier le monumental ouvrage de b\u00e9ton, qui a mis \u00e0 l\u2019oeuvre 934 travailleurs.<\/span><\/p>\n<p class=\"MsoNormal\"><span style=\"font-size: 14.0pt; line-height: 115%;\">Ziguinchor \u00e0 huit heures de<\/span><\/p>\n<p class=\"MsoNormal\"><b style=\"mso-bidi-font-weight: normal;\"><span style=\"font-size: 14.0pt; line-height: 115%;\">L\u2019UN DES FUTURS USAGERS, PR\u00c9SENT \u00c0 L\u2019INAUGURATION, BRANDISSAIT UNE PANCARTE ENTHOUSIASTE : \u00ab\u00a0CASA SANS ESCALE, MERCI PR\u00c9SI\u00a0<\/span><\/b><\/p>\n<p class=\"MsoNormal\"><span style=\"font-size: 14.0pt; line-height: 115%;\">Ce nouveau couloir transgambien r\u00e9pond aux dol\u00e9ances des Gambiens et S\u00e9n\u00e9galais de la r\u00e9gion, tant il est cens\u00e9 fluidifier la circulation des hommes et des biens, en r\u00e9duisant la dur\u00e9e du trajet. \u00ab\u00a0En ce jour historique, le pont met fin \u00e0 des centaines d\u2019ann\u00e9es de difficult\u00e9s de circulation pour le S\u00e9n\u00e9galais et Gambiens\u00a0\u00bb, a m\u00eame salu\u00e9 Adama Barrow.<\/span><\/p>\n<p class=\"MsoNormal\"><span style=\"font-size: 14.0pt; line-height: 115%;\">Jusque-l\u00e0, deux options permettaient de rejoindre l\u2019autre rive du fleuve Gambie. La route, en contournant la Gambie et en passant par Tambacounda, soit une douzaine d\u2019heures pour relier Dakar \u00e0 Ziguinchor en Casamance.<\/span><\/p>\n<p class=\"MsoNormal\"><b style=\"mso-bidi-font-weight: normal;\"><span style=\"font-size: 14.0pt; line-height: 115%;\">Le trajet Dakar-Ziguinchor en contournant la Gambie :<\/span><\/b><\/p>\n<p class=\"MsoNormal\"><span style=\"font-size: 14.0pt; line-height: 115%;\">Ou les vieux bacs motoris\u00e9s gambiens qui assurent poussivement la travers\u00e9e. V\u00e9tustes et surcharg\u00e9s, ils posent de s\u00e9rieux probl\u00e8mes de s\u00e9curit\u00e9 et l\u2019attente pour y parvenir est un calvaire pour les usagers, habitu\u00e9s \u00e0 attendre plusieurs heures avant de pouvoir embarquer.<\/span><\/p>\n<p class=\"MsoNormal\"><b style=\"mso-bidi-font-weight: normal;\"><span style=\"font-size: 14.0pt; line-height: 115%;\">Le trajet Dakar-Ziguinchor via les bacs gambiens :\u00a0<\/span><\/b><\/p>\n<p class=\"MsoNormal\"><span style=\"font-size: 14.0pt; line-height: 115%;\">Or, ce nouvel ouvrage devrait placer Ziguinchor \u00e0 huit heures environ de Dakar, de quoi changer le quotidien de nombreux usagers. L\u2019un d\u2019entre eux, pr\u00e9sent \u00e0 l\u2019inauguration, brandissait ainsi une pancarte enthousiaste sur laquelle on pouvait lire : \u00ab\u00a0Casa sans escale, merci pr\u00e9si\u00a0\u00bb.<\/span><\/p>\n<p class=\"MsoNormal\"><span style=\"font-size: 14.0pt; line-height: 115%;\">En plus de tracer une ligne directe entre les deux rives, le \u00ab\u00a0Senegambia Bridge\u00a0\u00bb devrait r\u00e9duire de 50% le co\u00fbt de la travers\u00e9e et faciliter les \u00e9changes commerciaux entre les deux pays. \u00ab\u00a0Le Senegambia Bridge permettra de g\u00e9n\u00e9rer des revenus et de limiter les pertes \u00e9conomiques pour les voyageurs et les \u00c9tats\u00a0\u00bb, a assur\u00e9 le pr\u00e9sident gambien.<\/span><\/p>\n<p class=\"MsoNormal\"><b style=\"mso-bidi-font-weight: normal;\"><span style=\"font-size: 14.0pt; line-height: 115%;\">Le trajet Dakar-Ziguinchor enti\u00e8rement par la route via le pont de Farafenni :<\/span><\/b><span style=\"font-size: 14.0pt; line-height: 115%;\"><br style=\"mso-special-character: line-break;\" \/><!-- [if !supportLineBreakNewLine]--><br style=\"mso-special-character: line-break;\" \/><!--[endif]--><\/span><\/p>\n<p class=\"MsoNormal\"><span style=\"font-size: 14.0pt; line-height: 115%;\">Farafenni sera un pont \u00e0 p\u00e9age dont les tarifs seront d\u00e9termin\u00e9s et g\u00e9r\u00e9s enti\u00e8rement par la Gambie, l\u2019ouvrage \u00e9tant implant\u00e9 sur son territoire. Cependant, \u00ab\u00a0les tarifs seront discut\u00e9s entre les gouvernements s\u00e9n\u00e9galais et gambien afin de trouver le prix optimal permettant de p\u00e9renniser l\u2019ouvrage pour son entretien et de favoriser aussi le d\u00e9veloppement de nos pays respectifs par une libre circulation des personnes et des biens\u00a0\u00bb, a expliqu\u00e9 au quotidien gouvernemental s\u00e9n\u00e9galais\u00a0Le Soleil, Cheikh Tidiane Thiam, chef de projet \u00e0 l\u2019Agence s\u00e9n\u00e9galaise des travaux et de gestion des routes (Ageroute), impliqu\u00e9 dans la construction de l\u2019ouvrage.<\/span><\/p>\n<p class=\"MsoNormal\">\n","protected":false},"excerpt":{"rendered":"<p>Le \u00ab Senegambia Bridge \u00bb a \u00e9t\u00e9 inaugur\u00e9 par les pr\u00e9sidents s\u00e9n\u00e9galais et gambien. Macky Sall et Adama Barrow ont \u00e9t\u00e9 les premiers \u00e0 emprunter cet ouvrage qui va tr\u00e8s largement fluidifier les transports entre les deux pays et favoriser le d\u00e9senclavement de la Casamance, dans le sud du S\u00e9n\u00e9gal. On ne compte plus le [&hellip;]<\/p>\n","protected":false},"author":7,"featured_media":27838,"comment_status":"closed","ping_status":"closed","sticky":false,"template":"","format":"standard","meta":{"_exactmetrics_skip_tracking":false,"_exactmetrics_sitenote_active":false,"_exactmetrics_sitenote_note":"","_exactmetrics_sitenote_category":0,"tdm_status":"","tdm_grid_status":"","footnotes":""},"categories":[21],"tags":[],"class_list":{"0":"post-27835","1":"post","2":"type-post","3":"status-publish","4":"format-standard","5":"has-post-thumbnail","7":"category-international"},"yoast_head":"<!-- This site is optimized with the Yoast SEO plugin v24.2 - https:\/\/yoast.com\/wordpress\/plugins\/seo\/ -->\n<title>Le S\u00e9n\u00e9gal et la Gambie inaugurent le pont de Farafenni, apr\u00e8s 40 ans d\u2019attente | Guin\u00e9e Diversit\u00e9<\/title>\n<meta name=\"robots\" content=\"index, follow, max-snippet:-1, max-image-preview:large, max-video-preview:-1\" \/>\n<link rel=\"canonical\" href=\"https:\/\/guineediversite.com\/index.php\/2019\/01\/22\/le-senegal-et-la-gambie-inaugurent-le-pont-de-farafenni-apres-40-ans-dattente\/\" \/>\n<meta property=\"og:locale\" content=\"fr_FR\" \/>\n<meta property=\"og:type\" content=\"article\" \/>\n<meta property=\"og:title\" content=\"Le S\u00e9n\u00e9gal et la Gambie inaugurent le pont de Farafenni, apr\u00e8s 40 ans d\u2019attente | Guin\u00e9e Diversit\u00e9\" \/>\n<meta property=\"og:description\" content=\"Le \u00ab Senegambia Bridge \u00bb a \u00e9t\u00e9 inaugur\u00e9 par les pr\u00e9sidents s\u00e9n\u00e9galais et gambien. Macky Sall et Adama Barrow ont \u00e9t\u00e9 les premiers \u00e0 emprunter cet ouvrage qui va tr\u00e8s largement fluidifier les transports entre les deux pays et favoriser le d\u00e9senclavement de la Casamance, dans le sud du S\u00e9n\u00e9gal. On ne compte plus le [&hellip;]\" \/>\n<meta property=\"og:url\" content=\"https:\/\/guineediversite.com\/index.php\/2019\/01\/22\/le-senegal-et-la-gambie-inaugurent-le-pont-de-farafenni-apres-40-ans-dattente\/\" \/>\n<meta property=\"og:site_name\" content=\"Guin\u00e9e Diversit\u00e9\" \/>\n<meta property=\"article:publisher\" content=\"https:\/\/www.facebook.com\/guineediversite\/\" \/>\n<meta property=\"article:published_time\" content=\"2019-01-22T11:22:38+00:00\" \/>\n<meta property=\"og:image\" content=\"https:\/\/guineediversite.com\/wp-content\/uploads\/2019\/01\/whatsapp-image-2019-01-21-at-152439-592x296.jpeg\" \/>\n\t<meta property=\"og:image:width\" content=\"1900\" \/>\n\t<meta property=\"og:image:height\" content=\"950\" \/>\n\t<meta property=\"og:image:type\" content=\"image\/jpeg\" \/>\n<meta name=\"author\" content=\"Bilguissa Diallo\" \/>\n<meta name=\"twitter:card\" content=\"summary_large_image\" \/>\n<meta name=\"twitter:creator\" content=\"@GuineeDiversite\" \/>\n<meta name=\"twitter:site\" content=\"@GuineeDiversite\" \/>\n<meta name=\"twitter:label1\" content=\"\u00c9crit par\" \/>\n\t<meta name=\"twitter:data1\" content=\"Bilguissa Diallo\" \/>\n\t<meta name=\"twitter:label2\" content=\"Dur\u00e9e de lecture estim\u00e9e\" \/>\n\t<meta name=\"twitter:data2\" content=\"5 minutes\" \/>\n<script type=\"application\/ld+json\" class=\"yoast-schema-graph\">{\"@context\":\"https:\/\/schema.org\",\"@graph\":[{\"@type\":\"Article\",\"@id\":\"https:\/\/guineediversite.com\/index.php\/2019\/01\/22\/le-senegal-et-la-gambie-inaugurent-le-pont-de-farafenni-apres-40-ans-dattente\/#article\",\"isPartOf\":{\"@id\":\"https:\/\/guineediversite.com\/index.php\/2019\/01\/22\/le-senegal-et-la-gambie-inaugurent-le-pont-de-farafenni-apres-40-ans-dattente\/\"},\"author\":{\"name\":\"Bilguissa Diallo\",\"@id\":\"https:\/\/guineediversite.com\/#\/schema\/person\/0e0e3e424768a50d025ac2218ccca73f\"},\"headline\":\"Le S\u00e9n\u00e9gal et la Gambie inaugurent le pont de Farafenni, apr\u00e8s 40 ans d\u2019attente\",\"datePublished\":\"2019-01-22T11:22:38+00:00\",\"dateModified\":\"2019-01-22T11:22:38+00:00\",\"mainEntityOfPage\":{\"@id\":\"https:\/\/guineediversite.com\/index.php\/2019\/01\/22\/le-senegal-et-la-gambie-inaugurent-le-pont-de-farafenni-apres-40-ans-dattente\/\"},\"wordCount\":959,\"publisher\":{\"@id\":\"https:\/\/guineediversite.com\/#organization\"},\"image\":{\"@id\":\"https:\/\/guineediversite.com\/index.php\/2019\/01\/22\/le-senegal-et-la-gambie-inaugurent-le-pont-de-farafenni-apres-40-ans-dattente\/#primaryimage\"},\"thumbnailUrl\":\"https:\/\/guineediversite.com\/wp-content\/uploads\/2019\/01\/whatsapp-image-2019-01-21-at-152439-592x296.jpeg\",\"articleSection\":[\"International\"],\"inLanguage\":\"fr-FR\"},{\"@type\":\"WebPage\",\"@id\":\"https:\/\/guineediversite.com\/index.php\/2019\/01\/22\/le-senegal-et-la-gambie-inaugurent-le-pont-de-farafenni-apres-40-ans-dattente\/\",\"url\":\"https:\/\/guineediversite.com\/index.php\/2019\/01\/22\/le-senegal-et-la-gambie-inaugurent-le-pont-de-farafenni-apres-40-ans-dattente\/\",\"name\":\"Le S\u00e9n\u00e9gal et la Gambie inaugurent le pont de Farafenni, apr\u00e8s 40 ans d\u2019attente | Guin\u00e9e Diversit\u00e9\",\"isPartOf\":{\"@id\":\"https:\/\/guineediversite.com\/#website\"},\"primaryImageOfPage\":{\"@id\":\"https:\/\/guineediversite.com\/index.php\/2019\/01\/22\/le-senegal-et-la-gambie-inaugurent-le-pont-de-farafenni-apres-40-ans-dattente\/#primaryimage\"},\"image\":{\"@id\":\"https:\/\/guineediversite.com\/index.php\/2019\/01\/22\/le-senegal-et-la-gambie-inaugurent-le-pont-de-farafenni-apres-40-ans-dattente\/#primaryimage\"},\"thumbnailUrl\":\"https:\/\/guineediversite.com\/wp-content\/uploads\/2019\/01\/whatsapp-image-2019-01-21-at-152439-592x296.jpeg\",\"datePublished\":\"2019-01-22T11:22:38+00:00\",\"dateModified\":\"2019-01-22T11:22:38+00:00\",\"breadcrumb\":{\"@id\":\"https:\/\/guineediversite.com\/index.php\/2019\/01\/22\/le-senegal-et-la-gambie-inaugurent-le-pont-de-farafenni-apres-40-ans-dattente\/#breadcrumb\"},\"inLanguage\":\"fr-FR\",\"potentialAction\":[{\"@type\":\"ReadAction\",\"target\":[\"https:\/\/guineediversite.com\/index.php\/2019\/01\/22\/le-senegal-et-la-gambie-inaugurent-le-pont-de-farafenni-apres-40-ans-dattente\/\"]}]},{\"@type\":\"ImageObject\",\"inLanguage\":\"fr-FR\",\"@id\":\"https:\/\/guineediversite.com\/index.php\/2019\/01\/22\/le-senegal-et-la-gambie-inaugurent-le-pont-de-farafenni-apres-40-ans-dattente\/#primaryimage\",\"url\":\"https:\/\/guineediversite.com\/wp-content\/uploads\/2019\/01\/whatsapp-image-2019-01-21-at-152439-592x296.jpeg\",\"contentUrl\":\"https:\/\/guineediversite.com\/wp-content\/uploads\/2019\/01\/whatsapp-image-2019-01-21-at-152439-592x296.jpeg\",\"width\":1900,\"height\":950},{\"@type\":\"BreadcrumbList\",\"@id\":\"https:\/\/guineediversite.com\/index.php\/2019\/01\/22\/le-senegal-et-la-gambie-inaugurent-le-pont-de-farafenni-apres-40-ans-dattente\/#breadcrumb\",\"itemListElement\":[{\"@type\":\"ListItem\",\"position\":1,\"name\":\"Accueil\",\"item\":\"https:\/\/guineediversite.com\/\"},{\"@type\":\"ListItem\",\"position\":2,\"name\":\"Le S\u00e9n\u00e9gal et la Gambie inaugurent le pont de Farafenni, apr\u00e8s 40 ans d\u2019attente\"}]},{\"@type\":\"WebSite\",\"@id\":\"https:\/\/guineediversite.com\/#website\",\"url\":\"https:\/\/guineediversite.com\/\",\"name\":\"Guin\u00e9e Diversit\u00e9\",\"description\":\"L&#039;Info dans toute sa diversit\u00e9\",\"publisher\":{\"@id\":\"https:\/\/guineediversite.com\/#organization\"},\"potentialAction\":[{\"@type\":\"SearchAction\",\"target\":{\"@type\":\"EntryPoint\",\"urlTemplate\":\"https:\/\/guineediversite.com\/?s={search_term_string}\"},\"query-input\":{\"@type\":\"PropertyValueSpecification\",\"valueRequired\":true,\"valueName\":\"search_term_string\"}}],\"inLanguage\":\"fr-FR\"},{\"@type\":\"Organization\",\"@id\":\"https:\/\/guineediversite.com\/#organization\",\"name\":\"Guin\u00e9e Diversit\u00e9\",\"url\":\"https:\/\/guineediversite.com\/\",\"logo\":{\"@type\":\"ImageObject\",\"inLanguage\":\"fr-FR\",\"@id\":\"https:\/\/guineediversite.com\/#\/schema\/logo\/image\/\",\"url\":\"https:\/\/guineediversite.com\/wp-content\/uploads\/2017\/04\/cropped-1jojlxEOMkX9Wyqfhe43D6kjPOGqBBKmx3EwWJqZ0cMrFF54yM49.png\",\"contentUrl\":\"https:\/\/guineediversite.com\/wp-content\/uploads\/2017\/04\/cropped-1jojlxEOMkX9Wyqfhe43D6kjPOGqBBKmx3EwWJqZ0cMrFF54yM49.png\",\"width\":186,\"height\":112,\"caption\":\"Guin\u00e9e Diversit\u00e9\"},\"image\":{\"@id\":\"https:\/\/guineediversite.com\/#\/schema\/logo\/image\/\"},\"sameAs\":[\"https:\/\/www.facebook.com\/guineediversite\/\",\"https:\/\/x.com\/GuineeDiversite\",\"https:\/\/www.youtube.com\/channel\/UC8sUY16qelG5ge6_D5SB83g\"]},{\"@type\":\"Person\",\"@id\":\"https:\/\/guineediversite.com\/#\/schema\/person\/0e0e3e424768a50d025ac2218ccca73f\",\"name\":\"Bilguissa Diallo\",\"image\":{\"@type\":\"ImageObject\",\"inLanguage\":\"fr-FR\",\"@id\":\"https:\/\/guineediversite.com\/#\/schema\/person\/image\/\",\"url\":\"https:\/\/secure.gravatar.com\/avatar\/49bbbd2420ee34d62b1b191791f4b5df?s=96&d=mm&r=g\",\"contentUrl\":\"https:\/\/secure.gravatar.com\/avatar\/49bbbd2420ee34d62b1b191791f4b5df?s=96&d=mm&r=g\",\"caption\":\"Bilguissa Diallo\"},\"url\":\"https:\/\/guineediversite.com\/index.php\/author\/bilguissa\/\"}]}<\/script>\n<!-- \/ Yoast SEO plugin. -->","yoast_head_json":{"title":"Le S\u00e9n\u00e9gal et la Gambie inaugurent le pont de Farafenni, apr\u00e8s 40 ans d\u2019attente | Guin\u00e9e Diversit\u00e9","robots":{"index":"index","follow":"follow","max-snippet":"max-snippet:-1","max-image-preview":"max-image-preview:large","max-video-preview":"max-video-preview:-1"},"canonical":"https:\/\/guineediversite.com\/index.php\/2019\/01\/22\/le-senegal-et-la-gambie-inaugurent-le-pont-de-farafenni-apres-40-ans-dattente\/","og_locale":"fr_FR","og_type":"article","og_title":"Le S\u00e9n\u00e9gal et la Gambie inaugurent le pont de Farafenni, apr\u00e8s 40 ans d\u2019attente | Guin\u00e9e Diversit\u00e9","og_description":"Le \u00ab Senegambia Bridge \u00bb a \u00e9t\u00e9 inaugur\u00e9 par les pr\u00e9sidents s\u00e9n\u00e9galais et gambien. Macky Sall et Adama Barrow ont \u00e9t\u00e9 les premiers \u00e0 emprunter cet ouvrage qui va tr\u00e8s largement fluidifier les transports entre les deux pays et favoriser le d\u00e9senclavement de la Casamance, dans le sud du S\u00e9n\u00e9gal. On ne compte plus le [&hellip;]","og_url":"https:\/\/guineediversite.com\/index.php\/2019\/01\/22\/le-senegal-et-la-gambie-inaugurent-le-pont-de-farafenni-apres-40-ans-dattente\/","og_site_name":"Guin\u00e9e Diversit\u00e9","article_publisher":"https:\/\/www.facebook.com\/guineediversite\/","article_published_time":"2019-01-22T11:22:38+00:00","og_image":[{"width":1900,"height":950,"url":"https:\/\/guineediversite.com\/wp-content\/uploads\/2019\/01\/whatsapp-image-2019-01-21-at-152439-592x296.jpeg","type":"image\/jpeg"}],"author":"Bilguissa Diallo","twitter_card":"summary_large_image","twitter_creator":"@GuineeDiversite","twitter_site":"@GuineeDiversite","twitter_misc":{"\u00c9crit par":"Bilguissa Diallo","Dur\u00e9e de lecture estim\u00e9e":"5 minutes"},"schema":{"@context":"https:\/\/schema.org","@graph":[{"@type":"Article","@id":"https:\/\/guineediversite.com\/index.php\/2019\/01\/22\/le-senegal-et-la-gambie-inaugurent-le-pont-de-farafenni-apres-40-ans-dattente\/#article","isPartOf":{"@id":"https:\/\/guineediversite.com\/index.php\/2019\/01\/22\/le-senegal-et-la-gambie-inaugurent-le-pont-de-farafenni-apres-40-ans-dattente\/"},"author":{"name":"Bilguissa Diallo","@id":"https:\/\/guineediversite.com\/#\/schema\/person\/0e0e3e424768a50d025ac2218ccca73f"},"headline":"Le S\u00e9n\u00e9gal et la Gambie inaugurent le pont de Farafenni, apr\u00e8s 40 ans d\u2019attente","datePublished":"2019-01-22T11:22:38+00:00","dateModified":"2019-01-22T11:22:38+00:00","mainEntityOfPage":{"@id":"https:\/\/guineediversite.com\/index.php\/2019\/01\/22\/le-senegal-et-la-gambie-inaugurent-le-pont-de-farafenni-apres-40-ans-dattente\/"},"wordCount":959,"publisher":{"@id":"https:\/\/guineediversite.com\/#organization"},"image":{"@id":"https:\/\/guineediversite.com\/index.php\/2019\/01\/22\/le-senegal-et-la-gambie-inaugurent-le-pont-de-farafenni-apres-40-ans-dattente\/#primaryimage"},"thumbnailUrl":"https:\/\/guineediversite.com\/wp-content\/uploads\/2019\/01\/whatsapp-image-2019-01-21-at-152439-592x296.jpeg","articleSection":["International"],"inLanguage":"fr-FR"},{"@type":"WebPage","@id":"https:\/\/guineediversite.com\/index.php\/2019\/01\/22\/le-senegal-et-la-gambie-inaugurent-le-pont-de-farafenni-apres-40-ans-dattente\/","url":"https:\/\/guineediversite.com\/index.php\/2019\/01\/22\/le-senegal-et-la-gambie-inaugurent-le-pont-de-farafenni-apres-40-ans-dattente\/","name":"Le S\u00e9n\u00e9gal et la Gambie inaugurent le pont de Farafenni, apr\u00e8s 40 ans d\u2019attente | Guin\u00e9e Diversit\u00e9","isPartOf":{"@id":"https:\/\/guineediversite.com\/#website"},"primaryImageOfPage":{"@id":"https:\/\/guineediversite.com\/index.php\/2019\/01\/22\/le-senegal-et-la-gambie-inaugurent-le-pont-de-farafenni-apres-40-ans-dattente\/#primaryimage"},"image":{"@id":"https:\/\/guineediversite.com\/index.php\/2019\/01\/22\/le-senegal-et-la-gambie-inaugurent-le-pont-de-farafenni-apres-40-ans-dattente\/#primaryimage"},"thumbnailUrl":"https:\/\/guineediversite.com\/wp-content\/uploads\/2019\/01\/whatsapp-image-2019-01-21-at-152439-592x296.jpeg","datePublished":"2019-01-22T11:22:38+00:00","dateModified":"2019-01-22T11:22:38+00:00","breadcrumb":{"@id":"https:\/\/guineediversite.com\/index.php\/2019\/01\/22\/le-senegal-et-la-gambie-inaugurent-le-pont-de-farafenni-apres-40-ans-dattente\/#breadcrumb"},"inLanguage":"fr-FR","potentialAction":[{"@type":"ReadAction","target":["https:\/\/guineediversite.com\/index.php\/2019\/01\/22\/le-senegal-et-la-gambie-inaugurent-le-pont-de-farafenni-apres-40-ans-dattente\/"]}]},{"@type":"ImageObject","inLanguage":"fr-FR","@id":"https:\/\/guineediversite.com\/index.php\/2019\/01\/22\/le-senegal-et-la-gambie-inaugurent-le-pont-de-farafenni-apres-40-ans-dattente\/#primaryimage","url":"https:\/\/guineediversite.com\/wp-content\/uploads\/2019\/01\/whatsapp-image-2019-01-21-at-152439-592x296.jpeg","contentUrl":"https:\/\/guineediversite.com\/wp-content\/uploads\/2019\/01\/whatsapp-image-2019-01-21-at-152439-592x296.jpeg","width":1900,"height":950},{"@type":"BreadcrumbList","@id":"https:\/\/guineediversite.com\/index.php\/2019\/01\/22\/le-senegal-et-la-gambie-inaugurent-le-pont-de-farafenni-apres-40-ans-dattente\/#breadcrumb","itemListElement":[{"@type":"ListItem","position":1,"name":"Accueil","item":"https:\/\/guineediversite.com\/"},{"@type":"ListItem","position":2,"name":"Le S\u00e9n\u00e9gal et la Gambie inaugurent le pont de Farafenni, apr\u00e8s 40 ans d\u2019attente"}]},{"@type":"WebSite","@id":"https:\/\/guineediversite.com\/#website","url":"https:\/\/guineediversite.com\/","name":"Guin\u00e9e Diversit\u00e9","description":"L&#039;Info dans toute sa diversit\u00e9","publisher":{"@id":"https:\/\/guineediversite.com\/#organization"},"potentialAction":[{"@type":"SearchAction","target":{"@type":"EntryPoint","urlTemplate":"https:\/\/guineediversite.com\/?s={search_term_string}"},"query-input":{"@type":"PropertyValueSpecification","valueRequired":true,"valueName":"search_term_string"}}],"inLanguage":"fr-FR"},{"@type":"Organization","@id":"https:\/\/guineediversite.com\/#organization","name":"Guin\u00e9e Diversit\u00e9","url":"https:\/\/guineediversite.com\/","logo":{"@type":"ImageObject","inLanguage":"fr-FR","@id":"https:\/\/guineediversite.com\/#\/schema\/logo\/image\/","url":"https:\/\/guineediversite.com\/wp-content\/uploads\/2017\/04\/cropped-1jojlxEOMkX9Wyqfhe43D6kjPOGqBBKmx3EwWJqZ0cMrFF54yM49.png","contentUrl":"https:\/\/guineediversite.com\/wp-content\/uploads\/2017\/04\/cropped-1jojlxEOMkX9Wyqfhe43D6kjPOGqBBKmx3EwWJqZ0cMrFF54yM49.png","width":186,"height":112,"caption":"Guin\u00e9e Diversit\u00e9"},"image":{"@id":"https:\/\/guineediversite.com\/#\/schema\/logo\/image\/"},"sameAs":["https:\/\/www.facebook.com\/guineediversite\/","https:\/\/x.com\/GuineeDiversite","https:\/\/www.youtube.com\/channel\/UC8sUY16qelG5ge6_D5SB83g"]},{"@type":"Person","@id":"https:\/\/guineediversite.com\/#\/schema\/person\/0e0e3e424768a50d025ac2218ccca73f","name":"Bilguissa Diallo","image":{"@type":"ImageObject","inLanguage":"fr-FR","@id":"https:\/\/guineediversite.com\/#\/schema\/person\/image\/","url":"https:\/\/secure.gravatar.com\/avatar\/49bbbd2420ee34d62b1b191791f4b5df?s=96&d=mm&r=g","contentUrl":"https:\/\/secure.gravatar.com\/avatar\/49bbbd2420ee34d62b1b191791f4b5df?s=96&d=mm&r=g","caption":"Bilguissa Diallo"},"url":"https:\/\/guineediversite.com\/index.php\/author\/bilguissa\/"}]}},"_links":{"self":[{"href":"https:\/\/guineediversite.com\/index.php\/wp-json\/wp\/v2\/posts\/27835"}],"collection":[{"href":"https:\/\/guineediversite.com\/index.php\/wp-json\/wp\/v2\/posts"}],"about":[{"href":"https:\/\/guineediversite.com\/index.php\/wp-json\/wp\/v2\/types\/post"}],"author":[{"embeddable":true,"href":"https:\/\/guineediversite.com\/index.php\/wp-json\/wp\/v2\/users\/7"}],"replies":[{"embeddable":true,"href":"https:\/\/guineediversite.com\/index.php\/wp-json\/wp\/v2\/comments?post=27835"}],"version-history":[{"count":0,"href":"https:\/\/guineediversite.com\/index.php\/wp-json\/wp\/v2\/posts\/27835\/revisions"}],"wp:featuredmedia":[{"embeddable":true,"href":"https:\/\/guineediversite.com\/index.php\/wp-json\/wp\/v2\/media\/27838"}],"wp:attachment":[{"href":"https:\/\/guineediversite.com\/index.php\/wp-json\/wp\/v2\/media?parent=27835"}],"wp:term":[{"taxonomy":"category","embeddable":true,"href":"https:\/\/guineediversite.com\/index.php\/wp-json\/wp\/v2\/categories?post=27835"},{"taxonomy":"post_tag","embeddable":true,"href":"https:\/\/guineediversite.com\/index.php\/wp-json\/wp\/v2\/tags?post=27835"}],"curies":[{"name":"wp","href":"https:\/\/api.w.org\/{rel}","templated":true}]}}