{"id":27828,"date":"2019-01-21T18:10:47","date_gmt":"2019-01-21T17:10:47","guid":{"rendered":"https:\/\/guineediversite.com\/?p=27828"},"modified":"2019-01-21T18:10:47","modified_gmt":"2019-01-21T17:10:47","slug":"societe-idrissa-papingo-camara-le-regard-dun-guineen-de-la-diaspora-sur-levolution-de-son-pays","status":"publish","type":"post","link":"https:\/\/guineediversite.com\/index.php\/2019\/01\/21\/societe-idrissa-papingo-camara-le-regard-dun-guineen-de-la-diaspora-sur-levolution-de-son-pays\/","title":{"rendered":"Soci\u00e9t\u00e9\/ Idrissa Papingo Camara : Le regard d\u2019un guin\u00e9en de la diaspora sur l\u2019\u00e9volution de son pays"},"content":{"rendered":"<p>Apr\u00e8s neuf ans de gouvernance du professeur Alpha Cond\u00e9, des guin\u00e9ens de la diaspora ne manquent pas de regard\u00a0 sur l\u2019\u00e9volution de la situation sociopolitique voire \u00e9conomique \u00a0du pays. C\u2019est le cas notamment de cet architecte de profession, \u00a0Idrissa Papingo Camara.\u00a0 Ce compatriote r\u00e9sidant en Californie aux USA\u00a0 estime que le retard de la Guin\u00e9e est d\u00fb aux nominations des hommes aux postes de d\u00e9cision par r\u00e9compense\u00a0: <em>\u00ab\u00a0Tout pays a sa strat\u00e9gie pour faire avancer les choses. Mais le fait qu&rsquo;on confie des postes de responsabilit\u00e9s par reconnaissance et non par le m\u00e9rite, la Guin\u00e9e sera toujours au point z\u00e9ro. Et la non application des lois en Guin\u00e9e est aussi un probl\u00e8me majeur et pourtant, elles (les lois) doivent \u00eatre appliqu\u00e9es \u00e0 tous<\/em><strong>\u00a0\u00bb. <\/strong><\/p>\n<p>En ce qui concerne l\u2019implication personnelle du chef de l\u2019Etat dans la gestion de certains secteurs-cl\u00e9s du d\u00e9veloppement du pays notamment le port et l\u2019a\u00e9roport, Papingo Camara trouve cela anormale. \u00ab\u00a0<em>Il ya deux postes strat\u00e9giques dans chaque pays qu&rsquo;il ne faut pas n\u00e9gliger: le port et l\u2019a\u00e9roport. Mais si vous voyez \u00a0le Pr\u00e9sident de la r\u00e9publique faire tout ce boulot \u00e0 lui seul en pr\u00e9sence\u00a0 des responsables indiqu\u00e9s, c&rsquo;est parce qu&rsquo;il n&rsquo;a pas confiance aux occupants de ces postes. Une chose qui n&rsquo;est pas normale<\/em><strong>\u00a0<\/strong>\u00bb, a laiss\u00e9 entendre notre interlocuteur.<\/p>\n<p>Les guin\u00e9ens de la diaspora essayent d&rsquo;apporter, \u00e0 la mesure de leur possibilit\u00e9, leur contribution pour le\u00a0 d\u00e9veloppement de leur pays. Idrissa Papingo Camara pensent que ce sont les plus proches du Chef de l\u2019Etat qui \u00a0refusent que les messages arrivent \u00e0 la bonne destination.<\/p>\n","protected":false},"excerpt":{"rendered":"<p>Apr\u00e8s neuf ans de gouvernance du professeur Alpha Cond\u00e9, des guin\u00e9ens de la diaspora ne manquent pas de regard\u00a0 sur l\u2019\u00e9volution de la situation sociopolitique voire \u00e9conomique \u00a0du pays. C\u2019est le cas notamment de cet architecte de profession, \u00a0Idrissa Papingo Camara.\u00a0 Ce compatriote r\u00e9sidant en Californie aux USA\u00a0 estime que le retard de la Guin\u00e9e [&hellip;]<\/p>\n","protected":false},"author":7,"featured_media":27829,"comment_status":"closed","ping_status":"closed","sticky":false,"template":"","format":"standard","meta":{"_exactmetrics_skip_tracking":false,"_exactmetrics_sitenote_active":false,"_exactmetrics_sitenote_note":"","_exactmetrics_sitenote_category":0,"tdm_status":"","tdm_grid_status":"","footnotes":""},"categories":[16],"tags":[],"class_list":{"0":"post-27828","1":"post","2":"type-post","3":"status-publish","4":"format-standard","5":"has-post-thumbnail","7":"category-societe"},"yoast_head":"<!-- This site is optimized with the Yoast SEO plugin v24.2 - https:\/\/yoast.com\/wordpress\/plugins\/seo\/ -->\n<title>Soci\u00e9t\u00e9\/ Idrissa Papingo Camara : Le regard d\u2019un guin\u00e9en de la diaspora sur l\u2019\u00e9volution de son pays | Guin\u00e9e Diversit\u00e9<\/title>\n<meta name=\"robots\" content=\"index, follow, max-snippet:-1, max-image-preview:large, max-video-preview:-1\" \/>\n<link rel=\"canonical\" href=\"https:\/\/guineediversite.com\/index.php\/2019\/01\/21\/societe-idrissa-papingo-camara-le-regard-dun-guineen-de-la-diaspora-sur-levolution-de-son-pays\/\" \/>\n<meta property=\"og:locale\" content=\"fr_FR\" \/>\n<meta property=\"og:type\" content=\"article\" \/>\n<meta property=\"og:title\" content=\"Soci\u00e9t\u00e9\/ Idrissa Papingo Camara : Le regard d\u2019un guin\u00e9en de la diaspora sur l\u2019\u00e9volution de son pays | Guin\u00e9e Diversit\u00e9\" \/>\n<meta property=\"og:description\" content=\"Apr\u00e8s neuf ans de gouvernance du professeur Alpha Cond\u00e9, des guin\u00e9ens de la diaspora ne manquent pas de regard\u00a0 sur l\u2019\u00e9volution de la situation sociopolitique voire \u00e9conomique \u00a0du pays. C\u2019est le cas notamment de cet architecte de profession, \u00a0Idrissa Papingo Camara.\u00a0 Ce compatriote r\u00e9sidant en Californie aux USA\u00a0 estime que le retard de la Guin\u00e9e [&hellip;]\" \/>\n<meta property=\"og:url\" content=\"https:\/\/guineediversite.com\/index.php\/2019\/01\/21\/societe-idrissa-papingo-camara-le-regard-dun-guineen-de-la-diaspora-sur-levolution-de-son-pays\/\" \/>\n<meta property=\"og:site_name\" content=\"Guin\u00e9e Diversit\u00e9\" \/>\n<meta property=\"article:publisher\" content=\"https:\/\/www.facebook.com\/guineediversite\/\" \/>\n<meta property=\"article:published_time\" content=\"2019-01-21T17:10:47+00:00\" \/>\n<meta property=\"og:image\" content=\"https:\/\/guineediversite.com\/wp-content\/uploads\/2019\/01\/50625304_252939748967872_1677497514376298496_n.jpg\" \/>\n\t<meta property=\"og:image:width\" content=\"1192\" \/>\n\t<meta property=\"og:image:height\" content=\"1024\" \/>\n\t<meta property=\"og:image:type\" content=\"image\/jpeg\" \/>\n<meta name=\"author\" content=\"Bilguissa Diallo\" \/>\n<meta name=\"twitter:card\" content=\"summary_large_image\" \/>\n<meta name=\"twitter:creator\" content=\"@GuineeDiversite\" \/>\n<meta name=\"twitter:site\" content=\"@GuineeDiversite\" \/>\n<meta name=\"twitter:label1\" content=\"\u00c9crit par\" \/>\n\t<meta name=\"twitter:data1\" content=\"Bilguissa Diallo\" \/>\n\t<meta name=\"twitter:label2\" content=\"Dur\u00e9e de lecture estim\u00e9e\" \/>\n\t<meta name=\"twitter:data2\" content=\"1 minute\" \/>\n<script type=\"application\/ld+json\" class=\"yoast-schema-graph\">{\"@context\":\"https:\/\/schema.org\",\"@graph\":[{\"@type\":\"Article\",\"@id\":\"https:\/\/guineediversite.com\/index.php\/2019\/01\/21\/societe-idrissa-papingo-camara-le-regard-dun-guineen-de-la-diaspora-sur-levolution-de-son-pays\/#article\",\"isPartOf\":{\"@id\":\"https:\/\/guineediversite.com\/index.php\/2019\/01\/21\/societe-idrissa-papingo-camara-le-regard-dun-guineen-de-la-diaspora-sur-levolution-de-son-pays\/\"},\"author\":{\"name\":\"Bilguissa Diallo\",\"@id\":\"https:\/\/guineediversite.com\/#\/schema\/person\/0e0e3e424768a50d025ac2218ccca73f\"},\"headline\":\"Soci\u00e9t\u00e9\/ Idrissa Papingo Camara : Le regard d\u2019un guin\u00e9en de la diaspora sur l\u2019\u00e9volution de son pays\",\"datePublished\":\"2019-01-21T17:10:47+00:00\",\"dateModified\":\"2019-01-21T17:10:47+00:00\",\"mainEntityOfPage\":{\"@id\":\"https:\/\/guineediversite.com\/index.php\/2019\/01\/21\/societe-idrissa-papingo-camara-le-regard-dun-guineen-de-la-diaspora-sur-levolution-de-son-pays\/\"},\"wordCount\":314,\"publisher\":{\"@id\":\"https:\/\/guineediversite.com\/#organization\"},\"image\":{\"@id\":\"https:\/\/guineediversite.com\/index.php\/2019\/01\/21\/societe-idrissa-papingo-camara-le-regard-dun-guineen-de-la-diaspora-sur-levolution-de-son-pays\/#primaryimage\"},\"thumbnailUrl\":\"https:\/\/guineediversite.com\/wp-content\/uploads\/2019\/01\/50625304_252939748967872_1677497514376298496_n.jpg\",\"articleSection\":[\"Soci\u00e9t\u00e9\"],\"inLanguage\":\"fr-FR\"},{\"@type\":\"WebPage\",\"@id\":\"https:\/\/guineediversite.com\/index.php\/2019\/01\/21\/societe-idrissa-papingo-camara-le-regard-dun-guineen-de-la-diaspora-sur-levolution-de-son-pays\/\",\"url\":\"https:\/\/guineediversite.com\/index.php\/2019\/01\/21\/societe-idrissa-papingo-camara-le-regard-dun-guineen-de-la-diaspora-sur-levolution-de-son-pays\/\",\"name\":\"Soci\u00e9t\u00e9\/ Idrissa Papingo Camara : Le regard d\u2019un guin\u00e9en de la diaspora sur l\u2019\u00e9volution de son pays | Guin\u00e9e Diversit\u00e9\",\"isPartOf\":{\"@id\":\"https:\/\/guineediversite.com\/#website\"},\"primaryImageOfPage\":{\"@id\":\"https:\/\/guineediversite.com\/index.php\/2019\/01\/21\/societe-idrissa-papingo-camara-le-regard-dun-guineen-de-la-diaspora-sur-levolution-de-son-pays\/#primaryimage\"},\"image\":{\"@id\":\"https:\/\/guineediversite.com\/index.php\/2019\/01\/21\/societe-idrissa-papingo-camara-le-regard-dun-guineen-de-la-diaspora-sur-levolution-de-son-pays\/#primaryimage\"},\"thumbnailUrl\":\"https:\/\/guineediversite.com\/wp-content\/uploads\/2019\/01\/50625304_252939748967872_1677497514376298496_n.jpg\",\"datePublished\":\"2019-01-21T17:10:47+00:00\",\"dateModified\":\"2019-01-21T17:10:47+00:00\",\"breadcrumb\":{\"@id\":\"https:\/\/guineediversite.com\/index.php\/2019\/01\/21\/societe-idrissa-papingo-camara-le-regard-dun-guineen-de-la-diaspora-sur-levolution-de-son-pays\/#breadcrumb\"},\"inLanguage\":\"fr-FR\",\"potentialAction\":[{\"@type\":\"ReadAction\",\"target\":[\"https:\/\/guineediversite.com\/index.php\/2019\/01\/21\/societe-idrissa-papingo-camara-le-regard-dun-guineen-de-la-diaspora-sur-levolution-de-son-pays\/\"]}]},{\"@type\":\"ImageObject\",\"inLanguage\":\"fr-FR\",\"@id\":\"https:\/\/guineediversite.com\/index.php\/2019\/01\/21\/societe-idrissa-papingo-camara-le-regard-dun-guineen-de-la-diaspora-sur-levolution-de-son-pays\/#primaryimage\",\"url\":\"https:\/\/guineediversite.com\/wp-content\/uploads\/2019\/01\/50625304_252939748967872_1677497514376298496_n.jpg\",\"contentUrl\":\"https:\/\/guineediversite.com\/wp-content\/uploads\/2019\/01\/50625304_252939748967872_1677497514376298496_n.jpg\",\"width\":1192,\"height\":1024},{\"@type\":\"BreadcrumbList\",\"@id\":\"https:\/\/guineediversite.com\/index.php\/2019\/01\/21\/societe-idrissa-papingo-camara-le-regard-dun-guineen-de-la-diaspora-sur-levolution-de-son-pays\/#breadcrumb\",\"itemListElement\":[{\"@type\":\"ListItem\",\"position\":1,\"name\":\"Accueil\",\"item\":\"https:\/\/guineediversite.com\/\"},{\"@type\":\"ListItem\",\"position\":2,\"name\":\"Soci\u00e9t\u00e9\/ Idrissa Papingo Camara : Le regard d\u2019un guin\u00e9en de la diaspora sur l\u2019\u00e9volution de son pays\"}]},{\"@type\":\"WebSite\",\"@id\":\"https:\/\/guineediversite.com\/#website\",\"url\":\"https:\/\/guineediversite.com\/\",\"name\":\"Guin\u00e9e Diversit\u00e9\",\"description\":\"L&#039;Info dans toute sa diversit\u00e9\",\"publisher\":{\"@id\":\"https:\/\/guineediversite.com\/#organization\"},\"potentialAction\":[{\"@type\":\"SearchAction\",\"target\":{\"@type\":\"EntryPoint\",\"urlTemplate\":\"https:\/\/guineediversite.com\/?s={search_term_string}\"},\"query-input\":{\"@type\":\"PropertyValueSpecification\",\"valueRequired\":true,\"valueName\":\"search_term_string\"}}],\"inLanguage\":\"fr-FR\"},{\"@type\":\"Organization\",\"@id\":\"https:\/\/guineediversite.com\/#organization\",\"name\":\"Guin\u00e9e Diversit\u00e9\",\"url\":\"https:\/\/guineediversite.com\/\",\"logo\":{\"@type\":\"ImageObject\",\"inLanguage\":\"fr-FR\",\"@id\":\"https:\/\/guineediversite.com\/#\/schema\/logo\/image\/\",\"url\":\"https:\/\/guineediversite.com\/wp-content\/uploads\/2017\/04\/cropped-1jojlxEOMkX9Wyqfhe43D6kjPOGqBBKmx3EwWJqZ0cMrFF54yM49.png\",\"contentUrl\":\"https:\/\/guineediversite.com\/wp-content\/uploads\/2017\/04\/cropped-1jojlxEOMkX9Wyqfhe43D6kjPOGqBBKmx3EwWJqZ0cMrFF54yM49.png\",\"width\":186,\"height\":112,\"caption\":\"Guin\u00e9e Diversit\u00e9\"},\"image\":{\"@id\":\"https:\/\/guineediversite.com\/#\/schema\/logo\/image\/\"},\"sameAs\":[\"https:\/\/www.facebook.com\/guineediversite\/\",\"https:\/\/x.com\/GuineeDiversite\",\"https:\/\/www.youtube.com\/channel\/UC8sUY16qelG5ge6_D5SB83g\"]},{\"@type\":\"Person\",\"@id\":\"https:\/\/guineediversite.com\/#\/schema\/person\/0e0e3e424768a50d025ac2218ccca73f\",\"name\":\"Bilguissa Diallo\",\"image\":{\"@type\":\"ImageObject\",\"inLanguage\":\"fr-FR\",\"@id\":\"https:\/\/guineediversite.com\/#\/schema\/person\/image\/\",\"url\":\"https:\/\/secure.gravatar.com\/avatar\/49bbbd2420ee34d62b1b191791f4b5df?s=96&d=mm&r=g\",\"contentUrl\":\"https:\/\/secure.gravatar.com\/avatar\/49bbbd2420ee34d62b1b191791f4b5df?s=96&d=mm&r=g\",\"caption\":\"Bilguissa Diallo\"},\"url\":\"https:\/\/guineediversite.com\/index.php\/author\/bilguissa\/\"}]}<\/script>\n<!-- \/ Yoast SEO plugin. -->","yoast_head_json":{"title":"Soci\u00e9t\u00e9\/ Idrissa Papingo Camara : Le regard d\u2019un guin\u00e9en de la diaspora sur l\u2019\u00e9volution de son pays | Guin\u00e9e Diversit\u00e9","robots":{"index":"index","follow":"follow","max-snippet":"max-snippet:-1","max-image-preview":"max-image-preview:large","max-video-preview":"max-video-preview:-1"},"canonical":"https:\/\/guineediversite.com\/index.php\/2019\/01\/21\/societe-idrissa-papingo-camara-le-regard-dun-guineen-de-la-diaspora-sur-levolution-de-son-pays\/","og_locale":"fr_FR","og_type":"article","og_title":"Soci\u00e9t\u00e9\/ Idrissa Papingo Camara : Le regard d\u2019un guin\u00e9en de la diaspora sur l\u2019\u00e9volution de son pays | Guin\u00e9e Diversit\u00e9","og_description":"Apr\u00e8s neuf ans de gouvernance du professeur Alpha Cond\u00e9, des guin\u00e9ens de la diaspora ne manquent pas de regard\u00a0 sur l\u2019\u00e9volution de la situation sociopolitique voire \u00e9conomique \u00a0du pays. C\u2019est le cas notamment de cet architecte de profession, \u00a0Idrissa Papingo Camara.\u00a0 Ce compatriote r\u00e9sidant en Californie aux USA\u00a0 estime que le retard de la Guin\u00e9e [&hellip;]","og_url":"https:\/\/guineediversite.com\/index.php\/2019\/01\/21\/societe-idrissa-papingo-camara-le-regard-dun-guineen-de-la-diaspora-sur-levolution-de-son-pays\/","og_site_name":"Guin\u00e9e Diversit\u00e9","article_publisher":"https:\/\/www.facebook.com\/guineediversite\/","article_published_time":"2019-01-21T17:10:47+00:00","og_image":[{"width":1192,"height":1024,"url":"https:\/\/guineediversite.com\/wp-content\/uploads\/2019\/01\/50625304_252939748967872_1677497514376298496_n.jpg","type":"image\/jpeg"}],"author":"Bilguissa Diallo","twitter_card":"summary_large_image","twitter_creator":"@GuineeDiversite","twitter_site":"@GuineeDiversite","twitter_misc":{"\u00c9crit par":"Bilguissa Diallo","Dur\u00e9e de lecture estim\u00e9e":"1 minute"},"schema":{"@context":"https:\/\/schema.org","@graph":[{"@type":"Article","@id":"https:\/\/guineediversite.com\/index.php\/2019\/01\/21\/societe-idrissa-papingo-camara-le-regard-dun-guineen-de-la-diaspora-sur-levolution-de-son-pays\/#article","isPartOf":{"@id":"https:\/\/guineediversite.com\/index.php\/2019\/01\/21\/societe-idrissa-papingo-camara-le-regard-dun-guineen-de-la-diaspora-sur-levolution-de-son-pays\/"},"author":{"name":"Bilguissa Diallo","@id":"https:\/\/guineediversite.com\/#\/schema\/person\/0e0e3e424768a50d025ac2218ccca73f"},"headline":"Soci\u00e9t\u00e9\/ Idrissa Papingo Camara : Le regard d\u2019un guin\u00e9en de la diaspora sur l\u2019\u00e9volution de son pays","datePublished":"2019-01-21T17:10:47+00:00","dateModified":"2019-01-21T17:10:47+00:00","mainEntityOfPage":{"@id":"https:\/\/guineediversite.com\/index.php\/2019\/01\/21\/societe-idrissa-papingo-camara-le-regard-dun-guineen-de-la-diaspora-sur-levolution-de-son-pays\/"},"wordCount":314,"publisher":{"@id":"https:\/\/guineediversite.com\/#organization"},"image":{"@id":"https:\/\/guineediversite.com\/index.php\/2019\/01\/21\/societe-idrissa-papingo-camara-le-regard-dun-guineen-de-la-diaspora-sur-levolution-de-son-pays\/#primaryimage"},"thumbnailUrl":"https:\/\/guineediversite.com\/wp-content\/uploads\/2019\/01\/50625304_252939748967872_1677497514376298496_n.jpg","articleSection":["Soci\u00e9t\u00e9"],"inLanguage":"fr-FR"},{"@type":"WebPage","@id":"https:\/\/guineediversite.com\/index.php\/2019\/01\/21\/societe-idrissa-papingo-camara-le-regard-dun-guineen-de-la-diaspora-sur-levolution-de-son-pays\/","url":"https:\/\/guineediversite.com\/index.php\/2019\/01\/21\/societe-idrissa-papingo-camara-le-regard-dun-guineen-de-la-diaspora-sur-levolution-de-son-pays\/","name":"Soci\u00e9t\u00e9\/ Idrissa Papingo Camara : Le regard d\u2019un guin\u00e9en de la diaspora sur l\u2019\u00e9volution de son pays | Guin\u00e9e Diversit\u00e9","isPartOf":{"@id":"https:\/\/guineediversite.com\/#website"},"primaryImageOfPage":{"@id":"https:\/\/guineediversite.com\/index.php\/2019\/01\/21\/societe-idrissa-papingo-camara-le-regard-dun-guineen-de-la-diaspora-sur-levolution-de-son-pays\/#primaryimage"},"image":{"@id":"https:\/\/guineediversite.com\/index.php\/2019\/01\/21\/societe-idrissa-papingo-camara-le-regard-dun-guineen-de-la-diaspora-sur-levolution-de-son-pays\/#primaryimage"},"thumbnailUrl":"https:\/\/guineediversite.com\/wp-content\/uploads\/2019\/01\/50625304_252939748967872_1677497514376298496_n.jpg","datePublished":"2019-01-21T17:10:47+00:00","dateModified":"2019-01-21T17:10:47+00:00","breadcrumb":{"@id":"https:\/\/guineediversite.com\/index.php\/2019\/01\/21\/societe-idrissa-papingo-camara-le-regard-dun-guineen-de-la-diaspora-sur-levolution-de-son-pays\/#breadcrumb"},"inLanguage":"fr-FR","potentialAction":[{"@type":"ReadAction","target":["https:\/\/guineediversite.com\/index.php\/2019\/01\/21\/societe-idrissa-papingo-camara-le-regard-dun-guineen-de-la-diaspora-sur-levolution-de-son-pays\/"]}]},{"@type":"ImageObject","inLanguage":"fr-FR","@id":"https:\/\/guineediversite.com\/index.php\/2019\/01\/21\/societe-idrissa-papingo-camara-le-regard-dun-guineen-de-la-diaspora-sur-levolution-de-son-pays\/#primaryimage","url":"https:\/\/guineediversite.com\/wp-content\/uploads\/2019\/01\/50625304_252939748967872_1677497514376298496_n.jpg","contentUrl":"https:\/\/guineediversite.com\/wp-content\/uploads\/2019\/01\/50625304_252939748967872_1677497514376298496_n.jpg","width":1192,"height":1024},{"@type":"BreadcrumbList","@id":"https:\/\/guineediversite.com\/index.php\/2019\/01\/21\/societe-idrissa-papingo-camara-le-regard-dun-guineen-de-la-diaspora-sur-levolution-de-son-pays\/#breadcrumb","itemListElement":[{"@type":"ListItem","position":1,"name":"Accueil","item":"https:\/\/guineediversite.com\/"},{"@type":"ListItem","position":2,"name":"Soci\u00e9t\u00e9\/ Idrissa Papingo Camara : Le regard d\u2019un guin\u00e9en de la diaspora sur l\u2019\u00e9volution de son pays"}]},{"@type":"WebSite","@id":"https:\/\/guineediversite.com\/#website","url":"https:\/\/guineediversite.com\/","name":"Guin\u00e9e Diversit\u00e9","description":"L&#039;Info dans toute sa diversit\u00e9","publisher":{"@id":"https:\/\/guineediversite.com\/#organization"},"potentialAction":[{"@type":"SearchAction","target":{"@type":"EntryPoint","urlTemplate":"https:\/\/guineediversite.com\/?s={search_term_string}"},"query-input":{"@type":"PropertyValueSpecification","valueRequired":true,"valueName":"search_term_string"}}],"inLanguage":"fr-FR"},{"@type":"Organization","@id":"https:\/\/guineediversite.com\/#organization","name":"Guin\u00e9e Diversit\u00e9","url":"https:\/\/guineediversite.com\/","logo":{"@type":"ImageObject","inLanguage":"fr-FR","@id":"https:\/\/guineediversite.com\/#\/schema\/logo\/image\/","url":"https:\/\/guineediversite.com\/wp-content\/uploads\/2017\/04\/cropped-1jojlxEOMkX9Wyqfhe43D6kjPOGqBBKmx3EwWJqZ0cMrFF54yM49.png","contentUrl":"https:\/\/guineediversite.com\/wp-content\/uploads\/2017\/04\/cropped-1jojlxEOMkX9Wyqfhe43D6kjPOGqBBKmx3EwWJqZ0cMrFF54yM49.png","width":186,"height":112,"caption":"Guin\u00e9e Diversit\u00e9"},"image":{"@id":"https:\/\/guineediversite.com\/#\/schema\/logo\/image\/"},"sameAs":["https:\/\/www.facebook.com\/guineediversite\/","https:\/\/x.com\/GuineeDiversite","https:\/\/www.youtube.com\/channel\/UC8sUY16qelG5ge6_D5SB83g"]},{"@type":"Person","@id":"https:\/\/guineediversite.com\/#\/schema\/person\/0e0e3e424768a50d025ac2218ccca73f","name":"Bilguissa Diallo","image":{"@type":"ImageObject","inLanguage":"fr-FR","@id":"https:\/\/guineediversite.com\/#\/schema\/person\/image\/","url":"https:\/\/secure.gravatar.com\/avatar\/49bbbd2420ee34d62b1b191791f4b5df?s=96&d=mm&r=g","contentUrl":"https:\/\/secure.gravatar.com\/avatar\/49bbbd2420ee34d62b1b191791f4b5df?s=96&d=mm&r=g","caption":"Bilguissa Diallo"},"url":"https:\/\/guineediversite.com\/index.php\/author\/bilguissa\/"}]}},"_links":{"self":[{"href":"https:\/\/guineediversite.com\/index.php\/wp-json\/wp\/v2\/posts\/27828"}],"collection":[{"href":"https:\/\/guineediversite.com\/index.php\/wp-json\/wp\/v2\/posts"}],"about":[{"href":"https:\/\/guineediversite.com\/index.php\/wp-json\/wp\/v2\/types\/post"}],"author":[{"embeddable":true,"href":"https:\/\/guineediversite.com\/index.php\/wp-json\/wp\/v2\/users\/7"}],"replies":[{"embeddable":true,"href":"https:\/\/guineediversite.com\/index.php\/wp-json\/wp\/v2\/comments?post=27828"}],"version-history":[{"count":0,"href":"https:\/\/guineediversite.com\/index.php\/wp-json\/wp\/v2\/posts\/27828\/revisions"}],"wp:featuredmedia":[{"embeddable":true,"href":"https:\/\/guineediversite.com\/index.php\/wp-json\/wp\/v2\/media\/27829"}],"wp:attachment":[{"href":"https:\/\/guineediversite.com\/index.php\/wp-json\/wp\/v2\/media?parent=27828"}],"wp:term":[{"taxonomy":"category","embeddable":true,"href":"https:\/\/guineediversite.com\/index.php\/wp-json\/wp\/v2\/categories?post=27828"},{"taxonomy":"post_tag","embeddable":true,"href":"https:\/\/guineediversite.com\/index.php\/wp-json\/wp\/v2\/tags?post=27828"}],"curies":[{"name":"wp","href":"https:\/\/api.w.org\/{rel}","templated":true}]}}