{"id":27822,"date":"2019-01-18T23:57:26","date_gmt":"2019-01-18T22:57:26","guid":{"rendered":"https:\/\/guineediversite.com\/?p=27822"},"modified":"2019-01-19T00:12:01","modified_gmt":"2019-01-18T23:12:01","slug":"sekou-koureissy-conde-ma-lettre-au-peuple-de-guinee","status":"publish","type":"post","link":"https:\/\/guineediversite.com\/index.php\/2019\/01\/18\/sekou-koureissy-conde-ma-lettre-au-peuple-de-guinee\/","title":{"rendered":"Sekou Koureissy Cond\u00e9: \u00ab\u00a0Ma lettre au peuple de Guin\u00e9e\u00a0\u00bb"},"content":{"rendered":"<p><strong>Dans une publication sur sa page Facebook, le pr\u00e9sident de l&rsquo;Alliance pour le Renouveau National s&rsquo;est adress\u00e9 aux Guin\u00e9ens.\u00a0\u00abOn n\u2019apprend pas \u00e0 un peuple comment se taire, mais plut\u00f4t comment se faire entendre\u00bb, a d\u00e9clar\u00e9 Sekou Koureissy Cond\u00e9 dans sa \u00ab\u00a0lettre au peuple de Guin\u00e9e\u00a0\u00bb.\u00a0 Nous vous la\u00a0 proposons ici en int\u00e9gralit\u00e9.\u00a0<\/strong><\/p>\n<p><em>Mes chers compatriotes,<\/em><\/p>\n<p><em>En ce mois de janvier 2019, je souhaite m\u2019adresser directement \u00e0 vous, alors que l\u2019entr\u00e9e dans la nouvelle ann\u00e9e nous invite plus que jamais \u00e0 croire en nous-m\u00eame, \u00e0 croire en l\u2019Afrique de demain, au peuple souverain de Guin\u00e9e, seul ma\u00eetre de son avenir.<\/em><br \/>\n<em>Apr\u00e8s des ann\u00e9es d\u2019engagement pour la paix, le dialogue et la r\u00e9conciliation en Guin\u00e9e et en Afrique, il est temps pour moi de prendre d\u2019autres responsabilit\u00e9s. J\u2019ai d\u00e9cid\u00e9 de mettre mon exp\u00e9rience d\u2019acteur de la soci\u00e9t\u00e9 civile au service de mon peuple. C\u2019est \u00e0 la fois l\u2019expression de mon attachement aux id\u00e9aux de libert\u00e9 et de paix, et mon devoir de citoyen d\u00e9mocrate, r\u00e9publicain, patriote et humaniste.\u00a0<\/em><br \/>\n<em>Cette d\u00e9cision m\u00fbrie d\u00e9coule de mon analyse approfondie de la situation de notre pays. Je veux ici, mes chers compatriotes, vous faire part de ma v\u00e9rit\u00e9 : toutes ces ann\u00e9es, j\u2019ai constamment d\u00e9nonc\u00e9 les maux qui fragilisent, paralysent, corrompent et meurtrissent notre soci\u00e9t\u00e9. Sans jamais renoncer \u00e0 les combattre et \u00e0 les vaincre avec les armes pacifiques que sont la sagesse du comportement et la force de mots tels que l\u2019\u00e9quit\u00e9, la justice, la solidarit\u00e9, la concorde et l\u2019esprit de paix.<\/em><br \/>\n<em>Ces mots, et les actes qui les rendaient cr\u00e9dibles et r\u00e9alisables, ont convaincu et mobilis\u00e9 une majorit\u00e9 de citoyens et de citoyennes de participer, \u00e0 leur place, \u00e0 toute leur place, \u00e0 la vie nationale en honorant et cultivant les valeurs qu\u2019ils d\u00e9fendaient.<\/em><br \/>\n<em>Pourtant, ces m\u00eames mots ont d\u00e9plu \u00e0 certaines autorit\u00e9s qui estiment seules avoir le droit de penser et de savoir, qui s\u2019autorisent \u00e0 accuser \u00e0 tort et \u00e0 imposer \u00e0 tous ce qui est bon et profitable uniquement pour elles. Et qui, avec la puissance de leurs r\u00e9seaux politiques, \u00e9conomiques et partisans, ont voulu exiger mon silence et celui d\u2019une majorit\u00e9 de guin\u00e9ens \u00e9pris de paix et de justice !<\/em><\/p>\n<p><em>Mais on ne peut garder le silence quand l\u2019\u00c9tat n\u00e9glige ceux qui ne sont d\u2019aucun parti ou d\u2019un autre parti, quand l\u2019Etat ne se r\u00e9sout pas \u00e0 poser les jalons d\u2019une r\u00e9conciliation p\u00e9renne, bafoue l\u2019esprit et le principe d\u2019unit\u00e9 et de conscience nationale, oublie de cultiver l\u2019 \u00e9ducation citoyenne et d\u2019approfondir l\u2019amour de la Patrie dans les \u00e9coles, au point de cr\u00e9er le doute quant \u00e0 l\u2019avenir d\u2019un peuple pourtant uni par l\u2019 histoire et fier de l\u2019\u00eatre. Cette situation exerce une pression r\u00e9elle sur nos valeurs fondamentales et menace la coexistence et notre avenir commun. On n\u2019apprend pas \u00e0 un peuple comment se taire, mais plut\u00f4t comment se faire entendre.<\/em><\/p>\n<p><em>De notre Patrie, la R\u00e9publique de Guin\u00e9e, nous avons h\u00e9rit\u00e9 un pass\u00e9 s\u00e9culaire, une histoire h\u00e9ro\u00efque m\u00eame dans les \u00e9preuves, des traditions l\u00e9gendaires, des langues de c\u0153ur, une culture ancestrale. Tout cela nous la fait aimer, au point de lui sacrifier parfois nos vies ; d\u2019autres l\u2019ont fait avant nous. Serait-il possible que la m\u00eame Patrie nous transmette la haine de l\u2019autre au lieu de son respect ? Le m\u00e9pris de nos fr\u00e8res et s\u0153urs au lieu du partage ? La violation des droits au lieu de leur protection et de leur d\u00e9fense ?<\/em><\/p>\n<p><em>Peuple de Guin\u00e9e, il est venu le temps du refus de la division : division signifie humiliation. Il est venu le jour du rejet de l\u2019indiff\u00e9rence. Elle est venue l\u2019heure de l\u2019esp\u00e9rance.\u00a0<\/em><br \/>\n<em>Notre peuple a tant d\u2019atouts ! Il est venu le temps de prendre notre destin en mains et de les faire \u00e9clore. Richesse de c\u0153ur et d\u2019esprit, diversit\u00e9 des populations, imagination cr\u00e9atrice, \u00e9nergie productive, puissance de travail, ressources morales, intellectuelles et culturelles, volont\u00e9 de justice, d\u2019\u00e9quit\u00e9 et de solidarit\u00e9, soif de paix, de concorde et d\u2019unit\u00e9, rien ne manque pour que nous construisions ensemble un destin collectif porteur d\u2019avenir. A nous de le choisir et de le rendre possible.\u00a0<\/em><br \/>\n<em>La simple \u00e9dification de grands immeubles ne saurait suffire \u00e0 am\u00e9liorer le quotidien des Guin\u00e9ens. Elle renvoie certes une image de progr\u00e8s et de d\u00e9veloppement au visiteur, au spectateur \u00e9loign\u00e9, mais tant qu\u2019une telle image ne refl\u00e8te pas la r\u00e9alit\u00e9 sociale et ne suscite pas une v\u00e9ritable fiert\u00e9 avec la soif de faire mieux pour les g\u00e9n\u00e9rations futures, cette image restera un mirage.<\/em><\/p>\n<p><em>Mes chers compatriotes, au c\u0153ur de notre projet, nous pla\u00e7ons la jeunesse, force vive et active, qui repr\u00e9sente l\u2019espoir de tout notre peuple, la diversit\u00e9 et l\u2019authenticit\u00e9 de toute la soci\u00e9t\u00e9 civile, quelles que soient les sensibilit\u00e9s, les r\u00e9gions, les ethnies et les croyances. Agissons pour offrir \u00e0 notre jeunesse des perspectives claires en lui redonnant r\u00e9solument toutes ses chances.\u00a0<\/em><br \/>\n<em>Agissons ! Agissons encore et toujours pour la r\u00e9conciliation dans notre pays. Comment transmettre non pas le poids d\u2019un pass\u00e9 douloureux et tragique, mais l\u2019\u00e9nergie de le d\u00e9passer ? Comment rester fid\u00e8le \u00e0 ceux qui ne se rel\u00e8veront plus et construire un avenir bas\u00e9 sur la foi en un destin commun, la justice, le pardon et la r\u00e9conciliation ? La Guin\u00e9e ne peut pas s\u2019infliger \u00e0 perp\u00e9tuit\u00e9 des souffrances civiles, \u00e9conomiques et sociales. La Guin\u00e9e ne peut pas s\u2019interdire le chemin de la paix, de la concorde et de la libert\u00e9, encore moins \u00eatre priv\u00e9e de son honneur et \u00e9cart\u00e9e du mieux-vivre ensemble.<\/em><br \/>\n<em>Guin\u00e9e de nos fondateurs, de leurs h\u00e9ritiers, de nos a\u00een\u00e9s, de nos parents, de nous, fr\u00e8res et s\u0153urs, en son c\u0153ur vivant aujourd\u2019hui, Guin\u00e9e que nous allons transmettre \u00e0 nos enfants et qu\u2019ils confieront aux g\u00e9n\u00e9rations futures, oui cette Guin\u00e9e est notre vie.<\/em><br \/>\n<em>Nous en sommes le sang, l\u2019esprit, l\u2019\u00e2me, la m\u00e9moire, l\u2019amour, la grandeur.<\/em><\/p>\n<p><em>Je prends donc mes responsabilit\u00e9s pour que nous parvenions ensemble \u00e0 r\u00e9ussir cette Guin\u00e9e-l\u00e0, la Guin\u00e9e \u00e9ternelle. Comme premier acte de ce nouvel engagement politique, j\u2019ai d\u00e9cid\u00e9 de faire entendre sa voix en r\u00e9activant l\u2019Alliance pour le Renouveau National (ARENA).<\/em><br \/>\n<em>D\u00e9sormais militant f\u00e9d\u00e9rateur, je serai fid\u00e8le \u00e0 mes id\u00e9aux et au peuple de Guin\u00e9e.<\/em><br \/>\n<em>Vive l\u2019unit\u00e9 nationale pour la paix et le d\u00e9veloppement !<\/em><br \/>\n<em>Vive la R\u00e9publique !<\/em><\/p>\n<p><em>Sekou Koureissy Cond\u00e9<\/em><\/p>\n","protected":false},"excerpt":{"rendered":"<p>Dans une publication sur sa page Facebook, le pr\u00e9sident de l&rsquo;Alliance pour le Renouveau National s&rsquo;est adress\u00e9 aux Guin\u00e9ens.\u00a0\u00abOn n\u2019apprend pas \u00e0 un peuple comment se taire, mais plut\u00f4t comment se faire entendre\u00bb, a d\u00e9clar\u00e9 Sekou Koureissy Cond\u00e9 dans sa \u00ab\u00a0lettre au peuple de Guin\u00e9e\u00a0\u00bb.\u00a0 Nous vous la\u00a0 proposons ici en int\u00e9gralit\u00e9.\u00a0 Mes chers compatriotes, [&hellip;]<\/p>\n","protected":false},"author":12,"featured_media":27826,"comment_status":"closed","ping_status":"closed","sticky":false,"template":"","format":"standard","meta":{"_exactmetrics_skip_tracking":false,"_exactmetrics_sitenote_active":false,"_exactmetrics_sitenote_note":"","_exactmetrics_sitenote_category":0,"tdm_status":"","tdm_grid_status":"","footnotes":""},"categories":[14],"tags":[],"class_list":{"0":"post-27822","1":"post","2":"type-post","3":"status-publish","4":"format-standard","5":"has-post-thumbnail","7":"category-politique"},"yoast_head":"<!-- This site is optimized with the Yoast SEO plugin v24.2 - https:\/\/yoast.com\/wordpress\/plugins\/seo\/ -->\n<title>Sekou Koureissy Cond\u00e9: &quot;Ma lettre au peuple de Guin\u00e9e&quot; | Guin\u00e9e Diversit\u00e9<\/title>\n<meta name=\"robots\" content=\"index, follow, max-snippet:-1, max-image-preview:large, max-video-preview:-1\" \/>\n<link rel=\"canonical\" href=\"https:\/\/guineediversite.com\/index.php\/2019\/01\/18\/sekou-koureissy-conde-ma-lettre-au-peuple-de-guinee\/\" \/>\n<meta property=\"og:locale\" content=\"fr_FR\" \/>\n<meta property=\"og:type\" content=\"article\" \/>\n<meta property=\"og:title\" content=\"Sekou Koureissy Cond\u00e9: &quot;Ma lettre au peuple de Guin\u00e9e&quot; | Guin\u00e9e Diversit\u00e9\" \/>\n<meta property=\"og:description\" content=\"Dans une publication sur sa page Facebook, le pr\u00e9sident de l&rsquo;Alliance pour le Renouveau National s&rsquo;est adress\u00e9 aux Guin\u00e9ens.\u00a0\u00abOn n\u2019apprend pas \u00e0 un peuple comment se taire, mais plut\u00f4t comment se faire entendre\u00bb, a d\u00e9clar\u00e9 Sekou Koureissy Cond\u00e9 dans sa \u00ab\u00a0lettre au peuple de Guin\u00e9e\u00a0\u00bb.\u00a0 Nous vous la\u00a0 proposons ici en int\u00e9gralit\u00e9.\u00a0 Mes chers compatriotes, [&hellip;]\" \/>\n<meta property=\"og:url\" content=\"https:\/\/guineediversite.com\/index.php\/2019\/01\/18\/sekou-koureissy-conde-ma-lettre-au-peuple-de-guinee\/\" \/>\n<meta property=\"og:site_name\" content=\"Guin\u00e9e Diversit\u00e9\" \/>\n<meta property=\"article:publisher\" content=\"https:\/\/www.facebook.com\/guineediversite\/\" \/>\n<meta property=\"article:published_time\" content=\"2019-01-18T22:57:26+00:00\" \/>\n<meta property=\"article:modified_time\" content=\"2019-01-18T23:12:01+00:00\" \/>\n<meta property=\"og:image\" content=\"https:\/\/guineediversite.com\/wp-content\/uploads\/2019\/01\/20180723_185131.png\" \/>\n\t<meta property=\"og:image:width\" content=\"1080\" \/>\n\t<meta property=\"og:image:height\" content=\"834\" \/>\n\t<meta property=\"og:image:type\" content=\"image\/png\" \/>\n<meta name=\"author\" content=\"Guin\u00e9e Diversit\u00e9\" \/>\n<meta name=\"twitter:card\" content=\"summary_large_image\" \/>\n<meta name=\"twitter:creator\" content=\"@GuineeDiversite\" \/>\n<meta name=\"twitter:site\" content=\"@GuineeDiversite\" \/>\n<meta name=\"twitter:label1\" content=\"\u00c9crit par\" \/>\n\t<meta name=\"twitter:data1\" content=\"Guin\u00e9e Diversit\u00e9\" \/>\n\t<meta name=\"twitter:label2\" content=\"Dur\u00e9e de lecture estim\u00e9e\" \/>\n\t<meta name=\"twitter:data2\" content=\"6 minutes\" \/>\n<script type=\"application\/ld+json\" class=\"yoast-schema-graph\">{\"@context\":\"https:\/\/schema.org\",\"@graph\":[{\"@type\":\"Article\",\"@id\":\"https:\/\/guineediversite.com\/index.php\/2019\/01\/18\/sekou-koureissy-conde-ma-lettre-au-peuple-de-guinee\/#article\",\"isPartOf\":{\"@id\":\"https:\/\/guineediversite.com\/index.php\/2019\/01\/18\/sekou-koureissy-conde-ma-lettre-au-peuple-de-guinee\/\"},\"author\":{\"name\":\"Guin\u00e9e Diversit\u00e9\",\"@id\":\"https:\/\/guineediversite.com\/#\/schema\/person\/afa08fb34e7fc6e1feafc892612bc836\"},\"headline\":\"Sekou Koureissy Cond\u00e9: \u00ab\u00a0Ma lettre au peuple de Guin\u00e9e\u00a0\u00bb\",\"datePublished\":\"2019-01-18T22:57:26+00:00\",\"dateModified\":\"2019-01-18T23:12:01+00:00\",\"mainEntityOfPage\":{\"@id\":\"https:\/\/guineediversite.com\/index.php\/2019\/01\/18\/sekou-koureissy-conde-ma-lettre-au-peuple-de-guinee\/\"},\"wordCount\":1172,\"publisher\":{\"@id\":\"https:\/\/guineediversite.com\/#organization\"},\"image\":{\"@id\":\"https:\/\/guineediversite.com\/index.php\/2019\/01\/18\/sekou-koureissy-conde-ma-lettre-au-peuple-de-guinee\/#primaryimage\"},\"thumbnailUrl\":\"https:\/\/guineediversite.com\/wp-content\/uploads\/2019\/01\/20180723_185131.png\",\"articleSection\":[\"Politique\"],\"inLanguage\":\"fr-FR\"},{\"@type\":\"WebPage\",\"@id\":\"https:\/\/guineediversite.com\/index.php\/2019\/01\/18\/sekou-koureissy-conde-ma-lettre-au-peuple-de-guinee\/\",\"url\":\"https:\/\/guineediversite.com\/index.php\/2019\/01\/18\/sekou-koureissy-conde-ma-lettre-au-peuple-de-guinee\/\",\"name\":\"Sekou Koureissy Cond\u00e9: \\\"Ma lettre au peuple de Guin\u00e9e\\\" | Guin\u00e9e Diversit\u00e9\",\"isPartOf\":{\"@id\":\"https:\/\/guineediversite.com\/#website\"},\"primaryImageOfPage\":{\"@id\":\"https:\/\/guineediversite.com\/index.php\/2019\/01\/18\/sekou-koureissy-conde-ma-lettre-au-peuple-de-guinee\/#primaryimage\"},\"image\":{\"@id\":\"https:\/\/guineediversite.com\/index.php\/2019\/01\/18\/sekou-koureissy-conde-ma-lettre-au-peuple-de-guinee\/#primaryimage\"},\"thumbnailUrl\":\"https:\/\/guineediversite.com\/wp-content\/uploads\/2019\/01\/20180723_185131.png\",\"datePublished\":\"2019-01-18T22:57:26+00:00\",\"dateModified\":\"2019-01-18T23:12:01+00:00\",\"breadcrumb\":{\"@id\":\"https:\/\/guineediversite.com\/index.php\/2019\/01\/18\/sekou-koureissy-conde-ma-lettre-au-peuple-de-guinee\/#breadcrumb\"},\"inLanguage\":\"fr-FR\",\"potentialAction\":[{\"@type\":\"ReadAction\",\"target\":[\"https:\/\/guineediversite.com\/index.php\/2019\/01\/18\/sekou-koureissy-conde-ma-lettre-au-peuple-de-guinee\/\"]}]},{\"@type\":\"ImageObject\",\"inLanguage\":\"fr-FR\",\"@id\":\"https:\/\/guineediversite.com\/index.php\/2019\/01\/18\/sekou-koureissy-conde-ma-lettre-au-peuple-de-guinee\/#primaryimage\",\"url\":\"https:\/\/guineediversite.com\/wp-content\/uploads\/2019\/01\/20180723_185131.png\",\"contentUrl\":\"https:\/\/guineediversite.com\/wp-content\/uploads\/2019\/01\/20180723_185131.png\",\"width\":1080,\"height\":834},{\"@type\":\"BreadcrumbList\",\"@id\":\"https:\/\/guineediversite.com\/index.php\/2019\/01\/18\/sekou-koureissy-conde-ma-lettre-au-peuple-de-guinee\/#breadcrumb\",\"itemListElement\":[{\"@type\":\"ListItem\",\"position\":1,\"name\":\"Accueil\",\"item\":\"https:\/\/guineediversite.com\/\"},{\"@type\":\"ListItem\",\"position\":2,\"name\":\"Sekou Koureissy Cond\u00e9: \u00ab\u00a0Ma lettre au peuple de Guin\u00e9e\u00a0\u00bb\"}]},{\"@type\":\"WebSite\",\"@id\":\"https:\/\/guineediversite.com\/#website\",\"url\":\"https:\/\/guineediversite.com\/\",\"name\":\"Guin\u00e9e Diversit\u00e9\",\"description\":\"L&#039;Info dans toute sa diversit\u00e9\",\"publisher\":{\"@id\":\"https:\/\/guineediversite.com\/#organization\"},\"potentialAction\":[{\"@type\":\"SearchAction\",\"target\":{\"@type\":\"EntryPoint\",\"urlTemplate\":\"https:\/\/guineediversite.com\/?s={search_term_string}\"},\"query-input\":{\"@type\":\"PropertyValueSpecification\",\"valueRequired\":true,\"valueName\":\"search_term_string\"}}],\"inLanguage\":\"fr-FR\"},{\"@type\":\"Organization\",\"@id\":\"https:\/\/guineediversite.com\/#organization\",\"name\":\"Guin\u00e9e Diversit\u00e9\",\"url\":\"https:\/\/guineediversite.com\/\",\"logo\":{\"@type\":\"ImageObject\",\"inLanguage\":\"fr-FR\",\"@id\":\"https:\/\/guineediversite.com\/#\/schema\/logo\/image\/\",\"url\":\"https:\/\/guineediversite.com\/wp-content\/uploads\/2017\/04\/cropped-1jojlxEOMkX9Wyqfhe43D6kjPOGqBBKmx3EwWJqZ0cMrFF54yM49.png\",\"contentUrl\":\"https:\/\/guineediversite.com\/wp-content\/uploads\/2017\/04\/cropped-1jojlxEOMkX9Wyqfhe43D6kjPOGqBBKmx3EwWJqZ0cMrFF54yM49.png\",\"width\":186,\"height\":112,\"caption\":\"Guin\u00e9e Diversit\u00e9\"},\"image\":{\"@id\":\"https:\/\/guineediversite.com\/#\/schema\/logo\/image\/\"},\"sameAs\":[\"https:\/\/www.facebook.com\/guineediversite\/\",\"https:\/\/x.com\/GuineeDiversite\",\"https:\/\/www.youtube.com\/channel\/UC8sUY16qelG5ge6_D5SB83g\"]},{\"@type\":\"Person\",\"@id\":\"https:\/\/guineediversite.com\/#\/schema\/person\/afa08fb34e7fc6e1feafc892612bc836\",\"name\":\"Guin\u00e9e Diversit\u00e9\",\"image\":{\"@type\":\"ImageObject\",\"inLanguage\":\"fr-FR\",\"@id\":\"https:\/\/guineediversite.com\/#\/schema\/person\/image\/\",\"url\":\"https:\/\/secure.gravatar.com\/avatar\/50d5eb5b390f8b65ac30ac6f898eb83a?s=96&d=mm&r=g\",\"contentUrl\":\"https:\/\/secure.gravatar.com\/avatar\/50d5eb5b390f8b65ac30ac6f898eb83a?s=96&d=mm&r=g\",\"caption\":\"Guin\u00e9e Diversit\u00e9\"},\"url\":\"https:\/\/guineediversite.com\/index.php\/author\/guineediversite\/\"}]}<\/script>\n<!-- \/ Yoast SEO plugin. -->","yoast_head_json":{"title":"Sekou Koureissy Cond\u00e9: \"Ma lettre au peuple de Guin\u00e9e\" | Guin\u00e9e Diversit\u00e9","robots":{"index":"index","follow":"follow","max-snippet":"max-snippet:-1","max-image-preview":"max-image-preview:large","max-video-preview":"max-video-preview:-1"},"canonical":"https:\/\/guineediversite.com\/index.php\/2019\/01\/18\/sekou-koureissy-conde-ma-lettre-au-peuple-de-guinee\/","og_locale":"fr_FR","og_type":"article","og_title":"Sekou Koureissy Cond\u00e9: \"Ma lettre au peuple de Guin\u00e9e\" | Guin\u00e9e Diversit\u00e9","og_description":"Dans une publication sur sa page Facebook, le pr\u00e9sident de l&rsquo;Alliance pour le Renouveau National s&rsquo;est adress\u00e9 aux Guin\u00e9ens.\u00a0\u00abOn n\u2019apprend pas \u00e0 un peuple comment se taire, mais plut\u00f4t comment se faire entendre\u00bb, a d\u00e9clar\u00e9 Sekou Koureissy Cond\u00e9 dans sa \u00ab\u00a0lettre au peuple de Guin\u00e9e\u00a0\u00bb.\u00a0 Nous vous la\u00a0 proposons ici en int\u00e9gralit\u00e9.\u00a0 Mes chers compatriotes, [&hellip;]","og_url":"https:\/\/guineediversite.com\/index.php\/2019\/01\/18\/sekou-koureissy-conde-ma-lettre-au-peuple-de-guinee\/","og_site_name":"Guin\u00e9e Diversit\u00e9","article_publisher":"https:\/\/www.facebook.com\/guineediversite\/","article_published_time":"2019-01-18T22:57:26+00:00","article_modified_time":"2019-01-18T23:12:01+00:00","og_image":[{"width":1080,"height":834,"url":"https:\/\/guineediversite.com\/wp-content\/uploads\/2019\/01\/20180723_185131.png","type":"image\/png"}],"author":"Guin\u00e9e Diversit\u00e9","twitter_card":"summary_large_image","twitter_creator":"@GuineeDiversite","twitter_site":"@GuineeDiversite","twitter_misc":{"\u00c9crit par":"Guin\u00e9e Diversit\u00e9","Dur\u00e9e de lecture estim\u00e9e":"6 minutes"},"schema":{"@context":"https:\/\/schema.org","@graph":[{"@type":"Article","@id":"https:\/\/guineediversite.com\/index.php\/2019\/01\/18\/sekou-koureissy-conde-ma-lettre-au-peuple-de-guinee\/#article","isPartOf":{"@id":"https:\/\/guineediversite.com\/index.php\/2019\/01\/18\/sekou-koureissy-conde-ma-lettre-au-peuple-de-guinee\/"},"author":{"name":"Guin\u00e9e Diversit\u00e9","@id":"https:\/\/guineediversite.com\/#\/schema\/person\/afa08fb34e7fc6e1feafc892612bc836"},"headline":"Sekou Koureissy Cond\u00e9: \u00ab\u00a0Ma lettre au peuple de Guin\u00e9e\u00a0\u00bb","datePublished":"2019-01-18T22:57:26+00:00","dateModified":"2019-01-18T23:12:01+00:00","mainEntityOfPage":{"@id":"https:\/\/guineediversite.com\/index.php\/2019\/01\/18\/sekou-koureissy-conde-ma-lettre-au-peuple-de-guinee\/"},"wordCount":1172,"publisher":{"@id":"https:\/\/guineediversite.com\/#organization"},"image":{"@id":"https:\/\/guineediversite.com\/index.php\/2019\/01\/18\/sekou-koureissy-conde-ma-lettre-au-peuple-de-guinee\/#primaryimage"},"thumbnailUrl":"https:\/\/guineediversite.com\/wp-content\/uploads\/2019\/01\/20180723_185131.png","articleSection":["Politique"],"inLanguage":"fr-FR"},{"@type":"WebPage","@id":"https:\/\/guineediversite.com\/index.php\/2019\/01\/18\/sekou-koureissy-conde-ma-lettre-au-peuple-de-guinee\/","url":"https:\/\/guineediversite.com\/index.php\/2019\/01\/18\/sekou-koureissy-conde-ma-lettre-au-peuple-de-guinee\/","name":"Sekou Koureissy Cond\u00e9: \"Ma lettre au peuple de Guin\u00e9e\" | Guin\u00e9e Diversit\u00e9","isPartOf":{"@id":"https:\/\/guineediversite.com\/#website"},"primaryImageOfPage":{"@id":"https:\/\/guineediversite.com\/index.php\/2019\/01\/18\/sekou-koureissy-conde-ma-lettre-au-peuple-de-guinee\/#primaryimage"},"image":{"@id":"https:\/\/guineediversite.com\/index.php\/2019\/01\/18\/sekou-koureissy-conde-ma-lettre-au-peuple-de-guinee\/#primaryimage"},"thumbnailUrl":"https:\/\/guineediversite.com\/wp-content\/uploads\/2019\/01\/20180723_185131.png","datePublished":"2019-01-18T22:57:26+00:00","dateModified":"2019-01-18T23:12:01+00:00","breadcrumb":{"@id":"https:\/\/guineediversite.com\/index.php\/2019\/01\/18\/sekou-koureissy-conde-ma-lettre-au-peuple-de-guinee\/#breadcrumb"},"inLanguage":"fr-FR","potentialAction":[{"@type":"ReadAction","target":["https:\/\/guineediversite.com\/index.php\/2019\/01\/18\/sekou-koureissy-conde-ma-lettre-au-peuple-de-guinee\/"]}]},{"@type":"ImageObject","inLanguage":"fr-FR","@id":"https:\/\/guineediversite.com\/index.php\/2019\/01\/18\/sekou-koureissy-conde-ma-lettre-au-peuple-de-guinee\/#primaryimage","url":"https:\/\/guineediversite.com\/wp-content\/uploads\/2019\/01\/20180723_185131.png","contentUrl":"https:\/\/guineediversite.com\/wp-content\/uploads\/2019\/01\/20180723_185131.png","width":1080,"height":834},{"@type":"BreadcrumbList","@id":"https:\/\/guineediversite.com\/index.php\/2019\/01\/18\/sekou-koureissy-conde-ma-lettre-au-peuple-de-guinee\/#breadcrumb","itemListElement":[{"@type":"ListItem","position":1,"name":"Accueil","item":"https:\/\/guineediversite.com\/"},{"@type":"ListItem","position":2,"name":"Sekou Koureissy Cond\u00e9: \u00ab\u00a0Ma lettre au peuple de Guin\u00e9e\u00a0\u00bb"}]},{"@type":"WebSite","@id":"https:\/\/guineediversite.com\/#website","url":"https:\/\/guineediversite.com\/","name":"Guin\u00e9e Diversit\u00e9","description":"L&#039;Info dans toute sa diversit\u00e9","publisher":{"@id":"https:\/\/guineediversite.com\/#organization"},"potentialAction":[{"@type":"SearchAction","target":{"@type":"EntryPoint","urlTemplate":"https:\/\/guineediversite.com\/?s={search_term_string}"},"query-input":{"@type":"PropertyValueSpecification","valueRequired":true,"valueName":"search_term_string"}}],"inLanguage":"fr-FR"},{"@type":"Organization","@id":"https:\/\/guineediversite.com\/#organization","name":"Guin\u00e9e Diversit\u00e9","url":"https:\/\/guineediversite.com\/","logo":{"@type":"ImageObject","inLanguage":"fr-FR","@id":"https:\/\/guineediversite.com\/#\/schema\/logo\/image\/","url":"https:\/\/guineediversite.com\/wp-content\/uploads\/2017\/04\/cropped-1jojlxEOMkX9Wyqfhe43D6kjPOGqBBKmx3EwWJqZ0cMrFF54yM49.png","contentUrl":"https:\/\/guineediversite.com\/wp-content\/uploads\/2017\/04\/cropped-1jojlxEOMkX9Wyqfhe43D6kjPOGqBBKmx3EwWJqZ0cMrFF54yM49.png","width":186,"height":112,"caption":"Guin\u00e9e Diversit\u00e9"},"image":{"@id":"https:\/\/guineediversite.com\/#\/schema\/logo\/image\/"},"sameAs":["https:\/\/www.facebook.com\/guineediversite\/","https:\/\/x.com\/GuineeDiversite","https:\/\/www.youtube.com\/channel\/UC8sUY16qelG5ge6_D5SB83g"]},{"@type":"Person","@id":"https:\/\/guineediversite.com\/#\/schema\/person\/afa08fb34e7fc6e1feafc892612bc836","name":"Guin\u00e9e Diversit\u00e9","image":{"@type":"ImageObject","inLanguage":"fr-FR","@id":"https:\/\/guineediversite.com\/#\/schema\/person\/image\/","url":"https:\/\/secure.gravatar.com\/avatar\/50d5eb5b390f8b65ac30ac6f898eb83a?s=96&d=mm&r=g","contentUrl":"https:\/\/secure.gravatar.com\/avatar\/50d5eb5b390f8b65ac30ac6f898eb83a?s=96&d=mm&r=g","caption":"Guin\u00e9e Diversit\u00e9"},"url":"https:\/\/guineediversite.com\/index.php\/author\/guineediversite\/"}]}},"_links":{"self":[{"href":"https:\/\/guineediversite.com\/index.php\/wp-json\/wp\/v2\/posts\/27822"}],"collection":[{"href":"https:\/\/guineediversite.com\/index.php\/wp-json\/wp\/v2\/posts"}],"about":[{"href":"https:\/\/guineediversite.com\/index.php\/wp-json\/wp\/v2\/types\/post"}],"author":[{"embeddable":true,"href":"https:\/\/guineediversite.com\/index.php\/wp-json\/wp\/v2\/users\/12"}],"replies":[{"embeddable":true,"href":"https:\/\/guineediversite.com\/index.php\/wp-json\/wp\/v2\/comments?post=27822"}],"version-history":[{"count":0,"href":"https:\/\/guineediversite.com\/index.php\/wp-json\/wp\/v2\/posts\/27822\/revisions"}],"wp:featuredmedia":[{"embeddable":true,"href":"https:\/\/guineediversite.com\/index.php\/wp-json\/wp\/v2\/media\/27826"}],"wp:attachment":[{"href":"https:\/\/guineediversite.com\/index.php\/wp-json\/wp\/v2\/media?parent=27822"}],"wp:term":[{"taxonomy":"category","embeddable":true,"href":"https:\/\/guineediversite.com\/index.php\/wp-json\/wp\/v2\/categories?post=27822"},{"taxonomy":"post_tag","embeddable":true,"href":"https:\/\/guineediversite.com\/index.php\/wp-json\/wp\/v2\/tags?post=27822"}],"curies":[{"name":"wp","href":"https:\/\/api.w.org\/{rel}","templated":true}]}}