{"id":27816,"date":"2019-01-18T15:50:59","date_gmt":"2019-01-18T14:50:59","guid":{"rendered":"https:\/\/guineediversite.com\/?p=27816"},"modified":"2019-01-18T15:50:59","modified_gmt":"2019-01-18T14:50:59","slug":"la-cpi-ordonne-le-maintien-en-detention-de-laurent-gbagbo","status":"publish","type":"post","link":"https:\/\/guineediversite.com\/index.php\/2019\/01\/18\/la-cpi-ordonne-le-maintien-en-detention-de-laurent-gbagbo\/","title":{"rendered":"La CPI ordonne le maintien en d\u00e9tention de Laurent Gbagbo"},"content":{"rendered":"<p><strong>Laurent Gbagbo et Charles Bl\u00e9 Goud\u00e9 restent en prison. La chambre d\u2019appel de la CPI ordonne leur maintien en d\u00e9tention. Elle suit donc l\u2019appel d\u00e9pos\u00e9 par la procureure au lendemain de l\u2019acquittement de l\u2019ex-pr\u00e9sident ivoirien et de l\u2019ex-leader des Jeunes Patriotes.<\/strong><\/p>\n<p>Cette d\u00e9cision de maintien en d\u00e9tention a \u00e9t\u00e9 prise \u00e0 la majorit\u00e9 de juges: trois sur cinq.<\/p>\n<p>La chambre d\u2019appel estime qu\u2019il y a des \u00ab\u00a0<em>raisons exceptionnelles<\/em>\u00a0\u00bb de maintenir en d\u00e9tention Laurent Gbagbo et Charles Bl\u00e9 Goud\u00e9, le temps qu\u2019elle rende sa d\u00e9cision sur l\u2019appel du procureur. Son souci\u00a0: \u00e9viter d\u2019avoir \u00e0 interpeller de nouveau Laurent Gbagbo et Charles Bl\u00e9 Goud\u00e9, si l\u2019appel du Procureur sur le fond du dossier est accept\u00e9 dans quelques mois.<\/p>\n<p>C\u2019est une d\u00e9tention temporaire, pr\u00e9cise la chambre d\u2019appel.<\/p>\n<p>La procureure a jusqu\u2019au 23 janvier pour d\u00e9poser ses arguments concernant sa d\u00e9cision de faire appel sur la remise en libert\u00e9 des deux acquitt\u00e9s. La d\u00e9fense et les parties civiles ont ensuite jusqu\u2019au 29 janvier pour faire parvenir leur r\u00e9ponse argument\u00e9e.<\/p>\n<p>Enfin, une audience est pr\u00e9vue le 1er f\u00e9vrier devant la chambre d\u2019appel\u00a0: il s\u2019agira d\u2019une discussion entre chaque partie, devant les cinq juges de cette chambre. Aucune date de d\u00e9lib\u00e9r\u00e9 n\u2019a pour le moment \u00e9t\u00e9 fix\u00e9e.<\/p>\n<p>RFI<\/p>\n","protected":false},"excerpt":{"rendered":"<p>Laurent Gbagbo et Charles Bl\u00e9 Goud\u00e9 restent en prison. La chambre d\u2019appel de la CPI ordonne leur maintien en d\u00e9tention. Elle suit donc l\u2019appel d\u00e9pos\u00e9 par la procureure au lendemain de l\u2019acquittement de l\u2019ex-pr\u00e9sident ivoirien et de l\u2019ex-leader des Jeunes Patriotes. Cette d\u00e9cision de maintien en d\u00e9tention a \u00e9t\u00e9 prise \u00e0 la majorit\u00e9 de juges: [&hellip;]<\/p>\n","protected":false},"author":12,"featured_media":27781,"comment_status":"closed","ping_status":"closed","sticky":false,"template":"","format":"standard","meta":{"_exactmetrics_skip_tracking":false,"_exactmetrics_sitenote_active":false,"_exactmetrics_sitenote_note":"","_exactmetrics_sitenote_category":0,"tdm_status":"","tdm_grid_status":"","footnotes":""},"categories":[21],"tags":[],"class_list":{"0":"post-27816","1":"post","2":"type-post","3":"status-publish","4":"format-standard","5":"has-post-thumbnail","7":"category-international"},"yoast_head":"<!-- This site is optimized with the Yoast SEO plugin v24.2 - https:\/\/yoast.com\/wordpress\/plugins\/seo\/ -->\n<title>La CPI ordonne le maintien en d\u00e9tention de Laurent Gbagbo | Guin\u00e9e Diversit\u00e9<\/title>\n<meta name=\"robots\" content=\"index, follow, max-snippet:-1, max-image-preview:large, max-video-preview:-1\" \/>\n<link rel=\"canonical\" href=\"https:\/\/guineediversite.com\/index.php\/2019\/01\/18\/la-cpi-ordonne-le-maintien-en-detention-de-laurent-gbagbo\/\" \/>\n<meta property=\"og:locale\" content=\"fr_FR\" \/>\n<meta property=\"og:type\" content=\"article\" \/>\n<meta property=\"og:title\" content=\"La CPI ordonne le maintien en d\u00e9tention de Laurent Gbagbo | Guin\u00e9e Diversit\u00e9\" \/>\n<meta property=\"og:description\" content=\"Laurent Gbagbo et Charles Bl\u00e9 Goud\u00e9 restent en prison. La chambre d\u2019appel de la CPI ordonne leur maintien en d\u00e9tention. Elle suit donc l\u2019appel d\u00e9pos\u00e9 par la procureure au lendemain de l\u2019acquittement de l\u2019ex-pr\u00e9sident ivoirien et de l\u2019ex-leader des Jeunes Patriotes. Cette d\u00e9cision de maintien en d\u00e9tention a \u00e9t\u00e9 prise \u00e0 la majorit\u00e9 de juges: [&hellip;]\" \/>\n<meta property=\"og:url\" content=\"https:\/\/guineediversite.com\/index.php\/2019\/01\/18\/la-cpi-ordonne-le-maintien-en-detention-de-laurent-gbagbo\/\" \/>\n<meta property=\"og:site_name\" content=\"Guin\u00e9e Diversit\u00e9\" \/>\n<meta property=\"article:publisher\" content=\"https:\/\/www.facebook.com\/guineediversite\/\" \/>\n<meta property=\"article:published_time\" content=\"2019-01-18T14:50:59+00:00\" \/>\n<meta property=\"og:image\" content=\"https:\/\/guineediversite.com\/wp-content\/uploads\/2019\/01\/sipa_ap22291195_000012-592x296.jpg\" \/>\n\t<meta property=\"og:image:width\" content=\"1900\" \/>\n\t<meta property=\"og:image:height\" content=\"950\" \/>\n\t<meta property=\"og:image:type\" content=\"image\/jpeg\" \/>\n<meta name=\"author\" content=\"Guin\u00e9e Diversit\u00e9\" \/>\n<meta name=\"twitter:card\" content=\"summary_large_image\" \/>\n<meta name=\"twitter:creator\" content=\"@GuineeDiversite\" \/>\n<meta name=\"twitter:site\" content=\"@GuineeDiversite\" \/>\n<meta name=\"twitter:label1\" content=\"\u00c9crit par\" \/>\n\t<meta name=\"twitter:data1\" content=\"Guin\u00e9e Diversit\u00e9\" \/>\n\t<meta name=\"twitter:label2\" content=\"Dur\u00e9e de lecture estim\u00e9e\" \/>\n\t<meta name=\"twitter:data2\" content=\"1 minute\" \/>\n<script type=\"application\/ld+json\" class=\"yoast-schema-graph\">{\"@context\":\"https:\/\/schema.org\",\"@graph\":[{\"@type\":\"Article\",\"@id\":\"https:\/\/guineediversite.com\/index.php\/2019\/01\/18\/la-cpi-ordonne-le-maintien-en-detention-de-laurent-gbagbo\/#article\",\"isPartOf\":{\"@id\":\"https:\/\/guineediversite.com\/index.php\/2019\/01\/18\/la-cpi-ordonne-le-maintien-en-detention-de-laurent-gbagbo\/\"},\"author\":{\"name\":\"Guin\u00e9e Diversit\u00e9\",\"@id\":\"https:\/\/guineediversite.com\/#\/schema\/person\/afa08fb34e7fc6e1feafc892612bc836\"},\"headline\":\"La CPI ordonne le maintien en d\u00e9tention de Laurent Gbagbo\",\"datePublished\":\"2019-01-18T14:50:59+00:00\",\"dateModified\":\"2019-01-18T14:50:59+00:00\",\"mainEntityOfPage\":{\"@id\":\"https:\/\/guineediversite.com\/index.php\/2019\/01\/18\/la-cpi-ordonne-le-maintien-en-detention-de-laurent-gbagbo\/\"},\"wordCount\":248,\"publisher\":{\"@id\":\"https:\/\/guineediversite.com\/#organization\"},\"image\":{\"@id\":\"https:\/\/guineediversite.com\/index.php\/2019\/01\/18\/la-cpi-ordonne-le-maintien-en-detention-de-laurent-gbagbo\/#primaryimage\"},\"thumbnailUrl\":\"https:\/\/guineediversite.com\/wp-content\/uploads\/2019\/01\/sipa_ap22291195_000012-592x296.jpg\",\"articleSection\":[\"International\"],\"inLanguage\":\"fr-FR\"},{\"@type\":\"WebPage\",\"@id\":\"https:\/\/guineediversite.com\/index.php\/2019\/01\/18\/la-cpi-ordonne-le-maintien-en-detention-de-laurent-gbagbo\/\",\"url\":\"https:\/\/guineediversite.com\/index.php\/2019\/01\/18\/la-cpi-ordonne-le-maintien-en-detention-de-laurent-gbagbo\/\",\"name\":\"La CPI ordonne le maintien en d\u00e9tention de Laurent Gbagbo | Guin\u00e9e Diversit\u00e9\",\"isPartOf\":{\"@id\":\"https:\/\/guineediversite.com\/#website\"},\"primaryImageOfPage\":{\"@id\":\"https:\/\/guineediversite.com\/index.php\/2019\/01\/18\/la-cpi-ordonne-le-maintien-en-detention-de-laurent-gbagbo\/#primaryimage\"},\"image\":{\"@id\":\"https:\/\/guineediversite.com\/index.php\/2019\/01\/18\/la-cpi-ordonne-le-maintien-en-detention-de-laurent-gbagbo\/#primaryimage\"},\"thumbnailUrl\":\"https:\/\/guineediversite.com\/wp-content\/uploads\/2019\/01\/sipa_ap22291195_000012-592x296.jpg\",\"datePublished\":\"2019-01-18T14:50:59+00:00\",\"dateModified\":\"2019-01-18T14:50:59+00:00\",\"breadcrumb\":{\"@id\":\"https:\/\/guineediversite.com\/index.php\/2019\/01\/18\/la-cpi-ordonne-le-maintien-en-detention-de-laurent-gbagbo\/#breadcrumb\"},\"inLanguage\":\"fr-FR\",\"potentialAction\":[{\"@type\":\"ReadAction\",\"target\":[\"https:\/\/guineediversite.com\/index.php\/2019\/01\/18\/la-cpi-ordonne-le-maintien-en-detention-de-laurent-gbagbo\/\"]}]},{\"@type\":\"ImageObject\",\"inLanguage\":\"fr-FR\",\"@id\":\"https:\/\/guineediversite.com\/index.php\/2019\/01\/18\/la-cpi-ordonne-le-maintien-en-detention-de-laurent-gbagbo\/#primaryimage\",\"url\":\"https:\/\/guineediversite.com\/wp-content\/uploads\/2019\/01\/sipa_ap22291195_000012-592x296.jpg\",\"contentUrl\":\"https:\/\/guineediversite.com\/wp-content\/uploads\/2019\/01\/sipa_ap22291195_000012-592x296.jpg\",\"width\":1900,\"height\":950},{\"@type\":\"BreadcrumbList\",\"@id\":\"https:\/\/guineediversite.com\/index.php\/2019\/01\/18\/la-cpi-ordonne-le-maintien-en-detention-de-laurent-gbagbo\/#breadcrumb\",\"itemListElement\":[{\"@type\":\"ListItem\",\"position\":1,\"name\":\"Accueil\",\"item\":\"https:\/\/guineediversite.com\/\"},{\"@type\":\"ListItem\",\"position\":2,\"name\":\"La CPI ordonne le maintien en d\u00e9tention de Laurent Gbagbo\"}]},{\"@type\":\"WebSite\",\"@id\":\"https:\/\/guineediversite.com\/#website\",\"url\":\"https:\/\/guineediversite.com\/\",\"name\":\"Guin\u00e9e Diversit\u00e9\",\"description\":\"L&#039;Info dans toute sa diversit\u00e9\",\"publisher\":{\"@id\":\"https:\/\/guineediversite.com\/#organization\"},\"potentialAction\":[{\"@type\":\"SearchAction\",\"target\":{\"@type\":\"EntryPoint\",\"urlTemplate\":\"https:\/\/guineediversite.com\/?s={search_term_string}\"},\"query-input\":{\"@type\":\"PropertyValueSpecification\",\"valueRequired\":true,\"valueName\":\"search_term_string\"}}],\"inLanguage\":\"fr-FR\"},{\"@type\":\"Organization\",\"@id\":\"https:\/\/guineediversite.com\/#organization\",\"name\":\"Guin\u00e9e Diversit\u00e9\",\"url\":\"https:\/\/guineediversite.com\/\",\"logo\":{\"@type\":\"ImageObject\",\"inLanguage\":\"fr-FR\",\"@id\":\"https:\/\/guineediversite.com\/#\/schema\/logo\/image\/\",\"url\":\"https:\/\/guineediversite.com\/wp-content\/uploads\/2017\/04\/cropped-1jojlxEOMkX9Wyqfhe43D6kjPOGqBBKmx3EwWJqZ0cMrFF54yM49.png\",\"contentUrl\":\"https:\/\/guineediversite.com\/wp-content\/uploads\/2017\/04\/cropped-1jojlxEOMkX9Wyqfhe43D6kjPOGqBBKmx3EwWJqZ0cMrFF54yM49.png\",\"width\":186,\"height\":112,\"caption\":\"Guin\u00e9e Diversit\u00e9\"},\"image\":{\"@id\":\"https:\/\/guineediversite.com\/#\/schema\/logo\/image\/\"},\"sameAs\":[\"https:\/\/www.facebook.com\/guineediversite\/\",\"https:\/\/x.com\/GuineeDiversite\",\"https:\/\/www.youtube.com\/channel\/UC8sUY16qelG5ge6_D5SB83g\"]},{\"@type\":\"Person\",\"@id\":\"https:\/\/guineediversite.com\/#\/schema\/person\/afa08fb34e7fc6e1feafc892612bc836\",\"name\":\"Guin\u00e9e Diversit\u00e9\",\"image\":{\"@type\":\"ImageObject\",\"inLanguage\":\"fr-FR\",\"@id\":\"https:\/\/guineediversite.com\/#\/schema\/person\/image\/\",\"url\":\"https:\/\/secure.gravatar.com\/avatar\/50d5eb5b390f8b65ac30ac6f898eb83a?s=96&d=mm&r=g\",\"contentUrl\":\"https:\/\/secure.gravatar.com\/avatar\/50d5eb5b390f8b65ac30ac6f898eb83a?s=96&d=mm&r=g\",\"caption\":\"Guin\u00e9e Diversit\u00e9\"},\"url\":\"https:\/\/guineediversite.com\/index.php\/author\/guineediversite\/\"}]}<\/script>\n<!-- \/ Yoast SEO plugin. -->","yoast_head_json":{"title":"La CPI ordonne le maintien en d\u00e9tention de Laurent Gbagbo | Guin\u00e9e Diversit\u00e9","robots":{"index":"index","follow":"follow","max-snippet":"max-snippet:-1","max-image-preview":"max-image-preview:large","max-video-preview":"max-video-preview:-1"},"canonical":"https:\/\/guineediversite.com\/index.php\/2019\/01\/18\/la-cpi-ordonne-le-maintien-en-detention-de-laurent-gbagbo\/","og_locale":"fr_FR","og_type":"article","og_title":"La CPI ordonne le maintien en d\u00e9tention de Laurent Gbagbo | Guin\u00e9e Diversit\u00e9","og_description":"Laurent Gbagbo et Charles Bl\u00e9 Goud\u00e9 restent en prison. La chambre d\u2019appel de la CPI ordonne leur maintien en d\u00e9tention. Elle suit donc l\u2019appel d\u00e9pos\u00e9 par la procureure au lendemain de l\u2019acquittement de l\u2019ex-pr\u00e9sident ivoirien et de l\u2019ex-leader des Jeunes Patriotes. Cette d\u00e9cision de maintien en d\u00e9tention a \u00e9t\u00e9 prise \u00e0 la majorit\u00e9 de juges: [&hellip;]","og_url":"https:\/\/guineediversite.com\/index.php\/2019\/01\/18\/la-cpi-ordonne-le-maintien-en-detention-de-laurent-gbagbo\/","og_site_name":"Guin\u00e9e Diversit\u00e9","article_publisher":"https:\/\/www.facebook.com\/guineediversite\/","article_published_time":"2019-01-18T14:50:59+00:00","og_image":[{"width":1900,"height":950,"url":"https:\/\/guineediversite.com\/wp-content\/uploads\/2019\/01\/sipa_ap22291195_000012-592x296.jpg","type":"image\/jpeg"}],"author":"Guin\u00e9e Diversit\u00e9","twitter_card":"summary_large_image","twitter_creator":"@GuineeDiversite","twitter_site":"@GuineeDiversite","twitter_misc":{"\u00c9crit par":"Guin\u00e9e Diversit\u00e9","Dur\u00e9e de lecture estim\u00e9e":"1 minute"},"schema":{"@context":"https:\/\/schema.org","@graph":[{"@type":"Article","@id":"https:\/\/guineediversite.com\/index.php\/2019\/01\/18\/la-cpi-ordonne-le-maintien-en-detention-de-laurent-gbagbo\/#article","isPartOf":{"@id":"https:\/\/guineediversite.com\/index.php\/2019\/01\/18\/la-cpi-ordonne-le-maintien-en-detention-de-laurent-gbagbo\/"},"author":{"name":"Guin\u00e9e Diversit\u00e9","@id":"https:\/\/guineediversite.com\/#\/schema\/person\/afa08fb34e7fc6e1feafc892612bc836"},"headline":"La CPI ordonne le maintien en d\u00e9tention de Laurent Gbagbo","datePublished":"2019-01-18T14:50:59+00:00","dateModified":"2019-01-18T14:50:59+00:00","mainEntityOfPage":{"@id":"https:\/\/guineediversite.com\/index.php\/2019\/01\/18\/la-cpi-ordonne-le-maintien-en-detention-de-laurent-gbagbo\/"},"wordCount":248,"publisher":{"@id":"https:\/\/guineediversite.com\/#organization"},"image":{"@id":"https:\/\/guineediversite.com\/index.php\/2019\/01\/18\/la-cpi-ordonne-le-maintien-en-detention-de-laurent-gbagbo\/#primaryimage"},"thumbnailUrl":"https:\/\/guineediversite.com\/wp-content\/uploads\/2019\/01\/sipa_ap22291195_000012-592x296.jpg","articleSection":["International"],"inLanguage":"fr-FR"},{"@type":"WebPage","@id":"https:\/\/guineediversite.com\/index.php\/2019\/01\/18\/la-cpi-ordonne-le-maintien-en-detention-de-laurent-gbagbo\/","url":"https:\/\/guineediversite.com\/index.php\/2019\/01\/18\/la-cpi-ordonne-le-maintien-en-detention-de-laurent-gbagbo\/","name":"La CPI ordonne le maintien en d\u00e9tention de Laurent Gbagbo | Guin\u00e9e Diversit\u00e9","isPartOf":{"@id":"https:\/\/guineediversite.com\/#website"},"primaryImageOfPage":{"@id":"https:\/\/guineediversite.com\/index.php\/2019\/01\/18\/la-cpi-ordonne-le-maintien-en-detention-de-laurent-gbagbo\/#primaryimage"},"image":{"@id":"https:\/\/guineediversite.com\/index.php\/2019\/01\/18\/la-cpi-ordonne-le-maintien-en-detention-de-laurent-gbagbo\/#primaryimage"},"thumbnailUrl":"https:\/\/guineediversite.com\/wp-content\/uploads\/2019\/01\/sipa_ap22291195_000012-592x296.jpg","datePublished":"2019-01-18T14:50:59+00:00","dateModified":"2019-01-18T14:50:59+00:00","breadcrumb":{"@id":"https:\/\/guineediversite.com\/index.php\/2019\/01\/18\/la-cpi-ordonne-le-maintien-en-detention-de-laurent-gbagbo\/#breadcrumb"},"inLanguage":"fr-FR","potentialAction":[{"@type":"ReadAction","target":["https:\/\/guineediversite.com\/index.php\/2019\/01\/18\/la-cpi-ordonne-le-maintien-en-detention-de-laurent-gbagbo\/"]}]},{"@type":"ImageObject","inLanguage":"fr-FR","@id":"https:\/\/guineediversite.com\/index.php\/2019\/01\/18\/la-cpi-ordonne-le-maintien-en-detention-de-laurent-gbagbo\/#primaryimage","url":"https:\/\/guineediversite.com\/wp-content\/uploads\/2019\/01\/sipa_ap22291195_000012-592x296.jpg","contentUrl":"https:\/\/guineediversite.com\/wp-content\/uploads\/2019\/01\/sipa_ap22291195_000012-592x296.jpg","width":1900,"height":950},{"@type":"BreadcrumbList","@id":"https:\/\/guineediversite.com\/index.php\/2019\/01\/18\/la-cpi-ordonne-le-maintien-en-detention-de-laurent-gbagbo\/#breadcrumb","itemListElement":[{"@type":"ListItem","position":1,"name":"Accueil","item":"https:\/\/guineediversite.com\/"},{"@type":"ListItem","position":2,"name":"La CPI ordonne le maintien en d\u00e9tention de Laurent Gbagbo"}]},{"@type":"WebSite","@id":"https:\/\/guineediversite.com\/#website","url":"https:\/\/guineediversite.com\/","name":"Guin\u00e9e Diversit\u00e9","description":"L&#039;Info dans toute sa diversit\u00e9","publisher":{"@id":"https:\/\/guineediversite.com\/#organization"},"potentialAction":[{"@type":"SearchAction","target":{"@type":"EntryPoint","urlTemplate":"https:\/\/guineediversite.com\/?s={search_term_string}"},"query-input":{"@type":"PropertyValueSpecification","valueRequired":true,"valueName":"search_term_string"}}],"inLanguage":"fr-FR"},{"@type":"Organization","@id":"https:\/\/guineediversite.com\/#organization","name":"Guin\u00e9e Diversit\u00e9","url":"https:\/\/guineediversite.com\/","logo":{"@type":"ImageObject","inLanguage":"fr-FR","@id":"https:\/\/guineediversite.com\/#\/schema\/logo\/image\/","url":"https:\/\/guineediversite.com\/wp-content\/uploads\/2017\/04\/cropped-1jojlxEOMkX9Wyqfhe43D6kjPOGqBBKmx3EwWJqZ0cMrFF54yM49.png","contentUrl":"https:\/\/guineediversite.com\/wp-content\/uploads\/2017\/04\/cropped-1jojlxEOMkX9Wyqfhe43D6kjPOGqBBKmx3EwWJqZ0cMrFF54yM49.png","width":186,"height":112,"caption":"Guin\u00e9e Diversit\u00e9"},"image":{"@id":"https:\/\/guineediversite.com\/#\/schema\/logo\/image\/"},"sameAs":["https:\/\/www.facebook.com\/guineediversite\/","https:\/\/x.com\/GuineeDiversite","https:\/\/www.youtube.com\/channel\/UC8sUY16qelG5ge6_D5SB83g"]},{"@type":"Person","@id":"https:\/\/guineediversite.com\/#\/schema\/person\/afa08fb34e7fc6e1feafc892612bc836","name":"Guin\u00e9e Diversit\u00e9","image":{"@type":"ImageObject","inLanguage":"fr-FR","@id":"https:\/\/guineediversite.com\/#\/schema\/person\/image\/","url":"https:\/\/secure.gravatar.com\/avatar\/50d5eb5b390f8b65ac30ac6f898eb83a?s=96&d=mm&r=g","contentUrl":"https:\/\/secure.gravatar.com\/avatar\/50d5eb5b390f8b65ac30ac6f898eb83a?s=96&d=mm&r=g","caption":"Guin\u00e9e Diversit\u00e9"},"url":"https:\/\/guineediversite.com\/index.php\/author\/guineediversite\/"}]}},"_links":{"self":[{"href":"https:\/\/guineediversite.com\/index.php\/wp-json\/wp\/v2\/posts\/27816"}],"collection":[{"href":"https:\/\/guineediversite.com\/index.php\/wp-json\/wp\/v2\/posts"}],"about":[{"href":"https:\/\/guineediversite.com\/index.php\/wp-json\/wp\/v2\/types\/post"}],"author":[{"embeddable":true,"href":"https:\/\/guineediversite.com\/index.php\/wp-json\/wp\/v2\/users\/12"}],"replies":[{"embeddable":true,"href":"https:\/\/guineediversite.com\/index.php\/wp-json\/wp\/v2\/comments?post=27816"}],"version-history":[{"count":0,"href":"https:\/\/guineediversite.com\/index.php\/wp-json\/wp\/v2\/posts\/27816\/revisions"}],"wp:featuredmedia":[{"embeddable":true,"href":"https:\/\/guineediversite.com\/index.php\/wp-json\/wp\/v2\/media\/27781"}],"wp:attachment":[{"href":"https:\/\/guineediversite.com\/index.php\/wp-json\/wp\/v2\/media?parent=27816"}],"wp:term":[{"taxonomy":"category","embeddable":true,"href":"https:\/\/guineediversite.com\/index.php\/wp-json\/wp\/v2\/categories?post=27816"},{"taxonomy":"post_tag","embeddable":true,"href":"https:\/\/guineediversite.com\/index.php\/wp-json\/wp\/v2\/tags?post=27816"}],"curies":[{"name":"wp","href":"https:\/\/api.w.org\/{rel}","templated":true}]}}