{"id":27684,"date":"2018-12-24T13:55:33","date_gmt":"2018-12-24T12:55:33","guid":{"rendered":"https:\/\/guineediversite.com\/?p=27684"},"modified":"2018-12-24T14:06:06","modified_gmt":"2018-12-24T13:06:06","slug":"installation-du-maire-de-matoto-vive-tension-entre-les-forces-de-lordre-et-des-militants-de-lufdg","status":"publish","type":"post","link":"https:\/\/guineediversite.com\/index.php\/2018\/12\/24\/installation-du-maire-de-matoto-vive-tension-entre-les-forces-de-lordre-et-des-militants-de-lufdg\/","title":{"rendered":"Mairie de Matoto : Vive tension entre les forces de l&rsquo;ordre et des militants de l\u2019UFDG."},"content":{"rendered":"<p>Ils se sont tr\u00e8s t\u00f4t retrouv\u00e9s chez Kalemomodou Yansan\u00e9 \u00e0 Matoto pour disent ils l&rsquo;installer \u00e0 la mairie de ladite commune. Apr\u00e8s des heures de mobilisation, le cort\u00e8ge des militants s&rsquo;est rendu \u00e0 Kissosso pour avoir beaucoup plus de militants afin de r\u00e2ler la mairie. De Kissosso ils ont \u00e9t\u00e9 bloqu\u00e9s par les forces de s\u00e9curit\u00e9s au niveau de Matoto Kondeboungni. Disperser ils n&rsquo;ont pas pu atteindre la mairie, plusieurs d&rsquo;entre eux ont \u00e9t\u00e9 arr\u00eat\u00e9 dont deux femmes et des motos ont aussi \u00e9t\u00e9 saisi par les forces de s\u00e9curit\u00e9.<\/p>\n<p>Au moment o\u00f9 nous mettons cette d\u00e9p\u00eache en ligne la situation est redevenue calme et la circulation est fluide.<\/p>\n<p>Nous y reviendrons!<\/p>\n<p><img loading=\"lazy\" decoding=\"async\" class=\"alignnone wp-image-27685\" src=\"https:\/\/guineediversite.com.bwjx4292.odns.fr\/wp-content\/uploads\/2018\/12\/48961991_363815307753189_2162658815428788224_n-300x225.jpg\" alt=\"\" width=\"883\" height=\"662\" srcset=\"https:\/\/guineediversite.com\/wp-content\/uploads\/2018\/12\/48961991_363815307753189_2162658815428788224_n-300x225.jpg 300w, https:\/\/guineediversite.com\/wp-content\/uploads\/2018\/12\/48961991_363815307753189_2162658815428788224_n-768x576.jpg 768w, https:\/\/guineediversite.com\/wp-content\/uploads\/2018\/12\/48961991_363815307753189_2162658815428788224_n.jpg 1024w, https:\/\/guineediversite.com\/wp-content\/uploads\/2018\/12\/48961991_363815307753189_2162658815428788224_n-600x450.jpg 600w, https:\/\/guineediversite.com\/wp-content\/uploads\/2018\/12\/48961991_363815307753189_2162658815428788224_n-678x509.jpg 678w, https:\/\/guineediversite.com\/wp-content\/uploads\/2018\/12\/48961991_363815307753189_2162658815428788224_n-326x245.jpg 326w, https:\/\/guineediversite.com\/wp-content\/uploads\/2018\/12\/48961991_363815307753189_2162658815428788224_n-80x60.jpg 80w\" sizes=\"(max-width: 883px) 100vw, 883px\" \/><img loading=\"lazy\" decoding=\"async\" class=\"alignnone wp-image-27686\" src=\"https:\/\/guineediversite.com.bwjx4292.odns.fr\/wp-content\/uploads\/2018\/12\/49135504_211507316421207_2747017789251256320_n-300x225.jpg\" alt=\"\" width=\"1096\" height=\"822\" srcset=\"https:\/\/guineediversite.com\/wp-content\/uploads\/2018\/12\/49135504_211507316421207_2747017789251256320_n-300x225.jpg 300w, https:\/\/guineediversite.com\/wp-content\/uploads\/2018\/12\/49135504_211507316421207_2747017789251256320_n-768x576.jpg 768w, https:\/\/guineediversite.com\/wp-content\/uploads\/2018\/12\/49135504_211507316421207_2747017789251256320_n.jpg 1024w, https:\/\/guineediversite.com\/wp-content\/uploads\/2018\/12\/49135504_211507316421207_2747017789251256320_n-600x450.jpg 600w, https:\/\/guineediversite.com\/wp-content\/uploads\/2018\/12\/49135504_211507316421207_2747017789251256320_n-678x509.jpg 678w, https:\/\/guineediversite.com\/wp-content\/uploads\/2018\/12\/49135504_211507316421207_2747017789251256320_n-326x245.jpg 326w, https:\/\/guineediversite.com\/wp-content\/uploads\/2018\/12\/49135504_211507316421207_2747017789251256320_n-80x60.jpg 80w\" sizes=\"(max-width: 1096px) 100vw, 1096px\" \/><\/p>\n<p><img loading=\"lazy\" decoding=\"async\" class=\"alignnone wp-image-27691\" src=\"https:\/\/guineediversite.com.bwjx4292.odns.fr\/wp-content\/uploads\/2018\/12\/48415323_337610360166626_6194820932352081920_n-1-300x225.jpg\" alt=\"\" width=\"939\" height=\"704\" srcset=\"https:\/\/guineediversite.com\/wp-content\/uploads\/2018\/12\/48415323_337610360166626_6194820932352081920_n-1-300x225.jpg 300w, https:\/\/guineediversite.com\/wp-content\/uploads\/2018\/12\/48415323_337610360166626_6194820932352081920_n-1-768x576.jpg 768w, https:\/\/guineediversite.com\/wp-content\/uploads\/2018\/12\/48415323_337610360166626_6194820932352081920_n-1.jpg 1024w, https:\/\/guineediversite.com\/wp-content\/uploads\/2018\/12\/48415323_337610360166626_6194820932352081920_n-1-600x450.jpg 600w, https:\/\/guineediversite.com\/wp-content\/uploads\/2018\/12\/48415323_337610360166626_6194820932352081920_n-1-678x509.jpg 678w, https:\/\/guineediversite.com\/wp-content\/uploads\/2018\/12\/48415323_337610360166626_6194820932352081920_n-1-326x245.jpg 326w, https:\/\/guineediversite.com\/wp-content\/uploads\/2018\/12\/48415323_337610360166626_6194820932352081920_n-1-80x60.jpg 80w\" sizes=\"(max-width: 939px) 100vw, 939px\" \/><\/p>\n","protected":false},"excerpt":{"rendered":"<p>Ils se sont tr\u00e8s t\u00f4t retrouv\u00e9s chez Kalemomodou Yansan\u00e9 \u00e0 Matoto pour disent ils l&rsquo;installer \u00e0 la mairie de ladite commune. Apr\u00e8s des heures de mobilisation, le cort\u00e8ge des militants s&rsquo;est rendu \u00e0 Kissosso pour avoir beaucoup plus de militants afin de r\u00e2ler la mairie. De Kissosso ils ont \u00e9t\u00e9 bloqu\u00e9s par les forces de [&hellip;]<\/p>\n","protected":false},"author":10,"featured_media":27687,"comment_status":"closed","ping_status":"closed","sticky":false,"template":"","format":"standard","meta":{"_exactmetrics_skip_tracking":false,"_exactmetrics_sitenote_active":false,"_exactmetrics_sitenote_note":"","_exactmetrics_sitenote_category":0,"tdm_status":"","tdm_grid_status":"","footnotes":""},"categories":[14,16],"tags":[],"class_list":{"0":"post-27684","1":"post","2":"type-post","3":"status-publish","4":"format-standard","5":"has-post-thumbnail","7":"category-politique","8":"category-societe"},"yoast_head":"<!-- This site is optimized with the Yoast SEO plugin v24.2 - https:\/\/yoast.com\/wordpress\/plugins\/seo\/ -->\n<title>Mairie de Matoto : Vive tension entre les forces de l&#039;ordre et des militants de l\u2019UFDG. | Guin\u00e9e Diversit\u00e9<\/title>\n<meta name=\"robots\" content=\"index, follow, max-snippet:-1, max-image-preview:large, max-video-preview:-1\" \/>\n<link rel=\"canonical\" href=\"https:\/\/guineediversite.com\/index.php\/2018\/12\/24\/installation-du-maire-de-matoto-vive-tension-entre-les-forces-de-lordre-et-des-militants-de-lufdg\/\" \/>\n<meta property=\"og:locale\" content=\"fr_FR\" \/>\n<meta property=\"og:type\" content=\"article\" \/>\n<meta property=\"og:title\" content=\"Mairie de Matoto : Vive tension entre les forces de l&#039;ordre et des militants de l\u2019UFDG. | Guin\u00e9e Diversit\u00e9\" \/>\n<meta property=\"og:description\" content=\"Ils se sont tr\u00e8s t\u00f4t retrouv\u00e9s chez Kalemomodou Yansan\u00e9 \u00e0 Matoto pour disent ils l&rsquo;installer \u00e0 la mairie de ladite commune. Apr\u00e8s des heures de mobilisation, le cort\u00e8ge des militants s&rsquo;est rendu \u00e0 Kissosso pour avoir beaucoup plus de militants afin de r\u00e2ler la mairie. De Kissosso ils ont \u00e9t\u00e9 bloqu\u00e9s par les forces de [&hellip;]\" \/>\n<meta property=\"og:url\" content=\"https:\/\/guineediversite.com\/index.php\/2018\/12\/24\/installation-du-maire-de-matoto-vive-tension-entre-les-forces-de-lordre-et-des-militants-de-lufdg\/\" \/>\n<meta property=\"og:site_name\" content=\"Guin\u00e9e Diversit\u00e9\" \/>\n<meta property=\"article:publisher\" content=\"https:\/\/www.facebook.com\/guineediversite\/\" \/>\n<meta property=\"article:published_time\" content=\"2018-12-24T12:55:33+00:00\" \/>\n<meta property=\"article:modified_time\" content=\"2018-12-24T13:06:06+00:00\" \/>\n<meta property=\"og:image\" content=\"https:\/\/guineediversite.com\/wp-content\/uploads\/2018\/12\/48417619_571318849946132_7602106098333515776_n.jpg\" \/>\n\t<meta property=\"og:image:width\" content=\"1024\" \/>\n\t<meta property=\"og:image:height\" content=\"768\" \/>\n\t<meta property=\"og:image:type\" content=\"image\/jpeg\" \/>\n<meta name=\"author\" content=\"Morcire Camara\" \/>\n<meta name=\"twitter:card\" content=\"summary_large_image\" \/>\n<meta name=\"twitter:creator\" content=\"@GuineeDiversite\" \/>\n<meta name=\"twitter:site\" content=\"@GuineeDiversite\" \/>\n<meta name=\"twitter:label1\" content=\"\u00c9crit par\" \/>\n\t<meta name=\"twitter:data1\" content=\"Morcire Camara\" \/>\n\t<meta name=\"twitter:label2\" content=\"Dur\u00e9e de lecture estim\u00e9e\" \/>\n\t<meta name=\"twitter:data2\" content=\"1 minute\" \/>\n<script type=\"application\/ld+json\" class=\"yoast-schema-graph\">{\"@context\":\"https:\/\/schema.org\",\"@graph\":[{\"@type\":\"Article\",\"@id\":\"https:\/\/guineediversite.com\/index.php\/2018\/12\/24\/installation-du-maire-de-matoto-vive-tension-entre-les-forces-de-lordre-et-des-militants-de-lufdg\/#article\",\"isPartOf\":{\"@id\":\"https:\/\/guineediversite.com\/index.php\/2018\/12\/24\/installation-du-maire-de-matoto-vive-tension-entre-les-forces-de-lordre-et-des-militants-de-lufdg\/\"},\"author\":{\"name\":\"Morcire Camara\",\"@id\":\"https:\/\/guineediversite.com\/#\/schema\/person\/fa362494c47202ce4b3adf55abcc9d01\"},\"headline\":\"Mairie de Matoto : Vive tension entre les forces de l&rsquo;ordre et des militants de l\u2019UFDG.\",\"datePublished\":\"2018-12-24T12:55:33+00:00\",\"dateModified\":\"2018-12-24T13:06:06+00:00\",\"mainEntityOfPage\":{\"@id\":\"https:\/\/guineediversite.com\/index.php\/2018\/12\/24\/installation-du-maire-de-matoto-vive-tension-entre-les-forces-de-lordre-et-des-militants-de-lufdg\/\"},\"wordCount\":143,\"publisher\":{\"@id\":\"https:\/\/guineediversite.com\/#organization\"},\"image\":{\"@id\":\"https:\/\/guineediversite.com\/index.php\/2018\/12\/24\/installation-du-maire-de-matoto-vive-tension-entre-les-forces-de-lordre-et-des-militants-de-lufdg\/#primaryimage\"},\"thumbnailUrl\":\"https:\/\/guineediversite.com\/wp-content\/uploads\/2018\/12\/48417619_571318849946132_7602106098333515776_n.jpg\",\"articleSection\":[\"Politique\",\"Soci\u00e9t\u00e9\"],\"inLanguage\":\"fr-FR\"},{\"@type\":\"WebPage\",\"@id\":\"https:\/\/guineediversite.com\/index.php\/2018\/12\/24\/installation-du-maire-de-matoto-vive-tension-entre-les-forces-de-lordre-et-des-militants-de-lufdg\/\",\"url\":\"https:\/\/guineediversite.com\/index.php\/2018\/12\/24\/installation-du-maire-de-matoto-vive-tension-entre-les-forces-de-lordre-et-des-militants-de-lufdg\/\",\"name\":\"Mairie de Matoto : Vive tension entre les forces de l'ordre et des militants de l\u2019UFDG. | Guin\u00e9e Diversit\u00e9\",\"isPartOf\":{\"@id\":\"https:\/\/guineediversite.com\/#website\"},\"primaryImageOfPage\":{\"@id\":\"https:\/\/guineediversite.com\/index.php\/2018\/12\/24\/installation-du-maire-de-matoto-vive-tension-entre-les-forces-de-lordre-et-des-militants-de-lufdg\/#primaryimage\"},\"image\":{\"@id\":\"https:\/\/guineediversite.com\/index.php\/2018\/12\/24\/installation-du-maire-de-matoto-vive-tension-entre-les-forces-de-lordre-et-des-militants-de-lufdg\/#primaryimage\"},\"thumbnailUrl\":\"https:\/\/guineediversite.com\/wp-content\/uploads\/2018\/12\/48417619_571318849946132_7602106098333515776_n.jpg\",\"datePublished\":\"2018-12-24T12:55:33+00:00\",\"dateModified\":\"2018-12-24T13:06:06+00:00\",\"breadcrumb\":{\"@id\":\"https:\/\/guineediversite.com\/index.php\/2018\/12\/24\/installation-du-maire-de-matoto-vive-tension-entre-les-forces-de-lordre-et-des-militants-de-lufdg\/#breadcrumb\"},\"inLanguage\":\"fr-FR\",\"potentialAction\":[{\"@type\":\"ReadAction\",\"target\":[\"https:\/\/guineediversite.com\/index.php\/2018\/12\/24\/installation-du-maire-de-matoto-vive-tension-entre-les-forces-de-lordre-et-des-militants-de-lufdg\/\"]}]},{\"@type\":\"ImageObject\",\"inLanguage\":\"fr-FR\",\"@id\":\"https:\/\/guineediversite.com\/index.php\/2018\/12\/24\/installation-du-maire-de-matoto-vive-tension-entre-les-forces-de-lordre-et-des-militants-de-lufdg\/#primaryimage\",\"url\":\"https:\/\/guineediversite.com\/wp-content\/uploads\/2018\/12\/48417619_571318849946132_7602106098333515776_n.jpg\",\"contentUrl\":\"https:\/\/guineediversite.com\/wp-content\/uploads\/2018\/12\/48417619_571318849946132_7602106098333515776_n.jpg\",\"width\":1024,\"height\":768},{\"@type\":\"BreadcrumbList\",\"@id\":\"https:\/\/guineediversite.com\/index.php\/2018\/12\/24\/installation-du-maire-de-matoto-vive-tension-entre-les-forces-de-lordre-et-des-militants-de-lufdg\/#breadcrumb\",\"itemListElement\":[{\"@type\":\"ListItem\",\"position\":1,\"name\":\"Accueil\",\"item\":\"https:\/\/guineediversite.com\/\"},{\"@type\":\"ListItem\",\"position\":2,\"name\":\"Mairie de Matoto : Vive tension entre les forces de l&rsquo;ordre et des militants de l\u2019UFDG.\"}]},{\"@type\":\"WebSite\",\"@id\":\"https:\/\/guineediversite.com\/#website\",\"url\":\"https:\/\/guineediversite.com\/\",\"name\":\"Guin\u00e9e Diversit\u00e9\",\"description\":\"L&#039;Info dans toute sa diversit\u00e9\",\"publisher\":{\"@id\":\"https:\/\/guineediversite.com\/#organization\"},\"potentialAction\":[{\"@type\":\"SearchAction\",\"target\":{\"@type\":\"EntryPoint\",\"urlTemplate\":\"https:\/\/guineediversite.com\/?s={search_term_string}\"},\"query-input\":{\"@type\":\"PropertyValueSpecification\",\"valueRequired\":true,\"valueName\":\"search_term_string\"}}],\"inLanguage\":\"fr-FR\"},{\"@type\":\"Organization\",\"@id\":\"https:\/\/guineediversite.com\/#organization\",\"name\":\"Guin\u00e9e Diversit\u00e9\",\"url\":\"https:\/\/guineediversite.com\/\",\"logo\":{\"@type\":\"ImageObject\",\"inLanguage\":\"fr-FR\",\"@id\":\"https:\/\/guineediversite.com\/#\/schema\/logo\/image\/\",\"url\":\"https:\/\/guineediversite.com\/wp-content\/uploads\/2017\/04\/cropped-1jojlxEOMkX9Wyqfhe43D6kjPOGqBBKmx3EwWJqZ0cMrFF54yM49.png\",\"contentUrl\":\"https:\/\/guineediversite.com\/wp-content\/uploads\/2017\/04\/cropped-1jojlxEOMkX9Wyqfhe43D6kjPOGqBBKmx3EwWJqZ0cMrFF54yM49.png\",\"width\":186,\"height\":112,\"caption\":\"Guin\u00e9e Diversit\u00e9\"},\"image\":{\"@id\":\"https:\/\/guineediversite.com\/#\/schema\/logo\/image\/\"},\"sameAs\":[\"https:\/\/www.facebook.com\/guineediversite\/\",\"https:\/\/x.com\/GuineeDiversite\",\"https:\/\/www.youtube.com\/channel\/UC8sUY16qelG5ge6_D5SB83g\"]},{\"@type\":\"Person\",\"@id\":\"https:\/\/guineediversite.com\/#\/schema\/person\/fa362494c47202ce4b3adf55abcc9d01\",\"name\":\"Morcire Camara\",\"image\":{\"@type\":\"ImageObject\",\"inLanguage\":\"fr-FR\",\"@id\":\"https:\/\/guineediversite.com\/#\/schema\/person\/image\/\",\"url\":\"https:\/\/secure.gravatar.com\/avatar\/3ec324f02295bbcebe03d99b39330ab4?s=96&d=mm&r=g\",\"contentUrl\":\"https:\/\/secure.gravatar.com\/avatar\/3ec324f02295bbcebe03d99b39330ab4?s=96&d=mm&r=g\",\"caption\":\"Morcire Camara\"},\"url\":\"https:\/\/guineediversite.com\/index.php\/author\/morcire\/\"}]}<\/script>\n<!-- \/ Yoast SEO plugin. -->","yoast_head_json":{"title":"Mairie de Matoto : Vive tension entre les forces de l'ordre et des militants de l\u2019UFDG. | Guin\u00e9e Diversit\u00e9","robots":{"index":"index","follow":"follow","max-snippet":"max-snippet:-1","max-image-preview":"max-image-preview:large","max-video-preview":"max-video-preview:-1"},"canonical":"https:\/\/guineediversite.com\/index.php\/2018\/12\/24\/installation-du-maire-de-matoto-vive-tension-entre-les-forces-de-lordre-et-des-militants-de-lufdg\/","og_locale":"fr_FR","og_type":"article","og_title":"Mairie de Matoto : Vive tension entre les forces de l'ordre et des militants de l\u2019UFDG. | Guin\u00e9e Diversit\u00e9","og_description":"Ils se sont tr\u00e8s t\u00f4t retrouv\u00e9s chez Kalemomodou Yansan\u00e9 \u00e0 Matoto pour disent ils l&rsquo;installer \u00e0 la mairie de ladite commune. Apr\u00e8s des heures de mobilisation, le cort\u00e8ge des militants s&rsquo;est rendu \u00e0 Kissosso pour avoir beaucoup plus de militants afin de r\u00e2ler la mairie. De Kissosso ils ont \u00e9t\u00e9 bloqu\u00e9s par les forces de [&hellip;]","og_url":"https:\/\/guineediversite.com\/index.php\/2018\/12\/24\/installation-du-maire-de-matoto-vive-tension-entre-les-forces-de-lordre-et-des-militants-de-lufdg\/","og_site_name":"Guin\u00e9e Diversit\u00e9","article_publisher":"https:\/\/www.facebook.com\/guineediversite\/","article_published_time":"2018-12-24T12:55:33+00:00","article_modified_time":"2018-12-24T13:06:06+00:00","og_image":[{"width":1024,"height":768,"url":"https:\/\/guineediversite.com\/wp-content\/uploads\/2018\/12\/48417619_571318849946132_7602106098333515776_n.jpg","type":"image\/jpeg"}],"author":"Morcire Camara","twitter_card":"summary_large_image","twitter_creator":"@GuineeDiversite","twitter_site":"@GuineeDiversite","twitter_misc":{"\u00c9crit par":"Morcire Camara","Dur\u00e9e de lecture estim\u00e9e":"1 minute"},"schema":{"@context":"https:\/\/schema.org","@graph":[{"@type":"Article","@id":"https:\/\/guineediversite.com\/index.php\/2018\/12\/24\/installation-du-maire-de-matoto-vive-tension-entre-les-forces-de-lordre-et-des-militants-de-lufdg\/#article","isPartOf":{"@id":"https:\/\/guineediversite.com\/index.php\/2018\/12\/24\/installation-du-maire-de-matoto-vive-tension-entre-les-forces-de-lordre-et-des-militants-de-lufdg\/"},"author":{"name":"Morcire Camara","@id":"https:\/\/guineediversite.com\/#\/schema\/person\/fa362494c47202ce4b3adf55abcc9d01"},"headline":"Mairie de Matoto : Vive tension entre les forces de l&rsquo;ordre et des militants de l\u2019UFDG.","datePublished":"2018-12-24T12:55:33+00:00","dateModified":"2018-12-24T13:06:06+00:00","mainEntityOfPage":{"@id":"https:\/\/guineediversite.com\/index.php\/2018\/12\/24\/installation-du-maire-de-matoto-vive-tension-entre-les-forces-de-lordre-et-des-militants-de-lufdg\/"},"wordCount":143,"publisher":{"@id":"https:\/\/guineediversite.com\/#organization"},"image":{"@id":"https:\/\/guineediversite.com\/index.php\/2018\/12\/24\/installation-du-maire-de-matoto-vive-tension-entre-les-forces-de-lordre-et-des-militants-de-lufdg\/#primaryimage"},"thumbnailUrl":"https:\/\/guineediversite.com\/wp-content\/uploads\/2018\/12\/48417619_571318849946132_7602106098333515776_n.jpg","articleSection":["Politique","Soci\u00e9t\u00e9"],"inLanguage":"fr-FR"},{"@type":"WebPage","@id":"https:\/\/guineediversite.com\/index.php\/2018\/12\/24\/installation-du-maire-de-matoto-vive-tension-entre-les-forces-de-lordre-et-des-militants-de-lufdg\/","url":"https:\/\/guineediversite.com\/index.php\/2018\/12\/24\/installation-du-maire-de-matoto-vive-tension-entre-les-forces-de-lordre-et-des-militants-de-lufdg\/","name":"Mairie de Matoto : Vive tension entre les forces de l'ordre et des militants de l\u2019UFDG. | Guin\u00e9e Diversit\u00e9","isPartOf":{"@id":"https:\/\/guineediversite.com\/#website"},"primaryImageOfPage":{"@id":"https:\/\/guineediversite.com\/index.php\/2018\/12\/24\/installation-du-maire-de-matoto-vive-tension-entre-les-forces-de-lordre-et-des-militants-de-lufdg\/#primaryimage"},"image":{"@id":"https:\/\/guineediversite.com\/index.php\/2018\/12\/24\/installation-du-maire-de-matoto-vive-tension-entre-les-forces-de-lordre-et-des-militants-de-lufdg\/#primaryimage"},"thumbnailUrl":"https:\/\/guineediversite.com\/wp-content\/uploads\/2018\/12\/48417619_571318849946132_7602106098333515776_n.jpg","datePublished":"2018-12-24T12:55:33+00:00","dateModified":"2018-12-24T13:06:06+00:00","breadcrumb":{"@id":"https:\/\/guineediversite.com\/index.php\/2018\/12\/24\/installation-du-maire-de-matoto-vive-tension-entre-les-forces-de-lordre-et-des-militants-de-lufdg\/#breadcrumb"},"inLanguage":"fr-FR","potentialAction":[{"@type":"ReadAction","target":["https:\/\/guineediversite.com\/index.php\/2018\/12\/24\/installation-du-maire-de-matoto-vive-tension-entre-les-forces-de-lordre-et-des-militants-de-lufdg\/"]}]},{"@type":"ImageObject","inLanguage":"fr-FR","@id":"https:\/\/guineediversite.com\/index.php\/2018\/12\/24\/installation-du-maire-de-matoto-vive-tension-entre-les-forces-de-lordre-et-des-militants-de-lufdg\/#primaryimage","url":"https:\/\/guineediversite.com\/wp-content\/uploads\/2018\/12\/48417619_571318849946132_7602106098333515776_n.jpg","contentUrl":"https:\/\/guineediversite.com\/wp-content\/uploads\/2018\/12\/48417619_571318849946132_7602106098333515776_n.jpg","width":1024,"height":768},{"@type":"BreadcrumbList","@id":"https:\/\/guineediversite.com\/index.php\/2018\/12\/24\/installation-du-maire-de-matoto-vive-tension-entre-les-forces-de-lordre-et-des-militants-de-lufdg\/#breadcrumb","itemListElement":[{"@type":"ListItem","position":1,"name":"Accueil","item":"https:\/\/guineediversite.com\/"},{"@type":"ListItem","position":2,"name":"Mairie de Matoto : Vive tension entre les forces de l&rsquo;ordre et des militants de l\u2019UFDG."}]},{"@type":"WebSite","@id":"https:\/\/guineediversite.com\/#website","url":"https:\/\/guineediversite.com\/","name":"Guin\u00e9e Diversit\u00e9","description":"L&#039;Info dans toute sa diversit\u00e9","publisher":{"@id":"https:\/\/guineediversite.com\/#organization"},"potentialAction":[{"@type":"SearchAction","target":{"@type":"EntryPoint","urlTemplate":"https:\/\/guineediversite.com\/?s={search_term_string}"},"query-input":{"@type":"PropertyValueSpecification","valueRequired":true,"valueName":"search_term_string"}}],"inLanguage":"fr-FR"},{"@type":"Organization","@id":"https:\/\/guineediversite.com\/#organization","name":"Guin\u00e9e Diversit\u00e9","url":"https:\/\/guineediversite.com\/","logo":{"@type":"ImageObject","inLanguage":"fr-FR","@id":"https:\/\/guineediversite.com\/#\/schema\/logo\/image\/","url":"https:\/\/guineediversite.com\/wp-content\/uploads\/2017\/04\/cropped-1jojlxEOMkX9Wyqfhe43D6kjPOGqBBKmx3EwWJqZ0cMrFF54yM49.png","contentUrl":"https:\/\/guineediversite.com\/wp-content\/uploads\/2017\/04\/cropped-1jojlxEOMkX9Wyqfhe43D6kjPOGqBBKmx3EwWJqZ0cMrFF54yM49.png","width":186,"height":112,"caption":"Guin\u00e9e Diversit\u00e9"},"image":{"@id":"https:\/\/guineediversite.com\/#\/schema\/logo\/image\/"},"sameAs":["https:\/\/www.facebook.com\/guineediversite\/","https:\/\/x.com\/GuineeDiversite","https:\/\/www.youtube.com\/channel\/UC8sUY16qelG5ge6_D5SB83g"]},{"@type":"Person","@id":"https:\/\/guineediversite.com\/#\/schema\/person\/fa362494c47202ce4b3adf55abcc9d01","name":"Morcire Camara","image":{"@type":"ImageObject","inLanguage":"fr-FR","@id":"https:\/\/guineediversite.com\/#\/schema\/person\/image\/","url":"https:\/\/secure.gravatar.com\/avatar\/3ec324f02295bbcebe03d99b39330ab4?s=96&d=mm&r=g","contentUrl":"https:\/\/secure.gravatar.com\/avatar\/3ec324f02295bbcebe03d99b39330ab4?s=96&d=mm&r=g","caption":"Morcire Camara"},"url":"https:\/\/guineediversite.com\/index.php\/author\/morcire\/"}]}},"_links":{"self":[{"href":"https:\/\/guineediversite.com\/index.php\/wp-json\/wp\/v2\/posts\/27684"}],"collection":[{"href":"https:\/\/guineediversite.com\/index.php\/wp-json\/wp\/v2\/posts"}],"about":[{"href":"https:\/\/guineediversite.com\/index.php\/wp-json\/wp\/v2\/types\/post"}],"author":[{"embeddable":true,"href":"https:\/\/guineediversite.com\/index.php\/wp-json\/wp\/v2\/users\/10"}],"replies":[{"embeddable":true,"href":"https:\/\/guineediversite.com\/index.php\/wp-json\/wp\/v2\/comments?post=27684"}],"version-history":[{"count":0,"href":"https:\/\/guineediversite.com\/index.php\/wp-json\/wp\/v2\/posts\/27684\/revisions"}],"wp:featuredmedia":[{"embeddable":true,"href":"https:\/\/guineediversite.com\/index.php\/wp-json\/wp\/v2\/media\/27687"}],"wp:attachment":[{"href":"https:\/\/guineediversite.com\/index.php\/wp-json\/wp\/v2\/media?parent=27684"}],"wp:term":[{"taxonomy":"category","embeddable":true,"href":"https:\/\/guineediversite.com\/index.php\/wp-json\/wp\/v2\/categories?post=27684"},{"taxonomy":"post_tag","embeddable":true,"href":"https:\/\/guineediversite.com\/index.php\/wp-json\/wp\/v2\/tags?post=27684"}],"curies":[{"name":"wp","href":"https:\/\/api.w.org\/{rel}","templated":true}]}}