{"id":27680,"date":"2018-12-24T13:24:49","date_gmt":"2018-12-24T12:24:49","guid":{"rendered":"https:\/\/guineediversite.com\/?p=27680"},"modified":"2018-12-24T13:24:49","modified_gmt":"2018-12-24T12:24:49","slug":"alpha-conde-au-fenac-2018-nos-differences-culturelles-ne-doivent-pas-nous-opposer","status":"publish","type":"post","link":"https:\/\/guineediversite.com\/index.php\/2018\/12\/24\/alpha-conde-au-fenac-2018-nos-differences-culturelles-ne-doivent-pas-nous-opposer\/","title":{"rendered":"Alpha Cond\u00e9 au FENAC 2018: \u00ab Nos diff\u00e9rences culturelles ne doivent pas nous opposer \u00bb"},"content":{"rendered":"<p>Le pr\u00e9sident de la R\u00e9publique, le Pr Alpha Cond\u00e9 a proc\u00e9d\u00e9 ce dimanche \u00e0 l\u2019ouverture officielle de la 17\u00e8me \u00e9dition du Festival National des Arts et de la Culture (FENAC) au Palais du peuple. Ainsi durant 4 jours, les troupes qualifi\u00e9es \u00e0 l\u2019issue de la Quinzaine Artistique R\u00e9gionale qui a regroup\u00e9 les 33 pr\u00e9fectures et les 5 communes de Conakry vont comp\u00e9tir dans les 7 disciplines retenues.<\/p>\n<p>Plac\u00e9 sous le th\u00e8me de la consolidation de l\u2019unit\u00e9 nationale, le festival national des arts et de la culture est un \u00e9v\u00e9nement majeur de l\u2019\u00c9tat guin\u00e9en pour galvaniser la paix et promouvoir la qui\u00e9tude sociale dans le pays par l\u2019entremise de la culture.<\/p>\n<p>Selon le ministre des sports, de la culture et patrimoine historique, ce sont quelques 400 artistes qui se produiront simultan\u00e9ment sur les cit\u00e9s identifi\u00e9s. Plus loin, Sanoussy Bantama dira que: \u00ab\u00a0Le FENAC 2018 proc\u00e9dera \u00e0 la diffusion du patrimoine artistique guin\u00e9en dans toutes sa diversit\u00e9. Car c\u2019est un cadre de rencontre et d\u2019\u00e9change entre les artistes, les oeuvres etc. Mais aussi et surtout le cadre id\u00e9al d\u2019appropriation de nos valeurs identitaires communes par la jeunesse \u00a0\u00bb d\u00e9clare le ministre de la culture.<\/p>\n<p>Dans son discours d\u2019ouverture le pr\u00e9sident Alpha Cond\u00e9, lui indique que la culture est le reflet de l\u2019\u00e2me d\u2019un peuple. Et donc, dit-il, \u00ab\u00a0nous devons nous enrichir par la conjugaison des cultures de nos diff\u00e9rentes r\u00e9gions. Unissons nous de nos diff\u00e9rences cultures. Car nos diff\u00e9rences culturelles ne doivent pas nous oppos\u00e9s. Au contraire elles doivent se fusionner pour un meilleur devenir de la Guin\u00e9e\u00a0\u00bb a insist\u00e9 le chef de l\u2019\u00c9tat.<\/p>\n<p>Apr\u00e8s avoir rehauss\u00e9 les prix du FENAC l\u2019ann\u00e9e derni\u00e8re, le pr\u00e9sident Alpha Cond\u00e9 en guise de soutien \u00e0 la cause des artistes, d\u00e9cide d\u2019enfoncer le clos en apportant plus aux prix des troupes qui s\u2019illustreront pour le 17\u00e8me FENAC.<\/p>\n<p>\u00ab\u00a0Cette ann\u00e9e pour aider les artistes de l\u2019int\u00e9rieur du pays, nous allons donn\u00e9 300 millions au premier gagnant, 250 millions au second, et 200 millions au troisi\u00e8me. Alors les artistes venus de l\u2019int\u00e9rieur faites en sorte que \u00e7a soit vous qui gagnez cette fois-ci\u00a0\u00bb a interpell\u00e9 le pr\u00e9sident Cond\u00e9.<\/p>\n<p>Voici le programme des activit\u00e9s du FENAC 2018<\/p>\n<p>Lundi 24 d\u00e9cembre 2018<\/p>\n<p>-Mus\u00e9e National de Guin\u00e9e<\/p>\n<p>10h00: D\u00e9but des comp\u00e9titions en th\u00e9\u00e2tre et humour<\/p>\n<p>-Fougou Foufou<\/p>\n<p>15h00: D\u00e9but des comp\u00e9titions en ch\u0153ur, ensemble instrumental et percussions<\/p>\n<p>-Paillette<\/p>\n<p>21h00: D\u00e9but des comp\u00e9titions en orchestre moderne<\/p>\n<p>Mardi 25 d\u00e9cembre 2018<\/p>\n<p>-Mus\u00e9e National de Guin\u00e9e<\/p>\n<p>10h00: D\u00e9but des comp\u00e9titions en th\u00e9\u00e2tre et humour<\/p>\n<p>-Fougou Fougou<\/p>\n<p>15h00: D\u00e9but des comp\u00e9titions en ch\u0153ur, ensemble instrumental et percussions<\/p>\n<p>-Pallote<\/p>\n<p>21h00: D\u00e9but des comp\u00e9titions en musique urbaine<\/p>\n<p>Mercredi 26 d\u00e9cembre 2018<\/p>\n<p>-Paillote<\/p>\n<p>16h00: Prestation des sorciers de Papa Kouyat\u00e9, d\u00e9lib\u00e9ration, proclamation et retour des d\u00e9l\u00e9gations.<\/p>\n<p><img loading=\"lazy\" decoding=\"async\" class=\"alignnone  wp-image-27682\" src=\"https:\/\/guineediversite.com.bwjx4292.odns.fr\/wp-content\/uploads\/2018\/12\/img_1763-300x169.jpg\" alt=\"\" width=\"944\" height=\"532\" srcset=\"https:\/\/guineediversite.com\/wp-content\/uploads\/2018\/12\/img_1763-300x169.jpg 300w, https:\/\/guineediversite.com\/wp-content\/uploads\/2018\/12\/img_1763-768x432.jpg 768w, https:\/\/guineediversite.com\/wp-content\/uploads\/2018\/12\/img_1763.jpg 1024w, https:\/\/guineediversite.com\/wp-content\/uploads\/2018\/12\/img_1763-600x338.jpg 600w, https:\/\/guineediversite.com\/wp-content\/uploads\/2018\/12\/img_1763-678x381.jpg 678w\" sizes=\"(max-width: 944px) 100vw, 944px\" \/><\/p>\n<p>KALENEW<\/p>\n","protected":false},"excerpt":{"rendered":"<p>Le pr\u00e9sident de la R\u00e9publique, le Pr Alpha Cond\u00e9 a proc\u00e9d\u00e9 ce dimanche \u00e0 l\u2019ouverture officielle de la 17\u00e8me \u00e9dition du Festival National des Arts et de la Culture (FENAC) au Palais du peuple. Ainsi durant 4 jours, les troupes qualifi\u00e9es \u00e0 l\u2019issue de la Quinzaine Artistique R\u00e9gionale qui a regroup\u00e9 les 33 pr\u00e9fectures et [&hellip;]<\/p>\n","protected":false},"author":12,"featured_media":27681,"comment_status":"closed","ping_status":"closed","sticky":false,"template":"","format":"standard","meta":{"_exactmetrics_skip_tracking":false,"_exactmetrics_sitenote_active":false,"_exactmetrics_sitenote_note":"","_exactmetrics_sitenote_category":0,"tdm_status":"","tdm_grid_status":"","footnotes":""},"categories":[24],"tags":[],"class_list":{"0":"post-27680","1":"post","2":"type-post","3":"status-publish","4":"format-standard","5":"has-post-thumbnail","7":"category-art-et-culture"},"yoast_head":"<!-- This site is optimized with the Yoast SEO plugin v24.2 - https:\/\/yoast.com\/wordpress\/plugins\/seo\/ -->\n<title>Alpha Cond\u00e9 au FENAC 2018: \u00ab Nos diff\u00e9rences culturelles ne doivent pas nous opposer \u00bb | Guin\u00e9e Diversit\u00e9<\/title>\n<meta name=\"robots\" content=\"index, follow, max-snippet:-1, max-image-preview:large, max-video-preview:-1\" \/>\n<link rel=\"canonical\" href=\"https:\/\/guineediversite.com\/index.php\/2018\/12\/24\/alpha-conde-au-fenac-2018-nos-differences-culturelles-ne-doivent-pas-nous-opposer\/\" \/>\n<meta property=\"og:locale\" content=\"fr_FR\" \/>\n<meta property=\"og:type\" content=\"article\" \/>\n<meta property=\"og:title\" content=\"Alpha Cond\u00e9 au FENAC 2018: \u00ab Nos diff\u00e9rences culturelles ne doivent pas nous opposer \u00bb | Guin\u00e9e Diversit\u00e9\" \/>\n<meta property=\"og:description\" content=\"Le pr\u00e9sident de la R\u00e9publique, le Pr Alpha Cond\u00e9 a proc\u00e9d\u00e9 ce dimanche \u00e0 l\u2019ouverture officielle de la 17\u00e8me \u00e9dition du Festival National des Arts et de la Culture (FENAC) au Palais du peuple. Ainsi durant 4 jours, les troupes qualifi\u00e9es \u00e0 l\u2019issue de la Quinzaine Artistique R\u00e9gionale qui a regroup\u00e9 les 33 pr\u00e9fectures et [&hellip;]\" \/>\n<meta property=\"og:url\" content=\"https:\/\/guineediversite.com\/index.php\/2018\/12\/24\/alpha-conde-au-fenac-2018-nos-differences-culturelles-ne-doivent-pas-nous-opposer\/\" \/>\n<meta property=\"og:site_name\" content=\"Guin\u00e9e Diversit\u00e9\" \/>\n<meta property=\"article:publisher\" content=\"https:\/\/www.facebook.com\/guineediversite\/\" \/>\n<meta property=\"article:published_time\" content=\"2018-12-24T12:24:49+00:00\" \/>\n<meta property=\"og:image\" content=\"https:\/\/guineediversite.com\/wp-content\/uploads\/2018\/12\/img_1761-1.jpg\" \/>\n\t<meta property=\"og:image:width\" content=\"1024\" \/>\n\t<meta property=\"og:image:height\" content=\"576\" \/>\n\t<meta property=\"og:image:type\" content=\"image\/jpeg\" \/>\n<meta name=\"author\" content=\"Guin\u00e9e Diversit\u00e9\" \/>\n<meta name=\"twitter:card\" content=\"summary_large_image\" \/>\n<meta name=\"twitter:creator\" content=\"@GuineeDiversite\" \/>\n<meta name=\"twitter:site\" content=\"@GuineeDiversite\" \/>\n<meta name=\"twitter:label1\" content=\"\u00c9crit par\" \/>\n\t<meta name=\"twitter:data1\" content=\"Guin\u00e9e Diversit\u00e9\" \/>\n\t<meta name=\"twitter:label2\" content=\"Dur\u00e9e de lecture estim\u00e9e\" \/>\n\t<meta name=\"twitter:data2\" content=\"3 minutes\" \/>\n<script type=\"application\/ld+json\" class=\"yoast-schema-graph\">{\"@context\":\"https:\/\/schema.org\",\"@graph\":[{\"@type\":\"Article\",\"@id\":\"https:\/\/guineediversite.com\/index.php\/2018\/12\/24\/alpha-conde-au-fenac-2018-nos-differences-culturelles-ne-doivent-pas-nous-opposer\/#article\",\"isPartOf\":{\"@id\":\"https:\/\/guineediversite.com\/index.php\/2018\/12\/24\/alpha-conde-au-fenac-2018-nos-differences-culturelles-ne-doivent-pas-nous-opposer\/\"},\"author\":{\"name\":\"Guin\u00e9e Diversit\u00e9\",\"@id\":\"https:\/\/guineediversite.com\/#\/schema\/person\/afa08fb34e7fc6e1feafc892612bc836\"},\"headline\":\"Alpha Cond\u00e9 au FENAC 2018: \u00ab Nos diff\u00e9rences culturelles ne doivent pas nous opposer \u00bb\",\"datePublished\":\"2018-12-24T12:24:49+00:00\",\"dateModified\":\"2018-12-24T12:24:49+00:00\",\"mainEntityOfPage\":{\"@id\":\"https:\/\/guineediversite.com\/index.php\/2018\/12\/24\/alpha-conde-au-fenac-2018-nos-differences-culturelles-ne-doivent-pas-nous-opposer\/\"},\"wordCount\":521,\"publisher\":{\"@id\":\"https:\/\/guineediversite.com\/#organization\"},\"image\":{\"@id\":\"https:\/\/guineediversite.com\/index.php\/2018\/12\/24\/alpha-conde-au-fenac-2018-nos-differences-culturelles-ne-doivent-pas-nous-opposer\/#primaryimage\"},\"thumbnailUrl\":\"https:\/\/guineediversite.com\/wp-content\/uploads\/2018\/12\/img_1761-1.jpg\",\"articleSection\":[\"Culture\"],\"inLanguage\":\"fr-FR\"},{\"@type\":\"WebPage\",\"@id\":\"https:\/\/guineediversite.com\/index.php\/2018\/12\/24\/alpha-conde-au-fenac-2018-nos-differences-culturelles-ne-doivent-pas-nous-opposer\/\",\"url\":\"https:\/\/guineediversite.com\/index.php\/2018\/12\/24\/alpha-conde-au-fenac-2018-nos-differences-culturelles-ne-doivent-pas-nous-opposer\/\",\"name\":\"Alpha Cond\u00e9 au FENAC 2018: \u00ab Nos diff\u00e9rences culturelles ne doivent pas nous opposer \u00bb | Guin\u00e9e Diversit\u00e9\",\"isPartOf\":{\"@id\":\"https:\/\/guineediversite.com\/#website\"},\"primaryImageOfPage\":{\"@id\":\"https:\/\/guineediversite.com\/index.php\/2018\/12\/24\/alpha-conde-au-fenac-2018-nos-differences-culturelles-ne-doivent-pas-nous-opposer\/#primaryimage\"},\"image\":{\"@id\":\"https:\/\/guineediversite.com\/index.php\/2018\/12\/24\/alpha-conde-au-fenac-2018-nos-differences-culturelles-ne-doivent-pas-nous-opposer\/#primaryimage\"},\"thumbnailUrl\":\"https:\/\/guineediversite.com\/wp-content\/uploads\/2018\/12\/img_1761-1.jpg\",\"datePublished\":\"2018-12-24T12:24:49+00:00\",\"dateModified\":\"2018-12-24T12:24:49+00:00\",\"breadcrumb\":{\"@id\":\"https:\/\/guineediversite.com\/index.php\/2018\/12\/24\/alpha-conde-au-fenac-2018-nos-differences-culturelles-ne-doivent-pas-nous-opposer\/#breadcrumb\"},\"inLanguage\":\"fr-FR\",\"potentialAction\":[{\"@type\":\"ReadAction\",\"target\":[\"https:\/\/guineediversite.com\/index.php\/2018\/12\/24\/alpha-conde-au-fenac-2018-nos-differences-culturelles-ne-doivent-pas-nous-opposer\/\"]}]},{\"@type\":\"ImageObject\",\"inLanguage\":\"fr-FR\",\"@id\":\"https:\/\/guineediversite.com\/index.php\/2018\/12\/24\/alpha-conde-au-fenac-2018-nos-differences-culturelles-ne-doivent-pas-nous-opposer\/#primaryimage\",\"url\":\"https:\/\/guineediversite.com\/wp-content\/uploads\/2018\/12\/img_1761-1.jpg\",\"contentUrl\":\"https:\/\/guineediversite.com\/wp-content\/uploads\/2018\/12\/img_1761-1.jpg\",\"width\":1024,\"height\":576},{\"@type\":\"BreadcrumbList\",\"@id\":\"https:\/\/guineediversite.com\/index.php\/2018\/12\/24\/alpha-conde-au-fenac-2018-nos-differences-culturelles-ne-doivent-pas-nous-opposer\/#breadcrumb\",\"itemListElement\":[{\"@type\":\"ListItem\",\"position\":1,\"name\":\"Accueil\",\"item\":\"https:\/\/guineediversite.com\/\"},{\"@type\":\"ListItem\",\"position\":2,\"name\":\"Alpha Cond\u00e9 au FENAC 2018: \u00ab Nos diff\u00e9rences culturelles ne doivent pas nous opposer \u00bb\"}]},{\"@type\":\"WebSite\",\"@id\":\"https:\/\/guineediversite.com\/#website\",\"url\":\"https:\/\/guineediversite.com\/\",\"name\":\"Guin\u00e9e Diversit\u00e9\",\"description\":\"L&#039;Info dans toute sa diversit\u00e9\",\"publisher\":{\"@id\":\"https:\/\/guineediversite.com\/#organization\"},\"potentialAction\":[{\"@type\":\"SearchAction\",\"target\":{\"@type\":\"EntryPoint\",\"urlTemplate\":\"https:\/\/guineediversite.com\/?s={search_term_string}\"},\"query-input\":{\"@type\":\"PropertyValueSpecification\",\"valueRequired\":true,\"valueName\":\"search_term_string\"}}],\"inLanguage\":\"fr-FR\"},{\"@type\":\"Organization\",\"@id\":\"https:\/\/guineediversite.com\/#organization\",\"name\":\"Guin\u00e9e Diversit\u00e9\",\"url\":\"https:\/\/guineediversite.com\/\",\"logo\":{\"@type\":\"ImageObject\",\"inLanguage\":\"fr-FR\",\"@id\":\"https:\/\/guineediversite.com\/#\/schema\/logo\/image\/\",\"url\":\"https:\/\/guineediversite.com\/wp-content\/uploads\/2017\/04\/cropped-1jojlxEOMkX9Wyqfhe43D6kjPOGqBBKmx3EwWJqZ0cMrFF54yM49.png\",\"contentUrl\":\"https:\/\/guineediversite.com\/wp-content\/uploads\/2017\/04\/cropped-1jojlxEOMkX9Wyqfhe43D6kjPOGqBBKmx3EwWJqZ0cMrFF54yM49.png\",\"width\":186,\"height\":112,\"caption\":\"Guin\u00e9e Diversit\u00e9\"},\"image\":{\"@id\":\"https:\/\/guineediversite.com\/#\/schema\/logo\/image\/\"},\"sameAs\":[\"https:\/\/www.facebook.com\/guineediversite\/\",\"https:\/\/x.com\/GuineeDiversite\",\"https:\/\/www.youtube.com\/channel\/UC8sUY16qelG5ge6_D5SB83g\"]},{\"@type\":\"Person\",\"@id\":\"https:\/\/guineediversite.com\/#\/schema\/person\/afa08fb34e7fc6e1feafc892612bc836\",\"name\":\"Guin\u00e9e Diversit\u00e9\",\"image\":{\"@type\":\"ImageObject\",\"inLanguage\":\"fr-FR\",\"@id\":\"https:\/\/guineediversite.com\/#\/schema\/person\/image\/\",\"url\":\"https:\/\/secure.gravatar.com\/avatar\/50d5eb5b390f8b65ac30ac6f898eb83a?s=96&d=mm&r=g\",\"contentUrl\":\"https:\/\/secure.gravatar.com\/avatar\/50d5eb5b390f8b65ac30ac6f898eb83a?s=96&d=mm&r=g\",\"caption\":\"Guin\u00e9e Diversit\u00e9\"},\"url\":\"https:\/\/guineediversite.com\/index.php\/author\/guineediversite\/\"}]}<\/script>\n<!-- \/ Yoast SEO plugin. -->","yoast_head_json":{"title":"Alpha Cond\u00e9 au FENAC 2018: \u00ab Nos diff\u00e9rences culturelles ne doivent pas nous opposer \u00bb | Guin\u00e9e Diversit\u00e9","robots":{"index":"index","follow":"follow","max-snippet":"max-snippet:-1","max-image-preview":"max-image-preview:large","max-video-preview":"max-video-preview:-1"},"canonical":"https:\/\/guineediversite.com\/index.php\/2018\/12\/24\/alpha-conde-au-fenac-2018-nos-differences-culturelles-ne-doivent-pas-nous-opposer\/","og_locale":"fr_FR","og_type":"article","og_title":"Alpha Cond\u00e9 au FENAC 2018: \u00ab Nos diff\u00e9rences culturelles ne doivent pas nous opposer \u00bb | Guin\u00e9e Diversit\u00e9","og_description":"Le pr\u00e9sident de la R\u00e9publique, le Pr Alpha Cond\u00e9 a proc\u00e9d\u00e9 ce dimanche \u00e0 l\u2019ouverture officielle de la 17\u00e8me \u00e9dition du Festival National des Arts et de la Culture (FENAC) au Palais du peuple. Ainsi durant 4 jours, les troupes qualifi\u00e9es \u00e0 l\u2019issue de la Quinzaine Artistique R\u00e9gionale qui a regroup\u00e9 les 33 pr\u00e9fectures et [&hellip;]","og_url":"https:\/\/guineediversite.com\/index.php\/2018\/12\/24\/alpha-conde-au-fenac-2018-nos-differences-culturelles-ne-doivent-pas-nous-opposer\/","og_site_name":"Guin\u00e9e Diversit\u00e9","article_publisher":"https:\/\/www.facebook.com\/guineediversite\/","article_published_time":"2018-12-24T12:24:49+00:00","og_image":[{"width":1024,"height":576,"url":"https:\/\/guineediversite.com\/wp-content\/uploads\/2018\/12\/img_1761-1.jpg","type":"image\/jpeg"}],"author":"Guin\u00e9e Diversit\u00e9","twitter_card":"summary_large_image","twitter_creator":"@GuineeDiversite","twitter_site":"@GuineeDiversite","twitter_misc":{"\u00c9crit par":"Guin\u00e9e Diversit\u00e9","Dur\u00e9e de lecture estim\u00e9e":"3 minutes"},"schema":{"@context":"https:\/\/schema.org","@graph":[{"@type":"Article","@id":"https:\/\/guineediversite.com\/index.php\/2018\/12\/24\/alpha-conde-au-fenac-2018-nos-differences-culturelles-ne-doivent-pas-nous-opposer\/#article","isPartOf":{"@id":"https:\/\/guineediversite.com\/index.php\/2018\/12\/24\/alpha-conde-au-fenac-2018-nos-differences-culturelles-ne-doivent-pas-nous-opposer\/"},"author":{"name":"Guin\u00e9e Diversit\u00e9","@id":"https:\/\/guineediversite.com\/#\/schema\/person\/afa08fb34e7fc6e1feafc892612bc836"},"headline":"Alpha Cond\u00e9 au FENAC 2018: \u00ab Nos diff\u00e9rences culturelles ne doivent pas nous opposer \u00bb","datePublished":"2018-12-24T12:24:49+00:00","dateModified":"2018-12-24T12:24:49+00:00","mainEntityOfPage":{"@id":"https:\/\/guineediversite.com\/index.php\/2018\/12\/24\/alpha-conde-au-fenac-2018-nos-differences-culturelles-ne-doivent-pas-nous-opposer\/"},"wordCount":521,"publisher":{"@id":"https:\/\/guineediversite.com\/#organization"},"image":{"@id":"https:\/\/guineediversite.com\/index.php\/2018\/12\/24\/alpha-conde-au-fenac-2018-nos-differences-culturelles-ne-doivent-pas-nous-opposer\/#primaryimage"},"thumbnailUrl":"https:\/\/guineediversite.com\/wp-content\/uploads\/2018\/12\/img_1761-1.jpg","articleSection":["Culture"],"inLanguage":"fr-FR"},{"@type":"WebPage","@id":"https:\/\/guineediversite.com\/index.php\/2018\/12\/24\/alpha-conde-au-fenac-2018-nos-differences-culturelles-ne-doivent-pas-nous-opposer\/","url":"https:\/\/guineediversite.com\/index.php\/2018\/12\/24\/alpha-conde-au-fenac-2018-nos-differences-culturelles-ne-doivent-pas-nous-opposer\/","name":"Alpha Cond\u00e9 au FENAC 2018: \u00ab Nos diff\u00e9rences culturelles ne doivent pas nous opposer \u00bb | Guin\u00e9e Diversit\u00e9","isPartOf":{"@id":"https:\/\/guineediversite.com\/#website"},"primaryImageOfPage":{"@id":"https:\/\/guineediversite.com\/index.php\/2018\/12\/24\/alpha-conde-au-fenac-2018-nos-differences-culturelles-ne-doivent-pas-nous-opposer\/#primaryimage"},"image":{"@id":"https:\/\/guineediversite.com\/index.php\/2018\/12\/24\/alpha-conde-au-fenac-2018-nos-differences-culturelles-ne-doivent-pas-nous-opposer\/#primaryimage"},"thumbnailUrl":"https:\/\/guineediversite.com\/wp-content\/uploads\/2018\/12\/img_1761-1.jpg","datePublished":"2018-12-24T12:24:49+00:00","dateModified":"2018-12-24T12:24:49+00:00","breadcrumb":{"@id":"https:\/\/guineediversite.com\/index.php\/2018\/12\/24\/alpha-conde-au-fenac-2018-nos-differences-culturelles-ne-doivent-pas-nous-opposer\/#breadcrumb"},"inLanguage":"fr-FR","potentialAction":[{"@type":"ReadAction","target":["https:\/\/guineediversite.com\/index.php\/2018\/12\/24\/alpha-conde-au-fenac-2018-nos-differences-culturelles-ne-doivent-pas-nous-opposer\/"]}]},{"@type":"ImageObject","inLanguage":"fr-FR","@id":"https:\/\/guineediversite.com\/index.php\/2018\/12\/24\/alpha-conde-au-fenac-2018-nos-differences-culturelles-ne-doivent-pas-nous-opposer\/#primaryimage","url":"https:\/\/guineediversite.com\/wp-content\/uploads\/2018\/12\/img_1761-1.jpg","contentUrl":"https:\/\/guineediversite.com\/wp-content\/uploads\/2018\/12\/img_1761-1.jpg","width":1024,"height":576},{"@type":"BreadcrumbList","@id":"https:\/\/guineediversite.com\/index.php\/2018\/12\/24\/alpha-conde-au-fenac-2018-nos-differences-culturelles-ne-doivent-pas-nous-opposer\/#breadcrumb","itemListElement":[{"@type":"ListItem","position":1,"name":"Accueil","item":"https:\/\/guineediversite.com\/"},{"@type":"ListItem","position":2,"name":"Alpha Cond\u00e9 au FENAC 2018: \u00ab Nos diff\u00e9rences culturelles ne doivent pas nous opposer \u00bb"}]},{"@type":"WebSite","@id":"https:\/\/guineediversite.com\/#website","url":"https:\/\/guineediversite.com\/","name":"Guin\u00e9e Diversit\u00e9","description":"L&#039;Info dans toute sa diversit\u00e9","publisher":{"@id":"https:\/\/guineediversite.com\/#organization"},"potentialAction":[{"@type":"SearchAction","target":{"@type":"EntryPoint","urlTemplate":"https:\/\/guineediversite.com\/?s={search_term_string}"},"query-input":{"@type":"PropertyValueSpecification","valueRequired":true,"valueName":"search_term_string"}}],"inLanguage":"fr-FR"},{"@type":"Organization","@id":"https:\/\/guineediversite.com\/#organization","name":"Guin\u00e9e Diversit\u00e9","url":"https:\/\/guineediversite.com\/","logo":{"@type":"ImageObject","inLanguage":"fr-FR","@id":"https:\/\/guineediversite.com\/#\/schema\/logo\/image\/","url":"https:\/\/guineediversite.com\/wp-content\/uploads\/2017\/04\/cropped-1jojlxEOMkX9Wyqfhe43D6kjPOGqBBKmx3EwWJqZ0cMrFF54yM49.png","contentUrl":"https:\/\/guineediversite.com\/wp-content\/uploads\/2017\/04\/cropped-1jojlxEOMkX9Wyqfhe43D6kjPOGqBBKmx3EwWJqZ0cMrFF54yM49.png","width":186,"height":112,"caption":"Guin\u00e9e Diversit\u00e9"},"image":{"@id":"https:\/\/guineediversite.com\/#\/schema\/logo\/image\/"},"sameAs":["https:\/\/www.facebook.com\/guineediversite\/","https:\/\/x.com\/GuineeDiversite","https:\/\/www.youtube.com\/channel\/UC8sUY16qelG5ge6_D5SB83g"]},{"@type":"Person","@id":"https:\/\/guineediversite.com\/#\/schema\/person\/afa08fb34e7fc6e1feafc892612bc836","name":"Guin\u00e9e Diversit\u00e9","image":{"@type":"ImageObject","inLanguage":"fr-FR","@id":"https:\/\/guineediversite.com\/#\/schema\/person\/image\/","url":"https:\/\/secure.gravatar.com\/avatar\/50d5eb5b390f8b65ac30ac6f898eb83a?s=96&d=mm&r=g","contentUrl":"https:\/\/secure.gravatar.com\/avatar\/50d5eb5b390f8b65ac30ac6f898eb83a?s=96&d=mm&r=g","caption":"Guin\u00e9e Diversit\u00e9"},"url":"https:\/\/guineediversite.com\/index.php\/author\/guineediversite\/"}]}},"_links":{"self":[{"href":"https:\/\/guineediversite.com\/index.php\/wp-json\/wp\/v2\/posts\/27680"}],"collection":[{"href":"https:\/\/guineediversite.com\/index.php\/wp-json\/wp\/v2\/posts"}],"about":[{"href":"https:\/\/guineediversite.com\/index.php\/wp-json\/wp\/v2\/types\/post"}],"author":[{"embeddable":true,"href":"https:\/\/guineediversite.com\/index.php\/wp-json\/wp\/v2\/users\/12"}],"replies":[{"embeddable":true,"href":"https:\/\/guineediversite.com\/index.php\/wp-json\/wp\/v2\/comments?post=27680"}],"version-history":[{"count":0,"href":"https:\/\/guineediversite.com\/index.php\/wp-json\/wp\/v2\/posts\/27680\/revisions"}],"wp:featuredmedia":[{"embeddable":true,"href":"https:\/\/guineediversite.com\/index.php\/wp-json\/wp\/v2\/media\/27681"}],"wp:attachment":[{"href":"https:\/\/guineediversite.com\/index.php\/wp-json\/wp\/v2\/media?parent=27680"}],"wp:term":[{"taxonomy":"category","embeddable":true,"href":"https:\/\/guineediversite.com\/index.php\/wp-json\/wp\/v2\/categories?post=27680"},{"taxonomy":"post_tag","embeddable":true,"href":"https:\/\/guineediversite.com\/index.php\/wp-json\/wp\/v2\/tags?post=27680"}],"curies":[{"name":"wp","href":"https:\/\/api.w.org\/{rel}","templated":true}]}}