{"id":27673,"date":"2018-12-21T15:34:58","date_gmt":"2018-12-21T14:34:58","guid":{"rendered":"https:\/\/guineediversite.com\/?p=27673"},"modified":"2018-12-21T15:34:58","modified_gmt":"2018-12-21T14:34:58","slug":"fenac-jinvite-tout-le-public-de-conakry-le-dimanche-au-palais-du-peuple-a-13-h-lance-fodeba-isto-keira","status":"publish","type":"post","link":"https:\/\/guineediversite.com\/index.php\/2018\/12\/21\/fenac-jinvite-tout-le-public-de-conakry-le-dimanche-au-palais-du-peuple-a-13-h-lance-fodeba-isto-keira\/","title":{"rendered":"FENAC: \u00ab J\u2019invite tout le public de Conakry le dimanche au palais du peuple \u00e0 13 h \u00bb lance Fodeba Isto Keira."},"content":{"rendered":"<p>La salle des congr\u00e8s du palais du peuple va vibrer dimanche, au rythme des tambours, des tam-tams, des danses folkloriques et la prestation des Ballets Africains de Guin\u00e9e, \u00e0 l\u2019occasion du lancement officiel de la 17e \u00e9dition du Festival National des Arts et de la Culture.<\/p>\n<p>Le coup d\u2019envoi, selon les organisateurs, sera donn\u00e9 par les Ballets Africains de Guin\u00e9e ce dimanche 23 d\u00e9cembre 2018 \u00e0 13 heures.<\/p>\n<p>Selon Fodeba Isto Keira, secr\u00e9taire g\u00e9n\u00e9ral du Minist\u00e8re des sports, de la culture et du patrimoine historique, toutes les dispositions sont prises pour la r\u00e9ussite de cette \u00e9dition. Il pr\u00e9cise que les spectacles sont gratuits au niveau des sites retenus pour ce grand rendez-vous des arts et de la culture en Guin\u00e9e.<\/p>\n<p>\u00ab Au nom de mon ministre, je pr\u00e9cise que tous les spectacles sont gratuits, pour le mus\u00e9 national, pour le th\u00e9\u00e2tre, l\u2019espace culturel Fougou Fougou. Les ressortissants de toutes les pr\u00e9fectures de la Guin\u00e9e sont invit\u00e9s sur ces diff\u00e9rents sites, pour soutenir et encourager les artistes du peuple. J\u2019invite tout le public de Conakry le dimanche au palais du peuple \u00e0 13 h, parce que \u00e7a va \u00eatre l\u2019ouverture du festival nationale des arts et de la culture. Le groupe retenu pour l\u2019ouverture avec un programme all\u00e9chant, exceptionnel, historique, c\u2019est les Ballets africains de Guin\u00e9e qui ont 70 ans de vie cette ann\u00e9e. C\u2019est plac\u00e9 aussi sous le signe, les 70 ans de l\u2019ensemble des Ballets africains de Guin\u00e9e. Nous pensons que \u00e7a va \u00eatre une tr\u00e8s grande f\u00eate pr\u00e9sid\u00e9e par le chef de l\u2019Etat \u00bb, pr\u00e9cise Fodeba Isto Keira.<\/p>\n<p>Pour cet ancien ministre de la Culture, le d\u00e9veloppement ne suppose pas seulement l\u2019am\u00e9lioration des conditions \u00e9conomiques, c\u2019est aussi le potentiel de cr\u00e9ation du capital culturel et la valorisation de notre identit\u00e9 culturelle qui sont de v\u00e9ritables instruments de coh\u00e9sion sociale.<\/p>\n<p>Source guineetribune<\/p>\n","protected":false},"excerpt":{"rendered":"<p>La salle des congr\u00e8s du palais du peuple va vibrer dimanche, au rythme des tambours, des tam-tams, des danses folkloriques et la prestation des Ballets Africains de Guin\u00e9e, \u00e0 l\u2019occasion du lancement officiel de la 17e \u00e9dition du Festival National des Arts et de la Culture. Le coup d\u2019envoi, selon les organisateurs, sera donn\u00e9 par [&hellip;]<\/p>\n","protected":false},"author":12,"featured_media":27674,"comment_status":"closed","ping_status":"closed","sticky":false,"template":"","format":"standard","meta":{"_exactmetrics_skip_tracking":false,"_exactmetrics_sitenote_active":false,"_exactmetrics_sitenote_note":"","_exactmetrics_sitenote_category":0,"tdm_status":"","tdm_grid_status":"","footnotes":""},"categories":[24],"tags":[],"class_list":{"0":"post-27673","1":"post","2":"type-post","3":"status-publish","4":"format-standard","5":"has-post-thumbnail","7":"category-art-et-culture"},"yoast_head":"<!-- This site is optimized with the Yoast SEO plugin v24.2 - https:\/\/yoast.com\/wordpress\/plugins\/seo\/ -->\n<title>FENAC: \u00ab J\u2019invite tout le public de Conakry le dimanche au palais du peuple \u00e0 13 h \u00bb lance Fodeba Isto Keira. | Guin\u00e9e Diversit\u00e9<\/title>\n<meta name=\"robots\" content=\"index, follow, max-snippet:-1, max-image-preview:large, max-video-preview:-1\" \/>\n<link rel=\"canonical\" href=\"https:\/\/guineediversite.com\/index.php\/2018\/12\/21\/fenac-jinvite-tout-le-public-de-conakry-le-dimanche-au-palais-du-peuple-a-13-h-lance-fodeba-isto-keira\/\" \/>\n<meta property=\"og:locale\" content=\"fr_FR\" \/>\n<meta property=\"og:type\" content=\"article\" \/>\n<meta property=\"og:title\" content=\"FENAC: \u00ab J\u2019invite tout le public de Conakry le dimanche au palais du peuple \u00e0 13 h \u00bb lance Fodeba Isto Keira. | Guin\u00e9e Diversit\u00e9\" \/>\n<meta property=\"og:description\" content=\"La salle des congr\u00e8s du palais du peuple va vibrer dimanche, au rythme des tambours, des tam-tams, des danses folkloriques et la prestation des Ballets Africains de Guin\u00e9e, \u00e0 l\u2019occasion du lancement officiel de la 17e \u00e9dition du Festival National des Arts et de la Culture. Le coup d\u2019envoi, selon les organisateurs, sera donn\u00e9 par [&hellip;]\" \/>\n<meta property=\"og:url\" content=\"https:\/\/guineediversite.com\/index.php\/2018\/12\/21\/fenac-jinvite-tout-le-public-de-conakry-le-dimanche-au-palais-du-peuple-a-13-h-lance-fodeba-isto-keira\/\" \/>\n<meta property=\"og:site_name\" content=\"Guin\u00e9e Diversit\u00e9\" \/>\n<meta property=\"article:publisher\" content=\"https:\/\/www.facebook.com\/guineediversite\/\" \/>\n<meta property=\"article:published_time\" content=\"2018-12-21T14:34:58+00:00\" \/>\n<meta property=\"og:image\" content=\"https:\/\/guineediversite.com\/wp-content\/uploads\/2018\/12\/20181221_132849.jpg\" \/>\n\t<meta property=\"og:image:width\" content=\"1022\" \/>\n\t<meta property=\"og:image:height\" content=\"1901\" \/>\n\t<meta property=\"og:image:type\" content=\"image\/jpeg\" \/>\n<meta name=\"author\" content=\"Guin\u00e9e Diversit\u00e9\" \/>\n<meta name=\"twitter:card\" content=\"summary_large_image\" \/>\n<meta name=\"twitter:creator\" content=\"@GuineeDiversite\" \/>\n<meta name=\"twitter:site\" content=\"@GuineeDiversite\" \/>\n<meta name=\"twitter:label1\" content=\"\u00c9crit par\" \/>\n\t<meta name=\"twitter:data1\" content=\"Guin\u00e9e Diversit\u00e9\" \/>\n\t<meta name=\"twitter:label2\" content=\"Dur\u00e9e de lecture estim\u00e9e\" \/>\n\t<meta name=\"twitter:data2\" content=\"2 minutes\" \/>\n<script type=\"application\/ld+json\" class=\"yoast-schema-graph\">{\"@context\":\"https:\/\/schema.org\",\"@graph\":[{\"@type\":\"Article\",\"@id\":\"https:\/\/guineediversite.com\/index.php\/2018\/12\/21\/fenac-jinvite-tout-le-public-de-conakry-le-dimanche-au-palais-du-peuple-a-13-h-lance-fodeba-isto-keira\/#article\",\"isPartOf\":{\"@id\":\"https:\/\/guineediversite.com\/index.php\/2018\/12\/21\/fenac-jinvite-tout-le-public-de-conakry-le-dimanche-au-palais-du-peuple-a-13-h-lance-fodeba-isto-keira\/\"},\"author\":{\"name\":\"Guin\u00e9e Diversit\u00e9\",\"@id\":\"https:\/\/guineediversite.com\/#\/schema\/person\/afa08fb34e7fc6e1feafc892612bc836\"},\"headline\":\"FENAC: \u00ab J\u2019invite tout le public de Conakry le dimanche au palais du peuple \u00e0 13 h \u00bb lance Fodeba Isto Keira.\",\"datePublished\":\"2018-12-21T14:34:58+00:00\",\"dateModified\":\"2018-12-21T14:34:58+00:00\",\"mainEntityOfPage\":{\"@id\":\"https:\/\/guineediversite.com\/index.php\/2018\/12\/21\/fenac-jinvite-tout-le-public-de-conakry-le-dimanche-au-palais-du-peuple-a-13-h-lance-fodeba-isto-keira\/\"},\"wordCount\":354,\"publisher\":{\"@id\":\"https:\/\/guineediversite.com\/#organization\"},\"image\":{\"@id\":\"https:\/\/guineediversite.com\/index.php\/2018\/12\/21\/fenac-jinvite-tout-le-public-de-conakry-le-dimanche-au-palais-du-peuple-a-13-h-lance-fodeba-isto-keira\/#primaryimage\"},\"thumbnailUrl\":\"https:\/\/guineediversite.com\/wp-content\/uploads\/2018\/12\/20181221_132849.jpg\",\"articleSection\":[\"Culture\"],\"inLanguage\":\"fr-FR\"},{\"@type\":\"WebPage\",\"@id\":\"https:\/\/guineediversite.com\/index.php\/2018\/12\/21\/fenac-jinvite-tout-le-public-de-conakry-le-dimanche-au-palais-du-peuple-a-13-h-lance-fodeba-isto-keira\/\",\"url\":\"https:\/\/guineediversite.com\/index.php\/2018\/12\/21\/fenac-jinvite-tout-le-public-de-conakry-le-dimanche-au-palais-du-peuple-a-13-h-lance-fodeba-isto-keira\/\",\"name\":\"FENAC: \u00ab J\u2019invite tout le public de Conakry le dimanche au palais du peuple \u00e0 13 h \u00bb lance Fodeba Isto Keira. | Guin\u00e9e Diversit\u00e9\",\"isPartOf\":{\"@id\":\"https:\/\/guineediversite.com\/#website\"},\"primaryImageOfPage\":{\"@id\":\"https:\/\/guineediversite.com\/index.php\/2018\/12\/21\/fenac-jinvite-tout-le-public-de-conakry-le-dimanche-au-palais-du-peuple-a-13-h-lance-fodeba-isto-keira\/#primaryimage\"},\"image\":{\"@id\":\"https:\/\/guineediversite.com\/index.php\/2018\/12\/21\/fenac-jinvite-tout-le-public-de-conakry-le-dimanche-au-palais-du-peuple-a-13-h-lance-fodeba-isto-keira\/#primaryimage\"},\"thumbnailUrl\":\"https:\/\/guineediversite.com\/wp-content\/uploads\/2018\/12\/20181221_132849.jpg\",\"datePublished\":\"2018-12-21T14:34:58+00:00\",\"dateModified\":\"2018-12-21T14:34:58+00:00\",\"breadcrumb\":{\"@id\":\"https:\/\/guineediversite.com\/index.php\/2018\/12\/21\/fenac-jinvite-tout-le-public-de-conakry-le-dimanche-au-palais-du-peuple-a-13-h-lance-fodeba-isto-keira\/#breadcrumb\"},\"inLanguage\":\"fr-FR\",\"potentialAction\":[{\"@type\":\"ReadAction\",\"target\":[\"https:\/\/guineediversite.com\/index.php\/2018\/12\/21\/fenac-jinvite-tout-le-public-de-conakry-le-dimanche-au-palais-du-peuple-a-13-h-lance-fodeba-isto-keira\/\"]}]},{\"@type\":\"ImageObject\",\"inLanguage\":\"fr-FR\",\"@id\":\"https:\/\/guineediversite.com\/index.php\/2018\/12\/21\/fenac-jinvite-tout-le-public-de-conakry-le-dimanche-au-palais-du-peuple-a-13-h-lance-fodeba-isto-keira\/#primaryimage\",\"url\":\"https:\/\/guineediversite.com\/wp-content\/uploads\/2018\/12\/20181221_132849.jpg\",\"contentUrl\":\"https:\/\/guineediversite.com\/wp-content\/uploads\/2018\/12\/20181221_132849.jpg\",\"width\":1022,\"height\":1901},{\"@type\":\"BreadcrumbList\",\"@id\":\"https:\/\/guineediversite.com\/index.php\/2018\/12\/21\/fenac-jinvite-tout-le-public-de-conakry-le-dimanche-au-palais-du-peuple-a-13-h-lance-fodeba-isto-keira\/#breadcrumb\",\"itemListElement\":[{\"@type\":\"ListItem\",\"position\":1,\"name\":\"Accueil\",\"item\":\"https:\/\/guineediversite.com\/\"},{\"@type\":\"ListItem\",\"position\":2,\"name\":\"FENAC: \u00ab J\u2019invite tout le public de Conakry le dimanche au palais du peuple \u00e0 13 h \u00bb lance Fodeba Isto Keira.\"}]},{\"@type\":\"WebSite\",\"@id\":\"https:\/\/guineediversite.com\/#website\",\"url\":\"https:\/\/guineediversite.com\/\",\"name\":\"Guin\u00e9e Diversit\u00e9\",\"description\":\"L&#039;Info dans toute sa diversit\u00e9\",\"publisher\":{\"@id\":\"https:\/\/guineediversite.com\/#organization\"},\"potentialAction\":[{\"@type\":\"SearchAction\",\"target\":{\"@type\":\"EntryPoint\",\"urlTemplate\":\"https:\/\/guineediversite.com\/?s={search_term_string}\"},\"query-input\":{\"@type\":\"PropertyValueSpecification\",\"valueRequired\":true,\"valueName\":\"search_term_string\"}}],\"inLanguage\":\"fr-FR\"},{\"@type\":\"Organization\",\"@id\":\"https:\/\/guineediversite.com\/#organization\",\"name\":\"Guin\u00e9e Diversit\u00e9\",\"url\":\"https:\/\/guineediversite.com\/\",\"logo\":{\"@type\":\"ImageObject\",\"inLanguage\":\"fr-FR\",\"@id\":\"https:\/\/guineediversite.com\/#\/schema\/logo\/image\/\",\"url\":\"https:\/\/guineediversite.com\/wp-content\/uploads\/2017\/04\/cropped-1jojlxEOMkX9Wyqfhe43D6kjPOGqBBKmx3EwWJqZ0cMrFF54yM49.png\",\"contentUrl\":\"https:\/\/guineediversite.com\/wp-content\/uploads\/2017\/04\/cropped-1jojlxEOMkX9Wyqfhe43D6kjPOGqBBKmx3EwWJqZ0cMrFF54yM49.png\",\"width\":186,\"height\":112,\"caption\":\"Guin\u00e9e Diversit\u00e9\"},\"image\":{\"@id\":\"https:\/\/guineediversite.com\/#\/schema\/logo\/image\/\"},\"sameAs\":[\"https:\/\/www.facebook.com\/guineediversite\/\",\"https:\/\/x.com\/GuineeDiversite\",\"https:\/\/www.youtube.com\/channel\/UC8sUY16qelG5ge6_D5SB83g\"]},{\"@type\":\"Person\",\"@id\":\"https:\/\/guineediversite.com\/#\/schema\/person\/afa08fb34e7fc6e1feafc892612bc836\",\"name\":\"Guin\u00e9e Diversit\u00e9\",\"image\":{\"@type\":\"ImageObject\",\"inLanguage\":\"fr-FR\",\"@id\":\"https:\/\/guineediversite.com\/#\/schema\/person\/image\/\",\"url\":\"https:\/\/secure.gravatar.com\/avatar\/50d5eb5b390f8b65ac30ac6f898eb83a?s=96&d=mm&r=g\",\"contentUrl\":\"https:\/\/secure.gravatar.com\/avatar\/50d5eb5b390f8b65ac30ac6f898eb83a?s=96&d=mm&r=g\",\"caption\":\"Guin\u00e9e Diversit\u00e9\"},\"url\":\"https:\/\/guineediversite.com\/index.php\/author\/guineediversite\/\"}]}<\/script>\n<!-- \/ Yoast SEO plugin. -->","yoast_head_json":{"title":"FENAC: \u00ab J\u2019invite tout le public de Conakry le dimanche au palais du peuple \u00e0 13 h \u00bb lance Fodeba Isto Keira. | Guin\u00e9e Diversit\u00e9","robots":{"index":"index","follow":"follow","max-snippet":"max-snippet:-1","max-image-preview":"max-image-preview:large","max-video-preview":"max-video-preview:-1"},"canonical":"https:\/\/guineediversite.com\/index.php\/2018\/12\/21\/fenac-jinvite-tout-le-public-de-conakry-le-dimanche-au-palais-du-peuple-a-13-h-lance-fodeba-isto-keira\/","og_locale":"fr_FR","og_type":"article","og_title":"FENAC: \u00ab J\u2019invite tout le public de Conakry le dimanche au palais du peuple \u00e0 13 h \u00bb lance Fodeba Isto Keira. | Guin\u00e9e Diversit\u00e9","og_description":"La salle des congr\u00e8s du palais du peuple va vibrer dimanche, au rythme des tambours, des tam-tams, des danses folkloriques et la prestation des Ballets Africains de Guin\u00e9e, \u00e0 l\u2019occasion du lancement officiel de la 17e \u00e9dition du Festival National des Arts et de la Culture. Le coup d\u2019envoi, selon les organisateurs, sera donn\u00e9 par [&hellip;]","og_url":"https:\/\/guineediversite.com\/index.php\/2018\/12\/21\/fenac-jinvite-tout-le-public-de-conakry-le-dimanche-au-palais-du-peuple-a-13-h-lance-fodeba-isto-keira\/","og_site_name":"Guin\u00e9e Diversit\u00e9","article_publisher":"https:\/\/www.facebook.com\/guineediversite\/","article_published_time":"2018-12-21T14:34:58+00:00","og_image":[{"width":1022,"height":1901,"url":"https:\/\/guineediversite.com\/wp-content\/uploads\/2018\/12\/20181221_132849.jpg","type":"image\/jpeg"}],"author":"Guin\u00e9e Diversit\u00e9","twitter_card":"summary_large_image","twitter_creator":"@GuineeDiversite","twitter_site":"@GuineeDiversite","twitter_misc":{"\u00c9crit par":"Guin\u00e9e Diversit\u00e9","Dur\u00e9e de lecture estim\u00e9e":"2 minutes"},"schema":{"@context":"https:\/\/schema.org","@graph":[{"@type":"Article","@id":"https:\/\/guineediversite.com\/index.php\/2018\/12\/21\/fenac-jinvite-tout-le-public-de-conakry-le-dimanche-au-palais-du-peuple-a-13-h-lance-fodeba-isto-keira\/#article","isPartOf":{"@id":"https:\/\/guineediversite.com\/index.php\/2018\/12\/21\/fenac-jinvite-tout-le-public-de-conakry-le-dimanche-au-palais-du-peuple-a-13-h-lance-fodeba-isto-keira\/"},"author":{"name":"Guin\u00e9e Diversit\u00e9","@id":"https:\/\/guineediversite.com\/#\/schema\/person\/afa08fb34e7fc6e1feafc892612bc836"},"headline":"FENAC: \u00ab J\u2019invite tout le public de Conakry le dimanche au palais du peuple \u00e0 13 h \u00bb lance Fodeba Isto Keira.","datePublished":"2018-12-21T14:34:58+00:00","dateModified":"2018-12-21T14:34:58+00:00","mainEntityOfPage":{"@id":"https:\/\/guineediversite.com\/index.php\/2018\/12\/21\/fenac-jinvite-tout-le-public-de-conakry-le-dimanche-au-palais-du-peuple-a-13-h-lance-fodeba-isto-keira\/"},"wordCount":354,"publisher":{"@id":"https:\/\/guineediversite.com\/#organization"},"image":{"@id":"https:\/\/guineediversite.com\/index.php\/2018\/12\/21\/fenac-jinvite-tout-le-public-de-conakry-le-dimanche-au-palais-du-peuple-a-13-h-lance-fodeba-isto-keira\/#primaryimage"},"thumbnailUrl":"https:\/\/guineediversite.com\/wp-content\/uploads\/2018\/12\/20181221_132849.jpg","articleSection":["Culture"],"inLanguage":"fr-FR"},{"@type":"WebPage","@id":"https:\/\/guineediversite.com\/index.php\/2018\/12\/21\/fenac-jinvite-tout-le-public-de-conakry-le-dimanche-au-palais-du-peuple-a-13-h-lance-fodeba-isto-keira\/","url":"https:\/\/guineediversite.com\/index.php\/2018\/12\/21\/fenac-jinvite-tout-le-public-de-conakry-le-dimanche-au-palais-du-peuple-a-13-h-lance-fodeba-isto-keira\/","name":"FENAC: \u00ab J\u2019invite tout le public de Conakry le dimanche au palais du peuple \u00e0 13 h \u00bb lance Fodeba Isto Keira. | Guin\u00e9e Diversit\u00e9","isPartOf":{"@id":"https:\/\/guineediversite.com\/#website"},"primaryImageOfPage":{"@id":"https:\/\/guineediversite.com\/index.php\/2018\/12\/21\/fenac-jinvite-tout-le-public-de-conakry-le-dimanche-au-palais-du-peuple-a-13-h-lance-fodeba-isto-keira\/#primaryimage"},"image":{"@id":"https:\/\/guineediversite.com\/index.php\/2018\/12\/21\/fenac-jinvite-tout-le-public-de-conakry-le-dimanche-au-palais-du-peuple-a-13-h-lance-fodeba-isto-keira\/#primaryimage"},"thumbnailUrl":"https:\/\/guineediversite.com\/wp-content\/uploads\/2018\/12\/20181221_132849.jpg","datePublished":"2018-12-21T14:34:58+00:00","dateModified":"2018-12-21T14:34:58+00:00","breadcrumb":{"@id":"https:\/\/guineediversite.com\/index.php\/2018\/12\/21\/fenac-jinvite-tout-le-public-de-conakry-le-dimanche-au-palais-du-peuple-a-13-h-lance-fodeba-isto-keira\/#breadcrumb"},"inLanguage":"fr-FR","potentialAction":[{"@type":"ReadAction","target":["https:\/\/guineediversite.com\/index.php\/2018\/12\/21\/fenac-jinvite-tout-le-public-de-conakry-le-dimanche-au-palais-du-peuple-a-13-h-lance-fodeba-isto-keira\/"]}]},{"@type":"ImageObject","inLanguage":"fr-FR","@id":"https:\/\/guineediversite.com\/index.php\/2018\/12\/21\/fenac-jinvite-tout-le-public-de-conakry-le-dimanche-au-palais-du-peuple-a-13-h-lance-fodeba-isto-keira\/#primaryimage","url":"https:\/\/guineediversite.com\/wp-content\/uploads\/2018\/12\/20181221_132849.jpg","contentUrl":"https:\/\/guineediversite.com\/wp-content\/uploads\/2018\/12\/20181221_132849.jpg","width":1022,"height":1901},{"@type":"BreadcrumbList","@id":"https:\/\/guineediversite.com\/index.php\/2018\/12\/21\/fenac-jinvite-tout-le-public-de-conakry-le-dimanche-au-palais-du-peuple-a-13-h-lance-fodeba-isto-keira\/#breadcrumb","itemListElement":[{"@type":"ListItem","position":1,"name":"Accueil","item":"https:\/\/guineediversite.com\/"},{"@type":"ListItem","position":2,"name":"FENAC: \u00ab J\u2019invite tout le public de Conakry le dimanche au palais du peuple \u00e0 13 h \u00bb lance Fodeba Isto Keira."}]},{"@type":"WebSite","@id":"https:\/\/guineediversite.com\/#website","url":"https:\/\/guineediversite.com\/","name":"Guin\u00e9e Diversit\u00e9","description":"L&#039;Info dans toute sa diversit\u00e9","publisher":{"@id":"https:\/\/guineediversite.com\/#organization"},"potentialAction":[{"@type":"SearchAction","target":{"@type":"EntryPoint","urlTemplate":"https:\/\/guineediversite.com\/?s={search_term_string}"},"query-input":{"@type":"PropertyValueSpecification","valueRequired":true,"valueName":"search_term_string"}}],"inLanguage":"fr-FR"},{"@type":"Organization","@id":"https:\/\/guineediversite.com\/#organization","name":"Guin\u00e9e Diversit\u00e9","url":"https:\/\/guineediversite.com\/","logo":{"@type":"ImageObject","inLanguage":"fr-FR","@id":"https:\/\/guineediversite.com\/#\/schema\/logo\/image\/","url":"https:\/\/guineediversite.com\/wp-content\/uploads\/2017\/04\/cropped-1jojlxEOMkX9Wyqfhe43D6kjPOGqBBKmx3EwWJqZ0cMrFF54yM49.png","contentUrl":"https:\/\/guineediversite.com\/wp-content\/uploads\/2017\/04\/cropped-1jojlxEOMkX9Wyqfhe43D6kjPOGqBBKmx3EwWJqZ0cMrFF54yM49.png","width":186,"height":112,"caption":"Guin\u00e9e Diversit\u00e9"},"image":{"@id":"https:\/\/guineediversite.com\/#\/schema\/logo\/image\/"},"sameAs":["https:\/\/www.facebook.com\/guineediversite\/","https:\/\/x.com\/GuineeDiversite","https:\/\/www.youtube.com\/channel\/UC8sUY16qelG5ge6_D5SB83g"]},{"@type":"Person","@id":"https:\/\/guineediversite.com\/#\/schema\/person\/afa08fb34e7fc6e1feafc892612bc836","name":"Guin\u00e9e Diversit\u00e9","image":{"@type":"ImageObject","inLanguage":"fr-FR","@id":"https:\/\/guineediversite.com\/#\/schema\/person\/image\/","url":"https:\/\/secure.gravatar.com\/avatar\/50d5eb5b390f8b65ac30ac6f898eb83a?s=96&d=mm&r=g","contentUrl":"https:\/\/secure.gravatar.com\/avatar\/50d5eb5b390f8b65ac30ac6f898eb83a?s=96&d=mm&r=g","caption":"Guin\u00e9e Diversit\u00e9"},"url":"https:\/\/guineediversite.com\/index.php\/author\/guineediversite\/"}]}},"_links":{"self":[{"href":"https:\/\/guineediversite.com\/index.php\/wp-json\/wp\/v2\/posts\/27673"}],"collection":[{"href":"https:\/\/guineediversite.com\/index.php\/wp-json\/wp\/v2\/posts"}],"about":[{"href":"https:\/\/guineediversite.com\/index.php\/wp-json\/wp\/v2\/types\/post"}],"author":[{"embeddable":true,"href":"https:\/\/guineediversite.com\/index.php\/wp-json\/wp\/v2\/users\/12"}],"replies":[{"embeddable":true,"href":"https:\/\/guineediversite.com\/index.php\/wp-json\/wp\/v2\/comments?post=27673"}],"version-history":[{"count":0,"href":"https:\/\/guineediversite.com\/index.php\/wp-json\/wp\/v2\/posts\/27673\/revisions"}],"wp:featuredmedia":[{"embeddable":true,"href":"https:\/\/guineediversite.com\/index.php\/wp-json\/wp\/v2\/media\/27674"}],"wp:attachment":[{"href":"https:\/\/guineediversite.com\/index.php\/wp-json\/wp\/v2\/media?parent=27673"}],"wp:term":[{"taxonomy":"category","embeddable":true,"href":"https:\/\/guineediversite.com\/index.php\/wp-json\/wp\/v2\/categories?post=27673"},{"taxonomy":"post_tag","embeddable":true,"href":"https:\/\/guineediversite.com\/index.php\/wp-json\/wp\/v2\/tags?post=27673"}],"curies":[{"name":"wp","href":"https:\/\/api.w.org\/{rel}","templated":true}]}}