{"id":27668,"date":"2018-12-21T14:53:01","date_gmt":"2018-12-21T13:53:01","guid":{"rendered":"https:\/\/guineediversite.com\/?p=27668"},"modified":"2018-12-21T15:29:59","modified_gmt":"2018-12-21T14:29:59","slug":"labe-tout-le-monde-sait-que-jai-gagne-les-elections-presidentielles-en-1993-mais-jai-dit-dixit-alpha-conde","status":"publish","type":"post","link":"https:\/\/guineediversite.com\/index.php\/2018\/12\/21\/labe-tout-le-monde-sait-que-jai-gagne-les-elections-presidentielles-en-1993-mais-jai-dit-dixit-alpha-conde\/","title":{"rendered":"Lab\u00e9 : \u00ab Tout le monde sait que j\u2019ai gagn\u00e9 les \u00e9lections pr\u00e9sidentielles en 1993, mais j\u2019ai dit\u2026 \u00bb dixit Alpha Cond\u00e9"},"content":{"rendered":"<p>C\u2019est devant une foule compacte mobilis\u00e9e au stade r\u00e9gional El Hadj Saifoulaye Diallo de Lab\u00e9 que le chef de l\u2019Etat a tenu son discours. Devant les responsables et sages de la cit\u00e9 de Karamoko Alpha, le premier magistrat du pays s\u2019est exprim\u00e9 en ceci\u00a0: \u00ab\u00a0<em>les sages du Foutah savent que le Foutah est une r\u00e9gion tr\u00e8s religieuse et donc ils savent que c\u2019est Dieu qui donne le pouvoir. Dieu donne le pouvoir \u00e0 celui \u00e0 qui il veut donner, il enl\u00e8ve quand il veut enlever. Alors quand on croit en Dieu, qu\u2019on a confiance \u00e0 son destin on ne craint rien et on n\u2019a pas besoin de la violence<\/em>\u00a0\u00bb, enseigne le pr\u00e9sident Alpha Cond\u00e9.<\/p>\n<p>Au locataire du S\u00e9khoutoureya de brandir des preuves \u00ab\u00a0<em>la premi\u00e8re r\u00e9publique m\u2019a condamn\u00e9 \u00e0 mort par contumace. Tout le monde sait que j\u2019ai gagn\u00e9 les \u00e9lections pr\u00e9sidentielles en 93, mais j\u2019ai dit que je ne vais pas gouverner des cimeti\u00e8res, je suis venu travailler pour les hommes. Si j\u2019envoie une partie au cimeti\u00e8re pour qui je vais gouverner\u00a0? Donc j\u2019ai pris mon avion, je suis parti \u00e0 Paris parce que je ne veux pas marcher sur des cadavres. La deuxi\u00e8me r\u00e9publique m\u2019a mis en prison mais voil\u00e0 que je suis pr\u00e9sident. Donc c\u2019est la volont\u00e9 de Dieu et personne ne peut aller contre cela, rappelle le pr\u00e9sident Alpha Cond\u00e9<\/em>\u00a0\u00bb.<\/p>\n<p>Il faut noter que le chef de l\u2019Etat a proc\u00e9d\u00e9 au lancement officiel des travaux de r\u00e9habilitation et de la construction de 15 kilom\u00e8tres de la voirie urbaine pour un d\u00e9lai d\u2019ex\u00e9cution de 20 mois.<\/p>\n<p>KALENEWS<\/p>\n","protected":false},"excerpt":{"rendered":"<p>C\u2019est devant une foule compacte mobilis\u00e9e au stade r\u00e9gional El Hadj Saifoulaye Diallo de Lab\u00e9 que le chef de l\u2019Etat a tenu son discours. Devant les responsables et sages de la cit\u00e9 de Karamoko Alpha, le premier magistrat du pays s\u2019est exprim\u00e9 en ceci\u00a0: \u00ab\u00a0les sages du Foutah savent que le Foutah est une r\u00e9gion [&hellip;]<\/p>\n","protected":false},"author":12,"featured_media":27669,"comment_status":"closed","ping_status":"closed","sticky":false,"template":"","format":"standard","meta":{"_exactmetrics_skip_tracking":false,"_exactmetrics_sitenote_active":false,"_exactmetrics_sitenote_note":"","_exactmetrics_sitenote_category":0,"tdm_status":"","tdm_grid_status":"","footnotes":""},"categories":[14],"tags":[],"class_list":{"0":"post-27668","1":"post","2":"type-post","3":"status-publish","4":"format-standard","5":"has-post-thumbnail","7":"category-politique"},"yoast_head":"<!-- This site is optimized with the Yoast SEO plugin v24.2 - https:\/\/yoast.com\/wordpress\/plugins\/seo\/ -->\n<title>Lab\u00e9 : \u00ab Tout le monde sait que j\u2019ai gagn\u00e9 les \u00e9lections pr\u00e9sidentielles en 1993, mais j\u2019ai dit\u2026 \u00bb dixit Alpha Cond\u00e9 | Guin\u00e9e Diversit\u00e9<\/title>\n<meta name=\"robots\" content=\"index, follow, max-snippet:-1, max-image-preview:large, max-video-preview:-1\" \/>\n<link rel=\"canonical\" href=\"https:\/\/guineediversite.com\/index.php\/2018\/12\/21\/labe-tout-le-monde-sait-que-jai-gagne-les-elections-presidentielles-en-1993-mais-jai-dit-dixit-alpha-conde\/\" \/>\n<meta property=\"og:locale\" content=\"fr_FR\" \/>\n<meta property=\"og:type\" content=\"article\" \/>\n<meta property=\"og:title\" content=\"Lab\u00e9 : \u00ab Tout le monde sait que j\u2019ai gagn\u00e9 les \u00e9lections pr\u00e9sidentielles en 1993, mais j\u2019ai dit\u2026 \u00bb dixit Alpha Cond\u00e9 | Guin\u00e9e Diversit\u00e9\" \/>\n<meta property=\"og:description\" content=\"C\u2019est devant une foule compacte mobilis\u00e9e au stade r\u00e9gional El Hadj Saifoulaye Diallo de Lab\u00e9 que le chef de l\u2019Etat a tenu son discours. Devant les responsables et sages de la cit\u00e9 de Karamoko Alpha, le premier magistrat du pays s\u2019est exprim\u00e9 en ceci\u00a0: \u00ab\u00a0les sages du Foutah savent que le Foutah est une r\u00e9gion [&hellip;]\" \/>\n<meta property=\"og:url\" content=\"https:\/\/guineediversite.com\/index.php\/2018\/12\/21\/labe-tout-le-monde-sait-que-jai-gagne-les-elections-presidentielles-en-1993-mais-jai-dit-dixit-alpha-conde\/\" \/>\n<meta property=\"og:site_name\" content=\"Guin\u00e9e Diversit\u00e9\" \/>\n<meta property=\"article:publisher\" content=\"https:\/\/www.facebook.com\/guineediversite\/\" \/>\n<meta property=\"article:published_time\" content=\"2018-12-21T13:53:01+00:00\" \/>\n<meta property=\"article:modified_time\" content=\"2018-12-21T14:29:59+00:00\" \/>\n<meta property=\"og:image\" content=\"https:\/\/guineediversite.com\/wp-content\/uploads\/2018\/12\/photo-Construction-et-rehabilitation-des-voirie-lab\u00e9-et-pita-20-12-18-14.jpg\" \/>\n\t<meta property=\"og:image:width\" content=\"1382\" \/>\n\t<meta property=\"og:image:height\" content=\"922\" \/>\n\t<meta property=\"og:image:type\" content=\"image\/jpeg\" \/>\n<meta name=\"author\" content=\"Guin\u00e9e Diversit\u00e9\" \/>\n<meta name=\"twitter:card\" content=\"summary_large_image\" \/>\n<meta name=\"twitter:creator\" content=\"@GuineeDiversite\" \/>\n<meta name=\"twitter:site\" content=\"@GuineeDiversite\" \/>\n<meta name=\"twitter:label1\" content=\"\u00c9crit par\" \/>\n\t<meta name=\"twitter:data1\" content=\"Guin\u00e9e Diversit\u00e9\" \/>\n\t<meta name=\"twitter:label2\" content=\"Dur\u00e9e de lecture estim\u00e9e\" \/>\n\t<meta name=\"twitter:data2\" content=\"1 minute\" \/>\n<script type=\"application\/ld+json\" class=\"yoast-schema-graph\">{\"@context\":\"https:\/\/schema.org\",\"@graph\":[{\"@type\":\"Article\",\"@id\":\"https:\/\/guineediversite.com\/index.php\/2018\/12\/21\/labe-tout-le-monde-sait-que-jai-gagne-les-elections-presidentielles-en-1993-mais-jai-dit-dixit-alpha-conde\/#article\",\"isPartOf\":{\"@id\":\"https:\/\/guineediversite.com\/index.php\/2018\/12\/21\/labe-tout-le-monde-sait-que-jai-gagne-les-elections-presidentielles-en-1993-mais-jai-dit-dixit-alpha-conde\/\"},\"author\":{\"name\":\"Guin\u00e9e Diversit\u00e9\",\"@id\":\"https:\/\/guineediversite.com\/#\/schema\/person\/afa08fb34e7fc6e1feafc892612bc836\"},\"headline\":\"Lab\u00e9 : \u00ab Tout le monde sait que j\u2019ai gagn\u00e9 les \u00e9lections pr\u00e9sidentielles en 1993, mais j\u2019ai dit\u2026 \u00bb dixit Alpha Cond\u00e9\",\"datePublished\":\"2018-12-21T13:53:01+00:00\",\"dateModified\":\"2018-12-21T14:29:59+00:00\",\"mainEntityOfPage\":{\"@id\":\"https:\/\/guineediversite.com\/index.php\/2018\/12\/21\/labe-tout-le-monde-sait-que-jai-gagne-les-elections-presidentielles-en-1993-mais-jai-dit-dixit-alpha-conde\/\"},\"wordCount\":308,\"publisher\":{\"@id\":\"https:\/\/guineediversite.com\/#organization\"},\"image\":{\"@id\":\"https:\/\/guineediversite.com\/index.php\/2018\/12\/21\/labe-tout-le-monde-sait-que-jai-gagne-les-elections-presidentielles-en-1993-mais-jai-dit-dixit-alpha-conde\/#primaryimage\"},\"thumbnailUrl\":\"https:\/\/guineediversite.com\/wp-content\/uploads\/2018\/12\/photo-Construction-et-rehabilitation-des-voirie-lab\u00e9-et-pita-20-12-18-14.jpg\",\"articleSection\":[\"Politique\"],\"inLanguage\":\"fr-FR\"},{\"@type\":\"WebPage\",\"@id\":\"https:\/\/guineediversite.com\/index.php\/2018\/12\/21\/labe-tout-le-monde-sait-que-jai-gagne-les-elections-presidentielles-en-1993-mais-jai-dit-dixit-alpha-conde\/\",\"url\":\"https:\/\/guineediversite.com\/index.php\/2018\/12\/21\/labe-tout-le-monde-sait-que-jai-gagne-les-elections-presidentielles-en-1993-mais-jai-dit-dixit-alpha-conde\/\",\"name\":\"Lab\u00e9 : \u00ab Tout le monde sait que j\u2019ai gagn\u00e9 les \u00e9lections pr\u00e9sidentielles en 1993, mais j\u2019ai dit\u2026 \u00bb dixit Alpha Cond\u00e9 | Guin\u00e9e Diversit\u00e9\",\"isPartOf\":{\"@id\":\"https:\/\/guineediversite.com\/#website\"},\"primaryImageOfPage\":{\"@id\":\"https:\/\/guineediversite.com\/index.php\/2018\/12\/21\/labe-tout-le-monde-sait-que-jai-gagne-les-elections-presidentielles-en-1993-mais-jai-dit-dixit-alpha-conde\/#primaryimage\"},\"image\":{\"@id\":\"https:\/\/guineediversite.com\/index.php\/2018\/12\/21\/labe-tout-le-monde-sait-que-jai-gagne-les-elections-presidentielles-en-1993-mais-jai-dit-dixit-alpha-conde\/#primaryimage\"},\"thumbnailUrl\":\"https:\/\/guineediversite.com\/wp-content\/uploads\/2018\/12\/photo-Construction-et-rehabilitation-des-voirie-lab\u00e9-et-pita-20-12-18-14.jpg\",\"datePublished\":\"2018-12-21T13:53:01+00:00\",\"dateModified\":\"2018-12-21T14:29:59+00:00\",\"breadcrumb\":{\"@id\":\"https:\/\/guineediversite.com\/index.php\/2018\/12\/21\/labe-tout-le-monde-sait-que-jai-gagne-les-elections-presidentielles-en-1993-mais-jai-dit-dixit-alpha-conde\/#breadcrumb\"},\"inLanguage\":\"fr-FR\",\"potentialAction\":[{\"@type\":\"ReadAction\",\"target\":[\"https:\/\/guineediversite.com\/index.php\/2018\/12\/21\/labe-tout-le-monde-sait-que-jai-gagne-les-elections-presidentielles-en-1993-mais-jai-dit-dixit-alpha-conde\/\"]}]},{\"@type\":\"ImageObject\",\"inLanguage\":\"fr-FR\",\"@id\":\"https:\/\/guineediversite.com\/index.php\/2018\/12\/21\/labe-tout-le-monde-sait-que-jai-gagne-les-elections-presidentielles-en-1993-mais-jai-dit-dixit-alpha-conde\/#primaryimage\",\"url\":\"https:\/\/guineediversite.com\/wp-content\/uploads\/2018\/12\/photo-Construction-et-rehabilitation-des-voirie-lab\u00e9-et-pita-20-12-18-14.jpg\",\"contentUrl\":\"https:\/\/guineediversite.com\/wp-content\/uploads\/2018\/12\/photo-Construction-et-rehabilitation-des-voirie-lab\u00e9-et-pita-20-12-18-14.jpg\",\"width\":1382,\"height\":922},{\"@type\":\"BreadcrumbList\",\"@id\":\"https:\/\/guineediversite.com\/index.php\/2018\/12\/21\/labe-tout-le-monde-sait-que-jai-gagne-les-elections-presidentielles-en-1993-mais-jai-dit-dixit-alpha-conde\/#breadcrumb\",\"itemListElement\":[{\"@type\":\"ListItem\",\"position\":1,\"name\":\"Accueil\",\"item\":\"https:\/\/guineediversite.com\/\"},{\"@type\":\"ListItem\",\"position\":2,\"name\":\"Lab\u00e9 : \u00ab Tout le monde sait que j\u2019ai gagn\u00e9 les \u00e9lections pr\u00e9sidentielles en 1993, mais j\u2019ai dit\u2026 \u00bb dixit Alpha Cond\u00e9\"}]},{\"@type\":\"WebSite\",\"@id\":\"https:\/\/guineediversite.com\/#website\",\"url\":\"https:\/\/guineediversite.com\/\",\"name\":\"Guin\u00e9e Diversit\u00e9\",\"description\":\"L&#039;Info dans toute sa diversit\u00e9\",\"publisher\":{\"@id\":\"https:\/\/guineediversite.com\/#organization\"},\"potentialAction\":[{\"@type\":\"SearchAction\",\"target\":{\"@type\":\"EntryPoint\",\"urlTemplate\":\"https:\/\/guineediversite.com\/?s={search_term_string}\"},\"query-input\":{\"@type\":\"PropertyValueSpecification\",\"valueRequired\":true,\"valueName\":\"search_term_string\"}}],\"inLanguage\":\"fr-FR\"},{\"@type\":\"Organization\",\"@id\":\"https:\/\/guineediversite.com\/#organization\",\"name\":\"Guin\u00e9e Diversit\u00e9\",\"url\":\"https:\/\/guineediversite.com\/\",\"logo\":{\"@type\":\"ImageObject\",\"inLanguage\":\"fr-FR\",\"@id\":\"https:\/\/guineediversite.com\/#\/schema\/logo\/image\/\",\"url\":\"https:\/\/guineediversite.com\/wp-content\/uploads\/2017\/04\/cropped-1jojlxEOMkX9Wyqfhe43D6kjPOGqBBKmx3EwWJqZ0cMrFF54yM49.png\",\"contentUrl\":\"https:\/\/guineediversite.com\/wp-content\/uploads\/2017\/04\/cropped-1jojlxEOMkX9Wyqfhe43D6kjPOGqBBKmx3EwWJqZ0cMrFF54yM49.png\",\"width\":186,\"height\":112,\"caption\":\"Guin\u00e9e Diversit\u00e9\"},\"image\":{\"@id\":\"https:\/\/guineediversite.com\/#\/schema\/logo\/image\/\"},\"sameAs\":[\"https:\/\/www.facebook.com\/guineediversite\/\",\"https:\/\/x.com\/GuineeDiversite\",\"https:\/\/www.youtube.com\/channel\/UC8sUY16qelG5ge6_D5SB83g\"]},{\"@type\":\"Person\",\"@id\":\"https:\/\/guineediversite.com\/#\/schema\/person\/afa08fb34e7fc6e1feafc892612bc836\",\"name\":\"Guin\u00e9e Diversit\u00e9\",\"image\":{\"@type\":\"ImageObject\",\"inLanguage\":\"fr-FR\",\"@id\":\"https:\/\/guineediversite.com\/#\/schema\/person\/image\/\",\"url\":\"https:\/\/secure.gravatar.com\/avatar\/50d5eb5b390f8b65ac30ac6f898eb83a?s=96&d=mm&r=g\",\"contentUrl\":\"https:\/\/secure.gravatar.com\/avatar\/50d5eb5b390f8b65ac30ac6f898eb83a?s=96&d=mm&r=g\",\"caption\":\"Guin\u00e9e Diversit\u00e9\"},\"url\":\"https:\/\/guineediversite.com\/index.php\/author\/guineediversite\/\"}]}<\/script>\n<!-- \/ Yoast SEO plugin. -->","yoast_head_json":{"title":"Lab\u00e9 : \u00ab Tout le monde sait que j\u2019ai gagn\u00e9 les \u00e9lections pr\u00e9sidentielles en 1993, mais j\u2019ai dit\u2026 \u00bb dixit Alpha Cond\u00e9 | Guin\u00e9e Diversit\u00e9","robots":{"index":"index","follow":"follow","max-snippet":"max-snippet:-1","max-image-preview":"max-image-preview:large","max-video-preview":"max-video-preview:-1"},"canonical":"https:\/\/guineediversite.com\/index.php\/2018\/12\/21\/labe-tout-le-monde-sait-que-jai-gagne-les-elections-presidentielles-en-1993-mais-jai-dit-dixit-alpha-conde\/","og_locale":"fr_FR","og_type":"article","og_title":"Lab\u00e9 : \u00ab Tout le monde sait que j\u2019ai gagn\u00e9 les \u00e9lections pr\u00e9sidentielles en 1993, mais j\u2019ai dit\u2026 \u00bb dixit Alpha Cond\u00e9 | Guin\u00e9e Diversit\u00e9","og_description":"C\u2019est devant une foule compacte mobilis\u00e9e au stade r\u00e9gional El Hadj Saifoulaye Diallo de Lab\u00e9 que le chef de l\u2019Etat a tenu son discours. Devant les responsables et sages de la cit\u00e9 de Karamoko Alpha, le premier magistrat du pays s\u2019est exprim\u00e9 en ceci\u00a0: \u00ab\u00a0les sages du Foutah savent que le Foutah est une r\u00e9gion [&hellip;]","og_url":"https:\/\/guineediversite.com\/index.php\/2018\/12\/21\/labe-tout-le-monde-sait-que-jai-gagne-les-elections-presidentielles-en-1993-mais-jai-dit-dixit-alpha-conde\/","og_site_name":"Guin\u00e9e Diversit\u00e9","article_publisher":"https:\/\/www.facebook.com\/guineediversite\/","article_published_time":"2018-12-21T13:53:01+00:00","article_modified_time":"2018-12-21T14:29:59+00:00","og_image":[{"width":1382,"height":922,"url":"https:\/\/guineediversite.com\/wp-content\/uploads\/2018\/12\/photo-Construction-et-rehabilitation-des-voirie-lab\u00e9-et-pita-20-12-18-14.jpg","type":"image\/jpeg"}],"author":"Guin\u00e9e Diversit\u00e9","twitter_card":"summary_large_image","twitter_creator":"@GuineeDiversite","twitter_site":"@GuineeDiversite","twitter_misc":{"\u00c9crit par":"Guin\u00e9e Diversit\u00e9","Dur\u00e9e de lecture estim\u00e9e":"1 minute"},"schema":{"@context":"https:\/\/schema.org","@graph":[{"@type":"Article","@id":"https:\/\/guineediversite.com\/index.php\/2018\/12\/21\/labe-tout-le-monde-sait-que-jai-gagne-les-elections-presidentielles-en-1993-mais-jai-dit-dixit-alpha-conde\/#article","isPartOf":{"@id":"https:\/\/guineediversite.com\/index.php\/2018\/12\/21\/labe-tout-le-monde-sait-que-jai-gagne-les-elections-presidentielles-en-1993-mais-jai-dit-dixit-alpha-conde\/"},"author":{"name":"Guin\u00e9e Diversit\u00e9","@id":"https:\/\/guineediversite.com\/#\/schema\/person\/afa08fb34e7fc6e1feafc892612bc836"},"headline":"Lab\u00e9 : \u00ab Tout le monde sait que j\u2019ai gagn\u00e9 les \u00e9lections pr\u00e9sidentielles en 1993, mais j\u2019ai dit\u2026 \u00bb dixit Alpha Cond\u00e9","datePublished":"2018-12-21T13:53:01+00:00","dateModified":"2018-12-21T14:29:59+00:00","mainEntityOfPage":{"@id":"https:\/\/guineediversite.com\/index.php\/2018\/12\/21\/labe-tout-le-monde-sait-que-jai-gagne-les-elections-presidentielles-en-1993-mais-jai-dit-dixit-alpha-conde\/"},"wordCount":308,"publisher":{"@id":"https:\/\/guineediversite.com\/#organization"},"image":{"@id":"https:\/\/guineediversite.com\/index.php\/2018\/12\/21\/labe-tout-le-monde-sait-que-jai-gagne-les-elections-presidentielles-en-1993-mais-jai-dit-dixit-alpha-conde\/#primaryimage"},"thumbnailUrl":"https:\/\/guineediversite.com\/wp-content\/uploads\/2018\/12\/photo-Construction-et-rehabilitation-des-voirie-lab\u00e9-et-pita-20-12-18-14.jpg","articleSection":["Politique"],"inLanguage":"fr-FR"},{"@type":"WebPage","@id":"https:\/\/guineediversite.com\/index.php\/2018\/12\/21\/labe-tout-le-monde-sait-que-jai-gagne-les-elections-presidentielles-en-1993-mais-jai-dit-dixit-alpha-conde\/","url":"https:\/\/guineediversite.com\/index.php\/2018\/12\/21\/labe-tout-le-monde-sait-que-jai-gagne-les-elections-presidentielles-en-1993-mais-jai-dit-dixit-alpha-conde\/","name":"Lab\u00e9 : \u00ab Tout le monde sait que j\u2019ai gagn\u00e9 les \u00e9lections pr\u00e9sidentielles en 1993, mais j\u2019ai dit\u2026 \u00bb dixit Alpha Cond\u00e9 | Guin\u00e9e Diversit\u00e9","isPartOf":{"@id":"https:\/\/guineediversite.com\/#website"},"primaryImageOfPage":{"@id":"https:\/\/guineediversite.com\/index.php\/2018\/12\/21\/labe-tout-le-monde-sait-que-jai-gagne-les-elections-presidentielles-en-1993-mais-jai-dit-dixit-alpha-conde\/#primaryimage"},"image":{"@id":"https:\/\/guineediversite.com\/index.php\/2018\/12\/21\/labe-tout-le-monde-sait-que-jai-gagne-les-elections-presidentielles-en-1993-mais-jai-dit-dixit-alpha-conde\/#primaryimage"},"thumbnailUrl":"https:\/\/guineediversite.com\/wp-content\/uploads\/2018\/12\/photo-Construction-et-rehabilitation-des-voirie-lab\u00e9-et-pita-20-12-18-14.jpg","datePublished":"2018-12-21T13:53:01+00:00","dateModified":"2018-12-21T14:29:59+00:00","breadcrumb":{"@id":"https:\/\/guineediversite.com\/index.php\/2018\/12\/21\/labe-tout-le-monde-sait-que-jai-gagne-les-elections-presidentielles-en-1993-mais-jai-dit-dixit-alpha-conde\/#breadcrumb"},"inLanguage":"fr-FR","potentialAction":[{"@type":"ReadAction","target":["https:\/\/guineediversite.com\/index.php\/2018\/12\/21\/labe-tout-le-monde-sait-que-jai-gagne-les-elections-presidentielles-en-1993-mais-jai-dit-dixit-alpha-conde\/"]}]},{"@type":"ImageObject","inLanguage":"fr-FR","@id":"https:\/\/guineediversite.com\/index.php\/2018\/12\/21\/labe-tout-le-monde-sait-que-jai-gagne-les-elections-presidentielles-en-1993-mais-jai-dit-dixit-alpha-conde\/#primaryimage","url":"https:\/\/guineediversite.com\/wp-content\/uploads\/2018\/12\/photo-Construction-et-rehabilitation-des-voirie-lab\u00e9-et-pita-20-12-18-14.jpg","contentUrl":"https:\/\/guineediversite.com\/wp-content\/uploads\/2018\/12\/photo-Construction-et-rehabilitation-des-voirie-lab\u00e9-et-pita-20-12-18-14.jpg","width":1382,"height":922},{"@type":"BreadcrumbList","@id":"https:\/\/guineediversite.com\/index.php\/2018\/12\/21\/labe-tout-le-monde-sait-que-jai-gagne-les-elections-presidentielles-en-1993-mais-jai-dit-dixit-alpha-conde\/#breadcrumb","itemListElement":[{"@type":"ListItem","position":1,"name":"Accueil","item":"https:\/\/guineediversite.com\/"},{"@type":"ListItem","position":2,"name":"Lab\u00e9 : \u00ab Tout le monde sait que j\u2019ai gagn\u00e9 les \u00e9lections pr\u00e9sidentielles en 1993, mais j\u2019ai dit\u2026 \u00bb dixit Alpha Cond\u00e9"}]},{"@type":"WebSite","@id":"https:\/\/guineediversite.com\/#website","url":"https:\/\/guineediversite.com\/","name":"Guin\u00e9e Diversit\u00e9","description":"L&#039;Info dans toute sa diversit\u00e9","publisher":{"@id":"https:\/\/guineediversite.com\/#organization"},"potentialAction":[{"@type":"SearchAction","target":{"@type":"EntryPoint","urlTemplate":"https:\/\/guineediversite.com\/?s={search_term_string}"},"query-input":{"@type":"PropertyValueSpecification","valueRequired":true,"valueName":"search_term_string"}}],"inLanguage":"fr-FR"},{"@type":"Organization","@id":"https:\/\/guineediversite.com\/#organization","name":"Guin\u00e9e Diversit\u00e9","url":"https:\/\/guineediversite.com\/","logo":{"@type":"ImageObject","inLanguage":"fr-FR","@id":"https:\/\/guineediversite.com\/#\/schema\/logo\/image\/","url":"https:\/\/guineediversite.com\/wp-content\/uploads\/2017\/04\/cropped-1jojlxEOMkX9Wyqfhe43D6kjPOGqBBKmx3EwWJqZ0cMrFF54yM49.png","contentUrl":"https:\/\/guineediversite.com\/wp-content\/uploads\/2017\/04\/cropped-1jojlxEOMkX9Wyqfhe43D6kjPOGqBBKmx3EwWJqZ0cMrFF54yM49.png","width":186,"height":112,"caption":"Guin\u00e9e Diversit\u00e9"},"image":{"@id":"https:\/\/guineediversite.com\/#\/schema\/logo\/image\/"},"sameAs":["https:\/\/www.facebook.com\/guineediversite\/","https:\/\/x.com\/GuineeDiversite","https:\/\/www.youtube.com\/channel\/UC8sUY16qelG5ge6_D5SB83g"]},{"@type":"Person","@id":"https:\/\/guineediversite.com\/#\/schema\/person\/afa08fb34e7fc6e1feafc892612bc836","name":"Guin\u00e9e Diversit\u00e9","image":{"@type":"ImageObject","inLanguage":"fr-FR","@id":"https:\/\/guineediversite.com\/#\/schema\/person\/image\/","url":"https:\/\/secure.gravatar.com\/avatar\/50d5eb5b390f8b65ac30ac6f898eb83a?s=96&d=mm&r=g","contentUrl":"https:\/\/secure.gravatar.com\/avatar\/50d5eb5b390f8b65ac30ac6f898eb83a?s=96&d=mm&r=g","caption":"Guin\u00e9e Diversit\u00e9"},"url":"https:\/\/guineediversite.com\/index.php\/author\/guineediversite\/"}]}},"_links":{"self":[{"href":"https:\/\/guineediversite.com\/index.php\/wp-json\/wp\/v2\/posts\/27668"}],"collection":[{"href":"https:\/\/guineediversite.com\/index.php\/wp-json\/wp\/v2\/posts"}],"about":[{"href":"https:\/\/guineediversite.com\/index.php\/wp-json\/wp\/v2\/types\/post"}],"author":[{"embeddable":true,"href":"https:\/\/guineediversite.com\/index.php\/wp-json\/wp\/v2\/users\/12"}],"replies":[{"embeddable":true,"href":"https:\/\/guineediversite.com\/index.php\/wp-json\/wp\/v2\/comments?post=27668"}],"version-history":[{"count":0,"href":"https:\/\/guineediversite.com\/index.php\/wp-json\/wp\/v2\/posts\/27668\/revisions"}],"wp:featuredmedia":[{"embeddable":true,"href":"https:\/\/guineediversite.com\/index.php\/wp-json\/wp\/v2\/media\/27669"}],"wp:attachment":[{"href":"https:\/\/guineediversite.com\/index.php\/wp-json\/wp\/v2\/media?parent=27668"}],"wp:term":[{"taxonomy":"category","embeddable":true,"href":"https:\/\/guineediversite.com\/index.php\/wp-json\/wp\/v2\/categories?post=27668"},{"taxonomy":"post_tag","embeddable":true,"href":"https:\/\/guineediversite.com\/index.php\/wp-json\/wp\/v2\/tags?post=27668"}],"curies":[{"name":"wp","href":"https:\/\/api.w.org\/{rel}","templated":true}]}}