{"id":27665,"date":"2018-12-21T14:48:13","date_gmt":"2018-12-21T13:48:13","guid":{"rendered":"https:\/\/guineediversite.com\/?p=27665"},"modified":"2018-12-21T14:48:13","modified_gmt":"2018-12-21T13:48:13","slug":"election-a-madagascar-les-premieres-tendances-se-profilent","status":"publish","type":"post","link":"https:\/\/guineediversite.com\/index.php\/2018\/12\/21\/election-a-madagascar-les-premieres-tendances-se-profilent\/","title":{"rendered":"Election \u00e0 Madagascar: les premi\u00e8res tendances se profilent"},"content":{"rendered":"<h2>A Madagascar, le scrutin pour le second tour de la pr\u00e9sidentielle a eu lieu ce mercredi. Depuis, la compilation des r\u00e9sultats se poursuit pour d\u00e9partager Marc Ravalomanana et Andry Rajoelina, deux anciens chefs d&rsquo;Etat partis \u00e0 la reconqu\u00eate du fauteuil pr\u00e9sidentiel. Ce vendredi matin, la Commission \u00e9lectorale avait compil\u00e9 pr\u00e8s d\u2019un tiers des bulletins et d\u00e9j\u00e0 une premi\u00e8re tendance se profile.<\/h2>\n<p>La Commission \u00e9lectorale est all\u00e9e tr\u00e8s vite. Plus d\u2019un tiers des bulletins d\u00e9j\u00e0 d\u00e9pouill\u00e9s ce vendredi matin et une premi\u00e8re tendance se dessine: une avance pour le candidat Andry Rajoelina. Sur 1,7 million de bulletins d\u00e9pouill\u00e9s, il obtient 54,8% des voix contre son rival Marc Ravalomanana qui lui obtient 45,2%, neuf points d\u2019\u00e9cart donc.<\/p>\n<p>Il s\u2019agit de rester prudent puisque ce n\u2019est qu\u2019une tendance qui porte sur donc sur un tiers des suffrages exprim\u00e9s.\u00a0<strong><a href=\"http:\/\/www.rfi.fr\/afrique\/20181220-elections-malgaches-deux-candidats-appeles-patience-resultats\" target=\"_blank\" rel=\"noopener\">Il faut attendre.\u00a0<\/a><\/strong>La publication officielle des r\u00e9sultats est pr\u00e9vue pour d\u00e9but janvier. Ce jeudi, les deux candidats se disaient confiants en leur victoire. En revanche, tous deux d\u00e9noncent des fraudes. Selon Marc Ravalomanana, de \u00ab\u00a0<em>fausses cartes d&rsquo;identit\u00e9 et de fausses cartes d&rsquo;\u00e9lecteurs<\/em>\u00a0\u00bb ont circul\u00e9 avant et pendant le scrutin. Andry Rajoelina, lui affirme avoir observ\u00e9 des actes de corruption et tentative de d\u00e9tournement des voix le jour du vote.<\/p>\n<p><strong>Pas d\u2019irr\u00e9gularit\u00e9s majeures pour les observateurs europ\u00e9ens<\/strong><\/p>\n<p>Des accusations qui ne sont pas forc\u00e9ment partag\u00e9es par les observateurs. Ce matin, la mission de l\u2019Union europ\u00e9enne a tenu une conf\u00e9rence de presse. Et pour elle, il y a certes eu de petites irr\u00e9gularit\u00e9s,\u00a0<strong><a href=\"http:\/\/www.rfi.fr\/afrique\/20181219-presidentielle-malgache-journee-vote-calme-rajoelina-ravalomanana\" target=\"_blank\" rel=\"noopener\">mais rien qui puisse compromettre le scrutin.\u00a0<\/a><\/strong>Pour Cristian Preda, le chef de cette mission, ce second tour a \u00e9t\u00e9 transparent. Il s\u2019est d\u00e9roul\u00e9 dans le calme, a \u00e9t\u00e9 mieux pr\u00e9par\u00e9 que le premier tour. Il reconnait qu\u2019il y a eu quelques probl\u00e8mes, des bulletins manquants, des bureaux ayant ouvert en retard, mais que ces incidents sont marginaux.<\/p>\n<p>Quant aux all\u00e9gations de fraudes port\u00e9es par les candidats, elles n\u2019ont pas \u00e9t\u00e9 constat\u00e9es par ses observateurs\u00a0: \u00ab\u00a0<em>Notre mission rel\u00e8ve que dans certaines localit\u00e9s, des incidents et des difficult\u00e9s techniques ont \u00e9t\u00e9 report\u00e9s dans les m\u00e9dias et les r\u00e9seaux sociaux le jour du scrutin. Il s\u2019agit de l\u2019usage de bulletins pr\u00e9coch\u00e9s, de l\u2019usage de fausses cartes nationales d\u2019identit\u00e9, ou des incitations \u00e0 voter pour tel ou tel candidat. Mais il faut dire que nos observateurs n\u2019ont pas constat\u00e9 aucune de ces situations<\/em>\u00a0\u00bb.<\/p>\n<p>Cristian Preda ajoute qu\u2019aucun des candidats n\u2019a pour l\u2019instant apport\u00e9 de preuves de ces incidents. S\u2019ils ont des preuves, selon lui, ils doivent s\u2019adresser \u00e0 la C\u00e9ni, ainsi qu\u2019\u00e0 la Haute Cour constitutionnelle. Il faut suivre la voie l\u00e9gale et non pas descendre dans la rue. Il appelle les candidats \u00e0 attendre les r\u00e9sultats officiels et \u00e0 les accepter. D\u2019ailleurs, la publication des r\u00e9sultats pourrait m\u00eame avoir lieu plus t\u00f4t que pr\u00e9vu pour \u00e9viter qu\u2019un des candidats ne se proclame lui-m\u00eame vainqueur.<\/p>\n<p>RFI<\/p>\n","protected":false},"excerpt":{"rendered":"<p>A Madagascar, le scrutin pour le second tour de la pr\u00e9sidentielle a eu lieu ce mercredi. Depuis, la compilation des r\u00e9sultats se poursuit pour d\u00e9partager Marc Ravalomanana et Andry Rajoelina, deux anciens chefs d&rsquo;Etat partis \u00e0 la reconqu\u00eate du fauteuil pr\u00e9sidentiel. Ce vendredi matin, la Commission \u00e9lectorale avait compil\u00e9 pr\u00e8s d\u2019un tiers des bulletins et [&hellip;]<\/p>\n","protected":false},"author":12,"featured_media":27666,"comment_status":"closed","ping_status":"closed","sticky":false,"template":"","format":"standard","meta":{"_exactmetrics_skip_tracking":false,"_exactmetrics_sitenote_active":false,"_exactmetrics_sitenote_note":"","_exactmetrics_sitenote_category":0,"tdm_status":"","tdm_grid_status":"","footnotes":""},"categories":[21],"tags":[],"class_list":{"0":"post-27665","1":"post","2":"type-post","3":"status-publish","4":"format-standard","5":"has-post-thumbnail","7":"category-international"},"yoast_head":"<!-- This site is optimized with the Yoast SEO plugin v24.2 - https:\/\/yoast.com\/wordpress\/plugins\/seo\/ -->\n<title>Election \u00e0 Madagascar: les premi\u00e8res tendances se profilent | Guin\u00e9e Diversit\u00e9<\/title>\n<meta name=\"robots\" content=\"index, follow, max-snippet:-1, max-image-preview:large, max-video-preview:-1\" \/>\n<link rel=\"canonical\" href=\"https:\/\/guineediversite.com\/index.php\/2018\/12\/21\/election-a-madagascar-les-premieres-tendances-se-profilent\/\" \/>\n<meta property=\"og:locale\" content=\"fr_FR\" \/>\n<meta property=\"og:type\" content=\"article\" \/>\n<meta property=\"og:title\" content=\"Election \u00e0 Madagascar: les premi\u00e8res tendances se profilent | Guin\u00e9e Diversit\u00e9\" \/>\n<meta property=\"og:description\" content=\"A Madagascar, le scrutin pour le second tour de la pr\u00e9sidentielle a eu lieu ce mercredi. Depuis, la compilation des r\u00e9sultats se poursuit pour d\u00e9partager Marc Ravalomanana et Andry Rajoelina, deux anciens chefs d&rsquo;Etat partis \u00e0 la reconqu\u00eate du fauteuil pr\u00e9sidentiel. Ce vendredi matin, la Commission \u00e9lectorale avait compil\u00e9 pr\u00e8s d\u2019un tiers des bulletins et [&hellip;]\" \/>\n<meta property=\"og:url\" content=\"https:\/\/guineediversite.com\/index.php\/2018\/12\/21\/election-a-madagascar-les-premieres-tendances-se-profilent\/\" \/>\n<meta property=\"og:site_name\" content=\"Guin\u00e9e Diversit\u00e9\" \/>\n<meta property=\"article:publisher\" content=\"https:\/\/www.facebook.com\/guineediversite\/\" \/>\n<meta property=\"article:published_time\" content=\"2018-12-21T13:48:13+00:00\" \/>\n<meta property=\"og:image\" content=\"https:\/\/guineediversite.com\/wp-content\/uploads\/2018\/12\/2018-12-19t135917z_216983270_rc1577b40440_rtrmadp_3_madagascar-election_0.jpg\" \/>\n\t<meta property=\"og:image:width\" content=\"1022\" \/>\n\t<meta property=\"og:image:height\" content=\"578\" \/>\n\t<meta property=\"og:image:type\" content=\"image\/jpeg\" \/>\n<meta name=\"author\" content=\"Guin\u00e9e Diversit\u00e9\" \/>\n<meta name=\"twitter:card\" content=\"summary_large_image\" \/>\n<meta name=\"twitter:creator\" content=\"@GuineeDiversite\" \/>\n<meta name=\"twitter:site\" content=\"@GuineeDiversite\" \/>\n<meta name=\"twitter:label1\" content=\"\u00c9crit par\" \/>\n\t<meta name=\"twitter:data1\" content=\"Guin\u00e9e Diversit\u00e9\" \/>\n\t<meta name=\"twitter:label2\" content=\"Dur\u00e9e de lecture estim\u00e9e\" \/>\n\t<meta name=\"twitter:data2\" content=\"3 minutes\" \/>\n<script type=\"application\/ld+json\" class=\"yoast-schema-graph\">{\"@context\":\"https:\/\/schema.org\",\"@graph\":[{\"@type\":\"Article\",\"@id\":\"https:\/\/guineediversite.com\/index.php\/2018\/12\/21\/election-a-madagascar-les-premieres-tendances-se-profilent\/#article\",\"isPartOf\":{\"@id\":\"https:\/\/guineediversite.com\/index.php\/2018\/12\/21\/election-a-madagascar-les-premieres-tendances-se-profilent\/\"},\"author\":{\"name\":\"Guin\u00e9e Diversit\u00e9\",\"@id\":\"https:\/\/guineediversite.com\/#\/schema\/person\/afa08fb34e7fc6e1feafc892612bc836\"},\"headline\":\"Election \u00e0 Madagascar: les premi\u00e8res tendances se profilent\",\"datePublished\":\"2018-12-21T13:48:13+00:00\",\"dateModified\":\"2018-12-21T13:48:13+00:00\",\"mainEntityOfPage\":{\"@id\":\"https:\/\/guineediversite.com\/index.php\/2018\/12\/21\/election-a-madagascar-les-premieres-tendances-se-profilent\/\"},\"wordCount\":549,\"publisher\":{\"@id\":\"https:\/\/guineediversite.com\/#organization\"},\"image\":{\"@id\":\"https:\/\/guineediversite.com\/index.php\/2018\/12\/21\/election-a-madagascar-les-premieres-tendances-se-profilent\/#primaryimage\"},\"thumbnailUrl\":\"https:\/\/guineediversite.com\/wp-content\/uploads\/2018\/12\/2018-12-19t135917z_216983270_rc1577b40440_rtrmadp_3_madagascar-election_0.jpg\",\"articleSection\":[\"International\"],\"inLanguage\":\"fr-FR\"},{\"@type\":\"WebPage\",\"@id\":\"https:\/\/guineediversite.com\/index.php\/2018\/12\/21\/election-a-madagascar-les-premieres-tendances-se-profilent\/\",\"url\":\"https:\/\/guineediversite.com\/index.php\/2018\/12\/21\/election-a-madagascar-les-premieres-tendances-se-profilent\/\",\"name\":\"Election \u00e0 Madagascar: les premi\u00e8res tendances se profilent | Guin\u00e9e Diversit\u00e9\",\"isPartOf\":{\"@id\":\"https:\/\/guineediversite.com\/#website\"},\"primaryImageOfPage\":{\"@id\":\"https:\/\/guineediversite.com\/index.php\/2018\/12\/21\/election-a-madagascar-les-premieres-tendances-se-profilent\/#primaryimage\"},\"image\":{\"@id\":\"https:\/\/guineediversite.com\/index.php\/2018\/12\/21\/election-a-madagascar-les-premieres-tendances-se-profilent\/#primaryimage\"},\"thumbnailUrl\":\"https:\/\/guineediversite.com\/wp-content\/uploads\/2018\/12\/2018-12-19t135917z_216983270_rc1577b40440_rtrmadp_3_madagascar-election_0.jpg\",\"datePublished\":\"2018-12-21T13:48:13+00:00\",\"dateModified\":\"2018-12-21T13:48:13+00:00\",\"breadcrumb\":{\"@id\":\"https:\/\/guineediversite.com\/index.php\/2018\/12\/21\/election-a-madagascar-les-premieres-tendances-se-profilent\/#breadcrumb\"},\"inLanguage\":\"fr-FR\",\"potentialAction\":[{\"@type\":\"ReadAction\",\"target\":[\"https:\/\/guineediversite.com\/index.php\/2018\/12\/21\/election-a-madagascar-les-premieres-tendances-se-profilent\/\"]}]},{\"@type\":\"ImageObject\",\"inLanguage\":\"fr-FR\",\"@id\":\"https:\/\/guineediversite.com\/index.php\/2018\/12\/21\/election-a-madagascar-les-premieres-tendances-se-profilent\/#primaryimage\",\"url\":\"https:\/\/guineediversite.com\/wp-content\/uploads\/2018\/12\/2018-12-19t135917z_216983270_rc1577b40440_rtrmadp_3_madagascar-election_0.jpg\",\"contentUrl\":\"https:\/\/guineediversite.com\/wp-content\/uploads\/2018\/12\/2018-12-19t135917z_216983270_rc1577b40440_rtrmadp_3_madagascar-election_0.jpg\",\"width\":1022,\"height\":578},{\"@type\":\"BreadcrumbList\",\"@id\":\"https:\/\/guineediversite.com\/index.php\/2018\/12\/21\/election-a-madagascar-les-premieres-tendances-se-profilent\/#breadcrumb\",\"itemListElement\":[{\"@type\":\"ListItem\",\"position\":1,\"name\":\"Accueil\",\"item\":\"https:\/\/guineediversite.com\/\"},{\"@type\":\"ListItem\",\"position\":2,\"name\":\"Election \u00e0 Madagascar: les premi\u00e8res tendances se profilent\"}]},{\"@type\":\"WebSite\",\"@id\":\"https:\/\/guineediversite.com\/#website\",\"url\":\"https:\/\/guineediversite.com\/\",\"name\":\"Guin\u00e9e Diversit\u00e9\",\"description\":\"L&#039;Info dans toute sa diversit\u00e9\",\"publisher\":{\"@id\":\"https:\/\/guineediversite.com\/#organization\"},\"potentialAction\":[{\"@type\":\"SearchAction\",\"target\":{\"@type\":\"EntryPoint\",\"urlTemplate\":\"https:\/\/guineediversite.com\/?s={search_term_string}\"},\"query-input\":{\"@type\":\"PropertyValueSpecification\",\"valueRequired\":true,\"valueName\":\"search_term_string\"}}],\"inLanguage\":\"fr-FR\"},{\"@type\":\"Organization\",\"@id\":\"https:\/\/guineediversite.com\/#organization\",\"name\":\"Guin\u00e9e Diversit\u00e9\",\"url\":\"https:\/\/guineediversite.com\/\",\"logo\":{\"@type\":\"ImageObject\",\"inLanguage\":\"fr-FR\",\"@id\":\"https:\/\/guineediversite.com\/#\/schema\/logo\/image\/\",\"url\":\"https:\/\/guineediversite.com\/wp-content\/uploads\/2017\/04\/cropped-1jojlxEOMkX9Wyqfhe43D6kjPOGqBBKmx3EwWJqZ0cMrFF54yM49.png\",\"contentUrl\":\"https:\/\/guineediversite.com\/wp-content\/uploads\/2017\/04\/cropped-1jojlxEOMkX9Wyqfhe43D6kjPOGqBBKmx3EwWJqZ0cMrFF54yM49.png\",\"width\":186,\"height\":112,\"caption\":\"Guin\u00e9e Diversit\u00e9\"},\"image\":{\"@id\":\"https:\/\/guineediversite.com\/#\/schema\/logo\/image\/\"},\"sameAs\":[\"https:\/\/www.facebook.com\/guineediversite\/\",\"https:\/\/x.com\/GuineeDiversite\",\"https:\/\/www.youtube.com\/channel\/UC8sUY16qelG5ge6_D5SB83g\"]},{\"@type\":\"Person\",\"@id\":\"https:\/\/guineediversite.com\/#\/schema\/person\/afa08fb34e7fc6e1feafc892612bc836\",\"name\":\"Guin\u00e9e Diversit\u00e9\",\"image\":{\"@type\":\"ImageObject\",\"inLanguage\":\"fr-FR\",\"@id\":\"https:\/\/guineediversite.com\/#\/schema\/person\/image\/\",\"url\":\"https:\/\/secure.gravatar.com\/avatar\/50d5eb5b390f8b65ac30ac6f898eb83a?s=96&d=mm&r=g\",\"contentUrl\":\"https:\/\/secure.gravatar.com\/avatar\/50d5eb5b390f8b65ac30ac6f898eb83a?s=96&d=mm&r=g\",\"caption\":\"Guin\u00e9e Diversit\u00e9\"},\"url\":\"https:\/\/guineediversite.com\/index.php\/author\/guineediversite\/\"}]}<\/script>\n<!-- \/ Yoast SEO plugin. -->","yoast_head_json":{"title":"Election \u00e0 Madagascar: les premi\u00e8res tendances se profilent | Guin\u00e9e Diversit\u00e9","robots":{"index":"index","follow":"follow","max-snippet":"max-snippet:-1","max-image-preview":"max-image-preview:large","max-video-preview":"max-video-preview:-1"},"canonical":"https:\/\/guineediversite.com\/index.php\/2018\/12\/21\/election-a-madagascar-les-premieres-tendances-se-profilent\/","og_locale":"fr_FR","og_type":"article","og_title":"Election \u00e0 Madagascar: les premi\u00e8res tendances se profilent | Guin\u00e9e Diversit\u00e9","og_description":"A Madagascar, le scrutin pour le second tour de la pr\u00e9sidentielle a eu lieu ce mercredi. Depuis, la compilation des r\u00e9sultats se poursuit pour d\u00e9partager Marc Ravalomanana et Andry Rajoelina, deux anciens chefs d&rsquo;Etat partis \u00e0 la reconqu\u00eate du fauteuil pr\u00e9sidentiel. Ce vendredi matin, la Commission \u00e9lectorale avait compil\u00e9 pr\u00e8s d\u2019un tiers des bulletins et [&hellip;]","og_url":"https:\/\/guineediversite.com\/index.php\/2018\/12\/21\/election-a-madagascar-les-premieres-tendances-se-profilent\/","og_site_name":"Guin\u00e9e Diversit\u00e9","article_publisher":"https:\/\/www.facebook.com\/guineediversite\/","article_published_time":"2018-12-21T13:48:13+00:00","og_image":[{"width":1022,"height":578,"url":"https:\/\/guineediversite.com\/wp-content\/uploads\/2018\/12\/2018-12-19t135917z_216983270_rc1577b40440_rtrmadp_3_madagascar-election_0.jpg","type":"image\/jpeg"}],"author":"Guin\u00e9e Diversit\u00e9","twitter_card":"summary_large_image","twitter_creator":"@GuineeDiversite","twitter_site":"@GuineeDiversite","twitter_misc":{"\u00c9crit par":"Guin\u00e9e Diversit\u00e9","Dur\u00e9e de lecture estim\u00e9e":"3 minutes"},"schema":{"@context":"https:\/\/schema.org","@graph":[{"@type":"Article","@id":"https:\/\/guineediversite.com\/index.php\/2018\/12\/21\/election-a-madagascar-les-premieres-tendances-se-profilent\/#article","isPartOf":{"@id":"https:\/\/guineediversite.com\/index.php\/2018\/12\/21\/election-a-madagascar-les-premieres-tendances-se-profilent\/"},"author":{"name":"Guin\u00e9e Diversit\u00e9","@id":"https:\/\/guineediversite.com\/#\/schema\/person\/afa08fb34e7fc6e1feafc892612bc836"},"headline":"Election \u00e0 Madagascar: les premi\u00e8res tendances se profilent","datePublished":"2018-12-21T13:48:13+00:00","dateModified":"2018-12-21T13:48:13+00:00","mainEntityOfPage":{"@id":"https:\/\/guineediversite.com\/index.php\/2018\/12\/21\/election-a-madagascar-les-premieres-tendances-se-profilent\/"},"wordCount":549,"publisher":{"@id":"https:\/\/guineediversite.com\/#organization"},"image":{"@id":"https:\/\/guineediversite.com\/index.php\/2018\/12\/21\/election-a-madagascar-les-premieres-tendances-se-profilent\/#primaryimage"},"thumbnailUrl":"https:\/\/guineediversite.com\/wp-content\/uploads\/2018\/12\/2018-12-19t135917z_216983270_rc1577b40440_rtrmadp_3_madagascar-election_0.jpg","articleSection":["International"],"inLanguage":"fr-FR"},{"@type":"WebPage","@id":"https:\/\/guineediversite.com\/index.php\/2018\/12\/21\/election-a-madagascar-les-premieres-tendances-se-profilent\/","url":"https:\/\/guineediversite.com\/index.php\/2018\/12\/21\/election-a-madagascar-les-premieres-tendances-se-profilent\/","name":"Election \u00e0 Madagascar: les premi\u00e8res tendances se profilent | Guin\u00e9e Diversit\u00e9","isPartOf":{"@id":"https:\/\/guineediversite.com\/#website"},"primaryImageOfPage":{"@id":"https:\/\/guineediversite.com\/index.php\/2018\/12\/21\/election-a-madagascar-les-premieres-tendances-se-profilent\/#primaryimage"},"image":{"@id":"https:\/\/guineediversite.com\/index.php\/2018\/12\/21\/election-a-madagascar-les-premieres-tendances-se-profilent\/#primaryimage"},"thumbnailUrl":"https:\/\/guineediversite.com\/wp-content\/uploads\/2018\/12\/2018-12-19t135917z_216983270_rc1577b40440_rtrmadp_3_madagascar-election_0.jpg","datePublished":"2018-12-21T13:48:13+00:00","dateModified":"2018-12-21T13:48:13+00:00","breadcrumb":{"@id":"https:\/\/guineediversite.com\/index.php\/2018\/12\/21\/election-a-madagascar-les-premieres-tendances-se-profilent\/#breadcrumb"},"inLanguage":"fr-FR","potentialAction":[{"@type":"ReadAction","target":["https:\/\/guineediversite.com\/index.php\/2018\/12\/21\/election-a-madagascar-les-premieres-tendances-se-profilent\/"]}]},{"@type":"ImageObject","inLanguage":"fr-FR","@id":"https:\/\/guineediversite.com\/index.php\/2018\/12\/21\/election-a-madagascar-les-premieres-tendances-se-profilent\/#primaryimage","url":"https:\/\/guineediversite.com\/wp-content\/uploads\/2018\/12\/2018-12-19t135917z_216983270_rc1577b40440_rtrmadp_3_madagascar-election_0.jpg","contentUrl":"https:\/\/guineediversite.com\/wp-content\/uploads\/2018\/12\/2018-12-19t135917z_216983270_rc1577b40440_rtrmadp_3_madagascar-election_0.jpg","width":1022,"height":578},{"@type":"BreadcrumbList","@id":"https:\/\/guineediversite.com\/index.php\/2018\/12\/21\/election-a-madagascar-les-premieres-tendances-se-profilent\/#breadcrumb","itemListElement":[{"@type":"ListItem","position":1,"name":"Accueil","item":"https:\/\/guineediversite.com\/"},{"@type":"ListItem","position":2,"name":"Election \u00e0 Madagascar: les premi\u00e8res tendances se profilent"}]},{"@type":"WebSite","@id":"https:\/\/guineediversite.com\/#website","url":"https:\/\/guineediversite.com\/","name":"Guin\u00e9e Diversit\u00e9","description":"L&#039;Info dans toute sa diversit\u00e9","publisher":{"@id":"https:\/\/guineediversite.com\/#organization"},"potentialAction":[{"@type":"SearchAction","target":{"@type":"EntryPoint","urlTemplate":"https:\/\/guineediversite.com\/?s={search_term_string}"},"query-input":{"@type":"PropertyValueSpecification","valueRequired":true,"valueName":"search_term_string"}}],"inLanguage":"fr-FR"},{"@type":"Organization","@id":"https:\/\/guineediversite.com\/#organization","name":"Guin\u00e9e Diversit\u00e9","url":"https:\/\/guineediversite.com\/","logo":{"@type":"ImageObject","inLanguage":"fr-FR","@id":"https:\/\/guineediversite.com\/#\/schema\/logo\/image\/","url":"https:\/\/guineediversite.com\/wp-content\/uploads\/2017\/04\/cropped-1jojlxEOMkX9Wyqfhe43D6kjPOGqBBKmx3EwWJqZ0cMrFF54yM49.png","contentUrl":"https:\/\/guineediversite.com\/wp-content\/uploads\/2017\/04\/cropped-1jojlxEOMkX9Wyqfhe43D6kjPOGqBBKmx3EwWJqZ0cMrFF54yM49.png","width":186,"height":112,"caption":"Guin\u00e9e Diversit\u00e9"},"image":{"@id":"https:\/\/guineediversite.com\/#\/schema\/logo\/image\/"},"sameAs":["https:\/\/www.facebook.com\/guineediversite\/","https:\/\/x.com\/GuineeDiversite","https:\/\/www.youtube.com\/channel\/UC8sUY16qelG5ge6_D5SB83g"]},{"@type":"Person","@id":"https:\/\/guineediversite.com\/#\/schema\/person\/afa08fb34e7fc6e1feafc892612bc836","name":"Guin\u00e9e Diversit\u00e9","image":{"@type":"ImageObject","inLanguage":"fr-FR","@id":"https:\/\/guineediversite.com\/#\/schema\/person\/image\/","url":"https:\/\/secure.gravatar.com\/avatar\/50d5eb5b390f8b65ac30ac6f898eb83a?s=96&d=mm&r=g","contentUrl":"https:\/\/secure.gravatar.com\/avatar\/50d5eb5b390f8b65ac30ac6f898eb83a?s=96&d=mm&r=g","caption":"Guin\u00e9e Diversit\u00e9"},"url":"https:\/\/guineediversite.com\/index.php\/author\/guineediversite\/"}]}},"_links":{"self":[{"href":"https:\/\/guineediversite.com\/index.php\/wp-json\/wp\/v2\/posts\/27665"}],"collection":[{"href":"https:\/\/guineediversite.com\/index.php\/wp-json\/wp\/v2\/posts"}],"about":[{"href":"https:\/\/guineediversite.com\/index.php\/wp-json\/wp\/v2\/types\/post"}],"author":[{"embeddable":true,"href":"https:\/\/guineediversite.com\/index.php\/wp-json\/wp\/v2\/users\/12"}],"replies":[{"embeddable":true,"href":"https:\/\/guineediversite.com\/index.php\/wp-json\/wp\/v2\/comments?post=27665"}],"version-history":[{"count":0,"href":"https:\/\/guineediversite.com\/index.php\/wp-json\/wp\/v2\/posts\/27665\/revisions"}],"wp:featuredmedia":[{"embeddable":true,"href":"https:\/\/guineediversite.com\/index.php\/wp-json\/wp\/v2\/media\/27666"}],"wp:attachment":[{"href":"https:\/\/guineediversite.com\/index.php\/wp-json\/wp\/v2\/media?parent=27665"}],"wp:term":[{"taxonomy":"category","embeddable":true,"href":"https:\/\/guineediversite.com\/index.php\/wp-json\/wp\/v2\/categories?post=27665"},{"taxonomy":"post_tag","embeddable":true,"href":"https:\/\/guineediversite.com\/index.php\/wp-json\/wp\/v2\/tags?post=27665"}],"curies":[{"name":"wp","href":"https:\/\/api.w.org\/{rel}","templated":true}]}}