{"id":27656,"date":"2018-12-21T14:33:06","date_gmt":"2018-12-21T13:33:06","guid":{"rendered":"https:\/\/guineediversite.com\/?p=27656"},"modified":"2018-12-21T14:44:19","modified_gmt":"2018-12-21T13:44:19","slug":"m-ibn-chambas-conclut-sa-visite-en-guinee-appelle-les-acteurs-politiques-a-oeuvrer-pour-un-climat-serein-et-apaisecommunique","status":"publish","type":"post","link":"https:\/\/guineediversite.com\/index.php\/2018\/12\/21\/m-ibn-chambas-conclut-sa-visite-en-guinee-appelle-les-acteurs-politiques-a-oeuvrer-pour-un-climat-serein-et-apaisecommunique\/","title":{"rendered":"M. Ibn Chambas conclut sa visite en Guin\u00e9e, appelle les acteurs politiques a \u0153uvrer pour un climat serein et apais\u00e9(communiqu\u00e9)"},"content":{"rendered":"<div class=\"yiv1753736566MsoNormal\"><b><span lang=\"FR\">\u00a0<\/span><\/b><span lang=\"FR\">Le Repr\u00e9sentant sp\u00e9cial du Secr\u00e9taire g\u00e9n\u00e9ral et Chef du Bureau des Nations Unies pour le Sahel et l\u2019Afrique de l\u2019Ouest (UNOWAS), Mohamed Ibn Chambas, a conclu aujourd\u2019hui une visite de trois jours \u00e0 Conakry, capitale de la Guin\u00e9e.<\/span><\/div>\n<div class=\"yiv1753736566MsoNormal\"><span lang=\"FR\">\u00a0<\/span><\/div>\n<div class=\"yiv1753736566MsoNormal\"><span lang=\"FR\">Cette visite s\u2019inscrit dans le cadre des activit\u00e9s r\u00e9guli\u00e8res de l\u2019UNOWAS en mati\u00e8re d\u2019appui \u00e0 la consolidation de la paix et la s\u00e9curit\u00e9 dans les pays de la sous-r\u00e9gion. Elle s\u2019inscrit \u00e9galement dans la poursuite du soutien des Nations Unies \u00e0 la Guin\u00e9e pour favoriser un environnement politique et social serein et apais\u00e9 \u00e0 l\u2019approche des \u00e9lections l\u00e9gislatives pr\u00e9vues en 2019.\u00a0<\/span><\/div>\n<div class=\"yiv1753736566MsoNormal\"><span lang=\"FR\">\u00a0<\/span><\/div>\n<div class=\"yiv1753736566MsoNormal\"><span lang=\"FR\">Durant sa visite, M. Ibn Chambas a eu une s\u00e9rie de rencontres importantes. Il a \u00e9t\u00e9 re\u00e7u en audience par le Pr\u00e9sident de la R\u00e9publique, Professeur Alpha Cond\u00e9, et s\u2019est entretenu avec des membres du gouvernement, le Pr\u00e9sident de l\u2019Assembl\u00e9e Nationale et les Pr\u00e9sidents des groupes parlementaires, le Chef de file de l\u2019opposition, des leaders de partis politiques, des repr\u00e9sentants de la soci\u00e9t\u00e9 civile, le Barreau de Guin\u00e9e, l\u2019Equipe-Pays des Nations Unies en Guin\u00e9e et les partenaires techniques et financiers.<\/span><\/div>\n<div class=\"yiv1753736566MsoNormal\"><span lang=\"FR\">\u00a0<\/span><\/div>\n<div class=\"yiv1753736566MsoNormal\"><span lang=\"FR\">Lors de ces entretiens, le Repr\u00e9sentant sp\u00e9cial pour l\u2019Afrique de l\u2019Ouest et le Sahel a soulign\u00e9 la n\u00e9cessit\u00e9 pour tous les acteurs politiques d\u2019accentuer leurs efforts pour pr\u00e9server la paix et la stabilit\u00e9 de la Guin\u00e9e, notamment \u00e0 l\u2019approche des \u00e9lections, pr\u00e9vues en 2019. A cet \u00e9gard, Il a rappel\u00e9 l\u2019importance d\u2019un large consensus dans la pr\u00e9paration et l\u2019organisation de cette \u00e9ch\u00e9ance \u00e9lectorale. Il a \u00e9galement plaid\u00e9 pour la reprise des activit\u00e9s du Comit\u00e9 de suivi des Accords Politiques du 12 octobre 2016.<\/span><\/div>\n<div class=\"yiv1753736566MsoNormal\"><span lang=\"FR\">\u00a0<\/span><\/div>\n<div class=\"yiv1753736566MsoNormal\"><span lang=\"FR\">Le Repr\u00e9sentant sp\u00e9cial s\u2019est f\u00e9licit\u00e9 de la contribution des trois groupes parlementaires \u00e0 la mise en place d\u2019un Comit\u00e9 de dialogue de haut niveau compos\u00e9 de personnalit\u00e9s r\u00e9put\u00e9es de grande int\u00e9grit\u00e9.<\/span><\/div>\n<div class=\"yiv1753736566MsoNormal\"><span lang=\"FR\">\u00a0<\/span><\/div>\n<div class=\"yiv1753736566MsoNormal\"><span lang=\"FR\">\u00ab\u00a0Chacun doit \u0153uvrer, dans le respect de la loi et des droits de l\u2019homme, \u00e0 un climat politique et social apais\u00e9, afin de pr\u00e9server la paix et la stabilit\u00e9 en Guin\u00e9e, \u00bb a d\u00e9clar\u00e9 M. Chambas \u00e0 la fin de sa visite, tout en r\u00e9it\u00e9rant l\u2019engagement des Nations Unies \u00e0 continuer de soutenir le peuple de Guin\u00e9e dans sa qu\u00eate de paix et de prosp\u00e9rit\u00e9.<\/span><\/div>\n<div><strong>Bureau Nations Unies \u00e0 Dakar<\/strong><\/div>\n<div><\/div>\n<div><\/div>\n","protected":false},"excerpt":{"rendered":"<p>\u00a0Le Repr\u00e9sentant sp\u00e9cial du Secr\u00e9taire g\u00e9n\u00e9ral et Chef du Bureau des Nations Unies pour le Sahel et l\u2019Afrique de l\u2019Ouest (UNOWAS), Mohamed Ibn Chambas, a conclu aujourd\u2019hui une visite de trois jours \u00e0 Conakry, capitale de la Guin\u00e9e. \u00a0 Cette visite s\u2019inscrit dans le cadre des activit\u00e9s r\u00e9guli\u00e8res de l\u2019UNOWAS en mati\u00e8re d\u2019appui \u00e0 la [&hellip;]<\/p>\n","protected":false},"author":12,"featured_media":27659,"comment_status":"closed","ping_status":"closed","sticky":false,"template":"","format":"standard","meta":{"_exactmetrics_skip_tracking":false,"_exactmetrics_sitenote_active":false,"_exactmetrics_sitenote_note":"","_exactmetrics_sitenote_category":0,"tdm_status":"","tdm_grid_status":"","footnotes":""},"categories":[14],"tags":[],"class_list":{"0":"post-27656","1":"post","2":"type-post","3":"status-publish","4":"format-standard","5":"has-post-thumbnail","7":"category-politique"},"yoast_head":"<!-- This site is optimized with the Yoast SEO plugin v24.2 - https:\/\/yoast.com\/wordpress\/plugins\/seo\/ -->\n<title>M. Ibn Chambas conclut sa visite en Guin\u00e9e, appelle les acteurs politiques a \u0153uvrer pour un climat serein et apais\u00e9(communiqu\u00e9) | Guin\u00e9e Diversit\u00e9<\/title>\n<meta name=\"robots\" content=\"index, follow, max-snippet:-1, max-image-preview:large, max-video-preview:-1\" \/>\n<link rel=\"canonical\" href=\"https:\/\/guineediversite.com\/index.php\/2018\/12\/21\/m-ibn-chambas-conclut-sa-visite-en-guinee-appelle-les-acteurs-politiques-a-oeuvrer-pour-un-climat-serein-et-apaisecommunique\/\" \/>\n<meta property=\"og:locale\" content=\"fr_FR\" \/>\n<meta property=\"og:type\" content=\"article\" \/>\n<meta property=\"og:title\" content=\"M. Ibn Chambas conclut sa visite en Guin\u00e9e, appelle les acteurs politiques a \u0153uvrer pour un climat serein et apais\u00e9(communiqu\u00e9) | Guin\u00e9e Diversit\u00e9\" \/>\n<meta property=\"og:description\" content=\"\u00a0Le Repr\u00e9sentant sp\u00e9cial du Secr\u00e9taire g\u00e9n\u00e9ral et Chef du Bureau des Nations Unies pour le Sahel et l\u2019Afrique de l\u2019Ouest (UNOWAS), Mohamed Ibn Chambas, a conclu aujourd\u2019hui une visite de trois jours \u00e0 Conakry, capitale de la Guin\u00e9e. \u00a0 Cette visite s\u2019inscrit dans le cadre des activit\u00e9s r\u00e9guli\u00e8res de l\u2019UNOWAS en mati\u00e8re d\u2019appui \u00e0 la [&hellip;]\" \/>\n<meta property=\"og:url\" content=\"https:\/\/guineediversite.com\/index.php\/2018\/12\/21\/m-ibn-chambas-conclut-sa-visite-en-guinee-appelle-les-acteurs-politiques-a-oeuvrer-pour-un-climat-serein-et-apaisecommunique\/\" \/>\n<meta property=\"og:site_name\" content=\"Guin\u00e9e Diversit\u00e9\" \/>\n<meta property=\"article:publisher\" content=\"https:\/\/www.facebook.com\/guineediversite\/\" \/>\n<meta property=\"article:published_time\" content=\"2018-12-21T13:33:06+00:00\" \/>\n<meta property=\"article:modified_time\" content=\"2018-12-21T13:44:19+00:00\" \/>\n<meta property=\"og:image\" content=\"https:\/\/guineediversite.com\/wp-content\/uploads\/2018\/12\/t\u00e9l\u00e9chargement-3.jpg\" \/>\n\t<meta property=\"og:image:width\" content=\"1024\" \/>\n\t<meta property=\"og:image:height\" content=\"573\" \/>\n\t<meta property=\"og:image:type\" content=\"image\/jpeg\" \/>\n<meta name=\"author\" content=\"Guin\u00e9e Diversit\u00e9\" \/>\n<meta name=\"twitter:card\" content=\"summary_large_image\" \/>\n<meta name=\"twitter:creator\" content=\"@GuineeDiversite\" \/>\n<meta name=\"twitter:site\" content=\"@GuineeDiversite\" \/>\n<meta name=\"twitter:label1\" content=\"\u00c9crit par\" \/>\n\t<meta name=\"twitter:data1\" content=\"Guin\u00e9e Diversit\u00e9\" \/>\n\t<meta name=\"twitter:label2\" content=\"Dur\u00e9e de lecture estim\u00e9e\" \/>\n\t<meta name=\"twitter:data2\" content=\"2 minutes\" \/>\n<script type=\"application\/ld+json\" class=\"yoast-schema-graph\">{\"@context\":\"https:\/\/schema.org\",\"@graph\":[{\"@type\":\"Article\",\"@id\":\"https:\/\/guineediversite.com\/index.php\/2018\/12\/21\/m-ibn-chambas-conclut-sa-visite-en-guinee-appelle-les-acteurs-politiques-a-oeuvrer-pour-un-climat-serein-et-apaisecommunique\/#article\",\"isPartOf\":{\"@id\":\"https:\/\/guineediversite.com\/index.php\/2018\/12\/21\/m-ibn-chambas-conclut-sa-visite-en-guinee-appelle-les-acteurs-politiques-a-oeuvrer-pour-un-climat-serein-et-apaisecommunique\/\"},\"author\":{\"name\":\"Guin\u00e9e Diversit\u00e9\",\"@id\":\"https:\/\/guineediversite.com\/#\/schema\/person\/afa08fb34e7fc6e1feafc892612bc836\"},\"headline\":\"M. Ibn Chambas conclut sa visite en Guin\u00e9e, appelle les acteurs politiques a \u0153uvrer pour un climat serein et apais\u00e9(communiqu\u00e9)\",\"datePublished\":\"2018-12-21T13:33:06+00:00\",\"dateModified\":\"2018-12-21T13:44:19+00:00\",\"mainEntityOfPage\":{\"@id\":\"https:\/\/guineediversite.com\/index.php\/2018\/12\/21\/m-ibn-chambas-conclut-sa-visite-en-guinee-appelle-les-acteurs-politiques-a-oeuvrer-pour-un-climat-serein-et-apaisecommunique\/\"},\"wordCount\":443,\"publisher\":{\"@id\":\"https:\/\/guineediversite.com\/#organization\"},\"image\":{\"@id\":\"https:\/\/guineediversite.com\/index.php\/2018\/12\/21\/m-ibn-chambas-conclut-sa-visite-en-guinee-appelle-les-acteurs-politiques-a-oeuvrer-pour-un-climat-serein-et-apaisecommunique\/#primaryimage\"},\"thumbnailUrl\":\"https:\/\/guineediversite.com\/wp-content\/uploads\/2018\/12\/t\u00e9l\u00e9chargement-3.jpg\",\"articleSection\":[\"Politique\"],\"inLanguage\":\"fr-FR\"},{\"@type\":\"WebPage\",\"@id\":\"https:\/\/guineediversite.com\/index.php\/2018\/12\/21\/m-ibn-chambas-conclut-sa-visite-en-guinee-appelle-les-acteurs-politiques-a-oeuvrer-pour-un-climat-serein-et-apaisecommunique\/\",\"url\":\"https:\/\/guineediversite.com\/index.php\/2018\/12\/21\/m-ibn-chambas-conclut-sa-visite-en-guinee-appelle-les-acteurs-politiques-a-oeuvrer-pour-un-climat-serein-et-apaisecommunique\/\",\"name\":\"M. Ibn Chambas conclut sa visite en Guin\u00e9e, appelle les acteurs politiques a \u0153uvrer pour un climat serein et apais\u00e9(communiqu\u00e9) | Guin\u00e9e Diversit\u00e9\",\"isPartOf\":{\"@id\":\"https:\/\/guineediversite.com\/#website\"},\"primaryImageOfPage\":{\"@id\":\"https:\/\/guineediversite.com\/index.php\/2018\/12\/21\/m-ibn-chambas-conclut-sa-visite-en-guinee-appelle-les-acteurs-politiques-a-oeuvrer-pour-un-climat-serein-et-apaisecommunique\/#primaryimage\"},\"image\":{\"@id\":\"https:\/\/guineediversite.com\/index.php\/2018\/12\/21\/m-ibn-chambas-conclut-sa-visite-en-guinee-appelle-les-acteurs-politiques-a-oeuvrer-pour-un-climat-serein-et-apaisecommunique\/#primaryimage\"},\"thumbnailUrl\":\"https:\/\/guineediversite.com\/wp-content\/uploads\/2018\/12\/t\u00e9l\u00e9chargement-3.jpg\",\"datePublished\":\"2018-12-21T13:33:06+00:00\",\"dateModified\":\"2018-12-21T13:44:19+00:00\",\"breadcrumb\":{\"@id\":\"https:\/\/guineediversite.com\/index.php\/2018\/12\/21\/m-ibn-chambas-conclut-sa-visite-en-guinee-appelle-les-acteurs-politiques-a-oeuvrer-pour-un-climat-serein-et-apaisecommunique\/#breadcrumb\"},\"inLanguage\":\"fr-FR\",\"potentialAction\":[{\"@type\":\"ReadAction\",\"target\":[\"https:\/\/guineediversite.com\/index.php\/2018\/12\/21\/m-ibn-chambas-conclut-sa-visite-en-guinee-appelle-les-acteurs-politiques-a-oeuvrer-pour-un-climat-serein-et-apaisecommunique\/\"]}]},{\"@type\":\"ImageObject\",\"inLanguage\":\"fr-FR\",\"@id\":\"https:\/\/guineediversite.com\/index.php\/2018\/12\/21\/m-ibn-chambas-conclut-sa-visite-en-guinee-appelle-les-acteurs-politiques-a-oeuvrer-pour-un-climat-serein-et-apaisecommunique\/#primaryimage\",\"url\":\"https:\/\/guineediversite.com\/wp-content\/uploads\/2018\/12\/t\u00e9l\u00e9chargement-3.jpg\",\"contentUrl\":\"https:\/\/guineediversite.com\/wp-content\/uploads\/2018\/12\/t\u00e9l\u00e9chargement-3.jpg\",\"width\":1024,\"height\":573},{\"@type\":\"BreadcrumbList\",\"@id\":\"https:\/\/guineediversite.com\/index.php\/2018\/12\/21\/m-ibn-chambas-conclut-sa-visite-en-guinee-appelle-les-acteurs-politiques-a-oeuvrer-pour-un-climat-serein-et-apaisecommunique\/#breadcrumb\",\"itemListElement\":[{\"@type\":\"ListItem\",\"position\":1,\"name\":\"Accueil\",\"item\":\"https:\/\/guineediversite.com\/\"},{\"@type\":\"ListItem\",\"position\":2,\"name\":\"M. Ibn Chambas conclut sa visite en Guin\u00e9e, appelle les acteurs politiques a \u0153uvrer pour un climat serein et apais\u00e9(communiqu\u00e9)\"}]},{\"@type\":\"WebSite\",\"@id\":\"https:\/\/guineediversite.com\/#website\",\"url\":\"https:\/\/guineediversite.com\/\",\"name\":\"Guin\u00e9e Diversit\u00e9\",\"description\":\"L&#039;Info dans toute sa diversit\u00e9\",\"publisher\":{\"@id\":\"https:\/\/guineediversite.com\/#organization\"},\"potentialAction\":[{\"@type\":\"SearchAction\",\"target\":{\"@type\":\"EntryPoint\",\"urlTemplate\":\"https:\/\/guineediversite.com\/?s={search_term_string}\"},\"query-input\":{\"@type\":\"PropertyValueSpecification\",\"valueRequired\":true,\"valueName\":\"search_term_string\"}}],\"inLanguage\":\"fr-FR\"},{\"@type\":\"Organization\",\"@id\":\"https:\/\/guineediversite.com\/#organization\",\"name\":\"Guin\u00e9e Diversit\u00e9\",\"url\":\"https:\/\/guineediversite.com\/\",\"logo\":{\"@type\":\"ImageObject\",\"inLanguage\":\"fr-FR\",\"@id\":\"https:\/\/guineediversite.com\/#\/schema\/logo\/image\/\",\"url\":\"https:\/\/guineediversite.com\/wp-content\/uploads\/2017\/04\/cropped-1jojlxEOMkX9Wyqfhe43D6kjPOGqBBKmx3EwWJqZ0cMrFF54yM49.png\",\"contentUrl\":\"https:\/\/guineediversite.com\/wp-content\/uploads\/2017\/04\/cropped-1jojlxEOMkX9Wyqfhe43D6kjPOGqBBKmx3EwWJqZ0cMrFF54yM49.png\",\"width\":186,\"height\":112,\"caption\":\"Guin\u00e9e Diversit\u00e9\"},\"image\":{\"@id\":\"https:\/\/guineediversite.com\/#\/schema\/logo\/image\/\"},\"sameAs\":[\"https:\/\/www.facebook.com\/guineediversite\/\",\"https:\/\/x.com\/GuineeDiversite\",\"https:\/\/www.youtube.com\/channel\/UC8sUY16qelG5ge6_D5SB83g\"]},{\"@type\":\"Person\",\"@id\":\"https:\/\/guineediversite.com\/#\/schema\/person\/afa08fb34e7fc6e1feafc892612bc836\",\"name\":\"Guin\u00e9e Diversit\u00e9\",\"image\":{\"@type\":\"ImageObject\",\"inLanguage\":\"fr-FR\",\"@id\":\"https:\/\/guineediversite.com\/#\/schema\/person\/image\/\",\"url\":\"https:\/\/secure.gravatar.com\/avatar\/50d5eb5b390f8b65ac30ac6f898eb83a?s=96&d=mm&r=g\",\"contentUrl\":\"https:\/\/secure.gravatar.com\/avatar\/50d5eb5b390f8b65ac30ac6f898eb83a?s=96&d=mm&r=g\",\"caption\":\"Guin\u00e9e Diversit\u00e9\"},\"url\":\"https:\/\/guineediversite.com\/index.php\/author\/guineediversite\/\"}]}<\/script>\n<!-- \/ Yoast SEO plugin. -->","yoast_head_json":{"title":"M. Ibn Chambas conclut sa visite en Guin\u00e9e, appelle les acteurs politiques a \u0153uvrer pour un climat serein et apais\u00e9(communiqu\u00e9) | Guin\u00e9e Diversit\u00e9","robots":{"index":"index","follow":"follow","max-snippet":"max-snippet:-1","max-image-preview":"max-image-preview:large","max-video-preview":"max-video-preview:-1"},"canonical":"https:\/\/guineediversite.com\/index.php\/2018\/12\/21\/m-ibn-chambas-conclut-sa-visite-en-guinee-appelle-les-acteurs-politiques-a-oeuvrer-pour-un-climat-serein-et-apaisecommunique\/","og_locale":"fr_FR","og_type":"article","og_title":"M. Ibn Chambas conclut sa visite en Guin\u00e9e, appelle les acteurs politiques a \u0153uvrer pour un climat serein et apais\u00e9(communiqu\u00e9) | Guin\u00e9e Diversit\u00e9","og_description":"\u00a0Le Repr\u00e9sentant sp\u00e9cial du Secr\u00e9taire g\u00e9n\u00e9ral et Chef du Bureau des Nations Unies pour le Sahel et l\u2019Afrique de l\u2019Ouest (UNOWAS), Mohamed Ibn Chambas, a conclu aujourd\u2019hui une visite de trois jours \u00e0 Conakry, capitale de la Guin\u00e9e. \u00a0 Cette visite s\u2019inscrit dans le cadre des activit\u00e9s r\u00e9guli\u00e8res de l\u2019UNOWAS en mati\u00e8re d\u2019appui \u00e0 la [&hellip;]","og_url":"https:\/\/guineediversite.com\/index.php\/2018\/12\/21\/m-ibn-chambas-conclut-sa-visite-en-guinee-appelle-les-acteurs-politiques-a-oeuvrer-pour-un-climat-serein-et-apaisecommunique\/","og_site_name":"Guin\u00e9e Diversit\u00e9","article_publisher":"https:\/\/www.facebook.com\/guineediversite\/","article_published_time":"2018-12-21T13:33:06+00:00","article_modified_time":"2018-12-21T13:44:19+00:00","og_image":[{"width":1024,"height":573,"url":"https:\/\/guineediversite.com\/wp-content\/uploads\/2018\/12\/t\u00e9l\u00e9chargement-3.jpg","type":"image\/jpeg"}],"author":"Guin\u00e9e Diversit\u00e9","twitter_card":"summary_large_image","twitter_creator":"@GuineeDiversite","twitter_site":"@GuineeDiversite","twitter_misc":{"\u00c9crit par":"Guin\u00e9e Diversit\u00e9","Dur\u00e9e de lecture estim\u00e9e":"2 minutes"},"schema":{"@context":"https:\/\/schema.org","@graph":[{"@type":"Article","@id":"https:\/\/guineediversite.com\/index.php\/2018\/12\/21\/m-ibn-chambas-conclut-sa-visite-en-guinee-appelle-les-acteurs-politiques-a-oeuvrer-pour-un-climat-serein-et-apaisecommunique\/#article","isPartOf":{"@id":"https:\/\/guineediversite.com\/index.php\/2018\/12\/21\/m-ibn-chambas-conclut-sa-visite-en-guinee-appelle-les-acteurs-politiques-a-oeuvrer-pour-un-climat-serein-et-apaisecommunique\/"},"author":{"name":"Guin\u00e9e Diversit\u00e9","@id":"https:\/\/guineediversite.com\/#\/schema\/person\/afa08fb34e7fc6e1feafc892612bc836"},"headline":"M. Ibn Chambas conclut sa visite en Guin\u00e9e, appelle les acteurs politiques a \u0153uvrer pour un climat serein et apais\u00e9(communiqu\u00e9)","datePublished":"2018-12-21T13:33:06+00:00","dateModified":"2018-12-21T13:44:19+00:00","mainEntityOfPage":{"@id":"https:\/\/guineediversite.com\/index.php\/2018\/12\/21\/m-ibn-chambas-conclut-sa-visite-en-guinee-appelle-les-acteurs-politiques-a-oeuvrer-pour-un-climat-serein-et-apaisecommunique\/"},"wordCount":443,"publisher":{"@id":"https:\/\/guineediversite.com\/#organization"},"image":{"@id":"https:\/\/guineediversite.com\/index.php\/2018\/12\/21\/m-ibn-chambas-conclut-sa-visite-en-guinee-appelle-les-acteurs-politiques-a-oeuvrer-pour-un-climat-serein-et-apaisecommunique\/#primaryimage"},"thumbnailUrl":"https:\/\/guineediversite.com\/wp-content\/uploads\/2018\/12\/t\u00e9l\u00e9chargement-3.jpg","articleSection":["Politique"],"inLanguage":"fr-FR"},{"@type":"WebPage","@id":"https:\/\/guineediversite.com\/index.php\/2018\/12\/21\/m-ibn-chambas-conclut-sa-visite-en-guinee-appelle-les-acteurs-politiques-a-oeuvrer-pour-un-climat-serein-et-apaisecommunique\/","url":"https:\/\/guineediversite.com\/index.php\/2018\/12\/21\/m-ibn-chambas-conclut-sa-visite-en-guinee-appelle-les-acteurs-politiques-a-oeuvrer-pour-un-climat-serein-et-apaisecommunique\/","name":"M. Ibn Chambas conclut sa visite en Guin\u00e9e, appelle les acteurs politiques a \u0153uvrer pour un climat serein et apais\u00e9(communiqu\u00e9) | Guin\u00e9e Diversit\u00e9","isPartOf":{"@id":"https:\/\/guineediversite.com\/#website"},"primaryImageOfPage":{"@id":"https:\/\/guineediversite.com\/index.php\/2018\/12\/21\/m-ibn-chambas-conclut-sa-visite-en-guinee-appelle-les-acteurs-politiques-a-oeuvrer-pour-un-climat-serein-et-apaisecommunique\/#primaryimage"},"image":{"@id":"https:\/\/guineediversite.com\/index.php\/2018\/12\/21\/m-ibn-chambas-conclut-sa-visite-en-guinee-appelle-les-acteurs-politiques-a-oeuvrer-pour-un-climat-serein-et-apaisecommunique\/#primaryimage"},"thumbnailUrl":"https:\/\/guineediversite.com\/wp-content\/uploads\/2018\/12\/t\u00e9l\u00e9chargement-3.jpg","datePublished":"2018-12-21T13:33:06+00:00","dateModified":"2018-12-21T13:44:19+00:00","breadcrumb":{"@id":"https:\/\/guineediversite.com\/index.php\/2018\/12\/21\/m-ibn-chambas-conclut-sa-visite-en-guinee-appelle-les-acteurs-politiques-a-oeuvrer-pour-un-climat-serein-et-apaisecommunique\/#breadcrumb"},"inLanguage":"fr-FR","potentialAction":[{"@type":"ReadAction","target":["https:\/\/guineediversite.com\/index.php\/2018\/12\/21\/m-ibn-chambas-conclut-sa-visite-en-guinee-appelle-les-acteurs-politiques-a-oeuvrer-pour-un-climat-serein-et-apaisecommunique\/"]}]},{"@type":"ImageObject","inLanguage":"fr-FR","@id":"https:\/\/guineediversite.com\/index.php\/2018\/12\/21\/m-ibn-chambas-conclut-sa-visite-en-guinee-appelle-les-acteurs-politiques-a-oeuvrer-pour-un-climat-serein-et-apaisecommunique\/#primaryimage","url":"https:\/\/guineediversite.com\/wp-content\/uploads\/2018\/12\/t\u00e9l\u00e9chargement-3.jpg","contentUrl":"https:\/\/guineediversite.com\/wp-content\/uploads\/2018\/12\/t\u00e9l\u00e9chargement-3.jpg","width":1024,"height":573},{"@type":"BreadcrumbList","@id":"https:\/\/guineediversite.com\/index.php\/2018\/12\/21\/m-ibn-chambas-conclut-sa-visite-en-guinee-appelle-les-acteurs-politiques-a-oeuvrer-pour-un-climat-serein-et-apaisecommunique\/#breadcrumb","itemListElement":[{"@type":"ListItem","position":1,"name":"Accueil","item":"https:\/\/guineediversite.com\/"},{"@type":"ListItem","position":2,"name":"M. Ibn Chambas conclut sa visite en Guin\u00e9e, appelle les acteurs politiques a \u0153uvrer pour un climat serein et apais\u00e9(communiqu\u00e9)"}]},{"@type":"WebSite","@id":"https:\/\/guineediversite.com\/#website","url":"https:\/\/guineediversite.com\/","name":"Guin\u00e9e Diversit\u00e9","description":"L&#039;Info dans toute sa diversit\u00e9","publisher":{"@id":"https:\/\/guineediversite.com\/#organization"},"potentialAction":[{"@type":"SearchAction","target":{"@type":"EntryPoint","urlTemplate":"https:\/\/guineediversite.com\/?s={search_term_string}"},"query-input":{"@type":"PropertyValueSpecification","valueRequired":true,"valueName":"search_term_string"}}],"inLanguage":"fr-FR"},{"@type":"Organization","@id":"https:\/\/guineediversite.com\/#organization","name":"Guin\u00e9e Diversit\u00e9","url":"https:\/\/guineediversite.com\/","logo":{"@type":"ImageObject","inLanguage":"fr-FR","@id":"https:\/\/guineediversite.com\/#\/schema\/logo\/image\/","url":"https:\/\/guineediversite.com\/wp-content\/uploads\/2017\/04\/cropped-1jojlxEOMkX9Wyqfhe43D6kjPOGqBBKmx3EwWJqZ0cMrFF54yM49.png","contentUrl":"https:\/\/guineediversite.com\/wp-content\/uploads\/2017\/04\/cropped-1jojlxEOMkX9Wyqfhe43D6kjPOGqBBKmx3EwWJqZ0cMrFF54yM49.png","width":186,"height":112,"caption":"Guin\u00e9e Diversit\u00e9"},"image":{"@id":"https:\/\/guineediversite.com\/#\/schema\/logo\/image\/"},"sameAs":["https:\/\/www.facebook.com\/guineediversite\/","https:\/\/x.com\/GuineeDiversite","https:\/\/www.youtube.com\/channel\/UC8sUY16qelG5ge6_D5SB83g"]},{"@type":"Person","@id":"https:\/\/guineediversite.com\/#\/schema\/person\/afa08fb34e7fc6e1feafc892612bc836","name":"Guin\u00e9e Diversit\u00e9","image":{"@type":"ImageObject","inLanguage":"fr-FR","@id":"https:\/\/guineediversite.com\/#\/schema\/person\/image\/","url":"https:\/\/secure.gravatar.com\/avatar\/50d5eb5b390f8b65ac30ac6f898eb83a?s=96&d=mm&r=g","contentUrl":"https:\/\/secure.gravatar.com\/avatar\/50d5eb5b390f8b65ac30ac6f898eb83a?s=96&d=mm&r=g","caption":"Guin\u00e9e Diversit\u00e9"},"url":"https:\/\/guineediversite.com\/index.php\/author\/guineediversite\/"}]}},"_links":{"self":[{"href":"https:\/\/guineediversite.com\/index.php\/wp-json\/wp\/v2\/posts\/27656"}],"collection":[{"href":"https:\/\/guineediversite.com\/index.php\/wp-json\/wp\/v2\/posts"}],"about":[{"href":"https:\/\/guineediversite.com\/index.php\/wp-json\/wp\/v2\/types\/post"}],"author":[{"embeddable":true,"href":"https:\/\/guineediversite.com\/index.php\/wp-json\/wp\/v2\/users\/12"}],"replies":[{"embeddable":true,"href":"https:\/\/guineediversite.com\/index.php\/wp-json\/wp\/v2\/comments?post=27656"}],"version-history":[{"count":0,"href":"https:\/\/guineediversite.com\/index.php\/wp-json\/wp\/v2\/posts\/27656\/revisions"}],"wp:featuredmedia":[{"embeddable":true,"href":"https:\/\/guineediversite.com\/index.php\/wp-json\/wp\/v2\/media\/27659"}],"wp:attachment":[{"href":"https:\/\/guineediversite.com\/index.php\/wp-json\/wp\/v2\/media?parent=27656"}],"wp:term":[{"taxonomy":"category","embeddable":true,"href":"https:\/\/guineediversite.com\/index.php\/wp-json\/wp\/v2\/categories?post=27656"},{"taxonomy":"post_tag","embeddable":true,"href":"https:\/\/guineediversite.com\/index.php\/wp-json\/wp\/v2\/tags?post=27656"}],"curies":[{"name":"wp","href":"https:\/\/api.w.org\/{rel}","templated":true}]}}