{"id":27653,"date":"2018-12-21T10:35:16","date_gmt":"2018-12-21T09:35:16","guid":{"rendered":"https:\/\/guineediversite.com\/?p=27653"},"modified":"2018-12-21T10:35:16","modified_gmt":"2018-12-21T09:35:16","slug":"le-president-de-la-republique-alpha-conde-lance-les-travaux-de-bitumage-des-voiries-de-labe-et-pita","status":"publish","type":"post","link":"https:\/\/guineediversite.com\/index.php\/2018\/12\/21\/le-president-de-la-republique-alpha-conde-lance-les-travaux-de-bitumage-des-voiries-de-labe-et-pita\/","title":{"rendered":"Le pr\u00e9sident de la r\u00e9publique alpha cond\u00e9 lance les travaux de bitumage des voiries de Lab\u00e9 et Pita"},"content":{"rendered":"<p align=\"LEFT\"><span style=\"color: #000000;\"><span style=\"font-family: Calibri, sans-serif;\"><span style=\"font-size: large;\"><b>Lab\u00e9, le 20 d\u00e9cembre 2018 &#8211;<\/b><\/span><\/span><\/span><span style=\"color: #000000;\"><span style=\"font-family: Calibri, sans-serif;\"><span style=\"font-size: large;\">\u00a0apr\u00e8s l&rsquo;\u00e9tape de la haute Guin\u00e9e et de la Guin\u00e9e Foresti\u00e8re, le Pr\u00e9sident de la R\u00e9publique Alpha Cond\u00e9 poursuit son p\u00e9riple en moyenne guin\u00e9e pour \u00eatre au contact des populations \u00e0 la base. Ce jeudi, le Pr\u00e9sident de la R\u00e9publique \u00e9tait l\u2019h\u00f4te de marque de la pr\u00e9fecture de Lab\u00e9, capitale r\u00e9gionale de la moyenne Guin\u00e9e.<\/span><\/span><\/span><\/p>\n<p align=\"LEFT\"><span style=\"color: #000000;\"><span style=\"font-family: Calibri, sans-serif;\"><span style=\"font-size: large;\">Cette visite du Chef de l&rsquo;\u00e9tat au Fouta-Djalon s&rsquo;inscrit dans le cadre du lancement des travaux de r\u00e9habilitation et de bitumage de 15 kilom\u00e8tres de voiries dans la ville de Lab\u00e9 et 13 kilom\u00e8tres dans la pr\u00e9fecture de Pita. La r\u00e9alisation de ces travaux de bitumage est confi\u00e9e \u00e0 la guin\u00e9enne de construction et de prestation \u00ab GUICOPRES SA \u00bb. Le co\u00fbt de r\u00e9alisation des travaux s\u2019\u00e9l\u00e8ve \u00e0 hauteur de 400 254 181 915 GNF et financ\u00e9 enti\u00e8rement par le gouvernement \u00e0 travers le budget National de d\u00e9veloppement pour une dur\u00e9e de 20 mois incluant celui de Dalaba.<\/span><\/span><\/span><\/p>\n<p align=\"LEFT\"><span style=\"color: #000000;\"><span style=\"font-family: Calibri, sans-serif;\"><span style=\"font-size: large;\">Tr\u00e8s satisfaits de la visite du Pr\u00e9sident de la R\u00e9publique, les premiers responsables des villes de Lab\u00e9 et de Pita ont au nom de leurs localit\u00e9s souhait\u00e9 la bienvenue au Chef de l&rsquo;\u00c9tat et en lui r\u00e9it\u00e9rant leurs soutiens dans le cadre de la mise en \u0153uvre de d\u00e9veloppement des projets ainsi que pour la paix et la qui\u00e9tude dans le pays. En outre la r\u00e9alisation des travaux de bitumage constitue un acte salutaire et permet de soulager d&rsquo;une part, un certain nombre de p\u00e9ril auxquels sont confront\u00e9s les populations respectives et d&rsquo;autre part, elle permet une ouverture pour la mobilit\u00e9 \u00e9conomique.<\/span><\/span><\/span><\/p>\n<p align=\"LEFT\"><span style=\"color: #000000;\"><span style=\"font-family: Calibri, sans-serif;\"><span style=\"font-size: large;\">Pour PDG de la soci\u00e9t\u00e9 GUICOPRES SA, les travaux de construction et de r\u00e9habilitation des voiries de Lab\u00e9 et Pita sont celui de la mat\u00e9rialisation et de la volont\u00e9 politique du chef de l&rsquo;\u00c9tat en faveur des citoyens desdites pr\u00e9fectures. Selon, Kerfala Camara, ces faits constituent un geste tr\u00e8s significatif de la volont\u00e9 du gouvernement de booster le d\u00e9veloppement national par la facilit\u00e9 de circulation des personnes et des biens.<\/span><\/span><\/span><\/p>\n<p align=\"LEFT\"><span style=\"color: #000000;\"><span style=\"font-family: Calibri, sans-serif;\"><span style=\"font-size: large;\">Pour sa part, le Chef de l&rsquo;\u00c9tat Alpha Cond\u00e9 a rappel\u00e9 que le foutah a \u00e9t\u00e9 toujours une terre d&rsquo;accueil qui est symbolis\u00e9e par le mot t\u00f4ly. Le Pr\u00e9sident de la R\u00e9publique a pr\u00e9cis\u00e9 que le d\u00e9veloppement de la Guin\u00e9e ne peut s&rsquo;effectuer qu&rsquo;\u00e0 travers l&rsquo;union entre les populations. Il a \u00e9galement saisi l&rsquo;occasion pour faire un bref rappel de l&rsquo;histoire de la Guin\u00e9e avant de s&rsquo;attaquer aux diff\u00e9rents projets en cours de r\u00e9alisation dans le secteur agricole, de l&rsquo;\u00e9levage, de la p\u00eache et de l&rsquo;implantation des usines \u00e0 travers le Pays conclut-il.<\/span><\/span><\/span><\/p>\n<p align=\"LEFT\"><span style=\"color: #000000;\"><span style=\"font-family: Calibri, sans-serif;\"><span style=\"font-size: large;\">Il faudra mentionner que cette visite du chef de l&rsquo;\u00c9tat dans la r\u00e9gion du foutah s&rsquo;ach\u00e8vera ce vendredi dans la pr\u00e9fecture de Dalaba.<\/span><\/span><\/span><\/p>\n<p align=\"JUSTIFY\"><span style=\"font-family: Calibri, sans-serif;\"><span style=\"font-size: large;\"><b>La Cellule de Communication du Gouvernement<\/b><\/span><\/span><\/p>\n","protected":false},"excerpt":{"rendered":"<p>Lab\u00e9, le 20 d\u00e9cembre 2018 &#8211;\u00a0apr\u00e8s l&rsquo;\u00e9tape de la haute Guin\u00e9e et de la Guin\u00e9e Foresti\u00e8re, le Pr\u00e9sident de la R\u00e9publique Alpha Cond\u00e9 poursuit son p\u00e9riple en moyenne guin\u00e9e pour \u00eatre au contact des populations \u00e0 la base. Ce jeudi, le Pr\u00e9sident de la R\u00e9publique \u00e9tait l\u2019h\u00f4te de marque de la pr\u00e9fecture de Lab\u00e9, capitale [&hellip;]<\/p>\n","protected":false},"author":12,"featured_media":27654,"comment_status":"closed","ping_status":"closed","sticky":false,"template":"","format":"standard","meta":{"_exactmetrics_skip_tracking":false,"_exactmetrics_sitenote_active":false,"_exactmetrics_sitenote_note":"","_exactmetrics_sitenote_category":0,"tdm_status":"","tdm_grid_status":"","footnotes":""},"categories":[16],"tags":[],"class_list":{"0":"post-27653","1":"post","2":"type-post","3":"status-publish","4":"format-standard","5":"has-post-thumbnail","7":"category-societe"},"yoast_head":"<!-- This site is optimized with the Yoast SEO plugin v24.2 - https:\/\/yoast.com\/wordpress\/plugins\/seo\/ -->\n<title>Le pr\u00e9sident de la r\u00e9publique alpha cond\u00e9 lance les travaux de bitumage des voiries de Lab\u00e9 et Pita | Guin\u00e9e Diversit\u00e9<\/title>\n<meta name=\"robots\" content=\"index, follow, max-snippet:-1, max-image-preview:large, max-video-preview:-1\" \/>\n<link rel=\"canonical\" href=\"https:\/\/guineediversite.com\/index.php\/2018\/12\/21\/le-president-de-la-republique-alpha-conde-lance-les-travaux-de-bitumage-des-voiries-de-labe-et-pita\/\" \/>\n<meta property=\"og:locale\" content=\"fr_FR\" \/>\n<meta property=\"og:type\" content=\"article\" \/>\n<meta property=\"og:title\" content=\"Le pr\u00e9sident de la r\u00e9publique alpha cond\u00e9 lance les travaux de bitumage des voiries de Lab\u00e9 et Pita | Guin\u00e9e Diversit\u00e9\" \/>\n<meta property=\"og:description\" content=\"Lab\u00e9, le 20 d\u00e9cembre 2018 &#8211;\u00a0apr\u00e8s l&rsquo;\u00e9tape de la haute Guin\u00e9e et de la Guin\u00e9e Foresti\u00e8re, le Pr\u00e9sident de la R\u00e9publique Alpha Cond\u00e9 poursuit son p\u00e9riple en moyenne guin\u00e9e pour \u00eatre au contact des populations \u00e0 la base. Ce jeudi, le Pr\u00e9sident de la R\u00e9publique \u00e9tait l\u2019h\u00f4te de marque de la pr\u00e9fecture de Lab\u00e9, capitale [&hellip;]\" \/>\n<meta property=\"og:url\" content=\"https:\/\/guineediversite.com\/index.php\/2018\/12\/21\/le-president-de-la-republique-alpha-conde-lance-les-travaux-de-bitumage-des-voiries-de-labe-et-pita\/\" \/>\n<meta property=\"og:site_name\" content=\"Guin\u00e9e Diversit\u00e9\" \/>\n<meta property=\"article:publisher\" content=\"https:\/\/www.facebook.com\/guineediversite\/\" \/>\n<meta property=\"article:published_time\" content=\"2018-12-21T09:35:16+00:00\" \/>\n<meta property=\"og:image\" content=\"https:\/\/guineediversite.com\/wp-content\/uploads\/2018\/12\/photo-Construction-et-rehabilitation-des-voirie-lab\u00e9-et-pita-20-12-18-6.jpg\" \/>\n\t<meta property=\"og:image:width\" content=\"1382\" \/>\n\t<meta property=\"og:image:height\" content=\"704\" \/>\n\t<meta property=\"og:image:type\" content=\"image\/jpeg\" \/>\n<meta name=\"author\" content=\"Guin\u00e9e Diversit\u00e9\" \/>\n<meta name=\"twitter:card\" content=\"summary_large_image\" \/>\n<meta name=\"twitter:creator\" content=\"@GuineeDiversite\" \/>\n<meta name=\"twitter:site\" content=\"@GuineeDiversite\" \/>\n<meta name=\"twitter:label1\" content=\"\u00c9crit par\" \/>\n\t<meta name=\"twitter:data1\" content=\"Guin\u00e9e Diversit\u00e9\" \/>\n\t<meta name=\"twitter:label2\" content=\"Dur\u00e9e de lecture estim\u00e9e\" \/>\n\t<meta name=\"twitter:data2\" content=\"3 minutes\" \/>\n<script type=\"application\/ld+json\" class=\"yoast-schema-graph\">{\"@context\":\"https:\/\/schema.org\",\"@graph\":[{\"@type\":\"Article\",\"@id\":\"https:\/\/guineediversite.com\/index.php\/2018\/12\/21\/le-president-de-la-republique-alpha-conde-lance-les-travaux-de-bitumage-des-voiries-de-labe-et-pita\/#article\",\"isPartOf\":{\"@id\":\"https:\/\/guineediversite.com\/index.php\/2018\/12\/21\/le-president-de-la-republique-alpha-conde-lance-les-travaux-de-bitumage-des-voiries-de-labe-et-pita\/\"},\"author\":{\"name\":\"Guin\u00e9e Diversit\u00e9\",\"@id\":\"https:\/\/guineediversite.com\/#\/schema\/person\/afa08fb34e7fc6e1feafc892612bc836\"},\"headline\":\"Le pr\u00e9sident de la r\u00e9publique alpha cond\u00e9 lance les travaux de bitumage des voiries de Lab\u00e9 et Pita\",\"datePublished\":\"2018-12-21T09:35:16+00:00\",\"dateModified\":\"2018-12-21T09:35:16+00:00\",\"mainEntityOfPage\":{\"@id\":\"https:\/\/guineediversite.com\/index.php\/2018\/12\/21\/le-president-de-la-republique-alpha-conde-lance-les-travaux-de-bitumage-des-voiries-de-labe-et-pita\/\"},\"wordCount\":536,\"publisher\":{\"@id\":\"https:\/\/guineediversite.com\/#organization\"},\"image\":{\"@id\":\"https:\/\/guineediversite.com\/index.php\/2018\/12\/21\/le-president-de-la-republique-alpha-conde-lance-les-travaux-de-bitumage-des-voiries-de-labe-et-pita\/#primaryimage\"},\"thumbnailUrl\":\"https:\/\/guineediversite.com\/wp-content\/uploads\/2018\/12\/photo-Construction-et-rehabilitation-des-voirie-lab\u00e9-et-pita-20-12-18-6.jpg\",\"articleSection\":[\"Soci\u00e9t\u00e9\"],\"inLanguage\":\"fr-FR\"},{\"@type\":\"WebPage\",\"@id\":\"https:\/\/guineediversite.com\/index.php\/2018\/12\/21\/le-president-de-la-republique-alpha-conde-lance-les-travaux-de-bitumage-des-voiries-de-labe-et-pita\/\",\"url\":\"https:\/\/guineediversite.com\/index.php\/2018\/12\/21\/le-president-de-la-republique-alpha-conde-lance-les-travaux-de-bitumage-des-voiries-de-labe-et-pita\/\",\"name\":\"Le pr\u00e9sident de la r\u00e9publique alpha cond\u00e9 lance les travaux de bitumage des voiries de Lab\u00e9 et Pita | Guin\u00e9e Diversit\u00e9\",\"isPartOf\":{\"@id\":\"https:\/\/guineediversite.com\/#website\"},\"primaryImageOfPage\":{\"@id\":\"https:\/\/guineediversite.com\/index.php\/2018\/12\/21\/le-president-de-la-republique-alpha-conde-lance-les-travaux-de-bitumage-des-voiries-de-labe-et-pita\/#primaryimage\"},\"image\":{\"@id\":\"https:\/\/guineediversite.com\/index.php\/2018\/12\/21\/le-president-de-la-republique-alpha-conde-lance-les-travaux-de-bitumage-des-voiries-de-labe-et-pita\/#primaryimage\"},\"thumbnailUrl\":\"https:\/\/guineediversite.com\/wp-content\/uploads\/2018\/12\/photo-Construction-et-rehabilitation-des-voirie-lab\u00e9-et-pita-20-12-18-6.jpg\",\"datePublished\":\"2018-12-21T09:35:16+00:00\",\"dateModified\":\"2018-12-21T09:35:16+00:00\",\"breadcrumb\":{\"@id\":\"https:\/\/guineediversite.com\/index.php\/2018\/12\/21\/le-president-de-la-republique-alpha-conde-lance-les-travaux-de-bitumage-des-voiries-de-labe-et-pita\/#breadcrumb\"},\"inLanguage\":\"fr-FR\",\"potentialAction\":[{\"@type\":\"ReadAction\",\"target\":[\"https:\/\/guineediversite.com\/index.php\/2018\/12\/21\/le-president-de-la-republique-alpha-conde-lance-les-travaux-de-bitumage-des-voiries-de-labe-et-pita\/\"]}]},{\"@type\":\"ImageObject\",\"inLanguage\":\"fr-FR\",\"@id\":\"https:\/\/guineediversite.com\/index.php\/2018\/12\/21\/le-president-de-la-republique-alpha-conde-lance-les-travaux-de-bitumage-des-voiries-de-labe-et-pita\/#primaryimage\",\"url\":\"https:\/\/guineediversite.com\/wp-content\/uploads\/2018\/12\/photo-Construction-et-rehabilitation-des-voirie-lab\u00e9-et-pita-20-12-18-6.jpg\",\"contentUrl\":\"https:\/\/guineediversite.com\/wp-content\/uploads\/2018\/12\/photo-Construction-et-rehabilitation-des-voirie-lab\u00e9-et-pita-20-12-18-6.jpg\",\"width\":1382,\"height\":704},{\"@type\":\"BreadcrumbList\",\"@id\":\"https:\/\/guineediversite.com\/index.php\/2018\/12\/21\/le-president-de-la-republique-alpha-conde-lance-les-travaux-de-bitumage-des-voiries-de-labe-et-pita\/#breadcrumb\",\"itemListElement\":[{\"@type\":\"ListItem\",\"position\":1,\"name\":\"Accueil\",\"item\":\"https:\/\/guineediversite.com\/\"},{\"@type\":\"ListItem\",\"position\":2,\"name\":\"Le pr\u00e9sident de la r\u00e9publique alpha cond\u00e9 lance les travaux de bitumage des voiries de Lab\u00e9 et Pita\"}]},{\"@type\":\"WebSite\",\"@id\":\"https:\/\/guineediversite.com\/#website\",\"url\":\"https:\/\/guineediversite.com\/\",\"name\":\"Guin\u00e9e Diversit\u00e9\",\"description\":\"L&#039;Info dans toute sa diversit\u00e9\",\"publisher\":{\"@id\":\"https:\/\/guineediversite.com\/#organization\"},\"potentialAction\":[{\"@type\":\"SearchAction\",\"target\":{\"@type\":\"EntryPoint\",\"urlTemplate\":\"https:\/\/guineediversite.com\/?s={search_term_string}\"},\"query-input\":{\"@type\":\"PropertyValueSpecification\",\"valueRequired\":true,\"valueName\":\"search_term_string\"}}],\"inLanguage\":\"fr-FR\"},{\"@type\":\"Organization\",\"@id\":\"https:\/\/guineediversite.com\/#organization\",\"name\":\"Guin\u00e9e Diversit\u00e9\",\"url\":\"https:\/\/guineediversite.com\/\",\"logo\":{\"@type\":\"ImageObject\",\"inLanguage\":\"fr-FR\",\"@id\":\"https:\/\/guineediversite.com\/#\/schema\/logo\/image\/\",\"url\":\"https:\/\/guineediversite.com\/wp-content\/uploads\/2017\/04\/cropped-1jojlxEOMkX9Wyqfhe43D6kjPOGqBBKmx3EwWJqZ0cMrFF54yM49.png\",\"contentUrl\":\"https:\/\/guineediversite.com\/wp-content\/uploads\/2017\/04\/cropped-1jojlxEOMkX9Wyqfhe43D6kjPOGqBBKmx3EwWJqZ0cMrFF54yM49.png\",\"width\":186,\"height\":112,\"caption\":\"Guin\u00e9e Diversit\u00e9\"},\"image\":{\"@id\":\"https:\/\/guineediversite.com\/#\/schema\/logo\/image\/\"},\"sameAs\":[\"https:\/\/www.facebook.com\/guineediversite\/\",\"https:\/\/x.com\/GuineeDiversite\",\"https:\/\/www.youtube.com\/channel\/UC8sUY16qelG5ge6_D5SB83g\"]},{\"@type\":\"Person\",\"@id\":\"https:\/\/guineediversite.com\/#\/schema\/person\/afa08fb34e7fc6e1feafc892612bc836\",\"name\":\"Guin\u00e9e Diversit\u00e9\",\"image\":{\"@type\":\"ImageObject\",\"inLanguage\":\"fr-FR\",\"@id\":\"https:\/\/guineediversite.com\/#\/schema\/person\/image\/\",\"url\":\"https:\/\/secure.gravatar.com\/avatar\/50d5eb5b390f8b65ac30ac6f898eb83a?s=96&d=mm&r=g\",\"contentUrl\":\"https:\/\/secure.gravatar.com\/avatar\/50d5eb5b390f8b65ac30ac6f898eb83a?s=96&d=mm&r=g\",\"caption\":\"Guin\u00e9e Diversit\u00e9\"},\"url\":\"https:\/\/guineediversite.com\/index.php\/author\/guineediversite\/\"}]}<\/script>\n<!-- \/ Yoast SEO plugin. -->","yoast_head_json":{"title":"Le pr\u00e9sident de la r\u00e9publique alpha cond\u00e9 lance les travaux de bitumage des voiries de Lab\u00e9 et Pita | Guin\u00e9e Diversit\u00e9","robots":{"index":"index","follow":"follow","max-snippet":"max-snippet:-1","max-image-preview":"max-image-preview:large","max-video-preview":"max-video-preview:-1"},"canonical":"https:\/\/guineediversite.com\/index.php\/2018\/12\/21\/le-president-de-la-republique-alpha-conde-lance-les-travaux-de-bitumage-des-voiries-de-labe-et-pita\/","og_locale":"fr_FR","og_type":"article","og_title":"Le pr\u00e9sident de la r\u00e9publique alpha cond\u00e9 lance les travaux de bitumage des voiries de Lab\u00e9 et Pita | Guin\u00e9e Diversit\u00e9","og_description":"Lab\u00e9, le 20 d\u00e9cembre 2018 &#8211;\u00a0apr\u00e8s l&rsquo;\u00e9tape de la haute Guin\u00e9e et de la Guin\u00e9e Foresti\u00e8re, le Pr\u00e9sident de la R\u00e9publique Alpha Cond\u00e9 poursuit son p\u00e9riple en moyenne guin\u00e9e pour \u00eatre au contact des populations \u00e0 la base. Ce jeudi, le Pr\u00e9sident de la R\u00e9publique \u00e9tait l\u2019h\u00f4te de marque de la pr\u00e9fecture de Lab\u00e9, capitale [&hellip;]","og_url":"https:\/\/guineediversite.com\/index.php\/2018\/12\/21\/le-president-de-la-republique-alpha-conde-lance-les-travaux-de-bitumage-des-voiries-de-labe-et-pita\/","og_site_name":"Guin\u00e9e Diversit\u00e9","article_publisher":"https:\/\/www.facebook.com\/guineediversite\/","article_published_time":"2018-12-21T09:35:16+00:00","og_image":[{"width":1382,"height":704,"url":"https:\/\/guineediversite.com\/wp-content\/uploads\/2018\/12\/photo-Construction-et-rehabilitation-des-voirie-lab\u00e9-et-pita-20-12-18-6.jpg","type":"image\/jpeg"}],"author":"Guin\u00e9e Diversit\u00e9","twitter_card":"summary_large_image","twitter_creator":"@GuineeDiversite","twitter_site":"@GuineeDiversite","twitter_misc":{"\u00c9crit par":"Guin\u00e9e Diversit\u00e9","Dur\u00e9e de lecture estim\u00e9e":"3 minutes"},"schema":{"@context":"https:\/\/schema.org","@graph":[{"@type":"Article","@id":"https:\/\/guineediversite.com\/index.php\/2018\/12\/21\/le-president-de-la-republique-alpha-conde-lance-les-travaux-de-bitumage-des-voiries-de-labe-et-pita\/#article","isPartOf":{"@id":"https:\/\/guineediversite.com\/index.php\/2018\/12\/21\/le-president-de-la-republique-alpha-conde-lance-les-travaux-de-bitumage-des-voiries-de-labe-et-pita\/"},"author":{"name":"Guin\u00e9e Diversit\u00e9","@id":"https:\/\/guineediversite.com\/#\/schema\/person\/afa08fb34e7fc6e1feafc892612bc836"},"headline":"Le pr\u00e9sident de la r\u00e9publique alpha cond\u00e9 lance les travaux de bitumage des voiries de Lab\u00e9 et Pita","datePublished":"2018-12-21T09:35:16+00:00","dateModified":"2018-12-21T09:35:16+00:00","mainEntityOfPage":{"@id":"https:\/\/guineediversite.com\/index.php\/2018\/12\/21\/le-president-de-la-republique-alpha-conde-lance-les-travaux-de-bitumage-des-voiries-de-labe-et-pita\/"},"wordCount":536,"publisher":{"@id":"https:\/\/guineediversite.com\/#organization"},"image":{"@id":"https:\/\/guineediversite.com\/index.php\/2018\/12\/21\/le-president-de-la-republique-alpha-conde-lance-les-travaux-de-bitumage-des-voiries-de-labe-et-pita\/#primaryimage"},"thumbnailUrl":"https:\/\/guineediversite.com\/wp-content\/uploads\/2018\/12\/photo-Construction-et-rehabilitation-des-voirie-lab\u00e9-et-pita-20-12-18-6.jpg","articleSection":["Soci\u00e9t\u00e9"],"inLanguage":"fr-FR"},{"@type":"WebPage","@id":"https:\/\/guineediversite.com\/index.php\/2018\/12\/21\/le-president-de-la-republique-alpha-conde-lance-les-travaux-de-bitumage-des-voiries-de-labe-et-pita\/","url":"https:\/\/guineediversite.com\/index.php\/2018\/12\/21\/le-president-de-la-republique-alpha-conde-lance-les-travaux-de-bitumage-des-voiries-de-labe-et-pita\/","name":"Le pr\u00e9sident de la r\u00e9publique alpha cond\u00e9 lance les travaux de bitumage des voiries de Lab\u00e9 et Pita | Guin\u00e9e Diversit\u00e9","isPartOf":{"@id":"https:\/\/guineediversite.com\/#website"},"primaryImageOfPage":{"@id":"https:\/\/guineediversite.com\/index.php\/2018\/12\/21\/le-president-de-la-republique-alpha-conde-lance-les-travaux-de-bitumage-des-voiries-de-labe-et-pita\/#primaryimage"},"image":{"@id":"https:\/\/guineediversite.com\/index.php\/2018\/12\/21\/le-president-de-la-republique-alpha-conde-lance-les-travaux-de-bitumage-des-voiries-de-labe-et-pita\/#primaryimage"},"thumbnailUrl":"https:\/\/guineediversite.com\/wp-content\/uploads\/2018\/12\/photo-Construction-et-rehabilitation-des-voirie-lab\u00e9-et-pita-20-12-18-6.jpg","datePublished":"2018-12-21T09:35:16+00:00","dateModified":"2018-12-21T09:35:16+00:00","breadcrumb":{"@id":"https:\/\/guineediversite.com\/index.php\/2018\/12\/21\/le-president-de-la-republique-alpha-conde-lance-les-travaux-de-bitumage-des-voiries-de-labe-et-pita\/#breadcrumb"},"inLanguage":"fr-FR","potentialAction":[{"@type":"ReadAction","target":["https:\/\/guineediversite.com\/index.php\/2018\/12\/21\/le-president-de-la-republique-alpha-conde-lance-les-travaux-de-bitumage-des-voiries-de-labe-et-pita\/"]}]},{"@type":"ImageObject","inLanguage":"fr-FR","@id":"https:\/\/guineediversite.com\/index.php\/2018\/12\/21\/le-president-de-la-republique-alpha-conde-lance-les-travaux-de-bitumage-des-voiries-de-labe-et-pita\/#primaryimage","url":"https:\/\/guineediversite.com\/wp-content\/uploads\/2018\/12\/photo-Construction-et-rehabilitation-des-voirie-lab\u00e9-et-pita-20-12-18-6.jpg","contentUrl":"https:\/\/guineediversite.com\/wp-content\/uploads\/2018\/12\/photo-Construction-et-rehabilitation-des-voirie-lab\u00e9-et-pita-20-12-18-6.jpg","width":1382,"height":704},{"@type":"BreadcrumbList","@id":"https:\/\/guineediversite.com\/index.php\/2018\/12\/21\/le-president-de-la-republique-alpha-conde-lance-les-travaux-de-bitumage-des-voiries-de-labe-et-pita\/#breadcrumb","itemListElement":[{"@type":"ListItem","position":1,"name":"Accueil","item":"https:\/\/guineediversite.com\/"},{"@type":"ListItem","position":2,"name":"Le pr\u00e9sident de la r\u00e9publique alpha cond\u00e9 lance les travaux de bitumage des voiries de Lab\u00e9 et Pita"}]},{"@type":"WebSite","@id":"https:\/\/guineediversite.com\/#website","url":"https:\/\/guineediversite.com\/","name":"Guin\u00e9e Diversit\u00e9","description":"L&#039;Info dans toute sa diversit\u00e9","publisher":{"@id":"https:\/\/guineediversite.com\/#organization"},"potentialAction":[{"@type":"SearchAction","target":{"@type":"EntryPoint","urlTemplate":"https:\/\/guineediversite.com\/?s={search_term_string}"},"query-input":{"@type":"PropertyValueSpecification","valueRequired":true,"valueName":"search_term_string"}}],"inLanguage":"fr-FR"},{"@type":"Organization","@id":"https:\/\/guineediversite.com\/#organization","name":"Guin\u00e9e Diversit\u00e9","url":"https:\/\/guineediversite.com\/","logo":{"@type":"ImageObject","inLanguage":"fr-FR","@id":"https:\/\/guineediversite.com\/#\/schema\/logo\/image\/","url":"https:\/\/guineediversite.com\/wp-content\/uploads\/2017\/04\/cropped-1jojlxEOMkX9Wyqfhe43D6kjPOGqBBKmx3EwWJqZ0cMrFF54yM49.png","contentUrl":"https:\/\/guineediversite.com\/wp-content\/uploads\/2017\/04\/cropped-1jojlxEOMkX9Wyqfhe43D6kjPOGqBBKmx3EwWJqZ0cMrFF54yM49.png","width":186,"height":112,"caption":"Guin\u00e9e Diversit\u00e9"},"image":{"@id":"https:\/\/guineediversite.com\/#\/schema\/logo\/image\/"},"sameAs":["https:\/\/www.facebook.com\/guineediversite\/","https:\/\/x.com\/GuineeDiversite","https:\/\/www.youtube.com\/channel\/UC8sUY16qelG5ge6_D5SB83g"]},{"@type":"Person","@id":"https:\/\/guineediversite.com\/#\/schema\/person\/afa08fb34e7fc6e1feafc892612bc836","name":"Guin\u00e9e Diversit\u00e9","image":{"@type":"ImageObject","inLanguage":"fr-FR","@id":"https:\/\/guineediversite.com\/#\/schema\/person\/image\/","url":"https:\/\/secure.gravatar.com\/avatar\/50d5eb5b390f8b65ac30ac6f898eb83a?s=96&d=mm&r=g","contentUrl":"https:\/\/secure.gravatar.com\/avatar\/50d5eb5b390f8b65ac30ac6f898eb83a?s=96&d=mm&r=g","caption":"Guin\u00e9e Diversit\u00e9"},"url":"https:\/\/guineediversite.com\/index.php\/author\/guineediversite\/"}]}},"_links":{"self":[{"href":"https:\/\/guineediversite.com\/index.php\/wp-json\/wp\/v2\/posts\/27653"}],"collection":[{"href":"https:\/\/guineediversite.com\/index.php\/wp-json\/wp\/v2\/posts"}],"about":[{"href":"https:\/\/guineediversite.com\/index.php\/wp-json\/wp\/v2\/types\/post"}],"author":[{"embeddable":true,"href":"https:\/\/guineediversite.com\/index.php\/wp-json\/wp\/v2\/users\/12"}],"replies":[{"embeddable":true,"href":"https:\/\/guineediversite.com\/index.php\/wp-json\/wp\/v2\/comments?post=27653"}],"version-history":[{"count":0,"href":"https:\/\/guineediversite.com\/index.php\/wp-json\/wp\/v2\/posts\/27653\/revisions"}],"wp:featuredmedia":[{"embeddable":true,"href":"https:\/\/guineediversite.com\/index.php\/wp-json\/wp\/v2\/media\/27654"}],"wp:attachment":[{"href":"https:\/\/guineediversite.com\/index.php\/wp-json\/wp\/v2\/media?parent=27653"}],"wp:term":[{"taxonomy":"category","embeddable":true,"href":"https:\/\/guineediversite.com\/index.php\/wp-json\/wp\/v2\/categories?post=27653"},{"taxonomy":"post_tag","embeddable":true,"href":"https:\/\/guineediversite.com\/index.php\/wp-json\/wp\/v2\/tags?post=27653"}],"curies":[{"name":"wp","href":"https:\/\/api.w.org\/{rel}","templated":true}]}}