{"id":27649,"date":"2018-12-20T14:02:44","date_gmt":"2018-12-20T13:02:44","guid":{"rendered":"https:\/\/guineediversite.com\/?p=27649"},"modified":"2018-12-20T14:02:44","modified_gmt":"2018-12-20T13:02:44","slug":"affaire-gaoual-domani-dore-une-coalition-exige-des-excuses-publiques-dousmane-gaoual-diallo","status":"publish","type":"post","link":"https:\/\/guineediversite.com\/index.php\/2018\/12\/20\/affaire-gaoual-domani-dore-une-coalition-exige-des-excuses-publiques-dousmane-gaoual-diallo\/","title":{"rendered":"Affaire Gaoual- Domani Dor\u00e9 : Une coalition exige des excuses publiques d\u2019Ousmane Gaoual Diallo"},"content":{"rendered":"<p>L\u2019ancienne ministre des Sports Domani Dor\u00e9 a b\u00e9n\u00e9fici\u00e9e ce jeudi 20 D\u00e9cembre du soutien de la Coalition des Femmes et Filles pour l\u2019Autonomisation(COFFA) contre les propos rabaissant de l\u2019honorable Ousmane Gaoual Diallo envers cette derni\u00e8re dans l\u2019imbroglio de la commune de Matoto. Dans une d\u00e9claration lue \u00e0 la maison commune des journalistes \u00e0 Col\u00e9ah, cette coalition a qualifi\u00e9e l\u2019acte du d\u00e9put\u00e9 de l\u2019UFDG d\u2019irresponsable et va plus loin \u00e0 lui demand\u00e9 de pr\u00e9senter \u00e0 Dame Domani Dor\u00e9 des excuses publiques.<\/p>\n<p>Cr\u00e9\u00e9e \u00e0 peine deux mois \u00e0 Conakry , ces femmes et filles avec en son sein une vingtaine de membres se disent indign\u00e9s qu\u2019une femme soit trait\u00e9 de la sorte et de surcroit venant d\u2019un d\u00e9put\u00e9 de la R\u00e9publique. \u00ab C&rsquo;est avec amertume et indignation que le collectif des filles et femmes actives pour l\u2019autonomisation \u00e0 appris les propos diffamatoires de l&rsquo;honorable M. Ousmane Gaoual Diallo \u00e0 l&rsquo;encontre d&rsquo;une femme en la personne de Madame Domani Dor\u00e9, femme politique, \u00e9pouse et m\u00e8re. \u00c0 titre de rappel, dans nos soci\u00e9t\u00e9s africaines, il est \u00e9tablit des r\u00e8gles morales qui r\u00e9agissent la vie commune, parmi lesquelles figure le respect \u00e0 l&rsquo;\u00e9gard de tous en g\u00e9n\u00e9ral et de la femme en particulier \u00bb a rappeler Ad\u00e8le Finda Ifono, Pr\u00e9sidente de cette coalition avant de d\u00e9noncer avec vigueur l\u2019attitude du responsable de la communication de l\u2019Union des Forces D\u00e9mocratiques de Guin\u00e9e\u00a0: \u00ab Le comportement malheureusement irresponsable et indigne que M. Ousmane Gaoual Diallo \u00e0 pr\u00e9senter \u00e0 l&rsquo;opinion nationale et internationale n&rsquo;est pas digne d&rsquo;un \u00e9lu qui est sens\u00e9 respecter et promouvoir les droits des femmes qui sont le barom\u00e8tre de la soci\u00e9t\u00e9. Au regard, de l&rsquo;atteinte \u00e0 la dignit\u00e9 des femmes ressentie dans les propos assez violents tenues par M. Ousmane Gaoual Diallo, nous filles et femmes \u0153uvrant dans l&rsquo;autopromotion f\u00e9minine, condamnons sans ambages ces agissements aux cons\u00e9quences morales incalculables et qui n&rsquo;honorent pas la fonction de d\u00e9put\u00e9 \u00bb.<\/p>\n<p>Tr\u00e8s d\u00e9termin\u00e9es, ces femmes demandent au principal accus\u00e9 de faire des excuses publiques \u00e0 toutes les femmes du monde qui se sont senties touch\u00e9s par ces propos. \u00ab Nous voulons par la m\u00eame occasion inviter tous les acteurs de la vie publique et plus particuli\u00e8rement \u00e0 la fonction politique du d\u00e9put\u00e9 \u00e0 prendre conscience de l&rsquo;obligation de respecter les droits humains \u00e0 travers les droits des femmes d&rsquo;ici et d&rsquo;ailleurs en toutes circonstances dans le pr\u00e9sent comme dans l&rsquo;avenir. Par ailleurs, en dehors des d\u00e9marches proc\u00e9durales, nous le collectif des filles et femmes actives pour l\u2019autonomisation exigeons des excuses publiques de l&rsquo;honorable M. Ousmane Gaoual Diallo non pas seulement \u00e0 la personne de Madame Domani Dor\u00e9 mais \u00e0 l&rsquo;\u00e9gard des femmes de Guin\u00e9e et du monde \u00bb. Mart\u00e8le Ad\u00e8le Finda Ifono.<\/p>\n<p>Au cas o\u00f9 le d\u00e9put\u00e9 Ousmane Gaoual Diallo refuserai de faire ce que la coalition a demand\u00e9e, elles comptent multiplier des actions jusqu&rsquo;\u00e0 ce que l\u2019int\u00e9ress\u00e9 se pli 0 leurs exigences.<\/p>\n","protected":false},"excerpt":{"rendered":"<p>L\u2019ancienne ministre des Sports Domani Dor\u00e9 a b\u00e9n\u00e9fici\u00e9e ce jeudi 20 D\u00e9cembre du soutien de la Coalition des Femmes et Filles pour l\u2019Autonomisation(COFFA) contre les propos rabaissant de l\u2019honorable Ousmane Gaoual Diallo envers cette derni\u00e8re dans l\u2019imbroglio de la commune de Matoto. Dans une d\u00e9claration lue \u00e0 la maison commune des journalistes \u00e0 Col\u00e9ah, cette [&hellip;]<\/p>\n","protected":false},"author":16,"featured_media":27650,"comment_status":"closed","ping_status":"closed","sticky":false,"template":"","format":"standard","meta":{"_exactmetrics_skip_tracking":false,"_exactmetrics_sitenote_active":false,"_exactmetrics_sitenote_note":"","_exactmetrics_sitenote_category":0,"tdm_status":"","tdm_grid_status":"","footnotes":""},"categories":[14,16],"tags":[],"class_list":{"0":"post-27649","1":"post","2":"type-post","3":"status-publish","4":"format-standard","5":"has-post-thumbnail","7":"category-politique","8":"category-societe"},"yoast_head":"<!-- This site is optimized with the Yoast SEO plugin v24.2 - https:\/\/yoast.com\/wordpress\/plugins\/seo\/ -->\n<title>Affaire Gaoual- Domani Dor\u00e9 : Une coalition exige des excuses publiques d\u2019Ousmane Gaoual Diallo | Guin\u00e9e Diversit\u00e9<\/title>\n<meta name=\"robots\" content=\"index, follow, max-snippet:-1, max-image-preview:large, max-video-preview:-1\" \/>\n<link rel=\"canonical\" href=\"https:\/\/guineediversite.com\/index.php\/2018\/12\/20\/affaire-gaoual-domani-dore-une-coalition-exige-des-excuses-publiques-dousmane-gaoual-diallo\/\" \/>\n<meta property=\"og:locale\" content=\"fr_FR\" \/>\n<meta property=\"og:type\" content=\"article\" \/>\n<meta property=\"og:title\" content=\"Affaire Gaoual- Domani Dor\u00e9 : Une coalition exige des excuses publiques d\u2019Ousmane Gaoual Diallo | Guin\u00e9e Diversit\u00e9\" \/>\n<meta property=\"og:description\" content=\"L\u2019ancienne ministre des Sports Domani Dor\u00e9 a b\u00e9n\u00e9fici\u00e9e ce jeudi 20 D\u00e9cembre du soutien de la Coalition des Femmes et Filles pour l\u2019Autonomisation(COFFA) contre les propos rabaissant de l\u2019honorable Ousmane Gaoual Diallo envers cette derni\u00e8re dans l\u2019imbroglio de la commune de Matoto. Dans une d\u00e9claration lue \u00e0 la maison commune des journalistes \u00e0 Col\u00e9ah, cette [&hellip;]\" \/>\n<meta property=\"og:url\" content=\"https:\/\/guineediversite.com\/index.php\/2018\/12\/20\/affaire-gaoual-domani-dore-une-coalition-exige-des-excuses-publiques-dousmane-gaoual-diallo\/\" \/>\n<meta property=\"og:site_name\" content=\"Guin\u00e9e Diversit\u00e9\" \/>\n<meta property=\"article:publisher\" content=\"https:\/\/www.facebook.com\/guineediversite\/\" \/>\n<meta property=\"article:published_time\" content=\"2018-12-20T13:02:44+00:00\" \/>\n<meta property=\"og:image\" content=\"https:\/\/guineediversite.com\/wp-content\/uploads\/2018\/12\/48419208_2302264483138141_6753951598990327808_n.jpg\" \/>\n\t<meta property=\"og:image:width\" content=\"1560\" \/>\n\t<meta property=\"og:image:height\" content=\"1170\" \/>\n\t<meta property=\"og:image:type\" content=\"image\/jpeg\" \/>\n<meta name=\"author\" content=\"Moussa Mo\u00efse K\u00e9ita\" \/>\n<meta name=\"twitter:card\" content=\"summary_large_image\" \/>\n<meta name=\"twitter:creator\" content=\"@GuineeDiversite\" \/>\n<meta name=\"twitter:site\" content=\"@GuineeDiversite\" \/>\n<meta name=\"twitter:label1\" content=\"\u00c9crit par\" \/>\n\t<meta name=\"twitter:data1\" content=\"Moussa Mo\u00efse K\u00e9ita\" \/>\n\t<meta name=\"twitter:label2\" content=\"Dur\u00e9e de lecture estim\u00e9e\" \/>\n\t<meta name=\"twitter:data2\" content=\"3 minutes\" \/>\n<script type=\"application\/ld+json\" class=\"yoast-schema-graph\">{\"@context\":\"https:\/\/schema.org\",\"@graph\":[{\"@type\":\"Article\",\"@id\":\"https:\/\/guineediversite.com\/index.php\/2018\/12\/20\/affaire-gaoual-domani-dore-une-coalition-exige-des-excuses-publiques-dousmane-gaoual-diallo\/#article\",\"isPartOf\":{\"@id\":\"https:\/\/guineediversite.com\/index.php\/2018\/12\/20\/affaire-gaoual-domani-dore-une-coalition-exige-des-excuses-publiques-dousmane-gaoual-diallo\/\"},\"author\":{\"name\":\"Moussa Mo\u00efse K\u00e9ita\",\"@id\":\"https:\/\/guineediversite.com\/#\/schema\/person\/079ec347f72d2acde4b56a50a4fd46dc\"},\"headline\":\"Affaire Gaoual- Domani Dor\u00e9 : Une coalition exige des excuses publiques d\u2019Ousmane Gaoual Diallo\",\"datePublished\":\"2018-12-20T13:02:44+00:00\",\"dateModified\":\"2018-12-20T13:02:44+00:00\",\"mainEntityOfPage\":{\"@id\":\"https:\/\/guineediversite.com\/index.php\/2018\/12\/20\/affaire-gaoual-domani-dore-une-coalition-exige-des-excuses-publiques-dousmane-gaoual-diallo\/\"},\"wordCount\":542,\"publisher\":{\"@id\":\"https:\/\/guineediversite.com\/#organization\"},\"image\":{\"@id\":\"https:\/\/guineediversite.com\/index.php\/2018\/12\/20\/affaire-gaoual-domani-dore-une-coalition-exige-des-excuses-publiques-dousmane-gaoual-diallo\/#primaryimage\"},\"thumbnailUrl\":\"https:\/\/guineediversite.com\/wp-content\/uploads\/2018\/12\/48419208_2302264483138141_6753951598990327808_n.jpg\",\"articleSection\":[\"Politique\",\"Soci\u00e9t\u00e9\"],\"inLanguage\":\"fr-FR\"},{\"@type\":\"WebPage\",\"@id\":\"https:\/\/guineediversite.com\/index.php\/2018\/12\/20\/affaire-gaoual-domani-dore-une-coalition-exige-des-excuses-publiques-dousmane-gaoual-diallo\/\",\"url\":\"https:\/\/guineediversite.com\/index.php\/2018\/12\/20\/affaire-gaoual-domani-dore-une-coalition-exige-des-excuses-publiques-dousmane-gaoual-diallo\/\",\"name\":\"Affaire Gaoual- Domani Dor\u00e9 : Une coalition exige des excuses publiques d\u2019Ousmane Gaoual Diallo | Guin\u00e9e Diversit\u00e9\",\"isPartOf\":{\"@id\":\"https:\/\/guineediversite.com\/#website\"},\"primaryImageOfPage\":{\"@id\":\"https:\/\/guineediversite.com\/index.php\/2018\/12\/20\/affaire-gaoual-domani-dore-une-coalition-exige-des-excuses-publiques-dousmane-gaoual-diallo\/#primaryimage\"},\"image\":{\"@id\":\"https:\/\/guineediversite.com\/index.php\/2018\/12\/20\/affaire-gaoual-domani-dore-une-coalition-exige-des-excuses-publiques-dousmane-gaoual-diallo\/#primaryimage\"},\"thumbnailUrl\":\"https:\/\/guineediversite.com\/wp-content\/uploads\/2018\/12\/48419208_2302264483138141_6753951598990327808_n.jpg\",\"datePublished\":\"2018-12-20T13:02:44+00:00\",\"dateModified\":\"2018-12-20T13:02:44+00:00\",\"breadcrumb\":{\"@id\":\"https:\/\/guineediversite.com\/index.php\/2018\/12\/20\/affaire-gaoual-domani-dore-une-coalition-exige-des-excuses-publiques-dousmane-gaoual-diallo\/#breadcrumb\"},\"inLanguage\":\"fr-FR\",\"potentialAction\":[{\"@type\":\"ReadAction\",\"target\":[\"https:\/\/guineediversite.com\/index.php\/2018\/12\/20\/affaire-gaoual-domani-dore-une-coalition-exige-des-excuses-publiques-dousmane-gaoual-diallo\/\"]}]},{\"@type\":\"ImageObject\",\"inLanguage\":\"fr-FR\",\"@id\":\"https:\/\/guineediversite.com\/index.php\/2018\/12\/20\/affaire-gaoual-domani-dore-une-coalition-exige-des-excuses-publiques-dousmane-gaoual-diallo\/#primaryimage\",\"url\":\"https:\/\/guineediversite.com\/wp-content\/uploads\/2018\/12\/48419208_2302264483138141_6753951598990327808_n.jpg\",\"contentUrl\":\"https:\/\/guineediversite.com\/wp-content\/uploads\/2018\/12\/48419208_2302264483138141_6753951598990327808_n.jpg\",\"width\":1560,\"height\":1170},{\"@type\":\"BreadcrumbList\",\"@id\":\"https:\/\/guineediversite.com\/index.php\/2018\/12\/20\/affaire-gaoual-domani-dore-une-coalition-exige-des-excuses-publiques-dousmane-gaoual-diallo\/#breadcrumb\",\"itemListElement\":[{\"@type\":\"ListItem\",\"position\":1,\"name\":\"Accueil\",\"item\":\"https:\/\/guineediversite.com\/\"},{\"@type\":\"ListItem\",\"position\":2,\"name\":\"Affaire Gaoual- Domani Dor\u00e9 : Une coalition exige des excuses publiques d\u2019Ousmane Gaoual Diallo\"}]},{\"@type\":\"WebSite\",\"@id\":\"https:\/\/guineediversite.com\/#website\",\"url\":\"https:\/\/guineediversite.com\/\",\"name\":\"Guin\u00e9e Diversit\u00e9\",\"description\":\"L&#039;Info dans toute sa diversit\u00e9\",\"publisher\":{\"@id\":\"https:\/\/guineediversite.com\/#organization\"},\"potentialAction\":[{\"@type\":\"SearchAction\",\"target\":{\"@type\":\"EntryPoint\",\"urlTemplate\":\"https:\/\/guineediversite.com\/?s={search_term_string}\"},\"query-input\":{\"@type\":\"PropertyValueSpecification\",\"valueRequired\":true,\"valueName\":\"search_term_string\"}}],\"inLanguage\":\"fr-FR\"},{\"@type\":\"Organization\",\"@id\":\"https:\/\/guineediversite.com\/#organization\",\"name\":\"Guin\u00e9e Diversit\u00e9\",\"url\":\"https:\/\/guineediversite.com\/\",\"logo\":{\"@type\":\"ImageObject\",\"inLanguage\":\"fr-FR\",\"@id\":\"https:\/\/guineediversite.com\/#\/schema\/logo\/image\/\",\"url\":\"https:\/\/guineediversite.com\/wp-content\/uploads\/2017\/04\/cropped-1jojlxEOMkX9Wyqfhe43D6kjPOGqBBKmx3EwWJqZ0cMrFF54yM49.png\",\"contentUrl\":\"https:\/\/guineediversite.com\/wp-content\/uploads\/2017\/04\/cropped-1jojlxEOMkX9Wyqfhe43D6kjPOGqBBKmx3EwWJqZ0cMrFF54yM49.png\",\"width\":186,\"height\":112,\"caption\":\"Guin\u00e9e Diversit\u00e9\"},\"image\":{\"@id\":\"https:\/\/guineediversite.com\/#\/schema\/logo\/image\/\"},\"sameAs\":[\"https:\/\/www.facebook.com\/guineediversite\/\",\"https:\/\/x.com\/GuineeDiversite\",\"https:\/\/www.youtube.com\/channel\/UC8sUY16qelG5ge6_D5SB83g\"]},{\"@type\":\"Person\",\"@id\":\"https:\/\/guineediversite.com\/#\/schema\/person\/079ec347f72d2acde4b56a50a4fd46dc\",\"name\":\"Moussa Mo\u00efse K\u00e9ita\",\"image\":{\"@type\":\"ImageObject\",\"inLanguage\":\"fr-FR\",\"@id\":\"https:\/\/guineediversite.com\/#\/schema\/person\/image\/\",\"url\":\"https:\/\/secure.gravatar.com\/avatar\/edf1ea2cc01841e6c0b49384bcb1385b?s=96&d=mm&r=g\",\"contentUrl\":\"https:\/\/secure.gravatar.com\/avatar\/edf1ea2cc01841e6c0b49384bcb1385b?s=96&d=mm&r=g\",\"caption\":\"Moussa Mo\u00efse K\u00e9ita\"},\"url\":\"https:\/\/guineediversite.com\/index.php\/author\/moussa-moise\/\"}]}<\/script>\n<!-- \/ Yoast SEO plugin. -->","yoast_head_json":{"title":"Affaire Gaoual- Domani Dor\u00e9 : Une coalition exige des excuses publiques d\u2019Ousmane Gaoual Diallo | Guin\u00e9e Diversit\u00e9","robots":{"index":"index","follow":"follow","max-snippet":"max-snippet:-1","max-image-preview":"max-image-preview:large","max-video-preview":"max-video-preview:-1"},"canonical":"https:\/\/guineediversite.com\/index.php\/2018\/12\/20\/affaire-gaoual-domani-dore-une-coalition-exige-des-excuses-publiques-dousmane-gaoual-diallo\/","og_locale":"fr_FR","og_type":"article","og_title":"Affaire Gaoual- Domani Dor\u00e9 : Une coalition exige des excuses publiques d\u2019Ousmane Gaoual Diallo | Guin\u00e9e Diversit\u00e9","og_description":"L\u2019ancienne ministre des Sports Domani Dor\u00e9 a b\u00e9n\u00e9fici\u00e9e ce jeudi 20 D\u00e9cembre du soutien de la Coalition des Femmes et Filles pour l\u2019Autonomisation(COFFA) contre les propos rabaissant de l\u2019honorable Ousmane Gaoual Diallo envers cette derni\u00e8re dans l\u2019imbroglio de la commune de Matoto. Dans une d\u00e9claration lue \u00e0 la maison commune des journalistes \u00e0 Col\u00e9ah, cette [&hellip;]","og_url":"https:\/\/guineediversite.com\/index.php\/2018\/12\/20\/affaire-gaoual-domani-dore-une-coalition-exige-des-excuses-publiques-dousmane-gaoual-diallo\/","og_site_name":"Guin\u00e9e Diversit\u00e9","article_publisher":"https:\/\/www.facebook.com\/guineediversite\/","article_published_time":"2018-12-20T13:02:44+00:00","og_image":[{"width":1560,"height":1170,"url":"https:\/\/guineediversite.com\/wp-content\/uploads\/2018\/12\/48419208_2302264483138141_6753951598990327808_n.jpg","type":"image\/jpeg"}],"author":"Moussa Mo\u00efse K\u00e9ita","twitter_card":"summary_large_image","twitter_creator":"@GuineeDiversite","twitter_site":"@GuineeDiversite","twitter_misc":{"\u00c9crit par":"Moussa Mo\u00efse K\u00e9ita","Dur\u00e9e de lecture estim\u00e9e":"3 minutes"},"schema":{"@context":"https:\/\/schema.org","@graph":[{"@type":"Article","@id":"https:\/\/guineediversite.com\/index.php\/2018\/12\/20\/affaire-gaoual-domani-dore-une-coalition-exige-des-excuses-publiques-dousmane-gaoual-diallo\/#article","isPartOf":{"@id":"https:\/\/guineediversite.com\/index.php\/2018\/12\/20\/affaire-gaoual-domani-dore-une-coalition-exige-des-excuses-publiques-dousmane-gaoual-diallo\/"},"author":{"name":"Moussa Mo\u00efse K\u00e9ita","@id":"https:\/\/guineediversite.com\/#\/schema\/person\/079ec347f72d2acde4b56a50a4fd46dc"},"headline":"Affaire Gaoual- Domani Dor\u00e9 : Une coalition exige des excuses publiques d\u2019Ousmane Gaoual Diallo","datePublished":"2018-12-20T13:02:44+00:00","dateModified":"2018-12-20T13:02:44+00:00","mainEntityOfPage":{"@id":"https:\/\/guineediversite.com\/index.php\/2018\/12\/20\/affaire-gaoual-domani-dore-une-coalition-exige-des-excuses-publiques-dousmane-gaoual-diallo\/"},"wordCount":542,"publisher":{"@id":"https:\/\/guineediversite.com\/#organization"},"image":{"@id":"https:\/\/guineediversite.com\/index.php\/2018\/12\/20\/affaire-gaoual-domani-dore-une-coalition-exige-des-excuses-publiques-dousmane-gaoual-diallo\/#primaryimage"},"thumbnailUrl":"https:\/\/guineediversite.com\/wp-content\/uploads\/2018\/12\/48419208_2302264483138141_6753951598990327808_n.jpg","articleSection":["Politique","Soci\u00e9t\u00e9"],"inLanguage":"fr-FR"},{"@type":"WebPage","@id":"https:\/\/guineediversite.com\/index.php\/2018\/12\/20\/affaire-gaoual-domani-dore-une-coalition-exige-des-excuses-publiques-dousmane-gaoual-diallo\/","url":"https:\/\/guineediversite.com\/index.php\/2018\/12\/20\/affaire-gaoual-domani-dore-une-coalition-exige-des-excuses-publiques-dousmane-gaoual-diallo\/","name":"Affaire Gaoual- Domani Dor\u00e9 : Une coalition exige des excuses publiques d\u2019Ousmane Gaoual Diallo | Guin\u00e9e Diversit\u00e9","isPartOf":{"@id":"https:\/\/guineediversite.com\/#website"},"primaryImageOfPage":{"@id":"https:\/\/guineediversite.com\/index.php\/2018\/12\/20\/affaire-gaoual-domani-dore-une-coalition-exige-des-excuses-publiques-dousmane-gaoual-diallo\/#primaryimage"},"image":{"@id":"https:\/\/guineediversite.com\/index.php\/2018\/12\/20\/affaire-gaoual-domani-dore-une-coalition-exige-des-excuses-publiques-dousmane-gaoual-diallo\/#primaryimage"},"thumbnailUrl":"https:\/\/guineediversite.com\/wp-content\/uploads\/2018\/12\/48419208_2302264483138141_6753951598990327808_n.jpg","datePublished":"2018-12-20T13:02:44+00:00","dateModified":"2018-12-20T13:02:44+00:00","breadcrumb":{"@id":"https:\/\/guineediversite.com\/index.php\/2018\/12\/20\/affaire-gaoual-domani-dore-une-coalition-exige-des-excuses-publiques-dousmane-gaoual-diallo\/#breadcrumb"},"inLanguage":"fr-FR","potentialAction":[{"@type":"ReadAction","target":["https:\/\/guineediversite.com\/index.php\/2018\/12\/20\/affaire-gaoual-domani-dore-une-coalition-exige-des-excuses-publiques-dousmane-gaoual-diallo\/"]}]},{"@type":"ImageObject","inLanguage":"fr-FR","@id":"https:\/\/guineediversite.com\/index.php\/2018\/12\/20\/affaire-gaoual-domani-dore-une-coalition-exige-des-excuses-publiques-dousmane-gaoual-diallo\/#primaryimage","url":"https:\/\/guineediversite.com\/wp-content\/uploads\/2018\/12\/48419208_2302264483138141_6753951598990327808_n.jpg","contentUrl":"https:\/\/guineediversite.com\/wp-content\/uploads\/2018\/12\/48419208_2302264483138141_6753951598990327808_n.jpg","width":1560,"height":1170},{"@type":"BreadcrumbList","@id":"https:\/\/guineediversite.com\/index.php\/2018\/12\/20\/affaire-gaoual-domani-dore-une-coalition-exige-des-excuses-publiques-dousmane-gaoual-diallo\/#breadcrumb","itemListElement":[{"@type":"ListItem","position":1,"name":"Accueil","item":"https:\/\/guineediversite.com\/"},{"@type":"ListItem","position":2,"name":"Affaire Gaoual- Domani Dor\u00e9 : Une coalition exige des excuses publiques d\u2019Ousmane Gaoual Diallo"}]},{"@type":"WebSite","@id":"https:\/\/guineediversite.com\/#website","url":"https:\/\/guineediversite.com\/","name":"Guin\u00e9e Diversit\u00e9","description":"L&#039;Info dans toute sa diversit\u00e9","publisher":{"@id":"https:\/\/guineediversite.com\/#organization"},"potentialAction":[{"@type":"SearchAction","target":{"@type":"EntryPoint","urlTemplate":"https:\/\/guineediversite.com\/?s={search_term_string}"},"query-input":{"@type":"PropertyValueSpecification","valueRequired":true,"valueName":"search_term_string"}}],"inLanguage":"fr-FR"},{"@type":"Organization","@id":"https:\/\/guineediversite.com\/#organization","name":"Guin\u00e9e Diversit\u00e9","url":"https:\/\/guineediversite.com\/","logo":{"@type":"ImageObject","inLanguage":"fr-FR","@id":"https:\/\/guineediversite.com\/#\/schema\/logo\/image\/","url":"https:\/\/guineediversite.com\/wp-content\/uploads\/2017\/04\/cropped-1jojlxEOMkX9Wyqfhe43D6kjPOGqBBKmx3EwWJqZ0cMrFF54yM49.png","contentUrl":"https:\/\/guineediversite.com\/wp-content\/uploads\/2017\/04\/cropped-1jojlxEOMkX9Wyqfhe43D6kjPOGqBBKmx3EwWJqZ0cMrFF54yM49.png","width":186,"height":112,"caption":"Guin\u00e9e Diversit\u00e9"},"image":{"@id":"https:\/\/guineediversite.com\/#\/schema\/logo\/image\/"},"sameAs":["https:\/\/www.facebook.com\/guineediversite\/","https:\/\/x.com\/GuineeDiversite","https:\/\/www.youtube.com\/channel\/UC8sUY16qelG5ge6_D5SB83g"]},{"@type":"Person","@id":"https:\/\/guineediversite.com\/#\/schema\/person\/079ec347f72d2acde4b56a50a4fd46dc","name":"Moussa Mo\u00efse K\u00e9ita","image":{"@type":"ImageObject","inLanguage":"fr-FR","@id":"https:\/\/guineediversite.com\/#\/schema\/person\/image\/","url":"https:\/\/secure.gravatar.com\/avatar\/edf1ea2cc01841e6c0b49384bcb1385b?s=96&d=mm&r=g","contentUrl":"https:\/\/secure.gravatar.com\/avatar\/edf1ea2cc01841e6c0b49384bcb1385b?s=96&d=mm&r=g","caption":"Moussa Mo\u00efse K\u00e9ita"},"url":"https:\/\/guineediversite.com\/index.php\/author\/moussa-moise\/"}]}},"_links":{"self":[{"href":"https:\/\/guineediversite.com\/index.php\/wp-json\/wp\/v2\/posts\/27649"}],"collection":[{"href":"https:\/\/guineediversite.com\/index.php\/wp-json\/wp\/v2\/posts"}],"about":[{"href":"https:\/\/guineediversite.com\/index.php\/wp-json\/wp\/v2\/types\/post"}],"author":[{"embeddable":true,"href":"https:\/\/guineediversite.com\/index.php\/wp-json\/wp\/v2\/users\/16"}],"replies":[{"embeddable":true,"href":"https:\/\/guineediversite.com\/index.php\/wp-json\/wp\/v2\/comments?post=27649"}],"version-history":[{"count":0,"href":"https:\/\/guineediversite.com\/index.php\/wp-json\/wp\/v2\/posts\/27649\/revisions"}],"wp:featuredmedia":[{"embeddable":true,"href":"https:\/\/guineediversite.com\/index.php\/wp-json\/wp\/v2\/media\/27650"}],"wp:attachment":[{"href":"https:\/\/guineediversite.com\/index.php\/wp-json\/wp\/v2\/media?parent=27649"}],"wp:term":[{"taxonomy":"category","embeddable":true,"href":"https:\/\/guineediversite.com\/index.php\/wp-json\/wp\/v2\/categories?post=27649"},{"taxonomy":"post_tag","embeddable":true,"href":"https:\/\/guineediversite.com\/index.php\/wp-json\/wp\/v2\/tags?post=27649"}],"curies":[{"name":"wp","href":"https:\/\/api.w.org\/{rel}","templated":true}]}}