{"id":27646,"date":"2018-12-20T13:45:53","date_gmt":"2018-12-20T12:45:53","guid":{"rendered":"https:\/\/guineediversite.com\/?p=27646"},"modified":"2018-12-20T13:45:53","modified_gmt":"2018-12-20T12:45:53","slug":"putsch-de-2015-au-burkina-lex-chef-de-la-diplomatie-djibrill-bassole-a-la-barre","status":"publish","type":"post","link":"https:\/\/guineediversite.com\/index.php\/2018\/12\/20\/putsch-de-2015-au-burkina-lex-chef-de-la-diplomatie-djibrill-bassole-a-la-barre\/","title":{"rendered":"Putsch de 2015 au Burkina: l&rsquo;ex-chef de la diplomatie Djibrill Bassol\u00e9 \u00e0 la barre"},"content":{"rendered":"<h2>Apr\u00e8s le g\u00e9n\u00e9ral Gilbert Diender\u00e9, c&rsquo;est au tour du g\u00e9n\u00e9ral Djibrill Bassol\u00e9, l&rsquo;un des cerveaux pr\u00e9sum\u00e9s du putsch avort\u00e9 de 2015 d\u2019\u00eatre entendu devant le tribunal depuis mercredi.<\/h2>\n<p>Assis sur une chaise \u00e0 la demande de ses avocats, le g\u00e9n\u00e9ral\u00a0<a href=\"http:\/\/www.rfi.fr\/afrique\/20180730-burkina-faso-coup-etat-manque-proces-bassole-innocent-koussoube-compaore\" target=\"_blank\" rel=\"noopener\"><strong>Djbrill Bassol\u00e9<\/strong><\/a>\u00a0\u00e9tait tout de blanc v\u00eatu. Poursuivi pour complicit\u00e9 d&rsquo;attentat \u00e0 la s\u00fbret\u00e9 de l&rsquo;Etat, meurtres, coups et blessures et trahison, l&rsquo;ex-chef de la diplomatie burkinab\u00e8 a rejet\u00e9 toutes les charges et plaid\u00e9 \u00ab\u00a0non coupable\u00a0\u00bb.<\/p>\n<p>Avant m\u00eame que le pr\u00e9sident du tribunal ne lui demande de donner sa version des faits, l&rsquo;un de ses avocats prend la parole et sollicite une suspension. Les conseils de Djibrill Bassol\u00e9 ont d\u00e9pos\u00e9 une plainte pour faux au tribunal de grande instance de Ouagadougou contre les rapports d&rsquo;expertise t\u00e9l\u00e9phonique.<\/p>\n<p>Selon Ma\u00eetre Dieudonn\u00e9 Bonkoungou, l&rsquo;un des avocats de Djbrill Bassol\u00e9, le rapport d&rsquo;expertise vers\u00e9 dans le dossier aurait subi des modifications apr\u00e8s sa premi\u00e8re pr\u00e9sentation aux diff\u00e9rentes parties et la signature de l&rsquo;expert changent d&rsquo;un document \u00e0 l&rsquo;autre. \u00ab\u00a0<em>Ce qui est curieux, c\u2019est que la prestation de serment qui est intervenue bien apr\u00e8s et qui devrait au moins comporter la m\u00eame signature que celle appos\u00e9e dans le dernier rapport est diff\u00e9rente. Nous avons compris qu\u2019\u00e0 un moment, l\u2019expert a d\u00fb reprendre son rapport pour purger les vices, pour le rendre valable,\u00a0<\/em>estime-t-il.\u00a0<em>Or, ce n\u2019est pas possible.<\/em>\u00a0\u00bb<\/p>\n<p>Le parquet militaire accuse les avocats de Djibrill Bassol\u00e9 de vouloir emp\u00eacher l&rsquo;interrogatoire de leur client. Une accusation soutenue par les avocats des victimes. \u00ab<em>\u00a0Pourquoi \u00e0 quelques jours de la comparution de leur client attaquent-ils les rapports devant la justice\u00a0?<\/em>\u00a0\u00bb, d\u00e9nonce Ma\u00eetre Prosper Farama.<\/p>\n<p>Pour les deux parties, le rapport d&rsquo;expertise figurant dans le dossier n&rsquo;a subi aucune modification ou manipulation. \u00ab<em>\u00a0Toutes les irr\u00e9gularit\u00e9s concernant ce rapport d\u2019expertise ont \u00e9t\u00e9 soulev\u00e9es par la d\u00e9fense de Djibrill Bassol\u00e9, tranch\u00e9 par les juges au niveau de la chambre de contr\u00f4le, donc en r\u00e9alit\u00e9 ce rapport d\u2019expertise est aujourd\u2019hui, juridiquement, grav\u00e9 dans le marbre. Il est irr\u00e9versible\u00a0<\/em>\u00bb, insiste Ma\u00eetre Guy Herv\u00e9 Kam, l&rsquo;un des avocats des victimes.<\/p>\n<p>Apr\u00e8s des heures de d\u00e9bat, le g\u00e9n\u00e9ral Djibrill Bassol\u00e9 prend alors la parole et demande \u00e0 \u00eatre interrog\u00e9 sur le fond du dossier. \u00ab<em>\u00a0J&rsquo;aimerais qu&rsquo;on commence mon interrogatoire, quitte \u00e0 revenir plus tard sur le d\u00e9bat concernant les pi\u00e8ces incrimin\u00e9es\u00a0<\/em>\u00bb, d\u00e9clare-t-il.<\/p>\n<p>Malgr\u00e9 ce souhait exprim\u00e9 par le g\u00e9n\u00e9ral Djbrill Bassol\u00e9, le pr\u00e9sident du tribunal d\u00e9cide de poursuivre les \u00e9changes autour des pr\u00e9occupations de ses avocats.<\/p>\n<p>RFI<\/p>\n","protected":false},"excerpt":{"rendered":"<p>Apr\u00e8s le g\u00e9n\u00e9ral Gilbert Diender\u00e9, c&rsquo;est au tour du g\u00e9n\u00e9ral Djibrill Bassol\u00e9, l&rsquo;un des cerveaux pr\u00e9sum\u00e9s du putsch avort\u00e9 de 2015 d\u2019\u00eatre entendu devant le tribunal depuis mercredi. Assis sur une chaise \u00e0 la demande de ses avocats, le g\u00e9n\u00e9ral\u00a0Djbrill Bassol\u00e9\u00a0\u00e9tait tout de blanc v\u00eatu. Poursuivi pour complicit\u00e9 d&rsquo;attentat \u00e0 la s\u00fbret\u00e9 de l&rsquo;Etat, meurtres, [&hellip;]<\/p>\n","protected":false},"author":7,"featured_media":27647,"comment_status":"closed","ping_status":"closed","sticky":false,"template":"","format":"standard","meta":{"_exactmetrics_skip_tracking":false,"_exactmetrics_sitenote_active":false,"_exactmetrics_sitenote_note":"","_exactmetrics_sitenote_category":0,"tdm_status":"","tdm_grid_status":"","footnotes":""},"categories":[21],"tags":[],"class_list":{"0":"post-27646","1":"post","2":"type-post","3":"status-publish","4":"format-standard","5":"has-post-thumbnail","7":"category-international"},"yoast_head":"<!-- This site is optimized with the Yoast SEO plugin v24.2 - https:\/\/yoast.com\/wordpress\/plugins\/seo\/ -->\n<title>Putsch de 2015 au Burkina: l&#039;ex-chef de la diplomatie Djibrill Bassol\u00e9 \u00e0 la barre | Guin\u00e9e Diversit\u00e9<\/title>\n<meta name=\"robots\" content=\"index, follow, max-snippet:-1, max-image-preview:large, max-video-preview:-1\" \/>\n<link rel=\"canonical\" href=\"https:\/\/guineediversite.com\/index.php\/2018\/12\/20\/putsch-de-2015-au-burkina-lex-chef-de-la-diplomatie-djibrill-bassole-a-la-barre\/\" \/>\n<meta property=\"og:locale\" content=\"fr_FR\" \/>\n<meta property=\"og:type\" content=\"article\" \/>\n<meta property=\"og:title\" content=\"Putsch de 2015 au Burkina: l&#039;ex-chef de la diplomatie Djibrill Bassol\u00e9 \u00e0 la barre | Guin\u00e9e Diversit\u00e9\" \/>\n<meta property=\"og:description\" content=\"Apr\u00e8s le g\u00e9n\u00e9ral Gilbert Diender\u00e9, c&rsquo;est au tour du g\u00e9n\u00e9ral Djibrill Bassol\u00e9, l&rsquo;un des cerveaux pr\u00e9sum\u00e9s du putsch avort\u00e9 de 2015 d\u2019\u00eatre entendu devant le tribunal depuis mercredi. Assis sur une chaise \u00e0 la demande de ses avocats, le g\u00e9n\u00e9ral\u00a0Djbrill Bassol\u00e9\u00a0\u00e9tait tout de blanc v\u00eatu. Poursuivi pour complicit\u00e9 d&rsquo;attentat \u00e0 la s\u00fbret\u00e9 de l&rsquo;Etat, meurtres, [&hellip;]\" \/>\n<meta property=\"og:url\" content=\"https:\/\/guineediversite.com\/index.php\/2018\/12\/20\/putsch-de-2015-au-burkina-lex-chef-de-la-diplomatie-djibrill-bassole-a-la-barre\/\" \/>\n<meta property=\"og:site_name\" content=\"Guin\u00e9e Diversit\u00e9\" \/>\n<meta property=\"article:publisher\" content=\"https:\/\/www.facebook.com\/guineediversite\/\" \/>\n<meta property=\"article:published_time\" content=\"2018-12-20T12:45:53+00:00\" \/>\n<meta property=\"og:image\" content=\"https:\/\/guineediversite.com\/wp-content\/uploads\/2018\/12\/000_par7587488_0.jpg\" \/>\n\t<meta property=\"og:image:width\" content=\"1024\" \/>\n\t<meta property=\"og:image:height\" content=\"578\" \/>\n\t<meta property=\"og:image:type\" content=\"image\/jpeg\" \/>\n<meta name=\"author\" content=\"Bilguissa Diallo\" \/>\n<meta name=\"twitter:card\" content=\"summary_large_image\" \/>\n<meta name=\"twitter:creator\" content=\"@GuineeDiversite\" \/>\n<meta name=\"twitter:site\" content=\"@GuineeDiversite\" \/>\n<meta name=\"twitter:label1\" content=\"\u00c9crit par\" \/>\n\t<meta name=\"twitter:data1\" content=\"Bilguissa Diallo\" \/>\n\t<meta name=\"twitter:label2\" content=\"Dur\u00e9e de lecture estim\u00e9e\" \/>\n\t<meta name=\"twitter:data2\" content=\"2 minutes\" \/>\n<script type=\"application\/ld+json\" class=\"yoast-schema-graph\">{\"@context\":\"https:\/\/schema.org\",\"@graph\":[{\"@type\":\"Article\",\"@id\":\"https:\/\/guineediversite.com\/index.php\/2018\/12\/20\/putsch-de-2015-au-burkina-lex-chef-de-la-diplomatie-djibrill-bassole-a-la-barre\/#article\",\"isPartOf\":{\"@id\":\"https:\/\/guineediversite.com\/index.php\/2018\/12\/20\/putsch-de-2015-au-burkina-lex-chef-de-la-diplomatie-djibrill-bassole-a-la-barre\/\"},\"author\":{\"name\":\"Bilguissa Diallo\",\"@id\":\"https:\/\/guineediversite.com\/#\/schema\/person\/0e0e3e424768a50d025ac2218ccca73f\"},\"headline\":\"Putsch de 2015 au Burkina: l&rsquo;ex-chef de la diplomatie Djibrill Bassol\u00e9 \u00e0 la barre\",\"datePublished\":\"2018-12-20T12:45:53+00:00\",\"dateModified\":\"2018-12-20T12:45:53+00:00\",\"mainEntityOfPage\":{\"@id\":\"https:\/\/guineediversite.com\/index.php\/2018\/12\/20\/putsch-de-2015-au-burkina-lex-chef-de-la-diplomatie-djibrill-bassole-a-la-barre\/\"},\"wordCount\":483,\"publisher\":{\"@id\":\"https:\/\/guineediversite.com\/#organization\"},\"image\":{\"@id\":\"https:\/\/guineediversite.com\/index.php\/2018\/12\/20\/putsch-de-2015-au-burkina-lex-chef-de-la-diplomatie-djibrill-bassole-a-la-barre\/#primaryimage\"},\"thumbnailUrl\":\"https:\/\/guineediversite.com\/wp-content\/uploads\/2018\/12\/000_par7587488_0.jpg\",\"articleSection\":[\"International\"],\"inLanguage\":\"fr-FR\"},{\"@type\":\"WebPage\",\"@id\":\"https:\/\/guineediversite.com\/index.php\/2018\/12\/20\/putsch-de-2015-au-burkina-lex-chef-de-la-diplomatie-djibrill-bassole-a-la-barre\/\",\"url\":\"https:\/\/guineediversite.com\/index.php\/2018\/12\/20\/putsch-de-2015-au-burkina-lex-chef-de-la-diplomatie-djibrill-bassole-a-la-barre\/\",\"name\":\"Putsch de 2015 au Burkina: l'ex-chef de la diplomatie Djibrill Bassol\u00e9 \u00e0 la barre | Guin\u00e9e Diversit\u00e9\",\"isPartOf\":{\"@id\":\"https:\/\/guineediversite.com\/#website\"},\"primaryImageOfPage\":{\"@id\":\"https:\/\/guineediversite.com\/index.php\/2018\/12\/20\/putsch-de-2015-au-burkina-lex-chef-de-la-diplomatie-djibrill-bassole-a-la-barre\/#primaryimage\"},\"image\":{\"@id\":\"https:\/\/guineediversite.com\/index.php\/2018\/12\/20\/putsch-de-2015-au-burkina-lex-chef-de-la-diplomatie-djibrill-bassole-a-la-barre\/#primaryimage\"},\"thumbnailUrl\":\"https:\/\/guineediversite.com\/wp-content\/uploads\/2018\/12\/000_par7587488_0.jpg\",\"datePublished\":\"2018-12-20T12:45:53+00:00\",\"dateModified\":\"2018-12-20T12:45:53+00:00\",\"breadcrumb\":{\"@id\":\"https:\/\/guineediversite.com\/index.php\/2018\/12\/20\/putsch-de-2015-au-burkina-lex-chef-de-la-diplomatie-djibrill-bassole-a-la-barre\/#breadcrumb\"},\"inLanguage\":\"fr-FR\",\"potentialAction\":[{\"@type\":\"ReadAction\",\"target\":[\"https:\/\/guineediversite.com\/index.php\/2018\/12\/20\/putsch-de-2015-au-burkina-lex-chef-de-la-diplomatie-djibrill-bassole-a-la-barre\/\"]}]},{\"@type\":\"ImageObject\",\"inLanguage\":\"fr-FR\",\"@id\":\"https:\/\/guineediversite.com\/index.php\/2018\/12\/20\/putsch-de-2015-au-burkina-lex-chef-de-la-diplomatie-djibrill-bassole-a-la-barre\/#primaryimage\",\"url\":\"https:\/\/guineediversite.com\/wp-content\/uploads\/2018\/12\/000_par7587488_0.jpg\",\"contentUrl\":\"https:\/\/guineediversite.com\/wp-content\/uploads\/2018\/12\/000_par7587488_0.jpg\",\"width\":1024,\"height\":578},{\"@type\":\"BreadcrumbList\",\"@id\":\"https:\/\/guineediversite.com\/index.php\/2018\/12\/20\/putsch-de-2015-au-burkina-lex-chef-de-la-diplomatie-djibrill-bassole-a-la-barre\/#breadcrumb\",\"itemListElement\":[{\"@type\":\"ListItem\",\"position\":1,\"name\":\"Accueil\",\"item\":\"https:\/\/guineediversite.com\/\"},{\"@type\":\"ListItem\",\"position\":2,\"name\":\"Putsch de 2015 au Burkina: l&rsquo;ex-chef de la diplomatie Djibrill Bassol\u00e9 \u00e0 la barre\"}]},{\"@type\":\"WebSite\",\"@id\":\"https:\/\/guineediversite.com\/#website\",\"url\":\"https:\/\/guineediversite.com\/\",\"name\":\"Guin\u00e9e Diversit\u00e9\",\"description\":\"L&#039;Info dans toute sa diversit\u00e9\",\"publisher\":{\"@id\":\"https:\/\/guineediversite.com\/#organization\"},\"potentialAction\":[{\"@type\":\"SearchAction\",\"target\":{\"@type\":\"EntryPoint\",\"urlTemplate\":\"https:\/\/guineediversite.com\/?s={search_term_string}\"},\"query-input\":{\"@type\":\"PropertyValueSpecification\",\"valueRequired\":true,\"valueName\":\"search_term_string\"}}],\"inLanguage\":\"fr-FR\"},{\"@type\":\"Organization\",\"@id\":\"https:\/\/guineediversite.com\/#organization\",\"name\":\"Guin\u00e9e Diversit\u00e9\",\"url\":\"https:\/\/guineediversite.com\/\",\"logo\":{\"@type\":\"ImageObject\",\"inLanguage\":\"fr-FR\",\"@id\":\"https:\/\/guineediversite.com\/#\/schema\/logo\/image\/\",\"url\":\"https:\/\/guineediversite.com\/wp-content\/uploads\/2017\/04\/cropped-1jojlxEOMkX9Wyqfhe43D6kjPOGqBBKmx3EwWJqZ0cMrFF54yM49.png\",\"contentUrl\":\"https:\/\/guineediversite.com\/wp-content\/uploads\/2017\/04\/cropped-1jojlxEOMkX9Wyqfhe43D6kjPOGqBBKmx3EwWJqZ0cMrFF54yM49.png\",\"width\":186,\"height\":112,\"caption\":\"Guin\u00e9e Diversit\u00e9\"},\"image\":{\"@id\":\"https:\/\/guineediversite.com\/#\/schema\/logo\/image\/\"},\"sameAs\":[\"https:\/\/www.facebook.com\/guineediversite\/\",\"https:\/\/x.com\/GuineeDiversite\",\"https:\/\/www.youtube.com\/channel\/UC8sUY16qelG5ge6_D5SB83g\"]},{\"@type\":\"Person\",\"@id\":\"https:\/\/guineediversite.com\/#\/schema\/person\/0e0e3e424768a50d025ac2218ccca73f\",\"name\":\"Bilguissa Diallo\",\"image\":{\"@type\":\"ImageObject\",\"inLanguage\":\"fr-FR\",\"@id\":\"https:\/\/guineediversite.com\/#\/schema\/person\/image\/\",\"url\":\"https:\/\/secure.gravatar.com\/avatar\/49bbbd2420ee34d62b1b191791f4b5df?s=96&d=mm&r=g\",\"contentUrl\":\"https:\/\/secure.gravatar.com\/avatar\/49bbbd2420ee34d62b1b191791f4b5df?s=96&d=mm&r=g\",\"caption\":\"Bilguissa Diallo\"},\"url\":\"https:\/\/guineediversite.com\/index.php\/author\/bilguissa\/\"}]}<\/script>\n<!-- \/ Yoast SEO plugin. -->","yoast_head_json":{"title":"Putsch de 2015 au Burkina: l'ex-chef de la diplomatie Djibrill Bassol\u00e9 \u00e0 la barre | Guin\u00e9e Diversit\u00e9","robots":{"index":"index","follow":"follow","max-snippet":"max-snippet:-1","max-image-preview":"max-image-preview:large","max-video-preview":"max-video-preview:-1"},"canonical":"https:\/\/guineediversite.com\/index.php\/2018\/12\/20\/putsch-de-2015-au-burkina-lex-chef-de-la-diplomatie-djibrill-bassole-a-la-barre\/","og_locale":"fr_FR","og_type":"article","og_title":"Putsch de 2015 au Burkina: l'ex-chef de la diplomatie Djibrill Bassol\u00e9 \u00e0 la barre | Guin\u00e9e Diversit\u00e9","og_description":"Apr\u00e8s le g\u00e9n\u00e9ral Gilbert Diender\u00e9, c&rsquo;est au tour du g\u00e9n\u00e9ral Djibrill Bassol\u00e9, l&rsquo;un des cerveaux pr\u00e9sum\u00e9s du putsch avort\u00e9 de 2015 d\u2019\u00eatre entendu devant le tribunal depuis mercredi. Assis sur une chaise \u00e0 la demande de ses avocats, le g\u00e9n\u00e9ral\u00a0Djbrill Bassol\u00e9\u00a0\u00e9tait tout de blanc v\u00eatu. Poursuivi pour complicit\u00e9 d&rsquo;attentat \u00e0 la s\u00fbret\u00e9 de l&rsquo;Etat, meurtres, [&hellip;]","og_url":"https:\/\/guineediversite.com\/index.php\/2018\/12\/20\/putsch-de-2015-au-burkina-lex-chef-de-la-diplomatie-djibrill-bassole-a-la-barre\/","og_site_name":"Guin\u00e9e Diversit\u00e9","article_publisher":"https:\/\/www.facebook.com\/guineediversite\/","article_published_time":"2018-12-20T12:45:53+00:00","og_image":[{"width":1024,"height":578,"url":"https:\/\/guineediversite.com\/wp-content\/uploads\/2018\/12\/000_par7587488_0.jpg","type":"image\/jpeg"}],"author":"Bilguissa Diallo","twitter_card":"summary_large_image","twitter_creator":"@GuineeDiversite","twitter_site":"@GuineeDiversite","twitter_misc":{"\u00c9crit par":"Bilguissa Diallo","Dur\u00e9e de lecture estim\u00e9e":"2 minutes"},"schema":{"@context":"https:\/\/schema.org","@graph":[{"@type":"Article","@id":"https:\/\/guineediversite.com\/index.php\/2018\/12\/20\/putsch-de-2015-au-burkina-lex-chef-de-la-diplomatie-djibrill-bassole-a-la-barre\/#article","isPartOf":{"@id":"https:\/\/guineediversite.com\/index.php\/2018\/12\/20\/putsch-de-2015-au-burkina-lex-chef-de-la-diplomatie-djibrill-bassole-a-la-barre\/"},"author":{"name":"Bilguissa Diallo","@id":"https:\/\/guineediversite.com\/#\/schema\/person\/0e0e3e424768a50d025ac2218ccca73f"},"headline":"Putsch de 2015 au Burkina: l&rsquo;ex-chef de la diplomatie Djibrill Bassol\u00e9 \u00e0 la barre","datePublished":"2018-12-20T12:45:53+00:00","dateModified":"2018-12-20T12:45:53+00:00","mainEntityOfPage":{"@id":"https:\/\/guineediversite.com\/index.php\/2018\/12\/20\/putsch-de-2015-au-burkina-lex-chef-de-la-diplomatie-djibrill-bassole-a-la-barre\/"},"wordCount":483,"publisher":{"@id":"https:\/\/guineediversite.com\/#organization"},"image":{"@id":"https:\/\/guineediversite.com\/index.php\/2018\/12\/20\/putsch-de-2015-au-burkina-lex-chef-de-la-diplomatie-djibrill-bassole-a-la-barre\/#primaryimage"},"thumbnailUrl":"https:\/\/guineediversite.com\/wp-content\/uploads\/2018\/12\/000_par7587488_0.jpg","articleSection":["International"],"inLanguage":"fr-FR"},{"@type":"WebPage","@id":"https:\/\/guineediversite.com\/index.php\/2018\/12\/20\/putsch-de-2015-au-burkina-lex-chef-de-la-diplomatie-djibrill-bassole-a-la-barre\/","url":"https:\/\/guineediversite.com\/index.php\/2018\/12\/20\/putsch-de-2015-au-burkina-lex-chef-de-la-diplomatie-djibrill-bassole-a-la-barre\/","name":"Putsch de 2015 au Burkina: l'ex-chef de la diplomatie Djibrill Bassol\u00e9 \u00e0 la barre | Guin\u00e9e Diversit\u00e9","isPartOf":{"@id":"https:\/\/guineediversite.com\/#website"},"primaryImageOfPage":{"@id":"https:\/\/guineediversite.com\/index.php\/2018\/12\/20\/putsch-de-2015-au-burkina-lex-chef-de-la-diplomatie-djibrill-bassole-a-la-barre\/#primaryimage"},"image":{"@id":"https:\/\/guineediversite.com\/index.php\/2018\/12\/20\/putsch-de-2015-au-burkina-lex-chef-de-la-diplomatie-djibrill-bassole-a-la-barre\/#primaryimage"},"thumbnailUrl":"https:\/\/guineediversite.com\/wp-content\/uploads\/2018\/12\/000_par7587488_0.jpg","datePublished":"2018-12-20T12:45:53+00:00","dateModified":"2018-12-20T12:45:53+00:00","breadcrumb":{"@id":"https:\/\/guineediversite.com\/index.php\/2018\/12\/20\/putsch-de-2015-au-burkina-lex-chef-de-la-diplomatie-djibrill-bassole-a-la-barre\/#breadcrumb"},"inLanguage":"fr-FR","potentialAction":[{"@type":"ReadAction","target":["https:\/\/guineediversite.com\/index.php\/2018\/12\/20\/putsch-de-2015-au-burkina-lex-chef-de-la-diplomatie-djibrill-bassole-a-la-barre\/"]}]},{"@type":"ImageObject","inLanguage":"fr-FR","@id":"https:\/\/guineediversite.com\/index.php\/2018\/12\/20\/putsch-de-2015-au-burkina-lex-chef-de-la-diplomatie-djibrill-bassole-a-la-barre\/#primaryimage","url":"https:\/\/guineediversite.com\/wp-content\/uploads\/2018\/12\/000_par7587488_0.jpg","contentUrl":"https:\/\/guineediversite.com\/wp-content\/uploads\/2018\/12\/000_par7587488_0.jpg","width":1024,"height":578},{"@type":"BreadcrumbList","@id":"https:\/\/guineediversite.com\/index.php\/2018\/12\/20\/putsch-de-2015-au-burkina-lex-chef-de-la-diplomatie-djibrill-bassole-a-la-barre\/#breadcrumb","itemListElement":[{"@type":"ListItem","position":1,"name":"Accueil","item":"https:\/\/guineediversite.com\/"},{"@type":"ListItem","position":2,"name":"Putsch de 2015 au Burkina: l&rsquo;ex-chef de la diplomatie Djibrill Bassol\u00e9 \u00e0 la barre"}]},{"@type":"WebSite","@id":"https:\/\/guineediversite.com\/#website","url":"https:\/\/guineediversite.com\/","name":"Guin\u00e9e Diversit\u00e9","description":"L&#039;Info dans toute sa diversit\u00e9","publisher":{"@id":"https:\/\/guineediversite.com\/#organization"},"potentialAction":[{"@type":"SearchAction","target":{"@type":"EntryPoint","urlTemplate":"https:\/\/guineediversite.com\/?s={search_term_string}"},"query-input":{"@type":"PropertyValueSpecification","valueRequired":true,"valueName":"search_term_string"}}],"inLanguage":"fr-FR"},{"@type":"Organization","@id":"https:\/\/guineediversite.com\/#organization","name":"Guin\u00e9e Diversit\u00e9","url":"https:\/\/guineediversite.com\/","logo":{"@type":"ImageObject","inLanguage":"fr-FR","@id":"https:\/\/guineediversite.com\/#\/schema\/logo\/image\/","url":"https:\/\/guineediversite.com\/wp-content\/uploads\/2017\/04\/cropped-1jojlxEOMkX9Wyqfhe43D6kjPOGqBBKmx3EwWJqZ0cMrFF54yM49.png","contentUrl":"https:\/\/guineediversite.com\/wp-content\/uploads\/2017\/04\/cropped-1jojlxEOMkX9Wyqfhe43D6kjPOGqBBKmx3EwWJqZ0cMrFF54yM49.png","width":186,"height":112,"caption":"Guin\u00e9e Diversit\u00e9"},"image":{"@id":"https:\/\/guineediversite.com\/#\/schema\/logo\/image\/"},"sameAs":["https:\/\/www.facebook.com\/guineediversite\/","https:\/\/x.com\/GuineeDiversite","https:\/\/www.youtube.com\/channel\/UC8sUY16qelG5ge6_D5SB83g"]},{"@type":"Person","@id":"https:\/\/guineediversite.com\/#\/schema\/person\/0e0e3e424768a50d025ac2218ccca73f","name":"Bilguissa Diallo","image":{"@type":"ImageObject","inLanguage":"fr-FR","@id":"https:\/\/guineediversite.com\/#\/schema\/person\/image\/","url":"https:\/\/secure.gravatar.com\/avatar\/49bbbd2420ee34d62b1b191791f4b5df?s=96&d=mm&r=g","contentUrl":"https:\/\/secure.gravatar.com\/avatar\/49bbbd2420ee34d62b1b191791f4b5df?s=96&d=mm&r=g","caption":"Bilguissa Diallo"},"url":"https:\/\/guineediversite.com\/index.php\/author\/bilguissa\/"}]}},"_links":{"self":[{"href":"https:\/\/guineediversite.com\/index.php\/wp-json\/wp\/v2\/posts\/27646"}],"collection":[{"href":"https:\/\/guineediversite.com\/index.php\/wp-json\/wp\/v2\/posts"}],"about":[{"href":"https:\/\/guineediversite.com\/index.php\/wp-json\/wp\/v2\/types\/post"}],"author":[{"embeddable":true,"href":"https:\/\/guineediversite.com\/index.php\/wp-json\/wp\/v2\/users\/7"}],"replies":[{"embeddable":true,"href":"https:\/\/guineediversite.com\/index.php\/wp-json\/wp\/v2\/comments?post=27646"}],"version-history":[{"count":0,"href":"https:\/\/guineediversite.com\/index.php\/wp-json\/wp\/v2\/posts\/27646\/revisions"}],"wp:featuredmedia":[{"embeddable":true,"href":"https:\/\/guineediversite.com\/index.php\/wp-json\/wp\/v2\/media\/27647"}],"wp:attachment":[{"href":"https:\/\/guineediversite.com\/index.php\/wp-json\/wp\/v2\/media?parent=27646"}],"wp:term":[{"taxonomy":"category","embeddable":true,"href":"https:\/\/guineediversite.com\/index.php\/wp-json\/wp\/v2\/categories?post=27646"},{"taxonomy":"post_tag","embeddable":true,"href":"https:\/\/guineediversite.com\/index.php\/wp-json\/wp\/v2\/tags?post=27646"}],"curies":[{"name":"wp","href":"https:\/\/api.w.org\/{rel}","templated":true}]}}