{"id":27643,"date":"2018-12-20T13:39:28","date_gmt":"2018-12-20T12:39:28","guid":{"rendered":"https:\/\/guineediversite.com\/?p=27643"},"modified":"2018-12-20T13:39:28","modified_gmt":"2018-12-20T12:39:28","slug":"ouverture-des-travaux-du-forum-sur-la-restitution-sur-la-pauvrete-multidimensionnelle-de-lenfant-en-guinee","status":"publish","type":"post","link":"https:\/\/guineediversite.com\/index.php\/2018\/12\/20\/ouverture-des-travaux-du-forum-sur-la-restitution-sur-la-pauvrete-multidimensionnelle-de-lenfant-en-guinee\/","title":{"rendered":"Ouverture des travaux du forum sur la restitution sur la pauvret\u00e9 multidimensionnelle de l\u2019enfant en Guin\u00e9e"},"content":{"rendered":"<p style=\"font-weight: 400;\">Le ministre d\u2019Etat, ministre de la Justice, Garde des Sceaux a proc\u00e9d\u00e9 ce mercredi au lancement de l\u2019atelier de restitution sur la pauvret\u00e9 multidimensionnelle de l\u2019enfant en Guin\u00e9e. Organis\u00e9 par le minist\u00e8re de l\u2019Action Sociale, de la Promotion F\u00e9minine et de l\u2019Enfance, cette restitution a connu la pr\u00e9sence d\u2019une trentaine d\u2019acteurs concern\u00e9s par la situation des enfants en R\u00e9publique de Guin\u00e9e.<\/p>\n<p style=\"font-weight: 400;\">En Guin\u00e9e, le nombre de privations subies par chaque enfant fourni d\u2019importantes informations quant \u00e0 l\u2019intensit\u00e9 de la privation et donc de la pauvret\u00e9 multidimensionnelle subie par chaque groupe d\u2019\u00e2ge. Face cette situation le Gouvernement gr\u00e2ce \u00e0 l\u2019appui financier du Fonds des Nations Unies pour l\u2019Enfance \u2018\u2019UNICEF\u2019\u2019, a r\u00e9alis\u00e9 une \u00e9tude permettant en plus de l\u2019analyse par groupe d\u2019\u00e2ge, de faire une analyse de la pauvret\u00e9 multidimensionnelle de tous les enfants de Guin\u00e9e allant de 0 \u00e0 17 ans.<\/p>\n<p style=\"font-weight: 400;\">Cependant, en accord avec l\u2019approche \u00ab cycle de vie \u00bb, l\u2019accent est mis sur deux groupes d\u2019enfants particuli\u00e8rement vuln\u00e9rables et leurs privations. En premier lieu, l\u2019alimentation et la vaccination des enfants de moins de deux ans seront \u00e9tudi\u00e9es comme \u00e9l\u00e9ments cruciaux \u00e0 leur survie. Deuxi\u00e8mes, les privations dans le domaine de la protection des filles seront consid\u00e9r\u00e9es, notamment les MGF, le mariage des enfants et les grossesses pr\u00e9coces.<\/p>\n<p style=\"font-weight: 400;\">Les enqu\u00eates MICS disposent d\u2019un large \u00e9ventail d\u2019indicateurs sur la situation des enfants et des femmes et permettent aux pays de g\u00e9n\u00e9rer des donn\u00e9es \u00e0 utiliser dans les politiques et programmes et de suivre les progr\u00e8s vers l\u2019atteinte des objectifs\u00a0de d\u00e9veloppement durable et autre\u00a0engagements convenus au niveau national, r\u00e9gional et international. C\u2019est pourquoi la ministre de l\u2019Action Sociale, de la\u00a0promotion\u00a0F\u00e9minine et de l\u2019Enfance dira que cette restitution r\u00e9sulte d\u2019une analyse pertinente qui nous offre l\u2019opportunit\u00e9 de porter un regard sans complaisance sur les diff\u00e9rentes formes d\u2019atteintes aux droits des moins de 18 ans \u00e0 travers les domaines de l\u2019acc\u00e8s \u00e0 l\u2019eau, l\u2019assainissement, le logement, la sant\u00e9, l\u2019\u00e9ducation et l\u2019information, la pr\u00e9vention contre le paludisme, leur protection contre la violence sous toutes ses formes.<\/p>\n<p style=\"font-weight: 400;\">Pour\u00a0Diaby Sylla Mariama, la prise en compte multidimensionnelle de la pauvret\u00e9 des enfants demeure pour son d\u00e9partement un d\u00e9fi \u00e0 relever au regard des engagements r\u00e9gionaux et internationaux auxquels le pays est souverainement partie. Selon elle, cela d\u00e9montre clairement\u00a0l&rsquo;int\u00e9r\u00eat profond\u00a0que porte le Pr\u00e9sident de la R\u00e9publique Alpha Cond\u00e9 qui met au c\u0153ur des articulations de son programme de soci\u00e9t\u00e9 l\u2019\u00e9panouissement int\u00e9gral de l\u2019enfance guin\u00e9enne.<\/p>\n<p style=\"font-weight: 400;\">Pour sa part, le\u00a0repr\u00e9sentant\u00a0par int\u00e9rim de l\u2019UNICEF dira qu\u2019en 2015, la Guin\u00e9e, a souscrit aux objectifs du d\u00e9veloppement durable 2015 \u2013 2030 qui dans sa cible 1.2 vise \u00e0 r\u00e9duire de moiti\u00e9 la pauvret\u00e9 des hommes, des femmes, des enfants de tout \u00e2ge \u00e0 l\u2019horizon 2030. Pour Guy Yago au regard de cette n\u00e9cessit\u00e9 il est donc opportun de revisiter la pauvret\u00e9 des enfants en vue d\u2019une part de mesurer les progr\u00e8s r\u00e9alis\u00e9s mais aussi et surtout mesurer les efforts qui restent \u00e0 faire pour r\u00e9duire de moiti\u00e9 la pauvret\u00e9 des enfants d\u2019ici 2030.<\/p>\n<p style=\"font-weight: 400;\">De son c\u00f4t\u00e9, le ministre d\u2019\u00c9tat, ministre de la Justice, Garde des Sceaux a au nom du Premier ministre, Chef du Gouvernement Ibrahima Kassory Fofana a clairement pr\u00e9cis\u00e9 que dans la dynamique de l\u2019\u00e9quipe gouvernementale \u00e0 traduire en action, la dimension de la gouvernance locale, une place de choix a \u00e9t\u00e9 accord\u00e9e \u00e0 la prise en compte des besoins des enfants dans les priorit\u00e9s des communes de convergences. Selon le ministre d\u2019\u00c9tat\u00a0Cheick Sako, c\u2019est pourquoi \u00e0 la faveur du mois de l\u2019enfant guin\u00e9en 2018, 10 aspirations\u00a0des enfants\u00a0de guin\u00e9e tir\u00e9es de l\u2019agenda 2040 de l\u2019Union Africaine en faveur des enfants ont \u00e9t\u00e9 formul\u00e9es pour pallier\u00a0les\u00a0privations multiples dont souffrent les enfants.<\/p>\n<p style=\"font-weight: 400;\">Pour finir, le ministre d\u2019\u00c9tat, ministre de la Justice, Garde des Sceaux a affirm\u00e9 que le\u00a0gouvernement\u00a0est r\u00e9solument engag\u00e9 \u00e0 la mise en place et \u00e0 la r\u00e9alisation de politiques publiques et de plans sectoriels de d\u00e9veloppement socio\u00e9conomiques avec le concours des partenaires au d\u00e9veloppement, pour r\u00e9duire les\u00a0\u00e9carts\u00a0en mati\u00e8re de survie de l\u2019enfant, d\u2019\u00e9ducation, d\u2019acc\u00e8s \u00e0 l\u2019eau potable, \u00e0 l\u2019enregistrement des naissances et de la protection des enfants contre les abus et toutes formes de violences.<\/p>\n<p style=\"font-weight: 400;\">\n<p style=\"font-weight: 400;\"><strong>La Cellule de Communication du Gouvernement<\/strong><\/p>\n<p style=\"font-weight: 400;\"><strong>\u00a0<\/strong><\/p>\n","protected":false},"excerpt":{"rendered":"<p>Le ministre d\u2019Etat, ministre de la Justice, Garde des Sceaux a proc\u00e9d\u00e9 ce mercredi au lancement de l\u2019atelier de restitution sur la pauvret\u00e9 multidimensionnelle de l\u2019enfant en Guin\u00e9e. Organis\u00e9 par le minist\u00e8re de l\u2019Action Sociale, de la Promotion F\u00e9minine et de l\u2019Enfance, cette restitution a connu la pr\u00e9sence d\u2019une trentaine d\u2019acteurs concern\u00e9s par la situation [&hellip;]<\/p>\n","protected":false},"author":7,"featured_media":27644,"comment_status":"closed","ping_status":"closed","sticky":false,"template":"","format":"standard","meta":{"_exactmetrics_skip_tracking":false,"_exactmetrics_sitenote_active":false,"_exactmetrics_sitenote_note":"","_exactmetrics_sitenote_category":0,"tdm_status":"","tdm_grid_status":"","footnotes":""},"categories":[1],"tags":[],"class_list":{"0":"post-27643","1":"post","2":"type-post","3":"status-publish","4":"format-standard","5":"has-post-thumbnail","7":"category-non-classe"},"yoast_head":"<!-- This site is optimized with the Yoast SEO plugin v24.2 - https:\/\/yoast.com\/wordpress\/plugins\/seo\/ -->\n<title>Ouverture des travaux du forum sur la restitution sur la pauvret\u00e9 multidimensionnelle de l\u2019enfant en Guin\u00e9e | Guin\u00e9e Diversit\u00e9<\/title>\n<meta name=\"robots\" content=\"index, follow, max-snippet:-1, max-image-preview:large, max-video-preview:-1\" \/>\n<link rel=\"canonical\" href=\"https:\/\/guineediversite.com\/index.php\/2018\/12\/20\/ouverture-des-travaux-du-forum-sur-la-restitution-sur-la-pauvrete-multidimensionnelle-de-lenfant-en-guinee\/\" \/>\n<meta property=\"og:locale\" content=\"fr_FR\" \/>\n<meta property=\"og:type\" content=\"article\" \/>\n<meta property=\"og:title\" content=\"Ouverture des travaux du forum sur la restitution sur la pauvret\u00e9 multidimensionnelle de l\u2019enfant en Guin\u00e9e | Guin\u00e9e Diversit\u00e9\" \/>\n<meta property=\"og:description\" content=\"Le ministre d\u2019Etat, ministre de la Justice, Garde des Sceaux a proc\u00e9d\u00e9 ce mercredi au lancement de l\u2019atelier de restitution sur la pauvret\u00e9 multidimensionnelle de l\u2019enfant en Guin\u00e9e. Organis\u00e9 par le minist\u00e8re de l\u2019Action Sociale, de la Promotion F\u00e9minine et de l\u2019Enfance, cette restitution a connu la pr\u00e9sence d\u2019une trentaine d\u2019acteurs concern\u00e9s par la situation [&hellip;]\" \/>\n<meta property=\"og:url\" content=\"https:\/\/guineediversite.com\/index.php\/2018\/12\/20\/ouverture-des-travaux-du-forum-sur-la-restitution-sur-la-pauvrete-multidimensionnelle-de-lenfant-en-guinee\/\" \/>\n<meta property=\"og:site_name\" content=\"Guin\u00e9e Diversit\u00e9\" \/>\n<meta property=\"article:publisher\" content=\"https:\/\/www.facebook.com\/guineediversite\/\" \/>\n<meta property=\"article:published_time\" content=\"2018-12-20T12:39:28+00:00\" \/>\n<meta property=\"og:image\" content=\"https:\/\/guineediversite.com\/wp-content\/uploads\/2018\/12\/Attelier-de-laction-Sociale-sur-les-enfants10.jpg\" \/>\n\t<meta property=\"og:image:width\" content=\"2000\" \/>\n\t<meta property=\"og:image:height\" content=\"1333\" \/>\n\t<meta property=\"og:image:type\" content=\"image\/jpeg\" \/>\n<meta name=\"author\" content=\"Bilguissa Diallo\" \/>\n<meta name=\"twitter:card\" content=\"summary_large_image\" \/>\n<meta name=\"twitter:creator\" content=\"@GuineeDiversite\" \/>\n<meta name=\"twitter:site\" content=\"@GuineeDiversite\" \/>\n<meta name=\"twitter:label1\" content=\"\u00c9crit par\" \/>\n\t<meta name=\"twitter:data1\" content=\"Bilguissa Diallo\" \/>\n\t<meta name=\"twitter:label2\" content=\"Dur\u00e9e de lecture estim\u00e9e\" \/>\n\t<meta name=\"twitter:data2\" content=\"4 minutes\" \/>\n<script type=\"application\/ld+json\" class=\"yoast-schema-graph\">{\"@context\":\"https:\/\/schema.org\",\"@graph\":[{\"@type\":\"Article\",\"@id\":\"https:\/\/guineediversite.com\/index.php\/2018\/12\/20\/ouverture-des-travaux-du-forum-sur-la-restitution-sur-la-pauvrete-multidimensionnelle-de-lenfant-en-guinee\/#article\",\"isPartOf\":{\"@id\":\"https:\/\/guineediversite.com\/index.php\/2018\/12\/20\/ouverture-des-travaux-du-forum-sur-la-restitution-sur-la-pauvrete-multidimensionnelle-de-lenfant-en-guinee\/\"},\"author\":{\"name\":\"Bilguissa Diallo\",\"@id\":\"https:\/\/guineediversite.com\/#\/schema\/person\/0e0e3e424768a50d025ac2218ccca73f\"},\"headline\":\"Ouverture des travaux du forum sur la restitution sur la pauvret\u00e9 multidimensionnelle de l\u2019enfant en Guin\u00e9e\",\"datePublished\":\"2018-12-20T12:39:28+00:00\",\"dateModified\":\"2018-12-20T12:39:28+00:00\",\"mainEntityOfPage\":{\"@id\":\"https:\/\/guineediversite.com\/index.php\/2018\/12\/20\/ouverture-des-travaux-du-forum-sur-la-restitution-sur-la-pauvrete-multidimensionnelle-de-lenfant-en-guinee\/\"},\"wordCount\":805,\"publisher\":{\"@id\":\"https:\/\/guineediversite.com\/#organization\"},\"image\":{\"@id\":\"https:\/\/guineediversite.com\/index.php\/2018\/12\/20\/ouverture-des-travaux-du-forum-sur-la-restitution-sur-la-pauvrete-multidimensionnelle-de-lenfant-en-guinee\/#primaryimage\"},\"thumbnailUrl\":\"https:\/\/guineediversite.com\/wp-content\/uploads\/2018\/12\/Attelier-de-laction-Sociale-sur-les-enfants10.jpg\",\"inLanguage\":\"fr-FR\"},{\"@type\":\"WebPage\",\"@id\":\"https:\/\/guineediversite.com\/index.php\/2018\/12\/20\/ouverture-des-travaux-du-forum-sur-la-restitution-sur-la-pauvrete-multidimensionnelle-de-lenfant-en-guinee\/\",\"url\":\"https:\/\/guineediversite.com\/index.php\/2018\/12\/20\/ouverture-des-travaux-du-forum-sur-la-restitution-sur-la-pauvrete-multidimensionnelle-de-lenfant-en-guinee\/\",\"name\":\"Ouverture des travaux du forum sur la restitution sur la pauvret\u00e9 multidimensionnelle de l\u2019enfant en Guin\u00e9e | Guin\u00e9e Diversit\u00e9\",\"isPartOf\":{\"@id\":\"https:\/\/guineediversite.com\/#website\"},\"primaryImageOfPage\":{\"@id\":\"https:\/\/guineediversite.com\/index.php\/2018\/12\/20\/ouverture-des-travaux-du-forum-sur-la-restitution-sur-la-pauvrete-multidimensionnelle-de-lenfant-en-guinee\/#primaryimage\"},\"image\":{\"@id\":\"https:\/\/guineediversite.com\/index.php\/2018\/12\/20\/ouverture-des-travaux-du-forum-sur-la-restitution-sur-la-pauvrete-multidimensionnelle-de-lenfant-en-guinee\/#primaryimage\"},\"thumbnailUrl\":\"https:\/\/guineediversite.com\/wp-content\/uploads\/2018\/12\/Attelier-de-laction-Sociale-sur-les-enfants10.jpg\",\"datePublished\":\"2018-12-20T12:39:28+00:00\",\"dateModified\":\"2018-12-20T12:39:28+00:00\",\"breadcrumb\":{\"@id\":\"https:\/\/guineediversite.com\/index.php\/2018\/12\/20\/ouverture-des-travaux-du-forum-sur-la-restitution-sur-la-pauvrete-multidimensionnelle-de-lenfant-en-guinee\/#breadcrumb\"},\"inLanguage\":\"fr-FR\",\"potentialAction\":[{\"@type\":\"ReadAction\",\"target\":[\"https:\/\/guineediversite.com\/index.php\/2018\/12\/20\/ouverture-des-travaux-du-forum-sur-la-restitution-sur-la-pauvrete-multidimensionnelle-de-lenfant-en-guinee\/\"]}]},{\"@type\":\"ImageObject\",\"inLanguage\":\"fr-FR\",\"@id\":\"https:\/\/guineediversite.com\/index.php\/2018\/12\/20\/ouverture-des-travaux-du-forum-sur-la-restitution-sur-la-pauvrete-multidimensionnelle-de-lenfant-en-guinee\/#primaryimage\",\"url\":\"https:\/\/guineediversite.com\/wp-content\/uploads\/2018\/12\/Attelier-de-laction-Sociale-sur-les-enfants10.jpg\",\"contentUrl\":\"https:\/\/guineediversite.com\/wp-content\/uploads\/2018\/12\/Attelier-de-laction-Sociale-sur-les-enfants10.jpg\",\"width\":2000,\"height\":1333},{\"@type\":\"BreadcrumbList\",\"@id\":\"https:\/\/guineediversite.com\/index.php\/2018\/12\/20\/ouverture-des-travaux-du-forum-sur-la-restitution-sur-la-pauvrete-multidimensionnelle-de-lenfant-en-guinee\/#breadcrumb\",\"itemListElement\":[{\"@type\":\"ListItem\",\"position\":1,\"name\":\"Accueil\",\"item\":\"https:\/\/guineediversite.com\/\"},{\"@type\":\"ListItem\",\"position\":2,\"name\":\"Ouverture des travaux du forum sur la restitution sur la pauvret\u00e9 multidimensionnelle de l\u2019enfant en Guin\u00e9e\"}]},{\"@type\":\"WebSite\",\"@id\":\"https:\/\/guineediversite.com\/#website\",\"url\":\"https:\/\/guineediversite.com\/\",\"name\":\"Guin\u00e9e Diversit\u00e9\",\"description\":\"L&#039;Info dans toute sa diversit\u00e9\",\"publisher\":{\"@id\":\"https:\/\/guineediversite.com\/#organization\"},\"potentialAction\":[{\"@type\":\"SearchAction\",\"target\":{\"@type\":\"EntryPoint\",\"urlTemplate\":\"https:\/\/guineediversite.com\/?s={search_term_string}\"},\"query-input\":{\"@type\":\"PropertyValueSpecification\",\"valueRequired\":true,\"valueName\":\"search_term_string\"}}],\"inLanguage\":\"fr-FR\"},{\"@type\":\"Organization\",\"@id\":\"https:\/\/guineediversite.com\/#organization\",\"name\":\"Guin\u00e9e Diversit\u00e9\",\"url\":\"https:\/\/guineediversite.com\/\",\"logo\":{\"@type\":\"ImageObject\",\"inLanguage\":\"fr-FR\",\"@id\":\"https:\/\/guineediversite.com\/#\/schema\/logo\/image\/\",\"url\":\"https:\/\/guineediversite.com\/wp-content\/uploads\/2017\/04\/cropped-1jojlxEOMkX9Wyqfhe43D6kjPOGqBBKmx3EwWJqZ0cMrFF54yM49.png\",\"contentUrl\":\"https:\/\/guineediversite.com\/wp-content\/uploads\/2017\/04\/cropped-1jojlxEOMkX9Wyqfhe43D6kjPOGqBBKmx3EwWJqZ0cMrFF54yM49.png\",\"width\":186,\"height\":112,\"caption\":\"Guin\u00e9e Diversit\u00e9\"},\"image\":{\"@id\":\"https:\/\/guineediversite.com\/#\/schema\/logo\/image\/\"},\"sameAs\":[\"https:\/\/www.facebook.com\/guineediversite\/\",\"https:\/\/x.com\/GuineeDiversite\",\"https:\/\/www.youtube.com\/channel\/UC8sUY16qelG5ge6_D5SB83g\"]},{\"@type\":\"Person\",\"@id\":\"https:\/\/guineediversite.com\/#\/schema\/person\/0e0e3e424768a50d025ac2218ccca73f\",\"name\":\"Bilguissa Diallo\",\"image\":{\"@type\":\"ImageObject\",\"inLanguage\":\"fr-FR\",\"@id\":\"https:\/\/guineediversite.com\/#\/schema\/person\/image\/\",\"url\":\"https:\/\/secure.gravatar.com\/avatar\/49bbbd2420ee34d62b1b191791f4b5df?s=96&d=mm&r=g\",\"contentUrl\":\"https:\/\/secure.gravatar.com\/avatar\/49bbbd2420ee34d62b1b191791f4b5df?s=96&d=mm&r=g\",\"caption\":\"Bilguissa Diallo\"},\"url\":\"https:\/\/guineediversite.com\/index.php\/author\/bilguissa\/\"}]}<\/script>\n<!-- \/ Yoast SEO plugin. -->","yoast_head_json":{"title":"Ouverture des travaux du forum sur la restitution sur la pauvret\u00e9 multidimensionnelle de l\u2019enfant en Guin\u00e9e | Guin\u00e9e Diversit\u00e9","robots":{"index":"index","follow":"follow","max-snippet":"max-snippet:-1","max-image-preview":"max-image-preview:large","max-video-preview":"max-video-preview:-1"},"canonical":"https:\/\/guineediversite.com\/index.php\/2018\/12\/20\/ouverture-des-travaux-du-forum-sur-la-restitution-sur-la-pauvrete-multidimensionnelle-de-lenfant-en-guinee\/","og_locale":"fr_FR","og_type":"article","og_title":"Ouverture des travaux du forum sur la restitution sur la pauvret\u00e9 multidimensionnelle de l\u2019enfant en Guin\u00e9e | Guin\u00e9e Diversit\u00e9","og_description":"Le ministre d\u2019Etat, ministre de la Justice, Garde des Sceaux a proc\u00e9d\u00e9 ce mercredi au lancement de l\u2019atelier de restitution sur la pauvret\u00e9 multidimensionnelle de l\u2019enfant en Guin\u00e9e. Organis\u00e9 par le minist\u00e8re de l\u2019Action Sociale, de la Promotion F\u00e9minine et de l\u2019Enfance, cette restitution a connu la pr\u00e9sence d\u2019une trentaine d\u2019acteurs concern\u00e9s par la situation [&hellip;]","og_url":"https:\/\/guineediversite.com\/index.php\/2018\/12\/20\/ouverture-des-travaux-du-forum-sur-la-restitution-sur-la-pauvrete-multidimensionnelle-de-lenfant-en-guinee\/","og_site_name":"Guin\u00e9e Diversit\u00e9","article_publisher":"https:\/\/www.facebook.com\/guineediversite\/","article_published_time":"2018-12-20T12:39:28+00:00","og_image":[{"width":2000,"height":1333,"url":"https:\/\/guineediversite.com\/wp-content\/uploads\/2018\/12\/Attelier-de-laction-Sociale-sur-les-enfants10.jpg","type":"image\/jpeg"}],"author":"Bilguissa Diallo","twitter_card":"summary_large_image","twitter_creator":"@GuineeDiversite","twitter_site":"@GuineeDiversite","twitter_misc":{"\u00c9crit par":"Bilguissa Diallo","Dur\u00e9e de lecture estim\u00e9e":"4 minutes"},"schema":{"@context":"https:\/\/schema.org","@graph":[{"@type":"Article","@id":"https:\/\/guineediversite.com\/index.php\/2018\/12\/20\/ouverture-des-travaux-du-forum-sur-la-restitution-sur-la-pauvrete-multidimensionnelle-de-lenfant-en-guinee\/#article","isPartOf":{"@id":"https:\/\/guineediversite.com\/index.php\/2018\/12\/20\/ouverture-des-travaux-du-forum-sur-la-restitution-sur-la-pauvrete-multidimensionnelle-de-lenfant-en-guinee\/"},"author":{"name":"Bilguissa Diallo","@id":"https:\/\/guineediversite.com\/#\/schema\/person\/0e0e3e424768a50d025ac2218ccca73f"},"headline":"Ouverture des travaux du forum sur la restitution sur la pauvret\u00e9 multidimensionnelle de l\u2019enfant en Guin\u00e9e","datePublished":"2018-12-20T12:39:28+00:00","dateModified":"2018-12-20T12:39:28+00:00","mainEntityOfPage":{"@id":"https:\/\/guineediversite.com\/index.php\/2018\/12\/20\/ouverture-des-travaux-du-forum-sur-la-restitution-sur-la-pauvrete-multidimensionnelle-de-lenfant-en-guinee\/"},"wordCount":805,"publisher":{"@id":"https:\/\/guineediversite.com\/#organization"},"image":{"@id":"https:\/\/guineediversite.com\/index.php\/2018\/12\/20\/ouverture-des-travaux-du-forum-sur-la-restitution-sur-la-pauvrete-multidimensionnelle-de-lenfant-en-guinee\/#primaryimage"},"thumbnailUrl":"https:\/\/guineediversite.com\/wp-content\/uploads\/2018\/12\/Attelier-de-laction-Sociale-sur-les-enfants10.jpg","inLanguage":"fr-FR"},{"@type":"WebPage","@id":"https:\/\/guineediversite.com\/index.php\/2018\/12\/20\/ouverture-des-travaux-du-forum-sur-la-restitution-sur-la-pauvrete-multidimensionnelle-de-lenfant-en-guinee\/","url":"https:\/\/guineediversite.com\/index.php\/2018\/12\/20\/ouverture-des-travaux-du-forum-sur-la-restitution-sur-la-pauvrete-multidimensionnelle-de-lenfant-en-guinee\/","name":"Ouverture des travaux du forum sur la restitution sur la pauvret\u00e9 multidimensionnelle de l\u2019enfant en Guin\u00e9e | Guin\u00e9e Diversit\u00e9","isPartOf":{"@id":"https:\/\/guineediversite.com\/#website"},"primaryImageOfPage":{"@id":"https:\/\/guineediversite.com\/index.php\/2018\/12\/20\/ouverture-des-travaux-du-forum-sur-la-restitution-sur-la-pauvrete-multidimensionnelle-de-lenfant-en-guinee\/#primaryimage"},"image":{"@id":"https:\/\/guineediversite.com\/index.php\/2018\/12\/20\/ouverture-des-travaux-du-forum-sur-la-restitution-sur-la-pauvrete-multidimensionnelle-de-lenfant-en-guinee\/#primaryimage"},"thumbnailUrl":"https:\/\/guineediversite.com\/wp-content\/uploads\/2018\/12\/Attelier-de-laction-Sociale-sur-les-enfants10.jpg","datePublished":"2018-12-20T12:39:28+00:00","dateModified":"2018-12-20T12:39:28+00:00","breadcrumb":{"@id":"https:\/\/guineediversite.com\/index.php\/2018\/12\/20\/ouverture-des-travaux-du-forum-sur-la-restitution-sur-la-pauvrete-multidimensionnelle-de-lenfant-en-guinee\/#breadcrumb"},"inLanguage":"fr-FR","potentialAction":[{"@type":"ReadAction","target":["https:\/\/guineediversite.com\/index.php\/2018\/12\/20\/ouverture-des-travaux-du-forum-sur-la-restitution-sur-la-pauvrete-multidimensionnelle-de-lenfant-en-guinee\/"]}]},{"@type":"ImageObject","inLanguage":"fr-FR","@id":"https:\/\/guineediversite.com\/index.php\/2018\/12\/20\/ouverture-des-travaux-du-forum-sur-la-restitution-sur-la-pauvrete-multidimensionnelle-de-lenfant-en-guinee\/#primaryimage","url":"https:\/\/guineediversite.com\/wp-content\/uploads\/2018\/12\/Attelier-de-laction-Sociale-sur-les-enfants10.jpg","contentUrl":"https:\/\/guineediversite.com\/wp-content\/uploads\/2018\/12\/Attelier-de-laction-Sociale-sur-les-enfants10.jpg","width":2000,"height":1333},{"@type":"BreadcrumbList","@id":"https:\/\/guineediversite.com\/index.php\/2018\/12\/20\/ouverture-des-travaux-du-forum-sur-la-restitution-sur-la-pauvrete-multidimensionnelle-de-lenfant-en-guinee\/#breadcrumb","itemListElement":[{"@type":"ListItem","position":1,"name":"Accueil","item":"https:\/\/guineediversite.com\/"},{"@type":"ListItem","position":2,"name":"Ouverture des travaux du forum sur la restitution sur la pauvret\u00e9 multidimensionnelle de l\u2019enfant en Guin\u00e9e"}]},{"@type":"WebSite","@id":"https:\/\/guineediversite.com\/#website","url":"https:\/\/guineediversite.com\/","name":"Guin\u00e9e Diversit\u00e9","description":"L&#039;Info dans toute sa diversit\u00e9","publisher":{"@id":"https:\/\/guineediversite.com\/#organization"},"potentialAction":[{"@type":"SearchAction","target":{"@type":"EntryPoint","urlTemplate":"https:\/\/guineediversite.com\/?s={search_term_string}"},"query-input":{"@type":"PropertyValueSpecification","valueRequired":true,"valueName":"search_term_string"}}],"inLanguage":"fr-FR"},{"@type":"Organization","@id":"https:\/\/guineediversite.com\/#organization","name":"Guin\u00e9e Diversit\u00e9","url":"https:\/\/guineediversite.com\/","logo":{"@type":"ImageObject","inLanguage":"fr-FR","@id":"https:\/\/guineediversite.com\/#\/schema\/logo\/image\/","url":"https:\/\/guineediversite.com\/wp-content\/uploads\/2017\/04\/cropped-1jojlxEOMkX9Wyqfhe43D6kjPOGqBBKmx3EwWJqZ0cMrFF54yM49.png","contentUrl":"https:\/\/guineediversite.com\/wp-content\/uploads\/2017\/04\/cropped-1jojlxEOMkX9Wyqfhe43D6kjPOGqBBKmx3EwWJqZ0cMrFF54yM49.png","width":186,"height":112,"caption":"Guin\u00e9e Diversit\u00e9"},"image":{"@id":"https:\/\/guineediversite.com\/#\/schema\/logo\/image\/"},"sameAs":["https:\/\/www.facebook.com\/guineediversite\/","https:\/\/x.com\/GuineeDiversite","https:\/\/www.youtube.com\/channel\/UC8sUY16qelG5ge6_D5SB83g"]},{"@type":"Person","@id":"https:\/\/guineediversite.com\/#\/schema\/person\/0e0e3e424768a50d025ac2218ccca73f","name":"Bilguissa Diallo","image":{"@type":"ImageObject","inLanguage":"fr-FR","@id":"https:\/\/guineediversite.com\/#\/schema\/person\/image\/","url":"https:\/\/secure.gravatar.com\/avatar\/49bbbd2420ee34d62b1b191791f4b5df?s=96&d=mm&r=g","contentUrl":"https:\/\/secure.gravatar.com\/avatar\/49bbbd2420ee34d62b1b191791f4b5df?s=96&d=mm&r=g","caption":"Bilguissa Diallo"},"url":"https:\/\/guineediversite.com\/index.php\/author\/bilguissa\/"}]}},"_links":{"self":[{"href":"https:\/\/guineediversite.com\/index.php\/wp-json\/wp\/v2\/posts\/27643"}],"collection":[{"href":"https:\/\/guineediversite.com\/index.php\/wp-json\/wp\/v2\/posts"}],"about":[{"href":"https:\/\/guineediversite.com\/index.php\/wp-json\/wp\/v2\/types\/post"}],"author":[{"embeddable":true,"href":"https:\/\/guineediversite.com\/index.php\/wp-json\/wp\/v2\/users\/7"}],"replies":[{"embeddable":true,"href":"https:\/\/guineediversite.com\/index.php\/wp-json\/wp\/v2\/comments?post=27643"}],"version-history":[{"count":0,"href":"https:\/\/guineediversite.com\/index.php\/wp-json\/wp\/v2\/posts\/27643\/revisions"}],"wp:featuredmedia":[{"embeddable":true,"href":"https:\/\/guineediversite.com\/index.php\/wp-json\/wp\/v2\/media\/27644"}],"wp:attachment":[{"href":"https:\/\/guineediversite.com\/index.php\/wp-json\/wp\/v2\/media?parent=27643"}],"wp:term":[{"taxonomy":"category","embeddable":true,"href":"https:\/\/guineediversite.com\/index.php\/wp-json\/wp\/v2\/categories?post=27643"},{"taxonomy":"post_tag","embeddable":true,"href":"https:\/\/guineediversite.com\/index.php\/wp-json\/wp\/v2\/tags?post=27643"}],"curies":[{"name":"wp","href":"https:\/\/api.w.org\/{rel}","templated":true}]}}