{"id":27637,"date":"2018-12-20T13:34:26","date_gmt":"2018-12-20T12:34:26","guid":{"rendered":"https:\/\/guineediversite.com\/?p=27637"},"modified":"2018-12-20T13:34:26","modified_gmt":"2018-12-20T12:34:26","slug":"migrations-long-sea-eye-lance-un-nouveau-bateau-humanitaire-en-mediterranee","status":"publish","type":"post","link":"https:\/\/guineediversite.com\/index.php\/2018\/12\/20\/migrations-long-sea-eye-lance-un-nouveau-bateau-humanitaire-en-mediterranee\/","title":{"rendered":"Migrations: l&rsquo;ONG Sea-Eye lance un nouveau bateau humanitaire en M\u00e9diterran\u00e9e"},"content":{"rendered":"<h2>Un nouveau bateau humanitaire va naviguer \u00e0 partir de ce jeudi 20 d\u00e9cembre 2018 au large de la Libye, pour la premi\u00e8re fois sous pavillon allemand. Il a quitt\u00e9 ce jeudi le sud de l&rsquo;Espagne. Une initiative pilot\u00e9e par l&rsquo;ONG allemande Sea-Eye. Depuis l&rsquo;arr\u00eat des op\u00e9rations de sauvetage de l&rsquo;Aquarius le 7 d\u00e9cembre dernier, plus aucun navire de secours n&rsquo;\u00e9tait actif entre la Libye et l&rsquo;Italie.<\/h2>\n<p>Il porte le nom d&rsquo;un g\u00e9ographe allemand,\u00a0<em>Professeur Albrecht Penck<\/em>. Arriv\u00e9 au port espagnol d&rsquo;Alg\u00e9siras le 1er d\u00e9cembre, le bateau humanitaire de\u00a0<a href=\"https:\/\/sea-eye.org\/die-seerettung\/\" target=\"_blank\" rel=\"noopener\"><strong>l&rsquo;ONG Sea-Eye<\/strong><\/a>\u00a0attendait ses 18 membres d&rsquo;\u00e9quipage pour partir en mer. Beaucoup sont des anciens de l&rsquo;<em>Aquarius<\/em>. Pendant trois semaines, le navire va se poster au large des c\u00f4tes libyennes.<\/p>\n<p>\u00ab\u00a0<em>Le principal but de la mission, c\u2019est de r\u00e9colter des informations sur ce qui se passe au nord de Tripoli. Donc, nous avons des observateurs des droits humains \u00e0 bord. Nous avons aussi une \u00e9quipe m\u00e9dicale, deux m\u00e9decins, un g\u00e9n\u00e9raliste, et je suis moi-m\u00eame chirurgien. Bien s\u00fbr, si une situation de sauvetage se pr\u00e9sente, nous offrirons notre aide<\/em>\u00a0\u00bb, nous explique Jan Ribbeck, chef de mission \u00e0 bord.<\/p>\n<p>Jan Ribbeck et son \u00e9quipe vont devoir faire face aux garde-c\u00f4tes libyens, aujourd&rsquo;hui en charge de la zone de secours. Quant \u00e0 l&rsquo;Italie, difficile de savoir si le bateau aura une chance d&rsquo;y accoster.\u00a0<a href=\"http:\/\/www.rfi.fr\/europe\/20181215-italie-manifestation-rome-defendre-droits-migrants\" target=\"_blank\" rel=\"noopener\"><strong>Matteo Salvini<\/strong><\/a>, ministre de l&rsquo;Int\u00e9rieur italien, y est toujours fermement oppos\u00e9.<\/p>\n<p>Mais l&rsquo;ONG Sea-Eye est en discussion avec Malte pour en faire son nouveau port d&rsquo;attache. Depuis 2014, d&rsquo;apr\u00e8s les chiffres de l&rsquo;Organisation internationale pour les migrations (<a href=\"https:\/\/www.iom.int\/fr\/historique\" target=\"_blank\" rel=\"noopener\"><strong>OIM<\/strong><\/a>), au moins 17\u00a0000 personnes ont p\u00e9ri en tentant de rejoindre l&rsquo;Europe.<\/p>\n<p>RFI<\/p>\n","protected":false},"excerpt":{"rendered":"<p>Un nouveau bateau humanitaire va naviguer \u00e0 partir de ce jeudi 20 d\u00e9cembre 2018 au large de la Libye, pour la premi\u00e8re fois sous pavillon allemand. Il a quitt\u00e9 ce jeudi le sud de l&rsquo;Espagne. Une initiative pilot\u00e9e par l&rsquo;ONG allemande Sea-Eye. Depuis l&rsquo;arr\u00eat des op\u00e9rations de sauvetage de l&rsquo;Aquarius le 7 d\u00e9cembre dernier, plus [&hellip;]<\/p>\n","protected":false},"author":7,"featured_media":27638,"comment_status":"closed","ping_status":"closed","sticky":false,"template":"","format":"standard","meta":{"_exactmetrics_skip_tracking":false,"_exactmetrics_sitenote_active":false,"_exactmetrics_sitenote_note":"","_exactmetrics_sitenote_category":0,"tdm_status":"","tdm_grid_status":"","footnotes":""},"categories":[21],"tags":[],"class_list":{"0":"post-27637","1":"post","2":"type-post","3":"status-publish","4":"format-standard","5":"has-post-thumbnail","7":"category-international"},"yoast_head":"<!-- This site is optimized with the Yoast SEO plugin v24.2 - https:\/\/yoast.com\/wordpress\/plugins\/seo\/ -->\n<title>Migrations: l&#039;ONG Sea-Eye lance un nouveau bateau humanitaire en M\u00e9diterran\u00e9e | Guin\u00e9e Diversit\u00e9<\/title>\n<meta name=\"robots\" content=\"index, follow, max-snippet:-1, max-image-preview:large, max-video-preview:-1\" \/>\n<link rel=\"canonical\" href=\"https:\/\/guineediversite.com\/index.php\/2018\/12\/20\/migrations-long-sea-eye-lance-un-nouveau-bateau-humanitaire-en-mediterranee\/\" \/>\n<meta property=\"og:locale\" content=\"fr_FR\" \/>\n<meta property=\"og:type\" content=\"article\" \/>\n<meta property=\"og:title\" content=\"Migrations: l&#039;ONG Sea-Eye lance un nouveau bateau humanitaire en M\u00e9diterran\u00e9e | Guin\u00e9e Diversit\u00e9\" \/>\n<meta property=\"og:description\" content=\"Un nouveau bateau humanitaire va naviguer \u00e0 partir de ce jeudi 20 d\u00e9cembre 2018 au large de la Libye, pour la premi\u00e8re fois sous pavillon allemand. Il a quitt\u00e9 ce jeudi le sud de l&rsquo;Espagne. Une initiative pilot\u00e9e par l&rsquo;ONG allemande Sea-Eye. Depuis l&rsquo;arr\u00eat des op\u00e9rations de sauvetage de l&rsquo;Aquarius le 7 d\u00e9cembre dernier, plus [&hellip;]\" \/>\n<meta property=\"og:url\" content=\"https:\/\/guineediversite.com\/index.php\/2018\/12\/20\/migrations-long-sea-eye-lance-un-nouveau-bateau-humanitaire-en-mediterranee\/\" \/>\n<meta property=\"og:site_name\" content=\"Guin\u00e9e Diversit\u00e9\" \/>\n<meta property=\"article:publisher\" content=\"https:\/\/www.facebook.com\/guineediversite\/\" \/>\n<meta property=\"article:published_time\" content=\"2018-12-20T12:34:26+00:00\" \/>\n<meta property=\"og:image\" content=\"https:\/\/guineediversite.com\/wp-content\/uploads\/2018\/12\/1af7e223-8909-4e7e-8e0a-fb6af45af003_0.jpg\" \/>\n\t<meta property=\"og:image:width\" content=\"1023\" \/>\n\t<meta property=\"og:image:height\" content=\"578\" \/>\n\t<meta property=\"og:image:type\" content=\"image\/jpeg\" \/>\n<meta name=\"author\" content=\"Bilguissa Diallo\" \/>\n<meta name=\"twitter:card\" content=\"summary_large_image\" \/>\n<meta name=\"twitter:creator\" content=\"@GuineeDiversite\" \/>\n<meta name=\"twitter:site\" content=\"@GuineeDiversite\" \/>\n<meta name=\"twitter:label1\" content=\"\u00c9crit par\" \/>\n\t<meta name=\"twitter:data1\" content=\"Bilguissa Diallo\" \/>\n\t<meta name=\"twitter:label2\" content=\"Dur\u00e9e de lecture estim\u00e9e\" \/>\n\t<meta name=\"twitter:data2\" content=\"1 minute\" \/>\n<script type=\"application\/ld+json\" class=\"yoast-schema-graph\">{\"@context\":\"https:\/\/schema.org\",\"@graph\":[{\"@type\":\"Article\",\"@id\":\"https:\/\/guineediversite.com\/index.php\/2018\/12\/20\/migrations-long-sea-eye-lance-un-nouveau-bateau-humanitaire-en-mediterranee\/#article\",\"isPartOf\":{\"@id\":\"https:\/\/guineediversite.com\/index.php\/2018\/12\/20\/migrations-long-sea-eye-lance-un-nouveau-bateau-humanitaire-en-mediterranee\/\"},\"author\":{\"name\":\"Bilguissa Diallo\",\"@id\":\"https:\/\/guineediversite.com\/#\/schema\/person\/0e0e3e424768a50d025ac2218ccca73f\"},\"headline\":\"Migrations: l&rsquo;ONG Sea-Eye lance un nouveau bateau humanitaire en M\u00e9diterran\u00e9e\",\"datePublished\":\"2018-12-20T12:34:26+00:00\",\"dateModified\":\"2018-12-20T12:34:26+00:00\",\"mainEntityOfPage\":{\"@id\":\"https:\/\/guineediversite.com\/index.php\/2018\/12\/20\/migrations-long-sea-eye-lance-un-nouveau-bateau-humanitaire-en-mediterranee\/\"},\"wordCount\":315,\"publisher\":{\"@id\":\"https:\/\/guineediversite.com\/#organization\"},\"image\":{\"@id\":\"https:\/\/guineediversite.com\/index.php\/2018\/12\/20\/migrations-long-sea-eye-lance-un-nouveau-bateau-humanitaire-en-mediterranee\/#primaryimage\"},\"thumbnailUrl\":\"https:\/\/guineediversite.com\/wp-content\/uploads\/2018\/12\/1af7e223-8909-4e7e-8e0a-fb6af45af003_0.jpg\",\"articleSection\":[\"International\"],\"inLanguage\":\"fr-FR\"},{\"@type\":\"WebPage\",\"@id\":\"https:\/\/guineediversite.com\/index.php\/2018\/12\/20\/migrations-long-sea-eye-lance-un-nouveau-bateau-humanitaire-en-mediterranee\/\",\"url\":\"https:\/\/guineediversite.com\/index.php\/2018\/12\/20\/migrations-long-sea-eye-lance-un-nouveau-bateau-humanitaire-en-mediterranee\/\",\"name\":\"Migrations: l'ONG Sea-Eye lance un nouveau bateau humanitaire en M\u00e9diterran\u00e9e | Guin\u00e9e Diversit\u00e9\",\"isPartOf\":{\"@id\":\"https:\/\/guineediversite.com\/#website\"},\"primaryImageOfPage\":{\"@id\":\"https:\/\/guineediversite.com\/index.php\/2018\/12\/20\/migrations-long-sea-eye-lance-un-nouveau-bateau-humanitaire-en-mediterranee\/#primaryimage\"},\"image\":{\"@id\":\"https:\/\/guineediversite.com\/index.php\/2018\/12\/20\/migrations-long-sea-eye-lance-un-nouveau-bateau-humanitaire-en-mediterranee\/#primaryimage\"},\"thumbnailUrl\":\"https:\/\/guineediversite.com\/wp-content\/uploads\/2018\/12\/1af7e223-8909-4e7e-8e0a-fb6af45af003_0.jpg\",\"datePublished\":\"2018-12-20T12:34:26+00:00\",\"dateModified\":\"2018-12-20T12:34:26+00:00\",\"breadcrumb\":{\"@id\":\"https:\/\/guineediversite.com\/index.php\/2018\/12\/20\/migrations-long-sea-eye-lance-un-nouveau-bateau-humanitaire-en-mediterranee\/#breadcrumb\"},\"inLanguage\":\"fr-FR\",\"potentialAction\":[{\"@type\":\"ReadAction\",\"target\":[\"https:\/\/guineediversite.com\/index.php\/2018\/12\/20\/migrations-long-sea-eye-lance-un-nouveau-bateau-humanitaire-en-mediterranee\/\"]}]},{\"@type\":\"ImageObject\",\"inLanguage\":\"fr-FR\",\"@id\":\"https:\/\/guineediversite.com\/index.php\/2018\/12\/20\/migrations-long-sea-eye-lance-un-nouveau-bateau-humanitaire-en-mediterranee\/#primaryimage\",\"url\":\"https:\/\/guineediversite.com\/wp-content\/uploads\/2018\/12\/1af7e223-8909-4e7e-8e0a-fb6af45af003_0.jpg\",\"contentUrl\":\"https:\/\/guineediversite.com\/wp-content\/uploads\/2018\/12\/1af7e223-8909-4e7e-8e0a-fb6af45af003_0.jpg\",\"width\":1023,\"height\":578},{\"@type\":\"BreadcrumbList\",\"@id\":\"https:\/\/guineediversite.com\/index.php\/2018\/12\/20\/migrations-long-sea-eye-lance-un-nouveau-bateau-humanitaire-en-mediterranee\/#breadcrumb\",\"itemListElement\":[{\"@type\":\"ListItem\",\"position\":1,\"name\":\"Accueil\",\"item\":\"https:\/\/guineediversite.com\/\"},{\"@type\":\"ListItem\",\"position\":2,\"name\":\"Migrations: l&rsquo;ONG Sea-Eye lance un nouveau bateau humanitaire en M\u00e9diterran\u00e9e\"}]},{\"@type\":\"WebSite\",\"@id\":\"https:\/\/guineediversite.com\/#website\",\"url\":\"https:\/\/guineediversite.com\/\",\"name\":\"Guin\u00e9e Diversit\u00e9\",\"description\":\"L&#039;Info dans toute sa diversit\u00e9\",\"publisher\":{\"@id\":\"https:\/\/guineediversite.com\/#organization\"},\"potentialAction\":[{\"@type\":\"SearchAction\",\"target\":{\"@type\":\"EntryPoint\",\"urlTemplate\":\"https:\/\/guineediversite.com\/?s={search_term_string}\"},\"query-input\":{\"@type\":\"PropertyValueSpecification\",\"valueRequired\":true,\"valueName\":\"search_term_string\"}}],\"inLanguage\":\"fr-FR\"},{\"@type\":\"Organization\",\"@id\":\"https:\/\/guineediversite.com\/#organization\",\"name\":\"Guin\u00e9e Diversit\u00e9\",\"url\":\"https:\/\/guineediversite.com\/\",\"logo\":{\"@type\":\"ImageObject\",\"inLanguage\":\"fr-FR\",\"@id\":\"https:\/\/guineediversite.com\/#\/schema\/logo\/image\/\",\"url\":\"https:\/\/guineediversite.com\/wp-content\/uploads\/2017\/04\/cropped-1jojlxEOMkX9Wyqfhe43D6kjPOGqBBKmx3EwWJqZ0cMrFF54yM49.png\",\"contentUrl\":\"https:\/\/guineediversite.com\/wp-content\/uploads\/2017\/04\/cropped-1jojlxEOMkX9Wyqfhe43D6kjPOGqBBKmx3EwWJqZ0cMrFF54yM49.png\",\"width\":186,\"height\":112,\"caption\":\"Guin\u00e9e Diversit\u00e9\"},\"image\":{\"@id\":\"https:\/\/guineediversite.com\/#\/schema\/logo\/image\/\"},\"sameAs\":[\"https:\/\/www.facebook.com\/guineediversite\/\",\"https:\/\/x.com\/GuineeDiversite\",\"https:\/\/www.youtube.com\/channel\/UC8sUY16qelG5ge6_D5SB83g\"]},{\"@type\":\"Person\",\"@id\":\"https:\/\/guineediversite.com\/#\/schema\/person\/0e0e3e424768a50d025ac2218ccca73f\",\"name\":\"Bilguissa Diallo\",\"image\":{\"@type\":\"ImageObject\",\"inLanguage\":\"fr-FR\",\"@id\":\"https:\/\/guineediversite.com\/#\/schema\/person\/image\/\",\"url\":\"https:\/\/secure.gravatar.com\/avatar\/49bbbd2420ee34d62b1b191791f4b5df?s=96&d=mm&r=g\",\"contentUrl\":\"https:\/\/secure.gravatar.com\/avatar\/49bbbd2420ee34d62b1b191791f4b5df?s=96&d=mm&r=g\",\"caption\":\"Bilguissa Diallo\"},\"url\":\"https:\/\/guineediversite.com\/index.php\/author\/bilguissa\/\"}]}<\/script>\n<!-- \/ Yoast SEO plugin. -->","yoast_head_json":{"title":"Migrations: l'ONG Sea-Eye lance un nouveau bateau humanitaire en M\u00e9diterran\u00e9e | Guin\u00e9e Diversit\u00e9","robots":{"index":"index","follow":"follow","max-snippet":"max-snippet:-1","max-image-preview":"max-image-preview:large","max-video-preview":"max-video-preview:-1"},"canonical":"https:\/\/guineediversite.com\/index.php\/2018\/12\/20\/migrations-long-sea-eye-lance-un-nouveau-bateau-humanitaire-en-mediterranee\/","og_locale":"fr_FR","og_type":"article","og_title":"Migrations: l'ONG Sea-Eye lance un nouveau bateau humanitaire en M\u00e9diterran\u00e9e | Guin\u00e9e Diversit\u00e9","og_description":"Un nouveau bateau humanitaire va naviguer \u00e0 partir de ce jeudi 20 d\u00e9cembre 2018 au large de la Libye, pour la premi\u00e8re fois sous pavillon allemand. Il a quitt\u00e9 ce jeudi le sud de l&rsquo;Espagne. Une initiative pilot\u00e9e par l&rsquo;ONG allemande Sea-Eye. Depuis l&rsquo;arr\u00eat des op\u00e9rations de sauvetage de l&rsquo;Aquarius le 7 d\u00e9cembre dernier, plus [&hellip;]","og_url":"https:\/\/guineediversite.com\/index.php\/2018\/12\/20\/migrations-long-sea-eye-lance-un-nouveau-bateau-humanitaire-en-mediterranee\/","og_site_name":"Guin\u00e9e Diversit\u00e9","article_publisher":"https:\/\/www.facebook.com\/guineediversite\/","article_published_time":"2018-12-20T12:34:26+00:00","og_image":[{"width":1023,"height":578,"url":"https:\/\/guineediversite.com\/wp-content\/uploads\/2018\/12\/1af7e223-8909-4e7e-8e0a-fb6af45af003_0.jpg","type":"image\/jpeg"}],"author":"Bilguissa Diallo","twitter_card":"summary_large_image","twitter_creator":"@GuineeDiversite","twitter_site":"@GuineeDiversite","twitter_misc":{"\u00c9crit par":"Bilguissa Diallo","Dur\u00e9e de lecture estim\u00e9e":"1 minute"},"schema":{"@context":"https:\/\/schema.org","@graph":[{"@type":"Article","@id":"https:\/\/guineediversite.com\/index.php\/2018\/12\/20\/migrations-long-sea-eye-lance-un-nouveau-bateau-humanitaire-en-mediterranee\/#article","isPartOf":{"@id":"https:\/\/guineediversite.com\/index.php\/2018\/12\/20\/migrations-long-sea-eye-lance-un-nouveau-bateau-humanitaire-en-mediterranee\/"},"author":{"name":"Bilguissa Diallo","@id":"https:\/\/guineediversite.com\/#\/schema\/person\/0e0e3e424768a50d025ac2218ccca73f"},"headline":"Migrations: l&rsquo;ONG Sea-Eye lance un nouveau bateau humanitaire en M\u00e9diterran\u00e9e","datePublished":"2018-12-20T12:34:26+00:00","dateModified":"2018-12-20T12:34:26+00:00","mainEntityOfPage":{"@id":"https:\/\/guineediversite.com\/index.php\/2018\/12\/20\/migrations-long-sea-eye-lance-un-nouveau-bateau-humanitaire-en-mediterranee\/"},"wordCount":315,"publisher":{"@id":"https:\/\/guineediversite.com\/#organization"},"image":{"@id":"https:\/\/guineediversite.com\/index.php\/2018\/12\/20\/migrations-long-sea-eye-lance-un-nouveau-bateau-humanitaire-en-mediterranee\/#primaryimage"},"thumbnailUrl":"https:\/\/guineediversite.com\/wp-content\/uploads\/2018\/12\/1af7e223-8909-4e7e-8e0a-fb6af45af003_0.jpg","articleSection":["International"],"inLanguage":"fr-FR"},{"@type":"WebPage","@id":"https:\/\/guineediversite.com\/index.php\/2018\/12\/20\/migrations-long-sea-eye-lance-un-nouveau-bateau-humanitaire-en-mediterranee\/","url":"https:\/\/guineediversite.com\/index.php\/2018\/12\/20\/migrations-long-sea-eye-lance-un-nouveau-bateau-humanitaire-en-mediterranee\/","name":"Migrations: l'ONG Sea-Eye lance un nouveau bateau humanitaire en M\u00e9diterran\u00e9e | Guin\u00e9e Diversit\u00e9","isPartOf":{"@id":"https:\/\/guineediversite.com\/#website"},"primaryImageOfPage":{"@id":"https:\/\/guineediversite.com\/index.php\/2018\/12\/20\/migrations-long-sea-eye-lance-un-nouveau-bateau-humanitaire-en-mediterranee\/#primaryimage"},"image":{"@id":"https:\/\/guineediversite.com\/index.php\/2018\/12\/20\/migrations-long-sea-eye-lance-un-nouveau-bateau-humanitaire-en-mediterranee\/#primaryimage"},"thumbnailUrl":"https:\/\/guineediversite.com\/wp-content\/uploads\/2018\/12\/1af7e223-8909-4e7e-8e0a-fb6af45af003_0.jpg","datePublished":"2018-12-20T12:34:26+00:00","dateModified":"2018-12-20T12:34:26+00:00","breadcrumb":{"@id":"https:\/\/guineediversite.com\/index.php\/2018\/12\/20\/migrations-long-sea-eye-lance-un-nouveau-bateau-humanitaire-en-mediterranee\/#breadcrumb"},"inLanguage":"fr-FR","potentialAction":[{"@type":"ReadAction","target":["https:\/\/guineediversite.com\/index.php\/2018\/12\/20\/migrations-long-sea-eye-lance-un-nouveau-bateau-humanitaire-en-mediterranee\/"]}]},{"@type":"ImageObject","inLanguage":"fr-FR","@id":"https:\/\/guineediversite.com\/index.php\/2018\/12\/20\/migrations-long-sea-eye-lance-un-nouveau-bateau-humanitaire-en-mediterranee\/#primaryimage","url":"https:\/\/guineediversite.com\/wp-content\/uploads\/2018\/12\/1af7e223-8909-4e7e-8e0a-fb6af45af003_0.jpg","contentUrl":"https:\/\/guineediversite.com\/wp-content\/uploads\/2018\/12\/1af7e223-8909-4e7e-8e0a-fb6af45af003_0.jpg","width":1023,"height":578},{"@type":"BreadcrumbList","@id":"https:\/\/guineediversite.com\/index.php\/2018\/12\/20\/migrations-long-sea-eye-lance-un-nouveau-bateau-humanitaire-en-mediterranee\/#breadcrumb","itemListElement":[{"@type":"ListItem","position":1,"name":"Accueil","item":"https:\/\/guineediversite.com\/"},{"@type":"ListItem","position":2,"name":"Migrations: l&rsquo;ONG Sea-Eye lance un nouveau bateau humanitaire en M\u00e9diterran\u00e9e"}]},{"@type":"WebSite","@id":"https:\/\/guineediversite.com\/#website","url":"https:\/\/guineediversite.com\/","name":"Guin\u00e9e Diversit\u00e9","description":"L&#039;Info dans toute sa diversit\u00e9","publisher":{"@id":"https:\/\/guineediversite.com\/#organization"},"potentialAction":[{"@type":"SearchAction","target":{"@type":"EntryPoint","urlTemplate":"https:\/\/guineediversite.com\/?s={search_term_string}"},"query-input":{"@type":"PropertyValueSpecification","valueRequired":true,"valueName":"search_term_string"}}],"inLanguage":"fr-FR"},{"@type":"Organization","@id":"https:\/\/guineediversite.com\/#organization","name":"Guin\u00e9e Diversit\u00e9","url":"https:\/\/guineediversite.com\/","logo":{"@type":"ImageObject","inLanguage":"fr-FR","@id":"https:\/\/guineediversite.com\/#\/schema\/logo\/image\/","url":"https:\/\/guineediversite.com\/wp-content\/uploads\/2017\/04\/cropped-1jojlxEOMkX9Wyqfhe43D6kjPOGqBBKmx3EwWJqZ0cMrFF54yM49.png","contentUrl":"https:\/\/guineediversite.com\/wp-content\/uploads\/2017\/04\/cropped-1jojlxEOMkX9Wyqfhe43D6kjPOGqBBKmx3EwWJqZ0cMrFF54yM49.png","width":186,"height":112,"caption":"Guin\u00e9e Diversit\u00e9"},"image":{"@id":"https:\/\/guineediversite.com\/#\/schema\/logo\/image\/"},"sameAs":["https:\/\/www.facebook.com\/guineediversite\/","https:\/\/x.com\/GuineeDiversite","https:\/\/www.youtube.com\/channel\/UC8sUY16qelG5ge6_D5SB83g"]},{"@type":"Person","@id":"https:\/\/guineediversite.com\/#\/schema\/person\/0e0e3e424768a50d025ac2218ccca73f","name":"Bilguissa Diallo","image":{"@type":"ImageObject","inLanguage":"fr-FR","@id":"https:\/\/guineediversite.com\/#\/schema\/person\/image\/","url":"https:\/\/secure.gravatar.com\/avatar\/49bbbd2420ee34d62b1b191791f4b5df?s=96&d=mm&r=g","contentUrl":"https:\/\/secure.gravatar.com\/avatar\/49bbbd2420ee34d62b1b191791f4b5df?s=96&d=mm&r=g","caption":"Bilguissa Diallo"},"url":"https:\/\/guineediversite.com\/index.php\/author\/bilguissa\/"}]}},"_links":{"self":[{"href":"https:\/\/guineediversite.com\/index.php\/wp-json\/wp\/v2\/posts\/27637"}],"collection":[{"href":"https:\/\/guineediversite.com\/index.php\/wp-json\/wp\/v2\/posts"}],"about":[{"href":"https:\/\/guineediversite.com\/index.php\/wp-json\/wp\/v2\/types\/post"}],"author":[{"embeddable":true,"href":"https:\/\/guineediversite.com\/index.php\/wp-json\/wp\/v2\/users\/7"}],"replies":[{"embeddable":true,"href":"https:\/\/guineediversite.com\/index.php\/wp-json\/wp\/v2\/comments?post=27637"}],"version-history":[{"count":0,"href":"https:\/\/guineediversite.com\/index.php\/wp-json\/wp\/v2\/posts\/27637\/revisions"}],"wp:featuredmedia":[{"embeddable":true,"href":"https:\/\/guineediversite.com\/index.php\/wp-json\/wp\/v2\/media\/27638"}],"wp:attachment":[{"href":"https:\/\/guineediversite.com\/index.php\/wp-json\/wp\/v2\/media?parent=27637"}],"wp:term":[{"taxonomy":"category","embeddable":true,"href":"https:\/\/guineediversite.com\/index.php\/wp-json\/wp\/v2\/categories?post=27637"},{"taxonomy":"post_tag","embeddable":true,"href":"https:\/\/guineediversite.com\/index.php\/wp-json\/wp\/v2\/tags?post=27637"}],"curies":[{"name":"wp","href":"https:\/\/api.w.org\/{rel}","templated":true}]}}