{"id":27628,"date":"2018-12-20T12:16:50","date_gmt":"2018-12-20T11:16:50","guid":{"rendered":"https:\/\/guineediversite.com\/?p=27628"},"modified":"2018-12-20T12:20:34","modified_gmt":"2018-12-20T11:20:34","slug":"bientot-la-premiere-edition-du-salon-international-de-lagriculture-de-la-peche-et-des-ressources-animales-de-guinee","status":"publish","type":"post","link":"https:\/\/guineediversite.com\/index.php\/2018\/12\/20\/bientot-la-premiere-edition-du-salon-international-de-lagriculture-de-la-peche-et-des-ressources-animales-de-guinee\/","title":{"rendered":"Bient\u00f4t la premi\u00e8re \u00e9dition du salon international de  l\u2019agriculture, de la p\u00eache et des ressources animales de Guin\u00e9e"},"content":{"rendered":"<p>Le centre international Guin\u00e9en des expositions (CIGEX) a proc\u00e9d\u00e9 ce mercredi, \u00e0 la pr\u00e9sentation de la premi\u00e8re \u00e9dition du salon international de l\u2019agriculture, de la p\u00eache et des ressources animales de Guin\u00e9e.<br \/>\nCe salon va se d\u00e9rouler du 12 au 16 juin 2019 prochain sous la th\u00e9matique \u00ab\u00a0la transformation de l\u2019agriculture de subsistance en agro-industries, enjeux et d\u00e9fis \u00ab\u00a0.<br \/>\nDe nos jours la Guin\u00e9e poss\u00e8de 6,2 millions d&rsquo;hectares cultivables avec seulement 25% exploit\u00e9 et moins de 10% cultiv\u00e9s annuellement selon l\u2019agence nationale des statistiques agricoles. Vu toutes ces potentialit\u00e9s, les organisateurs de ce salon entendent faire la promotion des secteurs porteurs de croissance \u00e9conomique.<\/p>\n<p>Malick Koli\u00e9 directeur g\u00e9n\u00e9ral du centre international Guin\u00e9en des expositions affirme\u00a0: \u00ab L\u2019id\u00e9e de mettre en place une plateforme d\u00e9di\u00e9e aux professionnelles du secteur agricole, vient du fait que nous avons pour c\u0153ur d\u2019activit\u00e9 la promotion du secteur \u00e9conomique. Donc tous les secteurs porteurs de croissance \u00e9conomique sont dans notre plan d\u2019action dont l\u2019agriculture. Donc c\u2019est pourquoi nous voulons mettre un accent particulier sur le secteur, afin de cr\u00e9er un march\u00e9 parall\u00e8le avec l\u2019international \u00bb.<br \/>\nCette premi\u00e8re \u00e9dition du SIAPRAG sera un espace de rencontres, d\u2019exposition, de mise en relation et de n\u00e9gociation. Mohamed Lamine Tour\u00e9 repr\u00e9sentant de madame la ministre de l&rsquo;agriculture, \u00e9voque les priorit\u00e9s de ce projet.<br \/>\n\u00ab La priorit\u00e9 c\u2019est surtout la valorisation, \u00e9chang\u00e9 avec les partenaires pour mieux valoriser et pr\u00e9senter nos produits et surtout pour la transformation de nos produits. Nous avons besoin des unit\u00e9s de conservation, nous avons besoin des unit\u00e9s de transformation. Nous avons encore besoin des exp\u00e9riences sur l\u2019emballage et tous qu\u2019il y a comme production\u00bb, a-t-il indiqu\u00e9.<br \/>\nSur la m\u00eame perspective, Anne Djenaba Keita, directrice g\u00e9n\u00e9rale par int\u00e9rim de l\u2019agence de promotion des investissements priv\u00e9s, l\u2019organisation de ce salon est une opportunit\u00e9 pour des investisseurs.<br \/>\n\u00ab\u2026le secteur agricole \u00e9tant le secteur porteur de croissance, porteur de cr\u00e9ation d\u2019entreprise, de cr\u00e9ation de richesse est un secteur qui doit \u00eatre accompagn\u00e9 afin de pouvoir le rendre commercial \u00bb, a-t-elle martel\u00e9.<br \/>\nA signaler que, l\u2019enjeu majeur de ce projet est de cr\u00e9er des opportunit\u00e9s de partenariat pour accro\u00eetre la production vivri\u00e8re et dynamiser les revenus des cultures et d\u2019exposition.<\/p>\n","protected":false},"excerpt":{"rendered":"<p>Le centre international Guin\u00e9en des expositions (CIGEX) a proc\u00e9d\u00e9 ce mercredi, \u00e0 la pr\u00e9sentation de la premi\u00e8re \u00e9dition du salon international de l\u2019agriculture, de la p\u00eache et des ressources animales de Guin\u00e9e. Ce salon va se d\u00e9rouler du 12 au 16 juin 2019 prochain sous la th\u00e9matique \u00ab\u00a0la transformation de l\u2019agriculture de subsistance en agro-industries, [&hellip;]<\/p>\n","protected":false},"author":12,"featured_media":27631,"comment_status":"closed","ping_status":"closed","sticky":false,"template":"","format":"standard","meta":{"_exactmetrics_skip_tracking":false,"_exactmetrics_sitenote_active":false,"_exactmetrics_sitenote_note":"","_exactmetrics_sitenote_category":0,"tdm_status":"","tdm_grid_status":"","footnotes":""},"categories":[15,1],"tags":[],"class_list":{"0":"post-27628","1":"post","2":"type-post","3":"status-publish","4":"format-standard","5":"has-post-thumbnail","7":"category-economie","8":"category-non-classe"},"yoast_head":"<!-- This site is optimized with the Yoast SEO plugin v24.2 - https:\/\/yoast.com\/wordpress\/plugins\/seo\/ -->\n<title>Bient\u00f4t la premi\u00e8re \u00e9dition du salon international de l\u2019agriculture, de la p\u00eache et des ressources animales de Guin\u00e9e | Guin\u00e9e Diversit\u00e9<\/title>\n<meta name=\"robots\" content=\"index, follow, max-snippet:-1, max-image-preview:large, max-video-preview:-1\" \/>\n<link rel=\"canonical\" href=\"https:\/\/guineediversite.com\/index.php\/2018\/12\/20\/bientot-la-premiere-edition-du-salon-international-de-lagriculture-de-la-peche-et-des-ressources-animales-de-guinee\/\" \/>\n<meta property=\"og:locale\" content=\"fr_FR\" \/>\n<meta property=\"og:type\" content=\"article\" \/>\n<meta property=\"og:title\" content=\"Bient\u00f4t la premi\u00e8re \u00e9dition du salon international de l\u2019agriculture, de la p\u00eache et des ressources animales de Guin\u00e9e | Guin\u00e9e Diversit\u00e9\" \/>\n<meta property=\"og:description\" content=\"Le centre international Guin\u00e9en des expositions (CIGEX) a proc\u00e9d\u00e9 ce mercredi, \u00e0 la pr\u00e9sentation de la premi\u00e8re \u00e9dition du salon international de l\u2019agriculture, de la p\u00eache et des ressources animales de Guin\u00e9e. Ce salon va se d\u00e9rouler du 12 au 16 juin 2019 prochain sous la th\u00e9matique \u00ab\u00a0la transformation de l\u2019agriculture de subsistance en agro-industries, [&hellip;]\" \/>\n<meta property=\"og:url\" content=\"https:\/\/guineediversite.com\/index.php\/2018\/12\/20\/bientot-la-premiere-edition-du-salon-international-de-lagriculture-de-la-peche-et-des-ressources-animales-de-guinee\/\" \/>\n<meta property=\"og:site_name\" content=\"Guin\u00e9e Diversit\u00e9\" \/>\n<meta property=\"article:publisher\" content=\"https:\/\/www.facebook.com\/guineediversite\/\" \/>\n<meta property=\"article:published_time\" content=\"2018-12-20T11:16:50+00:00\" \/>\n<meta property=\"article:modified_time\" content=\"2018-12-20T11:20:34+00:00\" \/>\n<meta property=\"og:image\" content=\"https:\/\/guineediversite.com\/wp-content\/uploads\/2018\/12\/48420623_227659701482014_6457238619479343104_n.jpg\" \/>\n\t<meta property=\"og:image:width\" content=\"1030\" \/>\n\t<meta property=\"og:image:height\" content=\"1373\" \/>\n\t<meta property=\"og:image:type\" content=\"image\/jpeg\" \/>\n<meta name=\"author\" content=\"Guin\u00e9e Diversit\u00e9\" \/>\n<meta name=\"twitter:card\" content=\"summary_large_image\" \/>\n<meta name=\"twitter:creator\" content=\"@GuineeDiversite\" \/>\n<meta name=\"twitter:site\" content=\"@GuineeDiversite\" \/>\n<meta name=\"twitter:label1\" content=\"\u00c9crit par\" \/>\n\t<meta name=\"twitter:data1\" content=\"Guin\u00e9e Diversit\u00e9\" \/>\n\t<meta name=\"twitter:label2\" content=\"Dur\u00e9e de lecture estim\u00e9e\" \/>\n\t<meta name=\"twitter:data2\" content=\"2 minutes\" \/>\n<script type=\"application\/ld+json\" class=\"yoast-schema-graph\">{\"@context\":\"https:\/\/schema.org\",\"@graph\":[{\"@type\":\"Article\",\"@id\":\"https:\/\/guineediversite.com\/index.php\/2018\/12\/20\/bientot-la-premiere-edition-du-salon-international-de-lagriculture-de-la-peche-et-des-ressources-animales-de-guinee\/#article\",\"isPartOf\":{\"@id\":\"https:\/\/guineediversite.com\/index.php\/2018\/12\/20\/bientot-la-premiere-edition-du-salon-international-de-lagriculture-de-la-peche-et-des-ressources-animales-de-guinee\/\"},\"author\":{\"name\":\"Guin\u00e9e Diversit\u00e9\",\"@id\":\"https:\/\/guineediversite.com\/#\/schema\/person\/afa08fb34e7fc6e1feafc892612bc836\"},\"headline\":\"Bient\u00f4t la premi\u00e8re \u00e9dition du salon international de l\u2019agriculture, de la p\u00eache et des ressources animales de Guin\u00e9e\",\"datePublished\":\"2018-12-20T11:16:50+00:00\",\"dateModified\":\"2018-12-20T11:20:34+00:00\",\"mainEntityOfPage\":{\"@id\":\"https:\/\/guineediversite.com\/index.php\/2018\/12\/20\/bientot-la-premiere-edition-du-salon-international-de-lagriculture-de-la-peche-et-des-ressources-animales-de-guinee\/\"},\"wordCount\":431,\"publisher\":{\"@id\":\"https:\/\/guineediversite.com\/#organization\"},\"image\":{\"@id\":\"https:\/\/guineediversite.com\/index.php\/2018\/12\/20\/bientot-la-premiere-edition-du-salon-international-de-lagriculture-de-la-peche-et-des-ressources-animales-de-guinee\/#primaryimage\"},\"thumbnailUrl\":\"https:\/\/guineediversite.com\/wp-content\/uploads\/2018\/12\/48420623_227659701482014_6457238619479343104_n.jpg\",\"articleSection\":[\"Economie\"],\"inLanguage\":\"fr-FR\"},{\"@type\":\"WebPage\",\"@id\":\"https:\/\/guineediversite.com\/index.php\/2018\/12\/20\/bientot-la-premiere-edition-du-salon-international-de-lagriculture-de-la-peche-et-des-ressources-animales-de-guinee\/\",\"url\":\"https:\/\/guineediversite.com\/index.php\/2018\/12\/20\/bientot-la-premiere-edition-du-salon-international-de-lagriculture-de-la-peche-et-des-ressources-animales-de-guinee\/\",\"name\":\"Bient\u00f4t la premi\u00e8re \u00e9dition du salon international de l\u2019agriculture, de la p\u00eache et des ressources animales de Guin\u00e9e | Guin\u00e9e Diversit\u00e9\",\"isPartOf\":{\"@id\":\"https:\/\/guineediversite.com\/#website\"},\"primaryImageOfPage\":{\"@id\":\"https:\/\/guineediversite.com\/index.php\/2018\/12\/20\/bientot-la-premiere-edition-du-salon-international-de-lagriculture-de-la-peche-et-des-ressources-animales-de-guinee\/#primaryimage\"},\"image\":{\"@id\":\"https:\/\/guineediversite.com\/index.php\/2018\/12\/20\/bientot-la-premiere-edition-du-salon-international-de-lagriculture-de-la-peche-et-des-ressources-animales-de-guinee\/#primaryimage\"},\"thumbnailUrl\":\"https:\/\/guineediversite.com\/wp-content\/uploads\/2018\/12\/48420623_227659701482014_6457238619479343104_n.jpg\",\"datePublished\":\"2018-12-20T11:16:50+00:00\",\"dateModified\":\"2018-12-20T11:20:34+00:00\",\"breadcrumb\":{\"@id\":\"https:\/\/guineediversite.com\/index.php\/2018\/12\/20\/bientot-la-premiere-edition-du-salon-international-de-lagriculture-de-la-peche-et-des-ressources-animales-de-guinee\/#breadcrumb\"},\"inLanguage\":\"fr-FR\",\"potentialAction\":[{\"@type\":\"ReadAction\",\"target\":[\"https:\/\/guineediversite.com\/index.php\/2018\/12\/20\/bientot-la-premiere-edition-du-salon-international-de-lagriculture-de-la-peche-et-des-ressources-animales-de-guinee\/\"]}]},{\"@type\":\"ImageObject\",\"inLanguage\":\"fr-FR\",\"@id\":\"https:\/\/guineediversite.com\/index.php\/2018\/12\/20\/bientot-la-premiere-edition-du-salon-international-de-lagriculture-de-la-peche-et-des-ressources-animales-de-guinee\/#primaryimage\",\"url\":\"https:\/\/guineediversite.com\/wp-content\/uploads\/2018\/12\/48420623_227659701482014_6457238619479343104_n.jpg\",\"contentUrl\":\"https:\/\/guineediversite.com\/wp-content\/uploads\/2018\/12\/48420623_227659701482014_6457238619479343104_n.jpg\",\"width\":1030,\"height\":1373},{\"@type\":\"BreadcrumbList\",\"@id\":\"https:\/\/guineediversite.com\/index.php\/2018\/12\/20\/bientot-la-premiere-edition-du-salon-international-de-lagriculture-de-la-peche-et-des-ressources-animales-de-guinee\/#breadcrumb\",\"itemListElement\":[{\"@type\":\"ListItem\",\"position\":1,\"name\":\"Accueil\",\"item\":\"https:\/\/guineediversite.com\/\"},{\"@type\":\"ListItem\",\"position\":2,\"name\":\"Bient\u00f4t la premi\u00e8re \u00e9dition du salon international de l\u2019agriculture, de la p\u00eache et des ressources animales de Guin\u00e9e\"}]},{\"@type\":\"WebSite\",\"@id\":\"https:\/\/guineediversite.com\/#website\",\"url\":\"https:\/\/guineediversite.com\/\",\"name\":\"Guin\u00e9e Diversit\u00e9\",\"description\":\"L&#039;Info dans toute sa diversit\u00e9\",\"publisher\":{\"@id\":\"https:\/\/guineediversite.com\/#organization\"},\"potentialAction\":[{\"@type\":\"SearchAction\",\"target\":{\"@type\":\"EntryPoint\",\"urlTemplate\":\"https:\/\/guineediversite.com\/?s={search_term_string}\"},\"query-input\":{\"@type\":\"PropertyValueSpecification\",\"valueRequired\":true,\"valueName\":\"search_term_string\"}}],\"inLanguage\":\"fr-FR\"},{\"@type\":\"Organization\",\"@id\":\"https:\/\/guineediversite.com\/#organization\",\"name\":\"Guin\u00e9e Diversit\u00e9\",\"url\":\"https:\/\/guineediversite.com\/\",\"logo\":{\"@type\":\"ImageObject\",\"inLanguage\":\"fr-FR\",\"@id\":\"https:\/\/guineediversite.com\/#\/schema\/logo\/image\/\",\"url\":\"https:\/\/guineediversite.com\/wp-content\/uploads\/2017\/04\/cropped-1jojlxEOMkX9Wyqfhe43D6kjPOGqBBKmx3EwWJqZ0cMrFF54yM49.png\",\"contentUrl\":\"https:\/\/guineediversite.com\/wp-content\/uploads\/2017\/04\/cropped-1jojlxEOMkX9Wyqfhe43D6kjPOGqBBKmx3EwWJqZ0cMrFF54yM49.png\",\"width\":186,\"height\":112,\"caption\":\"Guin\u00e9e Diversit\u00e9\"},\"image\":{\"@id\":\"https:\/\/guineediversite.com\/#\/schema\/logo\/image\/\"},\"sameAs\":[\"https:\/\/www.facebook.com\/guineediversite\/\",\"https:\/\/x.com\/GuineeDiversite\",\"https:\/\/www.youtube.com\/channel\/UC8sUY16qelG5ge6_D5SB83g\"]},{\"@type\":\"Person\",\"@id\":\"https:\/\/guineediversite.com\/#\/schema\/person\/afa08fb34e7fc6e1feafc892612bc836\",\"name\":\"Guin\u00e9e Diversit\u00e9\",\"image\":{\"@type\":\"ImageObject\",\"inLanguage\":\"fr-FR\",\"@id\":\"https:\/\/guineediversite.com\/#\/schema\/person\/image\/\",\"url\":\"https:\/\/secure.gravatar.com\/avatar\/50d5eb5b390f8b65ac30ac6f898eb83a?s=96&d=mm&r=g\",\"contentUrl\":\"https:\/\/secure.gravatar.com\/avatar\/50d5eb5b390f8b65ac30ac6f898eb83a?s=96&d=mm&r=g\",\"caption\":\"Guin\u00e9e Diversit\u00e9\"},\"url\":\"https:\/\/guineediversite.com\/index.php\/author\/guineediversite\/\"}]}<\/script>\n<!-- \/ Yoast SEO plugin. -->","yoast_head_json":{"title":"Bient\u00f4t la premi\u00e8re \u00e9dition du salon international de l\u2019agriculture, de la p\u00eache et des ressources animales de Guin\u00e9e | Guin\u00e9e Diversit\u00e9","robots":{"index":"index","follow":"follow","max-snippet":"max-snippet:-1","max-image-preview":"max-image-preview:large","max-video-preview":"max-video-preview:-1"},"canonical":"https:\/\/guineediversite.com\/index.php\/2018\/12\/20\/bientot-la-premiere-edition-du-salon-international-de-lagriculture-de-la-peche-et-des-ressources-animales-de-guinee\/","og_locale":"fr_FR","og_type":"article","og_title":"Bient\u00f4t la premi\u00e8re \u00e9dition du salon international de l\u2019agriculture, de la p\u00eache et des ressources animales de Guin\u00e9e | Guin\u00e9e Diversit\u00e9","og_description":"Le centre international Guin\u00e9en des expositions (CIGEX) a proc\u00e9d\u00e9 ce mercredi, \u00e0 la pr\u00e9sentation de la premi\u00e8re \u00e9dition du salon international de l\u2019agriculture, de la p\u00eache et des ressources animales de Guin\u00e9e. Ce salon va se d\u00e9rouler du 12 au 16 juin 2019 prochain sous la th\u00e9matique \u00ab\u00a0la transformation de l\u2019agriculture de subsistance en agro-industries, [&hellip;]","og_url":"https:\/\/guineediversite.com\/index.php\/2018\/12\/20\/bientot-la-premiere-edition-du-salon-international-de-lagriculture-de-la-peche-et-des-ressources-animales-de-guinee\/","og_site_name":"Guin\u00e9e Diversit\u00e9","article_publisher":"https:\/\/www.facebook.com\/guineediversite\/","article_published_time":"2018-12-20T11:16:50+00:00","article_modified_time":"2018-12-20T11:20:34+00:00","og_image":[{"width":1030,"height":1373,"url":"https:\/\/guineediversite.com\/wp-content\/uploads\/2018\/12\/48420623_227659701482014_6457238619479343104_n.jpg","type":"image\/jpeg"}],"author":"Guin\u00e9e Diversit\u00e9","twitter_card":"summary_large_image","twitter_creator":"@GuineeDiversite","twitter_site":"@GuineeDiversite","twitter_misc":{"\u00c9crit par":"Guin\u00e9e Diversit\u00e9","Dur\u00e9e de lecture estim\u00e9e":"2 minutes"},"schema":{"@context":"https:\/\/schema.org","@graph":[{"@type":"Article","@id":"https:\/\/guineediversite.com\/index.php\/2018\/12\/20\/bientot-la-premiere-edition-du-salon-international-de-lagriculture-de-la-peche-et-des-ressources-animales-de-guinee\/#article","isPartOf":{"@id":"https:\/\/guineediversite.com\/index.php\/2018\/12\/20\/bientot-la-premiere-edition-du-salon-international-de-lagriculture-de-la-peche-et-des-ressources-animales-de-guinee\/"},"author":{"name":"Guin\u00e9e Diversit\u00e9","@id":"https:\/\/guineediversite.com\/#\/schema\/person\/afa08fb34e7fc6e1feafc892612bc836"},"headline":"Bient\u00f4t la premi\u00e8re \u00e9dition du salon international de l\u2019agriculture, de la p\u00eache et des ressources animales de Guin\u00e9e","datePublished":"2018-12-20T11:16:50+00:00","dateModified":"2018-12-20T11:20:34+00:00","mainEntityOfPage":{"@id":"https:\/\/guineediversite.com\/index.php\/2018\/12\/20\/bientot-la-premiere-edition-du-salon-international-de-lagriculture-de-la-peche-et-des-ressources-animales-de-guinee\/"},"wordCount":431,"publisher":{"@id":"https:\/\/guineediversite.com\/#organization"},"image":{"@id":"https:\/\/guineediversite.com\/index.php\/2018\/12\/20\/bientot-la-premiere-edition-du-salon-international-de-lagriculture-de-la-peche-et-des-ressources-animales-de-guinee\/#primaryimage"},"thumbnailUrl":"https:\/\/guineediversite.com\/wp-content\/uploads\/2018\/12\/48420623_227659701482014_6457238619479343104_n.jpg","articleSection":["Economie"],"inLanguage":"fr-FR"},{"@type":"WebPage","@id":"https:\/\/guineediversite.com\/index.php\/2018\/12\/20\/bientot-la-premiere-edition-du-salon-international-de-lagriculture-de-la-peche-et-des-ressources-animales-de-guinee\/","url":"https:\/\/guineediversite.com\/index.php\/2018\/12\/20\/bientot-la-premiere-edition-du-salon-international-de-lagriculture-de-la-peche-et-des-ressources-animales-de-guinee\/","name":"Bient\u00f4t la premi\u00e8re \u00e9dition du salon international de l\u2019agriculture, de la p\u00eache et des ressources animales de Guin\u00e9e | Guin\u00e9e Diversit\u00e9","isPartOf":{"@id":"https:\/\/guineediversite.com\/#website"},"primaryImageOfPage":{"@id":"https:\/\/guineediversite.com\/index.php\/2018\/12\/20\/bientot-la-premiere-edition-du-salon-international-de-lagriculture-de-la-peche-et-des-ressources-animales-de-guinee\/#primaryimage"},"image":{"@id":"https:\/\/guineediversite.com\/index.php\/2018\/12\/20\/bientot-la-premiere-edition-du-salon-international-de-lagriculture-de-la-peche-et-des-ressources-animales-de-guinee\/#primaryimage"},"thumbnailUrl":"https:\/\/guineediversite.com\/wp-content\/uploads\/2018\/12\/48420623_227659701482014_6457238619479343104_n.jpg","datePublished":"2018-12-20T11:16:50+00:00","dateModified":"2018-12-20T11:20:34+00:00","breadcrumb":{"@id":"https:\/\/guineediversite.com\/index.php\/2018\/12\/20\/bientot-la-premiere-edition-du-salon-international-de-lagriculture-de-la-peche-et-des-ressources-animales-de-guinee\/#breadcrumb"},"inLanguage":"fr-FR","potentialAction":[{"@type":"ReadAction","target":["https:\/\/guineediversite.com\/index.php\/2018\/12\/20\/bientot-la-premiere-edition-du-salon-international-de-lagriculture-de-la-peche-et-des-ressources-animales-de-guinee\/"]}]},{"@type":"ImageObject","inLanguage":"fr-FR","@id":"https:\/\/guineediversite.com\/index.php\/2018\/12\/20\/bientot-la-premiere-edition-du-salon-international-de-lagriculture-de-la-peche-et-des-ressources-animales-de-guinee\/#primaryimage","url":"https:\/\/guineediversite.com\/wp-content\/uploads\/2018\/12\/48420623_227659701482014_6457238619479343104_n.jpg","contentUrl":"https:\/\/guineediversite.com\/wp-content\/uploads\/2018\/12\/48420623_227659701482014_6457238619479343104_n.jpg","width":1030,"height":1373},{"@type":"BreadcrumbList","@id":"https:\/\/guineediversite.com\/index.php\/2018\/12\/20\/bientot-la-premiere-edition-du-salon-international-de-lagriculture-de-la-peche-et-des-ressources-animales-de-guinee\/#breadcrumb","itemListElement":[{"@type":"ListItem","position":1,"name":"Accueil","item":"https:\/\/guineediversite.com\/"},{"@type":"ListItem","position":2,"name":"Bient\u00f4t la premi\u00e8re \u00e9dition du salon international de l\u2019agriculture, de la p\u00eache et des ressources animales de Guin\u00e9e"}]},{"@type":"WebSite","@id":"https:\/\/guineediversite.com\/#website","url":"https:\/\/guineediversite.com\/","name":"Guin\u00e9e Diversit\u00e9","description":"L&#039;Info dans toute sa diversit\u00e9","publisher":{"@id":"https:\/\/guineediversite.com\/#organization"},"potentialAction":[{"@type":"SearchAction","target":{"@type":"EntryPoint","urlTemplate":"https:\/\/guineediversite.com\/?s={search_term_string}"},"query-input":{"@type":"PropertyValueSpecification","valueRequired":true,"valueName":"search_term_string"}}],"inLanguage":"fr-FR"},{"@type":"Organization","@id":"https:\/\/guineediversite.com\/#organization","name":"Guin\u00e9e Diversit\u00e9","url":"https:\/\/guineediversite.com\/","logo":{"@type":"ImageObject","inLanguage":"fr-FR","@id":"https:\/\/guineediversite.com\/#\/schema\/logo\/image\/","url":"https:\/\/guineediversite.com\/wp-content\/uploads\/2017\/04\/cropped-1jojlxEOMkX9Wyqfhe43D6kjPOGqBBKmx3EwWJqZ0cMrFF54yM49.png","contentUrl":"https:\/\/guineediversite.com\/wp-content\/uploads\/2017\/04\/cropped-1jojlxEOMkX9Wyqfhe43D6kjPOGqBBKmx3EwWJqZ0cMrFF54yM49.png","width":186,"height":112,"caption":"Guin\u00e9e Diversit\u00e9"},"image":{"@id":"https:\/\/guineediversite.com\/#\/schema\/logo\/image\/"},"sameAs":["https:\/\/www.facebook.com\/guineediversite\/","https:\/\/x.com\/GuineeDiversite","https:\/\/www.youtube.com\/channel\/UC8sUY16qelG5ge6_D5SB83g"]},{"@type":"Person","@id":"https:\/\/guineediversite.com\/#\/schema\/person\/afa08fb34e7fc6e1feafc892612bc836","name":"Guin\u00e9e Diversit\u00e9","image":{"@type":"ImageObject","inLanguage":"fr-FR","@id":"https:\/\/guineediversite.com\/#\/schema\/person\/image\/","url":"https:\/\/secure.gravatar.com\/avatar\/50d5eb5b390f8b65ac30ac6f898eb83a?s=96&d=mm&r=g","contentUrl":"https:\/\/secure.gravatar.com\/avatar\/50d5eb5b390f8b65ac30ac6f898eb83a?s=96&d=mm&r=g","caption":"Guin\u00e9e Diversit\u00e9"},"url":"https:\/\/guineediversite.com\/index.php\/author\/guineediversite\/"}]}},"_links":{"self":[{"href":"https:\/\/guineediversite.com\/index.php\/wp-json\/wp\/v2\/posts\/27628"}],"collection":[{"href":"https:\/\/guineediversite.com\/index.php\/wp-json\/wp\/v2\/posts"}],"about":[{"href":"https:\/\/guineediversite.com\/index.php\/wp-json\/wp\/v2\/types\/post"}],"author":[{"embeddable":true,"href":"https:\/\/guineediversite.com\/index.php\/wp-json\/wp\/v2\/users\/12"}],"replies":[{"embeddable":true,"href":"https:\/\/guineediversite.com\/index.php\/wp-json\/wp\/v2\/comments?post=27628"}],"version-history":[{"count":0,"href":"https:\/\/guineediversite.com\/index.php\/wp-json\/wp\/v2\/posts\/27628\/revisions"}],"wp:featuredmedia":[{"embeddable":true,"href":"https:\/\/guineediversite.com\/index.php\/wp-json\/wp\/v2\/media\/27631"}],"wp:attachment":[{"href":"https:\/\/guineediversite.com\/index.php\/wp-json\/wp\/v2\/media?parent=27628"}],"wp:term":[{"taxonomy":"category","embeddable":true,"href":"https:\/\/guineediversite.com\/index.php\/wp-json\/wp\/v2\/categories?post=27628"},{"taxonomy":"post_tag","embeddable":true,"href":"https:\/\/guineediversite.com\/index.php\/wp-json\/wp\/v2\/tags?post=27628"}],"curies":[{"name":"wp","href":"https:\/\/api.w.org\/{rel}","templated":true}]}}