{"id":27625,"date":"2018-12-19T17:35:42","date_gmt":"2018-12-19T16:35:42","guid":{"rendered":"https:\/\/guineediversite.com\/?p=27625"},"modified":"2018-12-19T17:35:42","modified_gmt":"2018-12-19T16:35:42","slug":"lhumanite-celebre-la-journee-des-migrants","status":"publish","type":"post","link":"https:\/\/guineediversite.com\/index.php\/2018\/12\/19\/lhumanite-celebre-la-journee-des-migrants\/","title":{"rendered":"L\u2019humanit\u00e9 c\u00e9l\u00e8bre la journ\u00e9e des migrants"},"content":{"rendered":"<p><strong>Ce mardi 18 d\u00e9cembre la journ\u00e9e internationale des migrants a \u00e9t\u00e9 c\u00e9l\u00e9br\u00e9 un peu partout dans le monde. Elle a \u00e9t\u00e9 f\u00eat\u00e9e sous le th\u00e8me : \u2018\u2019la migration s\u00fbr dans un monde qui bouge avec dignit\u00e9\u2019\u2019. La c\u00e9r\u00e9monie organis\u00e9e par l\u2019organisation internationale des migrants s\u2019est tenu au centre culturel franco-guin\u00e9en. <\/strong><\/p>\n<p>Au cours de ces derni\u00e8res ann\u00e9es, l\u2019immigration irr\u00e9guli\u00e8re a endeuill\u00e9 des milliers de familles sur le continent africain. George Kijerbo, le coordinateur r\u00e9sidant par int\u00e9rim du syst\u00e8me des Nations unies en Guin\u00e9e, a rappel\u00e9 dans le message du secr\u00e9taire g\u00e9n\u00e9ral de l\u2019ONU que la migration irr\u00e9guli\u00e8re a des impacts positifs, mais aussi n\u00e9gatifs. \u00ab <em>L\u2019immigration favorise la croissance \u00e9conomique, le dynamisme de la soci\u00e9t\u00e9 et la tol\u00e9rance. Elle offre une chance \u00e0 des millions de personnes en qu\u00eate d\u2019une vie meilleure et profite aussi bien aux communaut\u00e9s d\u2019origine qu\u2019\u00e0 celle de destination. Mais quand elles ne sont pas suffisamment r\u00e9glement\u00e9es la migration risque de renforcer les divisions au sein des soci\u00e9t\u00e9s <\/em>\u00bb.<\/p>\n<p>Selon le ministre des affaires \u00e9trang\u00e8res, en 2017, 11.800 Guin\u00e9ens ont \u00e9t\u00e9 retourn\u00e9s. Cette ann\u00e9e, le gouvernement avec l\u2019appui de L\u2019OIM a enregistr\u00e9 le retour de 7.104.<\/p>\n<p>Mamadi Tour\u00e9 \u00e9voque certaines causes de l\u2019immigration clandestine, <em>\u00ab la R\u00e9publique de Guin\u00e9e figure parmi les pays confront\u00e9s au d\u00e9part massif de jeune homme et femme pour l\u2019immigration clandestine dont les causes r\u00e9sid\u00e9es principalement dans les probl\u00e8mes li\u00e9s \u00e0 la s\u00e9curit\u00e9 humaine. Le programme d\u2019appui \u00e0 la gouvernance des migrations inclut non seulement la protection et la gestion des fronti\u00e8res mais aussi la r\u00e9insertion socio-\u00e9conomique des migrants retourn\u00e9s, ainsi que la promotion du d\u00e9veloppement a la base<\/em> \u00bb, a-t-il soulign\u00e9.<\/p>\n<p>Mamadou Diallo, porte-parole des migrants retourn\u00e9s, estime que la m\u00e9saventure est loin d\u2019\u00eatre oubli\u00e9. \u00ab <em>Nous sommes des centaines de jeunes \u00e0 avoir pris le chemin de la mer M\u00e9diterran\u00e9en pour des diverses raisons. Dans cette aventure, nous avons connu tant de m\u00e9saventure. Nous avons connu des prisons, nous avons \u00e9t\u00e9 tortur\u00e9s, bastonn\u00e9s, nous avons endur\u00e9 tout. Nous avons m\u00eame \u00e9t\u00e9 trait\u00e9s d\u2019esclaves. Notre mission aujourd\u2019hui est de conseiller et de sensibiliser les autres jeunes \u00e0 ne pas faire comme nous<\/em> \u00bb, explique-t-il.<\/p>\n<p>Apr\u00e8s l\u2019adoption du pacte mondial pour des migrations s\u00fbres, ordonn\u00e9e et r\u00e9guli\u00e8re, l\u2019autorit\u00e9 guin\u00e9enne entend poursuivre ses efforts en vue de cr\u00e9er les meilleures conditions avec les partenaires sur les questions migratoires.<\/p>\n","protected":false},"excerpt":{"rendered":"<p>Ce mardi 18 d\u00e9cembre la journ\u00e9e internationale des migrants a \u00e9t\u00e9 c\u00e9l\u00e9br\u00e9 un peu partout dans le monde. Elle a \u00e9t\u00e9 f\u00eat\u00e9e sous le th\u00e8me : \u2018\u2019la migration s\u00fbr dans un monde qui bouge avec dignit\u00e9\u2019\u2019. La c\u00e9r\u00e9monie organis\u00e9e par l\u2019organisation internationale des migrants s\u2019est tenu au centre culturel franco-guin\u00e9en. Au cours de ces derni\u00e8res [&hellip;]<\/p>\n","protected":false},"author":10,"featured_media":27626,"comment_status":"closed","ping_status":"closed","sticky":false,"template":"","format":"standard","meta":{"_exactmetrics_skip_tracking":false,"_exactmetrics_sitenote_active":false,"_exactmetrics_sitenote_note":"","_exactmetrics_sitenote_category":0,"tdm_status":"","tdm_grid_status":"","footnotes":""},"categories":[16],"tags":[],"class_list":{"0":"post-27625","1":"post","2":"type-post","3":"status-publish","4":"format-standard","5":"has-post-thumbnail","7":"category-societe"},"yoast_head":"<!-- This site is optimized with the Yoast SEO plugin v24.2 - https:\/\/yoast.com\/wordpress\/plugins\/seo\/ -->\n<title>L\u2019humanit\u00e9 c\u00e9l\u00e8bre la journ\u00e9e des migrants | Guin\u00e9e Diversit\u00e9<\/title>\n<meta name=\"robots\" content=\"index, follow, max-snippet:-1, max-image-preview:large, max-video-preview:-1\" \/>\n<link rel=\"canonical\" href=\"https:\/\/guineediversite.com\/index.php\/2018\/12\/19\/lhumanite-celebre-la-journee-des-migrants\/\" \/>\n<meta property=\"og:locale\" content=\"fr_FR\" \/>\n<meta property=\"og:type\" content=\"article\" \/>\n<meta property=\"og:title\" content=\"L\u2019humanit\u00e9 c\u00e9l\u00e8bre la journ\u00e9e des migrants | Guin\u00e9e Diversit\u00e9\" \/>\n<meta property=\"og:description\" content=\"Ce mardi 18 d\u00e9cembre la journ\u00e9e internationale des migrants a \u00e9t\u00e9 c\u00e9l\u00e9br\u00e9 un peu partout dans le monde. Elle a \u00e9t\u00e9 f\u00eat\u00e9e sous le th\u00e8me : \u2018\u2019la migration s\u00fbr dans un monde qui bouge avec dignit\u00e9\u2019\u2019. La c\u00e9r\u00e9monie organis\u00e9e par l\u2019organisation internationale des migrants s\u2019est tenu au centre culturel franco-guin\u00e9en. Au cours de ces derni\u00e8res [&hellip;]\" \/>\n<meta property=\"og:url\" content=\"https:\/\/guineediversite.com\/index.php\/2018\/12\/19\/lhumanite-celebre-la-journee-des-migrants\/\" \/>\n<meta property=\"og:site_name\" content=\"Guin\u00e9e Diversit\u00e9\" \/>\n<meta property=\"article:publisher\" content=\"https:\/\/www.facebook.com\/guineediversite\/\" \/>\n<meta property=\"article:published_time\" content=\"2018-12-19T16:35:42+00:00\" \/>\n<meta property=\"og:image\" content=\"https:\/\/guineediversite.com\/wp-content\/uploads\/2018\/12\/Journ\u00e9e-Internationale-des-Migrants.jpg\" \/>\n\t<meta property=\"og:image:width\" content=\"1537\" \/>\n\t<meta property=\"og:image:height\" content=\"1024\" \/>\n\t<meta property=\"og:image:type\" content=\"image\/jpeg\" \/>\n<meta name=\"author\" content=\"Morcire Camara\" \/>\n<meta name=\"twitter:card\" content=\"summary_large_image\" \/>\n<meta name=\"twitter:creator\" content=\"@GuineeDiversite\" \/>\n<meta name=\"twitter:site\" content=\"@GuineeDiversite\" \/>\n<meta name=\"twitter:label1\" content=\"\u00c9crit par\" \/>\n\t<meta name=\"twitter:data1\" content=\"Morcire Camara\" \/>\n\t<meta name=\"twitter:label2\" content=\"Dur\u00e9e de lecture estim\u00e9e\" \/>\n\t<meta name=\"twitter:data2\" content=\"2 minutes\" \/>\n<script type=\"application\/ld+json\" class=\"yoast-schema-graph\">{\"@context\":\"https:\/\/schema.org\",\"@graph\":[{\"@type\":\"Article\",\"@id\":\"https:\/\/guineediversite.com\/index.php\/2018\/12\/19\/lhumanite-celebre-la-journee-des-migrants\/#article\",\"isPartOf\":{\"@id\":\"https:\/\/guineediversite.com\/index.php\/2018\/12\/19\/lhumanite-celebre-la-journee-des-migrants\/\"},\"author\":{\"name\":\"Morcire Camara\",\"@id\":\"https:\/\/guineediversite.com\/#\/schema\/person\/fa362494c47202ce4b3adf55abcc9d01\"},\"headline\":\"L\u2019humanit\u00e9 c\u00e9l\u00e8bre la journ\u00e9e des migrants\",\"datePublished\":\"2018-12-19T16:35:42+00:00\",\"dateModified\":\"2018-12-19T16:35:42+00:00\",\"mainEntityOfPage\":{\"@id\":\"https:\/\/guineediversite.com\/index.php\/2018\/12\/19\/lhumanite-celebre-la-journee-des-migrants\/\"},\"wordCount\":463,\"publisher\":{\"@id\":\"https:\/\/guineediversite.com\/#organization\"},\"image\":{\"@id\":\"https:\/\/guineediversite.com\/index.php\/2018\/12\/19\/lhumanite-celebre-la-journee-des-migrants\/#primaryimage\"},\"thumbnailUrl\":\"https:\/\/guineediversite.com\/wp-content\/uploads\/2018\/12\/Journ\u00e9e-Internationale-des-Migrants.jpg\",\"articleSection\":[\"Soci\u00e9t\u00e9\"],\"inLanguage\":\"fr-FR\"},{\"@type\":\"WebPage\",\"@id\":\"https:\/\/guineediversite.com\/index.php\/2018\/12\/19\/lhumanite-celebre-la-journee-des-migrants\/\",\"url\":\"https:\/\/guineediversite.com\/index.php\/2018\/12\/19\/lhumanite-celebre-la-journee-des-migrants\/\",\"name\":\"L\u2019humanit\u00e9 c\u00e9l\u00e8bre la journ\u00e9e des migrants | Guin\u00e9e Diversit\u00e9\",\"isPartOf\":{\"@id\":\"https:\/\/guineediversite.com\/#website\"},\"primaryImageOfPage\":{\"@id\":\"https:\/\/guineediversite.com\/index.php\/2018\/12\/19\/lhumanite-celebre-la-journee-des-migrants\/#primaryimage\"},\"image\":{\"@id\":\"https:\/\/guineediversite.com\/index.php\/2018\/12\/19\/lhumanite-celebre-la-journee-des-migrants\/#primaryimage\"},\"thumbnailUrl\":\"https:\/\/guineediversite.com\/wp-content\/uploads\/2018\/12\/Journ\u00e9e-Internationale-des-Migrants.jpg\",\"datePublished\":\"2018-12-19T16:35:42+00:00\",\"dateModified\":\"2018-12-19T16:35:42+00:00\",\"breadcrumb\":{\"@id\":\"https:\/\/guineediversite.com\/index.php\/2018\/12\/19\/lhumanite-celebre-la-journee-des-migrants\/#breadcrumb\"},\"inLanguage\":\"fr-FR\",\"potentialAction\":[{\"@type\":\"ReadAction\",\"target\":[\"https:\/\/guineediversite.com\/index.php\/2018\/12\/19\/lhumanite-celebre-la-journee-des-migrants\/\"]}]},{\"@type\":\"ImageObject\",\"inLanguage\":\"fr-FR\",\"@id\":\"https:\/\/guineediversite.com\/index.php\/2018\/12\/19\/lhumanite-celebre-la-journee-des-migrants\/#primaryimage\",\"url\":\"https:\/\/guineediversite.com\/wp-content\/uploads\/2018\/12\/Journ\u00e9e-Internationale-des-Migrants.jpg\",\"contentUrl\":\"https:\/\/guineediversite.com\/wp-content\/uploads\/2018\/12\/Journ\u00e9e-Internationale-des-Migrants.jpg\",\"width\":1537,\"height\":1024},{\"@type\":\"BreadcrumbList\",\"@id\":\"https:\/\/guineediversite.com\/index.php\/2018\/12\/19\/lhumanite-celebre-la-journee-des-migrants\/#breadcrumb\",\"itemListElement\":[{\"@type\":\"ListItem\",\"position\":1,\"name\":\"Accueil\",\"item\":\"https:\/\/guineediversite.com\/\"},{\"@type\":\"ListItem\",\"position\":2,\"name\":\"L\u2019humanit\u00e9 c\u00e9l\u00e8bre la journ\u00e9e des migrants\"}]},{\"@type\":\"WebSite\",\"@id\":\"https:\/\/guineediversite.com\/#website\",\"url\":\"https:\/\/guineediversite.com\/\",\"name\":\"Guin\u00e9e Diversit\u00e9\",\"description\":\"L&#039;Info dans toute sa diversit\u00e9\",\"publisher\":{\"@id\":\"https:\/\/guineediversite.com\/#organization\"},\"potentialAction\":[{\"@type\":\"SearchAction\",\"target\":{\"@type\":\"EntryPoint\",\"urlTemplate\":\"https:\/\/guineediversite.com\/?s={search_term_string}\"},\"query-input\":{\"@type\":\"PropertyValueSpecification\",\"valueRequired\":true,\"valueName\":\"search_term_string\"}}],\"inLanguage\":\"fr-FR\"},{\"@type\":\"Organization\",\"@id\":\"https:\/\/guineediversite.com\/#organization\",\"name\":\"Guin\u00e9e Diversit\u00e9\",\"url\":\"https:\/\/guineediversite.com\/\",\"logo\":{\"@type\":\"ImageObject\",\"inLanguage\":\"fr-FR\",\"@id\":\"https:\/\/guineediversite.com\/#\/schema\/logo\/image\/\",\"url\":\"https:\/\/guineediversite.com\/wp-content\/uploads\/2017\/04\/cropped-1jojlxEOMkX9Wyqfhe43D6kjPOGqBBKmx3EwWJqZ0cMrFF54yM49.png\",\"contentUrl\":\"https:\/\/guineediversite.com\/wp-content\/uploads\/2017\/04\/cropped-1jojlxEOMkX9Wyqfhe43D6kjPOGqBBKmx3EwWJqZ0cMrFF54yM49.png\",\"width\":186,\"height\":112,\"caption\":\"Guin\u00e9e Diversit\u00e9\"},\"image\":{\"@id\":\"https:\/\/guineediversite.com\/#\/schema\/logo\/image\/\"},\"sameAs\":[\"https:\/\/www.facebook.com\/guineediversite\/\",\"https:\/\/x.com\/GuineeDiversite\",\"https:\/\/www.youtube.com\/channel\/UC8sUY16qelG5ge6_D5SB83g\"]},{\"@type\":\"Person\",\"@id\":\"https:\/\/guineediversite.com\/#\/schema\/person\/fa362494c47202ce4b3adf55abcc9d01\",\"name\":\"Morcire Camara\",\"image\":{\"@type\":\"ImageObject\",\"inLanguage\":\"fr-FR\",\"@id\":\"https:\/\/guineediversite.com\/#\/schema\/person\/image\/\",\"url\":\"https:\/\/secure.gravatar.com\/avatar\/3ec324f02295bbcebe03d99b39330ab4?s=96&d=mm&r=g\",\"contentUrl\":\"https:\/\/secure.gravatar.com\/avatar\/3ec324f02295bbcebe03d99b39330ab4?s=96&d=mm&r=g\",\"caption\":\"Morcire Camara\"},\"url\":\"https:\/\/guineediversite.com\/index.php\/author\/morcire\/\"}]}<\/script>\n<!-- \/ Yoast SEO plugin. -->","yoast_head_json":{"title":"L\u2019humanit\u00e9 c\u00e9l\u00e8bre la journ\u00e9e des migrants | Guin\u00e9e Diversit\u00e9","robots":{"index":"index","follow":"follow","max-snippet":"max-snippet:-1","max-image-preview":"max-image-preview:large","max-video-preview":"max-video-preview:-1"},"canonical":"https:\/\/guineediversite.com\/index.php\/2018\/12\/19\/lhumanite-celebre-la-journee-des-migrants\/","og_locale":"fr_FR","og_type":"article","og_title":"L\u2019humanit\u00e9 c\u00e9l\u00e8bre la journ\u00e9e des migrants | Guin\u00e9e Diversit\u00e9","og_description":"Ce mardi 18 d\u00e9cembre la journ\u00e9e internationale des migrants a \u00e9t\u00e9 c\u00e9l\u00e9br\u00e9 un peu partout dans le monde. Elle a \u00e9t\u00e9 f\u00eat\u00e9e sous le th\u00e8me : \u2018\u2019la migration s\u00fbr dans un monde qui bouge avec dignit\u00e9\u2019\u2019. La c\u00e9r\u00e9monie organis\u00e9e par l\u2019organisation internationale des migrants s\u2019est tenu au centre culturel franco-guin\u00e9en. Au cours de ces derni\u00e8res [&hellip;]","og_url":"https:\/\/guineediversite.com\/index.php\/2018\/12\/19\/lhumanite-celebre-la-journee-des-migrants\/","og_site_name":"Guin\u00e9e Diversit\u00e9","article_publisher":"https:\/\/www.facebook.com\/guineediversite\/","article_published_time":"2018-12-19T16:35:42+00:00","og_image":[{"width":1537,"height":1024,"url":"https:\/\/guineediversite.com\/wp-content\/uploads\/2018\/12\/Journ\u00e9e-Internationale-des-Migrants.jpg","type":"image\/jpeg"}],"author":"Morcire Camara","twitter_card":"summary_large_image","twitter_creator":"@GuineeDiversite","twitter_site":"@GuineeDiversite","twitter_misc":{"\u00c9crit par":"Morcire Camara","Dur\u00e9e de lecture estim\u00e9e":"2 minutes"},"schema":{"@context":"https:\/\/schema.org","@graph":[{"@type":"Article","@id":"https:\/\/guineediversite.com\/index.php\/2018\/12\/19\/lhumanite-celebre-la-journee-des-migrants\/#article","isPartOf":{"@id":"https:\/\/guineediversite.com\/index.php\/2018\/12\/19\/lhumanite-celebre-la-journee-des-migrants\/"},"author":{"name":"Morcire Camara","@id":"https:\/\/guineediversite.com\/#\/schema\/person\/fa362494c47202ce4b3adf55abcc9d01"},"headline":"L\u2019humanit\u00e9 c\u00e9l\u00e8bre la journ\u00e9e des migrants","datePublished":"2018-12-19T16:35:42+00:00","dateModified":"2018-12-19T16:35:42+00:00","mainEntityOfPage":{"@id":"https:\/\/guineediversite.com\/index.php\/2018\/12\/19\/lhumanite-celebre-la-journee-des-migrants\/"},"wordCount":463,"publisher":{"@id":"https:\/\/guineediversite.com\/#organization"},"image":{"@id":"https:\/\/guineediversite.com\/index.php\/2018\/12\/19\/lhumanite-celebre-la-journee-des-migrants\/#primaryimage"},"thumbnailUrl":"https:\/\/guineediversite.com\/wp-content\/uploads\/2018\/12\/Journ\u00e9e-Internationale-des-Migrants.jpg","articleSection":["Soci\u00e9t\u00e9"],"inLanguage":"fr-FR"},{"@type":"WebPage","@id":"https:\/\/guineediversite.com\/index.php\/2018\/12\/19\/lhumanite-celebre-la-journee-des-migrants\/","url":"https:\/\/guineediversite.com\/index.php\/2018\/12\/19\/lhumanite-celebre-la-journee-des-migrants\/","name":"L\u2019humanit\u00e9 c\u00e9l\u00e8bre la journ\u00e9e des migrants | Guin\u00e9e Diversit\u00e9","isPartOf":{"@id":"https:\/\/guineediversite.com\/#website"},"primaryImageOfPage":{"@id":"https:\/\/guineediversite.com\/index.php\/2018\/12\/19\/lhumanite-celebre-la-journee-des-migrants\/#primaryimage"},"image":{"@id":"https:\/\/guineediversite.com\/index.php\/2018\/12\/19\/lhumanite-celebre-la-journee-des-migrants\/#primaryimage"},"thumbnailUrl":"https:\/\/guineediversite.com\/wp-content\/uploads\/2018\/12\/Journ\u00e9e-Internationale-des-Migrants.jpg","datePublished":"2018-12-19T16:35:42+00:00","dateModified":"2018-12-19T16:35:42+00:00","breadcrumb":{"@id":"https:\/\/guineediversite.com\/index.php\/2018\/12\/19\/lhumanite-celebre-la-journee-des-migrants\/#breadcrumb"},"inLanguage":"fr-FR","potentialAction":[{"@type":"ReadAction","target":["https:\/\/guineediversite.com\/index.php\/2018\/12\/19\/lhumanite-celebre-la-journee-des-migrants\/"]}]},{"@type":"ImageObject","inLanguage":"fr-FR","@id":"https:\/\/guineediversite.com\/index.php\/2018\/12\/19\/lhumanite-celebre-la-journee-des-migrants\/#primaryimage","url":"https:\/\/guineediversite.com\/wp-content\/uploads\/2018\/12\/Journ\u00e9e-Internationale-des-Migrants.jpg","contentUrl":"https:\/\/guineediversite.com\/wp-content\/uploads\/2018\/12\/Journ\u00e9e-Internationale-des-Migrants.jpg","width":1537,"height":1024},{"@type":"BreadcrumbList","@id":"https:\/\/guineediversite.com\/index.php\/2018\/12\/19\/lhumanite-celebre-la-journee-des-migrants\/#breadcrumb","itemListElement":[{"@type":"ListItem","position":1,"name":"Accueil","item":"https:\/\/guineediversite.com\/"},{"@type":"ListItem","position":2,"name":"L\u2019humanit\u00e9 c\u00e9l\u00e8bre la journ\u00e9e des migrants"}]},{"@type":"WebSite","@id":"https:\/\/guineediversite.com\/#website","url":"https:\/\/guineediversite.com\/","name":"Guin\u00e9e Diversit\u00e9","description":"L&#039;Info dans toute sa diversit\u00e9","publisher":{"@id":"https:\/\/guineediversite.com\/#organization"},"potentialAction":[{"@type":"SearchAction","target":{"@type":"EntryPoint","urlTemplate":"https:\/\/guineediversite.com\/?s={search_term_string}"},"query-input":{"@type":"PropertyValueSpecification","valueRequired":true,"valueName":"search_term_string"}}],"inLanguage":"fr-FR"},{"@type":"Organization","@id":"https:\/\/guineediversite.com\/#organization","name":"Guin\u00e9e Diversit\u00e9","url":"https:\/\/guineediversite.com\/","logo":{"@type":"ImageObject","inLanguage":"fr-FR","@id":"https:\/\/guineediversite.com\/#\/schema\/logo\/image\/","url":"https:\/\/guineediversite.com\/wp-content\/uploads\/2017\/04\/cropped-1jojlxEOMkX9Wyqfhe43D6kjPOGqBBKmx3EwWJqZ0cMrFF54yM49.png","contentUrl":"https:\/\/guineediversite.com\/wp-content\/uploads\/2017\/04\/cropped-1jojlxEOMkX9Wyqfhe43D6kjPOGqBBKmx3EwWJqZ0cMrFF54yM49.png","width":186,"height":112,"caption":"Guin\u00e9e Diversit\u00e9"},"image":{"@id":"https:\/\/guineediversite.com\/#\/schema\/logo\/image\/"},"sameAs":["https:\/\/www.facebook.com\/guineediversite\/","https:\/\/x.com\/GuineeDiversite","https:\/\/www.youtube.com\/channel\/UC8sUY16qelG5ge6_D5SB83g"]},{"@type":"Person","@id":"https:\/\/guineediversite.com\/#\/schema\/person\/fa362494c47202ce4b3adf55abcc9d01","name":"Morcire Camara","image":{"@type":"ImageObject","inLanguage":"fr-FR","@id":"https:\/\/guineediversite.com\/#\/schema\/person\/image\/","url":"https:\/\/secure.gravatar.com\/avatar\/3ec324f02295bbcebe03d99b39330ab4?s=96&d=mm&r=g","contentUrl":"https:\/\/secure.gravatar.com\/avatar\/3ec324f02295bbcebe03d99b39330ab4?s=96&d=mm&r=g","caption":"Morcire Camara"},"url":"https:\/\/guineediversite.com\/index.php\/author\/morcire\/"}]}},"_links":{"self":[{"href":"https:\/\/guineediversite.com\/index.php\/wp-json\/wp\/v2\/posts\/27625"}],"collection":[{"href":"https:\/\/guineediversite.com\/index.php\/wp-json\/wp\/v2\/posts"}],"about":[{"href":"https:\/\/guineediversite.com\/index.php\/wp-json\/wp\/v2\/types\/post"}],"author":[{"embeddable":true,"href":"https:\/\/guineediversite.com\/index.php\/wp-json\/wp\/v2\/users\/10"}],"replies":[{"embeddable":true,"href":"https:\/\/guineediversite.com\/index.php\/wp-json\/wp\/v2\/comments?post=27625"}],"version-history":[{"count":0,"href":"https:\/\/guineediversite.com\/index.php\/wp-json\/wp\/v2\/posts\/27625\/revisions"}],"wp:featuredmedia":[{"embeddable":true,"href":"https:\/\/guineediversite.com\/index.php\/wp-json\/wp\/v2\/media\/27626"}],"wp:attachment":[{"href":"https:\/\/guineediversite.com\/index.php\/wp-json\/wp\/v2\/media?parent=27625"}],"wp:term":[{"taxonomy":"category","embeddable":true,"href":"https:\/\/guineediversite.com\/index.php\/wp-json\/wp\/v2\/categories?post=27625"},{"taxonomy":"post_tag","embeddable":true,"href":"https:\/\/guineediversite.com\/index.php\/wp-json\/wp\/v2\/tags?post=27625"}],"curies":[{"name":"wp","href":"https:\/\/api.w.org\/{rel}","templated":true}]}}