{"id":27619,"date":"2018-12-19T14:04:41","date_gmt":"2018-12-19T13:04:41","guid":{"rendered":"https:\/\/guineediversite.com\/?p=27619"},"modified":"2018-12-19T14:04:41","modified_gmt":"2018-12-19T13:04:41","slug":"nigeria-larmee-demande-le-depart-damnesty-international-apres-un-rapport","status":"publish","type":"post","link":"https:\/\/guineediversite.com\/index.php\/2018\/12\/19\/nigeria-larmee-demande-le-depart-damnesty-international-apres-un-rapport\/","title":{"rendered":"Nigeria: l&rsquo;arm\u00e9e demande le d\u00e9part d&rsquo;Amnesty International apr\u00e8s un rapport"},"content":{"rendered":"<h2>D\u2019apr\u00e8s le dernier rapport d\u2019Amnesty International intitul\u00e9 \u00ab\u00a0R\u00e9colter les morts\u00a0\u00bb, pr\u00e8s de 4\u00a0000 personnes sont mortes en trois ans dans des affrontements entre agriculteurs et \u00e9leveurs au Nigeria.\u00a0Un rapport qui f\u00e2che car l\u2019ONG pointe l\u2019incapacit\u00e9 du gouvernement et de l\u2019arm\u00e9e \u00e0 prot\u00e9ger sa population.<\/h2>\n<p>Amnesty International restera-t-elle au Nigeria\u00a0? L\u2019ONG publie r\u00e9guli\u00e8rement des rapports sur les violences dont est victime la population et \u00e0 de nombreuses reprises, l\u2019arm\u00e9e nig\u00e9riane est point\u00e9e du doigt, accus\u00e9e d&rsquo;exactions. Cette fois, c\u2019est\u00a0<a href=\"https:\/\/www.amnesty.org\/en\/documents\/afr44\/9503\/2018\/en\/\" target=\"_blank\" rel=\"noopener\"><strong>un rapport<\/strong><\/a>\u00a0rendu public lundi qui d\u00e9nonce l\u2019incapacit\u00e9 du gouvernement et de l\u2019arm\u00e9e \u00e0 prot\u00e9ger la population.<\/p>\n<div class=\"em-block em-width-full em-orientation-center photo-material em-type-flash-externe\" data-bo-type=\"em\" data-bo-nid=\"93DC7BB0-4345-4B92-99EF-3E456248A1CE\">\n<figure class=\"bd\">\n<div class=\"SandboxRoot env-bp-350\" data-twitter-event-id=\"0\">\n<div id=\"twitter-widget-0\" class=\"EmbeddedTweet EmbeddedTweet--cta EmbeddedTweet--mediaForward media-forward js-clickToOpenTarget js-tweetIdInfo tweet-InformationCircle-widgetParent\" lang=\"fr\" data-click-to-open-target=\"https:\/\/twitter.com\/AmnestyNigeria\/status\/1075092018458714117\" data-iframe-title=\"Tweet de Twitter\" data-scribe=\"page:tweet\" data-tweet-id=\"1075092018458714117\" data-twitter-event-id=\"1\">\n<article class=\"MediaCard\n           MediaCard--mediaForward\n\n           customisable-border\" dir=\"ltr\" data-scribe=\"component:card\"><\/p>\n<div class=\"MediaCard-media\" data-scribe=\"element:photo\"><a class=\"MediaCard-borderOverlay\" tabindex=\"-1\" title=\"Voir l'image sur Twitter\" role=\"presentation\" href=\"https:\/\/twitter.com\/AmnestyNigeria\/status\/1075092018458714117\/photo\/1\"><span class=\"u-hiddenVisually\">Voir l&rsquo;image sur Twitter<\/span><\/a><\/p>\n<div class=\"MediaCard-widthConstraint js-cspForcedStyle\" data-style=\"max-width: 837px\">\n<div class=\"MediaCard-mediaContainer js-cspForcedStyle\" data-style=\"padding-bottom: 67.0251%\"><a class=\"MediaCard-mediaAsset NaturalImage\" href=\"https:\/\/twitter.com\/AmnestyNigeria\/status\/1075092018458714117\/photo\/1\"><img loading=\"lazy\" decoding=\"async\" class=\"NaturalImage-image\" title=\"Voir l'image sur Twitter\" src=\"https:\/\/pbs.twimg.com\/media\/Dut-bCIW4AEPWBW?format=jpg&amp;name=small\" alt=\"Voir l'image sur Twitter\" width=\"837\" height=\"561\" data-image=\"https:\/\/pbs.twimg.com\/media\/Dut-bCIW4AEPWBW\" \/><\/a><\/div>\n<\/div>\n<\/div>\n<\/article>\n<div class=\"EmbeddedTweet-tweetContainer\">\n<div class=\"EmbeddedTweet-tweet\"><\/div>\n<\/div>\n<\/div>\n<div class=\"resize-sensor\">\n<div class=\"resize-sensor-expand\">\n<div><\/div>\n<\/div>\n<div class=\"resize-sensor-shrink\">\n<div><\/div>\n<\/div>\n<\/div>\n<\/div>\n<\/figure>\n<\/div>\n<p>Le rapport de trop pour le brigadier g\u00e9n\u00e9ral John Agim, directeur de l\u2019information militaire. \u00ab\u00a0<em>Cette ann\u00e9e, nous avons eu droit \u00e0 presque un rapport par mois\u00a0! Suivant le principe que plus vous r\u00e9p\u00e9ter un mensonge, plus il devient une v\u00e9rit\u00e9,\u00a0<\/em>accuse-t-il.<em>\u00a0Nous avons l\u00e0 une ONG internationale qui nous d\u00e9crit comme des gens non civilis\u00e9s qui ne savent pas prendre soin de leur propre population. Amnesty International n\u2019apporte rien \u00e0 notre pays, ils n\u2019ont rien \u00e0 faire ici.\u00a0<\/em>\u00bb<\/p>\n<p>Osai Ojigho, pr\u00e9sidente d\u2019Amnesty International au Nigeria d\u00e9ment vouloir stigmatiser les militaires. \u00ab<em>\u00a0Ces attaques sont utilis\u00e9es comme une tactique pour inciter les gens \u00e0 d\u00e9tourner le regard des vrais probl\u00e8mes que nous exposons,\u00a0<\/em>r\u00e9agit-elle.\u00a0<em>Je ne pense pas que l\u2019arm\u00e9e ait le pouvoir de fermer les bureaux d\u2019une organisation. Si Amnesty International devait fermer ses portes, cela enverrait un message tr\u00e8s n\u00e9gatif \u00e0 la communaut\u00e9 internationale.\u00a0<\/em>\u00bb<\/p>\n<p>Le bureau du pr\u00e9sident Muhammadu Buhari, en lice pour sa r\u00e9\u00e9lection, a mis en garde l\u2019ONG, qu\u2019il accuse aussi de saper le moral des troupes, sans pour autant donner d&rsquo;indications sur une \u00e9ventuelle fermeture.<\/p>\n<p>RFI<\/p>\n","protected":false},"excerpt":{"rendered":"<p>D\u2019apr\u00e8s le dernier rapport d\u2019Amnesty International intitul\u00e9 \u00ab\u00a0R\u00e9colter les morts\u00a0\u00bb, pr\u00e8s de 4\u00a0000 personnes sont mortes en trois ans dans des affrontements entre agriculteurs et \u00e9leveurs au Nigeria.\u00a0Un rapport qui f\u00e2che car l\u2019ONG pointe l\u2019incapacit\u00e9 du gouvernement et de l\u2019arm\u00e9e \u00e0 prot\u00e9ger sa population. Amnesty International restera-t-elle au Nigeria\u00a0? L\u2019ONG publie r\u00e9guli\u00e8rement des rapports sur [&hellip;]<\/p>\n","protected":false},"author":12,"featured_media":27620,"comment_status":"closed","ping_status":"closed","sticky":false,"template":"","format":"standard","meta":{"_exactmetrics_skip_tracking":false,"_exactmetrics_sitenote_active":false,"_exactmetrics_sitenote_note":"","_exactmetrics_sitenote_category":0,"tdm_status":"","tdm_grid_status":"","footnotes":""},"categories":[21],"tags":[],"class_list":{"0":"post-27619","1":"post","2":"type-post","3":"status-publish","4":"format-standard","5":"has-post-thumbnail","7":"category-international"},"yoast_head":"<!-- This site is optimized with the Yoast SEO plugin v24.2 - https:\/\/yoast.com\/wordpress\/plugins\/seo\/ -->\n<title>Nigeria: l&#039;arm\u00e9e demande le d\u00e9part d&#039;Amnesty International apr\u00e8s un rapport | Guin\u00e9e Diversit\u00e9<\/title>\n<meta name=\"robots\" content=\"index, follow, max-snippet:-1, max-image-preview:large, max-video-preview:-1\" \/>\n<link rel=\"canonical\" href=\"https:\/\/guineediversite.com\/index.php\/2018\/12\/19\/nigeria-larmee-demande-le-depart-damnesty-international-apres-un-rapport\/\" \/>\n<meta property=\"og:locale\" content=\"fr_FR\" \/>\n<meta property=\"og:type\" content=\"article\" \/>\n<meta property=\"og:title\" content=\"Nigeria: l&#039;arm\u00e9e demande le d\u00e9part d&#039;Amnesty International apr\u00e8s un rapport | Guin\u00e9e Diversit\u00e9\" \/>\n<meta property=\"og:description\" content=\"D\u2019apr\u00e8s le dernier rapport d\u2019Amnesty International intitul\u00e9 \u00ab\u00a0R\u00e9colter les morts\u00a0\u00bb, pr\u00e8s de 4\u00a0000 personnes sont mortes en trois ans dans des affrontements entre agriculteurs et \u00e9leveurs au Nigeria.\u00a0Un rapport qui f\u00e2che car l\u2019ONG pointe l\u2019incapacit\u00e9 du gouvernement et de l\u2019arm\u00e9e \u00e0 prot\u00e9ger sa population. Amnesty International restera-t-elle au Nigeria\u00a0? L\u2019ONG publie r\u00e9guli\u00e8rement des rapports sur [&hellip;]\" \/>\n<meta property=\"og:url\" content=\"https:\/\/guineediversite.com\/index.php\/2018\/12\/19\/nigeria-larmee-demande-le-depart-damnesty-international-apres-un-rapport\/\" \/>\n<meta property=\"og:site_name\" content=\"Guin\u00e9e Diversit\u00e9\" \/>\n<meta property=\"article:publisher\" content=\"https:\/\/www.facebook.com\/guineediversite\/\" \/>\n<meta property=\"article:published_time\" content=\"2018-12-19T13:04:41+00:00\" \/>\n<meta property=\"og:image\" content=\"https:\/\/guineediversite.com\/wp-content\/uploads\/2018\/12\/000_6w9a6_0.jpg\" \/>\n\t<meta property=\"og:image:width\" content=\"1024\" \/>\n\t<meta property=\"og:image:height\" content=\"578\" \/>\n\t<meta property=\"og:image:type\" content=\"image\/jpeg\" \/>\n<meta name=\"author\" content=\"Guin\u00e9e Diversit\u00e9\" \/>\n<meta name=\"twitter:card\" content=\"summary_large_image\" \/>\n<meta name=\"twitter:creator\" content=\"@GuineeDiversite\" \/>\n<meta name=\"twitter:site\" content=\"@GuineeDiversite\" \/>\n<meta name=\"twitter:label1\" content=\"\u00c9crit par\" \/>\n\t<meta name=\"twitter:data1\" content=\"Guin\u00e9e Diversit\u00e9\" \/>\n\t<meta name=\"twitter:label2\" content=\"Dur\u00e9e de lecture estim\u00e9e\" \/>\n\t<meta name=\"twitter:data2\" content=\"2 minutes\" \/>\n<script type=\"application\/ld+json\" class=\"yoast-schema-graph\">{\"@context\":\"https:\/\/schema.org\",\"@graph\":[{\"@type\":\"Article\",\"@id\":\"https:\/\/guineediversite.com\/index.php\/2018\/12\/19\/nigeria-larmee-demande-le-depart-damnesty-international-apres-un-rapport\/#article\",\"isPartOf\":{\"@id\":\"https:\/\/guineediversite.com\/index.php\/2018\/12\/19\/nigeria-larmee-demande-le-depart-damnesty-international-apres-un-rapport\/\"},\"author\":{\"name\":\"Guin\u00e9e Diversit\u00e9\",\"@id\":\"https:\/\/guineediversite.com\/#\/schema\/person\/afa08fb34e7fc6e1feafc892612bc836\"},\"headline\":\"Nigeria: l&rsquo;arm\u00e9e demande le d\u00e9part d&rsquo;Amnesty International apr\u00e8s un rapport\",\"datePublished\":\"2018-12-19T13:04:41+00:00\",\"dateModified\":\"2018-12-19T13:04:41+00:00\",\"mainEntityOfPage\":{\"@id\":\"https:\/\/guineediversite.com\/index.php\/2018\/12\/19\/nigeria-larmee-demande-le-depart-damnesty-international-apres-un-rapport\/\"},\"wordCount\":340,\"publisher\":{\"@id\":\"https:\/\/guineediversite.com\/#organization\"},\"image\":{\"@id\":\"https:\/\/guineediversite.com\/index.php\/2018\/12\/19\/nigeria-larmee-demande-le-depart-damnesty-international-apres-un-rapport\/#primaryimage\"},\"thumbnailUrl\":\"https:\/\/guineediversite.com\/wp-content\/uploads\/2018\/12\/000_6w9a6_0.jpg\",\"articleSection\":[\"International\"],\"inLanguage\":\"fr-FR\"},{\"@type\":\"WebPage\",\"@id\":\"https:\/\/guineediversite.com\/index.php\/2018\/12\/19\/nigeria-larmee-demande-le-depart-damnesty-international-apres-un-rapport\/\",\"url\":\"https:\/\/guineediversite.com\/index.php\/2018\/12\/19\/nigeria-larmee-demande-le-depart-damnesty-international-apres-un-rapport\/\",\"name\":\"Nigeria: l'arm\u00e9e demande le d\u00e9part d'Amnesty International apr\u00e8s un rapport | Guin\u00e9e Diversit\u00e9\",\"isPartOf\":{\"@id\":\"https:\/\/guineediversite.com\/#website\"},\"primaryImageOfPage\":{\"@id\":\"https:\/\/guineediversite.com\/index.php\/2018\/12\/19\/nigeria-larmee-demande-le-depart-damnesty-international-apres-un-rapport\/#primaryimage\"},\"image\":{\"@id\":\"https:\/\/guineediversite.com\/index.php\/2018\/12\/19\/nigeria-larmee-demande-le-depart-damnesty-international-apres-un-rapport\/#primaryimage\"},\"thumbnailUrl\":\"https:\/\/guineediversite.com\/wp-content\/uploads\/2018\/12\/000_6w9a6_0.jpg\",\"datePublished\":\"2018-12-19T13:04:41+00:00\",\"dateModified\":\"2018-12-19T13:04:41+00:00\",\"breadcrumb\":{\"@id\":\"https:\/\/guineediversite.com\/index.php\/2018\/12\/19\/nigeria-larmee-demande-le-depart-damnesty-international-apres-un-rapport\/#breadcrumb\"},\"inLanguage\":\"fr-FR\",\"potentialAction\":[{\"@type\":\"ReadAction\",\"target\":[\"https:\/\/guineediversite.com\/index.php\/2018\/12\/19\/nigeria-larmee-demande-le-depart-damnesty-international-apres-un-rapport\/\"]}]},{\"@type\":\"ImageObject\",\"inLanguage\":\"fr-FR\",\"@id\":\"https:\/\/guineediversite.com\/index.php\/2018\/12\/19\/nigeria-larmee-demande-le-depart-damnesty-international-apres-un-rapport\/#primaryimage\",\"url\":\"https:\/\/guineediversite.com\/wp-content\/uploads\/2018\/12\/000_6w9a6_0.jpg\",\"contentUrl\":\"https:\/\/guineediversite.com\/wp-content\/uploads\/2018\/12\/000_6w9a6_0.jpg\",\"width\":1024,\"height\":578},{\"@type\":\"BreadcrumbList\",\"@id\":\"https:\/\/guineediversite.com\/index.php\/2018\/12\/19\/nigeria-larmee-demande-le-depart-damnesty-international-apres-un-rapport\/#breadcrumb\",\"itemListElement\":[{\"@type\":\"ListItem\",\"position\":1,\"name\":\"Accueil\",\"item\":\"https:\/\/guineediversite.com\/\"},{\"@type\":\"ListItem\",\"position\":2,\"name\":\"Nigeria: l&rsquo;arm\u00e9e demande le d\u00e9part d&rsquo;Amnesty International apr\u00e8s un rapport\"}]},{\"@type\":\"WebSite\",\"@id\":\"https:\/\/guineediversite.com\/#website\",\"url\":\"https:\/\/guineediversite.com\/\",\"name\":\"Guin\u00e9e Diversit\u00e9\",\"description\":\"L&#039;Info dans toute sa diversit\u00e9\",\"publisher\":{\"@id\":\"https:\/\/guineediversite.com\/#organization\"},\"potentialAction\":[{\"@type\":\"SearchAction\",\"target\":{\"@type\":\"EntryPoint\",\"urlTemplate\":\"https:\/\/guineediversite.com\/?s={search_term_string}\"},\"query-input\":{\"@type\":\"PropertyValueSpecification\",\"valueRequired\":true,\"valueName\":\"search_term_string\"}}],\"inLanguage\":\"fr-FR\"},{\"@type\":\"Organization\",\"@id\":\"https:\/\/guineediversite.com\/#organization\",\"name\":\"Guin\u00e9e Diversit\u00e9\",\"url\":\"https:\/\/guineediversite.com\/\",\"logo\":{\"@type\":\"ImageObject\",\"inLanguage\":\"fr-FR\",\"@id\":\"https:\/\/guineediversite.com\/#\/schema\/logo\/image\/\",\"url\":\"https:\/\/guineediversite.com\/wp-content\/uploads\/2017\/04\/cropped-1jojlxEOMkX9Wyqfhe43D6kjPOGqBBKmx3EwWJqZ0cMrFF54yM49.png\",\"contentUrl\":\"https:\/\/guineediversite.com\/wp-content\/uploads\/2017\/04\/cropped-1jojlxEOMkX9Wyqfhe43D6kjPOGqBBKmx3EwWJqZ0cMrFF54yM49.png\",\"width\":186,\"height\":112,\"caption\":\"Guin\u00e9e Diversit\u00e9\"},\"image\":{\"@id\":\"https:\/\/guineediversite.com\/#\/schema\/logo\/image\/\"},\"sameAs\":[\"https:\/\/www.facebook.com\/guineediversite\/\",\"https:\/\/x.com\/GuineeDiversite\",\"https:\/\/www.youtube.com\/channel\/UC8sUY16qelG5ge6_D5SB83g\"]},{\"@type\":\"Person\",\"@id\":\"https:\/\/guineediversite.com\/#\/schema\/person\/afa08fb34e7fc6e1feafc892612bc836\",\"name\":\"Guin\u00e9e Diversit\u00e9\",\"image\":{\"@type\":\"ImageObject\",\"inLanguage\":\"fr-FR\",\"@id\":\"https:\/\/guineediversite.com\/#\/schema\/person\/image\/\",\"url\":\"https:\/\/secure.gravatar.com\/avatar\/50d5eb5b390f8b65ac30ac6f898eb83a?s=96&d=mm&r=g\",\"contentUrl\":\"https:\/\/secure.gravatar.com\/avatar\/50d5eb5b390f8b65ac30ac6f898eb83a?s=96&d=mm&r=g\",\"caption\":\"Guin\u00e9e Diversit\u00e9\"},\"url\":\"https:\/\/guineediversite.com\/index.php\/author\/guineediversite\/\"}]}<\/script>\n<!-- \/ Yoast SEO plugin. -->","yoast_head_json":{"title":"Nigeria: l'arm\u00e9e demande le d\u00e9part d'Amnesty International apr\u00e8s un rapport | Guin\u00e9e Diversit\u00e9","robots":{"index":"index","follow":"follow","max-snippet":"max-snippet:-1","max-image-preview":"max-image-preview:large","max-video-preview":"max-video-preview:-1"},"canonical":"https:\/\/guineediversite.com\/index.php\/2018\/12\/19\/nigeria-larmee-demande-le-depart-damnesty-international-apres-un-rapport\/","og_locale":"fr_FR","og_type":"article","og_title":"Nigeria: l'arm\u00e9e demande le d\u00e9part d'Amnesty International apr\u00e8s un rapport | Guin\u00e9e Diversit\u00e9","og_description":"D\u2019apr\u00e8s le dernier rapport d\u2019Amnesty International intitul\u00e9 \u00ab\u00a0R\u00e9colter les morts\u00a0\u00bb, pr\u00e8s de 4\u00a0000 personnes sont mortes en trois ans dans des affrontements entre agriculteurs et \u00e9leveurs au Nigeria.\u00a0Un rapport qui f\u00e2che car l\u2019ONG pointe l\u2019incapacit\u00e9 du gouvernement et de l\u2019arm\u00e9e \u00e0 prot\u00e9ger sa population. Amnesty International restera-t-elle au Nigeria\u00a0? L\u2019ONG publie r\u00e9guli\u00e8rement des rapports sur [&hellip;]","og_url":"https:\/\/guineediversite.com\/index.php\/2018\/12\/19\/nigeria-larmee-demande-le-depart-damnesty-international-apres-un-rapport\/","og_site_name":"Guin\u00e9e Diversit\u00e9","article_publisher":"https:\/\/www.facebook.com\/guineediversite\/","article_published_time":"2018-12-19T13:04:41+00:00","og_image":[{"width":1024,"height":578,"url":"https:\/\/guineediversite.com\/wp-content\/uploads\/2018\/12\/000_6w9a6_0.jpg","type":"image\/jpeg"}],"author":"Guin\u00e9e Diversit\u00e9","twitter_card":"summary_large_image","twitter_creator":"@GuineeDiversite","twitter_site":"@GuineeDiversite","twitter_misc":{"\u00c9crit par":"Guin\u00e9e Diversit\u00e9","Dur\u00e9e de lecture estim\u00e9e":"2 minutes"},"schema":{"@context":"https:\/\/schema.org","@graph":[{"@type":"Article","@id":"https:\/\/guineediversite.com\/index.php\/2018\/12\/19\/nigeria-larmee-demande-le-depart-damnesty-international-apres-un-rapport\/#article","isPartOf":{"@id":"https:\/\/guineediversite.com\/index.php\/2018\/12\/19\/nigeria-larmee-demande-le-depart-damnesty-international-apres-un-rapport\/"},"author":{"name":"Guin\u00e9e Diversit\u00e9","@id":"https:\/\/guineediversite.com\/#\/schema\/person\/afa08fb34e7fc6e1feafc892612bc836"},"headline":"Nigeria: l&rsquo;arm\u00e9e demande le d\u00e9part d&rsquo;Amnesty International apr\u00e8s un rapport","datePublished":"2018-12-19T13:04:41+00:00","dateModified":"2018-12-19T13:04:41+00:00","mainEntityOfPage":{"@id":"https:\/\/guineediversite.com\/index.php\/2018\/12\/19\/nigeria-larmee-demande-le-depart-damnesty-international-apres-un-rapport\/"},"wordCount":340,"publisher":{"@id":"https:\/\/guineediversite.com\/#organization"},"image":{"@id":"https:\/\/guineediversite.com\/index.php\/2018\/12\/19\/nigeria-larmee-demande-le-depart-damnesty-international-apres-un-rapport\/#primaryimage"},"thumbnailUrl":"https:\/\/guineediversite.com\/wp-content\/uploads\/2018\/12\/000_6w9a6_0.jpg","articleSection":["International"],"inLanguage":"fr-FR"},{"@type":"WebPage","@id":"https:\/\/guineediversite.com\/index.php\/2018\/12\/19\/nigeria-larmee-demande-le-depart-damnesty-international-apres-un-rapport\/","url":"https:\/\/guineediversite.com\/index.php\/2018\/12\/19\/nigeria-larmee-demande-le-depart-damnesty-international-apres-un-rapport\/","name":"Nigeria: l'arm\u00e9e demande le d\u00e9part d'Amnesty International apr\u00e8s un rapport | Guin\u00e9e Diversit\u00e9","isPartOf":{"@id":"https:\/\/guineediversite.com\/#website"},"primaryImageOfPage":{"@id":"https:\/\/guineediversite.com\/index.php\/2018\/12\/19\/nigeria-larmee-demande-le-depart-damnesty-international-apres-un-rapport\/#primaryimage"},"image":{"@id":"https:\/\/guineediversite.com\/index.php\/2018\/12\/19\/nigeria-larmee-demande-le-depart-damnesty-international-apres-un-rapport\/#primaryimage"},"thumbnailUrl":"https:\/\/guineediversite.com\/wp-content\/uploads\/2018\/12\/000_6w9a6_0.jpg","datePublished":"2018-12-19T13:04:41+00:00","dateModified":"2018-12-19T13:04:41+00:00","breadcrumb":{"@id":"https:\/\/guineediversite.com\/index.php\/2018\/12\/19\/nigeria-larmee-demande-le-depart-damnesty-international-apres-un-rapport\/#breadcrumb"},"inLanguage":"fr-FR","potentialAction":[{"@type":"ReadAction","target":["https:\/\/guineediversite.com\/index.php\/2018\/12\/19\/nigeria-larmee-demande-le-depart-damnesty-international-apres-un-rapport\/"]}]},{"@type":"ImageObject","inLanguage":"fr-FR","@id":"https:\/\/guineediversite.com\/index.php\/2018\/12\/19\/nigeria-larmee-demande-le-depart-damnesty-international-apres-un-rapport\/#primaryimage","url":"https:\/\/guineediversite.com\/wp-content\/uploads\/2018\/12\/000_6w9a6_0.jpg","contentUrl":"https:\/\/guineediversite.com\/wp-content\/uploads\/2018\/12\/000_6w9a6_0.jpg","width":1024,"height":578},{"@type":"BreadcrumbList","@id":"https:\/\/guineediversite.com\/index.php\/2018\/12\/19\/nigeria-larmee-demande-le-depart-damnesty-international-apres-un-rapport\/#breadcrumb","itemListElement":[{"@type":"ListItem","position":1,"name":"Accueil","item":"https:\/\/guineediversite.com\/"},{"@type":"ListItem","position":2,"name":"Nigeria: l&rsquo;arm\u00e9e demande le d\u00e9part d&rsquo;Amnesty International apr\u00e8s un rapport"}]},{"@type":"WebSite","@id":"https:\/\/guineediversite.com\/#website","url":"https:\/\/guineediversite.com\/","name":"Guin\u00e9e Diversit\u00e9","description":"L&#039;Info dans toute sa diversit\u00e9","publisher":{"@id":"https:\/\/guineediversite.com\/#organization"},"potentialAction":[{"@type":"SearchAction","target":{"@type":"EntryPoint","urlTemplate":"https:\/\/guineediversite.com\/?s={search_term_string}"},"query-input":{"@type":"PropertyValueSpecification","valueRequired":true,"valueName":"search_term_string"}}],"inLanguage":"fr-FR"},{"@type":"Organization","@id":"https:\/\/guineediversite.com\/#organization","name":"Guin\u00e9e Diversit\u00e9","url":"https:\/\/guineediversite.com\/","logo":{"@type":"ImageObject","inLanguage":"fr-FR","@id":"https:\/\/guineediversite.com\/#\/schema\/logo\/image\/","url":"https:\/\/guineediversite.com\/wp-content\/uploads\/2017\/04\/cropped-1jojlxEOMkX9Wyqfhe43D6kjPOGqBBKmx3EwWJqZ0cMrFF54yM49.png","contentUrl":"https:\/\/guineediversite.com\/wp-content\/uploads\/2017\/04\/cropped-1jojlxEOMkX9Wyqfhe43D6kjPOGqBBKmx3EwWJqZ0cMrFF54yM49.png","width":186,"height":112,"caption":"Guin\u00e9e Diversit\u00e9"},"image":{"@id":"https:\/\/guineediversite.com\/#\/schema\/logo\/image\/"},"sameAs":["https:\/\/www.facebook.com\/guineediversite\/","https:\/\/x.com\/GuineeDiversite","https:\/\/www.youtube.com\/channel\/UC8sUY16qelG5ge6_D5SB83g"]},{"@type":"Person","@id":"https:\/\/guineediversite.com\/#\/schema\/person\/afa08fb34e7fc6e1feafc892612bc836","name":"Guin\u00e9e Diversit\u00e9","image":{"@type":"ImageObject","inLanguage":"fr-FR","@id":"https:\/\/guineediversite.com\/#\/schema\/person\/image\/","url":"https:\/\/secure.gravatar.com\/avatar\/50d5eb5b390f8b65ac30ac6f898eb83a?s=96&d=mm&r=g","contentUrl":"https:\/\/secure.gravatar.com\/avatar\/50d5eb5b390f8b65ac30ac6f898eb83a?s=96&d=mm&r=g","caption":"Guin\u00e9e Diversit\u00e9"},"url":"https:\/\/guineediversite.com\/index.php\/author\/guineediversite\/"}]}},"_links":{"self":[{"href":"https:\/\/guineediversite.com\/index.php\/wp-json\/wp\/v2\/posts\/27619"}],"collection":[{"href":"https:\/\/guineediversite.com\/index.php\/wp-json\/wp\/v2\/posts"}],"about":[{"href":"https:\/\/guineediversite.com\/index.php\/wp-json\/wp\/v2\/types\/post"}],"author":[{"embeddable":true,"href":"https:\/\/guineediversite.com\/index.php\/wp-json\/wp\/v2\/users\/12"}],"replies":[{"embeddable":true,"href":"https:\/\/guineediversite.com\/index.php\/wp-json\/wp\/v2\/comments?post=27619"}],"version-history":[{"count":0,"href":"https:\/\/guineediversite.com\/index.php\/wp-json\/wp\/v2\/posts\/27619\/revisions"}],"wp:featuredmedia":[{"embeddable":true,"href":"https:\/\/guineediversite.com\/index.php\/wp-json\/wp\/v2\/media\/27620"}],"wp:attachment":[{"href":"https:\/\/guineediversite.com\/index.php\/wp-json\/wp\/v2\/media?parent=27619"}],"wp:term":[{"taxonomy":"category","embeddable":true,"href":"https:\/\/guineediversite.com\/index.php\/wp-json\/wp\/v2\/categories?post=27619"},{"taxonomy":"post_tag","embeddable":true,"href":"https:\/\/guineediversite.com\/index.php\/wp-json\/wp\/v2\/tags?post=27619"}],"curies":[{"name":"wp","href":"https:\/\/api.w.org\/{rel}","templated":true}]}}