{"id":27598,"date":"2018-12-18T14:45:48","date_gmt":"2018-12-18T13:45:48","guid":{"rendered":"https:\/\/guineediversite.com\/?p=27598"},"modified":"2018-12-18T14:55:45","modified_gmt":"2018-12-18T13:55:45","slug":"lancement-de-la-semaine-de-la-citoyennete-alpha-conde-quitte-precipitamment-la-salle","status":"publish","type":"post","link":"https:\/\/guineediversite.com\/index.php\/2018\/12\/18\/lancement-de-la-semaine-de-la-citoyennete-alpha-conde-quitte-precipitamment-la-salle\/","title":{"rendered":"Lancement de la semaine de la citoyennet\u00e9 :\u00a0Alpha Cond\u00e9 quitte pr\u00e9cipitamment la salle"},"content":{"rendered":"<p><strong><span id=\"p24\">Le Chef de l\u2019Etat Alpha Cond\u00e9 a pr\u00e9sid\u00e9 lundi 17 d\u00e9cembre au lancement de la troisi\u00e8me \u00e9dition de la semaine nationale de la citoyennet\u00e9 et de la paix\u00a0<span id=\"p23\">(<span id=\"25\" class=\"s-rg-t\">SENACIP<\/span>)<\/span>.<\/span><span id=\"p4\">\u00a0La salle des f\u00eates de l&rsquo;Universit\u00e9 Gamal Abdel Nasser de Conakry a servi de cadre \u00e0 ce lancement sous la pr\u00e9sence \u00e9galement, de plusieurs diplomates accr\u00e9dit\u00e9s dans le pays.<\/span><span id=\"p5\"><br \/>\n<\/span><\/strong><br \/>\n<span id=\"p6\">Apr\u00e8s\u00a0le\u00a0discours\u00a0de Moundjour\u00a0<span id=\"20\">Cherif<\/span>\u00a0chef de cabinet au Gouvernorat de la ville de Conakry et repr\u00e9sentant le Gouverneur Mathurin Bangoura, l&rsquo;honneur a \u00e9t\u00e9 donn\u00e9 au tout nouveau ministre de l&rsquo;Unit\u00e9 nationale et de la paix qui a d&rsquo;ailleurs pris fonction quelques heures plut\u00f4t, de tenir son discours de circonstance.<\/span><span id=\"p7\">\u00a0Discours dans lequel il a exhort\u00e9 les citoyens \u00e0 plus de civisme pour gagner le pari de ces 7 jours d\u2019actions cibl\u00e9es.<br \/>\n<\/span><\/p>\n<p><span id=\"p26\">Apr\u00e8s son discours, au moment o\u00f9 toute l&rsquo;assistance s&rsquo;appr\u00eatait \u00e0 \u00e9couter le discours du pr\u00e9sident de la R\u00e9publique pour lancer de fa\u00e7on officielle cette activit\u00e9, Alpha Cond\u00e9 a quitt\u00e9 pr\u00e9cipitamment la salle sans dire un mot et sans m\u00eame dire au revoir \u00e0 toutes ces repr\u00e9sentations diplomatiques qui \u00e9taient invit\u00e9es pour l&rsquo;occasion.<\/span><span id=\"p9\"><br \/>\n<\/span><br \/>\n<span id=\"p10\">Pour le moment\u00a0<span id=\"14\">nous n<\/span>\u2019avons pas eu d\u2019informations sur la cause r\u00e9elle du comportement du Pr\u00e9sident Alpha Cond\u00e9.<\/span><span id=\"p11\">\u00a0<\/span><br \/>\n<span id=\"p27\">Nous y reviendrons.<\/span><\/p>\n<p>Moussa Mo\u00efse Keita<\/p>\n","protected":false},"excerpt":{"rendered":"<p>Le Chef de l\u2019Etat Alpha Cond\u00e9 a pr\u00e9sid\u00e9 lundi 17 d\u00e9cembre au lancement de la troisi\u00e8me \u00e9dition de la semaine nationale de la citoyennet\u00e9 et de la paix\u00a0(SENACIP).\u00a0La salle des f\u00eates de l&rsquo;Universit\u00e9 Gamal Abdel Nasser de Conakry a servi de cadre \u00e0 ce lancement sous la pr\u00e9sence \u00e9galement, de plusieurs diplomates accr\u00e9dit\u00e9s dans le [&hellip;]<\/p>\n","protected":false},"author":16,"featured_media":27599,"comment_status":"closed","ping_status":"closed","sticky":false,"template":"","format":"standard","meta":{"_exactmetrics_skip_tracking":false,"_exactmetrics_sitenote_active":false,"_exactmetrics_sitenote_note":"","_exactmetrics_sitenote_category":0,"tdm_status":"","tdm_grid_status":"","footnotes":""},"categories":[14],"tags":[226,41,428],"class_list":{"0":"post-27598","1":"post","2":"type-post","3":"status-publish","4":"format-standard","5":"has-post-thumbnail","7":"category-politique","8":"tag-alpha-conde","9":"tag-guinee","10":"tag-semaine-de-la-citoyennete"},"yoast_head":"<!-- This site is optimized with the Yoast SEO plugin v24.2 - https:\/\/yoast.com\/wordpress\/plugins\/seo\/ -->\n<title>Lancement de la semaine de la citoyennet\u00e9 :\u00a0Alpha Cond\u00e9 quitte pr\u00e9cipitamment la salle | Guin\u00e9e Diversit\u00e9<\/title>\n<meta name=\"robots\" content=\"index, follow, max-snippet:-1, max-image-preview:large, max-video-preview:-1\" \/>\n<link rel=\"canonical\" href=\"https:\/\/guineediversite.com\/index.php\/2018\/12\/18\/lancement-de-la-semaine-de-la-citoyennete-alpha-conde-quitte-precipitamment-la-salle\/\" \/>\n<meta property=\"og:locale\" content=\"fr_FR\" \/>\n<meta property=\"og:type\" content=\"article\" \/>\n<meta property=\"og:title\" content=\"Lancement de la semaine de la citoyennet\u00e9 :\u00a0Alpha Cond\u00e9 quitte pr\u00e9cipitamment la salle | Guin\u00e9e Diversit\u00e9\" \/>\n<meta property=\"og:description\" content=\"Le Chef de l\u2019Etat Alpha Cond\u00e9 a pr\u00e9sid\u00e9 lundi 17 d\u00e9cembre au lancement de la troisi\u00e8me \u00e9dition de la semaine nationale de la citoyennet\u00e9 et de la paix\u00a0(SENACIP).\u00a0La salle des f\u00eates de l&rsquo;Universit\u00e9 Gamal Abdel Nasser de Conakry a servi de cadre \u00e0 ce lancement sous la pr\u00e9sence \u00e9galement, de plusieurs diplomates accr\u00e9dit\u00e9s dans le [&hellip;]\" \/>\n<meta property=\"og:url\" content=\"https:\/\/guineediversite.com\/index.php\/2018\/12\/18\/lancement-de-la-semaine-de-la-citoyennete-alpha-conde-quitte-precipitamment-la-salle\/\" \/>\n<meta property=\"og:site_name\" content=\"Guin\u00e9e Diversit\u00e9\" \/>\n<meta property=\"article:publisher\" content=\"https:\/\/www.facebook.com\/guineediversite\/\" \/>\n<meta property=\"article:published_time\" content=\"2018-12-18T13:45:48+00:00\" \/>\n<meta property=\"article:modified_time\" content=\"2018-12-18T13:55:45+00:00\" \/>\n<meta property=\"og:image\" content=\"https:\/\/guineediversite.com\/wp-content\/uploads\/2018\/12\/48363810_305003976808840_7313783006722785280_n.jpg\" \/>\n\t<meta property=\"og:image:width\" content=\"2048\" \/>\n\t<meta property=\"og:image:height\" content=\"1536\" \/>\n\t<meta property=\"og:image:type\" content=\"image\/jpeg\" \/>\n<meta name=\"author\" content=\"Moussa Mo\u00efse K\u00e9ita\" \/>\n<meta name=\"twitter:card\" content=\"summary_large_image\" \/>\n<meta name=\"twitter:creator\" content=\"@GuineeDiversite\" \/>\n<meta name=\"twitter:site\" content=\"@GuineeDiversite\" \/>\n<meta name=\"twitter:label1\" content=\"\u00c9crit par\" \/>\n\t<meta name=\"twitter:data1\" content=\"Moussa Mo\u00efse K\u00e9ita\" \/>\n\t<meta name=\"twitter:label2\" content=\"Dur\u00e9e de lecture estim\u00e9e\" \/>\n\t<meta name=\"twitter:data2\" content=\"1 minute\" \/>\n<script type=\"application\/ld+json\" class=\"yoast-schema-graph\">{\"@context\":\"https:\/\/schema.org\",\"@graph\":[{\"@type\":\"Article\",\"@id\":\"https:\/\/guineediversite.com\/index.php\/2018\/12\/18\/lancement-de-la-semaine-de-la-citoyennete-alpha-conde-quitte-precipitamment-la-salle\/#article\",\"isPartOf\":{\"@id\":\"https:\/\/guineediversite.com\/index.php\/2018\/12\/18\/lancement-de-la-semaine-de-la-citoyennete-alpha-conde-quitte-precipitamment-la-salle\/\"},\"author\":{\"name\":\"Moussa Mo\u00efse K\u00e9ita\",\"@id\":\"https:\/\/guineediversite.com\/#\/schema\/person\/079ec347f72d2acde4b56a50a4fd46dc\"},\"headline\":\"Lancement de la semaine de la citoyennet\u00e9 :\u00a0Alpha Cond\u00e9 quitte pr\u00e9cipitamment la salle\",\"datePublished\":\"2018-12-18T13:45:48+00:00\",\"dateModified\":\"2018-12-18T13:55:45+00:00\",\"mainEntityOfPage\":{\"@id\":\"https:\/\/guineediversite.com\/index.php\/2018\/12\/18\/lancement-de-la-semaine-de-la-citoyennete-alpha-conde-quitte-precipitamment-la-salle\/\"},\"wordCount\":249,\"publisher\":{\"@id\":\"https:\/\/guineediversite.com\/#organization\"},\"image\":{\"@id\":\"https:\/\/guineediversite.com\/index.php\/2018\/12\/18\/lancement-de-la-semaine-de-la-citoyennete-alpha-conde-quitte-precipitamment-la-salle\/#primaryimage\"},\"thumbnailUrl\":\"https:\/\/guineediversite.com\/wp-content\/uploads\/2018\/12\/48363810_305003976808840_7313783006722785280_n.jpg\",\"keywords\":[\"Alpha Cond\u00e9\",\"Guin\u00e9e\",\"semaine de la citoyennet\u00e9\"],\"articleSection\":[\"Politique\"],\"inLanguage\":\"fr-FR\"},{\"@type\":\"WebPage\",\"@id\":\"https:\/\/guineediversite.com\/index.php\/2018\/12\/18\/lancement-de-la-semaine-de-la-citoyennete-alpha-conde-quitte-precipitamment-la-salle\/\",\"url\":\"https:\/\/guineediversite.com\/index.php\/2018\/12\/18\/lancement-de-la-semaine-de-la-citoyennete-alpha-conde-quitte-precipitamment-la-salle\/\",\"name\":\"Lancement de la semaine de la citoyennet\u00e9 :\u00a0Alpha Cond\u00e9 quitte pr\u00e9cipitamment la salle | Guin\u00e9e Diversit\u00e9\",\"isPartOf\":{\"@id\":\"https:\/\/guineediversite.com\/#website\"},\"primaryImageOfPage\":{\"@id\":\"https:\/\/guineediversite.com\/index.php\/2018\/12\/18\/lancement-de-la-semaine-de-la-citoyennete-alpha-conde-quitte-precipitamment-la-salle\/#primaryimage\"},\"image\":{\"@id\":\"https:\/\/guineediversite.com\/index.php\/2018\/12\/18\/lancement-de-la-semaine-de-la-citoyennete-alpha-conde-quitte-precipitamment-la-salle\/#primaryimage\"},\"thumbnailUrl\":\"https:\/\/guineediversite.com\/wp-content\/uploads\/2018\/12\/48363810_305003976808840_7313783006722785280_n.jpg\",\"datePublished\":\"2018-12-18T13:45:48+00:00\",\"dateModified\":\"2018-12-18T13:55:45+00:00\",\"breadcrumb\":{\"@id\":\"https:\/\/guineediversite.com\/index.php\/2018\/12\/18\/lancement-de-la-semaine-de-la-citoyennete-alpha-conde-quitte-precipitamment-la-salle\/#breadcrumb\"},\"inLanguage\":\"fr-FR\",\"potentialAction\":[{\"@type\":\"ReadAction\",\"target\":[\"https:\/\/guineediversite.com\/index.php\/2018\/12\/18\/lancement-de-la-semaine-de-la-citoyennete-alpha-conde-quitte-precipitamment-la-salle\/\"]}]},{\"@type\":\"ImageObject\",\"inLanguage\":\"fr-FR\",\"@id\":\"https:\/\/guineediversite.com\/index.php\/2018\/12\/18\/lancement-de-la-semaine-de-la-citoyennete-alpha-conde-quitte-precipitamment-la-salle\/#primaryimage\",\"url\":\"https:\/\/guineediversite.com\/wp-content\/uploads\/2018\/12\/48363810_305003976808840_7313783006722785280_n.jpg\",\"contentUrl\":\"https:\/\/guineediversite.com\/wp-content\/uploads\/2018\/12\/48363810_305003976808840_7313783006722785280_n.jpg\",\"width\":2048,\"height\":1536},{\"@type\":\"BreadcrumbList\",\"@id\":\"https:\/\/guineediversite.com\/index.php\/2018\/12\/18\/lancement-de-la-semaine-de-la-citoyennete-alpha-conde-quitte-precipitamment-la-salle\/#breadcrumb\",\"itemListElement\":[{\"@type\":\"ListItem\",\"position\":1,\"name\":\"Accueil\",\"item\":\"https:\/\/guineediversite.com\/\"},{\"@type\":\"ListItem\",\"position\":2,\"name\":\"Lancement de la semaine de la citoyennet\u00e9 :\u00a0Alpha Cond\u00e9 quitte pr\u00e9cipitamment la salle\"}]},{\"@type\":\"WebSite\",\"@id\":\"https:\/\/guineediversite.com\/#website\",\"url\":\"https:\/\/guineediversite.com\/\",\"name\":\"Guin\u00e9e Diversit\u00e9\",\"description\":\"L&#039;Info dans toute sa diversit\u00e9\",\"publisher\":{\"@id\":\"https:\/\/guineediversite.com\/#organization\"},\"potentialAction\":[{\"@type\":\"SearchAction\",\"target\":{\"@type\":\"EntryPoint\",\"urlTemplate\":\"https:\/\/guineediversite.com\/?s={search_term_string}\"},\"query-input\":{\"@type\":\"PropertyValueSpecification\",\"valueRequired\":true,\"valueName\":\"search_term_string\"}}],\"inLanguage\":\"fr-FR\"},{\"@type\":\"Organization\",\"@id\":\"https:\/\/guineediversite.com\/#organization\",\"name\":\"Guin\u00e9e Diversit\u00e9\",\"url\":\"https:\/\/guineediversite.com\/\",\"logo\":{\"@type\":\"ImageObject\",\"inLanguage\":\"fr-FR\",\"@id\":\"https:\/\/guineediversite.com\/#\/schema\/logo\/image\/\",\"url\":\"https:\/\/guineediversite.com\/wp-content\/uploads\/2017\/04\/cropped-1jojlxEOMkX9Wyqfhe43D6kjPOGqBBKmx3EwWJqZ0cMrFF54yM49.png\",\"contentUrl\":\"https:\/\/guineediversite.com\/wp-content\/uploads\/2017\/04\/cropped-1jojlxEOMkX9Wyqfhe43D6kjPOGqBBKmx3EwWJqZ0cMrFF54yM49.png\",\"width\":186,\"height\":112,\"caption\":\"Guin\u00e9e Diversit\u00e9\"},\"image\":{\"@id\":\"https:\/\/guineediversite.com\/#\/schema\/logo\/image\/\"},\"sameAs\":[\"https:\/\/www.facebook.com\/guineediversite\/\",\"https:\/\/x.com\/GuineeDiversite\",\"https:\/\/www.youtube.com\/channel\/UC8sUY16qelG5ge6_D5SB83g\"]},{\"@type\":\"Person\",\"@id\":\"https:\/\/guineediversite.com\/#\/schema\/person\/079ec347f72d2acde4b56a50a4fd46dc\",\"name\":\"Moussa Mo\u00efse K\u00e9ita\",\"image\":{\"@type\":\"ImageObject\",\"inLanguage\":\"fr-FR\",\"@id\":\"https:\/\/guineediversite.com\/#\/schema\/person\/image\/\",\"url\":\"https:\/\/secure.gravatar.com\/avatar\/edf1ea2cc01841e6c0b49384bcb1385b?s=96&d=mm&r=g\",\"contentUrl\":\"https:\/\/secure.gravatar.com\/avatar\/edf1ea2cc01841e6c0b49384bcb1385b?s=96&d=mm&r=g\",\"caption\":\"Moussa Mo\u00efse K\u00e9ita\"},\"url\":\"https:\/\/guineediversite.com\/index.php\/author\/moussa-moise\/\"}]}<\/script>\n<!-- \/ Yoast SEO plugin. -->","yoast_head_json":{"title":"Lancement de la semaine de la citoyennet\u00e9 :\u00a0Alpha Cond\u00e9 quitte pr\u00e9cipitamment la salle | Guin\u00e9e Diversit\u00e9","robots":{"index":"index","follow":"follow","max-snippet":"max-snippet:-1","max-image-preview":"max-image-preview:large","max-video-preview":"max-video-preview:-1"},"canonical":"https:\/\/guineediversite.com\/index.php\/2018\/12\/18\/lancement-de-la-semaine-de-la-citoyennete-alpha-conde-quitte-precipitamment-la-salle\/","og_locale":"fr_FR","og_type":"article","og_title":"Lancement de la semaine de la citoyennet\u00e9 :\u00a0Alpha Cond\u00e9 quitte pr\u00e9cipitamment la salle | Guin\u00e9e Diversit\u00e9","og_description":"Le Chef de l\u2019Etat Alpha Cond\u00e9 a pr\u00e9sid\u00e9 lundi 17 d\u00e9cembre au lancement de la troisi\u00e8me \u00e9dition de la semaine nationale de la citoyennet\u00e9 et de la paix\u00a0(SENACIP).\u00a0La salle des f\u00eates de l&rsquo;Universit\u00e9 Gamal Abdel Nasser de Conakry a servi de cadre \u00e0 ce lancement sous la pr\u00e9sence \u00e9galement, de plusieurs diplomates accr\u00e9dit\u00e9s dans le [&hellip;]","og_url":"https:\/\/guineediversite.com\/index.php\/2018\/12\/18\/lancement-de-la-semaine-de-la-citoyennete-alpha-conde-quitte-precipitamment-la-salle\/","og_site_name":"Guin\u00e9e Diversit\u00e9","article_publisher":"https:\/\/www.facebook.com\/guineediversite\/","article_published_time":"2018-12-18T13:45:48+00:00","article_modified_time":"2018-12-18T13:55:45+00:00","og_image":[{"width":2048,"height":1536,"url":"https:\/\/guineediversite.com\/wp-content\/uploads\/2018\/12\/48363810_305003976808840_7313783006722785280_n.jpg","type":"image\/jpeg"}],"author":"Moussa Mo\u00efse K\u00e9ita","twitter_card":"summary_large_image","twitter_creator":"@GuineeDiversite","twitter_site":"@GuineeDiversite","twitter_misc":{"\u00c9crit par":"Moussa Mo\u00efse K\u00e9ita","Dur\u00e9e de lecture estim\u00e9e":"1 minute"},"schema":{"@context":"https:\/\/schema.org","@graph":[{"@type":"Article","@id":"https:\/\/guineediversite.com\/index.php\/2018\/12\/18\/lancement-de-la-semaine-de-la-citoyennete-alpha-conde-quitte-precipitamment-la-salle\/#article","isPartOf":{"@id":"https:\/\/guineediversite.com\/index.php\/2018\/12\/18\/lancement-de-la-semaine-de-la-citoyennete-alpha-conde-quitte-precipitamment-la-salle\/"},"author":{"name":"Moussa Mo\u00efse K\u00e9ita","@id":"https:\/\/guineediversite.com\/#\/schema\/person\/079ec347f72d2acde4b56a50a4fd46dc"},"headline":"Lancement de la semaine de la citoyennet\u00e9 :\u00a0Alpha Cond\u00e9 quitte pr\u00e9cipitamment la salle","datePublished":"2018-12-18T13:45:48+00:00","dateModified":"2018-12-18T13:55:45+00:00","mainEntityOfPage":{"@id":"https:\/\/guineediversite.com\/index.php\/2018\/12\/18\/lancement-de-la-semaine-de-la-citoyennete-alpha-conde-quitte-precipitamment-la-salle\/"},"wordCount":249,"publisher":{"@id":"https:\/\/guineediversite.com\/#organization"},"image":{"@id":"https:\/\/guineediversite.com\/index.php\/2018\/12\/18\/lancement-de-la-semaine-de-la-citoyennete-alpha-conde-quitte-precipitamment-la-salle\/#primaryimage"},"thumbnailUrl":"https:\/\/guineediversite.com\/wp-content\/uploads\/2018\/12\/48363810_305003976808840_7313783006722785280_n.jpg","keywords":["Alpha Cond\u00e9","Guin\u00e9e","semaine de la citoyennet\u00e9"],"articleSection":["Politique"],"inLanguage":"fr-FR"},{"@type":"WebPage","@id":"https:\/\/guineediversite.com\/index.php\/2018\/12\/18\/lancement-de-la-semaine-de-la-citoyennete-alpha-conde-quitte-precipitamment-la-salle\/","url":"https:\/\/guineediversite.com\/index.php\/2018\/12\/18\/lancement-de-la-semaine-de-la-citoyennete-alpha-conde-quitte-precipitamment-la-salle\/","name":"Lancement de la semaine de la citoyennet\u00e9 :\u00a0Alpha Cond\u00e9 quitte pr\u00e9cipitamment la salle | Guin\u00e9e Diversit\u00e9","isPartOf":{"@id":"https:\/\/guineediversite.com\/#website"},"primaryImageOfPage":{"@id":"https:\/\/guineediversite.com\/index.php\/2018\/12\/18\/lancement-de-la-semaine-de-la-citoyennete-alpha-conde-quitte-precipitamment-la-salle\/#primaryimage"},"image":{"@id":"https:\/\/guineediversite.com\/index.php\/2018\/12\/18\/lancement-de-la-semaine-de-la-citoyennete-alpha-conde-quitte-precipitamment-la-salle\/#primaryimage"},"thumbnailUrl":"https:\/\/guineediversite.com\/wp-content\/uploads\/2018\/12\/48363810_305003976808840_7313783006722785280_n.jpg","datePublished":"2018-12-18T13:45:48+00:00","dateModified":"2018-12-18T13:55:45+00:00","breadcrumb":{"@id":"https:\/\/guineediversite.com\/index.php\/2018\/12\/18\/lancement-de-la-semaine-de-la-citoyennete-alpha-conde-quitte-precipitamment-la-salle\/#breadcrumb"},"inLanguage":"fr-FR","potentialAction":[{"@type":"ReadAction","target":["https:\/\/guineediversite.com\/index.php\/2018\/12\/18\/lancement-de-la-semaine-de-la-citoyennete-alpha-conde-quitte-precipitamment-la-salle\/"]}]},{"@type":"ImageObject","inLanguage":"fr-FR","@id":"https:\/\/guineediversite.com\/index.php\/2018\/12\/18\/lancement-de-la-semaine-de-la-citoyennete-alpha-conde-quitte-precipitamment-la-salle\/#primaryimage","url":"https:\/\/guineediversite.com\/wp-content\/uploads\/2018\/12\/48363810_305003976808840_7313783006722785280_n.jpg","contentUrl":"https:\/\/guineediversite.com\/wp-content\/uploads\/2018\/12\/48363810_305003976808840_7313783006722785280_n.jpg","width":2048,"height":1536},{"@type":"BreadcrumbList","@id":"https:\/\/guineediversite.com\/index.php\/2018\/12\/18\/lancement-de-la-semaine-de-la-citoyennete-alpha-conde-quitte-precipitamment-la-salle\/#breadcrumb","itemListElement":[{"@type":"ListItem","position":1,"name":"Accueil","item":"https:\/\/guineediversite.com\/"},{"@type":"ListItem","position":2,"name":"Lancement de la semaine de la citoyennet\u00e9 :\u00a0Alpha Cond\u00e9 quitte pr\u00e9cipitamment la salle"}]},{"@type":"WebSite","@id":"https:\/\/guineediversite.com\/#website","url":"https:\/\/guineediversite.com\/","name":"Guin\u00e9e Diversit\u00e9","description":"L&#039;Info dans toute sa diversit\u00e9","publisher":{"@id":"https:\/\/guineediversite.com\/#organization"},"potentialAction":[{"@type":"SearchAction","target":{"@type":"EntryPoint","urlTemplate":"https:\/\/guineediversite.com\/?s={search_term_string}"},"query-input":{"@type":"PropertyValueSpecification","valueRequired":true,"valueName":"search_term_string"}}],"inLanguage":"fr-FR"},{"@type":"Organization","@id":"https:\/\/guineediversite.com\/#organization","name":"Guin\u00e9e Diversit\u00e9","url":"https:\/\/guineediversite.com\/","logo":{"@type":"ImageObject","inLanguage":"fr-FR","@id":"https:\/\/guineediversite.com\/#\/schema\/logo\/image\/","url":"https:\/\/guineediversite.com\/wp-content\/uploads\/2017\/04\/cropped-1jojlxEOMkX9Wyqfhe43D6kjPOGqBBKmx3EwWJqZ0cMrFF54yM49.png","contentUrl":"https:\/\/guineediversite.com\/wp-content\/uploads\/2017\/04\/cropped-1jojlxEOMkX9Wyqfhe43D6kjPOGqBBKmx3EwWJqZ0cMrFF54yM49.png","width":186,"height":112,"caption":"Guin\u00e9e Diversit\u00e9"},"image":{"@id":"https:\/\/guineediversite.com\/#\/schema\/logo\/image\/"},"sameAs":["https:\/\/www.facebook.com\/guineediversite\/","https:\/\/x.com\/GuineeDiversite","https:\/\/www.youtube.com\/channel\/UC8sUY16qelG5ge6_D5SB83g"]},{"@type":"Person","@id":"https:\/\/guineediversite.com\/#\/schema\/person\/079ec347f72d2acde4b56a50a4fd46dc","name":"Moussa Mo\u00efse K\u00e9ita","image":{"@type":"ImageObject","inLanguage":"fr-FR","@id":"https:\/\/guineediversite.com\/#\/schema\/person\/image\/","url":"https:\/\/secure.gravatar.com\/avatar\/edf1ea2cc01841e6c0b49384bcb1385b?s=96&d=mm&r=g","contentUrl":"https:\/\/secure.gravatar.com\/avatar\/edf1ea2cc01841e6c0b49384bcb1385b?s=96&d=mm&r=g","caption":"Moussa Mo\u00efse K\u00e9ita"},"url":"https:\/\/guineediversite.com\/index.php\/author\/moussa-moise\/"}]}},"_links":{"self":[{"href":"https:\/\/guineediversite.com\/index.php\/wp-json\/wp\/v2\/posts\/27598"}],"collection":[{"href":"https:\/\/guineediversite.com\/index.php\/wp-json\/wp\/v2\/posts"}],"about":[{"href":"https:\/\/guineediversite.com\/index.php\/wp-json\/wp\/v2\/types\/post"}],"author":[{"embeddable":true,"href":"https:\/\/guineediversite.com\/index.php\/wp-json\/wp\/v2\/users\/16"}],"replies":[{"embeddable":true,"href":"https:\/\/guineediversite.com\/index.php\/wp-json\/wp\/v2\/comments?post=27598"}],"version-history":[{"count":0,"href":"https:\/\/guineediversite.com\/index.php\/wp-json\/wp\/v2\/posts\/27598\/revisions"}],"wp:featuredmedia":[{"embeddable":true,"href":"https:\/\/guineediversite.com\/index.php\/wp-json\/wp\/v2\/media\/27599"}],"wp:attachment":[{"href":"https:\/\/guineediversite.com\/index.php\/wp-json\/wp\/v2\/media?parent=27598"}],"wp:term":[{"taxonomy":"category","embeddable":true,"href":"https:\/\/guineediversite.com\/index.php\/wp-json\/wp\/v2\/categories?post=27598"},{"taxonomy":"post_tag","embeddable":true,"href":"https:\/\/guineediversite.com\/index.php\/wp-json\/wp\/v2\/tags?post=27598"}],"curies":[{"name":"wp","href":"https:\/\/api.w.org\/{rel}","templated":true}]}}