{"id":27596,"date":"2018-12-18T16:05:48","date_gmt":"2018-12-18T15:05:48","guid":{"rendered":"https:\/\/guineediversite.com\/?p=27596"},"modified":"2018-12-18T16:08:51","modified_gmt":"2018-12-18T15:08:51","slug":"conakry-la-circulation-routiere-bloquee-a-kipe-a-cause-de-la-manifestation-des-eleves","status":"publish","type":"post","link":"https:\/\/guineediversite.com\/index.php\/2018\/12\/18\/conakry-la-circulation-routiere-bloquee-a-kipe-a-cause-de-la-manifestation-des-eleves\/","title":{"rendered":"Conakry : La circulation routi\u00e8re bloqu\u00e9e \u00e0 Kip\u00e9 \u00e0 cause de la manifestation des \u00e9l\u00e8ves"},"content":{"rendered":"<p>Des \u00e9l\u00e8ves de Kip\u00e9 sont une nouvelle fois descendus dans les rues dans la matin\u00e9e \u00a0de ce mardi pour r\u00e9clamer le retour des enseignants titulaires dans les salles de classes. Pour se faire entendre, ces \u00e9coliers ont \u00e9rig\u00e9 des barricades sur la principale voie et br\u00fble des pneus. Ce qui a paralys\u00e9 la circulation routi\u00e8re pendant un bon moment.<\/p>\n<p>Nous apprenons que des agents des forces de l\u2019ordre sont finalement intervenus vers 11h pour r\u00e9tablir la circulation.<\/p>\n<p>Au moment o\u00f9 nous mettons cet article en ligne, \u00e9l\u00e8ves et policiers s\u2019affrontent dans le couloir du coll\u00e8ge et lyc\u00e9e Kip\u00e9. Ces manifestants d\u00e9termin\u00e9s \u00e0 exprimer leur m\u00e9contentement, lancent des cailloux en direction des forces de s\u00e9curit\u00e9 qui r\u00e9pliquent par les coups de gaz lacrymog\u00e8ne.<\/p>\n<p>C\u2019est la 2\u00e8 journ\u00e9e cons\u00e9cutive ce mardi que des coll\u00e9giens et lyc\u00e9ens de Kip\u00e9 descendent dans la rue pour r\u00e9clamer le retour de leurs \u2018\u2019ma\u00eetres titulaires\u2019\u2019 \u00e0 l\u2019\u00e9cole.<\/p>\n<p>kalenews<\/p>\n","protected":false},"excerpt":{"rendered":"<p>Des \u00e9l\u00e8ves de Kip\u00e9 sont une nouvelle fois descendus dans les rues dans la matin\u00e9e \u00a0de ce mardi pour r\u00e9clamer le retour des enseignants titulaires dans les salles de classes. Pour se faire entendre, ces \u00e9coliers ont \u00e9rig\u00e9 des barricades sur la principale voie et br\u00fble des pneus. Ce qui a paralys\u00e9 la circulation routi\u00e8re [&hellip;]<\/p>\n","protected":false},"author":7,"featured_media":27614,"comment_status":"closed","ping_status":"closed","sticky":false,"template":"","format":"standard","meta":{"_exactmetrics_skip_tracking":false,"_exactmetrics_sitenote_active":false,"_exactmetrics_sitenote_note":"","_exactmetrics_sitenote_category":0,"tdm_status":"","tdm_grid_status":"","footnotes":""},"categories":[1,16],"tags":[],"class_list":{"0":"post-27596","1":"post","2":"type-post","3":"status-publish","4":"format-standard","5":"has-post-thumbnail","7":"category-non-classe","8":"category-societe"},"yoast_head":"<!-- This site is optimized with the Yoast SEO plugin v24.2 - https:\/\/yoast.com\/wordpress\/plugins\/seo\/ -->\n<title>Conakry : La circulation routi\u00e8re bloqu\u00e9e \u00e0 Kip\u00e9 \u00e0 cause de la manifestation des \u00e9l\u00e8ves | Guin\u00e9e Diversit\u00e9<\/title>\n<meta name=\"robots\" content=\"index, follow, max-snippet:-1, max-image-preview:large, max-video-preview:-1\" \/>\n<link rel=\"canonical\" href=\"https:\/\/guineediversite.com\/index.php\/2018\/12\/18\/conakry-la-circulation-routiere-bloquee-a-kipe-a-cause-de-la-manifestation-des-eleves\/\" \/>\n<meta property=\"og:locale\" content=\"fr_FR\" \/>\n<meta property=\"og:type\" content=\"article\" \/>\n<meta property=\"og:title\" content=\"Conakry : La circulation routi\u00e8re bloqu\u00e9e \u00e0 Kip\u00e9 \u00e0 cause de la manifestation des \u00e9l\u00e8ves | Guin\u00e9e Diversit\u00e9\" \/>\n<meta property=\"og:description\" content=\"Des \u00e9l\u00e8ves de Kip\u00e9 sont une nouvelle fois descendus dans les rues dans la matin\u00e9e \u00a0de ce mardi pour r\u00e9clamer le retour des enseignants titulaires dans les salles de classes. Pour se faire entendre, ces \u00e9coliers ont \u00e9rig\u00e9 des barricades sur la principale voie et br\u00fble des pneus. Ce qui a paralys\u00e9 la circulation routi\u00e8re [&hellip;]\" \/>\n<meta property=\"og:url\" content=\"https:\/\/guineediversite.com\/index.php\/2018\/12\/18\/conakry-la-circulation-routiere-bloquee-a-kipe-a-cause-de-la-manifestation-des-eleves\/\" \/>\n<meta property=\"og:site_name\" content=\"Guin\u00e9e Diversit\u00e9\" \/>\n<meta property=\"article:publisher\" content=\"https:\/\/www.facebook.com\/guineediversite\/\" \/>\n<meta property=\"article:published_time\" content=\"2018-12-18T15:05:48+00:00\" \/>\n<meta property=\"article:modified_time\" content=\"2018-12-18T15:08:51+00:00\" \/>\n<meta property=\"og:image\" content=\"https:\/\/guineediversite.com\/wp-content\/uploads\/2018\/12\/t\u00e9l\u00e9chargement-2.jpg\" \/>\n\t<meta property=\"og:image:width\" content=\"1024\" \/>\n\t<meta property=\"og:image:height\" content=\"705\" \/>\n\t<meta property=\"og:image:type\" content=\"image\/jpeg\" \/>\n<meta name=\"author\" content=\"Bilguissa Diallo\" \/>\n<meta name=\"twitter:card\" content=\"summary_large_image\" \/>\n<meta name=\"twitter:creator\" content=\"@GuineeDiversite\" \/>\n<meta name=\"twitter:site\" content=\"@GuineeDiversite\" \/>\n<meta name=\"twitter:label1\" content=\"\u00c9crit par\" \/>\n\t<meta name=\"twitter:data1\" content=\"Bilguissa Diallo\" \/>\n\t<meta name=\"twitter:label2\" content=\"Dur\u00e9e de lecture estim\u00e9e\" \/>\n\t<meta name=\"twitter:data2\" content=\"1 minute\" \/>\n<script type=\"application\/ld+json\" class=\"yoast-schema-graph\">{\"@context\":\"https:\/\/schema.org\",\"@graph\":[{\"@type\":\"Article\",\"@id\":\"https:\/\/guineediversite.com\/index.php\/2018\/12\/18\/conakry-la-circulation-routiere-bloquee-a-kipe-a-cause-de-la-manifestation-des-eleves\/#article\",\"isPartOf\":{\"@id\":\"https:\/\/guineediversite.com\/index.php\/2018\/12\/18\/conakry-la-circulation-routiere-bloquee-a-kipe-a-cause-de-la-manifestation-des-eleves\/\"},\"author\":{\"name\":\"Bilguissa Diallo\",\"@id\":\"https:\/\/guineediversite.com\/#\/schema\/person\/0e0e3e424768a50d025ac2218ccca73f\"},\"headline\":\"Conakry : La circulation routi\u00e8re bloqu\u00e9e \u00e0 Kip\u00e9 \u00e0 cause de la manifestation des \u00e9l\u00e8ves\",\"datePublished\":\"2018-12-18T15:05:48+00:00\",\"dateModified\":\"2018-12-18T15:08:51+00:00\",\"mainEntityOfPage\":{\"@id\":\"https:\/\/guineediversite.com\/index.php\/2018\/12\/18\/conakry-la-circulation-routiere-bloquee-a-kipe-a-cause-de-la-manifestation-des-eleves\/\"},\"wordCount\":188,\"publisher\":{\"@id\":\"https:\/\/guineediversite.com\/#organization\"},\"image\":{\"@id\":\"https:\/\/guineediversite.com\/index.php\/2018\/12\/18\/conakry-la-circulation-routiere-bloquee-a-kipe-a-cause-de-la-manifestation-des-eleves\/#primaryimage\"},\"thumbnailUrl\":\"https:\/\/guineediversite.com\/wp-content\/uploads\/2018\/12\/t\u00e9l\u00e9chargement-2.jpg\",\"articleSection\":{\"1\":\"Soci\u00e9t\u00e9\"},\"inLanguage\":\"fr-FR\"},{\"@type\":\"WebPage\",\"@id\":\"https:\/\/guineediversite.com\/index.php\/2018\/12\/18\/conakry-la-circulation-routiere-bloquee-a-kipe-a-cause-de-la-manifestation-des-eleves\/\",\"url\":\"https:\/\/guineediversite.com\/index.php\/2018\/12\/18\/conakry-la-circulation-routiere-bloquee-a-kipe-a-cause-de-la-manifestation-des-eleves\/\",\"name\":\"Conakry : La circulation routi\u00e8re bloqu\u00e9e \u00e0 Kip\u00e9 \u00e0 cause de la manifestation des \u00e9l\u00e8ves | Guin\u00e9e Diversit\u00e9\",\"isPartOf\":{\"@id\":\"https:\/\/guineediversite.com\/#website\"},\"primaryImageOfPage\":{\"@id\":\"https:\/\/guineediversite.com\/index.php\/2018\/12\/18\/conakry-la-circulation-routiere-bloquee-a-kipe-a-cause-de-la-manifestation-des-eleves\/#primaryimage\"},\"image\":{\"@id\":\"https:\/\/guineediversite.com\/index.php\/2018\/12\/18\/conakry-la-circulation-routiere-bloquee-a-kipe-a-cause-de-la-manifestation-des-eleves\/#primaryimage\"},\"thumbnailUrl\":\"https:\/\/guineediversite.com\/wp-content\/uploads\/2018\/12\/t\u00e9l\u00e9chargement-2.jpg\",\"datePublished\":\"2018-12-18T15:05:48+00:00\",\"dateModified\":\"2018-12-18T15:08:51+00:00\",\"breadcrumb\":{\"@id\":\"https:\/\/guineediversite.com\/index.php\/2018\/12\/18\/conakry-la-circulation-routiere-bloquee-a-kipe-a-cause-de-la-manifestation-des-eleves\/#breadcrumb\"},\"inLanguage\":\"fr-FR\",\"potentialAction\":[{\"@type\":\"ReadAction\",\"target\":[\"https:\/\/guineediversite.com\/index.php\/2018\/12\/18\/conakry-la-circulation-routiere-bloquee-a-kipe-a-cause-de-la-manifestation-des-eleves\/\"]}]},{\"@type\":\"ImageObject\",\"inLanguage\":\"fr-FR\",\"@id\":\"https:\/\/guineediversite.com\/index.php\/2018\/12\/18\/conakry-la-circulation-routiere-bloquee-a-kipe-a-cause-de-la-manifestation-des-eleves\/#primaryimage\",\"url\":\"https:\/\/guineediversite.com\/wp-content\/uploads\/2018\/12\/t\u00e9l\u00e9chargement-2.jpg\",\"contentUrl\":\"https:\/\/guineediversite.com\/wp-content\/uploads\/2018\/12\/t\u00e9l\u00e9chargement-2.jpg\",\"width\":1024,\"height\":705},{\"@type\":\"BreadcrumbList\",\"@id\":\"https:\/\/guineediversite.com\/index.php\/2018\/12\/18\/conakry-la-circulation-routiere-bloquee-a-kipe-a-cause-de-la-manifestation-des-eleves\/#breadcrumb\",\"itemListElement\":[{\"@type\":\"ListItem\",\"position\":1,\"name\":\"Accueil\",\"item\":\"https:\/\/guineediversite.com\/\"},{\"@type\":\"ListItem\",\"position\":2,\"name\":\"Conakry : La circulation routi\u00e8re bloqu\u00e9e \u00e0 Kip\u00e9 \u00e0 cause de la manifestation des \u00e9l\u00e8ves\"}]},{\"@type\":\"WebSite\",\"@id\":\"https:\/\/guineediversite.com\/#website\",\"url\":\"https:\/\/guineediversite.com\/\",\"name\":\"Guin\u00e9e Diversit\u00e9\",\"description\":\"L&#039;Info dans toute sa diversit\u00e9\",\"publisher\":{\"@id\":\"https:\/\/guineediversite.com\/#organization\"},\"potentialAction\":[{\"@type\":\"SearchAction\",\"target\":{\"@type\":\"EntryPoint\",\"urlTemplate\":\"https:\/\/guineediversite.com\/?s={search_term_string}\"},\"query-input\":{\"@type\":\"PropertyValueSpecification\",\"valueRequired\":true,\"valueName\":\"search_term_string\"}}],\"inLanguage\":\"fr-FR\"},{\"@type\":\"Organization\",\"@id\":\"https:\/\/guineediversite.com\/#organization\",\"name\":\"Guin\u00e9e Diversit\u00e9\",\"url\":\"https:\/\/guineediversite.com\/\",\"logo\":{\"@type\":\"ImageObject\",\"inLanguage\":\"fr-FR\",\"@id\":\"https:\/\/guineediversite.com\/#\/schema\/logo\/image\/\",\"url\":\"https:\/\/guineediversite.com\/wp-content\/uploads\/2017\/04\/cropped-1jojlxEOMkX9Wyqfhe43D6kjPOGqBBKmx3EwWJqZ0cMrFF54yM49.png\",\"contentUrl\":\"https:\/\/guineediversite.com\/wp-content\/uploads\/2017\/04\/cropped-1jojlxEOMkX9Wyqfhe43D6kjPOGqBBKmx3EwWJqZ0cMrFF54yM49.png\",\"width\":186,\"height\":112,\"caption\":\"Guin\u00e9e Diversit\u00e9\"},\"image\":{\"@id\":\"https:\/\/guineediversite.com\/#\/schema\/logo\/image\/\"},\"sameAs\":[\"https:\/\/www.facebook.com\/guineediversite\/\",\"https:\/\/x.com\/GuineeDiversite\",\"https:\/\/www.youtube.com\/channel\/UC8sUY16qelG5ge6_D5SB83g\"]},{\"@type\":\"Person\",\"@id\":\"https:\/\/guineediversite.com\/#\/schema\/person\/0e0e3e424768a50d025ac2218ccca73f\",\"name\":\"Bilguissa Diallo\",\"image\":{\"@type\":\"ImageObject\",\"inLanguage\":\"fr-FR\",\"@id\":\"https:\/\/guineediversite.com\/#\/schema\/person\/image\/\",\"url\":\"https:\/\/secure.gravatar.com\/avatar\/49bbbd2420ee34d62b1b191791f4b5df?s=96&d=mm&r=g\",\"contentUrl\":\"https:\/\/secure.gravatar.com\/avatar\/49bbbd2420ee34d62b1b191791f4b5df?s=96&d=mm&r=g\",\"caption\":\"Bilguissa Diallo\"},\"url\":\"https:\/\/guineediversite.com\/index.php\/author\/bilguissa\/\"}]}<\/script>\n<!-- \/ Yoast SEO plugin. -->","yoast_head_json":{"title":"Conakry : La circulation routi\u00e8re bloqu\u00e9e \u00e0 Kip\u00e9 \u00e0 cause de la manifestation des \u00e9l\u00e8ves | Guin\u00e9e Diversit\u00e9","robots":{"index":"index","follow":"follow","max-snippet":"max-snippet:-1","max-image-preview":"max-image-preview:large","max-video-preview":"max-video-preview:-1"},"canonical":"https:\/\/guineediversite.com\/index.php\/2018\/12\/18\/conakry-la-circulation-routiere-bloquee-a-kipe-a-cause-de-la-manifestation-des-eleves\/","og_locale":"fr_FR","og_type":"article","og_title":"Conakry : La circulation routi\u00e8re bloqu\u00e9e \u00e0 Kip\u00e9 \u00e0 cause de la manifestation des \u00e9l\u00e8ves | Guin\u00e9e Diversit\u00e9","og_description":"Des \u00e9l\u00e8ves de Kip\u00e9 sont une nouvelle fois descendus dans les rues dans la matin\u00e9e \u00a0de ce mardi pour r\u00e9clamer le retour des enseignants titulaires dans les salles de classes. Pour se faire entendre, ces \u00e9coliers ont \u00e9rig\u00e9 des barricades sur la principale voie et br\u00fble des pneus. Ce qui a paralys\u00e9 la circulation routi\u00e8re [&hellip;]","og_url":"https:\/\/guineediversite.com\/index.php\/2018\/12\/18\/conakry-la-circulation-routiere-bloquee-a-kipe-a-cause-de-la-manifestation-des-eleves\/","og_site_name":"Guin\u00e9e Diversit\u00e9","article_publisher":"https:\/\/www.facebook.com\/guineediversite\/","article_published_time":"2018-12-18T15:05:48+00:00","article_modified_time":"2018-12-18T15:08:51+00:00","og_image":[{"width":1024,"height":705,"url":"https:\/\/guineediversite.com\/wp-content\/uploads\/2018\/12\/t\u00e9l\u00e9chargement-2.jpg","type":"image\/jpeg"}],"author":"Bilguissa Diallo","twitter_card":"summary_large_image","twitter_creator":"@GuineeDiversite","twitter_site":"@GuineeDiversite","twitter_misc":{"\u00c9crit par":"Bilguissa Diallo","Dur\u00e9e de lecture estim\u00e9e":"1 minute"},"schema":{"@context":"https:\/\/schema.org","@graph":[{"@type":"Article","@id":"https:\/\/guineediversite.com\/index.php\/2018\/12\/18\/conakry-la-circulation-routiere-bloquee-a-kipe-a-cause-de-la-manifestation-des-eleves\/#article","isPartOf":{"@id":"https:\/\/guineediversite.com\/index.php\/2018\/12\/18\/conakry-la-circulation-routiere-bloquee-a-kipe-a-cause-de-la-manifestation-des-eleves\/"},"author":{"name":"Bilguissa Diallo","@id":"https:\/\/guineediversite.com\/#\/schema\/person\/0e0e3e424768a50d025ac2218ccca73f"},"headline":"Conakry : La circulation routi\u00e8re bloqu\u00e9e \u00e0 Kip\u00e9 \u00e0 cause de la manifestation des \u00e9l\u00e8ves","datePublished":"2018-12-18T15:05:48+00:00","dateModified":"2018-12-18T15:08:51+00:00","mainEntityOfPage":{"@id":"https:\/\/guineediversite.com\/index.php\/2018\/12\/18\/conakry-la-circulation-routiere-bloquee-a-kipe-a-cause-de-la-manifestation-des-eleves\/"},"wordCount":188,"publisher":{"@id":"https:\/\/guineediversite.com\/#organization"},"image":{"@id":"https:\/\/guineediversite.com\/index.php\/2018\/12\/18\/conakry-la-circulation-routiere-bloquee-a-kipe-a-cause-de-la-manifestation-des-eleves\/#primaryimage"},"thumbnailUrl":"https:\/\/guineediversite.com\/wp-content\/uploads\/2018\/12\/t\u00e9l\u00e9chargement-2.jpg","articleSection":{"1":"Soci\u00e9t\u00e9"},"inLanguage":"fr-FR"},{"@type":"WebPage","@id":"https:\/\/guineediversite.com\/index.php\/2018\/12\/18\/conakry-la-circulation-routiere-bloquee-a-kipe-a-cause-de-la-manifestation-des-eleves\/","url":"https:\/\/guineediversite.com\/index.php\/2018\/12\/18\/conakry-la-circulation-routiere-bloquee-a-kipe-a-cause-de-la-manifestation-des-eleves\/","name":"Conakry : La circulation routi\u00e8re bloqu\u00e9e \u00e0 Kip\u00e9 \u00e0 cause de la manifestation des \u00e9l\u00e8ves | Guin\u00e9e Diversit\u00e9","isPartOf":{"@id":"https:\/\/guineediversite.com\/#website"},"primaryImageOfPage":{"@id":"https:\/\/guineediversite.com\/index.php\/2018\/12\/18\/conakry-la-circulation-routiere-bloquee-a-kipe-a-cause-de-la-manifestation-des-eleves\/#primaryimage"},"image":{"@id":"https:\/\/guineediversite.com\/index.php\/2018\/12\/18\/conakry-la-circulation-routiere-bloquee-a-kipe-a-cause-de-la-manifestation-des-eleves\/#primaryimage"},"thumbnailUrl":"https:\/\/guineediversite.com\/wp-content\/uploads\/2018\/12\/t\u00e9l\u00e9chargement-2.jpg","datePublished":"2018-12-18T15:05:48+00:00","dateModified":"2018-12-18T15:08:51+00:00","breadcrumb":{"@id":"https:\/\/guineediversite.com\/index.php\/2018\/12\/18\/conakry-la-circulation-routiere-bloquee-a-kipe-a-cause-de-la-manifestation-des-eleves\/#breadcrumb"},"inLanguage":"fr-FR","potentialAction":[{"@type":"ReadAction","target":["https:\/\/guineediversite.com\/index.php\/2018\/12\/18\/conakry-la-circulation-routiere-bloquee-a-kipe-a-cause-de-la-manifestation-des-eleves\/"]}]},{"@type":"ImageObject","inLanguage":"fr-FR","@id":"https:\/\/guineediversite.com\/index.php\/2018\/12\/18\/conakry-la-circulation-routiere-bloquee-a-kipe-a-cause-de-la-manifestation-des-eleves\/#primaryimage","url":"https:\/\/guineediversite.com\/wp-content\/uploads\/2018\/12\/t\u00e9l\u00e9chargement-2.jpg","contentUrl":"https:\/\/guineediversite.com\/wp-content\/uploads\/2018\/12\/t\u00e9l\u00e9chargement-2.jpg","width":1024,"height":705},{"@type":"BreadcrumbList","@id":"https:\/\/guineediversite.com\/index.php\/2018\/12\/18\/conakry-la-circulation-routiere-bloquee-a-kipe-a-cause-de-la-manifestation-des-eleves\/#breadcrumb","itemListElement":[{"@type":"ListItem","position":1,"name":"Accueil","item":"https:\/\/guineediversite.com\/"},{"@type":"ListItem","position":2,"name":"Conakry : La circulation routi\u00e8re bloqu\u00e9e \u00e0 Kip\u00e9 \u00e0 cause de la manifestation des \u00e9l\u00e8ves"}]},{"@type":"WebSite","@id":"https:\/\/guineediversite.com\/#website","url":"https:\/\/guineediversite.com\/","name":"Guin\u00e9e Diversit\u00e9","description":"L&#039;Info dans toute sa diversit\u00e9","publisher":{"@id":"https:\/\/guineediversite.com\/#organization"},"potentialAction":[{"@type":"SearchAction","target":{"@type":"EntryPoint","urlTemplate":"https:\/\/guineediversite.com\/?s={search_term_string}"},"query-input":{"@type":"PropertyValueSpecification","valueRequired":true,"valueName":"search_term_string"}}],"inLanguage":"fr-FR"},{"@type":"Organization","@id":"https:\/\/guineediversite.com\/#organization","name":"Guin\u00e9e Diversit\u00e9","url":"https:\/\/guineediversite.com\/","logo":{"@type":"ImageObject","inLanguage":"fr-FR","@id":"https:\/\/guineediversite.com\/#\/schema\/logo\/image\/","url":"https:\/\/guineediversite.com\/wp-content\/uploads\/2017\/04\/cropped-1jojlxEOMkX9Wyqfhe43D6kjPOGqBBKmx3EwWJqZ0cMrFF54yM49.png","contentUrl":"https:\/\/guineediversite.com\/wp-content\/uploads\/2017\/04\/cropped-1jojlxEOMkX9Wyqfhe43D6kjPOGqBBKmx3EwWJqZ0cMrFF54yM49.png","width":186,"height":112,"caption":"Guin\u00e9e Diversit\u00e9"},"image":{"@id":"https:\/\/guineediversite.com\/#\/schema\/logo\/image\/"},"sameAs":["https:\/\/www.facebook.com\/guineediversite\/","https:\/\/x.com\/GuineeDiversite","https:\/\/www.youtube.com\/channel\/UC8sUY16qelG5ge6_D5SB83g"]},{"@type":"Person","@id":"https:\/\/guineediversite.com\/#\/schema\/person\/0e0e3e424768a50d025ac2218ccca73f","name":"Bilguissa Diallo","image":{"@type":"ImageObject","inLanguage":"fr-FR","@id":"https:\/\/guineediversite.com\/#\/schema\/person\/image\/","url":"https:\/\/secure.gravatar.com\/avatar\/49bbbd2420ee34d62b1b191791f4b5df?s=96&d=mm&r=g","contentUrl":"https:\/\/secure.gravatar.com\/avatar\/49bbbd2420ee34d62b1b191791f4b5df?s=96&d=mm&r=g","caption":"Bilguissa Diallo"},"url":"https:\/\/guineediversite.com\/index.php\/author\/bilguissa\/"}]}},"_links":{"self":[{"href":"https:\/\/guineediversite.com\/index.php\/wp-json\/wp\/v2\/posts\/27596"}],"collection":[{"href":"https:\/\/guineediversite.com\/index.php\/wp-json\/wp\/v2\/posts"}],"about":[{"href":"https:\/\/guineediversite.com\/index.php\/wp-json\/wp\/v2\/types\/post"}],"author":[{"embeddable":true,"href":"https:\/\/guineediversite.com\/index.php\/wp-json\/wp\/v2\/users\/7"}],"replies":[{"embeddable":true,"href":"https:\/\/guineediversite.com\/index.php\/wp-json\/wp\/v2\/comments?post=27596"}],"version-history":[{"count":0,"href":"https:\/\/guineediversite.com\/index.php\/wp-json\/wp\/v2\/posts\/27596\/revisions"}],"wp:featuredmedia":[{"embeddable":true,"href":"https:\/\/guineediversite.com\/index.php\/wp-json\/wp\/v2\/media\/27614"}],"wp:attachment":[{"href":"https:\/\/guineediversite.com\/index.php\/wp-json\/wp\/v2\/media?parent=27596"}],"wp:term":[{"taxonomy":"category","embeddable":true,"href":"https:\/\/guineediversite.com\/index.php\/wp-json\/wp\/v2\/categories?post=27596"},{"taxonomy":"post_tag","embeddable":true,"href":"https:\/\/guineediversite.com\/index.php\/wp-json\/wp\/v2\/tags?post=27596"}],"curies":[{"name":"wp","href":"https:\/\/api.w.org\/{rel}","templated":true}]}}