{"id":27590,"date":"2018-12-17T14:45:47","date_gmt":"2018-12-17T13:45:47","guid":{"rendered":"https:\/\/guineediversite.com\/?p=27590"},"modified":"2018-12-17T14:45:47","modified_gmt":"2018-12-17T13:45:47","slug":"la-plateforme-nationale-du-mouvement-citoyen-ma-cause-lance-le-debat-autour-de-la-constitution-guineenne","status":"publish","type":"post","link":"https:\/\/guineediversite.com\/index.php\/2018\/12\/17\/la-plateforme-nationale-du-mouvement-citoyen-ma-cause-lance-le-debat-autour-de-la-constitution-guineenne\/","title":{"rendered":"La Plateforme Nationale du mouvement citoyen \u2018\u2019Ma Cause\u00a0\u00bb lance le d\u00e9bat autour de la constitution guin\u00e9enne"},"content":{"rendered":"<p>Ces derniers temps, la constitution, ainsi que des lois organiques, n\u2019auront pas \u00e9t\u00e9 r\u00e9guli\u00e8rement sollicit\u00e9es pour r\u00e9soudre les crises sociopolitiques successives en Guin\u00e9e. Les fameux accords ayant pris le dessus. La plateforme nationale de mouvement citoyen \u2018\u2019 Ma Cause\u00a0\u00bb \u00a0\u00bb a tenu ce samedi une conf\u00e9rence de presse sur la n\u00e9cessit\u00e9 de d\u00e9bat autour de la crise qui divise les plates de la soci\u00e9t\u00e9 civile guin\u00e9enne. Cette plateforme envisage d\u2019\u00e9taler les crises guin\u00e9ennes pour en d\u00e9battre avec les citoyens pour trouver une solution d\u00e9finitive. Alhassane Camara est le coordinateur g\u00e9n\u00e9ral de la plateforme nationale du mouvement citoyen ma cause, dira ceci \u00ab <em>aujourd&rsquo;hui la soci\u00e9t\u00e9 civile guin\u00e9enne traverse une crise g\u00e9n\u00e9ralis\u00e9e du fait, entre autres, du flirt contre nature avec certains mouvements politiques, qui s\u2019est traduit par la perversion de l\u2019id\u00e9al citoyen dont elle est porteuse. \u00c0 cela s\u2019ajoutent des ambitions personnelles dues \u00e0 des connivences partielles et temporaires avec des groupes d\u2019int\u00e9r\u00eats de tous genres qui ont fini par jeter sur l\u2019ensemble du mouvement. Cette situation que nous vivons aujourd\u2019hui, a fini par cr\u00e9er un climat de dissension et d\u2019opposition en son sein, entrainant ainsi une absence de communion d\u2019esprit et donc un manque de credo d\u2019action et alors d\u2019efficacit\u00e9<\/em> \u00bb.<\/p>\n<p>Selon, le coordinateur, la cr\u00e9ation de cette plateforme Ma cause est venue suite \u00e0 ses multiples crises qui touchent la soci\u00e9t\u00e9 civile.<\/p>\n<p>Loin, il \u00e9voque les possibilit\u00e9s de sortie de crise que traverse la Guin\u00e9e, en proposant des alternatives \u00ab <em>si nous devons prendre conscience d\u2019une chose, c\u2019est que notre pays la Guin\u00e9e est dans la tourmente, la plateforme Nationale du mouvement citoyen ma cause, au regard des enjeux est d\u00e9termin\u00e9e \u00e0 agir et \u00e0 mettre le cap m\u00eame \u00e0 travers les pires temp\u00eates et au prix de nombreuses difficult\u00e9s car, la seule solution pour la Guin\u00e9e pour \u00eatre stable un jour et de reconnaitre ses faiblesses. La situation guin\u00e9enne n\u2019est pas une fatalit\u00e9, il suffit d\u2019identifier le mal et agir <\/em>\u00bb, a-t-il soulign\u00e9.<\/p>\n<p>Selon Aboubacar Camara de la radio Gangan FM, ce d\u00e9bat qui vaudrait tout son pesant d\u2019or, n\u00e9cessiterait des garanties de la part des dirigeants.<\/p>\n<p>\u00ab <em>Si le pr\u00e9sident de la R\u00e9publique, aujourd\u2019hui, tenait un discours responsable pour informer le peuple de Guin\u00e9e qu\u2019\u00e0 l\u2019issue de ses deux mandats, il n\u2019a pas besoin d\u2019un troisi\u00e8me mandat et que par cons\u00e9quent il lance un d\u00e9bat ouvert sur la constitution guin\u00e9enne, je crois que toute la population allait adh\u00e9rer \u00e0 ce projet<\/em> \u00bb, explique-t-il<\/p>\n","protected":false},"excerpt":{"rendered":"<p>Ces derniers temps, la constitution, ainsi que des lois organiques, n\u2019auront pas \u00e9t\u00e9 r\u00e9guli\u00e8rement sollicit\u00e9es pour r\u00e9soudre les crises sociopolitiques successives en Guin\u00e9e. Les fameux accords ayant pris le dessus. La plateforme nationale de mouvement citoyen \u2018\u2019 Ma Cause\u00a0\u00bb \u00a0\u00bb a tenu ce samedi une conf\u00e9rence de presse sur la n\u00e9cessit\u00e9 de d\u00e9bat autour de [&hellip;]<\/p>\n","protected":false},"author":10,"featured_media":27591,"comment_status":"closed","ping_status":"closed","sticky":false,"template":"","format":"standard","meta":{"_exactmetrics_skip_tracking":false,"_exactmetrics_sitenote_active":false,"_exactmetrics_sitenote_note":"","_exactmetrics_sitenote_category":0,"tdm_status":"","tdm_grid_status":"","footnotes":""},"categories":[16],"tags":[],"class_list":{"0":"post-27590","1":"post","2":"type-post","3":"status-publish","4":"format-standard","5":"has-post-thumbnail","7":"category-societe"},"yoast_head":"<!-- This site is optimized with the Yoast SEO plugin v24.2 - https:\/\/yoast.com\/wordpress\/plugins\/seo\/ -->\n<title>La Plateforme Nationale du mouvement citoyen \u2018\u2019Ma Cause&quot; lance le d\u00e9bat autour de la constitution guin\u00e9enne | Guin\u00e9e Diversit\u00e9<\/title>\n<meta name=\"robots\" content=\"index, follow, max-snippet:-1, max-image-preview:large, max-video-preview:-1\" \/>\n<link rel=\"canonical\" href=\"https:\/\/guineediversite.com\/index.php\/2018\/12\/17\/la-plateforme-nationale-du-mouvement-citoyen-ma-cause-lance-le-debat-autour-de-la-constitution-guineenne\/\" \/>\n<meta property=\"og:locale\" content=\"fr_FR\" \/>\n<meta property=\"og:type\" content=\"article\" \/>\n<meta property=\"og:title\" content=\"La Plateforme Nationale du mouvement citoyen \u2018\u2019Ma Cause&quot; lance le d\u00e9bat autour de la constitution guin\u00e9enne | Guin\u00e9e Diversit\u00e9\" \/>\n<meta property=\"og:description\" content=\"Ces derniers temps, la constitution, ainsi que des lois organiques, n\u2019auront pas \u00e9t\u00e9 r\u00e9guli\u00e8rement sollicit\u00e9es pour r\u00e9soudre les crises sociopolitiques successives en Guin\u00e9e. Les fameux accords ayant pris le dessus. La plateforme nationale de mouvement citoyen \u2018\u2019 Ma Cause\u00a0\u00bb \u00a0\u00bb a tenu ce samedi une conf\u00e9rence de presse sur la n\u00e9cessit\u00e9 de d\u00e9bat autour de [&hellip;]\" \/>\n<meta property=\"og:url\" content=\"https:\/\/guineediversite.com\/index.php\/2018\/12\/17\/la-plateforme-nationale-du-mouvement-citoyen-ma-cause-lance-le-debat-autour-de-la-constitution-guineenne\/\" \/>\n<meta property=\"og:site_name\" content=\"Guin\u00e9e Diversit\u00e9\" \/>\n<meta property=\"article:publisher\" content=\"https:\/\/www.facebook.com\/guineediversite\/\" \/>\n<meta property=\"article:published_time\" content=\"2018-12-17T13:45:47+00:00\" \/>\n<meta property=\"og:image\" content=\"https:\/\/guineediversite.com\/wp-content\/uploads\/2018\/12\/Alassane-360x180.jpg\" \/>\n\t<meta property=\"og:image:width\" content=\"2000\" \/>\n\t<meta property=\"og:image:height\" content=\"1000\" \/>\n\t<meta property=\"og:image:type\" content=\"image\/jpeg\" \/>\n<meta name=\"author\" content=\"Morcire Camara\" \/>\n<meta name=\"twitter:card\" content=\"summary_large_image\" \/>\n<meta name=\"twitter:creator\" content=\"@GuineeDiversite\" \/>\n<meta name=\"twitter:site\" content=\"@GuineeDiversite\" \/>\n<meta name=\"twitter:label1\" content=\"\u00c9crit par\" \/>\n\t<meta name=\"twitter:data1\" content=\"Morcire Camara\" \/>\n\t<meta name=\"twitter:label2\" content=\"Dur\u00e9e de lecture estim\u00e9e\" \/>\n\t<meta name=\"twitter:data2\" content=\"2 minutes\" \/>\n<script type=\"application\/ld+json\" class=\"yoast-schema-graph\">{\"@context\":\"https:\/\/schema.org\",\"@graph\":[{\"@type\":\"Article\",\"@id\":\"https:\/\/guineediversite.com\/index.php\/2018\/12\/17\/la-plateforme-nationale-du-mouvement-citoyen-ma-cause-lance-le-debat-autour-de-la-constitution-guineenne\/#article\",\"isPartOf\":{\"@id\":\"https:\/\/guineediversite.com\/index.php\/2018\/12\/17\/la-plateforme-nationale-du-mouvement-citoyen-ma-cause-lance-le-debat-autour-de-la-constitution-guineenne\/\"},\"author\":{\"name\":\"Morcire Camara\",\"@id\":\"https:\/\/guineediversite.com\/#\/schema\/person\/fa362494c47202ce4b3adf55abcc9d01\"},\"headline\":\"La Plateforme Nationale du mouvement citoyen \u2018\u2019Ma Cause\u00a0\u00bb lance le d\u00e9bat autour de la constitution guin\u00e9enne\",\"datePublished\":\"2018-12-17T13:45:47+00:00\",\"dateModified\":\"2018-12-17T13:45:47+00:00\",\"mainEntityOfPage\":{\"@id\":\"https:\/\/guineediversite.com\/index.php\/2018\/12\/17\/la-plateforme-nationale-du-mouvement-citoyen-ma-cause-lance-le-debat-autour-de-la-constitution-guineenne\/\"},\"wordCount\":478,\"publisher\":{\"@id\":\"https:\/\/guineediversite.com\/#organization\"},\"image\":{\"@id\":\"https:\/\/guineediversite.com\/index.php\/2018\/12\/17\/la-plateforme-nationale-du-mouvement-citoyen-ma-cause-lance-le-debat-autour-de-la-constitution-guineenne\/#primaryimage\"},\"thumbnailUrl\":\"https:\/\/guineediversite.com\/wp-content\/uploads\/2018\/12\/Alassane-360x180.jpg\",\"articleSection\":[\"Soci\u00e9t\u00e9\"],\"inLanguage\":\"fr-FR\"},{\"@type\":\"WebPage\",\"@id\":\"https:\/\/guineediversite.com\/index.php\/2018\/12\/17\/la-plateforme-nationale-du-mouvement-citoyen-ma-cause-lance-le-debat-autour-de-la-constitution-guineenne\/\",\"url\":\"https:\/\/guineediversite.com\/index.php\/2018\/12\/17\/la-plateforme-nationale-du-mouvement-citoyen-ma-cause-lance-le-debat-autour-de-la-constitution-guineenne\/\",\"name\":\"La Plateforme Nationale du mouvement citoyen \u2018\u2019Ma Cause\\\" lance le d\u00e9bat autour de la constitution guin\u00e9enne | Guin\u00e9e Diversit\u00e9\",\"isPartOf\":{\"@id\":\"https:\/\/guineediversite.com\/#website\"},\"primaryImageOfPage\":{\"@id\":\"https:\/\/guineediversite.com\/index.php\/2018\/12\/17\/la-plateforme-nationale-du-mouvement-citoyen-ma-cause-lance-le-debat-autour-de-la-constitution-guineenne\/#primaryimage\"},\"image\":{\"@id\":\"https:\/\/guineediversite.com\/index.php\/2018\/12\/17\/la-plateforme-nationale-du-mouvement-citoyen-ma-cause-lance-le-debat-autour-de-la-constitution-guineenne\/#primaryimage\"},\"thumbnailUrl\":\"https:\/\/guineediversite.com\/wp-content\/uploads\/2018\/12\/Alassane-360x180.jpg\",\"datePublished\":\"2018-12-17T13:45:47+00:00\",\"dateModified\":\"2018-12-17T13:45:47+00:00\",\"breadcrumb\":{\"@id\":\"https:\/\/guineediversite.com\/index.php\/2018\/12\/17\/la-plateforme-nationale-du-mouvement-citoyen-ma-cause-lance-le-debat-autour-de-la-constitution-guineenne\/#breadcrumb\"},\"inLanguage\":\"fr-FR\",\"potentialAction\":[{\"@type\":\"ReadAction\",\"target\":[\"https:\/\/guineediversite.com\/index.php\/2018\/12\/17\/la-plateforme-nationale-du-mouvement-citoyen-ma-cause-lance-le-debat-autour-de-la-constitution-guineenne\/\"]}]},{\"@type\":\"ImageObject\",\"inLanguage\":\"fr-FR\",\"@id\":\"https:\/\/guineediversite.com\/index.php\/2018\/12\/17\/la-plateforme-nationale-du-mouvement-citoyen-ma-cause-lance-le-debat-autour-de-la-constitution-guineenne\/#primaryimage\",\"url\":\"https:\/\/guineediversite.com\/wp-content\/uploads\/2018\/12\/Alassane-360x180.jpg\",\"contentUrl\":\"https:\/\/guineediversite.com\/wp-content\/uploads\/2018\/12\/Alassane-360x180.jpg\",\"width\":2000,\"height\":1000},{\"@type\":\"BreadcrumbList\",\"@id\":\"https:\/\/guineediversite.com\/index.php\/2018\/12\/17\/la-plateforme-nationale-du-mouvement-citoyen-ma-cause-lance-le-debat-autour-de-la-constitution-guineenne\/#breadcrumb\",\"itemListElement\":[{\"@type\":\"ListItem\",\"position\":1,\"name\":\"Accueil\",\"item\":\"https:\/\/guineediversite.com\/\"},{\"@type\":\"ListItem\",\"position\":2,\"name\":\"La Plateforme Nationale du mouvement citoyen \u2018\u2019Ma Cause\u00a0\u00bb lance le d\u00e9bat autour de la constitution guin\u00e9enne\"}]},{\"@type\":\"WebSite\",\"@id\":\"https:\/\/guineediversite.com\/#website\",\"url\":\"https:\/\/guineediversite.com\/\",\"name\":\"Guin\u00e9e Diversit\u00e9\",\"description\":\"L&#039;Info dans toute sa diversit\u00e9\",\"publisher\":{\"@id\":\"https:\/\/guineediversite.com\/#organization\"},\"potentialAction\":[{\"@type\":\"SearchAction\",\"target\":{\"@type\":\"EntryPoint\",\"urlTemplate\":\"https:\/\/guineediversite.com\/?s={search_term_string}\"},\"query-input\":{\"@type\":\"PropertyValueSpecification\",\"valueRequired\":true,\"valueName\":\"search_term_string\"}}],\"inLanguage\":\"fr-FR\"},{\"@type\":\"Organization\",\"@id\":\"https:\/\/guineediversite.com\/#organization\",\"name\":\"Guin\u00e9e Diversit\u00e9\",\"url\":\"https:\/\/guineediversite.com\/\",\"logo\":{\"@type\":\"ImageObject\",\"inLanguage\":\"fr-FR\",\"@id\":\"https:\/\/guineediversite.com\/#\/schema\/logo\/image\/\",\"url\":\"https:\/\/guineediversite.com\/wp-content\/uploads\/2017\/04\/cropped-1jojlxEOMkX9Wyqfhe43D6kjPOGqBBKmx3EwWJqZ0cMrFF54yM49.png\",\"contentUrl\":\"https:\/\/guineediversite.com\/wp-content\/uploads\/2017\/04\/cropped-1jojlxEOMkX9Wyqfhe43D6kjPOGqBBKmx3EwWJqZ0cMrFF54yM49.png\",\"width\":186,\"height\":112,\"caption\":\"Guin\u00e9e Diversit\u00e9\"},\"image\":{\"@id\":\"https:\/\/guineediversite.com\/#\/schema\/logo\/image\/\"},\"sameAs\":[\"https:\/\/www.facebook.com\/guineediversite\/\",\"https:\/\/x.com\/GuineeDiversite\",\"https:\/\/www.youtube.com\/channel\/UC8sUY16qelG5ge6_D5SB83g\"]},{\"@type\":\"Person\",\"@id\":\"https:\/\/guineediversite.com\/#\/schema\/person\/fa362494c47202ce4b3adf55abcc9d01\",\"name\":\"Morcire Camara\",\"image\":{\"@type\":\"ImageObject\",\"inLanguage\":\"fr-FR\",\"@id\":\"https:\/\/guineediversite.com\/#\/schema\/person\/image\/\",\"url\":\"https:\/\/secure.gravatar.com\/avatar\/3ec324f02295bbcebe03d99b39330ab4?s=96&d=mm&r=g\",\"contentUrl\":\"https:\/\/secure.gravatar.com\/avatar\/3ec324f02295bbcebe03d99b39330ab4?s=96&d=mm&r=g\",\"caption\":\"Morcire Camara\"},\"url\":\"https:\/\/guineediversite.com\/index.php\/author\/morcire\/\"}]}<\/script>\n<!-- \/ Yoast SEO plugin. -->","yoast_head_json":{"title":"La Plateforme Nationale du mouvement citoyen \u2018\u2019Ma Cause\" lance le d\u00e9bat autour de la constitution guin\u00e9enne | Guin\u00e9e Diversit\u00e9","robots":{"index":"index","follow":"follow","max-snippet":"max-snippet:-1","max-image-preview":"max-image-preview:large","max-video-preview":"max-video-preview:-1"},"canonical":"https:\/\/guineediversite.com\/index.php\/2018\/12\/17\/la-plateforme-nationale-du-mouvement-citoyen-ma-cause-lance-le-debat-autour-de-la-constitution-guineenne\/","og_locale":"fr_FR","og_type":"article","og_title":"La Plateforme Nationale du mouvement citoyen \u2018\u2019Ma Cause\" lance le d\u00e9bat autour de la constitution guin\u00e9enne | Guin\u00e9e Diversit\u00e9","og_description":"Ces derniers temps, la constitution, ainsi que des lois organiques, n\u2019auront pas \u00e9t\u00e9 r\u00e9guli\u00e8rement sollicit\u00e9es pour r\u00e9soudre les crises sociopolitiques successives en Guin\u00e9e. Les fameux accords ayant pris le dessus. La plateforme nationale de mouvement citoyen \u2018\u2019 Ma Cause\u00a0\u00bb \u00a0\u00bb a tenu ce samedi une conf\u00e9rence de presse sur la n\u00e9cessit\u00e9 de d\u00e9bat autour de [&hellip;]","og_url":"https:\/\/guineediversite.com\/index.php\/2018\/12\/17\/la-plateforme-nationale-du-mouvement-citoyen-ma-cause-lance-le-debat-autour-de-la-constitution-guineenne\/","og_site_name":"Guin\u00e9e Diversit\u00e9","article_publisher":"https:\/\/www.facebook.com\/guineediversite\/","article_published_time":"2018-12-17T13:45:47+00:00","og_image":[{"width":2000,"height":1000,"url":"https:\/\/guineediversite.com\/wp-content\/uploads\/2018\/12\/Alassane-360x180.jpg","type":"image\/jpeg"}],"author":"Morcire Camara","twitter_card":"summary_large_image","twitter_creator":"@GuineeDiversite","twitter_site":"@GuineeDiversite","twitter_misc":{"\u00c9crit par":"Morcire Camara","Dur\u00e9e de lecture estim\u00e9e":"2 minutes"},"schema":{"@context":"https:\/\/schema.org","@graph":[{"@type":"Article","@id":"https:\/\/guineediversite.com\/index.php\/2018\/12\/17\/la-plateforme-nationale-du-mouvement-citoyen-ma-cause-lance-le-debat-autour-de-la-constitution-guineenne\/#article","isPartOf":{"@id":"https:\/\/guineediversite.com\/index.php\/2018\/12\/17\/la-plateforme-nationale-du-mouvement-citoyen-ma-cause-lance-le-debat-autour-de-la-constitution-guineenne\/"},"author":{"name":"Morcire Camara","@id":"https:\/\/guineediversite.com\/#\/schema\/person\/fa362494c47202ce4b3adf55abcc9d01"},"headline":"La Plateforme Nationale du mouvement citoyen \u2018\u2019Ma Cause\u00a0\u00bb lance le d\u00e9bat autour de la constitution guin\u00e9enne","datePublished":"2018-12-17T13:45:47+00:00","dateModified":"2018-12-17T13:45:47+00:00","mainEntityOfPage":{"@id":"https:\/\/guineediversite.com\/index.php\/2018\/12\/17\/la-plateforme-nationale-du-mouvement-citoyen-ma-cause-lance-le-debat-autour-de-la-constitution-guineenne\/"},"wordCount":478,"publisher":{"@id":"https:\/\/guineediversite.com\/#organization"},"image":{"@id":"https:\/\/guineediversite.com\/index.php\/2018\/12\/17\/la-plateforme-nationale-du-mouvement-citoyen-ma-cause-lance-le-debat-autour-de-la-constitution-guineenne\/#primaryimage"},"thumbnailUrl":"https:\/\/guineediversite.com\/wp-content\/uploads\/2018\/12\/Alassane-360x180.jpg","articleSection":["Soci\u00e9t\u00e9"],"inLanguage":"fr-FR"},{"@type":"WebPage","@id":"https:\/\/guineediversite.com\/index.php\/2018\/12\/17\/la-plateforme-nationale-du-mouvement-citoyen-ma-cause-lance-le-debat-autour-de-la-constitution-guineenne\/","url":"https:\/\/guineediversite.com\/index.php\/2018\/12\/17\/la-plateforme-nationale-du-mouvement-citoyen-ma-cause-lance-le-debat-autour-de-la-constitution-guineenne\/","name":"La Plateforme Nationale du mouvement citoyen \u2018\u2019Ma Cause\" lance le d\u00e9bat autour de la constitution guin\u00e9enne | Guin\u00e9e Diversit\u00e9","isPartOf":{"@id":"https:\/\/guineediversite.com\/#website"},"primaryImageOfPage":{"@id":"https:\/\/guineediversite.com\/index.php\/2018\/12\/17\/la-plateforme-nationale-du-mouvement-citoyen-ma-cause-lance-le-debat-autour-de-la-constitution-guineenne\/#primaryimage"},"image":{"@id":"https:\/\/guineediversite.com\/index.php\/2018\/12\/17\/la-plateforme-nationale-du-mouvement-citoyen-ma-cause-lance-le-debat-autour-de-la-constitution-guineenne\/#primaryimage"},"thumbnailUrl":"https:\/\/guineediversite.com\/wp-content\/uploads\/2018\/12\/Alassane-360x180.jpg","datePublished":"2018-12-17T13:45:47+00:00","dateModified":"2018-12-17T13:45:47+00:00","breadcrumb":{"@id":"https:\/\/guineediversite.com\/index.php\/2018\/12\/17\/la-plateforme-nationale-du-mouvement-citoyen-ma-cause-lance-le-debat-autour-de-la-constitution-guineenne\/#breadcrumb"},"inLanguage":"fr-FR","potentialAction":[{"@type":"ReadAction","target":["https:\/\/guineediversite.com\/index.php\/2018\/12\/17\/la-plateforme-nationale-du-mouvement-citoyen-ma-cause-lance-le-debat-autour-de-la-constitution-guineenne\/"]}]},{"@type":"ImageObject","inLanguage":"fr-FR","@id":"https:\/\/guineediversite.com\/index.php\/2018\/12\/17\/la-plateforme-nationale-du-mouvement-citoyen-ma-cause-lance-le-debat-autour-de-la-constitution-guineenne\/#primaryimage","url":"https:\/\/guineediversite.com\/wp-content\/uploads\/2018\/12\/Alassane-360x180.jpg","contentUrl":"https:\/\/guineediversite.com\/wp-content\/uploads\/2018\/12\/Alassane-360x180.jpg","width":2000,"height":1000},{"@type":"BreadcrumbList","@id":"https:\/\/guineediversite.com\/index.php\/2018\/12\/17\/la-plateforme-nationale-du-mouvement-citoyen-ma-cause-lance-le-debat-autour-de-la-constitution-guineenne\/#breadcrumb","itemListElement":[{"@type":"ListItem","position":1,"name":"Accueil","item":"https:\/\/guineediversite.com\/"},{"@type":"ListItem","position":2,"name":"La Plateforme Nationale du mouvement citoyen \u2018\u2019Ma Cause\u00a0\u00bb lance le d\u00e9bat autour de la constitution guin\u00e9enne"}]},{"@type":"WebSite","@id":"https:\/\/guineediversite.com\/#website","url":"https:\/\/guineediversite.com\/","name":"Guin\u00e9e Diversit\u00e9","description":"L&#039;Info dans toute sa diversit\u00e9","publisher":{"@id":"https:\/\/guineediversite.com\/#organization"},"potentialAction":[{"@type":"SearchAction","target":{"@type":"EntryPoint","urlTemplate":"https:\/\/guineediversite.com\/?s={search_term_string}"},"query-input":{"@type":"PropertyValueSpecification","valueRequired":true,"valueName":"search_term_string"}}],"inLanguage":"fr-FR"},{"@type":"Organization","@id":"https:\/\/guineediversite.com\/#organization","name":"Guin\u00e9e Diversit\u00e9","url":"https:\/\/guineediversite.com\/","logo":{"@type":"ImageObject","inLanguage":"fr-FR","@id":"https:\/\/guineediversite.com\/#\/schema\/logo\/image\/","url":"https:\/\/guineediversite.com\/wp-content\/uploads\/2017\/04\/cropped-1jojlxEOMkX9Wyqfhe43D6kjPOGqBBKmx3EwWJqZ0cMrFF54yM49.png","contentUrl":"https:\/\/guineediversite.com\/wp-content\/uploads\/2017\/04\/cropped-1jojlxEOMkX9Wyqfhe43D6kjPOGqBBKmx3EwWJqZ0cMrFF54yM49.png","width":186,"height":112,"caption":"Guin\u00e9e Diversit\u00e9"},"image":{"@id":"https:\/\/guineediversite.com\/#\/schema\/logo\/image\/"},"sameAs":["https:\/\/www.facebook.com\/guineediversite\/","https:\/\/x.com\/GuineeDiversite","https:\/\/www.youtube.com\/channel\/UC8sUY16qelG5ge6_D5SB83g"]},{"@type":"Person","@id":"https:\/\/guineediversite.com\/#\/schema\/person\/fa362494c47202ce4b3adf55abcc9d01","name":"Morcire Camara","image":{"@type":"ImageObject","inLanguage":"fr-FR","@id":"https:\/\/guineediversite.com\/#\/schema\/person\/image\/","url":"https:\/\/secure.gravatar.com\/avatar\/3ec324f02295bbcebe03d99b39330ab4?s=96&d=mm&r=g","contentUrl":"https:\/\/secure.gravatar.com\/avatar\/3ec324f02295bbcebe03d99b39330ab4?s=96&d=mm&r=g","caption":"Morcire Camara"},"url":"https:\/\/guineediversite.com\/index.php\/author\/morcire\/"}]}},"_links":{"self":[{"href":"https:\/\/guineediversite.com\/index.php\/wp-json\/wp\/v2\/posts\/27590"}],"collection":[{"href":"https:\/\/guineediversite.com\/index.php\/wp-json\/wp\/v2\/posts"}],"about":[{"href":"https:\/\/guineediversite.com\/index.php\/wp-json\/wp\/v2\/types\/post"}],"author":[{"embeddable":true,"href":"https:\/\/guineediversite.com\/index.php\/wp-json\/wp\/v2\/users\/10"}],"replies":[{"embeddable":true,"href":"https:\/\/guineediversite.com\/index.php\/wp-json\/wp\/v2\/comments?post=27590"}],"version-history":[{"count":0,"href":"https:\/\/guineediversite.com\/index.php\/wp-json\/wp\/v2\/posts\/27590\/revisions"}],"wp:featuredmedia":[{"embeddable":true,"href":"https:\/\/guineediversite.com\/index.php\/wp-json\/wp\/v2\/media\/27591"}],"wp:attachment":[{"href":"https:\/\/guineediversite.com\/index.php\/wp-json\/wp\/v2\/media?parent=27590"}],"wp:term":[{"taxonomy":"category","embeddable":true,"href":"https:\/\/guineediversite.com\/index.php\/wp-json\/wp\/v2\/categories?post=27590"},{"taxonomy":"post_tag","embeddable":true,"href":"https:\/\/guineediversite.com\/index.php\/wp-json\/wp\/v2\/tags?post=27590"}],"curies":[{"name":"wp","href":"https:\/\/api.w.org\/{rel}","templated":true}]}}