{"id":27589,"date":"2018-12-17T17:37:01","date_gmt":"2018-12-17T16:37:01","guid":{"rendered":"https:\/\/guineediversite.com\/?p=27589"},"modified":"2018-12-17T17:37:01","modified_gmt":"2018-12-17T16:37:01","slug":"gaz-toxique-sur-les-manifestants-ce-sont-des-allegations-declare-le-porte-parole-de-la-police","status":"publish","type":"post","link":"https:\/\/guineediversite.com\/index.php\/2018\/12\/17\/gaz-toxique-sur-les-manifestants-ce-sont-des-allegations-declare-le-porte-parole-de-la-police\/","title":{"rendered":"Gaz toxique sur les manifestants :\u00a0\u00abCe sont des all\u00e9gations\u00bb d\u00e9clare le porte-parole de la police"},"content":{"rendered":"<p><strong><span id=\"p2\">L\u2019opposition R\u00e9publicaine dit craindre pour la sant\u00e9 de ces militants \u00e0 cause des gaz lacrymog\u00e8nes utilis\u00e9s par les forces de l\u2019ordre et inhal\u00e9s par les marcheurs lors de la derni\u00e8re manifestation le jeudi 13 d<span id=\"20\" class=\"s-rg-t\">\u00e9cembre<\/span>.<\/span><span id=\"p3\">\u00a0<\/span><\/strong><\/p>\n<p><span id=\"p3\"><span id=\"21\" class=\"s-rg-t\">Cellou<\/span>\u00a0<span id=\"22\" class=\"s-rg-t\">Dalein<\/span>\u00a0<span id=\"23\" class=\"s-rg-t\">Diallo<\/span>\u00a0et ses pairs d\u00e9noncent l&rsquo;utilisation par la police guin\u00e9enne de gaz lacrymog\u00e8ne p\u00e9rim\u00e9s \u00e0 usage formellement interdit car extr\u00eamement dangereux pour la sant\u00e9 de l\u2019homme.<\/span><span id=\"p4\">\u00a0Plus loin, ils disent que ces sont les m\u00eames bombes lacrymog\u00e8nes qui ont \u00e9t\u00e9\u00a0utilis\u00e9es\u00a0pour\u00a0disperser\u00a0<span id=\"26\">la<\/span>\u00a0foule qui s\u2019\u00e9tait retranch\u00e9e au domicile priv\u00e9 du chef de file de l\u2019opposition.<\/span><span id=\"p5\"><br \/>\n<\/span><br \/>\n<span id=\"p6\">Joint au t\u00e9l\u00e9phone par notre r\u00e9daction ce lundi 17 d\u00e9cembre, le porte-parole de la Police nationale parle d\u2019all\u00e9gation visant \u00e0 tenir l\u2019image de la police.<\/span><span id=\"p29\">\u00a0Selon le contr\u00f4leur g\u00e9n\u00e9ral et porte-parole Mamadou\u00a0<span id=\"30\" class=\"s-rg-t\">Camara<\/span>, ces accusations sont de simples affabulations.<\/span><span id=\"p8\">\u00a0<\/span><\/p>\n<p><span id=\"p8\"><br \/>\n\u00ab <em>Ceux qui pensent que\u00a0<span id=\"28\" class=\"s-ve-t\">ce sont<\/span>\u00a0des produits expir\u00e9s, je m\u2019inscris en faux contre ces diff\u00e9rentes all\u00e9gations.<\/em><\/span><em><span id=\"p9\">\u00a0Ce qui est s\u00fbr, depuis un certain temps, les services de s\u00e9curit\u00e9 disposent des stocks et ce sont les m\u00eames stocks que nous utilisons.<\/span><\/em><span id=\"p10\"><em>\u00a0Cela est v\u00e9rifiable parce que les emballages en font foi<\/em> \u00bb, se d\u00e9fend le porte-parole de la police.<\/span><span id=\"p11\"><br \/>\n<\/span><br \/>\n<span id=\"p12\">Parlant de capsules r\u00e9cup\u00e9r\u00e9es sur le terrain par les manifestants sur lesquelles il \u00e9tait mentionn\u00e9 2017 comme date de p\u00e9remption Mamadou\u00a0<span id=\"16\" class=\"s-rg-t\">Camara<\/span>\u00a0pr\u00e9cise :<\/span><span id=\"p31\"><span id=\"33\" class=\"s-bl-t\">\u00a0\u00ab <em>Ils<\/em><\/span><em>\u00a0sont libres de pr\u00e9senter ces capsules devant le juge ou le procureur, nous, nous savons que les grenades que nous utilisons sont celles qui sont en cours de validit\u00e9.<\/em><\/span><span id=\"p14\">\u00bb<br \/>\n<\/span><br \/>\n<span id=\"p15\">\u00ab <em>S\u2019ils pensent que c\u2019est toxique, peut-\u00eatre que les m\u00e9decins vont l\u2019attester, ils n\u2019ont qu\u2019aller dans les centres hospitaliers pour se faire consulter pour essayer de prouver que ce qu\u2019ils ont inhal\u00e9 est toxique<\/em> \u00bb,\u00a0<span id=\"18\">d\u00e9clare<\/span>\u00a0le contr\u00f4leur g\u00e9n\u00e9ral et porte-parole de la police Mamadou\u00a0<span id=\"19\">Camara.\u00a0<\/span><\/span><\/p>\n<p><strong>Moussa Mo\u00efse Keita<\/strong><\/p>\n","protected":false},"excerpt":{"rendered":"<p>L\u2019opposition R\u00e9publicaine dit craindre pour la sant\u00e9 de ces militants \u00e0 cause des gaz lacrymog\u00e8nes utilis\u00e9s par les forces de l\u2019ordre et inhal\u00e9s par les marcheurs lors de la derni\u00e8re manifestation le jeudi 13 d\u00e9cembre.\u00a0 Cellou\u00a0Dalein\u00a0Diallo\u00a0et ses pairs d\u00e9noncent l&rsquo;utilisation par la police guin\u00e9enne de gaz lacrymog\u00e8ne p\u00e9rim\u00e9s \u00e0 usage formellement interdit car extr\u00eamement dangereux [&hellip;]<\/p>\n","protected":false},"author":12,"featured_media":27593,"comment_status":"closed","ping_status":"closed","sticky":false,"template":"","format":"standard","meta":{"_exactmetrics_skip_tracking":false,"_exactmetrics_sitenote_active":false,"_exactmetrics_sitenote_note":"","_exactmetrics_sitenote_category":0,"tdm_status":"","tdm_grid_status":"","footnotes":""},"categories":[14],"tags":[],"class_list":{"0":"post-27589","1":"post","2":"type-post","3":"status-publish","4":"format-standard","5":"has-post-thumbnail","7":"category-politique"},"yoast_head":"<!-- This site is optimized with the Yoast SEO plugin v24.2 - https:\/\/yoast.com\/wordpress\/plugins\/seo\/ -->\n<title>Gaz toxique sur les manifestants :\u00a0\u00abCe sont des all\u00e9gations\u00bb d\u00e9clare le porte-parole de la police | Guin\u00e9e Diversit\u00e9<\/title>\n<meta name=\"robots\" content=\"index, follow, max-snippet:-1, max-image-preview:large, max-video-preview:-1\" \/>\n<link rel=\"canonical\" href=\"https:\/\/guineediversite.com\/index.php\/2018\/12\/17\/gaz-toxique-sur-les-manifestants-ce-sont-des-allegations-declare-le-porte-parole-de-la-police\/\" \/>\n<meta property=\"og:locale\" content=\"fr_FR\" \/>\n<meta property=\"og:type\" content=\"article\" \/>\n<meta property=\"og:title\" content=\"Gaz toxique sur les manifestants :\u00a0\u00abCe sont des all\u00e9gations\u00bb d\u00e9clare le porte-parole de la police | Guin\u00e9e Diversit\u00e9\" \/>\n<meta property=\"og:description\" content=\"L\u2019opposition R\u00e9publicaine dit craindre pour la sant\u00e9 de ces militants \u00e0 cause des gaz lacrymog\u00e8nes utilis\u00e9s par les forces de l\u2019ordre et inhal\u00e9s par les marcheurs lors de la derni\u00e8re manifestation le jeudi 13 d\u00e9cembre.\u00a0 Cellou\u00a0Dalein\u00a0Diallo\u00a0et ses pairs d\u00e9noncent l&rsquo;utilisation par la police guin\u00e9enne de gaz lacrymog\u00e8ne p\u00e9rim\u00e9s \u00e0 usage formellement interdit car extr\u00eamement dangereux [&hellip;]\" \/>\n<meta property=\"og:url\" content=\"https:\/\/guineediversite.com\/index.php\/2018\/12\/17\/gaz-toxique-sur-les-manifestants-ce-sont-des-allegations-declare-le-porte-parole-de-la-police\/\" \/>\n<meta property=\"og:site_name\" content=\"Guin\u00e9e Diversit\u00e9\" \/>\n<meta property=\"article:publisher\" content=\"https:\/\/www.facebook.com\/guineediversite\/\" \/>\n<meta property=\"article:published_time\" content=\"2018-12-17T16:37:01+00:00\" \/>\n<meta property=\"og:image\" content=\"https:\/\/guineediversite.com\/wp-content\/uploads\/2018\/12\/48389997_2297512200482069_2930187286748332032_n.jpg\" \/>\n\t<meta property=\"og:image:width\" content=\"1024\" \/>\n\t<meta property=\"og:image:height\" content=\"700\" \/>\n\t<meta property=\"og:image:type\" content=\"image\/jpeg\" \/>\n<meta name=\"author\" content=\"Guin\u00e9e Diversit\u00e9\" \/>\n<meta name=\"twitter:card\" content=\"summary_large_image\" \/>\n<meta name=\"twitter:creator\" content=\"@GuineeDiversite\" \/>\n<meta name=\"twitter:site\" content=\"@GuineeDiversite\" \/>\n<meta name=\"twitter:label1\" content=\"\u00c9crit par\" \/>\n\t<meta name=\"twitter:data1\" content=\"Guin\u00e9e Diversit\u00e9\" \/>\n\t<meta name=\"twitter:label2\" content=\"Dur\u00e9e de lecture estim\u00e9e\" \/>\n\t<meta name=\"twitter:data2\" content=\"2 minutes\" \/>\n<script type=\"application\/ld+json\" class=\"yoast-schema-graph\">{\"@context\":\"https:\/\/schema.org\",\"@graph\":[{\"@type\":\"Article\",\"@id\":\"https:\/\/guineediversite.com\/index.php\/2018\/12\/17\/gaz-toxique-sur-les-manifestants-ce-sont-des-allegations-declare-le-porte-parole-de-la-police\/#article\",\"isPartOf\":{\"@id\":\"https:\/\/guineediversite.com\/index.php\/2018\/12\/17\/gaz-toxique-sur-les-manifestants-ce-sont-des-allegations-declare-le-porte-parole-de-la-police\/\"},\"author\":{\"name\":\"Guin\u00e9e Diversit\u00e9\",\"@id\":\"https:\/\/guineediversite.com\/#\/schema\/person\/afa08fb34e7fc6e1feafc892612bc836\"},\"headline\":\"Gaz toxique sur les manifestants :\u00a0\u00abCe sont des all\u00e9gations\u00bb d\u00e9clare le porte-parole de la police\",\"datePublished\":\"2018-12-17T16:37:01+00:00\",\"dateModified\":\"2018-12-17T16:37:01+00:00\",\"mainEntityOfPage\":{\"@id\":\"https:\/\/guineediversite.com\/index.php\/2018\/12\/17\/gaz-toxique-sur-les-manifestants-ce-sont-des-allegations-declare-le-porte-parole-de-la-police\/\"},\"wordCount\":362,\"publisher\":{\"@id\":\"https:\/\/guineediversite.com\/#organization\"},\"image\":{\"@id\":\"https:\/\/guineediversite.com\/index.php\/2018\/12\/17\/gaz-toxique-sur-les-manifestants-ce-sont-des-allegations-declare-le-porte-parole-de-la-police\/#primaryimage\"},\"thumbnailUrl\":\"https:\/\/guineediversite.com\/wp-content\/uploads\/2018\/12\/48389997_2297512200482069_2930187286748332032_n.jpg\",\"articleSection\":[\"Politique\"],\"inLanguage\":\"fr-FR\"},{\"@type\":\"WebPage\",\"@id\":\"https:\/\/guineediversite.com\/index.php\/2018\/12\/17\/gaz-toxique-sur-les-manifestants-ce-sont-des-allegations-declare-le-porte-parole-de-la-police\/\",\"url\":\"https:\/\/guineediversite.com\/index.php\/2018\/12\/17\/gaz-toxique-sur-les-manifestants-ce-sont-des-allegations-declare-le-porte-parole-de-la-police\/\",\"name\":\"Gaz toxique sur les manifestants :\u00a0\u00abCe sont des all\u00e9gations\u00bb d\u00e9clare le porte-parole de la police | Guin\u00e9e Diversit\u00e9\",\"isPartOf\":{\"@id\":\"https:\/\/guineediversite.com\/#website\"},\"primaryImageOfPage\":{\"@id\":\"https:\/\/guineediversite.com\/index.php\/2018\/12\/17\/gaz-toxique-sur-les-manifestants-ce-sont-des-allegations-declare-le-porte-parole-de-la-police\/#primaryimage\"},\"image\":{\"@id\":\"https:\/\/guineediversite.com\/index.php\/2018\/12\/17\/gaz-toxique-sur-les-manifestants-ce-sont-des-allegations-declare-le-porte-parole-de-la-police\/#primaryimage\"},\"thumbnailUrl\":\"https:\/\/guineediversite.com\/wp-content\/uploads\/2018\/12\/48389997_2297512200482069_2930187286748332032_n.jpg\",\"datePublished\":\"2018-12-17T16:37:01+00:00\",\"dateModified\":\"2018-12-17T16:37:01+00:00\",\"breadcrumb\":{\"@id\":\"https:\/\/guineediversite.com\/index.php\/2018\/12\/17\/gaz-toxique-sur-les-manifestants-ce-sont-des-allegations-declare-le-porte-parole-de-la-police\/#breadcrumb\"},\"inLanguage\":\"fr-FR\",\"potentialAction\":[{\"@type\":\"ReadAction\",\"target\":[\"https:\/\/guineediversite.com\/index.php\/2018\/12\/17\/gaz-toxique-sur-les-manifestants-ce-sont-des-allegations-declare-le-porte-parole-de-la-police\/\"]}]},{\"@type\":\"ImageObject\",\"inLanguage\":\"fr-FR\",\"@id\":\"https:\/\/guineediversite.com\/index.php\/2018\/12\/17\/gaz-toxique-sur-les-manifestants-ce-sont-des-allegations-declare-le-porte-parole-de-la-police\/#primaryimage\",\"url\":\"https:\/\/guineediversite.com\/wp-content\/uploads\/2018\/12\/48389997_2297512200482069_2930187286748332032_n.jpg\",\"contentUrl\":\"https:\/\/guineediversite.com\/wp-content\/uploads\/2018\/12\/48389997_2297512200482069_2930187286748332032_n.jpg\",\"width\":1024,\"height\":700},{\"@type\":\"BreadcrumbList\",\"@id\":\"https:\/\/guineediversite.com\/index.php\/2018\/12\/17\/gaz-toxique-sur-les-manifestants-ce-sont-des-allegations-declare-le-porte-parole-de-la-police\/#breadcrumb\",\"itemListElement\":[{\"@type\":\"ListItem\",\"position\":1,\"name\":\"Accueil\",\"item\":\"https:\/\/guineediversite.com\/\"},{\"@type\":\"ListItem\",\"position\":2,\"name\":\"Gaz toxique sur les manifestants :\u00a0\u00abCe sont des all\u00e9gations\u00bb d\u00e9clare le porte-parole de la police\"}]},{\"@type\":\"WebSite\",\"@id\":\"https:\/\/guineediversite.com\/#website\",\"url\":\"https:\/\/guineediversite.com\/\",\"name\":\"Guin\u00e9e Diversit\u00e9\",\"description\":\"L&#039;Info dans toute sa diversit\u00e9\",\"publisher\":{\"@id\":\"https:\/\/guineediversite.com\/#organization\"},\"potentialAction\":[{\"@type\":\"SearchAction\",\"target\":{\"@type\":\"EntryPoint\",\"urlTemplate\":\"https:\/\/guineediversite.com\/?s={search_term_string}\"},\"query-input\":{\"@type\":\"PropertyValueSpecification\",\"valueRequired\":true,\"valueName\":\"search_term_string\"}}],\"inLanguage\":\"fr-FR\"},{\"@type\":\"Organization\",\"@id\":\"https:\/\/guineediversite.com\/#organization\",\"name\":\"Guin\u00e9e Diversit\u00e9\",\"url\":\"https:\/\/guineediversite.com\/\",\"logo\":{\"@type\":\"ImageObject\",\"inLanguage\":\"fr-FR\",\"@id\":\"https:\/\/guineediversite.com\/#\/schema\/logo\/image\/\",\"url\":\"https:\/\/guineediversite.com\/wp-content\/uploads\/2017\/04\/cropped-1jojlxEOMkX9Wyqfhe43D6kjPOGqBBKmx3EwWJqZ0cMrFF54yM49.png\",\"contentUrl\":\"https:\/\/guineediversite.com\/wp-content\/uploads\/2017\/04\/cropped-1jojlxEOMkX9Wyqfhe43D6kjPOGqBBKmx3EwWJqZ0cMrFF54yM49.png\",\"width\":186,\"height\":112,\"caption\":\"Guin\u00e9e Diversit\u00e9\"},\"image\":{\"@id\":\"https:\/\/guineediversite.com\/#\/schema\/logo\/image\/\"},\"sameAs\":[\"https:\/\/www.facebook.com\/guineediversite\/\",\"https:\/\/x.com\/GuineeDiversite\",\"https:\/\/www.youtube.com\/channel\/UC8sUY16qelG5ge6_D5SB83g\"]},{\"@type\":\"Person\",\"@id\":\"https:\/\/guineediversite.com\/#\/schema\/person\/afa08fb34e7fc6e1feafc892612bc836\",\"name\":\"Guin\u00e9e Diversit\u00e9\",\"image\":{\"@type\":\"ImageObject\",\"inLanguage\":\"fr-FR\",\"@id\":\"https:\/\/guineediversite.com\/#\/schema\/person\/image\/\",\"url\":\"https:\/\/secure.gravatar.com\/avatar\/50d5eb5b390f8b65ac30ac6f898eb83a?s=96&d=mm&r=g\",\"contentUrl\":\"https:\/\/secure.gravatar.com\/avatar\/50d5eb5b390f8b65ac30ac6f898eb83a?s=96&d=mm&r=g\",\"caption\":\"Guin\u00e9e Diversit\u00e9\"},\"url\":\"https:\/\/guineediversite.com\/index.php\/author\/guineediversite\/\"}]}<\/script>\n<!-- \/ Yoast SEO plugin. -->","yoast_head_json":{"title":"Gaz toxique sur les manifestants :\u00a0\u00abCe sont des all\u00e9gations\u00bb d\u00e9clare le porte-parole de la police | Guin\u00e9e Diversit\u00e9","robots":{"index":"index","follow":"follow","max-snippet":"max-snippet:-1","max-image-preview":"max-image-preview:large","max-video-preview":"max-video-preview:-1"},"canonical":"https:\/\/guineediversite.com\/index.php\/2018\/12\/17\/gaz-toxique-sur-les-manifestants-ce-sont-des-allegations-declare-le-porte-parole-de-la-police\/","og_locale":"fr_FR","og_type":"article","og_title":"Gaz toxique sur les manifestants :\u00a0\u00abCe sont des all\u00e9gations\u00bb d\u00e9clare le porte-parole de la police | Guin\u00e9e Diversit\u00e9","og_description":"L\u2019opposition R\u00e9publicaine dit craindre pour la sant\u00e9 de ces militants \u00e0 cause des gaz lacrymog\u00e8nes utilis\u00e9s par les forces de l\u2019ordre et inhal\u00e9s par les marcheurs lors de la derni\u00e8re manifestation le jeudi 13 d\u00e9cembre.\u00a0 Cellou\u00a0Dalein\u00a0Diallo\u00a0et ses pairs d\u00e9noncent l&rsquo;utilisation par la police guin\u00e9enne de gaz lacrymog\u00e8ne p\u00e9rim\u00e9s \u00e0 usage formellement interdit car extr\u00eamement dangereux [&hellip;]","og_url":"https:\/\/guineediversite.com\/index.php\/2018\/12\/17\/gaz-toxique-sur-les-manifestants-ce-sont-des-allegations-declare-le-porte-parole-de-la-police\/","og_site_name":"Guin\u00e9e Diversit\u00e9","article_publisher":"https:\/\/www.facebook.com\/guineediversite\/","article_published_time":"2018-12-17T16:37:01+00:00","og_image":[{"width":1024,"height":700,"url":"https:\/\/guineediversite.com\/wp-content\/uploads\/2018\/12\/48389997_2297512200482069_2930187286748332032_n.jpg","type":"image\/jpeg"}],"author":"Guin\u00e9e Diversit\u00e9","twitter_card":"summary_large_image","twitter_creator":"@GuineeDiversite","twitter_site":"@GuineeDiversite","twitter_misc":{"\u00c9crit par":"Guin\u00e9e Diversit\u00e9","Dur\u00e9e de lecture estim\u00e9e":"2 minutes"},"schema":{"@context":"https:\/\/schema.org","@graph":[{"@type":"Article","@id":"https:\/\/guineediversite.com\/index.php\/2018\/12\/17\/gaz-toxique-sur-les-manifestants-ce-sont-des-allegations-declare-le-porte-parole-de-la-police\/#article","isPartOf":{"@id":"https:\/\/guineediversite.com\/index.php\/2018\/12\/17\/gaz-toxique-sur-les-manifestants-ce-sont-des-allegations-declare-le-porte-parole-de-la-police\/"},"author":{"name":"Guin\u00e9e Diversit\u00e9","@id":"https:\/\/guineediversite.com\/#\/schema\/person\/afa08fb34e7fc6e1feafc892612bc836"},"headline":"Gaz toxique sur les manifestants :\u00a0\u00abCe sont des all\u00e9gations\u00bb d\u00e9clare le porte-parole de la police","datePublished":"2018-12-17T16:37:01+00:00","dateModified":"2018-12-17T16:37:01+00:00","mainEntityOfPage":{"@id":"https:\/\/guineediversite.com\/index.php\/2018\/12\/17\/gaz-toxique-sur-les-manifestants-ce-sont-des-allegations-declare-le-porte-parole-de-la-police\/"},"wordCount":362,"publisher":{"@id":"https:\/\/guineediversite.com\/#organization"},"image":{"@id":"https:\/\/guineediversite.com\/index.php\/2018\/12\/17\/gaz-toxique-sur-les-manifestants-ce-sont-des-allegations-declare-le-porte-parole-de-la-police\/#primaryimage"},"thumbnailUrl":"https:\/\/guineediversite.com\/wp-content\/uploads\/2018\/12\/48389997_2297512200482069_2930187286748332032_n.jpg","articleSection":["Politique"],"inLanguage":"fr-FR"},{"@type":"WebPage","@id":"https:\/\/guineediversite.com\/index.php\/2018\/12\/17\/gaz-toxique-sur-les-manifestants-ce-sont-des-allegations-declare-le-porte-parole-de-la-police\/","url":"https:\/\/guineediversite.com\/index.php\/2018\/12\/17\/gaz-toxique-sur-les-manifestants-ce-sont-des-allegations-declare-le-porte-parole-de-la-police\/","name":"Gaz toxique sur les manifestants :\u00a0\u00abCe sont des all\u00e9gations\u00bb d\u00e9clare le porte-parole de la police | Guin\u00e9e Diversit\u00e9","isPartOf":{"@id":"https:\/\/guineediversite.com\/#website"},"primaryImageOfPage":{"@id":"https:\/\/guineediversite.com\/index.php\/2018\/12\/17\/gaz-toxique-sur-les-manifestants-ce-sont-des-allegations-declare-le-porte-parole-de-la-police\/#primaryimage"},"image":{"@id":"https:\/\/guineediversite.com\/index.php\/2018\/12\/17\/gaz-toxique-sur-les-manifestants-ce-sont-des-allegations-declare-le-porte-parole-de-la-police\/#primaryimage"},"thumbnailUrl":"https:\/\/guineediversite.com\/wp-content\/uploads\/2018\/12\/48389997_2297512200482069_2930187286748332032_n.jpg","datePublished":"2018-12-17T16:37:01+00:00","dateModified":"2018-12-17T16:37:01+00:00","breadcrumb":{"@id":"https:\/\/guineediversite.com\/index.php\/2018\/12\/17\/gaz-toxique-sur-les-manifestants-ce-sont-des-allegations-declare-le-porte-parole-de-la-police\/#breadcrumb"},"inLanguage":"fr-FR","potentialAction":[{"@type":"ReadAction","target":["https:\/\/guineediversite.com\/index.php\/2018\/12\/17\/gaz-toxique-sur-les-manifestants-ce-sont-des-allegations-declare-le-porte-parole-de-la-police\/"]}]},{"@type":"ImageObject","inLanguage":"fr-FR","@id":"https:\/\/guineediversite.com\/index.php\/2018\/12\/17\/gaz-toxique-sur-les-manifestants-ce-sont-des-allegations-declare-le-porte-parole-de-la-police\/#primaryimage","url":"https:\/\/guineediversite.com\/wp-content\/uploads\/2018\/12\/48389997_2297512200482069_2930187286748332032_n.jpg","contentUrl":"https:\/\/guineediversite.com\/wp-content\/uploads\/2018\/12\/48389997_2297512200482069_2930187286748332032_n.jpg","width":1024,"height":700},{"@type":"BreadcrumbList","@id":"https:\/\/guineediversite.com\/index.php\/2018\/12\/17\/gaz-toxique-sur-les-manifestants-ce-sont-des-allegations-declare-le-porte-parole-de-la-police\/#breadcrumb","itemListElement":[{"@type":"ListItem","position":1,"name":"Accueil","item":"https:\/\/guineediversite.com\/"},{"@type":"ListItem","position":2,"name":"Gaz toxique sur les manifestants :\u00a0\u00abCe sont des all\u00e9gations\u00bb d\u00e9clare le porte-parole de la police"}]},{"@type":"WebSite","@id":"https:\/\/guineediversite.com\/#website","url":"https:\/\/guineediversite.com\/","name":"Guin\u00e9e Diversit\u00e9","description":"L&#039;Info dans toute sa diversit\u00e9","publisher":{"@id":"https:\/\/guineediversite.com\/#organization"},"potentialAction":[{"@type":"SearchAction","target":{"@type":"EntryPoint","urlTemplate":"https:\/\/guineediversite.com\/?s={search_term_string}"},"query-input":{"@type":"PropertyValueSpecification","valueRequired":true,"valueName":"search_term_string"}}],"inLanguage":"fr-FR"},{"@type":"Organization","@id":"https:\/\/guineediversite.com\/#organization","name":"Guin\u00e9e Diversit\u00e9","url":"https:\/\/guineediversite.com\/","logo":{"@type":"ImageObject","inLanguage":"fr-FR","@id":"https:\/\/guineediversite.com\/#\/schema\/logo\/image\/","url":"https:\/\/guineediversite.com\/wp-content\/uploads\/2017\/04\/cropped-1jojlxEOMkX9Wyqfhe43D6kjPOGqBBKmx3EwWJqZ0cMrFF54yM49.png","contentUrl":"https:\/\/guineediversite.com\/wp-content\/uploads\/2017\/04\/cropped-1jojlxEOMkX9Wyqfhe43D6kjPOGqBBKmx3EwWJqZ0cMrFF54yM49.png","width":186,"height":112,"caption":"Guin\u00e9e Diversit\u00e9"},"image":{"@id":"https:\/\/guineediversite.com\/#\/schema\/logo\/image\/"},"sameAs":["https:\/\/www.facebook.com\/guineediversite\/","https:\/\/x.com\/GuineeDiversite","https:\/\/www.youtube.com\/channel\/UC8sUY16qelG5ge6_D5SB83g"]},{"@type":"Person","@id":"https:\/\/guineediversite.com\/#\/schema\/person\/afa08fb34e7fc6e1feafc892612bc836","name":"Guin\u00e9e Diversit\u00e9","image":{"@type":"ImageObject","inLanguage":"fr-FR","@id":"https:\/\/guineediversite.com\/#\/schema\/person\/image\/","url":"https:\/\/secure.gravatar.com\/avatar\/50d5eb5b390f8b65ac30ac6f898eb83a?s=96&d=mm&r=g","contentUrl":"https:\/\/secure.gravatar.com\/avatar\/50d5eb5b390f8b65ac30ac6f898eb83a?s=96&d=mm&r=g","caption":"Guin\u00e9e Diversit\u00e9"},"url":"https:\/\/guineediversite.com\/index.php\/author\/guineediversite\/"}]}},"_links":{"self":[{"href":"https:\/\/guineediversite.com\/index.php\/wp-json\/wp\/v2\/posts\/27589"}],"collection":[{"href":"https:\/\/guineediversite.com\/index.php\/wp-json\/wp\/v2\/posts"}],"about":[{"href":"https:\/\/guineediversite.com\/index.php\/wp-json\/wp\/v2\/types\/post"}],"author":[{"embeddable":true,"href":"https:\/\/guineediversite.com\/index.php\/wp-json\/wp\/v2\/users\/12"}],"replies":[{"embeddable":true,"href":"https:\/\/guineediversite.com\/index.php\/wp-json\/wp\/v2\/comments?post=27589"}],"version-history":[{"count":0,"href":"https:\/\/guineediversite.com\/index.php\/wp-json\/wp\/v2\/posts\/27589\/revisions"}],"wp:featuredmedia":[{"embeddable":true,"href":"https:\/\/guineediversite.com\/index.php\/wp-json\/wp\/v2\/media\/27593"}],"wp:attachment":[{"href":"https:\/\/guineediversite.com\/index.php\/wp-json\/wp\/v2\/media?parent=27589"}],"wp:term":[{"taxonomy":"category","embeddable":true,"href":"https:\/\/guineediversite.com\/index.php\/wp-json\/wp\/v2\/categories?post=27589"},{"taxonomy":"post_tag","embeddable":true,"href":"https:\/\/guineediversite.com\/index.php\/wp-json\/wp\/v2\/tags?post=27589"}],"curies":[{"name":"wp","href":"https:\/\/api.w.org\/{rel}","templated":true}]}}