{"id":27587,"date":"2018-12-17T13:34:20","date_gmt":"2018-12-17T12:34:20","guid":{"rendered":"https:\/\/guineediversite.com\/?p=27587"},"modified":"2018-12-18T16:01:11","modified_gmt":"2018-12-18T15:01:11","slug":"mairie-de-matoto-il-ny-a-pas-de-reprise-du-vote-dixit-kalemoudou-yansane","status":"publish","type":"post","link":"https:\/\/guineediversite.com\/index.php\/2018\/12\/17\/mairie-de-matoto-il-ny-a-pas-de-reprise-du-vote-dixit-kalemoudou-yansane\/","title":{"rendered":"Mairie de Matoto: \u00abIl n\u2019y a pas de reprise du vote\u2026\u00bb dixit Kalemoudou Yansan\u00e9"},"content":{"rendered":"<p>Apr\u00e8s le vote qui a eu lieu dans la commune de Matoto et qui a emmaill\u00e9 de troubles samedi dernier, le ministre Bourema Cond\u00e9 a annonc\u00e9 l\u2019annulation de ce vote. R\u00e9agissant chez nos confr\u00e8res d\u2019Espace ce lundi, le candidat de l\u2019UFDG qui se r\u00e9clame maire de Matoto indique qu\u2019il n\u2019y a pas de reprise du vote \u00ab\u00a0<em>il n\u2019y a pas de reprise du vote, plut\u00f4t on continue. Je vois que M. Bourema Cond\u00e9 n\u2019a pas eu le compte rendu Fidel. Il n\u2019a pas la qualit\u00e9 de prendre une d\u00e9cision ou de l\u2019interrompre<\/em>\u00bb mart\u00e8le-t-il.<\/p>\n<p>Selon M. Yansan\u00e9, le ministre de l\u2019administration du territoire est poursuivable devant la justice\u00ab s\u2019il y\u2019avait la Haute Cour de Justice, on pouvait poursuivre M. Bourema Cond\u00e9 pour cette d\u00e9cision. Le vote s\u2019est pass\u00e9 dans des conditions r\u00e9guli\u00e8res\u00bb indique-t-il.<\/p>\n<p>Par rapport \u00e0 la personne qui a d\u00e9chir\u00e9 les bulletins, le candidat de l\u2019UFDG pr\u00e9cise que c\u2019est un militant du parti au pouvoir \u00ab\u00a0<em>Moussa Ke\u00efta est un militant du RPG et il \u00e9tait au pr\u00e9sidium. Mon souhait est de rassembler les 45 conseillers pour que la commune de Matoto soit une r\u00e9f\u00e9rence<\/em>\u00bb notifie-t-il.<\/p>\n<p>Il faut noter que Notre r\u00e9daction a voulu avoir la version du candidat du RPG Mamadouba Tos Camara, Cependant il n\u2019a pas d\u00e9croch\u00e9 \u00e0 l\u2019appel.<\/p>\n<p>KALENEWS<\/p>\n","protected":false},"excerpt":{"rendered":"<p>Apr\u00e8s le vote qui a eu lieu dans la commune de Matoto et qui a emmaill\u00e9 de troubles samedi dernier, le ministre Bourema Cond\u00e9 a annonc\u00e9 l\u2019annulation de ce vote. R\u00e9agissant chez nos confr\u00e8res d\u2019Espace ce lundi, le candidat de l\u2019UFDG qui se r\u00e9clame maire de Matoto indique qu\u2019il n\u2019y a pas de reprise du [&hellip;]<\/p>\n","protected":false},"author":12,"featured_media":27613,"comment_status":"closed","ping_status":"closed","sticky":false,"template":"","format":"standard","meta":{"_exactmetrics_skip_tracking":false,"_exactmetrics_sitenote_active":false,"_exactmetrics_sitenote_note":"","_exactmetrics_sitenote_category":0,"tdm_status":"","tdm_grid_status":"","footnotes":""},"categories":[14],"tags":[],"class_list":{"0":"post-27587","1":"post","2":"type-post","3":"status-publish","4":"format-standard","5":"has-post-thumbnail","7":"category-politique"},"yoast_head":"<!-- This site is optimized with the Yoast SEO plugin v24.2 - https:\/\/yoast.com\/wordpress\/plugins\/seo\/ -->\n<title>Mairie de Matoto: \u00abIl n\u2019y a pas de reprise du vote\u2026\u00bb dixit Kalemoudou Yansan\u00e9 | Guin\u00e9e Diversit\u00e9<\/title>\n<meta name=\"robots\" content=\"index, follow, max-snippet:-1, max-image-preview:large, max-video-preview:-1\" \/>\n<link rel=\"canonical\" href=\"https:\/\/guineediversite.com\/index.php\/2018\/12\/17\/mairie-de-matoto-il-ny-a-pas-de-reprise-du-vote-dixit-kalemoudou-yansane\/\" \/>\n<meta property=\"og:locale\" content=\"fr_FR\" \/>\n<meta property=\"og:type\" content=\"article\" \/>\n<meta property=\"og:title\" content=\"Mairie de Matoto: \u00abIl n\u2019y a pas de reprise du vote\u2026\u00bb dixit Kalemoudou Yansan\u00e9 | Guin\u00e9e Diversit\u00e9\" \/>\n<meta property=\"og:description\" content=\"Apr\u00e8s le vote qui a eu lieu dans la commune de Matoto et qui a emmaill\u00e9 de troubles samedi dernier, le ministre Bourema Cond\u00e9 a annonc\u00e9 l\u2019annulation de ce vote. R\u00e9agissant chez nos confr\u00e8res d\u2019Espace ce lundi, le candidat de l\u2019UFDG qui se r\u00e9clame maire de Matoto indique qu\u2019il n\u2019y a pas de reprise du [&hellip;]\" \/>\n<meta property=\"og:url\" content=\"https:\/\/guineediversite.com\/index.php\/2018\/12\/17\/mairie-de-matoto-il-ny-a-pas-de-reprise-du-vote-dixit-kalemoudou-yansane\/\" \/>\n<meta property=\"og:site_name\" content=\"Guin\u00e9e Diversit\u00e9\" \/>\n<meta property=\"article:publisher\" content=\"https:\/\/www.facebook.com\/guineediversite\/\" \/>\n<meta property=\"article:published_time\" content=\"2018-12-17T12:34:20+00:00\" \/>\n<meta property=\"article:modified_time\" content=\"2018-12-18T15:01:11+00:00\" \/>\n<meta property=\"og:image\" content=\"https:\/\/guineediversite.com\/wp-content\/uploads\/2018\/12\/t\u00e9l\u00e9chargement-1.jpg\" \/>\n\t<meta property=\"og:image:width\" content=\"1024\" \/>\n\t<meta property=\"og:image:height\" content=\"705\" \/>\n\t<meta property=\"og:image:type\" content=\"image\/jpeg\" \/>\n<meta name=\"author\" content=\"Guin\u00e9e Diversit\u00e9\" \/>\n<meta name=\"twitter:card\" content=\"summary_large_image\" \/>\n<meta name=\"twitter:creator\" content=\"@GuineeDiversite\" \/>\n<meta name=\"twitter:site\" content=\"@GuineeDiversite\" \/>\n<meta name=\"twitter:label1\" content=\"\u00c9crit par\" \/>\n\t<meta name=\"twitter:data1\" content=\"Guin\u00e9e Diversit\u00e9\" \/>\n\t<meta name=\"twitter:label2\" content=\"Dur\u00e9e de lecture estim\u00e9e\" \/>\n\t<meta name=\"twitter:data2\" content=\"1 minute\" \/>\n<script type=\"application\/ld+json\" class=\"yoast-schema-graph\">{\"@context\":\"https:\/\/schema.org\",\"@graph\":[{\"@type\":\"Article\",\"@id\":\"https:\/\/guineediversite.com\/index.php\/2018\/12\/17\/mairie-de-matoto-il-ny-a-pas-de-reprise-du-vote-dixit-kalemoudou-yansane\/#article\",\"isPartOf\":{\"@id\":\"https:\/\/guineediversite.com\/index.php\/2018\/12\/17\/mairie-de-matoto-il-ny-a-pas-de-reprise-du-vote-dixit-kalemoudou-yansane\/\"},\"author\":{\"name\":\"Guin\u00e9e Diversit\u00e9\",\"@id\":\"https:\/\/guineediversite.com\/#\/schema\/person\/afa08fb34e7fc6e1feafc892612bc836\"},\"headline\":\"Mairie de Matoto: \u00abIl n\u2019y a pas de reprise du vote\u2026\u00bb dixit Kalemoudou Yansan\u00e9\",\"datePublished\":\"2018-12-17T12:34:20+00:00\",\"dateModified\":\"2018-12-18T15:01:11+00:00\",\"mainEntityOfPage\":{\"@id\":\"https:\/\/guineediversite.com\/index.php\/2018\/12\/17\/mairie-de-matoto-il-ny-a-pas-de-reprise-du-vote-dixit-kalemoudou-yansane\/\"},\"wordCount\":258,\"publisher\":{\"@id\":\"https:\/\/guineediversite.com\/#organization\"},\"image\":{\"@id\":\"https:\/\/guineediversite.com\/index.php\/2018\/12\/17\/mairie-de-matoto-il-ny-a-pas-de-reprise-du-vote-dixit-kalemoudou-yansane\/#primaryimage\"},\"thumbnailUrl\":\"https:\/\/guineediversite.com\/wp-content\/uploads\/2018\/12\/t\u00e9l\u00e9chargement-1.jpg\",\"articleSection\":[\"Politique\"],\"inLanguage\":\"fr-FR\"},{\"@type\":\"WebPage\",\"@id\":\"https:\/\/guineediversite.com\/index.php\/2018\/12\/17\/mairie-de-matoto-il-ny-a-pas-de-reprise-du-vote-dixit-kalemoudou-yansane\/\",\"url\":\"https:\/\/guineediversite.com\/index.php\/2018\/12\/17\/mairie-de-matoto-il-ny-a-pas-de-reprise-du-vote-dixit-kalemoudou-yansane\/\",\"name\":\"Mairie de Matoto: \u00abIl n\u2019y a pas de reprise du vote\u2026\u00bb dixit Kalemoudou Yansan\u00e9 | Guin\u00e9e Diversit\u00e9\",\"isPartOf\":{\"@id\":\"https:\/\/guineediversite.com\/#website\"},\"primaryImageOfPage\":{\"@id\":\"https:\/\/guineediversite.com\/index.php\/2018\/12\/17\/mairie-de-matoto-il-ny-a-pas-de-reprise-du-vote-dixit-kalemoudou-yansane\/#primaryimage\"},\"image\":{\"@id\":\"https:\/\/guineediversite.com\/index.php\/2018\/12\/17\/mairie-de-matoto-il-ny-a-pas-de-reprise-du-vote-dixit-kalemoudou-yansane\/#primaryimage\"},\"thumbnailUrl\":\"https:\/\/guineediversite.com\/wp-content\/uploads\/2018\/12\/t\u00e9l\u00e9chargement-1.jpg\",\"datePublished\":\"2018-12-17T12:34:20+00:00\",\"dateModified\":\"2018-12-18T15:01:11+00:00\",\"breadcrumb\":{\"@id\":\"https:\/\/guineediversite.com\/index.php\/2018\/12\/17\/mairie-de-matoto-il-ny-a-pas-de-reprise-du-vote-dixit-kalemoudou-yansane\/#breadcrumb\"},\"inLanguage\":\"fr-FR\",\"potentialAction\":[{\"@type\":\"ReadAction\",\"target\":[\"https:\/\/guineediversite.com\/index.php\/2018\/12\/17\/mairie-de-matoto-il-ny-a-pas-de-reprise-du-vote-dixit-kalemoudou-yansane\/\"]}]},{\"@type\":\"ImageObject\",\"inLanguage\":\"fr-FR\",\"@id\":\"https:\/\/guineediversite.com\/index.php\/2018\/12\/17\/mairie-de-matoto-il-ny-a-pas-de-reprise-du-vote-dixit-kalemoudou-yansane\/#primaryimage\",\"url\":\"https:\/\/guineediversite.com\/wp-content\/uploads\/2018\/12\/t\u00e9l\u00e9chargement-1.jpg\",\"contentUrl\":\"https:\/\/guineediversite.com\/wp-content\/uploads\/2018\/12\/t\u00e9l\u00e9chargement-1.jpg\",\"width\":1024,\"height\":705},{\"@type\":\"BreadcrumbList\",\"@id\":\"https:\/\/guineediversite.com\/index.php\/2018\/12\/17\/mairie-de-matoto-il-ny-a-pas-de-reprise-du-vote-dixit-kalemoudou-yansane\/#breadcrumb\",\"itemListElement\":[{\"@type\":\"ListItem\",\"position\":1,\"name\":\"Accueil\",\"item\":\"https:\/\/guineediversite.com\/\"},{\"@type\":\"ListItem\",\"position\":2,\"name\":\"Mairie de Matoto: \u00abIl n\u2019y a pas de reprise du vote\u2026\u00bb dixit Kalemoudou Yansan\u00e9\"}]},{\"@type\":\"WebSite\",\"@id\":\"https:\/\/guineediversite.com\/#website\",\"url\":\"https:\/\/guineediversite.com\/\",\"name\":\"Guin\u00e9e Diversit\u00e9\",\"description\":\"L&#039;Info dans toute sa diversit\u00e9\",\"publisher\":{\"@id\":\"https:\/\/guineediversite.com\/#organization\"},\"potentialAction\":[{\"@type\":\"SearchAction\",\"target\":{\"@type\":\"EntryPoint\",\"urlTemplate\":\"https:\/\/guineediversite.com\/?s={search_term_string}\"},\"query-input\":{\"@type\":\"PropertyValueSpecification\",\"valueRequired\":true,\"valueName\":\"search_term_string\"}}],\"inLanguage\":\"fr-FR\"},{\"@type\":\"Organization\",\"@id\":\"https:\/\/guineediversite.com\/#organization\",\"name\":\"Guin\u00e9e Diversit\u00e9\",\"url\":\"https:\/\/guineediversite.com\/\",\"logo\":{\"@type\":\"ImageObject\",\"inLanguage\":\"fr-FR\",\"@id\":\"https:\/\/guineediversite.com\/#\/schema\/logo\/image\/\",\"url\":\"https:\/\/guineediversite.com\/wp-content\/uploads\/2017\/04\/cropped-1jojlxEOMkX9Wyqfhe43D6kjPOGqBBKmx3EwWJqZ0cMrFF54yM49.png\",\"contentUrl\":\"https:\/\/guineediversite.com\/wp-content\/uploads\/2017\/04\/cropped-1jojlxEOMkX9Wyqfhe43D6kjPOGqBBKmx3EwWJqZ0cMrFF54yM49.png\",\"width\":186,\"height\":112,\"caption\":\"Guin\u00e9e Diversit\u00e9\"},\"image\":{\"@id\":\"https:\/\/guineediversite.com\/#\/schema\/logo\/image\/\"},\"sameAs\":[\"https:\/\/www.facebook.com\/guineediversite\/\",\"https:\/\/x.com\/GuineeDiversite\",\"https:\/\/www.youtube.com\/channel\/UC8sUY16qelG5ge6_D5SB83g\"]},{\"@type\":\"Person\",\"@id\":\"https:\/\/guineediversite.com\/#\/schema\/person\/afa08fb34e7fc6e1feafc892612bc836\",\"name\":\"Guin\u00e9e Diversit\u00e9\",\"image\":{\"@type\":\"ImageObject\",\"inLanguage\":\"fr-FR\",\"@id\":\"https:\/\/guineediversite.com\/#\/schema\/person\/image\/\",\"url\":\"https:\/\/secure.gravatar.com\/avatar\/50d5eb5b390f8b65ac30ac6f898eb83a?s=96&d=mm&r=g\",\"contentUrl\":\"https:\/\/secure.gravatar.com\/avatar\/50d5eb5b390f8b65ac30ac6f898eb83a?s=96&d=mm&r=g\",\"caption\":\"Guin\u00e9e Diversit\u00e9\"},\"url\":\"https:\/\/guineediversite.com\/index.php\/author\/guineediversite\/\"}]}<\/script>\n<!-- \/ Yoast SEO plugin. -->","yoast_head_json":{"title":"Mairie de Matoto: \u00abIl n\u2019y a pas de reprise du vote\u2026\u00bb dixit Kalemoudou Yansan\u00e9 | Guin\u00e9e Diversit\u00e9","robots":{"index":"index","follow":"follow","max-snippet":"max-snippet:-1","max-image-preview":"max-image-preview:large","max-video-preview":"max-video-preview:-1"},"canonical":"https:\/\/guineediversite.com\/index.php\/2018\/12\/17\/mairie-de-matoto-il-ny-a-pas-de-reprise-du-vote-dixit-kalemoudou-yansane\/","og_locale":"fr_FR","og_type":"article","og_title":"Mairie de Matoto: \u00abIl n\u2019y a pas de reprise du vote\u2026\u00bb dixit Kalemoudou Yansan\u00e9 | Guin\u00e9e Diversit\u00e9","og_description":"Apr\u00e8s le vote qui a eu lieu dans la commune de Matoto et qui a emmaill\u00e9 de troubles samedi dernier, le ministre Bourema Cond\u00e9 a annonc\u00e9 l\u2019annulation de ce vote. R\u00e9agissant chez nos confr\u00e8res d\u2019Espace ce lundi, le candidat de l\u2019UFDG qui se r\u00e9clame maire de Matoto indique qu\u2019il n\u2019y a pas de reprise du [&hellip;]","og_url":"https:\/\/guineediversite.com\/index.php\/2018\/12\/17\/mairie-de-matoto-il-ny-a-pas-de-reprise-du-vote-dixit-kalemoudou-yansane\/","og_site_name":"Guin\u00e9e Diversit\u00e9","article_publisher":"https:\/\/www.facebook.com\/guineediversite\/","article_published_time":"2018-12-17T12:34:20+00:00","article_modified_time":"2018-12-18T15:01:11+00:00","og_image":[{"width":1024,"height":705,"url":"https:\/\/guineediversite.com\/wp-content\/uploads\/2018\/12\/t\u00e9l\u00e9chargement-1.jpg","type":"image\/jpeg"}],"author":"Guin\u00e9e Diversit\u00e9","twitter_card":"summary_large_image","twitter_creator":"@GuineeDiversite","twitter_site":"@GuineeDiversite","twitter_misc":{"\u00c9crit par":"Guin\u00e9e Diversit\u00e9","Dur\u00e9e de lecture estim\u00e9e":"1 minute"},"schema":{"@context":"https:\/\/schema.org","@graph":[{"@type":"Article","@id":"https:\/\/guineediversite.com\/index.php\/2018\/12\/17\/mairie-de-matoto-il-ny-a-pas-de-reprise-du-vote-dixit-kalemoudou-yansane\/#article","isPartOf":{"@id":"https:\/\/guineediversite.com\/index.php\/2018\/12\/17\/mairie-de-matoto-il-ny-a-pas-de-reprise-du-vote-dixit-kalemoudou-yansane\/"},"author":{"name":"Guin\u00e9e Diversit\u00e9","@id":"https:\/\/guineediversite.com\/#\/schema\/person\/afa08fb34e7fc6e1feafc892612bc836"},"headline":"Mairie de Matoto: \u00abIl n\u2019y a pas de reprise du vote\u2026\u00bb dixit Kalemoudou Yansan\u00e9","datePublished":"2018-12-17T12:34:20+00:00","dateModified":"2018-12-18T15:01:11+00:00","mainEntityOfPage":{"@id":"https:\/\/guineediversite.com\/index.php\/2018\/12\/17\/mairie-de-matoto-il-ny-a-pas-de-reprise-du-vote-dixit-kalemoudou-yansane\/"},"wordCount":258,"publisher":{"@id":"https:\/\/guineediversite.com\/#organization"},"image":{"@id":"https:\/\/guineediversite.com\/index.php\/2018\/12\/17\/mairie-de-matoto-il-ny-a-pas-de-reprise-du-vote-dixit-kalemoudou-yansane\/#primaryimage"},"thumbnailUrl":"https:\/\/guineediversite.com\/wp-content\/uploads\/2018\/12\/t\u00e9l\u00e9chargement-1.jpg","articleSection":["Politique"],"inLanguage":"fr-FR"},{"@type":"WebPage","@id":"https:\/\/guineediversite.com\/index.php\/2018\/12\/17\/mairie-de-matoto-il-ny-a-pas-de-reprise-du-vote-dixit-kalemoudou-yansane\/","url":"https:\/\/guineediversite.com\/index.php\/2018\/12\/17\/mairie-de-matoto-il-ny-a-pas-de-reprise-du-vote-dixit-kalemoudou-yansane\/","name":"Mairie de Matoto: \u00abIl n\u2019y a pas de reprise du vote\u2026\u00bb dixit Kalemoudou Yansan\u00e9 | Guin\u00e9e Diversit\u00e9","isPartOf":{"@id":"https:\/\/guineediversite.com\/#website"},"primaryImageOfPage":{"@id":"https:\/\/guineediversite.com\/index.php\/2018\/12\/17\/mairie-de-matoto-il-ny-a-pas-de-reprise-du-vote-dixit-kalemoudou-yansane\/#primaryimage"},"image":{"@id":"https:\/\/guineediversite.com\/index.php\/2018\/12\/17\/mairie-de-matoto-il-ny-a-pas-de-reprise-du-vote-dixit-kalemoudou-yansane\/#primaryimage"},"thumbnailUrl":"https:\/\/guineediversite.com\/wp-content\/uploads\/2018\/12\/t\u00e9l\u00e9chargement-1.jpg","datePublished":"2018-12-17T12:34:20+00:00","dateModified":"2018-12-18T15:01:11+00:00","breadcrumb":{"@id":"https:\/\/guineediversite.com\/index.php\/2018\/12\/17\/mairie-de-matoto-il-ny-a-pas-de-reprise-du-vote-dixit-kalemoudou-yansane\/#breadcrumb"},"inLanguage":"fr-FR","potentialAction":[{"@type":"ReadAction","target":["https:\/\/guineediversite.com\/index.php\/2018\/12\/17\/mairie-de-matoto-il-ny-a-pas-de-reprise-du-vote-dixit-kalemoudou-yansane\/"]}]},{"@type":"ImageObject","inLanguage":"fr-FR","@id":"https:\/\/guineediversite.com\/index.php\/2018\/12\/17\/mairie-de-matoto-il-ny-a-pas-de-reprise-du-vote-dixit-kalemoudou-yansane\/#primaryimage","url":"https:\/\/guineediversite.com\/wp-content\/uploads\/2018\/12\/t\u00e9l\u00e9chargement-1.jpg","contentUrl":"https:\/\/guineediversite.com\/wp-content\/uploads\/2018\/12\/t\u00e9l\u00e9chargement-1.jpg","width":1024,"height":705},{"@type":"BreadcrumbList","@id":"https:\/\/guineediversite.com\/index.php\/2018\/12\/17\/mairie-de-matoto-il-ny-a-pas-de-reprise-du-vote-dixit-kalemoudou-yansane\/#breadcrumb","itemListElement":[{"@type":"ListItem","position":1,"name":"Accueil","item":"https:\/\/guineediversite.com\/"},{"@type":"ListItem","position":2,"name":"Mairie de Matoto: \u00abIl n\u2019y a pas de reprise du vote\u2026\u00bb dixit Kalemoudou Yansan\u00e9"}]},{"@type":"WebSite","@id":"https:\/\/guineediversite.com\/#website","url":"https:\/\/guineediversite.com\/","name":"Guin\u00e9e Diversit\u00e9","description":"L&#039;Info dans toute sa diversit\u00e9","publisher":{"@id":"https:\/\/guineediversite.com\/#organization"},"potentialAction":[{"@type":"SearchAction","target":{"@type":"EntryPoint","urlTemplate":"https:\/\/guineediversite.com\/?s={search_term_string}"},"query-input":{"@type":"PropertyValueSpecification","valueRequired":true,"valueName":"search_term_string"}}],"inLanguage":"fr-FR"},{"@type":"Organization","@id":"https:\/\/guineediversite.com\/#organization","name":"Guin\u00e9e Diversit\u00e9","url":"https:\/\/guineediversite.com\/","logo":{"@type":"ImageObject","inLanguage":"fr-FR","@id":"https:\/\/guineediversite.com\/#\/schema\/logo\/image\/","url":"https:\/\/guineediversite.com\/wp-content\/uploads\/2017\/04\/cropped-1jojlxEOMkX9Wyqfhe43D6kjPOGqBBKmx3EwWJqZ0cMrFF54yM49.png","contentUrl":"https:\/\/guineediversite.com\/wp-content\/uploads\/2017\/04\/cropped-1jojlxEOMkX9Wyqfhe43D6kjPOGqBBKmx3EwWJqZ0cMrFF54yM49.png","width":186,"height":112,"caption":"Guin\u00e9e Diversit\u00e9"},"image":{"@id":"https:\/\/guineediversite.com\/#\/schema\/logo\/image\/"},"sameAs":["https:\/\/www.facebook.com\/guineediversite\/","https:\/\/x.com\/GuineeDiversite","https:\/\/www.youtube.com\/channel\/UC8sUY16qelG5ge6_D5SB83g"]},{"@type":"Person","@id":"https:\/\/guineediversite.com\/#\/schema\/person\/afa08fb34e7fc6e1feafc892612bc836","name":"Guin\u00e9e Diversit\u00e9","image":{"@type":"ImageObject","inLanguage":"fr-FR","@id":"https:\/\/guineediversite.com\/#\/schema\/person\/image\/","url":"https:\/\/secure.gravatar.com\/avatar\/50d5eb5b390f8b65ac30ac6f898eb83a?s=96&d=mm&r=g","contentUrl":"https:\/\/secure.gravatar.com\/avatar\/50d5eb5b390f8b65ac30ac6f898eb83a?s=96&d=mm&r=g","caption":"Guin\u00e9e Diversit\u00e9"},"url":"https:\/\/guineediversite.com\/index.php\/author\/guineediversite\/"}]}},"_links":{"self":[{"href":"https:\/\/guineediversite.com\/index.php\/wp-json\/wp\/v2\/posts\/27587"}],"collection":[{"href":"https:\/\/guineediversite.com\/index.php\/wp-json\/wp\/v2\/posts"}],"about":[{"href":"https:\/\/guineediversite.com\/index.php\/wp-json\/wp\/v2\/types\/post"}],"author":[{"embeddable":true,"href":"https:\/\/guineediversite.com\/index.php\/wp-json\/wp\/v2\/users\/12"}],"replies":[{"embeddable":true,"href":"https:\/\/guineediversite.com\/index.php\/wp-json\/wp\/v2\/comments?post=27587"}],"version-history":[{"count":0,"href":"https:\/\/guineediversite.com\/index.php\/wp-json\/wp\/v2\/posts\/27587\/revisions"}],"wp:featuredmedia":[{"embeddable":true,"href":"https:\/\/guineediversite.com\/index.php\/wp-json\/wp\/v2\/media\/27613"}],"wp:attachment":[{"href":"https:\/\/guineediversite.com\/index.php\/wp-json\/wp\/v2\/media?parent=27587"}],"wp:term":[{"taxonomy":"category","embeddable":true,"href":"https:\/\/guineediversite.com\/index.php\/wp-json\/wp\/v2\/categories?post=27587"},{"taxonomy":"post_tag","embeddable":true,"href":"https:\/\/guineediversite.com\/index.php\/wp-json\/wp\/v2\/tags?post=27587"}],"curies":[{"name":"wp","href":"https:\/\/api.w.org\/{rel}","templated":true}]}}